{"id":15757,"date":"2026-04-27T12:32:50","date_gmt":"2026-04-27T15:32:50","guid":{"rendered":"https:\/\/sudoesteacontece.com.br\/?p=15757"},"modified":"2026-04-27T12:32:54","modified_gmt":"2026-04-27T15:32:54","slug":"homem-de-39-anos-e-morto-a-facadas-durante-a-madrugada-em-bom-jesus-da-lapa","status":"publish","type":"post","link":"https:\/\/sudoesteacontece.com.br\/?p=15757","title":{"rendered":"Homem de 39 anos \u00e9 morto a facadas durante a madrugada em Bom Jesus da Lapa"},"content":{"rendered":"<div class=\"wp-block-image\">\n<figure class=\"aligncenter size-full\"><img fetchpriority=\"high\" decoding=\"async\" width=\"900\" height=\"600\" src=\"http:\/\/sudoesteacontece.com.br\/wp-content\/uploads\/2026\/04\/Homem-de-39-anos-e-morto-a-facadas-durante-a-madrugada-em-Bom-Jesus-da-Lapa.jpg\" alt=\"\" class=\"wp-image-15812\" srcset=\"https:\/\/sudoesteacontece.com.br\/wp-content\/uploads\/2026\/04\/Homem-de-39-anos-e-morto-a-facadas-durante-a-madrugada-em-Bom-Jesus-da-Lapa.jpg 900w, https:\/\/sudoesteacontece.com.br\/wp-content\/uploads\/2026\/04\/Homem-de-39-anos-e-morto-a-facadas-durante-a-madrugada-em-Bom-Jesus-da-Lapa-300x200.jpg 300w, https:\/\/sudoesteacontece.com.br\/wp-content\/uploads\/2026\/04\/Homem-de-39-anos-e-morto-a-facadas-durante-a-madrugada-em-Bom-Jesus-da-Lapa-768x512.jpg 768w\" sizes=\"(max-width: 900px) 100vw, 900px\" \/><\/figure>\n<\/div>\n\n\n<p>Um homem de 39 anos foi morto a facadas na madrugada desta segunda-feira (27), por volta das 2h20, em Bom Jesus da Lapa. O crime ocorreu na Rua Beira Rio II, no bairro Beira Rio. A ocorr\u00eancia mobilizou equipes da Pol\u00edcia Militar da Bahia. A v\u00edtima foi encontrada ca\u00edda no local.<\/p>\n\n\n\n<p>Segundo informa\u00e7\u00f5es iniciais, a pol\u00edcia foi acionada pelo CICOM para prestar apoio ao Servi\u00e7o de Atendimento M\u00f3vel de Urg\u00eancia. Ao chegarem, os agentes encontraram o homem ferido. A equipe m\u00e9dica realizou o atendimento. O \u00f3bito foi confirmado ainda no local da ocorr\u00eancia.<\/p>\n\n\n\n<p>A v\u00edtima foi identificada como Cristiano Leonardo Braga Vaz. Ele apresentava ferimentos provocados por arma branca. As circunst\u00e2ncias do crime ainda n\u00e3o foram esclarecidas. N\u00e3o h\u00e1 informa\u00e7\u00f5es sobre suspeitos at\u00e9 o momento. O caso segue sob investiga\u00e7\u00e3o.<\/p>\n\n\n\n<p>Ap\u00f3s a confirma\u00e7\u00e3o da morte, a \u00e1rea foi isolada pela pol\u00edcia. O Departamento de Pol\u00edcia T\u00e9cnica foi acionado para realizar a per\u00edcia. O corpo foi removido para os procedimentos legais. A Pol\u00edcia Civil deve apurar a autoria e motiva\u00e7\u00e3o do crime.<\/p>\n","protected":false},"excerpt":{"rendered":"<p>Um homem de 39 anos foi morto a facadas na madrugada desta segunda-feira (27), por volta das 2h20, em Bom Jesus da Lapa. O crime ocorreu na Rua Beira Rio II, no bairro Beira Rio. A ocorr\u00eancia mobilizou equipes da Pol\u00edcia Militar da Bahia. A v\u00edtima foi encontrada ca\u00edda no local. Segundo informa\u00e7\u00f5es iniciais, a pol\u00edcia foi acionada pelo CICOM para prestar apoio ao Servi\u00e7o de Atendimento M\u00f3vel de Urg\u00eancia. Ao chegarem, os agentes encontraram o homem ferido. A equipe m\u00e9dica realizou o atendimento. O \u00f3bito foi confirmado ainda no local da ocorr\u00eancia. A v\u00edtima foi identificada como Cristiano Leonardo Braga Vaz. Ele apresentava ferimentos provocados por arma branca. As circunst\u00e2ncias do crime ainda n\u00e3o foram esclarecidas. N\u00e3o h\u00e1 informa\u00e7\u00f5es sobre suspeitos at\u00e9 o momento. O caso segue sob investiga\u00e7\u00e3o. Ap\u00f3s a confirma\u00e7\u00e3o da morte, a \u00e1rea foi isolada pela pol\u00edcia. O Departamento de Pol\u00edcia T\u00e9cnica foi acionado para realizar a per\u00edcia. O corpo foi removido para os procedimentos legais. A Pol\u00edcia Civil deve apurar a autoria e motiva\u00e7\u00e3o do crime.<\/p>\n","protected":false},"author":2,"featured_media":0,"comment_status":"open","ping_status":"open","sticky":false,"template":"","format":"standard","meta":{"footnotes":""},"categories":[54,4,3],"tags":[],"class_list":["post-15757","post","type-post","status-publish","format-standard","hentry","category-bom-jesus-da-lapa","category-cidades","category-policia"],"yoast_head":"<!-- This site is optimized with the Yoast SEO plugin v26.5 - https:\/\/yoast.com\/wordpress\/plugins\/seo\/ -->\n<title>Homem de 39 anos \u00e9 morto a facadas durante a madrugada em Bom Jesus da Lapa - Sudoesteacontece<\/title>\n<meta name=\"robots\" content=\"index, follow, max-snippet:-1, max-image-preview:large, max-video-preview:-1\" \/>\n<link rel=\"canonical\" href=\"https:\/\/sudoesteacontece.com.br\/?p=15757\" \/>\n<meta property=\"og:locale\" content=\"pt_BR\" \/>\n<meta property=\"og:type\" content=\"article\" \/>\n<meta property=\"og:title\" content=\"Homem de 39 anos \u00e9 morto a facadas durante a madrugada em Bom Jesus da Lapa - Sudoesteacontece\" \/>\n<meta property=\"og:description\" content=\"Um homem de 39 anos foi morto a facadas na madrugada desta segunda-feira (27), por volta das 2h20, em Bom Jesus da Lapa. O crime ocorreu na Rua Beira Rio II, no bairro Beira Rio. A ocorr\u00eancia mobilizou equipes da Pol\u00edcia Militar da Bahia. A v\u00edtima foi encontrada ca\u00edda no local. Segundo informa\u00e7\u00f5es iniciais, a pol\u00edcia foi acionada pelo CICOM para prestar apoio ao Servi\u00e7o de Atendimento M\u00f3vel de Urg\u00eancia. Ao chegarem, os agentes encontraram o homem ferido. A equipe m\u00e9dica realizou o atendimento. O \u00f3bito foi confirmado ainda no local da ocorr\u00eancia. A v\u00edtima foi identificada como Cristiano Leonardo Braga Vaz. Ele apresentava ferimentos provocados por arma branca. As circunst\u00e2ncias do crime ainda n\u00e3o foram esclarecidas. N\u00e3o h\u00e1 informa\u00e7\u00f5es sobre suspeitos at\u00e9 o momento. O caso segue sob investiga\u00e7\u00e3o. Ap\u00f3s a confirma\u00e7\u00e3o da morte, a \u00e1rea foi isolada pela pol\u00edcia. O Departamento de Pol\u00edcia T\u00e9cnica foi acionado para realizar a per\u00edcia. O corpo foi removido para os procedimentos legais. A Pol\u00edcia Civil deve apurar a autoria e motiva\u00e7\u00e3o do crime.\" \/>\n<meta property=\"og:url\" content=\"https:\/\/sudoesteacontece.com.br\/?p=15757\" \/>\n<meta property=\"og:site_name\" content=\"Sudoesteacontece\" \/>\n<meta property=\"article:publisher\" content=\"https:\/\/www.facebook.com\/sudoesteacontece\/?locale=pt_BR\" \/>\n<meta property=\"article:published_time\" content=\"2026-04-27T15:32:50+00:00\" \/>\n<meta property=\"article:modified_time\" content=\"2026-04-27T15:32:54+00:00\" \/>\n<meta property=\"og:image\" content=\"https:\/\/sudoesteacontece.com.br\/wp-content\/uploads\/2026\/04\/Homem-de-39-anos-e-morto-a-facadas-durante-a-madrugada-em-Bom-Jesus-da-Lapa.jpg\" \/>\n\t<meta property=\"og:image:width\" content=\"900\" \/>\n\t<meta property=\"og:image:height\" content=\"600\" \/>\n\t<meta property=\"og:image:type\" content=\"image\/jpeg\" \/>\n<meta name=\"author\" content=\"Washington Tiago\" \/>\n<meta name=\"twitter:card\" content=\"summary_large_image\" \/>\n<meta name=\"twitter:label1\" content=\"Escrito por\" \/>\n\t<meta name=\"twitter:data1\" content=\"Washington Tiago\" \/>\n\t<meta name=\"twitter:label2\" content=\"Est. tempo de leitura\" \/>\n\t<meta name=\"twitter:data2\" content=\"2 minutos\" \/>\n<script type=\"application\/ld+json\" class=\"yoast-schema-graph\">{\"@context\":\"https:\/\/schema.org\",\"@graph\":[{\"@type\":\"Article\",\"@id\":\"https:\/\/sudoesteacontece.com.br\/?p=15757#article\",\"isPartOf\":{\"@id\":\"https:\/\/sudoesteacontece.com.br\/?p=15757\"},\"author\":{\"name\":\"Washington Tiago\",\"@id\":\"https:\/\/sudoesteacontece.com.br\/#\/schema\/person\/3cf2cf009926a9683ebc29d5379fa79c\"},\"headline\":\"Homem de 39 anos \u00e9 morto a facadas durante a madrugada em Bom Jesus da Lapa\",\"datePublished\":\"2026-04-27T15:32:50+00:00\",\"dateModified\":\"2026-04-27T15:32:54+00:00\",\"mainEntityOfPage\":{\"@id\":\"https:\/\/sudoesteacontece.com.br\/?p=15757\"},\"wordCount\":208,\"commentCount\":0,\"publisher\":{\"@id\":\"https:\/\/sudoesteacontece.com.br\/#organization\"},\"image\":{\"@id\":\"https:\/\/sudoesteacontece.com.br\/?p=15757#primaryimage\"},\"thumbnailUrl\":\"http:\/\/sudoesteacontece.com.br\/wp-content\/uploads\/2026\/04\/Homem-de-39-anos-e-morto-a-facadas-durante-a-madrugada-em-Bom-Jesus-da-Lapa.jpg\",\"articleSection\":[\"Bom Jesus da Lapa\",\"Cidades\",\"Pol\u00edcia\"],\"inLanguage\":\"pt-BR\",\"potentialAction\":[{\"@type\":\"CommentAction\",\"name\":\"Comment\",\"target\":[\"https:\/\/sudoesteacontece.com.br\/?p=15757#respond\"]}]},{\"@type\":\"WebPage\",\"@id\":\"https:\/\/sudoesteacontece.com.br\/?p=15757\",\"url\":\"https:\/\/sudoesteacontece.com.br\/?p=15757\",\"name\":\"Homem de 39 anos \u00e9 morto a facadas durante a madrugada em Bom Jesus da Lapa - Sudoesteacontece\",\"isPartOf\":{\"@id\":\"https:\/\/sudoesteacontece.com.br\/#website\"},\"primaryImageOfPage\":{\"@id\":\"https:\/\/sudoesteacontece.com.br\/?p=15757#primaryimage\"},\"image\":{\"@id\":\"https:\/\/sudoesteacontece.com.br\/?p=15757#primaryimage\"},\"thumbnailUrl\":\"http:\/\/sudoesteacontece.com.br\/wp-content\/uploads\/2026\/04\/Homem-de-39-anos-e-morto-a-facadas-durante-a-madrugada-em-Bom-Jesus-da-Lapa.jpg\",\"datePublished\":\"2026-04-27T15:32:50+00:00\",\"dateModified\":\"2026-04-27T15:32:54+00:00\",\"breadcrumb\":{\"@id\":\"https:\/\/sudoesteacontece.com.br\/?p=15757#breadcrumb\"},\"inLanguage\":\"pt-BR\",\"potentialAction\":[{\"@type\":\"ReadAction\",\"target\":[\"https:\/\/sudoesteacontece.com.br\/?p=15757\"]}]},{\"@type\":\"ImageObject\",\"inLanguage\":\"pt-BR\",\"@id\":\"https:\/\/sudoesteacontece.com.br\/?p=15757#primaryimage\",\"url\":\"https:\/\/sudoesteacontece.com.br\/wp-content\/uploads\/2026\/04\/Homem-de-39-anos-e-morto-a-facadas-durante-a-madrugada-em-Bom-Jesus-da-Lapa.jpg\",\"contentUrl\":\"https:\/\/sudoesteacontece.com.br\/wp-content\/uploads\/2026\/04\/Homem-de-39-anos-e-morto-a-facadas-durante-a-madrugada-em-Bom-Jesus-da-Lapa.jpg\",\"width\":900,\"height\":600},{\"@type\":\"BreadcrumbList\",\"@id\":\"https:\/\/sudoesteacontece.com.br\/?p=15757#breadcrumb\",\"itemListElement\":[{\"@type\":\"ListItem\",\"position\":1,\"name\":\"In\u00edcio\",\"item\":\"https:\/\/sudoesteacontece.com.br\/\"},{\"@type\":\"ListItem\",\"position\":2,\"name\":\"Homem de 39 anos \u00e9 morto a facadas durante a madrugada em Bom Jesus da Lapa\"}]},{\"@type\":\"WebSite\",\"@id\":\"https:\/\/sudoesteacontece.com.br\/#website\",\"url\":\"https:\/\/sudoesteacontece.com.br\/\",\"name\":\"Sudoesteacontece\",\"description\":\"\",\"publisher\":{\"@id\":\"https:\/\/sudoesteacontece.com.br\/#organization\"},\"potentialAction\":[{\"@type\":\"SearchAction\",\"target\":{\"@type\":\"EntryPoint\",\"urlTemplate\":\"https:\/\/sudoesteacontece.com.br\/?s={search_term_string}\"},\"query-input\":{\"@type\":\"PropertyValueSpecification\",\"valueRequired\":true,\"valueName\":\"search_term_string\"}}],\"inLanguage\":\"pt-BR\"},{\"@type\":\"Organization\",\"@id\":\"https:\/\/sudoesteacontece.com.br\/#organization\",\"name\":\"Sudoesteacontece\",\"url\":\"https:\/\/sudoesteacontece.com.br\/\",\"logo\":{\"@type\":\"ImageObject\",\"inLanguage\":\"pt-BR\",\"@id\":\"https:\/\/sudoesteacontece.com.br\/#\/schema\/logo\/image\/\",\"url\":\"https:\/\/sudoesteacontece.com.br\/wp-content\/uploads\/2025\/12\/cropped-logo-2-180x180-1.png\",\"contentUrl\":\"https:\/\/sudoesteacontece.com.br\/wp-content\/uploads\/2025\/12\/cropped-logo-2-180x180-1.png\",\"width\":180,\"height\":180,\"caption\":\"Sudoesteacontece\"},\"image\":{\"@id\":\"https:\/\/sudoesteacontece.com.br\/#\/schema\/logo\/image\/\"},\"sameAs\":[\"https:\/\/www.facebook.com\/sudoesteacontece\/?locale=pt_BR\"]},{\"@type\":\"Person\",\"@id\":\"https:\/\/sudoesteacontece.com.br\/#\/schema\/person\/3cf2cf009926a9683ebc29d5379fa79c\",\"name\":\"Washington Tiago\",\"image\":{\"@type\":\"ImageObject\",\"inLanguage\":\"pt-BR\",\"@id\":\"https:\/\/sudoesteacontece.com.br\/#\/schema\/person\/image\/\",\"url\":\"https:\/\/secure.gravatar.com\/avatar\/33c43b8668157e040f9d1fe93c354bf087cbd8ba36270c1163198bd3ddcf2a56?s=96&d=mm&r=g\",\"contentUrl\":\"https:\/\/secure.gravatar.com\/avatar\/33c43b8668157e040f9d1fe93c354bf087cbd8ba36270c1163198bd3ddcf2a56?s=96&d=mm&r=g\",\"caption\":\"Washington Tiago\"},\"url\":\"https:\/\/sudoesteacontece.com.br\/?author=2\"}]}<\/script>\n<!-- \/ Yoast SEO plugin. -->","yoast_head_json":{"title":"Homem de 39 anos \u00e9 morto a facadas durante a madrugada em Bom Jesus da Lapa - Sudoesteacontece","robots":{"index":"index","follow":"follow","max-snippet":"max-snippet:-1","max-image-preview":"max-image-preview:large","max-video-preview":"max-video-preview:-1"},"canonical":"https:\/\/sudoesteacontece.com.br\/?p=15757","og_locale":"pt_BR","og_type":"article","og_title":"Homem de 39 anos \u00e9 morto a facadas durante a madrugada em Bom Jesus da Lapa - Sudoesteacontece","og_description":"Um homem de 39 anos foi morto a facadas na madrugada desta segunda-feira (27), por volta das 2h20, em Bom Jesus da Lapa. O crime ocorreu na Rua Beira Rio II, no bairro Beira Rio. A ocorr\u00eancia mobilizou equipes da Pol\u00edcia Militar da Bahia. A v\u00edtima foi encontrada ca\u00edda no local. Segundo informa\u00e7\u00f5es iniciais, a pol\u00edcia foi acionada pelo CICOM para prestar apoio ao Servi\u00e7o de Atendimento M\u00f3vel de Urg\u00eancia. Ao chegarem, os agentes encontraram o homem ferido. A equipe m\u00e9dica realizou o atendimento. O \u00f3bito foi confirmado ainda no local da ocorr\u00eancia. A v\u00edtima foi identificada como Cristiano Leonardo Braga Vaz. Ele apresentava ferimentos provocados por arma branca. As circunst\u00e2ncias do crime ainda n\u00e3o foram esclarecidas. N\u00e3o h\u00e1 informa\u00e7\u00f5es sobre suspeitos at\u00e9 o momento. O caso segue sob investiga\u00e7\u00e3o. Ap\u00f3s a confirma\u00e7\u00e3o da morte, a \u00e1rea foi isolada pela pol\u00edcia. O Departamento de Pol\u00edcia T\u00e9cnica foi acionado para realizar a per\u00edcia. O corpo foi removido para os procedimentos legais. A Pol\u00edcia Civil deve apurar a autoria e motiva\u00e7\u00e3o do crime.","og_url":"https:\/\/sudoesteacontece.com.br\/?p=15757","og_site_name":"Sudoesteacontece","article_publisher":"https:\/\/www.facebook.com\/sudoesteacontece\/?locale=pt_BR","article_published_time":"2026-04-27T15:32:50+00:00","article_modified_time":"2026-04-27T15:32:54+00:00","og_image":[{"width":900,"height":600,"url":"https:\/\/sudoesteacontece.com.br\/wp-content\/uploads\/2026\/04\/Homem-de-39-anos-e-morto-a-facadas-durante-a-madrugada-em-Bom-Jesus-da-Lapa.jpg","type":"image\/jpeg"}],"author":"Washington Tiago","twitter_card":"summary_large_image","twitter_misc":{"Escrito por":"Washington Tiago","Est. tempo de leitura":"2 minutos"},"schema":{"@context":"https:\/\/schema.org","@graph":[{"@type":"Article","@id":"https:\/\/sudoesteacontece.com.br\/?p=15757#article","isPartOf":{"@id":"https:\/\/sudoesteacontece.com.br\/?p=15757"},"author":{"name":"Washington Tiago","@id":"https:\/\/sudoesteacontece.com.br\/#\/schema\/person\/3cf2cf009926a9683ebc29d5379fa79c"},"headline":"Homem de 39 anos \u00e9 morto a facadas durante a madrugada em Bom Jesus da Lapa","datePublished":"2026-04-27T15:32:50+00:00","dateModified":"2026-04-27T15:32:54+00:00","mainEntityOfPage":{"@id":"https:\/\/sudoesteacontece.com.br\/?p=15757"},"wordCount":208,"commentCount":0,"publisher":{"@id":"https:\/\/sudoesteacontece.com.br\/#organization"},"image":{"@id":"https:\/\/sudoesteacontece.com.br\/?p=15757#primaryimage"},"thumbnailUrl":"http:\/\/sudoesteacontece.com.br\/wp-content\/uploads\/2026\/04\/Homem-de-39-anos-e-morto-a-facadas-durante-a-madrugada-em-Bom-Jesus-da-Lapa.jpg","articleSection":["Bom Jesus da Lapa","Cidades","Pol\u00edcia"],"inLanguage":"pt-BR","potentialAction":[{"@type":"CommentAction","name":"Comment","target":["https:\/\/sudoesteacontece.com.br\/?p=15757#respond"]}]},{"@type":"WebPage","@id":"https:\/\/sudoesteacontece.com.br\/?p=15757","url":"https:\/\/sudoesteacontece.com.br\/?p=15757","name":"Homem de 39 anos \u00e9 morto a facadas durante a madrugada em Bom Jesus da Lapa - Sudoesteacontece","isPartOf":{"@id":"https:\/\/sudoesteacontece.com.br\/#website"},"primaryImageOfPage":{"@id":"https:\/\/sudoesteacontece.com.br\/?p=15757#primaryimage"},"image":{"@id":"https:\/\/sudoesteacontece.com.br\/?p=15757#primaryimage"},"thumbnailUrl":"http:\/\/sudoesteacontece.com.br\/wp-content\/uploads\/2026\/04\/Homem-de-39-anos-e-morto-a-facadas-durante-a-madrugada-em-Bom-Jesus-da-Lapa.jpg","datePublished":"2026-04-27T15:32:50+00:00","dateModified":"2026-04-27T15:32:54+00:00","breadcrumb":{"@id":"https:\/\/sudoesteacontece.com.br\/?p=15757#breadcrumb"},"inLanguage":"pt-BR","potentialAction":[{"@type":"ReadAction","target":["https:\/\/sudoesteacontece.com.br\/?p=15757"]}]},{"@type":"ImageObject","inLanguage":"pt-BR","@id":"https:\/\/sudoesteacontece.com.br\/?p=15757#primaryimage","url":"https:\/\/sudoesteacontece.com.br\/wp-content\/uploads\/2026\/04\/Homem-de-39-anos-e-morto-a-facadas-durante-a-madrugada-em-Bom-Jesus-da-Lapa.jpg","contentUrl":"https:\/\/sudoesteacontece.com.br\/wp-content\/uploads\/2026\/04\/Homem-de-39-anos-e-morto-a-facadas-durante-a-madrugada-em-Bom-Jesus-da-Lapa.jpg","width":900,"height":600},{"@type":"BreadcrumbList","@id":"https:\/\/sudoesteacontece.com.br\/?p=15757#breadcrumb","itemListElement":[{"@type":"ListItem","position":1,"name":"In\u00edcio","item":"https:\/\/sudoesteacontece.com.br\/"},{"@type":"ListItem","position":2,"name":"Homem de 39 anos \u00e9 morto a facadas durante a madrugada em Bom Jesus da Lapa"}]},{"@type":"WebSite","@id":"https:\/\/sudoesteacontece.com.br\/#website","url":"https:\/\/sudoesteacontece.com.br\/","name":"Sudoesteacontece","description":"","publisher":{"@id":"https:\/\/sudoesteacontece.com.br\/#organization"},"potentialAction":[{"@type":"SearchAction","target":{"@type":"EntryPoint","urlTemplate":"https:\/\/sudoesteacontece.com.br\/?s={search_term_string}"},"query-input":{"@type":"PropertyValueSpecification","valueRequired":true,"valueName":"search_term_string"}}],"inLanguage":"pt-BR"},{"@type":"Organization","@id":"https:\/\/sudoesteacontece.com.br\/#organization","name":"Sudoesteacontece","url":"https:\/\/sudoesteacontece.com.br\/","logo":{"@type":"ImageObject","inLanguage":"pt-BR","@id":"https:\/\/sudoesteacontece.com.br\/#\/schema\/logo\/image\/","url":"https:\/\/sudoesteacontece.com.br\/wp-content\/uploads\/2025\/12\/cropped-logo-2-180x180-1.png","contentUrl":"https:\/\/sudoesteacontece.com.br\/wp-content\/uploads\/2025\/12\/cropped-logo-2-180x180-1.png","width":180,"height":180,"caption":"Sudoesteacontece"},"image":{"@id":"https:\/\/sudoesteacontece.com.br\/#\/schema\/logo\/image\/"},"sameAs":["https:\/\/www.facebook.com\/sudoesteacontece\/?locale=pt_BR"]},{"@type":"Person","@id":"https:\/\/sudoesteacontece.com.br\/#\/schema\/person\/3cf2cf009926a9683ebc29d5379fa79c","name":"Washington Tiago","image":{"@type":"ImageObject","inLanguage":"pt-BR","@id":"https:\/\/sudoesteacontece.com.br\/#\/schema\/person\/image\/","url":"https:\/\/secure.gravatar.com\/avatar\/33c43b8668157e040f9d1fe93c354bf087cbd8ba36270c1163198bd3ddcf2a56?s=96&d=mm&r=g","contentUrl":"https:\/\/secure.gravatar.com\/avatar\/33c43b8668157e040f9d1fe93c354bf087cbd8ba36270c1163198bd3ddcf2a56?s=96&d=mm&r=g","caption":"Washington Tiago"},"url":"https:\/\/sudoesteacontece.com.br\/?author=2"}]}},"_links":{"self":[{"href":"https:\/\/sudoesteacontece.com.br\/index.php?rest_route=\/wp\/v2\/posts\/15757","targetHints":{"allow":["GET"]}}],"collection":[{"href":"https:\/\/sudoesteacontece.com.br\/index.php?rest_route=\/wp\/v2\/posts"}],"about":[{"href":"https:\/\/sudoesteacontece.com.br\/index.php?rest_route=\/wp\/v2\/types\/post"}],"author":[{"embeddable":true,"href":"https:\/\/sudoesteacontece.com.br\/index.php?rest_route=\/wp\/v2\/users\/2"}],"replies":[{"embeddable":true,"href":"https:\/\/sudoesteacontece.com.br\/index.php?rest_route=%2Fwp%2Fv2%2Fcomments&post=15757"}],"version-history":[{"count":1,"href":"https:\/\/sudoesteacontece.com.br\/index.php?rest_route=\/wp\/v2\/posts\/15757\/revisions"}],"predecessor-version":[{"id":15813,"href":"https:\/\/sudoesteacontece.com.br\/index.php?rest_route=\/wp\/v2\/posts\/15757\/revisions\/15813"}],"wp:attachment":[{"href":"https:\/\/sudoesteacontece.com.br\/index.php?rest_route=%2Fwp%2Fv2%2Fmedia&parent=15757"}],"wp:term":[{"taxonomy":"category","embeddable":true,"href":"https:\/\/sudoesteacontece.com.br\/index.php?rest_route=%2Fwp%2Fv2%2Fcategories&post=15757"},{"taxonomy":"post_tag","embeddable":true,"href":"https:\/\/sudoesteacontece.com.br\/index.php?rest_route=%2Fwp%2Fv2%2Ftags&post=15757"}],"curies":[{"name":"wp","href":"https:\/\/api.w.org\/{rel}","templated":true}]}}