{"id":15820,"date":"2026-04-27T15:48:34","date_gmt":"2026-04-27T18:48:34","guid":{"rendered":"https:\/\/sudoesteacontece.com.br\/?p=15820"},"modified":"2026-04-27T15:48:38","modified_gmt":"2026-04-27T18:48:38","slug":"deputado-alex-santana-destina-r-19-milhao-em-emendas-a-entidade-ligada-a-familiares","status":"publish","type":"post","link":"https:\/\/sudoesteacontece.com.br\/?p=15820","title":{"rendered":"Deputado Alex Santana destina R$ 1,9 milh\u00e3o em emendas a entidade ligada a familiares"},"content":{"rendered":"<div class=\"wp-block-image\">\n<figure class=\"aligncenter size-full\"><img fetchpriority=\"high\" decoding=\"async\" width=\"900\" height=\"600\" src=\"http:\/\/sudoesteacontece.com.br\/wp-content\/uploads\/2026\/04\/Deputado-Alex-Santana-destina-R-19-milhao-em-emendas-a-entidade-ligada-a-familiares.jpg\" alt=\"\" class=\"wp-image-15848\" srcset=\"https:\/\/sudoesteacontece.com.br\/wp-content\/uploads\/2026\/04\/Deputado-Alex-Santana-destina-R-19-milhao-em-emendas-a-entidade-ligada-a-familiares.jpg 900w, https:\/\/sudoesteacontece.com.br\/wp-content\/uploads\/2026\/04\/Deputado-Alex-Santana-destina-R-19-milhao-em-emendas-a-entidade-ligada-a-familiares-300x200.jpg 300w, https:\/\/sudoesteacontece.com.br\/wp-content\/uploads\/2026\/04\/Deputado-Alex-Santana-destina-R-19-milhao-em-emendas-a-entidade-ligada-a-familiares-768x512.jpg 768w\" sizes=\"(max-width: 900px) 100vw, 900px\" \/><\/figure>\n<\/div>\n\n\n<p>O deputado federal licenciado Alex Santana, do Republicanos, destinou R$ 1,9 milh\u00e3o em emendas parlamentares para uma entidade ligada a familiares e a uma ex-assessora. Atualmente, ele ocupa o cargo de secret\u00e1rio de Rela\u00e7\u00f5es Institucionais da Prefeitura de Salvador. As informa\u00e7\u00f5es foram divulgadas nesta segunda-feira (27).<\/p>\n\n\n\n<p>De acordo com a apura\u00e7\u00e3o, a Associa\u00e7\u00e3o Juntos Podemos+ recebeu mais de R$ 1,1 milh\u00e3o em 2023. Na \u00e9poca, a entidade era presidida por Glaucio dos Reis Santos, cunhado do parlamentar. Ele atuou na representa\u00e7\u00e3o da associa\u00e7\u00e3o junto ao Minist\u00e9rio da Igualdade Racial. Os recursos foram aplicados em um projeto de qualifica\u00e7\u00e3o profissional.<\/p>\n\n\n\n<p>A iniciativa foi voltada para mulheres negras em situa\u00e7\u00e3o de vulnerabilidade. O projeto atendeu bairros perif\u00e9ricos da capital baiana. A proposta previa a\u00e7\u00f5es de capacita\u00e7\u00e3o e inclus\u00e3o social. O uso dos recursos seguiu um termo de fomento firmado com o governo federal.<\/p>\n\n\n\n<p>Em 2025, uma nova emenda indicou o repasse de R$ 800 mil para a mesma entidade. Nesse per\u00edodo, a associa\u00e7\u00e3o era presidida por Jussara Sousa dos Santos. Ela j\u00e1 havia atuado como secret\u00e1ria parlamentar no gabinete de Alex Santana entre 2019 e 2021.<\/p>\n\n\n\n<p>O caso envolve rela\u00e7\u00e3o entre recursos p\u00fablicos e pessoas ligadas ao parlamentar. N\u00e3o h\u00e1, at\u00e9 o momento, informa\u00e7\u00e3o sobre irregularidades formais. A destina\u00e7\u00e3o de emendas segue sendo tema de debate p\u00fablico.<\/p>\n\n\n\n<p><\/p>\n","protected":false},"excerpt":{"rendered":"<p>O deputado federal licenciado Alex Santana, do Republicanos, destinou R$ 1,9 milh\u00e3o em emendas parlamentares para uma entidade ligada a familiares e a uma ex-assessora. Atualmente, ele ocupa o cargo de secret\u00e1rio de Rela\u00e7\u00f5es Institucionais da Prefeitura de Salvador. As informa\u00e7\u00f5es foram divulgadas nesta segunda-feira (27). De acordo com a apura\u00e7\u00e3o, a Associa\u00e7\u00e3o Juntos Podemos+ recebeu mais de R$ 1,1 milh\u00e3o em 2023. Na \u00e9poca, a entidade era presidida por Glaucio dos Reis Santos, cunhado do parlamentar. Ele atuou na representa\u00e7\u00e3o da associa\u00e7\u00e3o junto ao Minist\u00e9rio da Igualdade Racial. Os recursos foram aplicados em um projeto de qualifica\u00e7\u00e3o profissional. A iniciativa foi voltada para mulheres negras em situa\u00e7\u00e3o de vulnerabilidade. O projeto atendeu bairros perif\u00e9ricos da capital baiana. A proposta previa a\u00e7\u00f5es de capacita\u00e7\u00e3o e inclus\u00e3o social. O uso dos recursos seguiu um termo de fomento firmado com o governo federal. Em 2025, uma nova emenda indicou o repasse de R$ 800 mil para a mesma entidade. Nesse per\u00edodo, a associa\u00e7\u00e3o era presidida por Jussara Sousa dos Santos. Ela j\u00e1 havia atuado como secret\u00e1ria parlamentar no gabinete de Alex Santana entre 2019 e 2021. O caso envolve rela\u00e7\u00e3o entre recursos p\u00fablicos e pessoas ligadas ao parlamentar. N\u00e3o h\u00e1, at\u00e9 o momento, informa\u00e7\u00e3o sobre irregularidades formais. A destina\u00e7\u00e3o de emendas segue sendo tema de debate p\u00fablico.<\/p>\n","protected":false},"author":2,"featured_media":0,"comment_status":"open","ping_status":"open","sticky":false,"template":"","format":"standard","meta":{"footnotes":""},"categories":[7,6],"tags":[],"class_list":["post-15820","post","type-post","status-publish","format-standard","hentry","category-bahia","category-politica"],"yoast_head":"<!-- This site is optimized with the Yoast SEO plugin v26.5 - https:\/\/yoast.com\/wordpress\/plugins\/seo\/ -->\n<title>Deputado Alex Santana destina R$ 1,9 milh\u00e3o em emendas a entidade ligada a familiares - Sudoesteacontece<\/title>\n<meta name=\"robots\" content=\"index, follow, max-snippet:-1, max-image-preview:large, max-video-preview:-1\" \/>\n<link rel=\"canonical\" href=\"https:\/\/sudoesteacontece.com.br\/?p=15820\" \/>\n<meta property=\"og:locale\" content=\"pt_BR\" \/>\n<meta property=\"og:type\" content=\"article\" \/>\n<meta property=\"og:title\" content=\"Deputado Alex Santana destina R$ 1,9 milh\u00e3o em emendas a entidade ligada a familiares - Sudoesteacontece\" \/>\n<meta property=\"og:description\" content=\"O deputado federal licenciado Alex Santana, do Republicanos, destinou R$ 1,9 milh\u00e3o em emendas parlamentares para uma entidade ligada a familiares e a uma ex-assessora. Atualmente, ele ocupa o cargo de secret\u00e1rio de Rela\u00e7\u00f5es Institucionais da Prefeitura de Salvador. As informa\u00e7\u00f5es foram divulgadas nesta segunda-feira (27). De acordo com a apura\u00e7\u00e3o, a Associa\u00e7\u00e3o Juntos Podemos+ recebeu mais de R$ 1,1 milh\u00e3o em 2023. Na \u00e9poca, a entidade era presidida por Glaucio dos Reis Santos, cunhado do parlamentar. Ele atuou na representa\u00e7\u00e3o da associa\u00e7\u00e3o junto ao Minist\u00e9rio da Igualdade Racial. Os recursos foram aplicados em um projeto de qualifica\u00e7\u00e3o profissional. A iniciativa foi voltada para mulheres negras em situa\u00e7\u00e3o de vulnerabilidade. O projeto atendeu bairros perif\u00e9ricos da capital baiana. A proposta previa a\u00e7\u00f5es de capacita\u00e7\u00e3o e inclus\u00e3o social. O uso dos recursos seguiu um termo de fomento firmado com o governo federal. Em 2025, uma nova emenda indicou o repasse de R$ 800 mil para a mesma entidade. Nesse per\u00edodo, a associa\u00e7\u00e3o era presidida por Jussara Sousa dos Santos. Ela j\u00e1 havia atuado como secret\u00e1ria parlamentar no gabinete de Alex Santana entre 2019 e 2021. O caso envolve rela\u00e7\u00e3o entre recursos p\u00fablicos e pessoas ligadas ao parlamentar. N\u00e3o h\u00e1, at\u00e9 o momento, informa\u00e7\u00e3o sobre irregularidades formais. A destina\u00e7\u00e3o de emendas segue sendo tema de debate p\u00fablico.\" \/>\n<meta property=\"og:url\" content=\"https:\/\/sudoesteacontece.com.br\/?p=15820\" \/>\n<meta property=\"og:site_name\" content=\"Sudoesteacontece\" \/>\n<meta property=\"article:publisher\" content=\"https:\/\/www.facebook.com\/sudoesteacontece\/?locale=pt_BR\" \/>\n<meta property=\"article:published_time\" content=\"2026-04-27T18:48:34+00:00\" \/>\n<meta property=\"article:modified_time\" content=\"2026-04-27T18:48:38+00:00\" \/>\n<meta property=\"og:image\" content=\"https:\/\/sudoesteacontece.com.br\/wp-content\/uploads\/2026\/04\/Deputado-Alex-Santana-destina-R-19-milhao-em-emendas-a-entidade-ligada-a-familiares.jpg\" \/>\n\t<meta property=\"og:image:width\" content=\"900\" \/>\n\t<meta property=\"og:image:height\" content=\"600\" \/>\n\t<meta property=\"og:image:type\" content=\"image\/jpeg\" \/>\n<meta name=\"author\" content=\"Washington Tiago\" \/>\n<meta name=\"twitter:card\" content=\"summary_large_image\" \/>\n<meta name=\"twitter:label1\" content=\"Escrito por\" \/>\n\t<meta name=\"twitter:data1\" content=\"Washington Tiago\" \/>\n\t<meta name=\"twitter:label2\" content=\"Est. tempo de leitura\" \/>\n\t<meta name=\"twitter:data2\" content=\"2 minutos\" \/>\n<script type=\"application\/ld+json\" class=\"yoast-schema-graph\">{\"@context\":\"https:\/\/schema.org\",\"@graph\":[{\"@type\":\"Article\",\"@id\":\"https:\/\/sudoesteacontece.com.br\/?p=15820#article\",\"isPartOf\":{\"@id\":\"https:\/\/sudoesteacontece.com.br\/?p=15820\"},\"author\":{\"name\":\"Washington Tiago\",\"@id\":\"https:\/\/sudoesteacontece.com.br\/#\/schema\/person\/3cf2cf009926a9683ebc29d5379fa79c\"},\"headline\":\"Deputado Alex Santana destina R$ 1,9 milh\u00e3o em emendas a entidade ligada a familiares\",\"datePublished\":\"2026-04-27T18:48:34+00:00\",\"dateModified\":\"2026-04-27T18:48:38+00:00\",\"mainEntityOfPage\":{\"@id\":\"https:\/\/sudoesteacontece.com.br\/?p=15820\"},\"wordCount\":246,\"commentCount\":0,\"publisher\":{\"@id\":\"https:\/\/sudoesteacontece.com.br\/#organization\"},\"image\":{\"@id\":\"https:\/\/sudoesteacontece.com.br\/?p=15820#primaryimage\"},\"thumbnailUrl\":\"http:\/\/sudoesteacontece.com.br\/wp-content\/uploads\/2026\/04\/Deputado-Alex-Santana-destina-R-19-milhao-em-emendas-a-entidade-ligada-a-familiares.jpg\",\"articleSection\":[\"Bahia\",\"Pol\u00edtica\"],\"inLanguage\":\"pt-BR\",\"potentialAction\":[{\"@type\":\"CommentAction\",\"name\":\"Comment\",\"target\":[\"https:\/\/sudoesteacontece.com.br\/?p=15820#respond\"]}]},{\"@type\":\"WebPage\",\"@id\":\"https:\/\/sudoesteacontece.com.br\/?p=15820\",\"url\":\"https:\/\/sudoesteacontece.com.br\/?p=15820\",\"name\":\"Deputado Alex Santana destina R$ 1,9 milh\u00e3o em emendas a entidade ligada a familiares - Sudoesteacontece\",\"isPartOf\":{\"@id\":\"https:\/\/sudoesteacontece.com.br\/#website\"},\"primaryImageOfPage\":{\"@id\":\"https:\/\/sudoesteacontece.com.br\/?p=15820#primaryimage\"},\"image\":{\"@id\":\"https:\/\/sudoesteacontece.com.br\/?p=15820#primaryimage\"},\"thumbnailUrl\":\"http:\/\/sudoesteacontece.com.br\/wp-content\/uploads\/2026\/04\/Deputado-Alex-Santana-destina-R-19-milhao-em-emendas-a-entidade-ligada-a-familiares.jpg\",\"datePublished\":\"2026-04-27T18:48:34+00:00\",\"dateModified\":\"2026-04-27T18:48:38+00:00\",\"breadcrumb\":{\"@id\":\"https:\/\/sudoesteacontece.com.br\/?p=15820#breadcrumb\"},\"inLanguage\":\"pt-BR\",\"potentialAction\":[{\"@type\":\"ReadAction\",\"target\":[\"https:\/\/sudoesteacontece.com.br\/?p=15820\"]}]},{\"@type\":\"ImageObject\",\"inLanguage\":\"pt-BR\",\"@id\":\"https:\/\/sudoesteacontece.com.br\/?p=15820#primaryimage\",\"url\":\"https:\/\/sudoesteacontece.com.br\/wp-content\/uploads\/2026\/04\/Deputado-Alex-Santana-destina-R-19-milhao-em-emendas-a-entidade-ligada-a-familiares.jpg\",\"contentUrl\":\"https:\/\/sudoesteacontece.com.br\/wp-content\/uploads\/2026\/04\/Deputado-Alex-Santana-destina-R-19-milhao-em-emendas-a-entidade-ligada-a-familiares.jpg\",\"width\":900,\"height\":600},{\"@type\":\"BreadcrumbList\",\"@id\":\"https:\/\/sudoesteacontece.com.br\/?p=15820#breadcrumb\",\"itemListElement\":[{\"@type\":\"ListItem\",\"position\":1,\"name\":\"In\u00edcio\",\"item\":\"https:\/\/sudoesteacontece.com.br\/\"},{\"@type\":\"ListItem\",\"position\":2,\"name\":\"Deputado Alex Santana destina R$ 1,9 milh\u00e3o em emendas a entidade ligada a familiares\"}]},{\"@type\":\"WebSite\",\"@id\":\"https:\/\/sudoesteacontece.com.br\/#website\",\"url\":\"https:\/\/sudoesteacontece.com.br\/\",\"name\":\"Sudoesteacontece\",\"description\":\"\",\"publisher\":{\"@id\":\"https:\/\/sudoesteacontece.com.br\/#organization\"},\"potentialAction\":[{\"@type\":\"SearchAction\",\"target\":{\"@type\":\"EntryPoint\",\"urlTemplate\":\"https:\/\/sudoesteacontece.com.br\/?s={search_term_string}\"},\"query-input\":{\"@type\":\"PropertyValueSpecification\",\"valueRequired\":true,\"valueName\":\"search_term_string\"}}],\"inLanguage\":\"pt-BR\"},{\"@type\":\"Organization\",\"@id\":\"https:\/\/sudoesteacontece.com.br\/#organization\",\"name\":\"Sudoesteacontece\",\"url\":\"https:\/\/sudoesteacontece.com.br\/\",\"logo\":{\"@type\":\"ImageObject\",\"inLanguage\":\"pt-BR\",\"@id\":\"https:\/\/sudoesteacontece.com.br\/#\/schema\/logo\/image\/\",\"url\":\"https:\/\/sudoesteacontece.com.br\/wp-content\/uploads\/2025\/12\/cropped-logo-2-180x180-1.png\",\"contentUrl\":\"https:\/\/sudoesteacontece.com.br\/wp-content\/uploads\/2025\/12\/cropped-logo-2-180x180-1.png\",\"width\":180,\"height\":180,\"caption\":\"Sudoesteacontece\"},\"image\":{\"@id\":\"https:\/\/sudoesteacontece.com.br\/#\/schema\/logo\/image\/\"},\"sameAs\":[\"https:\/\/www.facebook.com\/sudoesteacontece\/?locale=pt_BR\"]},{\"@type\":\"Person\",\"@id\":\"https:\/\/sudoesteacontece.com.br\/#\/schema\/person\/3cf2cf009926a9683ebc29d5379fa79c\",\"name\":\"Washington Tiago\",\"image\":{\"@type\":\"ImageObject\",\"inLanguage\":\"pt-BR\",\"@id\":\"https:\/\/sudoesteacontece.com.br\/#\/schema\/person\/image\/\",\"url\":\"https:\/\/secure.gravatar.com\/avatar\/33c43b8668157e040f9d1fe93c354bf087cbd8ba36270c1163198bd3ddcf2a56?s=96&d=mm&r=g\",\"contentUrl\":\"https:\/\/secure.gravatar.com\/avatar\/33c43b8668157e040f9d1fe93c354bf087cbd8ba36270c1163198bd3ddcf2a56?s=96&d=mm&r=g\",\"caption\":\"Washington Tiago\"},\"url\":\"https:\/\/sudoesteacontece.com.br\/?author=2\"}]}<\/script>\n<!-- \/ Yoast SEO plugin. -->","yoast_head_json":{"title":"Deputado Alex Santana destina R$ 1,9 milh\u00e3o em emendas a entidade ligada a familiares - Sudoesteacontece","robots":{"index":"index","follow":"follow","max-snippet":"max-snippet:-1","max-image-preview":"max-image-preview:large","max-video-preview":"max-video-preview:-1"},"canonical":"https:\/\/sudoesteacontece.com.br\/?p=15820","og_locale":"pt_BR","og_type":"article","og_title":"Deputado Alex Santana destina R$ 1,9 milh\u00e3o em emendas a entidade ligada a familiares - Sudoesteacontece","og_description":"O deputado federal licenciado Alex Santana, do Republicanos, destinou R$ 1,9 milh\u00e3o em emendas parlamentares para uma entidade ligada a familiares e a uma ex-assessora. Atualmente, ele ocupa o cargo de secret\u00e1rio de Rela\u00e7\u00f5es Institucionais da Prefeitura de Salvador. As informa\u00e7\u00f5es foram divulgadas nesta segunda-feira (27). De acordo com a apura\u00e7\u00e3o, a Associa\u00e7\u00e3o Juntos Podemos+ recebeu mais de R$ 1,1 milh\u00e3o em 2023. Na \u00e9poca, a entidade era presidida por Glaucio dos Reis Santos, cunhado do parlamentar. Ele atuou na representa\u00e7\u00e3o da associa\u00e7\u00e3o junto ao Minist\u00e9rio da Igualdade Racial. Os recursos foram aplicados em um projeto de qualifica\u00e7\u00e3o profissional. A iniciativa foi voltada para mulheres negras em situa\u00e7\u00e3o de vulnerabilidade. O projeto atendeu bairros perif\u00e9ricos da capital baiana. A proposta previa a\u00e7\u00f5es de capacita\u00e7\u00e3o e inclus\u00e3o social. O uso dos recursos seguiu um termo de fomento firmado com o governo federal. Em 2025, uma nova emenda indicou o repasse de R$ 800 mil para a mesma entidade. Nesse per\u00edodo, a associa\u00e7\u00e3o era presidida por Jussara Sousa dos Santos. Ela j\u00e1 havia atuado como secret\u00e1ria parlamentar no gabinete de Alex Santana entre 2019 e 2021. O caso envolve rela\u00e7\u00e3o entre recursos p\u00fablicos e pessoas ligadas ao parlamentar. N\u00e3o h\u00e1, at\u00e9 o momento, informa\u00e7\u00e3o sobre irregularidades formais. A destina\u00e7\u00e3o de emendas segue sendo tema de debate p\u00fablico.","og_url":"https:\/\/sudoesteacontece.com.br\/?p=15820","og_site_name":"Sudoesteacontece","article_publisher":"https:\/\/www.facebook.com\/sudoesteacontece\/?locale=pt_BR","article_published_time":"2026-04-27T18:48:34+00:00","article_modified_time":"2026-04-27T18:48:38+00:00","og_image":[{"width":900,"height":600,"url":"https:\/\/sudoesteacontece.com.br\/wp-content\/uploads\/2026\/04\/Deputado-Alex-Santana-destina-R-19-milhao-em-emendas-a-entidade-ligada-a-familiares.jpg","type":"image\/jpeg"}],"author":"Washington Tiago","twitter_card":"summary_large_image","twitter_misc":{"Escrito por":"Washington Tiago","Est. tempo de leitura":"2 minutos"},"schema":{"@context":"https:\/\/schema.org","@graph":[{"@type":"Article","@id":"https:\/\/sudoesteacontece.com.br\/?p=15820#article","isPartOf":{"@id":"https:\/\/sudoesteacontece.com.br\/?p=15820"},"author":{"name":"Washington Tiago","@id":"https:\/\/sudoesteacontece.com.br\/#\/schema\/person\/3cf2cf009926a9683ebc29d5379fa79c"},"headline":"Deputado Alex Santana destina R$ 1,9 milh\u00e3o em emendas a entidade ligada a familiares","datePublished":"2026-04-27T18:48:34+00:00","dateModified":"2026-04-27T18:48:38+00:00","mainEntityOfPage":{"@id":"https:\/\/sudoesteacontece.com.br\/?p=15820"},"wordCount":246,"commentCount":0,"publisher":{"@id":"https:\/\/sudoesteacontece.com.br\/#organization"},"image":{"@id":"https:\/\/sudoesteacontece.com.br\/?p=15820#primaryimage"},"thumbnailUrl":"http:\/\/sudoesteacontece.com.br\/wp-content\/uploads\/2026\/04\/Deputado-Alex-Santana-destina-R-19-milhao-em-emendas-a-entidade-ligada-a-familiares.jpg","articleSection":["Bahia","Pol\u00edtica"],"inLanguage":"pt-BR","potentialAction":[{"@type":"CommentAction","name":"Comment","target":["https:\/\/sudoesteacontece.com.br\/?p=15820#respond"]}]},{"@type":"WebPage","@id":"https:\/\/sudoesteacontece.com.br\/?p=15820","url":"https:\/\/sudoesteacontece.com.br\/?p=15820","name":"Deputado Alex Santana destina R$ 1,9 milh\u00e3o em emendas a entidade ligada a familiares - Sudoesteacontece","isPartOf":{"@id":"https:\/\/sudoesteacontece.com.br\/#website"},"primaryImageOfPage":{"@id":"https:\/\/sudoesteacontece.com.br\/?p=15820#primaryimage"},"image":{"@id":"https:\/\/sudoesteacontece.com.br\/?p=15820#primaryimage"},"thumbnailUrl":"http:\/\/sudoesteacontece.com.br\/wp-content\/uploads\/2026\/04\/Deputado-Alex-Santana-destina-R-19-milhao-em-emendas-a-entidade-ligada-a-familiares.jpg","datePublished":"2026-04-27T18:48:34+00:00","dateModified":"2026-04-27T18:48:38+00:00","breadcrumb":{"@id":"https:\/\/sudoesteacontece.com.br\/?p=15820#breadcrumb"},"inLanguage":"pt-BR","potentialAction":[{"@type":"ReadAction","target":["https:\/\/sudoesteacontece.com.br\/?p=15820"]}]},{"@type":"ImageObject","inLanguage":"pt-BR","@id":"https:\/\/sudoesteacontece.com.br\/?p=15820#primaryimage","url":"https:\/\/sudoesteacontece.com.br\/wp-content\/uploads\/2026\/04\/Deputado-Alex-Santana-destina-R-19-milhao-em-emendas-a-entidade-ligada-a-familiares.jpg","contentUrl":"https:\/\/sudoesteacontece.com.br\/wp-content\/uploads\/2026\/04\/Deputado-Alex-Santana-destina-R-19-milhao-em-emendas-a-entidade-ligada-a-familiares.jpg","width":900,"height":600},{"@type":"BreadcrumbList","@id":"https:\/\/sudoesteacontece.com.br\/?p=15820#breadcrumb","itemListElement":[{"@type":"ListItem","position":1,"name":"In\u00edcio","item":"https:\/\/sudoesteacontece.com.br\/"},{"@type":"ListItem","position":2,"name":"Deputado Alex Santana destina R$ 1,9 milh\u00e3o em emendas a entidade ligada a familiares"}]},{"@type":"WebSite","@id":"https:\/\/sudoesteacontece.com.br\/#website","url":"https:\/\/sudoesteacontece.com.br\/","name":"Sudoesteacontece","description":"","publisher":{"@id":"https:\/\/sudoesteacontece.com.br\/#organization"},"potentialAction":[{"@type":"SearchAction","target":{"@type":"EntryPoint","urlTemplate":"https:\/\/sudoesteacontece.com.br\/?s={search_term_string}"},"query-input":{"@type":"PropertyValueSpecification","valueRequired":true,"valueName":"search_term_string"}}],"inLanguage":"pt-BR"},{"@type":"Organization","@id":"https:\/\/sudoesteacontece.com.br\/#organization","name":"Sudoesteacontece","url":"https:\/\/sudoesteacontece.com.br\/","logo":{"@type":"ImageObject","inLanguage":"pt-BR","@id":"https:\/\/sudoesteacontece.com.br\/#\/schema\/logo\/image\/","url":"https:\/\/sudoesteacontece.com.br\/wp-content\/uploads\/2025\/12\/cropped-logo-2-180x180-1.png","contentUrl":"https:\/\/sudoesteacontece.com.br\/wp-content\/uploads\/2025\/12\/cropped-logo-2-180x180-1.png","width":180,"height":180,"caption":"Sudoesteacontece"},"image":{"@id":"https:\/\/sudoesteacontece.com.br\/#\/schema\/logo\/image\/"},"sameAs":["https:\/\/www.facebook.com\/sudoesteacontece\/?locale=pt_BR"]},{"@type":"Person","@id":"https:\/\/sudoesteacontece.com.br\/#\/schema\/person\/3cf2cf009926a9683ebc29d5379fa79c","name":"Washington Tiago","image":{"@type":"ImageObject","inLanguage":"pt-BR","@id":"https:\/\/sudoesteacontece.com.br\/#\/schema\/person\/image\/","url":"https:\/\/secure.gravatar.com\/avatar\/33c43b8668157e040f9d1fe93c354bf087cbd8ba36270c1163198bd3ddcf2a56?s=96&d=mm&r=g","contentUrl":"https:\/\/secure.gravatar.com\/avatar\/33c43b8668157e040f9d1fe93c354bf087cbd8ba36270c1163198bd3ddcf2a56?s=96&d=mm&r=g","caption":"Washington Tiago"},"url":"https:\/\/sudoesteacontece.com.br\/?author=2"}]}},"_links":{"self":[{"href":"https:\/\/sudoesteacontece.com.br\/index.php?rest_route=\/wp\/v2\/posts\/15820","targetHints":{"allow":["GET"]}}],"collection":[{"href":"https:\/\/sudoesteacontece.com.br\/index.php?rest_route=\/wp\/v2\/posts"}],"about":[{"href":"https:\/\/sudoesteacontece.com.br\/index.php?rest_route=\/wp\/v2\/types\/post"}],"author":[{"embeddable":true,"href":"https:\/\/sudoesteacontece.com.br\/index.php?rest_route=\/wp\/v2\/users\/2"}],"replies":[{"embeddable":true,"href":"https:\/\/sudoesteacontece.com.br\/index.php?rest_route=%2Fwp%2Fv2%2Fcomments&post=15820"}],"version-history":[{"count":1,"href":"https:\/\/sudoesteacontece.com.br\/index.php?rest_route=\/wp\/v2\/posts\/15820\/revisions"}],"predecessor-version":[{"id":15849,"href":"https:\/\/sudoesteacontece.com.br\/index.php?rest_route=\/wp\/v2\/posts\/15820\/revisions\/15849"}],"wp:attachment":[{"href":"https:\/\/sudoesteacontece.com.br\/index.php?rest_route=%2Fwp%2Fv2%2Fmedia&parent=15820"}],"wp:term":[{"taxonomy":"category","embeddable":true,"href":"https:\/\/sudoesteacontece.com.br\/index.php?rest_route=%2Fwp%2Fv2%2Fcategories&post=15820"},{"taxonomy":"post_tag","embeddable":true,"href":"https:\/\/sudoesteacontece.com.br\/index.php?rest_route=%2Fwp%2Fv2%2Ftags&post=15820"}],"curies":[{"name":"wp","href":"https:\/\/api.w.org\/{rel}","templated":true}]}}