{"id":15821,"date":"2026-04-27T15:44:45","date_gmt":"2026-04-27T18:44:45","guid":{"rendered":"https:\/\/sudoesteacontece.com.br\/?p=15821"},"modified":"2026-04-27T15:44:50","modified_gmt":"2026-04-27T18:44:50","slug":"temer-diz-que-polarizacao-atingiu-stf-e-critica-resposta-de-gilmar-a-zema","status":"publish","type":"post","link":"https:\/\/sudoesteacontece.com.br\/?p=15821","title":{"rendered":"Temer diz que polariza\u00e7\u00e3o atingiu STF e critica resposta de Gilmar a Zema"},"content":{"rendered":"\n<figure class=\"wp-block-image size-full\"><img fetchpriority=\"high\" decoding=\"async\" width=\"900\" height=\"600\" src=\"http:\/\/sudoesteacontece.com.br\/wp-content\/uploads\/2026\/01\/Temer-afasta-candidatura-a-Presidencia-mas-nao-descarta-totalmente-a-possibilidade-sudoeste-acontece.jpg\" alt=\"\" class=\"wp-image-7144\" srcset=\"https:\/\/sudoesteacontece.com.br\/wp-content\/uploads\/2026\/01\/Temer-afasta-candidatura-a-Presidencia-mas-nao-descarta-totalmente-a-possibilidade-sudoeste-acontece.jpg 900w, https:\/\/sudoesteacontece.com.br\/wp-content\/uploads\/2026\/01\/Temer-afasta-candidatura-a-Presidencia-mas-nao-descarta-totalmente-a-possibilidade-sudoeste-acontece-300x200.jpg 300w, https:\/\/sudoesteacontece.com.br\/wp-content\/uploads\/2026\/01\/Temer-afasta-candidatura-a-Presidencia-mas-nao-descarta-totalmente-a-possibilidade-sudoeste-acontece-768x512.jpg 768w\" sizes=\"(max-width: 900px) 100vw, 900px\" \/><\/figure>\n\n\n\n<p>O ex-presidente Michel Temer afirmou nesta segunda-feira (27) que a polariza\u00e7\u00e3o pol\u00edtica chegou ao Supremo Tribunal Federal. A declara\u00e7\u00e3o foi dada durante evento em Itu, no interior de S\u00e3o Paulo. Ele comentou a crise de imagem enfrentada pela Corte. Para Temer, o cen\u00e1rio reflete a falta de di\u00e1logo no pa\u00eds.<\/p>\n\n\n\n<p>Segundo o ex-presidente, a aus\u00eancia de di\u00e1logo ocorre tanto dentro dos Poderes quanto entre eles. Ele avaliou que esse cen\u00e1rio contribui para o aumento da radicaliza\u00e7\u00e3o pol\u00edtica. Temer destacou que esse ambiente acaba atingindo diferentes setores. O impacto, segundo ele, se estende tamb\u00e9m ao Judici\u00e1rio.<\/p>\n\n\n\n<p>Durante a entrevista, Temer afirmou que o STF n\u00e3o \u00e9 o principal respons\u00e1vel pelas cr\u00edticas de ativismo judicial. Ele disse que muitas quest\u00f5es chegam \u00e0 Corte por causa da Constitui\u00e7\u00e3o. O ex-presidente ressaltou que o modelo institucional amplia o papel do Supremo. Isso, segundo ele, exp\u00f5e o tribunal ao debate pol\u00edtico.<\/p>\n\n\n\n<p>Temer tamb\u00e9m comentou o embate entre o ministro Gilmar Mendes e o ex-governador Romeu Zema. Ele avaliou que o magistrado n\u00e3o deveria ter respondido \u00e0s cr\u00edticas. Para o ex-presidente, esse tipo de rea\u00e7\u00e3o pode ampliar o confronto p\u00fablico.<\/p>\n\n\n\n<p>O caso ocorre em meio a trocas de acusa\u00e7\u00f5es entre Zema e ministros do STF. O ex-governador tem feito cr\u00edticas p\u00fablicas \u00e0 Corte. Gilmar Mendes, por sua vez, acionou a Procuradoria-Geral da Rep\u00fablica. O epis\u00f3dio intensificou o debate sobre o papel do Judici\u00e1rio no cen\u00e1rio pol\u00edtico.<\/p>\n","protected":false},"excerpt":{"rendered":"<p>O ex-presidente Michel Temer afirmou nesta segunda-feira (27) que a polariza\u00e7\u00e3o pol\u00edtica chegou ao Supremo Tribunal Federal. A declara\u00e7\u00e3o foi dada durante evento em Itu, no interior de S\u00e3o Paulo. Ele comentou a crise de imagem enfrentada pela Corte. Para Temer, o cen\u00e1rio reflete a falta de di\u00e1logo no pa\u00eds. Segundo o ex-presidente, a aus\u00eancia de di\u00e1logo ocorre tanto dentro dos Poderes quanto entre eles. Ele avaliou que esse cen\u00e1rio contribui para o aumento da radicaliza\u00e7\u00e3o pol\u00edtica. Temer destacou que esse ambiente acaba atingindo diferentes setores. O impacto, segundo ele, se estende tamb\u00e9m ao Judici\u00e1rio. Durante a entrevista, Temer afirmou que o STF n\u00e3o \u00e9 o principal respons\u00e1vel pelas cr\u00edticas de ativismo judicial. Ele disse que muitas quest\u00f5es chegam \u00e0 Corte por causa da Constitui\u00e7\u00e3o. O ex-presidente ressaltou que o modelo institucional amplia o papel do Supremo. Isso, segundo ele, exp\u00f5e o tribunal ao debate pol\u00edtico. Temer tamb\u00e9m comentou o embate entre o ministro Gilmar Mendes e o ex-governador Romeu Zema. Ele avaliou que o magistrado n\u00e3o deveria ter respondido \u00e0s cr\u00edticas. Para o ex-presidente, esse tipo de rea\u00e7\u00e3o pode ampliar o confronto p\u00fablico. O caso ocorre em meio a trocas de acusa\u00e7\u00f5es entre Zema e ministros do STF. O ex-governador tem feito cr\u00edticas p\u00fablicas \u00e0 Corte. Gilmar Mendes, por sua vez, acionou a Procuradoria-Geral da Rep\u00fablica. O epis\u00f3dio intensificou o debate sobre o papel do Judici\u00e1rio no cen\u00e1rio pol\u00edtico.<\/p>\n","protected":false},"author":2,"featured_media":0,"comment_status":"open","ping_status":"open","sticky":false,"template":"","format":"standard","meta":{"footnotes":""},"categories":[53,58,13,6],"tags":[],"class_list":["post-15821","post","type-post","status-publish","format-standard","hentry","category-brasil","category-eleicoes-2026","category-justica","category-politica"],"yoast_head":"<!-- This site is optimized with the Yoast SEO plugin v26.5 - https:\/\/yoast.com\/wordpress\/plugins\/seo\/ -->\n<title>Temer diz que polariza\u00e7\u00e3o atingiu STF e critica resposta de Gilmar a Zema - Sudoesteacontece<\/title>\n<meta name=\"robots\" content=\"index, follow, max-snippet:-1, max-image-preview:large, max-video-preview:-1\" \/>\n<link rel=\"canonical\" href=\"https:\/\/sudoesteacontece.com.br\/?p=15821\" \/>\n<meta property=\"og:locale\" content=\"pt_BR\" \/>\n<meta property=\"og:type\" content=\"article\" \/>\n<meta property=\"og:title\" content=\"Temer diz que polariza\u00e7\u00e3o atingiu STF e critica resposta de Gilmar a Zema - Sudoesteacontece\" \/>\n<meta property=\"og:description\" content=\"O ex-presidente Michel Temer afirmou nesta segunda-feira (27) que a polariza\u00e7\u00e3o pol\u00edtica chegou ao Supremo Tribunal Federal. A declara\u00e7\u00e3o foi dada durante evento em Itu, no interior de S\u00e3o Paulo. Ele comentou a crise de imagem enfrentada pela Corte. Para Temer, o cen\u00e1rio reflete a falta de di\u00e1logo no pa\u00eds. Segundo o ex-presidente, a aus\u00eancia de di\u00e1logo ocorre tanto dentro dos Poderes quanto entre eles. Ele avaliou que esse cen\u00e1rio contribui para o aumento da radicaliza\u00e7\u00e3o pol\u00edtica. Temer destacou que esse ambiente acaba atingindo diferentes setores. O impacto, segundo ele, se estende tamb\u00e9m ao Judici\u00e1rio. Durante a entrevista, Temer afirmou que o STF n\u00e3o \u00e9 o principal respons\u00e1vel pelas cr\u00edticas de ativismo judicial. Ele disse que muitas quest\u00f5es chegam \u00e0 Corte por causa da Constitui\u00e7\u00e3o. O ex-presidente ressaltou que o modelo institucional amplia o papel do Supremo. Isso, segundo ele, exp\u00f5e o tribunal ao debate pol\u00edtico. Temer tamb\u00e9m comentou o embate entre o ministro Gilmar Mendes e o ex-governador Romeu Zema. Ele avaliou que o magistrado n\u00e3o deveria ter respondido \u00e0s cr\u00edticas. Para o ex-presidente, esse tipo de rea\u00e7\u00e3o pode ampliar o confronto p\u00fablico. O caso ocorre em meio a trocas de acusa\u00e7\u00f5es entre Zema e ministros do STF. O ex-governador tem feito cr\u00edticas p\u00fablicas \u00e0 Corte. Gilmar Mendes, por sua vez, acionou a Procuradoria-Geral da Rep\u00fablica. O epis\u00f3dio intensificou o debate sobre o papel do Judici\u00e1rio no cen\u00e1rio pol\u00edtico.\" \/>\n<meta property=\"og:url\" content=\"https:\/\/sudoesteacontece.com.br\/?p=15821\" \/>\n<meta property=\"og:site_name\" content=\"Sudoesteacontece\" \/>\n<meta property=\"article:publisher\" content=\"https:\/\/www.facebook.com\/sudoesteacontece\/?locale=pt_BR\" \/>\n<meta property=\"article:published_time\" content=\"2026-04-27T18:44:45+00:00\" \/>\n<meta property=\"article:modified_time\" content=\"2026-04-27T18:44:50+00:00\" \/>\n<meta property=\"og:image\" content=\"https:\/\/sudoesteacontece.com.br\/wp-content\/uploads\/2026\/01\/Temer-afasta-candidatura-a-Presidencia-mas-nao-descarta-totalmente-a-possibilidade-sudoeste-acontece.jpg\" \/>\n\t<meta property=\"og:image:width\" content=\"900\" \/>\n\t<meta property=\"og:image:height\" content=\"600\" \/>\n\t<meta property=\"og:image:type\" content=\"image\/jpeg\" \/>\n<meta name=\"author\" content=\"Washington Tiago\" \/>\n<meta name=\"twitter:card\" content=\"summary_large_image\" \/>\n<meta name=\"twitter:label1\" content=\"Escrito por\" \/>\n\t<meta name=\"twitter:data1\" content=\"Washington Tiago\" \/>\n\t<meta name=\"twitter:label2\" content=\"Est. tempo de leitura\" \/>\n\t<meta name=\"twitter:data2\" content=\"2 minutos\" \/>\n<script type=\"application\/ld+json\" class=\"yoast-schema-graph\">{\"@context\":\"https:\/\/schema.org\",\"@graph\":[{\"@type\":\"Article\",\"@id\":\"https:\/\/sudoesteacontece.com.br\/?p=15821#article\",\"isPartOf\":{\"@id\":\"https:\/\/sudoesteacontece.com.br\/?p=15821\"},\"author\":{\"name\":\"Washington Tiago\",\"@id\":\"https:\/\/sudoesteacontece.com.br\/#\/schema\/person\/3cf2cf009926a9683ebc29d5379fa79c\"},\"headline\":\"Temer diz que polariza\u00e7\u00e3o atingiu STF e critica resposta de Gilmar a Zema\",\"datePublished\":\"2026-04-27T18:44:45+00:00\",\"dateModified\":\"2026-04-27T18:44:50+00:00\",\"mainEntityOfPage\":{\"@id\":\"https:\/\/sudoesteacontece.com.br\/?p=15821\"},\"wordCount\":274,\"commentCount\":0,\"publisher\":{\"@id\":\"https:\/\/sudoesteacontece.com.br\/#organization\"},\"image\":{\"@id\":\"https:\/\/sudoesteacontece.com.br\/?p=15821#primaryimage\"},\"thumbnailUrl\":\"http:\/\/sudoesteacontece.com.br\/wp-content\/uploads\/2026\/01\/Temer-afasta-candidatura-a-Presidencia-mas-nao-descarta-totalmente-a-possibilidade-sudoeste-acontece.jpg\",\"articleSection\":[\"Brasil\",\"Elei\u00e7\u00f5es 2026\",\"Justi\u00e7a\",\"Pol\u00edtica\"],\"inLanguage\":\"pt-BR\",\"potentialAction\":[{\"@type\":\"CommentAction\",\"name\":\"Comment\",\"target\":[\"https:\/\/sudoesteacontece.com.br\/?p=15821#respond\"]}]},{\"@type\":\"WebPage\",\"@id\":\"https:\/\/sudoesteacontece.com.br\/?p=15821\",\"url\":\"https:\/\/sudoesteacontece.com.br\/?p=15821\",\"name\":\"Temer diz que polariza\u00e7\u00e3o atingiu STF e critica resposta de Gilmar a Zema - Sudoesteacontece\",\"isPartOf\":{\"@id\":\"https:\/\/sudoesteacontece.com.br\/#website\"},\"primaryImageOfPage\":{\"@id\":\"https:\/\/sudoesteacontece.com.br\/?p=15821#primaryimage\"},\"image\":{\"@id\":\"https:\/\/sudoesteacontece.com.br\/?p=15821#primaryimage\"},\"thumbnailUrl\":\"http:\/\/sudoesteacontece.com.br\/wp-content\/uploads\/2026\/01\/Temer-afasta-candidatura-a-Presidencia-mas-nao-descarta-totalmente-a-possibilidade-sudoeste-acontece.jpg\",\"datePublished\":\"2026-04-27T18:44:45+00:00\",\"dateModified\":\"2026-04-27T18:44:50+00:00\",\"breadcrumb\":{\"@id\":\"https:\/\/sudoesteacontece.com.br\/?p=15821#breadcrumb\"},\"inLanguage\":\"pt-BR\",\"potentialAction\":[{\"@type\":\"ReadAction\",\"target\":[\"https:\/\/sudoesteacontece.com.br\/?p=15821\"]}]},{\"@type\":\"ImageObject\",\"inLanguage\":\"pt-BR\",\"@id\":\"https:\/\/sudoesteacontece.com.br\/?p=15821#primaryimage\",\"url\":\"https:\/\/sudoesteacontece.com.br\/wp-content\/uploads\/2026\/01\/Temer-afasta-candidatura-a-Presidencia-mas-nao-descarta-totalmente-a-possibilidade-sudoeste-acontece.jpg\",\"contentUrl\":\"https:\/\/sudoesteacontece.com.br\/wp-content\/uploads\/2026\/01\/Temer-afasta-candidatura-a-Presidencia-mas-nao-descarta-totalmente-a-possibilidade-sudoeste-acontece.jpg\",\"width\":900,\"height\":600},{\"@type\":\"BreadcrumbList\",\"@id\":\"https:\/\/sudoesteacontece.com.br\/?p=15821#breadcrumb\",\"itemListElement\":[{\"@type\":\"ListItem\",\"position\":1,\"name\":\"In\u00edcio\",\"item\":\"https:\/\/sudoesteacontece.com.br\/\"},{\"@type\":\"ListItem\",\"position\":2,\"name\":\"Temer diz que polariza\u00e7\u00e3o atingiu STF e critica resposta de Gilmar a Zema\"}]},{\"@type\":\"WebSite\",\"@id\":\"https:\/\/sudoesteacontece.com.br\/#website\",\"url\":\"https:\/\/sudoesteacontece.com.br\/\",\"name\":\"Sudoesteacontece\",\"description\":\"\",\"publisher\":{\"@id\":\"https:\/\/sudoesteacontece.com.br\/#organization\"},\"potentialAction\":[{\"@type\":\"SearchAction\",\"target\":{\"@type\":\"EntryPoint\",\"urlTemplate\":\"https:\/\/sudoesteacontece.com.br\/?s={search_term_string}\"},\"query-input\":{\"@type\":\"PropertyValueSpecification\",\"valueRequired\":true,\"valueName\":\"search_term_string\"}}],\"inLanguage\":\"pt-BR\"},{\"@type\":\"Organization\",\"@id\":\"https:\/\/sudoesteacontece.com.br\/#organization\",\"name\":\"Sudoesteacontece\",\"url\":\"https:\/\/sudoesteacontece.com.br\/\",\"logo\":{\"@type\":\"ImageObject\",\"inLanguage\":\"pt-BR\",\"@id\":\"https:\/\/sudoesteacontece.com.br\/#\/schema\/logo\/image\/\",\"url\":\"https:\/\/sudoesteacontece.com.br\/wp-content\/uploads\/2025\/12\/cropped-logo-2-180x180-1.png\",\"contentUrl\":\"https:\/\/sudoesteacontece.com.br\/wp-content\/uploads\/2025\/12\/cropped-logo-2-180x180-1.png\",\"width\":180,\"height\":180,\"caption\":\"Sudoesteacontece\"},\"image\":{\"@id\":\"https:\/\/sudoesteacontece.com.br\/#\/schema\/logo\/image\/\"},\"sameAs\":[\"https:\/\/www.facebook.com\/sudoesteacontece\/?locale=pt_BR\"]},{\"@type\":\"Person\",\"@id\":\"https:\/\/sudoesteacontece.com.br\/#\/schema\/person\/3cf2cf009926a9683ebc29d5379fa79c\",\"name\":\"Washington Tiago\",\"image\":{\"@type\":\"ImageObject\",\"inLanguage\":\"pt-BR\",\"@id\":\"https:\/\/sudoesteacontece.com.br\/#\/schema\/person\/image\/\",\"url\":\"https:\/\/secure.gravatar.com\/avatar\/33c43b8668157e040f9d1fe93c354bf087cbd8ba36270c1163198bd3ddcf2a56?s=96&d=mm&r=g\",\"contentUrl\":\"https:\/\/secure.gravatar.com\/avatar\/33c43b8668157e040f9d1fe93c354bf087cbd8ba36270c1163198bd3ddcf2a56?s=96&d=mm&r=g\",\"caption\":\"Washington Tiago\"},\"url\":\"https:\/\/sudoesteacontece.com.br\/?author=2\"}]}<\/script>\n<!-- \/ Yoast SEO plugin. -->","yoast_head_json":{"title":"Temer diz que polariza\u00e7\u00e3o atingiu STF e critica resposta de Gilmar a Zema - Sudoesteacontece","robots":{"index":"index","follow":"follow","max-snippet":"max-snippet:-1","max-image-preview":"max-image-preview:large","max-video-preview":"max-video-preview:-1"},"canonical":"https:\/\/sudoesteacontece.com.br\/?p=15821","og_locale":"pt_BR","og_type":"article","og_title":"Temer diz que polariza\u00e7\u00e3o atingiu STF e critica resposta de Gilmar a Zema - Sudoesteacontece","og_description":"O ex-presidente Michel Temer afirmou nesta segunda-feira (27) que a polariza\u00e7\u00e3o pol\u00edtica chegou ao Supremo Tribunal Federal. A declara\u00e7\u00e3o foi dada durante evento em Itu, no interior de S\u00e3o Paulo. Ele comentou a crise de imagem enfrentada pela Corte. Para Temer, o cen\u00e1rio reflete a falta de di\u00e1logo no pa\u00eds. Segundo o ex-presidente, a aus\u00eancia de di\u00e1logo ocorre tanto dentro dos Poderes quanto entre eles. Ele avaliou que esse cen\u00e1rio contribui para o aumento da radicaliza\u00e7\u00e3o pol\u00edtica. Temer destacou que esse ambiente acaba atingindo diferentes setores. O impacto, segundo ele, se estende tamb\u00e9m ao Judici\u00e1rio. Durante a entrevista, Temer afirmou que o STF n\u00e3o \u00e9 o principal respons\u00e1vel pelas cr\u00edticas de ativismo judicial. Ele disse que muitas quest\u00f5es chegam \u00e0 Corte por causa da Constitui\u00e7\u00e3o. O ex-presidente ressaltou que o modelo institucional amplia o papel do Supremo. Isso, segundo ele, exp\u00f5e o tribunal ao debate pol\u00edtico. Temer tamb\u00e9m comentou o embate entre o ministro Gilmar Mendes e o ex-governador Romeu Zema. Ele avaliou que o magistrado n\u00e3o deveria ter respondido \u00e0s cr\u00edticas. Para o ex-presidente, esse tipo de rea\u00e7\u00e3o pode ampliar o confronto p\u00fablico. O caso ocorre em meio a trocas de acusa\u00e7\u00f5es entre Zema e ministros do STF. O ex-governador tem feito cr\u00edticas p\u00fablicas \u00e0 Corte. Gilmar Mendes, por sua vez, acionou a Procuradoria-Geral da Rep\u00fablica. O epis\u00f3dio intensificou o debate sobre o papel do Judici\u00e1rio no cen\u00e1rio pol\u00edtico.","og_url":"https:\/\/sudoesteacontece.com.br\/?p=15821","og_site_name":"Sudoesteacontece","article_publisher":"https:\/\/www.facebook.com\/sudoesteacontece\/?locale=pt_BR","article_published_time":"2026-04-27T18:44:45+00:00","article_modified_time":"2026-04-27T18:44:50+00:00","og_image":[{"width":900,"height":600,"url":"https:\/\/sudoesteacontece.com.br\/wp-content\/uploads\/2026\/01\/Temer-afasta-candidatura-a-Presidencia-mas-nao-descarta-totalmente-a-possibilidade-sudoeste-acontece.jpg","type":"image\/jpeg"}],"author":"Washington Tiago","twitter_card":"summary_large_image","twitter_misc":{"Escrito por":"Washington Tiago","Est. tempo de leitura":"2 minutos"},"schema":{"@context":"https:\/\/schema.org","@graph":[{"@type":"Article","@id":"https:\/\/sudoesteacontece.com.br\/?p=15821#article","isPartOf":{"@id":"https:\/\/sudoesteacontece.com.br\/?p=15821"},"author":{"name":"Washington Tiago","@id":"https:\/\/sudoesteacontece.com.br\/#\/schema\/person\/3cf2cf009926a9683ebc29d5379fa79c"},"headline":"Temer diz que polariza\u00e7\u00e3o atingiu STF e critica resposta de Gilmar a Zema","datePublished":"2026-04-27T18:44:45+00:00","dateModified":"2026-04-27T18:44:50+00:00","mainEntityOfPage":{"@id":"https:\/\/sudoesteacontece.com.br\/?p=15821"},"wordCount":274,"commentCount":0,"publisher":{"@id":"https:\/\/sudoesteacontece.com.br\/#organization"},"image":{"@id":"https:\/\/sudoesteacontece.com.br\/?p=15821#primaryimage"},"thumbnailUrl":"http:\/\/sudoesteacontece.com.br\/wp-content\/uploads\/2026\/01\/Temer-afasta-candidatura-a-Presidencia-mas-nao-descarta-totalmente-a-possibilidade-sudoeste-acontece.jpg","articleSection":["Brasil","Elei\u00e7\u00f5es 2026","Justi\u00e7a","Pol\u00edtica"],"inLanguage":"pt-BR","potentialAction":[{"@type":"CommentAction","name":"Comment","target":["https:\/\/sudoesteacontece.com.br\/?p=15821#respond"]}]},{"@type":"WebPage","@id":"https:\/\/sudoesteacontece.com.br\/?p=15821","url":"https:\/\/sudoesteacontece.com.br\/?p=15821","name":"Temer diz que polariza\u00e7\u00e3o atingiu STF e critica resposta de Gilmar a Zema - Sudoesteacontece","isPartOf":{"@id":"https:\/\/sudoesteacontece.com.br\/#website"},"primaryImageOfPage":{"@id":"https:\/\/sudoesteacontece.com.br\/?p=15821#primaryimage"},"image":{"@id":"https:\/\/sudoesteacontece.com.br\/?p=15821#primaryimage"},"thumbnailUrl":"http:\/\/sudoesteacontece.com.br\/wp-content\/uploads\/2026\/01\/Temer-afasta-candidatura-a-Presidencia-mas-nao-descarta-totalmente-a-possibilidade-sudoeste-acontece.jpg","datePublished":"2026-04-27T18:44:45+00:00","dateModified":"2026-04-27T18:44:50+00:00","breadcrumb":{"@id":"https:\/\/sudoesteacontece.com.br\/?p=15821#breadcrumb"},"inLanguage":"pt-BR","potentialAction":[{"@type":"ReadAction","target":["https:\/\/sudoesteacontece.com.br\/?p=15821"]}]},{"@type":"ImageObject","inLanguage":"pt-BR","@id":"https:\/\/sudoesteacontece.com.br\/?p=15821#primaryimage","url":"https:\/\/sudoesteacontece.com.br\/wp-content\/uploads\/2026\/01\/Temer-afasta-candidatura-a-Presidencia-mas-nao-descarta-totalmente-a-possibilidade-sudoeste-acontece.jpg","contentUrl":"https:\/\/sudoesteacontece.com.br\/wp-content\/uploads\/2026\/01\/Temer-afasta-candidatura-a-Presidencia-mas-nao-descarta-totalmente-a-possibilidade-sudoeste-acontece.jpg","width":900,"height":600},{"@type":"BreadcrumbList","@id":"https:\/\/sudoesteacontece.com.br\/?p=15821#breadcrumb","itemListElement":[{"@type":"ListItem","position":1,"name":"In\u00edcio","item":"https:\/\/sudoesteacontece.com.br\/"},{"@type":"ListItem","position":2,"name":"Temer diz que polariza\u00e7\u00e3o atingiu STF e critica resposta de Gilmar a Zema"}]},{"@type":"WebSite","@id":"https:\/\/sudoesteacontece.com.br\/#website","url":"https:\/\/sudoesteacontece.com.br\/","name":"Sudoesteacontece","description":"","publisher":{"@id":"https:\/\/sudoesteacontece.com.br\/#organization"},"potentialAction":[{"@type":"SearchAction","target":{"@type":"EntryPoint","urlTemplate":"https:\/\/sudoesteacontece.com.br\/?s={search_term_string}"},"query-input":{"@type":"PropertyValueSpecification","valueRequired":true,"valueName":"search_term_string"}}],"inLanguage":"pt-BR"},{"@type":"Organization","@id":"https:\/\/sudoesteacontece.com.br\/#organization","name":"Sudoesteacontece","url":"https:\/\/sudoesteacontece.com.br\/","logo":{"@type":"ImageObject","inLanguage":"pt-BR","@id":"https:\/\/sudoesteacontece.com.br\/#\/schema\/logo\/image\/","url":"https:\/\/sudoesteacontece.com.br\/wp-content\/uploads\/2025\/12\/cropped-logo-2-180x180-1.png","contentUrl":"https:\/\/sudoesteacontece.com.br\/wp-content\/uploads\/2025\/12\/cropped-logo-2-180x180-1.png","width":180,"height":180,"caption":"Sudoesteacontece"},"image":{"@id":"https:\/\/sudoesteacontece.com.br\/#\/schema\/logo\/image\/"},"sameAs":["https:\/\/www.facebook.com\/sudoesteacontece\/?locale=pt_BR"]},{"@type":"Person","@id":"https:\/\/sudoesteacontece.com.br\/#\/schema\/person\/3cf2cf009926a9683ebc29d5379fa79c","name":"Washington Tiago","image":{"@type":"ImageObject","inLanguage":"pt-BR","@id":"https:\/\/sudoesteacontece.com.br\/#\/schema\/person\/image\/","url":"https:\/\/secure.gravatar.com\/avatar\/33c43b8668157e040f9d1fe93c354bf087cbd8ba36270c1163198bd3ddcf2a56?s=96&d=mm&r=g","contentUrl":"https:\/\/secure.gravatar.com\/avatar\/33c43b8668157e040f9d1fe93c354bf087cbd8ba36270c1163198bd3ddcf2a56?s=96&d=mm&r=g","caption":"Washington Tiago"},"url":"https:\/\/sudoesteacontece.com.br\/?author=2"}]}},"_links":{"self":[{"href":"https:\/\/sudoesteacontece.com.br\/index.php?rest_route=\/wp\/v2\/posts\/15821","targetHints":{"allow":["GET"]}}],"collection":[{"href":"https:\/\/sudoesteacontece.com.br\/index.php?rest_route=\/wp\/v2\/posts"}],"about":[{"href":"https:\/\/sudoesteacontece.com.br\/index.php?rest_route=\/wp\/v2\/types\/post"}],"author":[{"embeddable":true,"href":"https:\/\/sudoesteacontece.com.br\/index.php?rest_route=\/wp\/v2\/users\/2"}],"replies":[{"embeddable":true,"href":"https:\/\/sudoesteacontece.com.br\/index.php?rest_route=%2Fwp%2Fv2%2Fcomments&post=15821"}],"version-history":[{"count":1,"href":"https:\/\/sudoesteacontece.com.br\/index.php?rest_route=\/wp\/v2\/posts\/15821\/revisions"}],"predecessor-version":[{"id":15845,"href":"https:\/\/sudoesteacontece.com.br\/index.php?rest_route=\/wp\/v2\/posts\/15821\/revisions\/15845"}],"wp:attachment":[{"href":"https:\/\/sudoesteacontece.com.br\/index.php?rest_route=%2Fwp%2Fv2%2Fmedia&parent=15821"}],"wp:term":[{"taxonomy":"category","embeddable":true,"href":"https:\/\/sudoesteacontece.com.br\/index.php?rest_route=%2Fwp%2Fv2%2Fcategories&post=15821"},{"taxonomy":"post_tag","embeddable":true,"href":"https:\/\/sudoesteacontece.com.br\/index.php?rest_route=%2Fwp%2Fv2%2Ftags&post=15821"}],"curies":[{"name":"wp","href":"https:\/\/api.w.org\/{rel}","templated":true}]}}