{"id":15825,"date":"2026-04-27T15:51:25","date_gmt":"2026-04-27T18:51:25","guid":{"rendered":"https:\/\/sudoesteacontece.com.br\/?p=15825"},"modified":"2026-04-27T15:51:29","modified_gmt":"2026-04-27T18:51:29","slug":"homem-e-baleado-e-ataque-gera-correria-na-zona-rural-de-vitoria-da-conquista","status":"publish","type":"post","link":"https:\/\/sudoesteacontece.com.br\/?p=15825","title":{"rendered":"Homem \u00e9 baleado e ataque gera correria na zona rural de Vit\u00f3ria da Conquista"},"content":{"rendered":"<div class=\"wp-block-image\">\n<figure class=\"aligncenter size-full\"><img fetchpriority=\"high\" decoding=\"async\" width=\"900\" height=\"600\" src=\"http:\/\/sudoesteacontece.com.br\/wp-content\/uploads\/2026\/04\/Homem-e-baleado-e-ataque-gera-correria-na-zona-rural-de-Vitoria-da-Conquista.jpg\" alt=\"\" class=\"wp-image-15850\" srcset=\"https:\/\/sudoesteacontece.com.br\/wp-content\/uploads\/2026\/04\/Homem-e-baleado-e-ataque-gera-correria-na-zona-rural-de-Vitoria-da-Conquista.jpg 900w, https:\/\/sudoesteacontece.com.br\/wp-content\/uploads\/2026\/04\/Homem-e-baleado-e-ataque-gera-correria-na-zona-rural-de-Vitoria-da-Conquista-300x200.jpg 300w, https:\/\/sudoesteacontece.com.br\/wp-content\/uploads\/2026\/04\/Homem-e-baleado-e-ataque-gera-correria-na-zona-rural-de-Vitoria-da-Conquista-768x512.jpg 768w\" sizes=\"(max-width: 900px) 100vw, 900px\" \/><\/figure>\n<\/div>\n\n\n<p>Um homem foi baleado na manh\u00e3 desta segunda-feira (27), no povoado do Baix\u00e3o, em Vit\u00f3ria da Conquista. O caso foi registrado como tentativa de homic\u00eddio. A v\u00edtima foi socorrida em estado grave. O nome n\u00e3o foi divulgado at\u00e9 a \u00faltima atualiza\u00e7\u00e3o.<\/p>\n\n\n\n<p>Segundo informa\u00e7\u00f5es iniciais, o ataque causou p\u00e2nico entre moradores. Populares relataram momentos de correria na localidade. \u00c1udios e mensagens circularam nas redes sociais. O clima foi de medo logo ap\u00f3s a ocorr\u00eancia.<\/p>\n\n\n\n<p>A v\u00edtima foi levada para uma unidade hospitalar da cidade. O estado de sa\u00fade \u00e9 considerado grave. N\u00e3o h\u00e1 detalhes sobre a identidade ou idade. O atendimento foi realizado ap\u00f3s acionamento das equipes de socorro.<\/p>\n\n\n\n<p>O autor dos disparos fugiu ap\u00f3s o crime. At\u00e9 o momento, n\u00e3o h\u00e1 informa\u00e7\u00f5es sobre suspeitos. A Pol\u00edcia Militar da Bahia, por meio da Companhia de Policiamento Rural, foi acionada. A Pol\u00edcia Civil da Bahia investiga o caso.<\/p>\n","protected":false},"excerpt":{"rendered":"<p>Um homem foi baleado na manh\u00e3 desta segunda-feira (27), no povoado do Baix\u00e3o, em Vit\u00f3ria da Conquista. O caso foi registrado como tentativa de homic\u00eddio. A v\u00edtima foi socorrida em estado grave. O nome n\u00e3o foi divulgado at\u00e9 a \u00faltima atualiza\u00e7\u00e3o. Segundo informa\u00e7\u00f5es iniciais, o ataque causou p\u00e2nico entre moradores. Populares relataram momentos de correria na localidade. \u00c1udios e mensagens circularam nas redes sociais. O clima foi de medo logo ap\u00f3s a ocorr\u00eancia. A v\u00edtima foi levada para uma unidade hospitalar da cidade. O estado de sa\u00fade \u00e9 considerado grave. N\u00e3o h\u00e1 detalhes sobre a identidade ou idade. O atendimento foi realizado ap\u00f3s acionamento das equipes de socorro. O autor dos disparos fugiu ap\u00f3s o crime. At\u00e9 o momento, n\u00e3o h\u00e1 informa\u00e7\u00f5es sobre suspeitos. A Pol\u00edcia Militar da Bahia, por meio da Companhia de Policiamento Rural, foi acionada. A Pol\u00edcia Civil da Bahia investiga o caso.<\/p>\n","protected":false},"author":2,"featured_media":0,"comment_status":"open","ping_status":"open","sticky":false,"template":"","format":"standard","meta":{"footnotes":""},"categories":[4,3],"tags":[],"class_list":["post-15825","post","type-post","status-publish","format-standard","hentry","category-cidades","category-policia"],"yoast_head":"<!-- This site is optimized with the Yoast SEO plugin v26.5 - https:\/\/yoast.com\/wordpress\/plugins\/seo\/ -->\n<title>Homem \u00e9 baleado e ataque gera correria na zona rural de Vit\u00f3ria da Conquista - Sudoesteacontece<\/title>\n<meta name=\"robots\" content=\"index, follow, max-snippet:-1, max-image-preview:large, max-video-preview:-1\" \/>\n<link rel=\"canonical\" href=\"https:\/\/sudoesteacontece.com.br\/?p=15825\" \/>\n<meta property=\"og:locale\" content=\"pt_BR\" \/>\n<meta property=\"og:type\" content=\"article\" \/>\n<meta property=\"og:title\" content=\"Homem \u00e9 baleado e ataque gera correria na zona rural de Vit\u00f3ria da Conquista - Sudoesteacontece\" \/>\n<meta property=\"og:description\" content=\"Um homem foi baleado na manh\u00e3 desta segunda-feira (27), no povoado do Baix\u00e3o, em Vit\u00f3ria da Conquista. O caso foi registrado como tentativa de homic\u00eddio. A v\u00edtima foi socorrida em estado grave. O nome n\u00e3o foi divulgado at\u00e9 a \u00faltima atualiza\u00e7\u00e3o. Segundo informa\u00e7\u00f5es iniciais, o ataque causou p\u00e2nico entre moradores. Populares relataram momentos de correria na localidade. \u00c1udios e mensagens circularam nas redes sociais. O clima foi de medo logo ap\u00f3s a ocorr\u00eancia. A v\u00edtima foi levada para uma unidade hospitalar da cidade. O estado de sa\u00fade \u00e9 considerado grave. N\u00e3o h\u00e1 detalhes sobre a identidade ou idade. O atendimento foi realizado ap\u00f3s acionamento das equipes de socorro. O autor dos disparos fugiu ap\u00f3s o crime. At\u00e9 o momento, n\u00e3o h\u00e1 informa\u00e7\u00f5es sobre suspeitos. A Pol\u00edcia Militar da Bahia, por meio da Companhia de Policiamento Rural, foi acionada. A Pol\u00edcia Civil da Bahia investiga o caso.\" \/>\n<meta property=\"og:url\" content=\"https:\/\/sudoesteacontece.com.br\/?p=15825\" \/>\n<meta property=\"og:site_name\" content=\"Sudoesteacontece\" \/>\n<meta property=\"article:publisher\" content=\"https:\/\/www.facebook.com\/sudoesteacontece\/?locale=pt_BR\" \/>\n<meta property=\"article:published_time\" content=\"2026-04-27T18:51:25+00:00\" \/>\n<meta property=\"article:modified_time\" content=\"2026-04-27T18:51:29+00:00\" \/>\n<meta property=\"og:image\" content=\"https:\/\/sudoesteacontece.com.br\/wp-content\/uploads\/2026\/04\/Homem-e-baleado-e-ataque-gera-correria-na-zona-rural-de-Vitoria-da-Conquista.jpg\" \/>\n\t<meta property=\"og:image:width\" content=\"900\" \/>\n\t<meta property=\"og:image:height\" content=\"600\" \/>\n\t<meta property=\"og:image:type\" content=\"image\/jpeg\" \/>\n<meta name=\"author\" content=\"Washington Tiago\" \/>\n<meta name=\"twitter:card\" content=\"summary_large_image\" \/>\n<meta name=\"twitter:label1\" content=\"Escrito por\" \/>\n\t<meta name=\"twitter:data1\" content=\"Washington Tiago\" \/>\n\t<meta name=\"twitter:label2\" content=\"Est. tempo de leitura\" \/>\n\t<meta name=\"twitter:data2\" content=\"2 minutos\" \/>\n<script type=\"application\/ld+json\" class=\"yoast-schema-graph\">{\"@context\":\"https:\/\/schema.org\",\"@graph\":[{\"@type\":\"Article\",\"@id\":\"https:\/\/sudoesteacontece.com.br\/?p=15825#article\",\"isPartOf\":{\"@id\":\"https:\/\/sudoesteacontece.com.br\/?p=15825\"},\"author\":{\"name\":\"Washington Tiago\",\"@id\":\"https:\/\/sudoesteacontece.com.br\/#\/schema\/person\/3cf2cf009926a9683ebc29d5379fa79c\"},\"headline\":\"Homem \u00e9 baleado e ataque gera correria na zona rural de Vit\u00f3ria da Conquista\",\"datePublished\":\"2026-04-27T18:51:25+00:00\",\"dateModified\":\"2026-04-27T18:51:29+00:00\",\"mainEntityOfPage\":{\"@id\":\"https:\/\/sudoesteacontece.com.br\/?p=15825\"},\"wordCount\":177,\"commentCount\":0,\"publisher\":{\"@id\":\"https:\/\/sudoesteacontece.com.br\/#organization\"},\"image\":{\"@id\":\"https:\/\/sudoesteacontece.com.br\/?p=15825#primaryimage\"},\"thumbnailUrl\":\"http:\/\/sudoesteacontece.com.br\/wp-content\/uploads\/2026\/04\/Homem-e-baleado-e-ataque-gera-correria-na-zona-rural-de-Vitoria-da-Conquista.jpg\",\"articleSection\":[\"Cidades\",\"Pol\u00edcia\"],\"inLanguage\":\"pt-BR\",\"potentialAction\":[{\"@type\":\"CommentAction\",\"name\":\"Comment\",\"target\":[\"https:\/\/sudoesteacontece.com.br\/?p=15825#respond\"]}]},{\"@type\":\"WebPage\",\"@id\":\"https:\/\/sudoesteacontece.com.br\/?p=15825\",\"url\":\"https:\/\/sudoesteacontece.com.br\/?p=15825\",\"name\":\"Homem \u00e9 baleado e ataque gera correria na zona rural de Vit\u00f3ria da Conquista - Sudoesteacontece\",\"isPartOf\":{\"@id\":\"https:\/\/sudoesteacontece.com.br\/#website\"},\"primaryImageOfPage\":{\"@id\":\"https:\/\/sudoesteacontece.com.br\/?p=15825#primaryimage\"},\"image\":{\"@id\":\"https:\/\/sudoesteacontece.com.br\/?p=15825#primaryimage\"},\"thumbnailUrl\":\"http:\/\/sudoesteacontece.com.br\/wp-content\/uploads\/2026\/04\/Homem-e-baleado-e-ataque-gera-correria-na-zona-rural-de-Vitoria-da-Conquista.jpg\",\"datePublished\":\"2026-04-27T18:51:25+00:00\",\"dateModified\":\"2026-04-27T18:51:29+00:00\",\"breadcrumb\":{\"@id\":\"https:\/\/sudoesteacontece.com.br\/?p=15825#breadcrumb\"},\"inLanguage\":\"pt-BR\",\"potentialAction\":[{\"@type\":\"ReadAction\",\"target\":[\"https:\/\/sudoesteacontece.com.br\/?p=15825\"]}]},{\"@type\":\"ImageObject\",\"inLanguage\":\"pt-BR\",\"@id\":\"https:\/\/sudoesteacontece.com.br\/?p=15825#primaryimage\",\"url\":\"https:\/\/sudoesteacontece.com.br\/wp-content\/uploads\/2026\/04\/Homem-e-baleado-e-ataque-gera-correria-na-zona-rural-de-Vitoria-da-Conquista.jpg\",\"contentUrl\":\"https:\/\/sudoesteacontece.com.br\/wp-content\/uploads\/2026\/04\/Homem-e-baleado-e-ataque-gera-correria-na-zona-rural-de-Vitoria-da-Conquista.jpg\",\"width\":900,\"height\":600},{\"@type\":\"BreadcrumbList\",\"@id\":\"https:\/\/sudoesteacontece.com.br\/?p=15825#breadcrumb\",\"itemListElement\":[{\"@type\":\"ListItem\",\"position\":1,\"name\":\"In\u00edcio\",\"item\":\"https:\/\/sudoesteacontece.com.br\/\"},{\"@type\":\"ListItem\",\"position\":2,\"name\":\"Homem \u00e9 baleado e ataque gera correria na zona rural de Vit\u00f3ria da Conquista\"}]},{\"@type\":\"WebSite\",\"@id\":\"https:\/\/sudoesteacontece.com.br\/#website\",\"url\":\"https:\/\/sudoesteacontece.com.br\/\",\"name\":\"Sudoesteacontece\",\"description\":\"\",\"publisher\":{\"@id\":\"https:\/\/sudoesteacontece.com.br\/#organization\"},\"potentialAction\":[{\"@type\":\"SearchAction\",\"target\":{\"@type\":\"EntryPoint\",\"urlTemplate\":\"https:\/\/sudoesteacontece.com.br\/?s={search_term_string}\"},\"query-input\":{\"@type\":\"PropertyValueSpecification\",\"valueRequired\":true,\"valueName\":\"search_term_string\"}}],\"inLanguage\":\"pt-BR\"},{\"@type\":\"Organization\",\"@id\":\"https:\/\/sudoesteacontece.com.br\/#organization\",\"name\":\"Sudoesteacontece\",\"url\":\"https:\/\/sudoesteacontece.com.br\/\",\"logo\":{\"@type\":\"ImageObject\",\"inLanguage\":\"pt-BR\",\"@id\":\"https:\/\/sudoesteacontece.com.br\/#\/schema\/logo\/image\/\",\"url\":\"https:\/\/sudoesteacontece.com.br\/wp-content\/uploads\/2025\/12\/cropped-logo-2-180x180-1.png\",\"contentUrl\":\"https:\/\/sudoesteacontece.com.br\/wp-content\/uploads\/2025\/12\/cropped-logo-2-180x180-1.png\",\"width\":180,\"height\":180,\"caption\":\"Sudoesteacontece\"},\"image\":{\"@id\":\"https:\/\/sudoesteacontece.com.br\/#\/schema\/logo\/image\/\"},\"sameAs\":[\"https:\/\/www.facebook.com\/sudoesteacontece\/?locale=pt_BR\"]},{\"@type\":\"Person\",\"@id\":\"https:\/\/sudoesteacontece.com.br\/#\/schema\/person\/3cf2cf009926a9683ebc29d5379fa79c\",\"name\":\"Washington Tiago\",\"image\":{\"@type\":\"ImageObject\",\"inLanguage\":\"pt-BR\",\"@id\":\"https:\/\/sudoesteacontece.com.br\/#\/schema\/person\/image\/\",\"url\":\"https:\/\/secure.gravatar.com\/avatar\/33c43b8668157e040f9d1fe93c354bf087cbd8ba36270c1163198bd3ddcf2a56?s=96&d=mm&r=g\",\"contentUrl\":\"https:\/\/secure.gravatar.com\/avatar\/33c43b8668157e040f9d1fe93c354bf087cbd8ba36270c1163198bd3ddcf2a56?s=96&d=mm&r=g\",\"caption\":\"Washington Tiago\"},\"url\":\"https:\/\/sudoesteacontece.com.br\/?author=2\"}]}<\/script>\n<!-- \/ Yoast SEO plugin. -->","yoast_head_json":{"title":"Homem \u00e9 baleado e ataque gera correria na zona rural de Vit\u00f3ria da Conquista - Sudoesteacontece","robots":{"index":"index","follow":"follow","max-snippet":"max-snippet:-1","max-image-preview":"max-image-preview:large","max-video-preview":"max-video-preview:-1"},"canonical":"https:\/\/sudoesteacontece.com.br\/?p=15825","og_locale":"pt_BR","og_type":"article","og_title":"Homem \u00e9 baleado e ataque gera correria na zona rural de Vit\u00f3ria da Conquista - Sudoesteacontece","og_description":"Um homem foi baleado na manh\u00e3 desta segunda-feira (27), no povoado do Baix\u00e3o, em Vit\u00f3ria da Conquista. O caso foi registrado como tentativa de homic\u00eddio. A v\u00edtima foi socorrida em estado grave. O nome n\u00e3o foi divulgado at\u00e9 a \u00faltima atualiza\u00e7\u00e3o. Segundo informa\u00e7\u00f5es iniciais, o ataque causou p\u00e2nico entre moradores. Populares relataram momentos de correria na localidade. \u00c1udios e mensagens circularam nas redes sociais. O clima foi de medo logo ap\u00f3s a ocorr\u00eancia. A v\u00edtima foi levada para uma unidade hospitalar da cidade. O estado de sa\u00fade \u00e9 considerado grave. N\u00e3o h\u00e1 detalhes sobre a identidade ou idade. O atendimento foi realizado ap\u00f3s acionamento das equipes de socorro. O autor dos disparos fugiu ap\u00f3s o crime. At\u00e9 o momento, n\u00e3o h\u00e1 informa\u00e7\u00f5es sobre suspeitos. A Pol\u00edcia Militar da Bahia, por meio da Companhia de Policiamento Rural, foi acionada. A Pol\u00edcia Civil da Bahia investiga o caso.","og_url":"https:\/\/sudoesteacontece.com.br\/?p=15825","og_site_name":"Sudoesteacontece","article_publisher":"https:\/\/www.facebook.com\/sudoesteacontece\/?locale=pt_BR","article_published_time":"2026-04-27T18:51:25+00:00","article_modified_time":"2026-04-27T18:51:29+00:00","og_image":[{"width":900,"height":600,"url":"https:\/\/sudoesteacontece.com.br\/wp-content\/uploads\/2026\/04\/Homem-e-baleado-e-ataque-gera-correria-na-zona-rural-de-Vitoria-da-Conquista.jpg","type":"image\/jpeg"}],"author":"Washington Tiago","twitter_card":"summary_large_image","twitter_misc":{"Escrito por":"Washington Tiago","Est. tempo de leitura":"2 minutos"},"schema":{"@context":"https:\/\/schema.org","@graph":[{"@type":"Article","@id":"https:\/\/sudoesteacontece.com.br\/?p=15825#article","isPartOf":{"@id":"https:\/\/sudoesteacontece.com.br\/?p=15825"},"author":{"name":"Washington Tiago","@id":"https:\/\/sudoesteacontece.com.br\/#\/schema\/person\/3cf2cf009926a9683ebc29d5379fa79c"},"headline":"Homem \u00e9 baleado e ataque gera correria na zona rural de Vit\u00f3ria da Conquista","datePublished":"2026-04-27T18:51:25+00:00","dateModified":"2026-04-27T18:51:29+00:00","mainEntityOfPage":{"@id":"https:\/\/sudoesteacontece.com.br\/?p=15825"},"wordCount":177,"commentCount":0,"publisher":{"@id":"https:\/\/sudoesteacontece.com.br\/#organization"},"image":{"@id":"https:\/\/sudoesteacontece.com.br\/?p=15825#primaryimage"},"thumbnailUrl":"http:\/\/sudoesteacontece.com.br\/wp-content\/uploads\/2026\/04\/Homem-e-baleado-e-ataque-gera-correria-na-zona-rural-de-Vitoria-da-Conquista.jpg","articleSection":["Cidades","Pol\u00edcia"],"inLanguage":"pt-BR","potentialAction":[{"@type":"CommentAction","name":"Comment","target":["https:\/\/sudoesteacontece.com.br\/?p=15825#respond"]}]},{"@type":"WebPage","@id":"https:\/\/sudoesteacontece.com.br\/?p=15825","url":"https:\/\/sudoesteacontece.com.br\/?p=15825","name":"Homem \u00e9 baleado e ataque gera correria na zona rural de Vit\u00f3ria da Conquista - Sudoesteacontece","isPartOf":{"@id":"https:\/\/sudoesteacontece.com.br\/#website"},"primaryImageOfPage":{"@id":"https:\/\/sudoesteacontece.com.br\/?p=15825#primaryimage"},"image":{"@id":"https:\/\/sudoesteacontece.com.br\/?p=15825#primaryimage"},"thumbnailUrl":"http:\/\/sudoesteacontece.com.br\/wp-content\/uploads\/2026\/04\/Homem-e-baleado-e-ataque-gera-correria-na-zona-rural-de-Vitoria-da-Conquista.jpg","datePublished":"2026-04-27T18:51:25+00:00","dateModified":"2026-04-27T18:51:29+00:00","breadcrumb":{"@id":"https:\/\/sudoesteacontece.com.br\/?p=15825#breadcrumb"},"inLanguage":"pt-BR","potentialAction":[{"@type":"ReadAction","target":["https:\/\/sudoesteacontece.com.br\/?p=15825"]}]},{"@type":"ImageObject","inLanguage":"pt-BR","@id":"https:\/\/sudoesteacontece.com.br\/?p=15825#primaryimage","url":"https:\/\/sudoesteacontece.com.br\/wp-content\/uploads\/2026\/04\/Homem-e-baleado-e-ataque-gera-correria-na-zona-rural-de-Vitoria-da-Conquista.jpg","contentUrl":"https:\/\/sudoesteacontece.com.br\/wp-content\/uploads\/2026\/04\/Homem-e-baleado-e-ataque-gera-correria-na-zona-rural-de-Vitoria-da-Conquista.jpg","width":900,"height":600},{"@type":"BreadcrumbList","@id":"https:\/\/sudoesteacontece.com.br\/?p=15825#breadcrumb","itemListElement":[{"@type":"ListItem","position":1,"name":"In\u00edcio","item":"https:\/\/sudoesteacontece.com.br\/"},{"@type":"ListItem","position":2,"name":"Homem \u00e9 baleado e ataque gera correria na zona rural de Vit\u00f3ria da Conquista"}]},{"@type":"WebSite","@id":"https:\/\/sudoesteacontece.com.br\/#website","url":"https:\/\/sudoesteacontece.com.br\/","name":"Sudoesteacontece","description":"","publisher":{"@id":"https:\/\/sudoesteacontece.com.br\/#organization"},"potentialAction":[{"@type":"SearchAction","target":{"@type":"EntryPoint","urlTemplate":"https:\/\/sudoesteacontece.com.br\/?s={search_term_string}"},"query-input":{"@type":"PropertyValueSpecification","valueRequired":true,"valueName":"search_term_string"}}],"inLanguage":"pt-BR"},{"@type":"Organization","@id":"https:\/\/sudoesteacontece.com.br\/#organization","name":"Sudoesteacontece","url":"https:\/\/sudoesteacontece.com.br\/","logo":{"@type":"ImageObject","inLanguage":"pt-BR","@id":"https:\/\/sudoesteacontece.com.br\/#\/schema\/logo\/image\/","url":"https:\/\/sudoesteacontece.com.br\/wp-content\/uploads\/2025\/12\/cropped-logo-2-180x180-1.png","contentUrl":"https:\/\/sudoesteacontece.com.br\/wp-content\/uploads\/2025\/12\/cropped-logo-2-180x180-1.png","width":180,"height":180,"caption":"Sudoesteacontece"},"image":{"@id":"https:\/\/sudoesteacontece.com.br\/#\/schema\/logo\/image\/"},"sameAs":["https:\/\/www.facebook.com\/sudoesteacontece\/?locale=pt_BR"]},{"@type":"Person","@id":"https:\/\/sudoesteacontece.com.br\/#\/schema\/person\/3cf2cf009926a9683ebc29d5379fa79c","name":"Washington Tiago","image":{"@type":"ImageObject","inLanguage":"pt-BR","@id":"https:\/\/sudoesteacontece.com.br\/#\/schema\/person\/image\/","url":"https:\/\/secure.gravatar.com\/avatar\/33c43b8668157e040f9d1fe93c354bf087cbd8ba36270c1163198bd3ddcf2a56?s=96&d=mm&r=g","contentUrl":"https:\/\/secure.gravatar.com\/avatar\/33c43b8668157e040f9d1fe93c354bf087cbd8ba36270c1163198bd3ddcf2a56?s=96&d=mm&r=g","caption":"Washington Tiago"},"url":"https:\/\/sudoesteacontece.com.br\/?author=2"}]}},"_links":{"self":[{"href":"https:\/\/sudoesteacontece.com.br\/index.php?rest_route=\/wp\/v2\/posts\/15825","targetHints":{"allow":["GET"]}}],"collection":[{"href":"https:\/\/sudoesteacontece.com.br\/index.php?rest_route=\/wp\/v2\/posts"}],"about":[{"href":"https:\/\/sudoesteacontece.com.br\/index.php?rest_route=\/wp\/v2\/types\/post"}],"author":[{"embeddable":true,"href":"https:\/\/sudoesteacontece.com.br\/index.php?rest_route=\/wp\/v2\/users\/2"}],"replies":[{"embeddable":true,"href":"https:\/\/sudoesteacontece.com.br\/index.php?rest_route=%2Fwp%2Fv2%2Fcomments&post=15825"}],"version-history":[{"count":1,"href":"https:\/\/sudoesteacontece.com.br\/index.php?rest_route=\/wp\/v2\/posts\/15825\/revisions"}],"predecessor-version":[{"id":15851,"href":"https:\/\/sudoesteacontece.com.br\/index.php?rest_route=\/wp\/v2\/posts\/15825\/revisions\/15851"}],"wp:attachment":[{"href":"https:\/\/sudoesteacontece.com.br\/index.php?rest_route=%2Fwp%2Fv2%2Fmedia&parent=15825"}],"wp:term":[{"taxonomy":"category","embeddable":true,"href":"https:\/\/sudoesteacontece.com.br\/index.php?rest_route=%2Fwp%2Fv2%2Fcategories&post=15825"},{"taxonomy":"post_tag","embeddable":true,"href":"https:\/\/sudoesteacontece.com.br\/index.php?rest_route=%2Fwp%2Fv2%2Ftags&post=15825"}],"curies":[{"name":"wp","href":"https:\/\/api.w.org\/{rel}","templated":true}]}}