{"id":15828,"date":"2026-04-27T15:59:10","date_gmt":"2026-04-27T18:59:10","guid":{"rendered":"https:\/\/sudoesteacontece.com.br\/?p=15828"},"modified":"2026-04-27T15:59:14","modified_gmt":"2026-04-27T18:59:14","slug":"rui-costa-diz-estar-perplexo-com-fala-de-angelo-coronel-sobre-voto-em-2022","status":"publish","type":"post","link":"https:\/\/sudoesteacontece.com.br\/?p=15828","title":{"rendered":"Rui Costa diz estar \u201cperplexo\u201d com fala de Angelo Coronel sobre voto em 2022"},"content":{"rendered":"<div class=\"wp-block-image\">\n<figure class=\"aligncenter size-full\"><img fetchpriority=\"high\" decoding=\"async\" width=\"900\" height=\"600\" src=\"http:\/\/sudoesteacontece.com.br\/wp-content\/uploads\/2026\/04\/Rui-Costa-diz-estar-perplexo-com-fala-de-Angelo-Coronel-sobre-voto-em-2022.jpg\" alt=\"\" class=\"wp-image-15852\" srcset=\"https:\/\/sudoesteacontece.com.br\/wp-content\/uploads\/2026\/04\/Rui-Costa-diz-estar-perplexo-com-fala-de-Angelo-Coronel-sobre-voto-em-2022.jpg 900w, https:\/\/sudoesteacontece.com.br\/wp-content\/uploads\/2026\/04\/Rui-Costa-diz-estar-perplexo-com-fala-de-Angelo-Coronel-sobre-voto-em-2022-300x200.jpg 300w, https:\/\/sudoesteacontece.com.br\/wp-content\/uploads\/2026\/04\/Rui-Costa-diz-estar-perplexo-com-fala-de-Angelo-Coronel-sobre-voto-em-2022-768x512.jpg 768w\" sizes=\"(max-width: 900px) 100vw, 900px\" \/><\/figure>\n<\/div>\n\n\n<p>O ex-ministro da Casa Civil Rui Costa afirmou nesta segunda-feira (27) que ficou \u201cperplexo\u201d ap\u00f3s declara\u00e7\u00f5es do senador Angelo Coronel sobre seu voto nas elei\u00e7\u00f5es de 2022. A rea\u00e7\u00e3o foi dada durante entrevista \u00e0 R\u00e1dio Metr\u00f3pole. O epis\u00f3dio ampliou a repercuss\u00e3o no cen\u00e1rio pol\u00edtico baiano.<\/p>\n\n\n\n<p>Segundo Rui Costa, a fala do senador causou indigna\u00e7\u00e3o. Coronel teria admitido, em entrevista anterior, voto no ex-presidente Jair Bolsonaro. A declara\u00e7\u00e3o contraria o apoio do Partido Social Democr\u00e1tico, legenda \u00e0 qual ele era filiado na \u00e9poca. O partido integrava a base do presidente Luiz In\u00e1cio Lula da Silva.<\/p>\n\n\n\n<p>Durante a entrevista, Rui relembrou o esfor\u00e7o pol\u00edtico na elei\u00e7\u00e3o de 2018. Ele destacou dificuldades para eleger Coronel ao Senado. O ex-governador afirmou que lideran\u00e7as chegaram a pedir votos diretamente ao eleitorado. A mobiliza\u00e7\u00e3o buscava garantir a vaga na chapa majorit\u00e1ria.<\/p>\n\n\n\n<p>Rui Costa tamb\u00e9m questionou a veracidade das declara\u00e7\u00f5es do senador. Segundo ele, o pr\u00f3prio eleitor pode avaliar as falas. O epis\u00f3dio reacende debates sobre alian\u00e7as pol\u00edticas. As declara\u00e7\u00f5es seguem repercutindo entre lideran\u00e7as da Bahia.<\/p>\n","protected":false},"excerpt":{"rendered":"<p>O ex-ministro da Casa Civil Rui Costa afirmou nesta segunda-feira (27) que ficou \u201cperplexo\u201d ap\u00f3s declara\u00e7\u00f5es do senador Angelo Coronel sobre seu voto nas elei\u00e7\u00f5es de 2022. A rea\u00e7\u00e3o foi dada durante entrevista \u00e0 R\u00e1dio Metr\u00f3pole. O epis\u00f3dio ampliou a repercuss\u00e3o no cen\u00e1rio pol\u00edtico baiano. Segundo Rui Costa, a fala do senador causou indigna\u00e7\u00e3o. Coronel teria admitido, em entrevista anterior, voto no ex-presidente Jair Bolsonaro. A declara\u00e7\u00e3o contraria o apoio do Partido Social Democr\u00e1tico, legenda \u00e0 qual ele era filiado na \u00e9poca. O partido integrava a base do presidente Luiz In\u00e1cio Lula da Silva. Durante a entrevista, Rui relembrou o esfor\u00e7o pol\u00edtico na elei\u00e7\u00e3o de 2018. Ele destacou dificuldades para eleger Coronel ao Senado. O ex-governador afirmou que lideran\u00e7as chegaram a pedir votos diretamente ao eleitorado. A mobiliza\u00e7\u00e3o buscava garantir a vaga na chapa majorit\u00e1ria. Rui Costa tamb\u00e9m questionou a veracidade das declara\u00e7\u00f5es do senador. Segundo ele, o pr\u00f3prio eleitor pode avaliar as falas. O epis\u00f3dio reacende debates sobre alian\u00e7as pol\u00edticas. As declara\u00e7\u00f5es seguem repercutindo entre lideran\u00e7as da Bahia.<\/p>\n","protected":false},"author":2,"featured_media":0,"comment_status":"open","ping_status":"open","sticky":false,"template":"","format":"standard","meta":{"footnotes":""},"categories":[7,58,6],"tags":[],"class_list":["post-15828","post","type-post","status-publish","format-standard","hentry","category-bahia","category-eleicoes-2026","category-politica"],"yoast_head":"<!-- This site is optimized with the Yoast SEO plugin v26.5 - https:\/\/yoast.com\/wordpress\/plugins\/seo\/ -->\n<title>Rui Costa diz estar \u201cperplexo\u201d com fala de Angelo Coronel sobre voto em 2022 - Sudoesteacontece<\/title>\n<meta name=\"robots\" content=\"index, follow, max-snippet:-1, max-image-preview:large, max-video-preview:-1\" \/>\n<link rel=\"canonical\" href=\"https:\/\/sudoesteacontece.com.br\/?p=15828\" \/>\n<meta property=\"og:locale\" content=\"pt_BR\" \/>\n<meta property=\"og:type\" content=\"article\" \/>\n<meta property=\"og:title\" content=\"Rui Costa diz estar \u201cperplexo\u201d com fala de Angelo Coronel sobre voto em 2022 - Sudoesteacontece\" \/>\n<meta property=\"og:description\" content=\"O ex-ministro da Casa Civil Rui Costa afirmou nesta segunda-feira (27) que ficou \u201cperplexo\u201d ap\u00f3s declara\u00e7\u00f5es do senador Angelo Coronel sobre seu voto nas elei\u00e7\u00f5es de 2022. A rea\u00e7\u00e3o foi dada durante entrevista \u00e0 R\u00e1dio Metr\u00f3pole. O epis\u00f3dio ampliou a repercuss\u00e3o no cen\u00e1rio pol\u00edtico baiano. Segundo Rui Costa, a fala do senador causou indigna\u00e7\u00e3o. Coronel teria admitido, em entrevista anterior, voto no ex-presidente Jair Bolsonaro. A declara\u00e7\u00e3o contraria o apoio do Partido Social Democr\u00e1tico, legenda \u00e0 qual ele era filiado na \u00e9poca. O partido integrava a base do presidente Luiz In\u00e1cio Lula da Silva. Durante a entrevista, Rui relembrou o esfor\u00e7o pol\u00edtico na elei\u00e7\u00e3o de 2018. Ele destacou dificuldades para eleger Coronel ao Senado. O ex-governador afirmou que lideran\u00e7as chegaram a pedir votos diretamente ao eleitorado. A mobiliza\u00e7\u00e3o buscava garantir a vaga na chapa majorit\u00e1ria. Rui Costa tamb\u00e9m questionou a veracidade das declara\u00e7\u00f5es do senador. Segundo ele, o pr\u00f3prio eleitor pode avaliar as falas. O epis\u00f3dio reacende debates sobre alian\u00e7as pol\u00edticas. As declara\u00e7\u00f5es seguem repercutindo entre lideran\u00e7as da Bahia.\" \/>\n<meta property=\"og:url\" content=\"https:\/\/sudoesteacontece.com.br\/?p=15828\" \/>\n<meta property=\"og:site_name\" content=\"Sudoesteacontece\" \/>\n<meta property=\"article:publisher\" content=\"https:\/\/www.facebook.com\/sudoesteacontece\/?locale=pt_BR\" \/>\n<meta property=\"article:published_time\" content=\"2026-04-27T18:59:10+00:00\" \/>\n<meta property=\"article:modified_time\" content=\"2026-04-27T18:59:14+00:00\" \/>\n<meta property=\"og:image\" content=\"https:\/\/sudoesteacontece.com.br\/wp-content\/uploads\/2026\/04\/Rui-Costa-diz-estar-perplexo-com-fala-de-Angelo-Coronel-sobre-voto-em-2022.jpg\" \/>\n\t<meta property=\"og:image:width\" content=\"900\" \/>\n\t<meta property=\"og:image:height\" content=\"600\" \/>\n\t<meta property=\"og:image:type\" content=\"image\/jpeg\" \/>\n<meta name=\"author\" content=\"Washington Tiago\" \/>\n<meta name=\"twitter:card\" content=\"summary_large_image\" \/>\n<meta name=\"twitter:label1\" content=\"Escrito por\" \/>\n\t<meta name=\"twitter:data1\" content=\"Washington Tiago\" \/>\n\t<meta name=\"twitter:label2\" content=\"Est. tempo de leitura\" \/>\n\t<meta name=\"twitter:data2\" content=\"2 minutos\" \/>\n<script type=\"application\/ld+json\" class=\"yoast-schema-graph\">{\"@context\":\"https:\/\/schema.org\",\"@graph\":[{\"@type\":\"Article\",\"@id\":\"https:\/\/sudoesteacontece.com.br\/?p=15828#article\",\"isPartOf\":{\"@id\":\"https:\/\/sudoesteacontece.com.br\/?p=15828\"},\"author\":{\"name\":\"Washington Tiago\",\"@id\":\"https:\/\/sudoesteacontece.com.br\/#\/schema\/person\/3cf2cf009926a9683ebc29d5379fa79c\"},\"headline\":\"Rui Costa diz estar \u201cperplexo\u201d com fala de Angelo Coronel sobre voto em 2022\",\"datePublished\":\"2026-04-27T18:59:10+00:00\",\"dateModified\":\"2026-04-27T18:59:14+00:00\",\"mainEntityOfPage\":{\"@id\":\"https:\/\/sudoesteacontece.com.br\/?p=15828\"},\"wordCount\":205,\"commentCount\":0,\"publisher\":{\"@id\":\"https:\/\/sudoesteacontece.com.br\/#organization\"},\"image\":{\"@id\":\"https:\/\/sudoesteacontece.com.br\/?p=15828#primaryimage\"},\"thumbnailUrl\":\"http:\/\/sudoesteacontece.com.br\/wp-content\/uploads\/2026\/04\/Rui-Costa-diz-estar-perplexo-com-fala-de-Angelo-Coronel-sobre-voto-em-2022.jpg\",\"articleSection\":[\"Bahia\",\"Elei\u00e7\u00f5es 2026\",\"Pol\u00edtica\"],\"inLanguage\":\"pt-BR\",\"potentialAction\":[{\"@type\":\"CommentAction\",\"name\":\"Comment\",\"target\":[\"https:\/\/sudoesteacontece.com.br\/?p=15828#respond\"]}]},{\"@type\":\"WebPage\",\"@id\":\"https:\/\/sudoesteacontece.com.br\/?p=15828\",\"url\":\"https:\/\/sudoesteacontece.com.br\/?p=15828\",\"name\":\"Rui Costa diz estar \u201cperplexo\u201d com fala de Angelo Coronel sobre voto em 2022 - Sudoesteacontece\",\"isPartOf\":{\"@id\":\"https:\/\/sudoesteacontece.com.br\/#website\"},\"primaryImageOfPage\":{\"@id\":\"https:\/\/sudoesteacontece.com.br\/?p=15828#primaryimage\"},\"image\":{\"@id\":\"https:\/\/sudoesteacontece.com.br\/?p=15828#primaryimage\"},\"thumbnailUrl\":\"http:\/\/sudoesteacontece.com.br\/wp-content\/uploads\/2026\/04\/Rui-Costa-diz-estar-perplexo-com-fala-de-Angelo-Coronel-sobre-voto-em-2022.jpg\",\"datePublished\":\"2026-04-27T18:59:10+00:00\",\"dateModified\":\"2026-04-27T18:59:14+00:00\",\"breadcrumb\":{\"@id\":\"https:\/\/sudoesteacontece.com.br\/?p=15828#breadcrumb\"},\"inLanguage\":\"pt-BR\",\"potentialAction\":[{\"@type\":\"ReadAction\",\"target\":[\"https:\/\/sudoesteacontece.com.br\/?p=15828\"]}]},{\"@type\":\"ImageObject\",\"inLanguage\":\"pt-BR\",\"@id\":\"https:\/\/sudoesteacontece.com.br\/?p=15828#primaryimage\",\"url\":\"https:\/\/sudoesteacontece.com.br\/wp-content\/uploads\/2026\/04\/Rui-Costa-diz-estar-perplexo-com-fala-de-Angelo-Coronel-sobre-voto-em-2022.jpg\",\"contentUrl\":\"https:\/\/sudoesteacontece.com.br\/wp-content\/uploads\/2026\/04\/Rui-Costa-diz-estar-perplexo-com-fala-de-Angelo-Coronel-sobre-voto-em-2022.jpg\",\"width\":900,\"height\":600},{\"@type\":\"BreadcrumbList\",\"@id\":\"https:\/\/sudoesteacontece.com.br\/?p=15828#breadcrumb\",\"itemListElement\":[{\"@type\":\"ListItem\",\"position\":1,\"name\":\"In\u00edcio\",\"item\":\"https:\/\/sudoesteacontece.com.br\/\"},{\"@type\":\"ListItem\",\"position\":2,\"name\":\"Rui Costa diz estar \u201cperplexo\u201d com fala de Angelo Coronel sobre voto em 2022\"}]},{\"@type\":\"WebSite\",\"@id\":\"https:\/\/sudoesteacontece.com.br\/#website\",\"url\":\"https:\/\/sudoesteacontece.com.br\/\",\"name\":\"Sudoesteacontece\",\"description\":\"\",\"publisher\":{\"@id\":\"https:\/\/sudoesteacontece.com.br\/#organization\"},\"potentialAction\":[{\"@type\":\"SearchAction\",\"target\":{\"@type\":\"EntryPoint\",\"urlTemplate\":\"https:\/\/sudoesteacontece.com.br\/?s={search_term_string}\"},\"query-input\":{\"@type\":\"PropertyValueSpecification\",\"valueRequired\":true,\"valueName\":\"search_term_string\"}}],\"inLanguage\":\"pt-BR\"},{\"@type\":\"Organization\",\"@id\":\"https:\/\/sudoesteacontece.com.br\/#organization\",\"name\":\"Sudoesteacontece\",\"url\":\"https:\/\/sudoesteacontece.com.br\/\",\"logo\":{\"@type\":\"ImageObject\",\"inLanguage\":\"pt-BR\",\"@id\":\"https:\/\/sudoesteacontece.com.br\/#\/schema\/logo\/image\/\",\"url\":\"https:\/\/sudoesteacontece.com.br\/wp-content\/uploads\/2025\/12\/cropped-logo-2-180x180-1.png\",\"contentUrl\":\"https:\/\/sudoesteacontece.com.br\/wp-content\/uploads\/2025\/12\/cropped-logo-2-180x180-1.png\",\"width\":180,\"height\":180,\"caption\":\"Sudoesteacontece\"},\"image\":{\"@id\":\"https:\/\/sudoesteacontece.com.br\/#\/schema\/logo\/image\/\"},\"sameAs\":[\"https:\/\/www.facebook.com\/sudoesteacontece\/?locale=pt_BR\"]},{\"@type\":\"Person\",\"@id\":\"https:\/\/sudoesteacontece.com.br\/#\/schema\/person\/3cf2cf009926a9683ebc29d5379fa79c\",\"name\":\"Washington Tiago\",\"image\":{\"@type\":\"ImageObject\",\"inLanguage\":\"pt-BR\",\"@id\":\"https:\/\/sudoesteacontece.com.br\/#\/schema\/person\/image\/\",\"url\":\"https:\/\/secure.gravatar.com\/avatar\/33c43b8668157e040f9d1fe93c354bf087cbd8ba36270c1163198bd3ddcf2a56?s=96&d=mm&r=g\",\"contentUrl\":\"https:\/\/secure.gravatar.com\/avatar\/33c43b8668157e040f9d1fe93c354bf087cbd8ba36270c1163198bd3ddcf2a56?s=96&d=mm&r=g\",\"caption\":\"Washington Tiago\"},\"url\":\"https:\/\/sudoesteacontece.com.br\/?author=2\"}]}<\/script>\n<!-- \/ Yoast SEO plugin. -->","yoast_head_json":{"title":"Rui Costa diz estar \u201cperplexo\u201d com fala de Angelo Coronel sobre voto em 2022 - Sudoesteacontece","robots":{"index":"index","follow":"follow","max-snippet":"max-snippet:-1","max-image-preview":"max-image-preview:large","max-video-preview":"max-video-preview:-1"},"canonical":"https:\/\/sudoesteacontece.com.br\/?p=15828","og_locale":"pt_BR","og_type":"article","og_title":"Rui Costa diz estar \u201cperplexo\u201d com fala de Angelo Coronel sobre voto em 2022 - Sudoesteacontece","og_description":"O ex-ministro da Casa Civil Rui Costa afirmou nesta segunda-feira (27) que ficou \u201cperplexo\u201d ap\u00f3s declara\u00e7\u00f5es do senador Angelo Coronel sobre seu voto nas elei\u00e7\u00f5es de 2022. A rea\u00e7\u00e3o foi dada durante entrevista \u00e0 R\u00e1dio Metr\u00f3pole. O epis\u00f3dio ampliou a repercuss\u00e3o no cen\u00e1rio pol\u00edtico baiano. Segundo Rui Costa, a fala do senador causou indigna\u00e7\u00e3o. Coronel teria admitido, em entrevista anterior, voto no ex-presidente Jair Bolsonaro. A declara\u00e7\u00e3o contraria o apoio do Partido Social Democr\u00e1tico, legenda \u00e0 qual ele era filiado na \u00e9poca. O partido integrava a base do presidente Luiz In\u00e1cio Lula da Silva. Durante a entrevista, Rui relembrou o esfor\u00e7o pol\u00edtico na elei\u00e7\u00e3o de 2018. Ele destacou dificuldades para eleger Coronel ao Senado. O ex-governador afirmou que lideran\u00e7as chegaram a pedir votos diretamente ao eleitorado. A mobiliza\u00e7\u00e3o buscava garantir a vaga na chapa majorit\u00e1ria. Rui Costa tamb\u00e9m questionou a veracidade das declara\u00e7\u00f5es do senador. Segundo ele, o pr\u00f3prio eleitor pode avaliar as falas. O epis\u00f3dio reacende debates sobre alian\u00e7as pol\u00edticas. As declara\u00e7\u00f5es seguem repercutindo entre lideran\u00e7as da Bahia.","og_url":"https:\/\/sudoesteacontece.com.br\/?p=15828","og_site_name":"Sudoesteacontece","article_publisher":"https:\/\/www.facebook.com\/sudoesteacontece\/?locale=pt_BR","article_published_time":"2026-04-27T18:59:10+00:00","article_modified_time":"2026-04-27T18:59:14+00:00","og_image":[{"width":900,"height":600,"url":"https:\/\/sudoesteacontece.com.br\/wp-content\/uploads\/2026\/04\/Rui-Costa-diz-estar-perplexo-com-fala-de-Angelo-Coronel-sobre-voto-em-2022.jpg","type":"image\/jpeg"}],"author":"Washington Tiago","twitter_card":"summary_large_image","twitter_misc":{"Escrito por":"Washington Tiago","Est. tempo de leitura":"2 minutos"},"schema":{"@context":"https:\/\/schema.org","@graph":[{"@type":"Article","@id":"https:\/\/sudoesteacontece.com.br\/?p=15828#article","isPartOf":{"@id":"https:\/\/sudoesteacontece.com.br\/?p=15828"},"author":{"name":"Washington Tiago","@id":"https:\/\/sudoesteacontece.com.br\/#\/schema\/person\/3cf2cf009926a9683ebc29d5379fa79c"},"headline":"Rui Costa diz estar \u201cperplexo\u201d com fala de Angelo Coronel sobre voto em 2022","datePublished":"2026-04-27T18:59:10+00:00","dateModified":"2026-04-27T18:59:14+00:00","mainEntityOfPage":{"@id":"https:\/\/sudoesteacontece.com.br\/?p=15828"},"wordCount":205,"commentCount":0,"publisher":{"@id":"https:\/\/sudoesteacontece.com.br\/#organization"},"image":{"@id":"https:\/\/sudoesteacontece.com.br\/?p=15828#primaryimage"},"thumbnailUrl":"http:\/\/sudoesteacontece.com.br\/wp-content\/uploads\/2026\/04\/Rui-Costa-diz-estar-perplexo-com-fala-de-Angelo-Coronel-sobre-voto-em-2022.jpg","articleSection":["Bahia","Elei\u00e7\u00f5es 2026","Pol\u00edtica"],"inLanguage":"pt-BR","potentialAction":[{"@type":"CommentAction","name":"Comment","target":["https:\/\/sudoesteacontece.com.br\/?p=15828#respond"]}]},{"@type":"WebPage","@id":"https:\/\/sudoesteacontece.com.br\/?p=15828","url":"https:\/\/sudoesteacontece.com.br\/?p=15828","name":"Rui Costa diz estar \u201cperplexo\u201d com fala de Angelo Coronel sobre voto em 2022 - Sudoesteacontece","isPartOf":{"@id":"https:\/\/sudoesteacontece.com.br\/#website"},"primaryImageOfPage":{"@id":"https:\/\/sudoesteacontece.com.br\/?p=15828#primaryimage"},"image":{"@id":"https:\/\/sudoesteacontece.com.br\/?p=15828#primaryimage"},"thumbnailUrl":"http:\/\/sudoesteacontece.com.br\/wp-content\/uploads\/2026\/04\/Rui-Costa-diz-estar-perplexo-com-fala-de-Angelo-Coronel-sobre-voto-em-2022.jpg","datePublished":"2026-04-27T18:59:10+00:00","dateModified":"2026-04-27T18:59:14+00:00","breadcrumb":{"@id":"https:\/\/sudoesteacontece.com.br\/?p=15828#breadcrumb"},"inLanguage":"pt-BR","potentialAction":[{"@type":"ReadAction","target":["https:\/\/sudoesteacontece.com.br\/?p=15828"]}]},{"@type":"ImageObject","inLanguage":"pt-BR","@id":"https:\/\/sudoesteacontece.com.br\/?p=15828#primaryimage","url":"https:\/\/sudoesteacontece.com.br\/wp-content\/uploads\/2026\/04\/Rui-Costa-diz-estar-perplexo-com-fala-de-Angelo-Coronel-sobre-voto-em-2022.jpg","contentUrl":"https:\/\/sudoesteacontece.com.br\/wp-content\/uploads\/2026\/04\/Rui-Costa-diz-estar-perplexo-com-fala-de-Angelo-Coronel-sobre-voto-em-2022.jpg","width":900,"height":600},{"@type":"BreadcrumbList","@id":"https:\/\/sudoesteacontece.com.br\/?p=15828#breadcrumb","itemListElement":[{"@type":"ListItem","position":1,"name":"In\u00edcio","item":"https:\/\/sudoesteacontece.com.br\/"},{"@type":"ListItem","position":2,"name":"Rui Costa diz estar \u201cperplexo\u201d com fala de Angelo Coronel sobre voto em 2022"}]},{"@type":"WebSite","@id":"https:\/\/sudoesteacontece.com.br\/#website","url":"https:\/\/sudoesteacontece.com.br\/","name":"Sudoesteacontece","description":"","publisher":{"@id":"https:\/\/sudoesteacontece.com.br\/#organization"},"potentialAction":[{"@type":"SearchAction","target":{"@type":"EntryPoint","urlTemplate":"https:\/\/sudoesteacontece.com.br\/?s={search_term_string}"},"query-input":{"@type":"PropertyValueSpecification","valueRequired":true,"valueName":"search_term_string"}}],"inLanguage":"pt-BR"},{"@type":"Organization","@id":"https:\/\/sudoesteacontece.com.br\/#organization","name":"Sudoesteacontece","url":"https:\/\/sudoesteacontece.com.br\/","logo":{"@type":"ImageObject","inLanguage":"pt-BR","@id":"https:\/\/sudoesteacontece.com.br\/#\/schema\/logo\/image\/","url":"https:\/\/sudoesteacontece.com.br\/wp-content\/uploads\/2025\/12\/cropped-logo-2-180x180-1.png","contentUrl":"https:\/\/sudoesteacontece.com.br\/wp-content\/uploads\/2025\/12\/cropped-logo-2-180x180-1.png","width":180,"height":180,"caption":"Sudoesteacontece"},"image":{"@id":"https:\/\/sudoesteacontece.com.br\/#\/schema\/logo\/image\/"},"sameAs":["https:\/\/www.facebook.com\/sudoesteacontece\/?locale=pt_BR"]},{"@type":"Person","@id":"https:\/\/sudoesteacontece.com.br\/#\/schema\/person\/3cf2cf009926a9683ebc29d5379fa79c","name":"Washington Tiago","image":{"@type":"ImageObject","inLanguage":"pt-BR","@id":"https:\/\/sudoesteacontece.com.br\/#\/schema\/person\/image\/","url":"https:\/\/secure.gravatar.com\/avatar\/33c43b8668157e040f9d1fe93c354bf087cbd8ba36270c1163198bd3ddcf2a56?s=96&d=mm&r=g","contentUrl":"https:\/\/secure.gravatar.com\/avatar\/33c43b8668157e040f9d1fe93c354bf087cbd8ba36270c1163198bd3ddcf2a56?s=96&d=mm&r=g","caption":"Washington Tiago"},"url":"https:\/\/sudoesteacontece.com.br\/?author=2"}]}},"_links":{"self":[{"href":"https:\/\/sudoesteacontece.com.br\/index.php?rest_route=\/wp\/v2\/posts\/15828","targetHints":{"allow":["GET"]}}],"collection":[{"href":"https:\/\/sudoesteacontece.com.br\/index.php?rest_route=\/wp\/v2\/posts"}],"about":[{"href":"https:\/\/sudoesteacontece.com.br\/index.php?rest_route=\/wp\/v2\/types\/post"}],"author":[{"embeddable":true,"href":"https:\/\/sudoesteacontece.com.br\/index.php?rest_route=\/wp\/v2\/users\/2"}],"replies":[{"embeddable":true,"href":"https:\/\/sudoesteacontece.com.br\/index.php?rest_route=%2Fwp%2Fv2%2Fcomments&post=15828"}],"version-history":[{"count":1,"href":"https:\/\/sudoesteacontece.com.br\/index.php?rest_route=\/wp\/v2\/posts\/15828\/revisions"}],"predecessor-version":[{"id":15853,"href":"https:\/\/sudoesteacontece.com.br\/index.php?rest_route=\/wp\/v2\/posts\/15828\/revisions\/15853"}],"wp:attachment":[{"href":"https:\/\/sudoesteacontece.com.br\/index.php?rest_route=%2Fwp%2Fv2%2Fmedia&parent=15828"}],"wp:term":[{"taxonomy":"category","embeddable":true,"href":"https:\/\/sudoesteacontece.com.br\/index.php?rest_route=%2Fwp%2Fv2%2Fcategories&post=15828"},{"taxonomy":"post_tag","embeddable":true,"href":"https:\/\/sudoesteacontece.com.br\/index.php?rest_route=%2Fwp%2Fv2%2Ftags&post=15828"}],"curies":[{"name":"wp","href":"https:\/\/api.w.org\/{rel}","templated":true}]}}