{"id":15829,"date":"2026-04-27T15:41:06","date_gmt":"2026-04-27T18:41:06","guid":{"rendered":"https:\/\/sudoesteacontece.com.br\/?p=15829"},"modified":"2026-04-27T15:41:10","modified_gmt":"2026-04-27T18:41:10","slug":"angelo-coronel-diz-que-votou-em-2022-no-ex-presidente-jair-bolsonaro","status":"publish","type":"post","link":"https:\/\/sudoesteacontece.com.br\/?p=15829","title":{"rendered":"Angelo Coronel diz que votou em 2022 no ex-presidente Jair Bolsonaro"},"content":{"rendered":"<div class=\"wp-block-image\">\n<figure class=\"aligncenter size-full\"><img fetchpriority=\"high\" decoding=\"async\" width=\"900\" height=\"600\" src=\"http:\/\/sudoesteacontece.com.br\/wp-content\/uploads\/2026\/04\/Angelo-Coronel-diz-que-votou-em-2022-no-ex-presidente-Jair-Bolsonaro.jpg\" alt=\"\" class=\"wp-image-15841\" srcset=\"https:\/\/sudoesteacontece.com.br\/wp-content\/uploads\/2026\/04\/Angelo-Coronel-diz-que-votou-em-2022-no-ex-presidente-Jair-Bolsonaro.jpg 900w, https:\/\/sudoesteacontece.com.br\/wp-content\/uploads\/2026\/04\/Angelo-Coronel-diz-que-votou-em-2022-no-ex-presidente-Jair-Bolsonaro-300x200.jpg 300w, https:\/\/sudoesteacontece.com.br\/wp-content\/uploads\/2026\/04\/Angelo-Coronel-diz-que-votou-em-2022-no-ex-presidente-Jair-Bolsonaro-768x512.jpg 768w\" sizes=\"(max-width: 900px) 100vw, 900px\" \/><\/figure>\n<\/div>\n\n\n<p>O senador Angelo Coronel, do Republicanos, apresentou declara\u00e7\u00f5es divergentes ao comentar seu voto nas elei\u00e7\u00f5es presidenciais de 2022. As falas ocorreram em entrevistas diferentes. O caso gerou repercuss\u00e3o no meio pol\u00edtico.<\/p>\n\n\n\n<p>Em participa\u00e7\u00e3o no podcast Podinquest, o parlamentar afirmou que n\u00e3o conseguiu votar no n\u00famero 13. Ele fez refer\u00eancia ao Partido dos Trabalhadores, partido do presidente Luiz In\u00e1cio Lula da Silva. Na ocasi\u00e3o, alegou problemas f\u00edsicos no momento da vota\u00e7\u00e3o.<\/p>\n\n\n\n<p>J\u00e1 em entrevista \u00e0 R\u00e1dio Baiana FM, nesta segunda-feira (27), o senador apresentou outra vers\u00e3o. Ele afirmou que votou em Lula no pleito de 2022. Ao mesmo tempo, declarou proximidade com o ex-presidente Jair Bolsonaro e com o senador Fl\u00e1vio Bolsonaro.<\/p>\n\n\n\n<p>As declara\u00e7\u00f5es evidenciam contradi\u00e7\u00f5es no discurso do parlamentar. Apesar disso, Coronel refor\u00e7ou em ambas as entrevistas que mant\u00e9m posicionamento pol\u00edtico de centro-direita. Ele afirmou que sua atua\u00e7\u00e3o ao lado do PT ocorreu por quest\u00f5es partid\u00e1rias.<\/p>\n\n\n\n<p>O epis\u00f3dio reacende o debate sobre posicionamentos pol\u00edticos. As falas do senador seguem repercutindo. N\u00e3o houve novo posicionamento oficial ap\u00f3s as entrevistas.<\/p>\n","protected":false},"excerpt":{"rendered":"<p>O senador Angelo Coronel, do Republicanos, apresentou declara\u00e7\u00f5es divergentes ao comentar seu voto nas elei\u00e7\u00f5es presidenciais de 2022. As falas ocorreram em entrevistas diferentes. O caso gerou repercuss\u00e3o no meio pol\u00edtico. Em participa\u00e7\u00e3o no podcast Podinquest, o parlamentar afirmou que n\u00e3o conseguiu votar no n\u00famero 13. Ele fez refer\u00eancia ao Partido dos Trabalhadores, partido do presidente Luiz In\u00e1cio Lula da Silva. Na ocasi\u00e3o, alegou problemas f\u00edsicos no momento da vota\u00e7\u00e3o. J\u00e1 em entrevista \u00e0 R\u00e1dio Baiana FM, nesta segunda-feira (27), o senador apresentou outra vers\u00e3o. Ele afirmou que votou em Lula no pleito de 2022. Ao mesmo tempo, declarou proximidade com o ex-presidente Jair Bolsonaro e com o senador Fl\u00e1vio Bolsonaro. As declara\u00e7\u00f5es evidenciam contradi\u00e7\u00f5es no discurso do parlamentar. Apesar disso, Coronel refor\u00e7ou em ambas as entrevistas que mant\u00e9m posicionamento pol\u00edtico de centro-direita. Ele afirmou que sua atua\u00e7\u00e3o ao lado do PT ocorreu por quest\u00f5es partid\u00e1rias. O epis\u00f3dio reacende o debate sobre posicionamentos pol\u00edticos. As falas do senador seguem repercutindo. N\u00e3o houve novo posicionamento oficial ap\u00f3s as entrevistas.<\/p>\n","protected":false},"author":2,"featured_media":0,"comment_status":"open","ping_status":"open","sticky":false,"template":"","format":"standard","meta":{"footnotes":""},"categories":[7,53,58,6],"tags":[],"class_list":["post-15829","post","type-post","status-publish","format-standard","hentry","category-bahia","category-brasil","category-eleicoes-2026","category-politica"],"yoast_head":"<!-- This site is optimized with the Yoast SEO plugin v26.5 - https:\/\/yoast.com\/wordpress\/plugins\/seo\/ -->\n<title>Angelo Coronel diz que votou em 2022 no ex-presidente Jair Bolsonaro - Sudoesteacontece<\/title>\n<meta name=\"robots\" content=\"index, follow, max-snippet:-1, max-image-preview:large, max-video-preview:-1\" \/>\n<link rel=\"canonical\" href=\"https:\/\/sudoesteacontece.com.br\/?p=15829\" \/>\n<meta property=\"og:locale\" content=\"pt_BR\" \/>\n<meta property=\"og:type\" content=\"article\" \/>\n<meta property=\"og:title\" content=\"Angelo Coronel diz que votou em 2022 no ex-presidente Jair Bolsonaro - Sudoesteacontece\" \/>\n<meta property=\"og:description\" content=\"O senador Angelo Coronel, do Republicanos, apresentou declara\u00e7\u00f5es divergentes ao comentar seu voto nas elei\u00e7\u00f5es presidenciais de 2022. As falas ocorreram em entrevistas diferentes. O caso gerou repercuss\u00e3o no meio pol\u00edtico. Em participa\u00e7\u00e3o no podcast Podinquest, o parlamentar afirmou que n\u00e3o conseguiu votar no n\u00famero 13. Ele fez refer\u00eancia ao Partido dos Trabalhadores, partido do presidente Luiz In\u00e1cio Lula da Silva. Na ocasi\u00e3o, alegou problemas f\u00edsicos no momento da vota\u00e7\u00e3o. J\u00e1 em entrevista \u00e0 R\u00e1dio Baiana FM, nesta segunda-feira (27), o senador apresentou outra vers\u00e3o. Ele afirmou que votou em Lula no pleito de 2022. Ao mesmo tempo, declarou proximidade com o ex-presidente Jair Bolsonaro e com o senador Fl\u00e1vio Bolsonaro. As declara\u00e7\u00f5es evidenciam contradi\u00e7\u00f5es no discurso do parlamentar. Apesar disso, Coronel refor\u00e7ou em ambas as entrevistas que mant\u00e9m posicionamento pol\u00edtico de centro-direita. Ele afirmou que sua atua\u00e7\u00e3o ao lado do PT ocorreu por quest\u00f5es partid\u00e1rias. O epis\u00f3dio reacende o debate sobre posicionamentos pol\u00edticos. As falas do senador seguem repercutindo. N\u00e3o houve novo posicionamento oficial ap\u00f3s as entrevistas.\" \/>\n<meta property=\"og:url\" content=\"https:\/\/sudoesteacontece.com.br\/?p=15829\" \/>\n<meta property=\"og:site_name\" content=\"Sudoesteacontece\" \/>\n<meta property=\"article:publisher\" content=\"https:\/\/www.facebook.com\/sudoesteacontece\/?locale=pt_BR\" \/>\n<meta property=\"article:published_time\" content=\"2026-04-27T18:41:06+00:00\" \/>\n<meta property=\"article:modified_time\" content=\"2026-04-27T18:41:10+00:00\" \/>\n<meta property=\"og:image\" content=\"https:\/\/sudoesteacontece.com.br\/wp-content\/uploads\/2026\/04\/Angelo-Coronel-diz-que-votou-em-2022-no-ex-presidente-Jair-Bolsonaro.jpg\" \/>\n\t<meta property=\"og:image:width\" content=\"900\" \/>\n\t<meta property=\"og:image:height\" content=\"600\" \/>\n\t<meta property=\"og:image:type\" content=\"image\/jpeg\" \/>\n<meta name=\"author\" content=\"Washington Tiago\" \/>\n<meta name=\"twitter:card\" content=\"summary_large_image\" \/>\n<meta name=\"twitter:label1\" content=\"Escrito por\" \/>\n\t<meta name=\"twitter:data1\" content=\"Washington Tiago\" \/>\n\t<meta name=\"twitter:label2\" content=\"Est. tempo de leitura\" \/>\n\t<meta name=\"twitter:data2\" content=\"2 minutos\" \/>\n<script type=\"application\/ld+json\" class=\"yoast-schema-graph\">{\"@context\":\"https:\/\/schema.org\",\"@graph\":[{\"@type\":\"Article\",\"@id\":\"https:\/\/sudoesteacontece.com.br\/?p=15829#article\",\"isPartOf\":{\"@id\":\"https:\/\/sudoesteacontece.com.br\/?p=15829\"},\"author\":{\"name\":\"Washington Tiago\",\"@id\":\"https:\/\/sudoesteacontece.com.br\/#\/schema\/person\/3cf2cf009926a9683ebc29d5379fa79c\"},\"headline\":\"Angelo Coronel diz que votou em 2022 no ex-presidente Jair Bolsonaro\",\"datePublished\":\"2026-04-27T18:41:06+00:00\",\"dateModified\":\"2026-04-27T18:41:10+00:00\",\"mainEntityOfPage\":{\"@id\":\"https:\/\/sudoesteacontece.com.br\/?p=15829\"},\"wordCount\":200,\"commentCount\":0,\"publisher\":{\"@id\":\"https:\/\/sudoesteacontece.com.br\/#organization\"},\"image\":{\"@id\":\"https:\/\/sudoesteacontece.com.br\/?p=15829#primaryimage\"},\"thumbnailUrl\":\"http:\/\/sudoesteacontece.com.br\/wp-content\/uploads\/2026\/04\/Angelo-Coronel-diz-que-votou-em-2022-no-ex-presidente-Jair-Bolsonaro.jpg\",\"articleSection\":[\"Bahia\",\"Brasil\",\"Elei\u00e7\u00f5es 2026\",\"Pol\u00edtica\"],\"inLanguage\":\"pt-BR\",\"potentialAction\":[{\"@type\":\"CommentAction\",\"name\":\"Comment\",\"target\":[\"https:\/\/sudoesteacontece.com.br\/?p=15829#respond\"]}]},{\"@type\":\"WebPage\",\"@id\":\"https:\/\/sudoesteacontece.com.br\/?p=15829\",\"url\":\"https:\/\/sudoesteacontece.com.br\/?p=15829\",\"name\":\"Angelo Coronel diz que votou em 2022 no ex-presidente Jair Bolsonaro - Sudoesteacontece\",\"isPartOf\":{\"@id\":\"https:\/\/sudoesteacontece.com.br\/#website\"},\"primaryImageOfPage\":{\"@id\":\"https:\/\/sudoesteacontece.com.br\/?p=15829#primaryimage\"},\"image\":{\"@id\":\"https:\/\/sudoesteacontece.com.br\/?p=15829#primaryimage\"},\"thumbnailUrl\":\"http:\/\/sudoesteacontece.com.br\/wp-content\/uploads\/2026\/04\/Angelo-Coronel-diz-que-votou-em-2022-no-ex-presidente-Jair-Bolsonaro.jpg\",\"datePublished\":\"2026-04-27T18:41:06+00:00\",\"dateModified\":\"2026-04-27T18:41:10+00:00\",\"breadcrumb\":{\"@id\":\"https:\/\/sudoesteacontece.com.br\/?p=15829#breadcrumb\"},\"inLanguage\":\"pt-BR\",\"potentialAction\":[{\"@type\":\"ReadAction\",\"target\":[\"https:\/\/sudoesteacontece.com.br\/?p=15829\"]}]},{\"@type\":\"ImageObject\",\"inLanguage\":\"pt-BR\",\"@id\":\"https:\/\/sudoesteacontece.com.br\/?p=15829#primaryimage\",\"url\":\"https:\/\/sudoesteacontece.com.br\/wp-content\/uploads\/2026\/04\/Angelo-Coronel-diz-que-votou-em-2022-no-ex-presidente-Jair-Bolsonaro.jpg\",\"contentUrl\":\"https:\/\/sudoesteacontece.com.br\/wp-content\/uploads\/2026\/04\/Angelo-Coronel-diz-que-votou-em-2022-no-ex-presidente-Jair-Bolsonaro.jpg\",\"width\":900,\"height\":600},{\"@type\":\"BreadcrumbList\",\"@id\":\"https:\/\/sudoesteacontece.com.br\/?p=15829#breadcrumb\",\"itemListElement\":[{\"@type\":\"ListItem\",\"position\":1,\"name\":\"In\u00edcio\",\"item\":\"https:\/\/sudoesteacontece.com.br\/\"},{\"@type\":\"ListItem\",\"position\":2,\"name\":\"Angelo Coronel diz que votou em 2022 no ex-presidente Jair Bolsonaro\"}]},{\"@type\":\"WebSite\",\"@id\":\"https:\/\/sudoesteacontece.com.br\/#website\",\"url\":\"https:\/\/sudoesteacontece.com.br\/\",\"name\":\"Sudoesteacontece\",\"description\":\"\",\"publisher\":{\"@id\":\"https:\/\/sudoesteacontece.com.br\/#organization\"},\"potentialAction\":[{\"@type\":\"SearchAction\",\"target\":{\"@type\":\"EntryPoint\",\"urlTemplate\":\"https:\/\/sudoesteacontece.com.br\/?s={search_term_string}\"},\"query-input\":{\"@type\":\"PropertyValueSpecification\",\"valueRequired\":true,\"valueName\":\"search_term_string\"}}],\"inLanguage\":\"pt-BR\"},{\"@type\":\"Organization\",\"@id\":\"https:\/\/sudoesteacontece.com.br\/#organization\",\"name\":\"Sudoesteacontece\",\"url\":\"https:\/\/sudoesteacontece.com.br\/\",\"logo\":{\"@type\":\"ImageObject\",\"inLanguage\":\"pt-BR\",\"@id\":\"https:\/\/sudoesteacontece.com.br\/#\/schema\/logo\/image\/\",\"url\":\"https:\/\/sudoesteacontece.com.br\/wp-content\/uploads\/2025\/12\/cropped-logo-2-180x180-1.png\",\"contentUrl\":\"https:\/\/sudoesteacontece.com.br\/wp-content\/uploads\/2025\/12\/cropped-logo-2-180x180-1.png\",\"width\":180,\"height\":180,\"caption\":\"Sudoesteacontece\"},\"image\":{\"@id\":\"https:\/\/sudoesteacontece.com.br\/#\/schema\/logo\/image\/\"},\"sameAs\":[\"https:\/\/www.facebook.com\/sudoesteacontece\/?locale=pt_BR\"]},{\"@type\":\"Person\",\"@id\":\"https:\/\/sudoesteacontece.com.br\/#\/schema\/person\/3cf2cf009926a9683ebc29d5379fa79c\",\"name\":\"Washington Tiago\",\"image\":{\"@type\":\"ImageObject\",\"inLanguage\":\"pt-BR\",\"@id\":\"https:\/\/sudoesteacontece.com.br\/#\/schema\/person\/image\/\",\"url\":\"https:\/\/secure.gravatar.com\/avatar\/33c43b8668157e040f9d1fe93c354bf087cbd8ba36270c1163198bd3ddcf2a56?s=96&d=mm&r=g\",\"contentUrl\":\"https:\/\/secure.gravatar.com\/avatar\/33c43b8668157e040f9d1fe93c354bf087cbd8ba36270c1163198bd3ddcf2a56?s=96&d=mm&r=g\",\"caption\":\"Washington Tiago\"},\"url\":\"https:\/\/sudoesteacontece.com.br\/?author=2\"}]}<\/script>\n<!-- \/ Yoast SEO plugin. -->","yoast_head_json":{"title":"Angelo Coronel diz que votou em 2022 no ex-presidente Jair Bolsonaro - Sudoesteacontece","robots":{"index":"index","follow":"follow","max-snippet":"max-snippet:-1","max-image-preview":"max-image-preview:large","max-video-preview":"max-video-preview:-1"},"canonical":"https:\/\/sudoesteacontece.com.br\/?p=15829","og_locale":"pt_BR","og_type":"article","og_title":"Angelo Coronel diz que votou em 2022 no ex-presidente Jair Bolsonaro - Sudoesteacontece","og_description":"O senador Angelo Coronel, do Republicanos, apresentou declara\u00e7\u00f5es divergentes ao comentar seu voto nas elei\u00e7\u00f5es presidenciais de 2022. As falas ocorreram em entrevistas diferentes. O caso gerou repercuss\u00e3o no meio pol\u00edtico. Em participa\u00e7\u00e3o no podcast Podinquest, o parlamentar afirmou que n\u00e3o conseguiu votar no n\u00famero 13. Ele fez refer\u00eancia ao Partido dos Trabalhadores, partido do presidente Luiz In\u00e1cio Lula da Silva. Na ocasi\u00e3o, alegou problemas f\u00edsicos no momento da vota\u00e7\u00e3o. J\u00e1 em entrevista \u00e0 R\u00e1dio Baiana FM, nesta segunda-feira (27), o senador apresentou outra vers\u00e3o. Ele afirmou que votou em Lula no pleito de 2022. Ao mesmo tempo, declarou proximidade com o ex-presidente Jair Bolsonaro e com o senador Fl\u00e1vio Bolsonaro. As declara\u00e7\u00f5es evidenciam contradi\u00e7\u00f5es no discurso do parlamentar. Apesar disso, Coronel refor\u00e7ou em ambas as entrevistas que mant\u00e9m posicionamento pol\u00edtico de centro-direita. Ele afirmou que sua atua\u00e7\u00e3o ao lado do PT ocorreu por quest\u00f5es partid\u00e1rias. O epis\u00f3dio reacende o debate sobre posicionamentos pol\u00edticos. As falas do senador seguem repercutindo. N\u00e3o houve novo posicionamento oficial ap\u00f3s as entrevistas.","og_url":"https:\/\/sudoesteacontece.com.br\/?p=15829","og_site_name":"Sudoesteacontece","article_publisher":"https:\/\/www.facebook.com\/sudoesteacontece\/?locale=pt_BR","article_published_time":"2026-04-27T18:41:06+00:00","article_modified_time":"2026-04-27T18:41:10+00:00","og_image":[{"width":900,"height":600,"url":"https:\/\/sudoesteacontece.com.br\/wp-content\/uploads\/2026\/04\/Angelo-Coronel-diz-que-votou-em-2022-no-ex-presidente-Jair-Bolsonaro.jpg","type":"image\/jpeg"}],"author":"Washington Tiago","twitter_card":"summary_large_image","twitter_misc":{"Escrito por":"Washington Tiago","Est. tempo de leitura":"2 minutos"},"schema":{"@context":"https:\/\/schema.org","@graph":[{"@type":"Article","@id":"https:\/\/sudoesteacontece.com.br\/?p=15829#article","isPartOf":{"@id":"https:\/\/sudoesteacontece.com.br\/?p=15829"},"author":{"name":"Washington Tiago","@id":"https:\/\/sudoesteacontece.com.br\/#\/schema\/person\/3cf2cf009926a9683ebc29d5379fa79c"},"headline":"Angelo Coronel diz que votou em 2022 no ex-presidente Jair Bolsonaro","datePublished":"2026-04-27T18:41:06+00:00","dateModified":"2026-04-27T18:41:10+00:00","mainEntityOfPage":{"@id":"https:\/\/sudoesteacontece.com.br\/?p=15829"},"wordCount":200,"commentCount":0,"publisher":{"@id":"https:\/\/sudoesteacontece.com.br\/#organization"},"image":{"@id":"https:\/\/sudoesteacontece.com.br\/?p=15829#primaryimage"},"thumbnailUrl":"http:\/\/sudoesteacontece.com.br\/wp-content\/uploads\/2026\/04\/Angelo-Coronel-diz-que-votou-em-2022-no-ex-presidente-Jair-Bolsonaro.jpg","articleSection":["Bahia","Brasil","Elei\u00e7\u00f5es 2026","Pol\u00edtica"],"inLanguage":"pt-BR","potentialAction":[{"@type":"CommentAction","name":"Comment","target":["https:\/\/sudoesteacontece.com.br\/?p=15829#respond"]}]},{"@type":"WebPage","@id":"https:\/\/sudoesteacontece.com.br\/?p=15829","url":"https:\/\/sudoesteacontece.com.br\/?p=15829","name":"Angelo Coronel diz que votou em 2022 no ex-presidente Jair Bolsonaro - Sudoesteacontece","isPartOf":{"@id":"https:\/\/sudoesteacontece.com.br\/#website"},"primaryImageOfPage":{"@id":"https:\/\/sudoesteacontece.com.br\/?p=15829#primaryimage"},"image":{"@id":"https:\/\/sudoesteacontece.com.br\/?p=15829#primaryimage"},"thumbnailUrl":"http:\/\/sudoesteacontece.com.br\/wp-content\/uploads\/2026\/04\/Angelo-Coronel-diz-que-votou-em-2022-no-ex-presidente-Jair-Bolsonaro.jpg","datePublished":"2026-04-27T18:41:06+00:00","dateModified":"2026-04-27T18:41:10+00:00","breadcrumb":{"@id":"https:\/\/sudoesteacontece.com.br\/?p=15829#breadcrumb"},"inLanguage":"pt-BR","potentialAction":[{"@type":"ReadAction","target":["https:\/\/sudoesteacontece.com.br\/?p=15829"]}]},{"@type":"ImageObject","inLanguage":"pt-BR","@id":"https:\/\/sudoesteacontece.com.br\/?p=15829#primaryimage","url":"https:\/\/sudoesteacontece.com.br\/wp-content\/uploads\/2026\/04\/Angelo-Coronel-diz-que-votou-em-2022-no-ex-presidente-Jair-Bolsonaro.jpg","contentUrl":"https:\/\/sudoesteacontece.com.br\/wp-content\/uploads\/2026\/04\/Angelo-Coronel-diz-que-votou-em-2022-no-ex-presidente-Jair-Bolsonaro.jpg","width":900,"height":600},{"@type":"BreadcrumbList","@id":"https:\/\/sudoesteacontece.com.br\/?p=15829#breadcrumb","itemListElement":[{"@type":"ListItem","position":1,"name":"In\u00edcio","item":"https:\/\/sudoesteacontece.com.br\/"},{"@type":"ListItem","position":2,"name":"Angelo Coronel diz que votou em 2022 no ex-presidente Jair Bolsonaro"}]},{"@type":"WebSite","@id":"https:\/\/sudoesteacontece.com.br\/#website","url":"https:\/\/sudoesteacontece.com.br\/","name":"Sudoesteacontece","description":"","publisher":{"@id":"https:\/\/sudoesteacontece.com.br\/#organization"},"potentialAction":[{"@type":"SearchAction","target":{"@type":"EntryPoint","urlTemplate":"https:\/\/sudoesteacontece.com.br\/?s={search_term_string}"},"query-input":{"@type":"PropertyValueSpecification","valueRequired":true,"valueName":"search_term_string"}}],"inLanguage":"pt-BR"},{"@type":"Organization","@id":"https:\/\/sudoesteacontece.com.br\/#organization","name":"Sudoesteacontece","url":"https:\/\/sudoesteacontece.com.br\/","logo":{"@type":"ImageObject","inLanguage":"pt-BR","@id":"https:\/\/sudoesteacontece.com.br\/#\/schema\/logo\/image\/","url":"https:\/\/sudoesteacontece.com.br\/wp-content\/uploads\/2025\/12\/cropped-logo-2-180x180-1.png","contentUrl":"https:\/\/sudoesteacontece.com.br\/wp-content\/uploads\/2025\/12\/cropped-logo-2-180x180-1.png","width":180,"height":180,"caption":"Sudoesteacontece"},"image":{"@id":"https:\/\/sudoesteacontece.com.br\/#\/schema\/logo\/image\/"},"sameAs":["https:\/\/www.facebook.com\/sudoesteacontece\/?locale=pt_BR"]},{"@type":"Person","@id":"https:\/\/sudoesteacontece.com.br\/#\/schema\/person\/3cf2cf009926a9683ebc29d5379fa79c","name":"Washington Tiago","image":{"@type":"ImageObject","inLanguage":"pt-BR","@id":"https:\/\/sudoesteacontece.com.br\/#\/schema\/person\/image\/","url":"https:\/\/secure.gravatar.com\/avatar\/33c43b8668157e040f9d1fe93c354bf087cbd8ba36270c1163198bd3ddcf2a56?s=96&d=mm&r=g","contentUrl":"https:\/\/secure.gravatar.com\/avatar\/33c43b8668157e040f9d1fe93c354bf087cbd8ba36270c1163198bd3ddcf2a56?s=96&d=mm&r=g","caption":"Washington Tiago"},"url":"https:\/\/sudoesteacontece.com.br\/?author=2"}]}},"_links":{"self":[{"href":"https:\/\/sudoesteacontece.com.br\/index.php?rest_route=\/wp\/v2\/posts\/15829","targetHints":{"allow":["GET"]}}],"collection":[{"href":"https:\/\/sudoesteacontece.com.br\/index.php?rest_route=\/wp\/v2\/posts"}],"about":[{"href":"https:\/\/sudoesteacontece.com.br\/index.php?rest_route=\/wp\/v2\/types\/post"}],"author":[{"embeddable":true,"href":"https:\/\/sudoesteacontece.com.br\/index.php?rest_route=\/wp\/v2\/users\/2"}],"replies":[{"embeddable":true,"href":"https:\/\/sudoesteacontece.com.br\/index.php?rest_route=%2Fwp%2Fv2%2Fcomments&post=15829"}],"version-history":[{"count":1,"href":"https:\/\/sudoesteacontece.com.br\/index.php?rest_route=\/wp\/v2\/posts\/15829\/revisions"}],"predecessor-version":[{"id":15842,"href":"https:\/\/sudoesteacontece.com.br\/index.php?rest_route=\/wp\/v2\/posts\/15829\/revisions\/15842"}],"wp:attachment":[{"href":"https:\/\/sudoesteacontece.com.br\/index.php?rest_route=%2Fwp%2Fv2%2Fmedia&parent=15829"}],"wp:term":[{"taxonomy":"category","embeddable":true,"href":"https:\/\/sudoesteacontece.com.br\/index.php?rest_route=%2Fwp%2Fv2%2Fcategories&post=15829"},{"taxonomy":"post_tag","embeddable":true,"href":"https:\/\/sudoesteacontece.com.br\/index.php?rest_route=%2Fwp%2Fv2%2Ftags&post=15829"}],"curies":[{"name":"wp","href":"https:\/\/api.w.org\/{rel}","templated":true}]}}