{"id":15830,"date":"2026-04-27T13:30:39","date_gmt":"2026-04-27T16:30:39","guid":{"rendered":"https:\/\/sudoesteacontece.com.br\/?p=15830"},"modified":"2026-04-27T13:31:58","modified_gmt":"2026-04-27T16:31:58","slug":"maguinho-ganha-forca-como-pre-candidato-a-deputado-com-apoio-do-grupo-de-eduardo-vasconcelos-em-brumado","status":"publish","type":"post","link":"https:\/\/sudoesteacontece.com.br\/?p=15830","title":{"rendered":"Nome do Vereador Maguinho ganha for\u00e7a como pr\u00e9-candidato a deputado com apoio do grupo de Eduardo Vasconcelos em Brumado"},"content":{"rendered":"<div class=\"wp-block-image\">\n<figure class=\"aligncenter size-full\"><img fetchpriority=\"high\" decoding=\"async\" width=\"900\" height=\"600\" src=\"http:\/\/sudoesteacontece.com.br\/wp-content\/uploads\/2026\/04\/maguinho.jpg\" alt=\"\" class=\"wp-image-15831\" srcset=\"https:\/\/sudoesteacontece.com.br\/wp-content\/uploads\/2026\/04\/maguinho.jpg 900w, https:\/\/sudoesteacontece.com.br\/wp-content\/uploads\/2026\/04\/maguinho-300x200.jpg 300w, https:\/\/sudoesteacontece.com.br\/wp-content\/uploads\/2026\/04\/maguinho-768x512.jpg 768w\" sizes=\"(max-width: 900px) 100vw, 900px\" \/><\/figure>\n<\/div>\n\n\n<p>O vereador Carlos Magno, popular Maguinho do (MDB), desponta como pr\u00e9-candidato a deputado estadual em Brumado. A articula\u00e7\u00e3o cresce nos bastidores e j\u00e1 movimenta o cen\u00e1rio pol\u00edtico local. O nome do parlamentar surge em meio \u00e0 discuss\u00e3o sobre representatividade. Lideran\u00e7as avaliam caminhos para fortalecer o munic\u00edpio no cen\u00e1rio estadual.<\/p>\n\n\n\n<p>A possibilidade de Brumado ampliar sua presen\u00e7a na Assembleia Legislativa da Bahia impulsiona o debate. Nos bastidores, cresce a leitura de que a cidade precisa manter protagonismo pol\u00edtico. A aus\u00eancia de um nome forte no estado \u00e9 vista como risco. Nesse contexto, Maguinho aparece como alternativa vi\u00e1vel.<\/p>\n\n\n\n<p>Nos \u00faltimos 30 dias, segundo aliados do grupo pol\u00edtico, Maguinho teria ido \u00e0 capital baiana pelo menos quatro vezes, as viagens n\u00e3o constam na agendas do vereador e seriam consideradas estrat\u00e9gicas. Ainda conforme essas informa\u00e7\u00f5es de bastidores, o vereador n\u00e3o teria aparecido em registros fotogr\u00e1ficos dessas visitas.<\/p>\n\n\n\n<p>Pessoas ligadas ao grupo do ex-prefeito Eduardo Vasconcelos avaliam que a movimenta\u00e7\u00e3o discreta faria parte de uma estrat\u00e9gia pol\u00edtica em constru\u00e7\u00e3o, voltada \u00e0 organiza\u00e7\u00e3o da pr\u00e9-campanha e \u00e0 articula\u00e7\u00e3o de apoios para o projeto eleitoral.<\/p>\n\n\n\n<p>Nos bastidores, a informa\u00e7\u00e3o \u00e9 de que a pr\u00e9-candidatura deve contar com o apoio do grupo do ex-prefeito Eduardo Vasconcelos. O vereador \u00e9 apontado como herdeiro pol\u00edtico do ex-gestor. A alian\u00e7a tende a consolidar a base eleitoral. O grupo busca manter influ\u00eancia e protagonismo na regi\u00e3o.<\/p>\n\n\n\n<p>Apesar de ainda n\u00e3o oficializada, a pr\u00e9-candidatura j\u00e1 repercute no meio pol\u00edtico. O apoio do grupo de Vasconcelos refor\u00e7a a proje\u00e7\u00e3o do nome de Maguinho. O debate sobre for\u00e7a pol\u00edtica local volta ao centro das discuss\u00f5es.<\/p>\n\n\n\n<p><\/p>\n","protected":false},"excerpt":{"rendered":"<p>O vereador Carlos Magno, popular Maguinho do (MDB), desponta como pr\u00e9-candidato a deputado estadual em Brumado. A articula\u00e7\u00e3o cresce nos bastidores e j\u00e1 movimenta o cen\u00e1rio pol\u00edtico local. O nome do parlamentar surge em meio \u00e0 discuss\u00e3o sobre representatividade. Lideran\u00e7as avaliam caminhos para fortalecer o munic\u00edpio no cen\u00e1rio estadual. A possibilidade de Brumado ampliar sua presen\u00e7a na Assembleia Legislativa da Bahia impulsiona o debate. Nos bastidores, cresce a leitura de que a cidade precisa manter protagonismo pol\u00edtico. A aus\u00eancia de um nome forte no estado \u00e9 vista como risco. Nesse contexto, Maguinho aparece como alternativa vi\u00e1vel. Nos \u00faltimos 30 dias, segundo aliados do grupo pol\u00edtico, Maguinho teria ido \u00e0 capital baiana pelo menos quatro vezes, as viagens n\u00e3o constam na agendas do vereador e seriam consideradas estrat\u00e9gicas. Ainda conforme essas informa\u00e7\u00f5es de bastidores, o vereador n\u00e3o teria aparecido em registros fotogr\u00e1ficos dessas visitas. Pessoas ligadas ao grupo do ex-prefeito Eduardo Vasconcelos avaliam que a movimenta\u00e7\u00e3o discreta faria parte de uma estrat\u00e9gia pol\u00edtica em constru\u00e7\u00e3o, voltada \u00e0 organiza\u00e7\u00e3o da pr\u00e9-campanha e \u00e0 articula\u00e7\u00e3o de apoios para o projeto eleitoral. Nos bastidores, a informa\u00e7\u00e3o \u00e9 de que a pr\u00e9-candidatura deve contar com o apoio do grupo do ex-prefeito Eduardo Vasconcelos. O vereador \u00e9 apontado como herdeiro pol\u00edtico do ex-gestor. A alian\u00e7a tende a consolidar a base eleitoral. O grupo busca manter influ\u00eancia e protagonismo na regi\u00e3o. Apesar de ainda n\u00e3o oficializada, a pr\u00e9-candidatura j\u00e1 repercute no meio pol\u00edtico. O apoio do grupo de Vasconcelos refor\u00e7a a proje\u00e7\u00e3o do nome de Maguinho. O debate sobre for\u00e7a pol\u00edtica local volta ao centro das discuss\u00f5es.<\/p>\n","protected":false},"author":2,"featured_media":15831,"comment_status":"open","ping_status":"open","sticky":false,"template":"","format":"standard","meta":{"footnotes":""},"categories":[7,10,4,58,6],"tags":[],"class_list":["post-15830","post","type-post","status-publish","format-standard","has-post-thumbnail","hentry","category-bahia","category-brumado","category-cidades","category-eleicoes-2026","category-politica"],"yoast_head":"<!-- This site is optimized with the Yoast SEO plugin v26.5 - https:\/\/yoast.com\/wordpress\/plugins\/seo\/ -->\n<title>Nome do Vereador Maguinho ganha for\u00e7a como pr\u00e9-candidato a deputado com apoio do grupo de Eduardo Vasconcelos em Brumado - Sudoesteacontece<\/title>\n<meta name=\"robots\" content=\"index, follow, max-snippet:-1, max-image-preview:large, max-video-preview:-1\" \/>\n<link rel=\"canonical\" href=\"https:\/\/sudoesteacontece.com.br\/?p=15830\" \/>\n<meta property=\"og:locale\" content=\"pt_BR\" \/>\n<meta property=\"og:type\" content=\"article\" \/>\n<meta property=\"og:title\" content=\"Nome do Vereador Maguinho ganha for\u00e7a como pr\u00e9-candidato a deputado com apoio do grupo de Eduardo Vasconcelos em Brumado - Sudoesteacontece\" \/>\n<meta property=\"og:description\" content=\"O vereador Carlos Magno, popular Maguinho do (MDB), desponta como pr\u00e9-candidato a deputado estadual em Brumado. A articula\u00e7\u00e3o cresce nos bastidores e j\u00e1 movimenta o cen\u00e1rio pol\u00edtico local. O nome do parlamentar surge em meio \u00e0 discuss\u00e3o sobre representatividade. Lideran\u00e7as avaliam caminhos para fortalecer o munic\u00edpio no cen\u00e1rio estadual. A possibilidade de Brumado ampliar sua presen\u00e7a na Assembleia Legislativa da Bahia impulsiona o debate. Nos bastidores, cresce a leitura de que a cidade precisa manter protagonismo pol\u00edtico. A aus\u00eancia de um nome forte no estado \u00e9 vista como risco. Nesse contexto, Maguinho aparece como alternativa vi\u00e1vel. Nos \u00faltimos 30 dias, segundo aliados do grupo pol\u00edtico, Maguinho teria ido \u00e0 capital baiana pelo menos quatro vezes, as viagens n\u00e3o constam na agendas do vereador e seriam consideradas estrat\u00e9gicas. Ainda conforme essas informa\u00e7\u00f5es de bastidores, o vereador n\u00e3o teria aparecido em registros fotogr\u00e1ficos dessas visitas. Pessoas ligadas ao grupo do ex-prefeito Eduardo Vasconcelos avaliam que a movimenta\u00e7\u00e3o discreta faria parte de uma estrat\u00e9gia pol\u00edtica em constru\u00e7\u00e3o, voltada \u00e0 organiza\u00e7\u00e3o da pr\u00e9-campanha e \u00e0 articula\u00e7\u00e3o de apoios para o projeto eleitoral. Nos bastidores, a informa\u00e7\u00e3o \u00e9 de que a pr\u00e9-candidatura deve contar com o apoio do grupo do ex-prefeito Eduardo Vasconcelos. O vereador \u00e9 apontado como herdeiro pol\u00edtico do ex-gestor. A alian\u00e7a tende a consolidar a base eleitoral. O grupo busca manter influ\u00eancia e protagonismo na regi\u00e3o. Apesar de ainda n\u00e3o oficializada, a pr\u00e9-candidatura j\u00e1 repercute no meio pol\u00edtico. O apoio do grupo de Vasconcelos refor\u00e7a a proje\u00e7\u00e3o do nome de Maguinho. O debate sobre for\u00e7a pol\u00edtica local volta ao centro das discuss\u00f5es.\" \/>\n<meta property=\"og:url\" content=\"https:\/\/sudoesteacontece.com.br\/?p=15830\" \/>\n<meta property=\"og:site_name\" content=\"Sudoesteacontece\" \/>\n<meta property=\"article:publisher\" content=\"https:\/\/www.facebook.com\/sudoesteacontece\/?locale=pt_BR\" \/>\n<meta property=\"article:published_time\" content=\"2026-04-27T16:30:39+00:00\" \/>\n<meta property=\"article:modified_time\" content=\"2026-04-27T16:31:58+00:00\" \/>\n<meta property=\"og:image\" content=\"http:\/\/sudoesteacontece.com.br\/wp-content\/uploads\/2026\/04\/maguinho.jpg\" \/>\n\t<meta property=\"og:image:width\" content=\"900\" \/>\n\t<meta property=\"og:image:height\" content=\"600\" \/>\n\t<meta property=\"og:image:type\" content=\"image\/jpeg\" \/>\n<meta name=\"author\" content=\"Washington Tiago\" \/>\n<meta name=\"twitter:card\" content=\"summary_large_image\" \/>\n<meta name=\"twitter:label1\" content=\"Escrito por\" \/>\n\t<meta name=\"twitter:data1\" content=\"Washington Tiago\" \/>\n\t<meta name=\"twitter:label2\" content=\"Est. tempo de leitura\" \/>\n\t<meta name=\"twitter:data2\" content=\"2 minutos\" \/>\n<script type=\"application\/ld+json\" class=\"yoast-schema-graph\">{\"@context\":\"https:\/\/schema.org\",\"@graph\":[{\"@type\":\"Article\",\"@id\":\"https:\/\/sudoesteacontece.com.br\/?p=15830#article\",\"isPartOf\":{\"@id\":\"https:\/\/sudoesteacontece.com.br\/?p=15830\"},\"author\":{\"name\":\"Washington Tiago\",\"@id\":\"https:\/\/sudoesteacontece.com.br\/#\/schema\/person\/3cf2cf009926a9683ebc29d5379fa79c\"},\"headline\":\"Nome do Vereador Maguinho ganha for\u00e7a como pr\u00e9-candidato a deputado com apoio do grupo de Eduardo Vasconcelos em Brumado\",\"datePublished\":\"2026-04-27T16:30:39+00:00\",\"dateModified\":\"2026-04-27T16:31:58+00:00\",\"mainEntityOfPage\":{\"@id\":\"https:\/\/sudoesteacontece.com.br\/?p=15830\"},\"wordCount\":312,\"commentCount\":0,\"publisher\":{\"@id\":\"https:\/\/sudoesteacontece.com.br\/#organization\"},\"image\":{\"@id\":\"https:\/\/sudoesteacontece.com.br\/?p=15830#primaryimage\"},\"thumbnailUrl\":\"https:\/\/sudoesteacontece.com.br\/wp-content\/uploads\/2026\/04\/maguinho.jpg\",\"articleSection\":[\"Bahia\",\"Brumado\",\"Cidades\",\"Elei\u00e7\u00f5es 2026\",\"Pol\u00edtica\"],\"inLanguage\":\"pt-BR\",\"potentialAction\":[{\"@type\":\"CommentAction\",\"name\":\"Comment\",\"target\":[\"https:\/\/sudoesteacontece.com.br\/?p=15830#respond\"]}]},{\"@type\":\"WebPage\",\"@id\":\"https:\/\/sudoesteacontece.com.br\/?p=15830\",\"url\":\"https:\/\/sudoesteacontece.com.br\/?p=15830\",\"name\":\"Nome do Vereador Maguinho ganha for\u00e7a como pr\u00e9-candidato a deputado com apoio do grupo de Eduardo Vasconcelos em Brumado - Sudoesteacontece\",\"isPartOf\":{\"@id\":\"https:\/\/sudoesteacontece.com.br\/#website\"},\"primaryImageOfPage\":{\"@id\":\"https:\/\/sudoesteacontece.com.br\/?p=15830#primaryimage\"},\"image\":{\"@id\":\"https:\/\/sudoesteacontece.com.br\/?p=15830#primaryimage\"},\"thumbnailUrl\":\"https:\/\/sudoesteacontece.com.br\/wp-content\/uploads\/2026\/04\/maguinho.jpg\",\"datePublished\":\"2026-04-27T16:30:39+00:00\",\"dateModified\":\"2026-04-27T16:31:58+00:00\",\"breadcrumb\":{\"@id\":\"https:\/\/sudoesteacontece.com.br\/?p=15830#breadcrumb\"},\"inLanguage\":\"pt-BR\",\"potentialAction\":[{\"@type\":\"ReadAction\",\"target\":[\"https:\/\/sudoesteacontece.com.br\/?p=15830\"]}]},{\"@type\":\"ImageObject\",\"inLanguage\":\"pt-BR\",\"@id\":\"https:\/\/sudoesteacontece.com.br\/?p=15830#primaryimage\",\"url\":\"https:\/\/sudoesteacontece.com.br\/wp-content\/uploads\/2026\/04\/maguinho.jpg\",\"contentUrl\":\"https:\/\/sudoesteacontece.com.br\/wp-content\/uploads\/2026\/04\/maguinho.jpg\",\"width\":900,\"height\":600},{\"@type\":\"BreadcrumbList\",\"@id\":\"https:\/\/sudoesteacontece.com.br\/?p=15830#breadcrumb\",\"itemListElement\":[{\"@type\":\"ListItem\",\"position\":1,\"name\":\"In\u00edcio\",\"item\":\"https:\/\/sudoesteacontece.com.br\/\"},{\"@type\":\"ListItem\",\"position\":2,\"name\":\"Nome do Vereador Maguinho ganha for\u00e7a como pr\u00e9-candidato a deputado com apoio do grupo de Eduardo Vasconcelos em Brumado\"}]},{\"@type\":\"WebSite\",\"@id\":\"https:\/\/sudoesteacontece.com.br\/#website\",\"url\":\"https:\/\/sudoesteacontece.com.br\/\",\"name\":\"Sudoesteacontece\",\"description\":\"\",\"publisher\":{\"@id\":\"https:\/\/sudoesteacontece.com.br\/#organization\"},\"potentialAction\":[{\"@type\":\"SearchAction\",\"target\":{\"@type\":\"EntryPoint\",\"urlTemplate\":\"https:\/\/sudoesteacontece.com.br\/?s={search_term_string}\"},\"query-input\":{\"@type\":\"PropertyValueSpecification\",\"valueRequired\":true,\"valueName\":\"search_term_string\"}}],\"inLanguage\":\"pt-BR\"},{\"@type\":\"Organization\",\"@id\":\"https:\/\/sudoesteacontece.com.br\/#organization\",\"name\":\"Sudoesteacontece\",\"url\":\"https:\/\/sudoesteacontece.com.br\/\",\"logo\":{\"@type\":\"ImageObject\",\"inLanguage\":\"pt-BR\",\"@id\":\"https:\/\/sudoesteacontece.com.br\/#\/schema\/logo\/image\/\",\"url\":\"https:\/\/sudoesteacontece.com.br\/wp-content\/uploads\/2025\/12\/cropped-logo-2-180x180-1.png\",\"contentUrl\":\"https:\/\/sudoesteacontece.com.br\/wp-content\/uploads\/2025\/12\/cropped-logo-2-180x180-1.png\",\"width\":180,\"height\":180,\"caption\":\"Sudoesteacontece\"},\"image\":{\"@id\":\"https:\/\/sudoesteacontece.com.br\/#\/schema\/logo\/image\/\"},\"sameAs\":[\"https:\/\/www.facebook.com\/sudoesteacontece\/?locale=pt_BR\"]},{\"@type\":\"Person\",\"@id\":\"https:\/\/sudoesteacontece.com.br\/#\/schema\/person\/3cf2cf009926a9683ebc29d5379fa79c\",\"name\":\"Washington Tiago\",\"image\":{\"@type\":\"ImageObject\",\"inLanguage\":\"pt-BR\",\"@id\":\"https:\/\/sudoesteacontece.com.br\/#\/schema\/person\/image\/\",\"url\":\"https:\/\/secure.gravatar.com\/avatar\/33c43b8668157e040f9d1fe93c354bf087cbd8ba36270c1163198bd3ddcf2a56?s=96&d=mm&r=g\",\"contentUrl\":\"https:\/\/secure.gravatar.com\/avatar\/33c43b8668157e040f9d1fe93c354bf087cbd8ba36270c1163198bd3ddcf2a56?s=96&d=mm&r=g\",\"caption\":\"Washington Tiago\"},\"url\":\"https:\/\/sudoesteacontece.com.br\/?author=2\"}]}<\/script>\n<!-- \/ Yoast SEO plugin. -->","yoast_head_json":{"title":"Nome do Vereador Maguinho ganha for\u00e7a como pr\u00e9-candidato a deputado com apoio do grupo de Eduardo Vasconcelos em Brumado - Sudoesteacontece","robots":{"index":"index","follow":"follow","max-snippet":"max-snippet:-1","max-image-preview":"max-image-preview:large","max-video-preview":"max-video-preview:-1"},"canonical":"https:\/\/sudoesteacontece.com.br\/?p=15830","og_locale":"pt_BR","og_type":"article","og_title":"Nome do Vereador Maguinho ganha for\u00e7a como pr\u00e9-candidato a deputado com apoio do grupo de Eduardo Vasconcelos em Brumado - Sudoesteacontece","og_description":"O vereador Carlos Magno, popular Maguinho do (MDB), desponta como pr\u00e9-candidato a deputado estadual em Brumado. A articula\u00e7\u00e3o cresce nos bastidores e j\u00e1 movimenta o cen\u00e1rio pol\u00edtico local. O nome do parlamentar surge em meio \u00e0 discuss\u00e3o sobre representatividade. Lideran\u00e7as avaliam caminhos para fortalecer o munic\u00edpio no cen\u00e1rio estadual. A possibilidade de Brumado ampliar sua presen\u00e7a na Assembleia Legislativa da Bahia impulsiona o debate. Nos bastidores, cresce a leitura de que a cidade precisa manter protagonismo pol\u00edtico. A aus\u00eancia de um nome forte no estado \u00e9 vista como risco. Nesse contexto, Maguinho aparece como alternativa vi\u00e1vel. Nos \u00faltimos 30 dias, segundo aliados do grupo pol\u00edtico, Maguinho teria ido \u00e0 capital baiana pelo menos quatro vezes, as viagens n\u00e3o constam na agendas do vereador e seriam consideradas estrat\u00e9gicas. Ainda conforme essas informa\u00e7\u00f5es de bastidores, o vereador n\u00e3o teria aparecido em registros fotogr\u00e1ficos dessas visitas. Pessoas ligadas ao grupo do ex-prefeito Eduardo Vasconcelos avaliam que a movimenta\u00e7\u00e3o discreta faria parte de uma estrat\u00e9gia pol\u00edtica em constru\u00e7\u00e3o, voltada \u00e0 organiza\u00e7\u00e3o da pr\u00e9-campanha e \u00e0 articula\u00e7\u00e3o de apoios para o projeto eleitoral. Nos bastidores, a informa\u00e7\u00e3o \u00e9 de que a pr\u00e9-candidatura deve contar com o apoio do grupo do ex-prefeito Eduardo Vasconcelos. O vereador \u00e9 apontado como herdeiro pol\u00edtico do ex-gestor. A alian\u00e7a tende a consolidar a base eleitoral. O grupo busca manter influ\u00eancia e protagonismo na regi\u00e3o. Apesar de ainda n\u00e3o oficializada, a pr\u00e9-candidatura j\u00e1 repercute no meio pol\u00edtico. O apoio do grupo de Vasconcelos refor\u00e7a a proje\u00e7\u00e3o do nome de Maguinho. O debate sobre for\u00e7a pol\u00edtica local volta ao centro das discuss\u00f5es.","og_url":"https:\/\/sudoesteacontece.com.br\/?p=15830","og_site_name":"Sudoesteacontece","article_publisher":"https:\/\/www.facebook.com\/sudoesteacontece\/?locale=pt_BR","article_published_time":"2026-04-27T16:30:39+00:00","article_modified_time":"2026-04-27T16:31:58+00:00","og_image":[{"width":900,"height":600,"url":"http:\/\/sudoesteacontece.com.br\/wp-content\/uploads\/2026\/04\/maguinho.jpg","type":"image\/jpeg"}],"author":"Washington Tiago","twitter_card":"summary_large_image","twitter_misc":{"Escrito por":"Washington Tiago","Est. tempo de leitura":"2 minutos"},"schema":{"@context":"https:\/\/schema.org","@graph":[{"@type":"Article","@id":"https:\/\/sudoesteacontece.com.br\/?p=15830#article","isPartOf":{"@id":"https:\/\/sudoesteacontece.com.br\/?p=15830"},"author":{"name":"Washington Tiago","@id":"https:\/\/sudoesteacontece.com.br\/#\/schema\/person\/3cf2cf009926a9683ebc29d5379fa79c"},"headline":"Nome do Vereador Maguinho ganha for\u00e7a como pr\u00e9-candidato a deputado com apoio do grupo de Eduardo Vasconcelos em Brumado","datePublished":"2026-04-27T16:30:39+00:00","dateModified":"2026-04-27T16:31:58+00:00","mainEntityOfPage":{"@id":"https:\/\/sudoesteacontece.com.br\/?p=15830"},"wordCount":312,"commentCount":0,"publisher":{"@id":"https:\/\/sudoesteacontece.com.br\/#organization"},"image":{"@id":"https:\/\/sudoesteacontece.com.br\/?p=15830#primaryimage"},"thumbnailUrl":"https:\/\/sudoesteacontece.com.br\/wp-content\/uploads\/2026\/04\/maguinho.jpg","articleSection":["Bahia","Brumado","Cidades","Elei\u00e7\u00f5es 2026","Pol\u00edtica"],"inLanguage":"pt-BR","potentialAction":[{"@type":"CommentAction","name":"Comment","target":["https:\/\/sudoesteacontece.com.br\/?p=15830#respond"]}]},{"@type":"WebPage","@id":"https:\/\/sudoesteacontece.com.br\/?p=15830","url":"https:\/\/sudoesteacontece.com.br\/?p=15830","name":"Nome do Vereador Maguinho ganha for\u00e7a como pr\u00e9-candidato a deputado com apoio do grupo de Eduardo Vasconcelos em Brumado - Sudoesteacontece","isPartOf":{"@id":"https:\/\/sudoesteacontece.com.br\/#website"},"primaryImageOfPage":{"@id":"https:\/\/sudoesteacontece.com.br\/?p=15830#primaryimage"},"image":{"@id":"https:\/\/sudoesteacontece.com.br\/?p=15830#primaryimage"},"thumbnailUrl":"https:\/\/sudoesteacontece.com.br\/wp-content\/uploads\/2026\/04\/maguinho.jpg","datePublished":"2026-04-27T16:30:39+00:00","dateModified":"2026-04-27T16:31:58+00:00","breadcrumb":{"@id":"https:\/\/sudoesteacontece.com.br\/?p=15830#breadcrumb"},"inLanguage":"pt-BR","potentialAction":[{"@type":"ReadAction","target":["https:\/\/sudoesteacontece.com.br\/?p=15830"]}]},{"@type":"ImageObject","inLanguage":"pt-BR","@id":"https:\/\/sudoesteacontece.com.br\/?p=15830#primaryimage","url":"https:\/\/sudoesteacontece.com.br\/wp-content\/uploads\/2026\/04\/maguinho.jpg","contentUrl":"https:\/\/sudoesteacontece.com.br\/wp-content\/uploads\/2026\/04\/maguinho.jpg","width":900,"height":600},{"@type":"BreadcrumbList","@id":"https:\/\/sudoesteacontece.com.br\/?p=15830#breadcrumb","itemListElement":[{"@type":"ListItem","position":1,"name":"In\u00edcio","item":"https:\/\/sudoesteacontece.com.br\/"},{"@type":"ListItem","position":2,"name":"Nome do Vereador Maguinho ganha for\u00e7a como pr\u00e9-candidato a deputado com apoio do grupo de Eduardo Vasconcelos em Brumado"}]},{"@type":"WebSite","@id":"https:\/\/sudoesteacontece.com.br\/#website","url":"https:\/\/sudoesteacontece.com.br\/","name":"Sudoesteacontece","description":"","publisher":{"@id":"https:\/\/sudoesteacontece.com.br\/#organization"},"potentialAction":[{"@type":"SearchAction","target":{"@type":"EntryPoint","urlTemplate":"https:\/\/sudoesteacontece.com.br\/?s={search_term_string}"},"query-input":{"@type":"PropertyValueSpecification","valueRequired":true,"valueName":"search_term_string"}}],"inLanguage":"pt-BR"},{"@type":"Organization","@id":"https:\/\/sudoesteacontece.com.br\/#organization","name":"Sudoesteacontece","url":"https:\/\/sudoesteacontece.com.br\/","logo":{"@type":"ImageObject","inLanguage":"pt-BR","@id":"https:\/\/sudoesteacontece.com.br\/#\/schema\/logo\/image\/","url":"https:\/\/sudoesteacontece.com.br\/wp-content\/uploads\/2025\/12\/cropped-logo-2-180x180-1.png","contentUrl":"https:\/\/sudoesteacontece.com.br\/wp-content\/uploads\/2025\/12\/cropped-logo-2-180x180-1.png","width":180,"height":180,"caption":"Sudoesteacontece"},"image":{"@id":"https:\/\/sudoesteacontece.com.br\/#\/schema\/logo\/image\/"},"sameAs":["https:\/\/www.facebook.com\/sudoesteacontece\/?locale=pt_BR"]},{"@type":"Person","@id":"https:\/\/sudoesteacontece.com.br\/#\/schema\/person\/3cf2cf009926a9683ebc29d5379fa79c","name":"Washington Tiago","image":{"@type":"ImageObject","inLanguage":"pt-BR","@id":"https:\/\/sudoesteacontece.com.br\/#\/schema\/person\/image\/","url":"https:\/\/secure.gravatar.com\/avatar\/33c43b8668157e040f9d1fe93c354bf087cbd8ba36270c1163198bd3ddcf2a56?s=96&d=mm&r=g","contentUrl":"https:\/\/secure.gravatar.com\/avatar\/33c43b8668157e040f9d1fe93c354bf087cbd8ba36270c1163198bd3ddcf2a56?s=96&d=mm&r=g","caption":"Washington Tiago"},"url":"https:\/\/sudoesteacontece.com.br\/?author=2"}]}},"_links":{"self":[{"href":"https:\/\/sudoesteacontece.com.br\/index.php?rest_route=\/wp\/v2\/posts\/15830","targetHints":{"allow":["GET"]}}],"collection":[{"href":"https:\/\/sudoesteacontece.com.br\/index.php?rest_route=\/wp\/v2\/posts"}],"about":[{"href":"https:\/\/sudoesteacontece.com.br\/index.php?rest_route=\/wp\/v2\/types\/post"}],"author":[{"embeddable":true,"href":"https:\/\/sudoesteacontece.com.br\/index.php?rest_route=\/wp\/v2\/users\/2"}],"replies":[{"embeddable":true,"href":"https:\/\/sudoesteacontece.com.br\/index.php?rest_route=%2Fwp%2Fv2%2Fcomments&post=15830"}],"version-history":[{"count":3,"href":"https:\/\/sudoesteacontece.com.br\/index.php?rest_route=\/wp\/v2\/posts\/15830\/revisions"}],"predecessor-version":[{"id":15834,"href":"https:\/\/sudoesteacontece.com.br\/index.php?rest_route=\/wp\/v2\/posts\/15830\/revisions\/15834"}],"wp:featuredmedia":[{"embeddable":true,"href":"https:\/\/sudoesteacontece.com.br\/index.php?rest_route=\/wp\/v2\/media\/15831"}],"wp:attachment":[{"href":"https:\/\/sudoesteacontece.com.br\/index.php?rest_route=%2Fwp%2Fv2%2Fmedia&parent=15830"}],"wp:term":[{"taxonomy":"category","embeddable":true,"href":"https:\/\/sudoesteacontece.com.br\/index.php?rest_route=%2Fwp%2Fv2%2Fcategories&post=15830"},{"taxonomy":"post_tag","embeddable":true,"href":"https:\/\/sudoesteacontece.com.br\/index.php?rest_route=%2Fwp%2Fv2%2Ftags&post=15830"}],"curies":[{"name":"wp","href":"https:\/\/api.w.org\/{rel}","templated":true}]}}