{"id":15857,"date":"2026-04-28T11:06:38","date_gmt":"2026-04-28T14:06:38","guid":{"rendered":"https:\/\/sudoesteacontece.com.br\/?p=15857"},"modified":"2026-04-28T11:06:42","modified_gmt":"2026-04-28T14:06:42","slug":"caminhada-pelo-autismo-reune-familias-e-cobra-mais-inclusao-em-brumado","status":"publish","type":"post","link":"https:\/\/sudoesteacontece.com.br\/?p=15857","title":{"rendered":"Caminhada pelo autismo re\u00fane fam\u00edlias e cobra mais inclus\u00e3o em Brumado"},"content":{"rendered":"<div class=\"wp-block-image\">\n<figure class=\"aligncenter size-full\"><img fetchpriority=\"high\" decoding=\"async\" width=\"900\" height=\"600\" src=\"http:\/\/sudoesteacontece.com.br\/wp-content\/uploads\/2026\/04\/Caminhada-pelo-autismo-reune-familias-e-cobra-mais-inclusao-em-Brumado.jpg\" alt=\"\" class=\"wp-image-15894\" srcset=\"https:\/\/sudoesteacontece.com.br\/wp-content\/uploads\/2026\/04\/Caminhada-pelo-autismo-reune-familias-e-cobra-mais-inclusao-em-Brumado.jpg 900w, https:\/\/sudoesteacontece.com.br\/wp-content\/uploads\/2026\/04\/Caminhada-pelo-autismo-reune-familias-e-cobra-mais-inclusao-em-Brumado-300x200.jpg 300w, https:\/\/sudoesteacontece.com.br\/wp-content\/uploads\/2026\/04\/Caminhada-pelo-autismo-reune-familias-e-cobra-mais-inclusao-em-Brumado-768x512.jpg 768w\" sizes=\"(max-width: 900px) 100vw, 900px\" \/><\/figure>\n<\/div>\n\n\n<p>Uma caminhada de conscientiza\u00e7\u00e3o sobre o Transtorno do Espectro Autista mobilizou fam\u00edlias, educadores e profissionais de sa\u00fade na tarde de domingo (26), em Brumado. A concentra\u00e7\u00e3o ocorreu em frente ao F\u00f3rum, com sa\u00edda em dire\u00e7\u00e3o \u00e0 Pra\u00e7a da Prefeitura. O ato reuniu dezenas de participantes e chamou a aten\u00e7\u00e3o para a import\u00e2ncia da inclus\u00e3o e do respeito \u00e0s pessoas com autismo.<\/p>\n\n\n\n<p>Durante o percurso e na chegada ao local, o p\u00fablico participou de uma programa\u00e7\u00e3o voltada principalmente \u00e0s crian\u00e7as. Atividades recreativas, pintura, m\u00fasica e distribui\u00e7\u00e3o de lanches garantiram um ambiente acolhedor. A proposta foi promover integra\u00e7\u00e3o entre as fam\u00edlias e estimular a conviv\u00eancia social em um espa\u00e7o inclusivo.<\/p>\n\n\n\n<p>Al\u00e9m do car\u00e1ter social, a mobiliza\u00e7\u00e3o buscou ampliar o debate sobre o autismo. Organizadores destacaram a import\u00e2ncia de combater o preconceito e fortalecer a conscientiza\u00e7\u00e3o. A a\u00e7\u00e3o tamb\u00e9m refor\u00e7ou a necessidade de mais informa\u00e7\u00e3o para a popula\u00e7\u00e3o e maior visibilidade para as demandas das pessoas com TEA.<\/p>\n\n\n\n<p>Por fim, o evento destacou a import\u00e2ncia de pol\u00edticas p\u00fablicas voltadas ao p\u00fablico autista. Participantes defenderam a amplia\u00e7\u00e3o do acesso a servi\u00e7os especializados e a\u00e7\u00f5es que garantam qualidade de vida. A iniciativa tamb\u00e9m evidenciou o apoio do poder p\u00fablico municipal a projetos de inclus\u00e3o e assist\u00eancia \u00e0s fam\u00edlias.<\/p>\n","protected":false},"excerpt":{"rendered":"<p>Uma caminhada de conscientiza\u00e7\u00e3o sobre o Transtorno do Espectro Autista mobilizou fam\u00edlias, educadores e profissionais de sa\u00fade na tarde de domingo (26), em Brumado. A concentra\u00e7\u00e3o ocorreu em frente ao F\u00f3rum, com sa\u00edda em dire\u00e7\u00e3o \u00e0 Pra\u00e7a da Prefeitura. O ato reuniu dezenas de participantes e chamou a aten\u00e7\u00e3o para a import\u00e2ncia da inclus\u00e3o e do respeito \u00e0s pessoas com autismo. Durante o percurso e na chegada ao local, o p\u00fablico participou de uma programa\u00e7\u00e3o voltada principalmente \u00e0s crian\u00e7as. Atividades recreativas, pintura, m\u00fasica e distribui\u00e7\u00e3o de lanches garantiram um ambiente acolhedor. A proposta foi promover integra\u00e7\u00e3o entre as fam\u00edlias e estimular a conviv\u00eancia social em um espa\u00e7o inclusivo. Al\u00e9m do car\u00e1ter social, a mobiliza\u00e7\u00e3o buscou ampliar o debate sobre o autismo. Organizadores destacaram a import\u00e2ncia de combater o preconceito e fortalecer a conscientiza\u00e7\u00e3o. A a\u00e7\u00e3o tamb\u00e9m refor\u00e7ou a necessidade de mais informa\u00e7\u00e3o para a popula\u00e7\u00e3o e maior visibilidade para as demandas das pessoas com TEA. Por fim, o evento destacou a import\u00e2ncia de pol\u00edticas p\u00fablicas voltadas ao p\u00fablico autista. Participantes defenderam a amplia\u00e7\u00e3o do acesso a servi\u00e7os especializados e a\u00e7\u00f5es que garantam qualidade de vida. A iniciativa tamb\u00e9m evidenciou o apoio do poder p\u00fablico municipal a projetos de inclus\u00e3o e assist\u00eancia \u00e0s fam\u00edlias.<\/p>\n","protected":false},"author":2,"featured_media":0,"comment_status":"open","ping_status":"open","sticky":false,"template":"","format":"standard","meta":{"footnotes":""},"categories":[10,6,45],"tags":[],"class_list":["post-15857","post","type-post","status-publish","format-standard","hentry","category-brumado","category-politica","category-saude"],"yoast_head":"<!-- This site is optimized with the Yoast SEO plugin v26.5 - https:\/\/yoast.com\/wordpress\/plugins\/seo\/ -->\n<title>Caminhada pelo autismo re\u00fane fam\u00edlias e cobra mais inclus\u00e3o em Brumado - Sudoesteacontece<\/title>\n<meta name=\"robots\" content=\"index, follow, max-snippet:-1, max-image-preview:large, max-video-preview:-1\" \/>\n<link rel=\"canonical\" href=\"https:\/\/sudoesteacontece.com.br\/?p=15857\" \/>\n<meta property=\"og:locale\" content=\"pt_BR\" \/>\n<meta property=\"og:type\" content=\"article\" \/>\n<meta property=\"og:title\" content=\"Caminhada pelo autismo re\u00fane fam\u00edlias e cobra mais inclus\u00e3o em Brumado - Sudoesteacontece\" \/>\n<meta property=\"og:description\" content=\"Uma caminhada de conscientiza\u00e7\u00e3o sobre o Transtorno do Espectro Autista mobilizou fam\u00edlias, educadores e profissionais de sa\u00fade na tarde de domingo (26), em Brumado. A concentra\u00e7\u00e3o ocorreu em frente ao F\u00f3rum, com sa\u00edda em dire\u00e7\u00e3o \u00e0 Pra\u00e7a da Prefeitura. O ato reuniu dezenas de participantes e chamou a aten\u00e7\u00e3o para a import\u00e2ncia da inclus\u00e3o e do respeito \u00e0s pessoas com autismo. Durante o percurso e na chegada ao local, o p\u00fablico participou de uma programa\u00e7\u00e3o voltada principalmente \u00e0s crian\u00e7as. Atividades recreativas, pintura, m\u00fasica e distribui\u00e7\u00e3o de lanches garantiram um ambiente acolhedor. A proposta foi promover integra\u00e7\u00e3o entre as fam\u00edlias e estimular a conviv\u00eancia social em um espa\u00e7o inclusivo. Al\u00e9m do car\u00e1ter social, a mobiliza\u00e7\u00e3o buscou ampliar o debate sobre o autismo. Organizadores destacaram a import\u00e2ncia de combater o preconceito e fortalecer a conscientiza\u00e7\u00e3o. A a\u00e7\u00e3o tamb\u00e9m refor\u00e7ou a necessidade de mais informa\u00e7\u00e3o para a popula\u00e7\u00e3o e maior visibilidade para as demandas das pessoas com TEA. Por fim, o evento destacou a import\u00e2ncia de pol\u00edticas p\u00fablicas voltadas ao p\u00fablico autista. Participantes defenderam a amplia\u00e7\u00e3o do acesso a servi\u00e7os especializados e a\u00e7\u00f5es que garantam qualidade de vida. A iniciativa tamb\u00e9m evidenciou o apoio do poder p\u00fablico municipal a projetos de inclus\u00e3o e assist\u00eancia \u00e0s fam\u00edlias.\" \/>\n<meta property=\"og:url\" content=\"https:\/\/sudoesteacontece.com.br\/?p=15857\" \/>\n<meta property=\"og:site_name\" content=\"Sudoesteacontece\" \/>\n<meta property=\"article:publisher\" content=\"https:\/\/www.facebook.com\/sudoesteacontece\/?locale=pt_BR\" \/>\n<meta property=\"article:published_time\" content=\"2026-04-28T14:06:38+00:00\" \/>\n<meta property=\"article:modified_time\" content=\"2026-04-28T14:06:42+00:00\" \/>\n<meta property=\"og:image\" content=\"https:\/\/sudoesteacontece.com.br\/wp-content\/uploads\/2026\/04\/Caminhada-pelo-autismo-reune-familias-e-cobra-mais-inclusao-em-Brumado.jpg\" \/>\n\t<meta property=\"og:image:width\" content=\"900\" \/>\n\t<meta property=\"og:image:height\" content=\"600\" \/>\n\t<meta property=\"og:image:type\" content=\"image\/jpeg\" \/>\n<meta name=\"author\" content=\"Washington Tiago\" \/>\n<meta name=\"twitter:card\" content=\"summary_large_image\" \/>\n<meta name=\"twitter:label1\" content=\"Escrito por\" \/>\n\t<meta name=\"twitter:data1\" content=\"Washington Tiago\" \/>\n\t<meta name=\"twitter:label2\" content=\"Est. tempo de leitura\" \/>\n\t<meta name=\"twitter:data2\" content=\"2 minutos\" \/>\n<script type=\"application\/ld+json\" class=\"yoast-schema-graph\">{\"@context\":\"https:\/\/schema.org\",\"@graph\":[{\"@type\":\"Article\",\"@id\":\"https:\/\/sudoesteacontece.com.br\/?p=15857#article\",\"isPartOf\":{\"@id\":\"https:\/\/sudoesteacontece.com.br\/?p=15857\"},\"author\":{\"name\":\"Washington Tiago\",\"@id\":\"https:\/\/sudoesteacontece.com.br\/#\/schema\/person\/3cf2cf009926a9683ebc29d5379fa79c\"},\"headline\":\"Caminhada pelo autismo re\u00fane fam\u00edlias e cobra mais inclus\u00e3o em Brumado\",\"datePublished\":\"2026-04-28T14:06:38+00:00\",\"dateModified\":\"2026-04-28T14:06:42+00:00\",\"mainEntityOfPage\":{\"@id\":\"https:\/\/sudoesteacontece.com.br\/?p=15857\"},\"wordCount\":257,\"commentCount\":0,\"publisher\":{\"@id\":\"https:\/\/sudoesteacontece.com.br\/#organization\"},\"image\":{\"@id\":\"https:\/\/sudoesteacontece.com.br\/?p=15857#primaryimage\"},\"thumbnailUrl\":\"http:\/\/sudoesteacontece.com.br\/wp-content\/uploads\/2026\/04\/Caminhada-pelo-autismo-reune-familias-e-cobra-mais-inclusao-em-Brumado.jpg\",\"articleSection\":[\"Brumado\",\"Pol\u00edtica\",\"Sa\u00fade\"],\"inLanguage\":\"pt-BR\",\"potentialAction\":[{\"@type\":\"CommentAction\",\"name\":\"Comment\",\"target\":[\"https:\/\/sudoesteacontece.com.br\/?p=15857#respond\"]}]},{\"@type\":\"WebPage\",\"@id\":\"https:\/\/sudoesteacontece.com.br\/?p=15857\",\"url\":\"https:\/\/sudoesteacontece.com.br\/?p=15857\",\"name\":\"Caminhada pelo autismo re\u00fane fam\u00edlias e cobra mais inclus\u00e3o em Brumado - Sudoesteacontece\",\"isPartOf\":{\"@id\":\"https:\/\/sudoesteacontece.com.br\/#website\"},\"primaryImageOfPage\":{\"@id\":\"https:\/\/sudoesteacontece.com.br\/?p=15857#primaryimage\"},\"image\":{\"@id\":\"https:\/\/sudoesteacontece.com.br\/?p=15857#primaryimage\"},\"thumbnailUrl\":\"http:\/\/sudoesteacontece.com.br\/wp-content\/uploads\/2026\/04\/Caminhada-pelo-autismo-reune-familias-e-cobra-mais-inclusao-em-Brumado.jpg\",\"datePublished\":\"2026-04-28T14:06:38+00:00\",\"dateModified\":\"2026-04-28T14:06:42+00:00\",\"breadcrumb\":{\"@id\":\"https:\/\/sudoesteacontece.com.br\/?p=15857#breadcrumb\"},\"inLanguage\":\"pt-BR\",\"potentialAction\":[{\"@type\":\"ReadAction\",\"target\":[\"https:\/\/sudoesteacontece.com.br\/?p=15857\"]}]},{\"@type\":\"ImageObject\",\"inLanguage\":\"pt-BR\",\"@id\":\"https:\/\/sudoesteacontece.com.br\/?p=15857#primaryimage\",\"url\":\"https:\/\/sudoesteacontece.com.br\/wp-content\/uploads\/2026\/04\/Caminhada-pelo-autismo-reune-familias-e-cobra-mais-inclusao-em-Brumado.jpg\",\"contentUrl\":\"https:\/\/sudoesteacontece.com.br\/wp-content\/uploads\/2026\/04\/Caminhada-pelo-autismo-reune-familias-e-cobra-mais-inclusao-em-Brumado.jpg\",\"width\":900,\"height\":600},{\"@type\":\"BreadcrumbList\",\"@id\":\"https:\/\/sudoesteacontece.com.br\/?p=15857#breadcrumb\",\"itemListElement\":[{\"@type\":\"ListItem\",\"position\":1,\"name\":\"In\u00edcio\",\"item\":\"https:\/\/sudoesteacontece.com.br\/\"},{\"@type\":\"ListItem\",\"position\":2,\"name\":\"Caminhada pelo autismo re\u00fane fam\u00edlias e cobra mais inclus\u00e3o em Brumado\"}]},{\"@type\":\"WebSite\",\"@id\":\"https:\/\/sudoesteacontece.com.br\/#website\",\"url\":\"https:\/\/sudoesteacontece.com.br\/\",\"name\":\"Sudoesteacontece\",\"description\":\"\",\"publisher\":{\"@id\":\"https:\/\/sudoesteacontece.com.br\/#organization\"},\"potentialAction\":[{\"@type\":\"SearchAction\",\"target\":{\"@type\":\"EntryPoint\",\"urlTemplate\":\"https:\/\/sudoesteacontece.com.br\/?s={search_term_string}\"},\"query-input\":{\"@type\":\"PropertyValueSpecification\",\"valueRequired\":true,\"valueName\":\"search_term_string\"}}],\"inLanguage\":\"pt-BR\"},{\"@type\":\"Organization\",\"@id\":\"https:\/\/sudoesteacontece.com.br\/#organization\",\"name\":\"Sudoesteacontece\",\"url\":\"https:\/\/sudoesteacontece.com.br\/\",\"logo\":{\"@type\":\"ImageObject\",\"inLanguage\":\"pt-BR\",\"@id\":\"https:\/\/sudoesteacontece.com.br\/#\/schema\/logo\/image\/\",\"url\":\"https:\/\/sudoesteacontece.com.br\/wp-content\/uploads\/2025\/12\/cropped-logo-2-180x180-1.png\",\"contentUrl\":\"https:\/\/sudoesteacontece.com.br\/wp-content\/uploads\/2025\/12\/cropped-logo-2-180x180-1.png\",\"width\":180,\"height\":180,\"caption\":\"Sudoesteacontece\"},\"image\":{\"@id\":\"https:\/\/sudoesteacontece.com.br\/#\/schema\/logo\/image\/\"},\"sameAs\":[\"https:\/\/www.facebook.com\/sudoesteacontece\/?locale=pt_BR\"]},{\"@type\":\"Person\",\"@id\":\"https:\/\/sudoesteacontece.com.br\/#\/schema\/person\/3cf2cf009926a9683ebc29d5379fa79c\",\"name\":\"Washington Tiago\",\"image\":{\"@type\":\"ImageObject\",\"inLanguage\":\"pt-BR\",\"@id\":\"https:\/\/sudoesteacontece.com.br\/#\/schema\/person\/image\/\",\"url\":\"https:\/\/secure.gravatar.com\/avatar\/33c43b8668157e040f9d1fe93c354bf087cbd8ba36270c1163198bd3ddcf2a56?s=96&d=mm&r=g\",\"contentUrl\":\"https:\/\/secure.gravatar.com\/avatar\/33c43b8668157e040f9d1fe93c354bf087cbd8ba36270c1163198bd3ddcf2a56?s=96&d=mm&r=g\",\"caption\":\"Washington Tiago\"},\"url\":\"https:\/\/sudoesteacontece.com.br\/?author=2\"}]}<\/script>\n<!-- \/ Yoast SEO plugin. -->","yoast_head_json":{"title":"Caminhada pelo autismo re\u00fane fam\u00edlias e cobra mais inclus\u00e3o em Brumado - Sudoesteacontece","robots":{"index":"index","follow":"follow","max-snippet":"max-snippet:-1","max-image-preview":"max-image-preview:large","max-video-preview":"max-video-preview:-1"},"canonical":"https:\/\/sudoesteacontece.com.br\/?p=15857","og_locale":"pt_BR","og_type":"article","og_title":"Caminhada pelo autismo re\u00fane fam\u00edlias e cobra mais inclus\u00e3o em Brumado - Sudoesteacontece","og_description":"Uma caminhada de conscientiza\u00e7\u00e3o sobre o Transtorno do Espectro Autista mobilizou fam\u00edlias, educadores e profissionais de sa\u00fade na tarde de domingo (26), em Brumado. A concentra\u00e7\u00e3o ocorreu em frente ao F\u00f3rum, com sa\u00edda em dire\u00e7\u00e3o \u00e0 Pra\u00e7a da Prefeitura. O ato reuniu dezenas de participantes e chamou a aten\u00e7\u00e3o para a import\u00e2ncia da inclus\u00e3o e do respeito \u00e0s pessoas com autismo. Durante o percurso e na chegada ao local, o p\u00fablico participou de uma programa\u00e7\u00e3o voltada principalmente \u00e0s crian\u00e7as. Atividades recreativas, pintura, m\u00fasica e distribui\u00e7\u00e3o de lanches garantiram um ambiente acolhedor. A proposta foi promover integra\u00e7\u00e3o entre as fam\u00edlias e estimular a conviv\u00eancia social em um espa\u00e7o inclusivo. Al\u00e9m do car\u00e1ter social, a mobiliza\u00e7\u00e3o buscou ampliar o debate sobre o autismo. Organizadores destacaram a import\u00e2ncia de combater o preconceito e fortalecer a conscientiza\u00e7\u00e3o. A a\u00e7\u00e3o tamb\u00e9m refor\u00e7ou a necessidade de mais informa\u00e7\u00e3o para a popula\u00e7\u00e3o e maior visibilidade para as demandas das pessoas com TEA. Por fim, o evento destacou a import\u00e2ncia de pol\u00edticas p\u00fablicas voltadas ao p\u00fablico autista. Participantes defenderam a amplia\u00e7\u00e3o do acesso a servi\u00e7os especializados e a\u00e7\u00f5es que garantam qualidade de vida. A iniciativa tamb\u00e9m evidenciou o apoio do poder p\u00fablico municipal a projetos de inclus\u00e3o e assist\u00eancia \u00e0s fam\u00edlias.","og_url":"https:\/\/sudoesteacontece.com.br\/?p=15857","og_site_name":"Sudoesteacontece","article_publisher":"https:\/\/www.facebook.com\/sudoesteacontece\/?locale=pt_BR","article_published_time":"2026-04-28T14:06:38+00:00","article_modified_time":"2026-04-28T14:06:42+00:00","og_image":[{"width":900,"height":600,"url":"https:\/\/sudoesteacontece.com.br\/wp-content\/uploads\/2026\/04\/Caminhada-pelo-autismo-reune-familias-e-cobra-mais-inclusao-em-Brumado.jpg","type":"image\/jpeg"}],"author":"Washington Tiago","twitter_card":"summary_large_image","twitter_misc":{"Escrito por":"Washington Tiago","Est. tempo de leitura":"2 minutos"},"schema":{"@context":"https:\/\/schema.org","@graph":[{"@type":"Article","@id":"https:\/\/sudoesteacontece.com.br\/?p=15857#article","isPartOf":{"@id":"https:\/\/sudoesteacontece.com.br\/?p=15857"},"author":{"name":"Washington Tiago","@id":"https:\/\/sudoesteacontece.com.br\/#\/schema\/person\/3cf2cf009926a9683ebc29d5379fa79c"},"headline":"Caminhada pelo autismo re\u00fane fam\u00edlias e cobra mais inclus\u00e3o em Brumado","datePublished":"2026-04-28T14:06:38+00:00","dateModified":"2026-04-28T14:06:42+00:00","mainEntityOfPage":{"@id":"https:\/\/sudoesteacontece.com.br\/?p=15857"},"wordCount":257,"commentCount":0,"publisher":{"@id":"https:\/\/sudoesteacontece.com.br\/#organization"},"image":{"@id":"https:\/\/sudoesteacontece.com.br\/?p=15857#primaryimage"},"thumbnailUrl":"http:\/\/sudoesteacontece.com.br\/wp-content\/uploads\/2026\/04\/Caminhada-pelo-autismo-reune-familias-e-cobra-mais-inclusao-em-Brumado.jpg","articleSection":["Brumado","Pol\u00edtica","Sa\u00fade"],"inLanguage":"pt-BR","potentialAction":[{"@type":"CommentAction","name":"Comment","target":["https:\/\/sudoesteacontece.com.br\/?p=15857#respond"]}]},{"@type":"WebPage","@id":"https:\/\/sudoesteacontece.com.br\/?p=15857","url":"https:\/\/sudoesteacontece.com.br\/?p=15857","name":"Caminhada pelo autismo re\u00fane fam\u00edlias e cobra mais inclus\u00e3o em Brumado - Sudoesteacontece","isPartOf":{"@id":"https:\/\/sudoesteacontece.com.br\/#website"},"primaryImageOfPage":{"@id":"https:\/\/sudoesteacontece.com.br\/?p=15857#primaryimage"},"image":{"@id":"https:\/\/sudoesteacontece.com.br\/?p=15857#primaryimage"},"thumbnailUrl":"http:\/\/sudoesteacontece.com.br\/wp-content\/uploads\/2026\/04\/Caminhada-pelo-autismo-reune-familias-e-cobra-mais-inclusao-em-Brumado.jpg","datePublished":"2026-04-28T14:06:38+00:00","dateModified":"2026-04-28T14:06:42+00:00","breadcrumb":{"@id":"https:\/\/sudoesteacontece.com.br\/?p=15857#breadcrumb"},"inLanguage":"pt-BR","potentialAction":[{"@type":"ReadAction","target":["https:\/\/sudoesteacontece.com.br\/?p=15857"]}]},{"@type":"ImageObject","inLanguage":"pt-BR","@id":"https:\/\/sudoesteacontece.com.br\/?p=15857#primaryimage","url":"https:\/\/sudoesteacontece.com.br\/wp-content\/uploads\/2026\/04\/Caminhada-pelo-autismo-reune-familias-e-cobra-mais-inclusao-em-Brumado.jpg","contentUrl":"https:\/\/sudoesteacontece.com.br\/wp-content\/uploads\/2026\/04\/Caminhada-pelo-autismo-reune-familias-e-cobra-mais-inclusao-em-Brumado.jpg","width":900,"height":600},{"@type":"BreadcrumbList","@id":"https:\/\/sudoesteacontece.com.br\/?p=15857#breadcrumb","itemListElement":[{"@type":"ListItem","position":1,"name":"In\u00edcio","item":"https:\/\/sudoesteacontece.com.br\/"},{"@type":"ListItem","position":2,"name":"Caminhada pelo autismo re\u00fane fam\u00edlias e cobra mais inclus\u00e3o em Brumado"}]},{"@type":"WebSite","@id":"https:\/\/sudoesteacontece.com.br\/#website","url":"https:\/\/sudoesteacontece.com.br\/","name":"Sudoesteacontece","description":"","publisher":{"@id":"https:\/\/sudoesteacontece.com.br\/#organization"},"potentialAction":[{"@type":"SearchAction","target":{"@type":"EntryPoint","urlTemplate":"https:\/\/sudoesteacontece.com.br\/?s={search_term_string}"},"query-input":{"@type":"PropertyValueSpecification","valueRequired":true,"valueName":"search_term_string"}}],"inLanguage":"pt-BR"},{"@type":"Organization","@id":"https:\/\/sudoesteacontece.com.br\/#organization","name":"Sudoesteacontece","url":"https:\/\/sudoesteacontece.com.br\/","logo":{"@type":"ImageObject","inLanguage":"pt-BR","@id":"https:\/\/sudoesteacontece.com.br\/#\/schema\/logo\/image\/","url":"https:\/\/sudoesteacontece.com.br\/wp-content\/uploads\/2025\/12\/cropped-logo-2-180x180-1.png","contentUrl":"https:\/\/sudoesteacontece.com.br\/wp-content\/uploads\/2025\/12\/cropped-logo-2-180x180-1.png","width":180,"height":180,"caption":"Sudoesteacontece"},"image":{"@id":"https:\/\/sudoesteacontece.com.br\/#\/schema\/logo\/image\/"},"sameAs":["https:\/\/www.facebook.com\/sudoesteacontece\/?locale=pt_BR"]},{"@type":"Person","@id":"https:\/\/sudoesteacontece.com.br\/#\/schema\/person\/3cf2cf009926a9683ebc29d5379fa79c","name":"Washington Tiago","image":{"@type":"ImageObject","inLanguage":"pt-BR","@id":"https:\/\/sudoesteacontece.com.br\/#\/schema\/person\/image\/","url":"https:\/\/secure.gravatar.com\/avatar\/33c43b8668157e040f9d1fe93c354bf087cbd8ba36270c1163198bd3ddcf2a56?s=96&d=mm&r=g","contentUrl":"https:\/\/secure.gravatar.com\/avatar\/33c43b8668157e040f9d1fe93c354bf087cbd8ba36270c1163198bd3ddcf2a56?s=96&d=mm&r=g","caption":"Washington Tiago"},"url":"https:\/\/sudoesteacontece.com.br\/?author=2"}]}},"_links":{"self":[{"href":"https:\/\/sudoesteacontece.com.br\/index.php?rest_route=\/wp\/v2\/posts\/15857","targetHints":{"allow":["GET"]}}],"collection":[{"href":"https:\/\/sudoesteacontece.com.br\/index.php?rest_route=\/wp\/v2\/posts"}],"about":[{"href":"https:\/\/sudoesteacontece.com.br\/index.php?rest_route=\/wp\/v2\/types\/post"}],"author":[{"embeddable":true,"href":"https:\/\/sudoesteacontece.com.br\/index.php?rest_route=\/wp\/v2\/users\/2"}],"replies":[{"embeddable":true,"href":"https:\/\/sudoesteacontece.com.br\/index.php?rest_route=%2Fwp%2Fv2%2Fcomments&post=15857"}],"version-history":[{"count":1,"href":"https:\/\/sudoesteacontece.com.br\/index.php?rest_route=\/wp\/v2\/posts\/15857\/revisions"}],"predecessor-version":[{"id":15895,"href":"https:\/\/sudoesteacontece.com.br\/index.php?rest_route=\/wp\/v2\/posts\/15857\/revisions\/15895"}],"wp:attachment":[{"href":"https:\/\/sudoesteacontece.com.br\/index.php?rest_route=%2Fwp%2Fv2%2Fmedia&parent=15857"}],"wp:term":[{"taxonomy":"category","embeddable":true,"href":"https:\/\/sudoesteacontece.com.br\/index.php?rest_route=%2Fwp%2Fv2%2Fcategories&post=15857"},{"taxonomy":"post_tag","embeddable":true,"href":"https:\/\/sudoesteacontece.com.br\/index.php?rest_route=%2Fwp%2Fv2%2Ftags&post=15857"}],"curies":[{"name":"wp","href":"https:\/\/api.w.org\/{rel}","templated":true}]}}