{"id":15859,"date":"2026-04-28T11:08:15","date_gmt":"2026-04-28T14:08:15","guid":{"rendered":"https:\/\/sudoesteacontece.com.br\/?p=15859"},"modified":"2026-04-28T11:08:19","modified_gmt":"2026-04-28T14:08:19","slug":"atletas-de-brumado-sobem-ao-podio-em-corrida-e-chamam-atencao-em-guajeru","status":"publish","type":"post","link":"https:\/\/sudoesteacontece.com.br\/?p=15859","title":{"rendered":"Atletas de Brumado sobem ao p\u00f3dio em corrida e chamam aten\u00e7\u00e3o em Guajeru"},"content":{"rendered":"<div class=\"wp-block-image\">\n<figure class=\"aligncenter size-full\"><img fetchpriority=\"high\" decoding=\"async\" width=\"900\" height=\"600\" src=\"http:\/\/sudoesteacontece.com.br\/wp-content\/uploads\/2026\/04\/Atletas-de-Brumado-sobem-ao-podio-em-corrida-e-chamam-atencao-em-Guajeru.jpg\" alt=\"\" class=\"wp-image-15896\" srcset=\"https:\/\/sudoesteacontece.com.br\/wp-content\/uploads\/2026\/04\/Atletas-de-Brumado-sobem-ao-podio-em-corrida-e-chamam-atencao-em-Guajeru.jpg 900w, https:\/\/sudoesteacontece.com.br\/wp-content\/uploads\/2026\/04\/Atletas-de-Brumado-sobem-ao-podio-em-corrida-e-chamam-atencao-em-Guajeru-300x200.jpg 300w, https:\/\/sudoesteacontece.com.br\/wp-content\/uploads\/2026\/04\/Atletas-de-Brumado-sobem-ao-podio-em-corrida-e-chamam-atencao-em-Guajeru-768x512.jpg 768w\" sizes=\"(max-width: 900px) 100vw, 900px\" \/><\/figure>\n<\/div>\n\n\n<p>Atletas do grupo Movimento Running, de Brumado, conquistaram posi\u00e7\u00f5es de destaque na primeira corrida realizada em Guajeru. A prova aconteceu no dia (26), e reuniu competidores de diferentes cidades. O desempenho das participantes chamou aten\u00e7\u00e3o e refor\u00e7ou o crescimento do grupo no cen\u00e1rio esportivo regional.<\/p>\n\n\n\n<p>Quatro atletas garantiram p\u00f3dios em suas categorias. Fernanda Brito ficou em 3\u00ba lugar, enquanto Naiara Costa conquistou a 2\u00aa coloca\u00e7\u00e3o. Gic\u00e9lia Lima tamb\u00e9m alcan\u00e7ou o 3\u00ba lugar. No ranking geral, Viviane Porto terminou na 3\u00aa posi\u00e7\u00e3o, garantindo destaque entre os participantes.<\/p>\n\n\n\n<p>Al\u00e9m dos resultados, o grupo evidenciou crescimento e fortalecimento. O Movimento Running tem ampliado a participa\u00e7\u00e3o em eventos e incentivado h\u00e1bitos saud\u00e1veis. A iniciativa re\u00fane atletas de diferentes n\u00edveis e promove integra\u00e7\u00e3o, bem-estar e qualidade de vida por meio da pr\u00e1tica esportiva.<\/p>\n\n\n\n<p>Sob coordena\u00e7\u00e3o de D\u00e9bora Santos e Mariane Andrade, o projeto busca incentivar a supera\u00e7\u00e3o di\u00e1ria. O grupo aposta no esporte como ferramenta de transforma\u00e7\u00e3o social. A proposta envolve inclus\u00e3o, motiva\u00e7\u00e3o e fortalecimento da autoestima entre os participantes.<\/p>\n\n\n\n<p>Um dos momentos marcantes foi protagonizado por Gl\u00e9dson Ribas, que reduziu o ritmo para acompanhar o irm\u00e3o Glecivan Ribas em sua primeira corrida. A atitude destacou o esp\u00edrito de parceria do grupo. A participa\u00e7\u00e3o em Guajeru refor\u00e7ou que, al\u00e9m de medalhas, o projeto valoriza uni\u00e3o e incentivo m\u00fatuo.<\/p>\n","protected":false},"excerpt":{"rendered":"<p>Atletas do grupo Movimento Running, de Brumado, conquistaram posi\u00e7\u00f5es de destaque na primeira corrida realizada em Guajeru. A prova aconteceu no dia (26), e reuniu competidores de diferentes cidades. O desempenho das participantes chamou aten\u00e7\u00e3o e refor\u00e7ou o crescimento do grupo no cen\u00e1rio esportivo regional. Quatro atletas garantiram p\u00f3dios em suas categorias. Fernanda Brito ficou em 3\u00ba lugar, enquanto Naiara Costa conquistou a 2\u00aa coloca\u00e7\u00e3o. Gic\u00e9lia Lima tamb\u00e9m alcan\u00e7ou o 3\u00ba lugar. No ranking geral, Viviane Porto terminou na 3\u00aa posi\u00e7\u00e3o, garantindo destaque entre os participantes. Al\u00e9m dos resultados, o grupo evidenciou crescimento e fortalecimento. O Movimento Running tem ampliado a participa\u00e7\u00e3o em eventos e incentivado h\u00e1bitos saud\u00e1veis. A iniciativa re\u00fane atletas de diferentes n\u00edveis e promove integra\u00e7\u00e3o, bem-estar e qualidade de vida por meio da pr\u00e1tica esportiva. Sob coordena\u00e7\u00e3o de D\u00e9bora Santos e Mariane Andrade, o projeto busca incentivar a supera\u00e7\u00e3o di\u00e1ria. O grupo aposta no esporte como ferramenta de transforma\u00e7\u00e3o social. A proposta envolve inclus\u00e3o, motiva\u00e7\u00e3o e fortalecimento da autoestima entre os participantes. Um dos momentos marcantes foi protagonizado por Gl\u00e9dson Ribas, que reduziu o ritmo para acompanhar o irm\u00e3o Glecivan Ribas em sua primeira corrida. A atitude destacou o esp\u00edrito de parceria do grupo. A participa\u00e7\u00e3o em Guajeru refor\u00e7ou que, al\u00e9m de medalhas, o projeto valoriza uni\u00e3o e incentivo m\u00fatuo.<\/p>\n","protected":false},"author":2,"featured_media":15896,"comment_status":"open","ping_status":"open","sticky":false,"template":"","format":"standard","meta":{"footnotes":""},"categories":[10,4,52],"tags":[],"class_list":["post-15859","post","type-post","status-publish","format-standard","has-post-thumbnail","hentry","category-brumado","category-cidades","category-esporte"],"yoast_head":"<!-- This site is optimized with the Yoast SEO plugin v26.5 - https:\/\/yoast.com\/wordpress\/plugins\/seo\/ -->\n<title>Atletas de Brumado sobem ao p\u00f3dio em corrida e chamam aten\u00e7\u00e3o em Guajeru - Sudoesteacontece<\/title>\n<meta name=\"robots\" content=\"index, follow, max-snippet:-1, max-image-preview:large, max-video-preview:-1\" \/>\n<link rel=\"canonical\" href=\"https:\/\/sudoesteacontece.com.br\/?p=15859\" \/>\n<meta property=\"og:locale\" content=\"pt_BR\" \/>\n<meta property=\"og:type\" content=\"article\" \/>\n<meta property=\"og:title\" content=\"Atletas de Brumado sobem ao p\u00f3dio em corrida e chamam aten\u00e7\u00e3o em Guajeru - Sudoesteacontece\" \/>\n<meta property=\"og:description\" content=\"Atletas do grupo Movimento Running, de Brumado, conquistaram posi\u00e7\u00f5es de destaque na primeira corrida realizada em Guajeru. A prova aconteceu no dia (26), e reuniu competidores de diferentes cidades. O desempenho das participantes chamou aten\u00e7\u00e3o e refor\u00e7ou o crescimento do grupo no cen\u00e1rio esportivo regional. Quatro atletas garantiram p\u00f3dios em suas categorias. Fernanda Brito ficou em 3\u00ba lugar, enquanto Naiara Costa conquistou a 2\u00aa coloca\u00e7\u00e3o. Gic\u00e9lia Lima tamb\u00e9m alcan\u00e7ou o 3\u00ba lugar. No ranking geral, Viviane Porto terminou na 3\u00aa posi\u00e7\u00e3o, garantindo destaque entre os participantes. Al\u00e9m dos resultados, o grupo evidenciou crescimento e fortalecimento. O Movimento Running tem ampliado a participa\u00e7\u00e3o em eventos e incentivado h\u00e1bitos saud\u00e1veis. A iniciativa re\u00fane atletas de diferentes n\u00edveis e promove integra\u00e7\u00e3o, bem-estar e qualidade de vida por meio da pr\u00e1tica esportiva. Sob coordena\u00e7\u00e3o de D\u00e9bora Santos e Mariane Andrade, o projeto busca incentivar a supera\u00e7\u00e3o di\u00e1ria. O grupo aposta no esporte como ferramenta de transforma\u00e7\u00e3o social. A proposta envolve inclus\u00e3o, motiva\u00e7\u00e3o e fortalecimento da autoestima entre os participantes. Um dos momentos marcantes foi protagonizado por Gl\u00e9dson Ribas, que reduziu o ritmo para acompanhar o irm\u00e3o Glecivan Ribas em sua primeira corrida. A atitude destacou o esp\u00edrito de parceria do grupo. A participa\u00e7\u00e3o em Guajeru refor\u00e7ou que, al\u00e9m de medalhas, o projeto valoriza uni\u00e3o e incentivo m\u00fatuo.\" \/>\n<meta property=\"og:url\" content=\"https:\/\/sudoesteacontece.com.br\/?p=15859\" \/>\n<meta property=\"og:site_name\" content=\"Sudoesteacontece\" \/>\n<meta property=\"article:publisher\" content=\"https:\/\/www.facebook.com\/sudoesteacontece\/?locale=pt_BR\" \/>\n<meta property=\"article:published_time\" content=\"2026-04-28T14:08:15+00:00\" \/>\n<meta property=\"article:modified_time\" content=\"2026-04-28T14:08:19+00:00\" \/>\n<meta property=\"og:image\" content=\"http:\/\/sudoesteacontece.com.br\/wp-content\/uploads\/2026\/04\/Atletas-de-Brumado-sobem-ao-podio-em-corrida-e-chamam-atencao-em-Guajeru.jpg\" \/>\n\t<meta property=\"og:image:width\" content=\"900\" \/>\n\t<meta property=\"og:image:height\" content=\"600\" \/>\n\t<meta property=\"og:image:type\" content=\"image\/jpeg\" \/>\n<meta name=\"author\" content=\"Washington Tiago\" \/>\n<meta name=\"twitter:card\" content=\"summary_large_image\" \/>\n<meta name=\"twitter:label1\" content=\"Escrito por\" \/>\n\t<meta name=\"twitter:data1\" content=\"Washington Tiago\" \/>\n\t<meta name=\"twitter:label2\" content=\"Est. tempo de leitura\" \/>\n\t<meta name=\"twitter:data2\" content=\"2 minutos\" \/>\n<script type=\"application\/ld+json\" class=\"yoast-schema-graph\">{\"@context\":\"https:\/\/schema.org\",\"@graph\":[{\"@type\":\"Article\",\"@id\":\"https:\/\/sudoesteacontece.com.br\/?p=15859#article\",\"isPartOf\":{\"@id\":\"https:\/\/sudoesteacontece.com.br\/?p=15859\"},\"author\":{\"name\":\"Washington Tiago\",\"@id\":\"https:\/\/sudoesteacontece.com.br\/#\/schema\/person\/3cf2cf009926a9683ebc29d5379fa79c\"},\"headline\":\"Atletas de Brumado sobem ao p\u00f3dio em corrida e chamam aten\u00e7\u00e3o em Guajeru\",\"datePublished\":\"2026-04-28T14:08:15+00:00\",\"dateModified\":\"2026-04-28T14:08:19+00:00\",\"mainEntityOfPage\":{\"@id\":\"https:\/\/sudoesteacontece.com.br\/?p=15859\"},\"wordCount\":256,\"commentCount\":0,\"publisher\":{\"@id\":\"https:\/\/sudoesteacontece.com.br\/#organization\"},\"image\":{\"@id\":\"https:\/\/sudoesteacontece.com.br\/?p=15859#primaryimage\"},\"thumbnailUrl\":\"https:\/\/sudoesteacontece.com.br\/wp-content\/uploads\/2026\/04\/Atletas-de-Brumado-sobem-ao-podio-em-corrida-e-chamam-atencao-em-Guajeru.jpg\",\"articleSection\":[\"Brumado\",\"Cidades\",\"Esporte\"],\"inLanguage\":\"pt-BR\",\"potentialAction\":[{\"@type\":\"CommentAction\",\"name\":\"Comment\",\"target\":[\"https:\/\/sudoesteacontece.com.br\/?p=15859#respond\"]}]},{\"@type\":\"WebPage\",\"@id\":\"https:\/\/sudoesteacontece.com.br\/?p=15859\",\"url\":\"https:\/\/sudoesteacontece.com.br\/?p=15859\",\"name\":\"Atletas de Brumado sobem ao p\u00f3dio em corrida e chamam aten\u00e7\u00e3o em Guajeru - Sudoesteacontece\",\"isPartOf\":{\"@id\":\"https:\/\/sudoesteacontece.com.br\/#website\"},\"primaryImageOfPage\":{\"@id\":\"https:\/\/sudoesteacontece.com.br\/?p=15859#primaryimage\"},\"image\":{\"@id\":\"https:\/\/sudoesteacontece.com.br\/?p=15859#primaryimage\"},\"thumbnailUrl\":\"https:\/\/sudoesteacontece.com.br\/wp-content\/uploads\/2026\/04\/Atletas-de-Brumado-sobem-ao-podio-em-corrida-e-chamam-atencao-em-Guajeru.jpg\",\"datePublished\":\"2026-04-28T14:08:15+00:00\",\"dateModified\":\"2026-04-28T14:08:19+00:00\",\"breadcrumb\":{\"@id\":\"https:\/\/sudoesteacontece.com.br\/?p=15859#breadcrumb\"},\"inLanguage\":\"pt-BR\",\"potentialAction\":[{\"@type\":\"ReadAction\",\"target\":[\"https:\/\/sudoesteacontece.com.br\/?p=15859\"]}]},{\"@type\":\"ImageObject\",\"inLanguage\":\"pt-BR\",\"@id\":\"https:\/\/sudoesteacontece.com.br\/?p=15859#primaryimage\",\"url\":\"https:\/\/sudoesteacontece.com.br\/wp-content\/uploads\/2026\/04\/Atletas-de-Brumado-sobem-ao-podio-em-corrida-e-chamam-atencao-em-Guajeru.jpg\",\"contentUrl\":\"https:\/\/sudoesteacontece.com.br\/wp-content\/uploads\/2026\/04\/Atletas-de-Brumado-sobem-ao-podio-em-corrida-e-chamam-atencao-em-Guajeru.jpg\",\"width\":900,\"height\":600},{\"@type\":\"BreadcrumbList\",\"@id\":\"https:\/\/sudoesteacontece.com.br\/?p=15859#breadcrumb\",\"itemListElement\":[{\"@type\":\"ListItem\",\"position\":1,\"name\":\"In\u00edcio\",\"item\":\"https:\/\/sudoesteacontece.com.br\/\"},{\"@type\":\"ListItem\",\"position\":2,\"name\":\"Atletas de Brumado sobem ao p\u00f3dio em corrida e chamam aten\u00e7\u00e3o em Guajeru\"}]},{\"@type\":\"WebSite\",\"@id\":\"https:\/\/sudoesteacontece.com.br\/#website\",\"url\":\"https:\/\/sudoesteacontece.com.br\/\",\"name\":\"Sudoesteacontece\",\"description\":\"\",\"publisher\":{\"@id\":\"https:\/\/sudoesteacontece.com.br\/#organization\"},\"potentialAction\":[{\"@type\":\"SearchAction\",\"target\":{\"@type\":\"EntryPoint\",\"urlTemplate\":\"https:\/\/sudoesteacontece.com.br\/?s={search_term_string}\"},\"query-input\":{\"@type\":\"PropertyValueSpecification\",\"valueRequired\":true,\"valueName\":\"search_term_string\"}}],\"inLanguage\":\"pt-BR\"},{\"@type\":\"Organization\",\"@id\":\"https:\/\/sudoesteacontece.com.br\/#organization\",\"name\":\"Sudoesteacontece\",\"url\":\"https:\/\/sudoesteacontece.com.br\/\",\"logo\":{\"@type\":\"ImageObject\",\"inLanguage\":\"pt-BR\",\"@id\":\"https:\/\/sudoesteacontece.com.br\/#\/schema\/logo\/image\/\",\"url\":\"https:\/\/sudoesteacontece.com.br\/wp-content\/uploads\/2025\/12\/cropped-logo-2-180x180-1.png\",\"contentUrl\":\"https:\/\/sudoesteacontece.com.br\/wp-content\/uploads\/2025\/12\/cropped-logo-2-180x180-1.png\",\"width\":180,\"height\":180,\"caption\":\"Sudoesteacontece\"},\"image\":{\"@id\":\"https:\/\/sudoesteacontece.com.br\/#\/schema\/logo\/image\/\"},\"sameAs\":[\"https:\/\/www.facebook.com\/sudoesteacontece\/?locale=pt_BR\"]},{\"@type\":\"Person\",\"@id\":\"https:\/\/sudoesteacontece.com.br\/#\/schema\/person\/3cf2cf009926a9683ebc29d5379fa79c\",\"name\":\"Washington Tiago\",\"image\":{\"@type\":\"ImageObject\",\"inLanguage\":\"pt-BR\",\"@id\":\"https:\/\/sudoesteacontece.com.br\/#\/schema\/person\/image\/\",\"url\":\"https:\/\/secure.gravatar.com\/avatar\/33c43b8668157e040f9d1fe93c354bf087cbd8ba36270c1163198bd3ddcf2a56?s=96&d=mm&r=g\",\"contentUrl\":\"https:\/\/secure.gravatar.com\/avatar\/33c43b8668157e040f9d1fe93c354bf087cbd8ba36270c1163198bd3ddcf2a56?s=96&d=mm&r=g\",\"caption\":\"Washington Tiago\"},\"url\":\"https:\/\/sudoesteacontece.com.br\/?author=2\"}]}<\/script>\n<!-- \/ Yoast SEO plugin. -->","yoast_head_json":{"title":"Atletas de Brumado sobem ao p\u00f3dio em corrida e chamam aten\u00e7\u00e3o em Guajeru - Sudoesteacontece","robots":{"index":"index","follow":"follow","max-snippet":"max-snippet:-1","max-image-preview":"max-image-preview:large","max-video-preview":"max-video-preview:-1"},"canonical":"https:\/\/sudoesteacontece.com.br\/?p=15859","og_locale":"pt_BR","og_type":"article","og_title":"Atletas de Brumado sobem ao p\u00f3dio em corrida e chamam aten\u00e7\u00e3o em Guajeru - Sudoesteacontece","og_description":"Atletas do grupo Movimento Running, de Brumado, conquistaram posi\u00e7\u00f5es de destaque na primeira corrida realizada em Guajeru. A prova aconteceu no dia (26), e reuniu competidores de diferentes cidades. O desempenho das participantes chamou aten\u00e7\u00e3o e refor\u00e7ou o crescimento do grupo no cen\u00e1rio esportivo regional. Quatro atletas garantiram p\u00f3dios em suas categorias. Fernanda Brito ficou em 3\u00ba lugar, enquanto Naiara Costa conquistou a 2\u00aa coloca\u00e7\u00e3o. Gic\u00e9lia Lima tamb\u00e9m alcan\u00e7ou o 3\u00ba lugar. No ranking geral, Viviane Porto terminou na 3\u00aa posi\u00e7\u00e3o, garantindo destaque entre os participantes. Al\u00e9m dos resultados, o grupo evidenciou crescimento e fortalecimento. O Movimento Running tem ampliado a participa\u00e7\u00e3o em eventos e incentivado h\u00e1bitos saud\u00e1veis. A iniciativa re\u00fane atletas de diferentes n\u00edveis e promove integra\u00e7\u00e3o, bem-estar e qualidade de vida por meio da pr\u00e1tica esportiva. Sob coordena\u00e7\u00e3o de D\u00e9bora Santos e Mariane Andrade, o projeto busca incentivar a supera\u00e7\u00e3o di\u00e1ria. O grupo aposta no esporte como ferramenta de transforma\u00e7\u00e3o social. A proposta envolve inclus\u00e3o, motiva\u00e7\u00e3o e fortalecimento da autoestima entre os participantes. Um dos momentos marcantes foi protagonizado por Gl\u00e9dson Ribas, que reduziu o ritmo para acompanhar o irm\u00e3o Glecivan Ribas em sua primeira corrida. A atitude destacou o esp\u00edrito de parceria do grupo. A participa\u00e7\u00e3o em Guajeru refor\u00e7ou que, al\u00e9m de medalhas, o projeto valoriza uni\u00e3o e incentivo m\u00fatuo.","og_url":"https:\/\/sudoesteacontece.com.br\/?p=15859","og_site_name":"Sudoesteacontece","article_publisher":"https:\/\/www.facebook.com\/sudoesteacontece\/?locale=pt_BR","article_published_time":"2026-04-28T14:08:15+00:00","article_modified_time":"2026-04-28T14:08:19+00:00","og_image":[{"width":900,"height":600,"url":"http:\/\/sudoesteacontece.com.br\/wp-content\/uploads\/2026\/04\/Atletas-de-Brumado-sobem-ao-podio-em-corrida-e-chamam-atencao-em-Guajeru.jpg","type":"image\/jpeg"}],"author":"Washington Tiago","twitter_card":"summary_large_image","twitter_misc":{"Escrito por":"Washington Tiago","Est. tempo de leitura":"2 minutos"},"schema":{"@context":"https:\/\/schema.org","@graph":[{"@type":"Article","@id":"https:\/\/sudoesteacontece.com.br\/?p=15859#article","isPartOf":{"@id":"https:\/\/sudoesteacontece.com.br\/?p=15859"},"author":{"name":"Washington Tiago","@id":"https:\/\/sudoesteacontece.com.br\/#\/schema\/person\/3cf2cf009926a9683ebc29d5379fa79c"},"headline":"Atletas de Brumado sobem ao p\u00f3dio em corrida e chamam aten\u00e7\u00e3o em Guajeru","datePublished":"2026-04-28T14:08:15+00:00","dateModified":"2026-04-28T14:08:19+00:00","mainEntityOfPage":{"@id":"https:\/\/sudoesteacontece.com.br\/?p=15859"},"wordCount":256,"commentCount":0,"publisher":{"@id":"https:\/\/sudoesteacontece.com.br\/#organization"},"image":{"@id":"https:\/\/sudoesteacontece.com.br\/?p=15859#primaryimage"},"thumbnailUrl":"https:\/\/sudoesteacontece.com.br\/wp-content\/uploads\/2026\/04\/Atletas-de-Brumado-sobem-ao-podio-em-corrida-e-chamam-atencao-em-Guajeru.jpg","articleSection":["Brumado","Cidades","Esporte"],"inLanguage":"pt-BR","potentialAction":[{"@type":"CommentAction","name":"Comment","target":["https:\/\/sudoesteacontece.com.br\/?p=15859#respond"]}]},{"@type":"WebPage","@id":"https:\/\/sudoesteacontece.com.br\/?p=15859","url":"https:\/\/sudoesteacontece.com.br\/?p=15859","name":"Atletas de Brumado sobem ao p\u00f3dio em corrida e chamam aten\u00e7\u00e3o em Guajeru - Sudoesteacontece","isPartOf":{"@id":"https:\/\/sudoesteacontece.com.br\/#website"},"primaryImageOfPage":{"@id":"https:\/\/sudoesteacontece.com.br\/?p=15859#primaryimage"},"image":{"@id":"https:\/\/sudoesteacontece.com.br\/?p=15859#primaryimage"},"thumbnailUrl":"https:\/\/sudoesteacontece.com.br\/wp-content\/uploads\/2026\/04\/Atletas-de-Brumado-sobem-ao-podio-em-corrida-e-chamam-atencao-em-Guajeru.jpg","datePublished":"2026-04-28T14:08:15+00:00","dateModified":"2026-04-28T14:08:19+00:00","breadcrumb":{"@id":"https:\/\/sudoesteacontece.com.br\/?p=15859#breadcrumb"},"inLanguage":"pt-BR","potentialAction":[{"@type":"ReadAction","target":["https:\/\/sudoesteacontece.com.br\/?p=15859"]}]},{"@type":"ImageObject","inLanguage":"pt-BR","@id":"https:\/\/sudoesteacontece.com.br\/?p=15859#primaryimage","url":"https:\/\/sudoesteacontece.com.br\/wp-content\/uploads\/2026\/04\/Atletas-de-Brumado-sobem-ao-podio-em-corrida-e-chamam-atencao-em-Guajeru.jpg","contentUrl":"https:\/\/sudoesteacontece.com.br\/wp-content\/uploads\/2026\/04\/Atletas-de-Brumado-sobem-ao-podio-em-corrida-e-chamam-atencao-em-Guajeru.jpg","width":900,"height":600},{"@type":"BreadcrumbList","@id":"https:\/\/sudoesteacontece.com.br\/?p=15859#breadcrumb","itemListElement":[{"@type":"ListItem","position":1,"name":"In\u00edcio","item":"https:\/\/sudoesteacontece.com.br\/"},{"@type":"ListItem","position":2,"name":"Atletas de Brumado sobem ao p\u00f3dio em corrida e chamam aten\u00e7\u00e3o em Guajeru"}]},{"@type":"WebSite","@id":"https:\/\/sudoesteacontece.com.br\/#website","url":"https:\/\/sudoesteacontece.com.br\/","name":"Sudoesteacontece","description":"","publisher":{"@id":"https:\/\/sudoesteacontece.com.br\/#organization"},"potentialAction":[{"@type":"SearchAction","target":{"@type":"EntryPoint","urlTemplate":"https:\/\/sudoesteacontece.com.br\/?s={search_term_string}"},"query-input":{"@type":"PropertyValueSpecification","valueRequired":true,"valueName":"search_term_string"}}],"inLanguage":"pt-BR"},{"@type":"Organization","@id":"https:\/\/sudoesteacontece.com.br\/#organization","name":"Sudoesteacontece","url":"https:\/\/sudoesteacontece.com.br\/","logo":{"@type":"ImageObject","inLanguage":"pt-BR","@id":"https:\/\/sudoesteacontece.com.br\/#\/schema\/logo\/image\/","url":"https:\/\/sudoesteacontece.com.br\/wp-content\/uploads\/2025\/12\/cropped-logo-2-180x180-1.png","contentUrl":"https:\/\/sudoesteacontece.com.br\/wp-content\/uploads\/2025\/12\/cropped-logo-2-180x180-1.png","width":180,"height":180,"caption":"Sudoesteacontece"},"image":{"@id":"https:\/\/sudoesteacontece.com.br\/#\/schema\/logo\/image\/"},"sameAs":["https:\/\/www.facebook.com\/sudoesteacontece\/?locale=pt_BR"]},{"@type":"Person","@id":"https:\/\/sudoesteacontece.com.br\/#\/schema\/person\/3cf2cf009926a9683ebc29d5379fa79c","name":"Washington Tiago","image":{"@type":"ImageObject","inLanguage":"pt-BR","@id":"https:\/\/sudoesteacontece.com.br\/#\/schema\/person\/image\/","url":"https:\/\/secure.gravatar.com\/avatar\/33c43b8668157e040f9d1fe93c354bf087cbd8ba36270c1163198bd3ddcf2a56?s=96&d=mm&r=g","contentUrl":"https:\/\/secure.gravatar.com\/avatar\/33c43b8668157e040f9d1fe93c354bf087cbd8ba36270c1163198bd3ddcf2a56?s=96&d=mm&r=g","caption":"Washington Tiago"},"url":"https:\/\/sudoesteacontece.com.br\/?author=2"}]}},"_links":{"self":[{"href":"https:\/\/sudoesteacontece.com.br\/index.php?rest_route=\/wp\/v2\/posts\/15859","targetHints":{"allow":["GET"]}}],"collection":[{"href":"https:\/\/sudoesteacontece.com.br\/index.php?rest_route=\/wp\/v2\/posts"}],"about":[{"href":"https:\/\/sudoesteacontece.com.br\/index.php?rest_route=\/wp\/v2\/types\/post"}],"author":[{"embeddable":true,"href":"https:\/\/sudoesteacontece.com.br\/index.php?rest_route=\/wp\/v2\/users\/2"}],"replies":[{"embeddable":true,"href":"https:\/\/sudoesteacontece.com.br\/index.php?rest_route=%2Fwp%2Fv2%2Fcomments&post=15859"}],"version-history":[{"count":1,"href":"https:\/\/sudoesteacontece.com.br\/index.php?rest_route=\/wp\/v2\/posts\/15859\/revisions"}],"predecessor-version":[{"id":15897,"href":"https:\/\/sudoesteacontece.com.br\/index.php?rest_route=\/wp\/v2\/posts\/15859\/revisions\/15897"}],"wp:featuredmedia":[{"embeddable":true,"href":"https:\/\/sudoesteacontece.com.br\/index.php?rest_route=\/wp\/v2\/media\/15896"}],"wp:attachment":[{"href":"https:\/\/sudoesteacontece.com.br\/index.php?rest_route=%2Fwp%2Fv2%2Fmedia&parent=15859"}],"wp:term":[{"taxonomy":"category","embeddable":true,"href":"https:\/\/sudoesteacontece.com.br\/index.php?rest_route=%2Fwp%2Fv2%2Fcategories&post=15859"},{"taxonomy":"post_tag","embeddable":true,"href":"https:\/\/sudoesteacontece.com.br\/index.php?rest_route=%2Fwp%2Fv2%2Ftags&post=15859"}],"curies":[{"name":"wp","href":"https:\/\/api.w.org\/{rel}","templated":true}]}}