{"id":15868,"date":"2026-04-28T11:18:01","date_gmt":"2026-04-28T14:18:01","guid":{"rendered":"https:\/\/sudoesteacontece.com.br\/?p=15868"},"modified":"2026-04-28T11:18:07","modified_gmt":"2026-04-28T14:18:07","slug":"mpf-investiga-desaparecimento-de-64-computadores-de-creche-em-simoes-filho","status":"publish","type":"post","link":"https:\/\/sudoesteacontece.com.br\/?p=15868","title":{"rendered":"MPF investiga desaparecimento de 64 computadores de Creche em Sim\u00f5es Filho"},"content":{"rendered":"<div class=\"wp-block-image\">\n<figure class=\"aligncenter size-full\"><img fetchpriority=\"high\" decoding=\"async\" width=\"900\" height=\"600\" src=\"http:\/\/sudoesteacontece.com.br\/wp-content\/uploads\/2026\/04\/Creche-Sofia-Augusto.jpg\" alt=\"\" class=\"wp-image-15903\" srcset=\"https:\/\/sudoesteacontece.com.br\/wp-content\/uploads\/2026\/04\/Creche-Sofia-Augusto.jpg 900w, https:\/\/sudoesteacontece.com.br\/wp-content\/uploads\/2026\/04\/Creche-Sofia-Augusto-300x200.jpg 300w, https:\/\/sudoesteacontece.com.br\/wp-content\/uploads\/2026\/04\/Creche-Sofia-Augusto-768x512.jpg 768w\" sizes=\"(max-width: 900px) 100vw, 900px\" \/><\/figure>\n<\/div>\n\n\n<p>O Minist\u00e9rio P\u00fablico Federal abriu inqu\u00e9rito para investigar o desaparecimento de 64 computadores adquiridos com recursos p\u00fablicos em Sim\u00f5es Filho. A apura\u00e7\u00e3o foi tornada p\u00fablica nesta ter\u00e7a-feira (28) e busca esclarecer o destino dos equipamentos. O caso envolve poss\u00edvel irregularidade no uso de dinheiro p\u00fablico.<\/p>\n\n\n\n<p>Segundo o MPF, os computadores foram comprados em 2024 para atender a Creche Sofia Augusto. A aquisi\u00e7\u00e3o ocorreu durante a gest\u00e3o do prefeito Del. Os equipamentos n\u00e3o teriam sido entregues ao destino previsto, o que levantou suspeitas de desaparecimento ou desvio.<\/p>\n\n\n\n<p>A investiga\u00e7\u00e3o foi instaurada ap\u00f3s um procedimento inicial n\u00e3o reunir provas suficientes. Com novos ind\u00edcios, o caso evoluiu para um inqu\u00e9rito civil. O \u00f3rg\u00e3o aponta poss\u00edvel dano ao er\u00e1rio e suspeita de atos de improbidade administrativa, al\u00e9m de eventual enriquecimento il\u00edcito de agentes p\u00fablicos ou terceiros.<\/p>\n\n\n\n<p>De acordo com o procurador Samir Cabus Nachef J\u00fanior, h\u00e1 sinais de viola\u00e7\u00e3o de princ\u00edpios da administra\u00e7\u00e3o p\u00fablica. Entre eles, legalidade, moralidade e impessoalidade. A apura\u00e7\u00e3o tem base na legisla\u00e7\u00e3o que trata de irregularidades cometidas por agentes p\u00fablicos.<\/p>\n\n\n\n<p>Agora, o MPF vai realizar dilig\u00eancias e coleta de provas para esclarecer o caso. O objetivo \u00e9 identificar responsabilidades e confirmar se houve preju\u00edzo aos cofres p\u00fablicos. O inqu\u00e9rito tamb\u00e9m foi encaminhado para acompanhamento interno e registro oficial.<\/p>\n","protected":false},"excerpt":{"rendered":"<p>O Minist\u00e9rio P\u00fablico Federal abriu inqu\u00e9rito para investigar o desaparecimento de 64 computadores adquiridos com recursos p\u00fablicos em Sim\u00f5es Filho. A apura\u00e7\u00e3o foi tornada p\u00fablica nesta ter\u00e7a-feira (28) e busca esclarecer o destino dos equipamentos. O caso envolve poss\u00edvel irregularidade no uso de dinheiro p\u00fablico. Segundo o MPF, os computadores foram comprados em 2024 para atender a Creche Sofia Augusto. A aquisi\u00e7\u00e3o ocorreu durante a gest\u00e3o do prefeito Del. Os equipamentos n\u00e3o teriam sido entregues ao destino previsto, o que levantou suspeitas de desaparecimento ou desvio. A investiga\u00e7\u00e3o foi instaurada ap\u00f3s um procedimento inicial n\u00e3o reunir provas suficientes. Com novos ind\u00edcios, o caso evoluiu para um inqu\u00e9rito civil. O \u00f3rg\u00e3o aponta poss\u00edvel dano ao er\u00e1rio e suspeita de atos de improbidade administrativa, al\u00e9m de eventual enriquecimento il\u00edcito de agentes p\u00fablicos ou terceiros. De acordo com o procurador Samir Cabus Nachef J\u00fanior, h\u00e1 sinais de viola\u00e7\u00e3o de princ\u00edpios da administra\u00e7\u00e3o p\u00fablica. Entre eles, legalidade, moralidade e impessoalidade. A apura\u00e7\u00e3o tem base na legisla\u00e7\u00e3o que trata de irregularidades cometidas por agentes p\u00fablicos. Agora, o MPF vai realizar dilig\u00eancias e coleta de provas para esclarecer o caso. O objetivo \u00e9 identificar responsabilidades e confirmar se houve preju\u00edzo aos cofres p\u00fablicos. O inqu\u00e9rito tamb\u00e9m foi encaminhado para acompanhamento interno e registro oficial.<\/p>\n","protected":false},"author":2,"featured_media":0,"comment_status":"open","ping_status":"open","sticky":false,"template":"","format":"standard","meta":{"footnotes":""},"categories":[7,43,13,6],"tags":[],"class_list":["post-15868","post","type-post","status-publish","format-standard","hentry","category-bahia","category-educacao","category-justica","category-politica"],"yoast_head":"<!-- This site is optimized with the Yoast SEO plugin v26.5 - https:\/\/yoast.com\/wordpress\/plugins\/seo\/ -->\n<title>MPF investiga desaparecimento de 64 computadores de Creche em Sim\u00f5es Filho - Sudoesteacontece<\/title>\n<meta name=\"robots\" content=\"index, follow, max-snippet:-1, max-image-preview:large, max-video-preview:-1\" \/>\n<link rel=\"canonical\" href=\"https:\/\/sudoesteacontece.com.br\/?p=15868\" \/>\n<meta property=\"og:locale\" content=\"pt_BR\" \/>\n<meta property=\"og:type\" content=\"article\" \/>\n<meta property=\"og:title\" content=\"MPF investiga desaparecimento de 64 computadores de Creche em Sim\u00f5es Filho - Sudoesteacontece\" \/>\n<meta property=\"og:description\" content=\"O Minist\u00e9rio P\u00fablico Federal abriu inqu\u00e9rito para investigar o desaparecimento de 64 computadores adquiridos com recursos p\u00fablicos em Sim\u00f5es Filho. A apura\u00e7\u00e3o foi tornada p\u00fablica nesta ter\u00e7a-feira (28) e busca esclarecer o destino dos equipamentos. O caso envolve poss\u00edvel irregularidade no uso de dinheiro p\u00fablico. Segundo o MPF, os computadores foram comprados em 2024 para atender a Creche Sofia Augusto. A aquisi\u00e7\u00e3o ocorreu durante a gest\u00e3o do prefeito Del. Os equipamentos n\u00e3o teriam sido entregues ao destino previsto, o que levantou suspeitas de desaparecimento ou desvio. A investiga\u00e7\u00e3o foi instaurada ap\u00f3s um procedimento inicial n\u00e3o reunir provas suficientes. Com novos ind\u00edcios, o caso evoluiu para um inqu\u00e9rito civil. O \u00f3rg\u00e3o aponta poss\u00edvel dano ao er\u00e1rio e suspeita de atos de improbidade administrativa, al\u00e9m de eventual enriquecimento il\u00edcito de agentes p\u00fablicos ou terceiros. De acordo com o procurador Samir Cabus Nachef J\u00fanior, h\u00e1 sinais de viola\u00e7\u00e3o de princ\u00edpios da administra\u00e7\u00e3o p\u00fablica. Entre eles, legalidade, moralidade e impessoalidade. A apura\u00e7\u00e3o tem base na legisla\u00e7\u00e3o que trata de irregularidades cometidas por agentes p\u00fablicos. Agora, o MPF vai realizar dilig\u00eancias e coleta de provas para esclarecer o caso. O objetivo \u00e9 identificar responsabilidades e confirmar se houve preju\u00edzo aos cofres p\u00fablicos. O inqu\u00e9rito tamb\u00e9m foi encaminhado para acompanhamento interno e registro oficial.\" \/>\n<meta property=\"og:url\" content=\"https:\/\/sudoesteacontece.com.br\/?p=15868\" \/>\n<meta property=\"og:site_name\" content=\"Sudoesteacontece\" \/>\n<meta property=\"article:publisher\" content=\"https:\/\/www.facebook.com\/sudoesteacontece\/?locale=pt_BR\" \/>\n<meta property=\"article:published_time\" content=\"2026-04-28T14:18:01+00:00\" \/>\n<meta property=\"article:modified_time\" content=\"2026-04-28T14:18:07+00:00\" \/>\n<meta property=\"og:image\" content=\"https:\/\/sudoesteacontece.com.br\/wp-content\/uploads\/2026\/04\/Creche-Sofia-Augusto.jpg\" \/>\n\t<meta property=\"og:image:width\" content=\"900\" \/>\n\t<meta property=\"og:image:height\" content=\"600\" \/>\n\t<meta property=\"og:image:type\" content=\"image\/jpeg\" \/>\n<meta name=\"author\" content=\"Washington Tiago\" \/>\n<meta name=\"twitter:card\" content=\"summary_large_image\" \/>\n<meta name=\"twitter:label1\" content=\"Escrito por\" \/>\n\t<meta name=\"twitter:data1\" content=\"Washington Tiago\" \/>\n\t<meta name=\"twitter:label2\" content=\"Est. tempo de leitura\" \/>\n\t<meta name=\"twitter:data2\" content=\"2 minutos\" \/>\n<script type=\"application\/ld+json\" class=\"yoast-schema-graph\">{\"@context\":\"https:\/\/schema.org\",\"@graph\":[{\"@type\":\"Article\",\"@id\":\"https:\/\/sudoesteacontece.com.br\/?p=15868#article\",\"isPartOf\":{\"@id\":\"https:\/\/sudoesteacontece.com.br\/?p=15868\"},\"author\":{\"name\":\"Washington Tiago\",\"@id\":\"https:\/\/sudoesteacontece.com.br\/#\/schema\/person\/3cf2cf009926a9683ebc29d5379fa79c\"},\"headline\":\"MPF investiga desaparecimento de 64 computadores de Creche em Sim\u00f5es Filho\",\"datePublished\":\"2026-04-28T14:18:01+00:00\",\"dateModified\":\"2026-04-28T14:18:07+00:00\",\"mainEntityOfPage\":{\"@id\":\"https:\/\/sudoesteacontece.com.br\/?p=15868\"},\"wordCount\":252,\"commentCount\":0,\"publisher\":{\"@id\":\"https:\/\/sudoesteacontece.com.br\/#organization\"},\"image\":{\"@id\":\"https:\/\/sudoesteacontece.com.br\/?p=15868#primaryimage\"},\"thumbnailUrl\":\"http:\/\/sudoesteacontece.com.br\/wp-content\/uploads\/2026\/04\/Creche-Sofia-Augusto.jpg\",\"articleSection\":[\"Bahia\",\"Educa\u00e7\u00e3o\",\"Justi\u00e7a\",\"Pol\u00edtica\"],\"inLanguage\":\"pt-BR\",\"potentialAction\":[{\"@type\":\"CommentAction\",\"name\":\"Comment\",\"target\":[\"https:\/\/sudoesteacontece.com.br\/?p=15868#respond\"]}]},{\"@type\":\"WebPage\",\"@id\":\"https:\/\/sudoesteacontece.com.br\/?p=15868\",\"url\":\"https:\/\/sudoesteacontece.com.br\/?p=15868\",\"name\":\"MPF investiga desaparecimento de 64 computadores de Creche em Sim\u00f5es Filho - Sudoesteacontece\",\"isPartOf\":{\"@id\":\"https:\/\/sudoesteacontece.com.br\/#website\"},\"primaryImageOfPage\":{\"@id\":\"https:\/\/sudoesteacontece.com.br\/?p=15868#primaryimage\"},\"image\":{\"@id\":\"https:\/\/sudoesteacontece.com.br\/?p=15868#primaryimage\"},\"thumbnailUrl\":\"http:\/\/sudoesteacontece.com.br\/wp-content\/uploads\/2026\/04\/Creche-Sofia-Augusto.jpg\",\"datePublished\":\"2026-04-28T14:18:01+00:00\",\"dateModified\":\"2026-04-28T14:18:07+00:00\",\"breadcrumb\":{\"@id\":\"https:\/\/sudoesteacontece.com.br\/?p=15868#breadcrumb\"},\"inLanguage\":\"pt-BR\",\"potentialAction\":[{\"@type\":\"ReadAction\",\"target\":[\"https:\/\/sudoesteacontece.com.br\/?p=15868\"]}]},{\"@type\":\"ImageObject\",\"inLanguage\":\"pt-BR\",\"@id\":\"https:\/\/sudoesteacontece.com.br\/?p=15868#primaryimage\",\"url\":\"https:\/\/sudoesteacontece.com.br\/wp-content\/uploads\/2026\/04\/Creche-Sofia-Augusto.jpg\",\"contentUrl\":\"https:\/\/sudoesteacontece.com.br\/wp-content\/uploads\/2026\/04\/Creche-Sofia-Augusto.jpg\",\"width\":900,\"height\":600},{\"@type\":\"BreadcrumbList\",\"@id\":\"https:\/\/sudoesteacontece.com.br\/?p=15868#breadcrumb\",\"itemListElement\":[{\"@type\":\"ListItem\",\"position\":1,\"name\":\"In\u00edcio\",\"item\":\"https:\/\/sudoesteacontece.com.br\/\"},{\"@type\":\"ListItem\",\"position\":2,\"name\":\"MPF investiga desaparecimento de 64 computadores de Creche em Sim\u00f5es Filho\"}]},{\"@type\":\"WebSite\",\"@id\":\"https:\/\/sudoesteacontece.com.br\/#website\",\"url\":\"https:\/\/sudoesteacontece.com.br\/\",\"name\":\"Sudoesteacontece\",\"description\":\"\",\"publisher\":{\"@id\":\"https:\/\/sudoesteacontece.com.br\/#organization\"},\"potentialAction\":[{\"@type\":\"SearchAction\",\"target\":{\"@type\":\"EntryPoint\",\"urlTemplate\":\"https:\/\/sudoesteacontece.com.br\/?s={search_term_string}\"},\"query-input\":{\"@type\":\"PropertyValueSpecification\",\"valueRequired\":true,\"valueName\":\"search_term_string\"}}],\"inLanguage\":\"pt-BR\"},{\"@type\":\"Organization\",\"@id\":\"https:\/\/sudoesteacontece.com.br\/#organization\",\"name\":\"Sudoesteacontece\",\"url\":\"https:\/\/sudoesteacontece.com.br\/\",\"logo\":{\"@type\":\"ImageObject\",\"inLanguage\":\"pt-BR\",\"@id\":\"https:\/\/sudoesteacontece.com.br\/#\/schema\/logo\/image\/\",\"url\":\"https:\/\/sudoesteacontece.com.br\/wp-content\/uploads\/2025\/12\/cropped-logo-2-180x180-1.png\",\"contentUrl\":\"https:\/\/sudoesteacontece.com.br\/wp-content\/uploads\/2025\/12\/cropped-logo-2-180x180-1.png\",\"width\":180,\"height\":180,\"caption\":\"Sudoesteacontece\"},\"image\":{\"@id\":\"https:\/\/sudoesteacontece.com.br\/#\/schema\/logo\/image\/\"},\"sameAs\":[\"https:\/\/www.facebook.com\/sudoesteacontece\/?locale=pt_BR\"]},{\"@type\":\"Person\",\"@id\":\"https:\/\/sudoesteacontece.com.br\/#\/schema\/person\/3cf2cf009926a9683ebc29d5379fa79c\",\"name\":\"Washington Tiago\",\"image\":{\"@type\":\"ImageObject\",\"inLanguage\":\"pt-BR\",\"@id\":\"https:\/\/sudoesteacontece.com.br\/#\/schema\/person\/image\/\",\"url\":\"https:\/\/secure.gravatar.com\/avatar\/33c43b8668157e040f9d1fe93c354bf087cbd8ba36270c1163198bd3ddcf2a56?s=96&d=mm&r=g\",\"contentUrl\":\"https:\/\/secure.gravatar.com\/avatar\/33c43b8668157e040f9d1fe93c354bf087cbd8ba36270c1163198bd3ddcf2a56?s=96&d=mm&r=g\",\"caption\":\"Washington Tiago\"},\"url\":\"https:\/\/sudoesteacontece.com.br\/?author=2\"}]}<\/script>\n<!-- \/ Yoast SEO plugin. -->","yoast_head_json":{"title":"MPF investiga desaparecimento de 64 computadores de Creche em Sim\u00f5es Filho - Sudoesteacontece","robots":{"index":"index","follow":"follow","max-snippet":"max-snippet:-1","max-image-preview":"max-image-preview:large","max-video-preview":"max-video-preview:-1"},"canonical":"https:\/\/sudoesteacontece.com.br\/?p=15868","og_locale":"pt_BR","og_type":"article","og_title":"MPF investiga desaparecimento de 64 computadores de Creche em Sim\u00f5es Filho - Sudoesteacontece","og_description":"O Minist\u00e9rio P\u00fablico Federal abriu inqu\u00e9rito para investigar o desaparecimento de 64 computadores adquiridos com recursos p\u00fablicos em Sim\u00f5es Filho. A apura\u00e7\u00e3o foi tornada p\u00fablica nesta ter\u00e7a-feira (28) e busca esclarecer o destino dos equipamentos. O caso envolve poss\u00edvel irregularidade no uso de dinheiro p\u00fablico. Segundo o MPF, os computadores foram comprados em 2024 para atender a Creche Sofia Augusto. A aquisi\u00e7\u00e3o ocorreu durante a gest\u00e3o do prefeito Del. Os equipamentos n\u00e3o teriam sido entregues ao destino previsto, o que levantou suspeitas de desaparecimento ou desvio. A investiga\u00e7\u00e3o foi instaurada ap\u00f3s um procedimento inicial n\u00e3o reunir provas suficientes. Com novos ind\u00edcios, o caso evoluiu para um inqu\u00e9rito civil. O \u00f3rg\u00e3o aponta poss\u00edvel dano ao er\u00e1rio e suspeita de atos de improbidade administrativa, al\u00e9m de eventual enriquecimento il\u00edcito de agentes p\u00fablicos ou terceiros. De acordo com o procurador Samir Cabus Nachef J\u00fanior, h\u00e1 sinais de viola\u00e7\u00e3o de princ\u00edpios da administra\u00e7\u00e3o p\u00fablica. Entre eles, legalidade, moralidade e impessoalidade. A apura\u00e7\u00e3o tem base na legisla\u00e7\u00e3o que trata de irregularidades cometidas por agentes p\u00fablicos. Agora, o MPF vai realizar dilig\u00eancias e coleta de provas para esclarecer o caso. O objetivo \u00e9 identificar responsabilidades e confirmar se houve preju\u00edzo aos cofres p\u00fablicos. O inqu\u00e9rito tamb\u00e9m foi encaminhado para acompanhamento interno e registro oficial.","og_url":"https:\/\/sudoesteacontece.com.br\/?p=15868","og_site_name":"Sudoesteacontece","article_publisher":"https:\/\/www.facebook.com\/sudoesteacontece\/?locale=pt_BR","article_published_time":"2026-04-28T14:18:01+00:00","article_modified_time":"2026-04-28T14:18:07+00:00","og_image":[{"width":900,"height":600,"url":"https:\/\/sudoesteacontece.com.br\/wp-content\/uploads\/2026\/04\/Creche-Sofia-Augusto.jpg","type":"image\/jpeg"}],"author":"Washington Tiago","twitter_card":"summary_large_image","twitter_misc":{"Escrito por":"Washington Tiago","Est. tempo de leitura":"2 minutos"},"schema":{"@context":"https:\/\/schema.org","@graph":[{"@type":"Article","@id":"https:\/\/sudoesteacontece.com.br\/?p=15868#article","isPartOf":{"@id":"https:\/\/sudoesteacontece.com.br\/?p=15868"},"author":{"name":"Washington Tiago","@id":"https:\/\/sudoesteacontece.com.br\/#\/schema\/person\/3cf2cf009926a9683ebc29d5379fa79c"},"headline":"MPF investiga desaparecimento de 64 computadores de Creche em Sim\u00f5es Filho","datePublished":"2026-04-28T14:18:01+00:00","dateModified":"2026-04-28T14:18:07+00:00","mainEntityOfPage":{"@id":"https:\/\/sudoesteacontece.com.br\/?p=15868"},"wordCount":252,"commentCount":0,"publisher":{"@id":"https:\/\/sudoesteacontece.com.br\/#organization"},"image":{"@id":"https:\/\/sudoesteacontece.com.br\/?p=15868#primaryimage"},"thumbnailUrl":"http:\/\/sudoesteacontece.com.br\/wp-content\/uploads\/2026\/04\/Creche-Sofia-Augusto.jpg","articleSection":["Bahia","Educa\u00e7\u00e3o","Justi\u00e7a","Pol\u00edtica"],"inLanguage":"pt-BR","potentialAction":[{"@type":"CommentAction","name":"Comment","target":["https:\/\/sudoesteacontece.com.br\/?p=15868#respond"]}]},{"@type":"WebPage","@id":"https:\/\/sudoesteacontece.com.br\/?p=15868","url":"https:\/\/sudoesteacontece.com.br\/?p=15868","name":"MPF investiga desaparecimento de 64 computadores de Creche em Sim\u00f5es Filho - Sudoesteacontece","isPartOf":{"@id":"https:\/\/sudoesteacontece.com.br\/#website"},"primaryImageOfPage":{"@id":"https:\/\/sudoesteacontece.com.br\/?p=15868#primaryimage"},"image":{"@id":"https:\/\/sudoesteacontece.com.br\/?p=15868#primaryimage"},"thumbnailUrl":"http:\/\/sudoesteacontece.com.br\/wp-content\/uploads\/2026\/04\/Creche-Sofia-Augusto.jpg","datePublished":"2026-04-28T14:18:01+00:00","dateModified":"2026-04-28T14:18:07+00:00","breadcrumb":{"@id":"https:\/\/sudoesteacontece.com.br\/?p=15868#breadcrumb"},"inLanguage":"pt-BR","potentialAction":[{"@type":"ReadAction","target":["https:\/\/sudoesteacontece.com.br\/?p=15868"]}]},{"@type":"ImageObject","inLanguage":"pt-BR","@id":"https:\/\/sudoesteacontece.com.br\/?p=15868#primaryimage","url":"https:\/\/sudoesteacontece.com.br\/wp-content\/uploads\/2026\/04\/Creche-Sofia-Augusto.jpg","contentUrl":"https:\/\/sudoesteacontece.com.br\/wp-content\/uploads\/2026\/04\/Creche-Sofia-Augusto.jpg","width":900,"height":600},{"@type":"BreadcrumbList","@id":"https:\/\/sudoesteacontece.com.br\/?p=15868#breadcrumb","itemListElement":[{"@type":"ListItem","position":1,"name":"In\u00edcio","item":"https:\/\/sudoesteacontece.com.br\/"},{"@type":"ListItem","position":2,"name":"MPF investiga desaparecimento de 64 computadores de Creche em Sim\u00f5es Filho"}]},{"@type":"WebSite","@id":"https:\/\/sudoesteacontece.com.br\/#website","url":"https:\/\/sudoesteacontece.com.br\/","name":"Sudoesteacontece","description":"","publisher":{"@id":"https:\/\/sudoesteacontece.com.br\/#organization"},"potentialAction":[{"@type":"SearchAction","target":{"@type":"EntryPoint","urlTemplate":"https:\/\/sudoesteacontece.com.br\/?s={search_term_string}"},"query-input":{"@type":"PropertyValueSpecification","valueRequired":true,"valueName":"search_term_string"}}],"inLanguage":"pt-BR"},{"@type":"Organization","@id":"https:\/\/sudoesteacontece.com.br\/#organization","name":"Sudoesteacontece","url":"https:\/\/sudoesteacontece.com.br\/","logo":{"@type":"ImageObject","inLanguage":"pt-BR","@id":"https:\/\/sudoesteacontece.com.br\/#\/schema\/logo\/image\/","url":"https:\/\/sudoesteacontece.com.br\/wp-content\/uploads\/2025\/12\/cropped-logo-2-180x180-1.png","contentUrl":"https:\/\/sudoesteacontece.com.br\/wp-content\/uploads\/2025\/12\/cropped-logo-2-180x180-1.png","width":180,"height":180,"caption":"Sudoesteacontece"},"image":{"@id":"https:\/\/sudoesteacontece.com.br\/#\/schema\/logo\/image\/"},"sameAs":["https:\/\/www.facebook.com\/sudoesteacontece\/?locale=pt_BR"]},{"@type":"Person","@id":"https:\/\/sudoesteacontece.com.br\/#\/schema\/person\/3cf2cf009926a9683ebc29d5379fa79c","name":"Washington Tiago","image":{"@type":"ImageObject","inLanguage":"pt-BR","@id":"https:\/\/sudoesteacontece.com.br\/#\/schema\/person\/image\/","url":"https:\/\/secure.gravatar.com\/avatar\/33c43b8668157e040f9d1fe93c354bf087cbd8ba36270c1163198bd3ddcf2a56?s=96&d=mm&r=g","contentUrl":"https:\/\/secure.gravatar.com\/avatar\/33c43b8668157e040f9d1fe93c354bf087cbd8ba36270c1163198bd3ddcf2a56?s=96&d=mm&r=g","caption":"Washington Tiago"},"url":"https:\/\/sudoesteacontece.com.br\/?author=2"}]}},"_links":{"self":[{"href":"https:\/\/sudoesteacontece.com.br\/index.php?rest_route=\/wp\/v2\/posts\/15868","targetHints":{"allow":["GET"]}}],"collection":[{"href":"https:\/\/sudoesteacontece.com.br\/index.php?rest_route=\/wp\/v2\/posts"}],"about":[{"href":"https:\/\/sudoesteacontece.com.br\/index.php?rest_route=\/wp\/v2\/types\/post"}],"author":[{"embeddable":true,"href":"https:\/\/sudoesteacontece.com.br\/index.php?rest_route=\/wp\/v2\/users\/2"}],"replies":[{"embeddable":true,"href":"https:\/\/sudoesteacontece.com.br\/index.php?rest_route=%2Fwp%2Fv2%2Fcomments&post=15868"}],"version-history":[{"count":1,"href":"https:\/\/sudoesteacontece.com.br\/index.php?rest_route=\/wp\/v2\/posts\/15868\/revisions"}],"predecessor-version":[{"id":15904,"href":"https:\/\/sudoesteacontece.com.br\/index.php?rest_route=\/wp\/v2\/posts\/15868\/revisions\/15904"}],"wp:attachment":[{"href":"https:\/\/sudoesteacontece.com.br\/index.php?rest_route=%2Fwp%2Fv2%2Fmedia&parent=15868"}],"wp:term":[{"taxonomy":"category","embeddable":true,"href":"https:\/\/sudoesteacontece.com.br\/index.php?rest_route=%2Fwp%2Fv2%2Fcategories&post=15868"},{"taxonomy":"post_tag","embeddable":true,"href":"https:\/\/sudoesteacontece.com.br\/index.php?rest_route=%2Fwp%2Fv2%2Ftags&post=15868"}],"curies":[{"name":"wp","href":"https:\/\/api.w.org\/{rel}","templated":true}]}}