{"id":15881,"date":"2026-04-28T16:22:31","date_gmt":"2026-04-28T19:22:31","guid":{"rendered":"https:\/\/sudoesteacontece.com.br\/?p=15881"},"modified":"2026-04-28T16:22:36","modified_gmt":"2026-04-28T19:22:36","slug":"palestra-orienta-pais-sobre-seletividade-alimentar-em-criancas-com-autismo-em-brumado","status":"publish","type":"post","link":"https:\/\/sudoesteacontece.com.br\/?p=15881","title":{"rendered":"Palestra orienta pais sobre seletividade alimentar em crian\u00e7as com autismo em Brumado"},"content":{"rendered":"<div class=\"wp-block-image\">\n<figure class=\"aligncenter size-full\"><img fetchpriority=\"high\" decoding=\"async\" width=\"900\" height=\"600\" src=\"http:\/\/sudoesteacontece.com.br\/wp-content\/uploads\/2026\/04\/Palestra-orienta-pais-sobre-seletividade-alimentar-em-criancas-com-autismo-em-Brumado.jpg\" alt=\"\" class=\"wp-image-15936\" srcset=\"https:\/\/sudoesteacontece.com.br\/wp-content\/uploads\/2026\/04\/Palestra-orienta-pais-sobre-seletividade-alimentar-em-criancas-com-autismo-em-Brumado.jpg 900w, https:\/\/sudoesteacontece.com.br\/wp-content\/uploads\/2026\/04\/Palestra-orienta-pais-sobre-seletividade-alimentar-em-criancas-com-autismo-em-Brumado-300x200.jpg 300w, https:\/\/sudoesteacontece.com.br\/wp-content\/uploads\/2026\/04\/Palestra-orienta-pais-sobre-seletividade-alimentar-em-criancas-com-autismo-em-Brumado-768x512.jpg 768w\" sizes=\"(max-width: 900px) 100vw, 900px\" \/><\/figure>\n<\/div>\n\n\n<p>Uma palestra realizada pelo N\u00facleo Especializado de Sa\u00fade abordou a seletividade alimentar em pessoas com Transtorno do Espectro Autista, em Brumado. A atividade ocorreu na \u00faltima semana e integrou as a\u00e7\u00f5es pelo Dia Internacional de Conscientiza\u00e7\u00e3o do Autismo, celebrado em 2 de abril. O encontro reuniu pais, respons\u00e1veis e profissionais da \u00e1rea.<\/p>\n\n\n\n<p>Segundo a coordenadora Cinara Moura, o objetivo foi orientar fam\u00edlias sobre como lidar com dificuldades alimentares em crian\u00e7as com autismo. A proposta buscou ampliar o conhecimento e oferecer estrat\u00e9gias pr\u00e1ticas para o dia a dia, al\u00e9m de incentivar o acompanhamento adequado.<\/p>\n\n\n\n<p>Durante a palestra, a especialista \u00c9rica Bento Silva explicou que a seletividade alimentar pode ter diversas causas. Ela alertou que os respons\u00e1veis devem observar sinais apresentados pelas crian\u00e7as. A identifica\u00e7\u00e3o precoce \u00e9 fundamental para evitar preju\u00edzos nutricionais e complica\u00e7\u00f5es no desenvolvimento.<\/p>\n\n\n\n<p>A palestrante tamb\u00e9m destacou que o consumo excessivo de a\u00e7\u00facar pode impactar o comportamento. Segundo ela, a subst\u00e2ncia pode aumentar a agita\u00e7\u00e3o e a inquieta\u00e7\u00e3o. A orienta\u00e7\u00e3o \u00e9 manter uma alimenta\u00e7\u00e3o equilibrada e buscar acompanhamento profissional quando necess\u00e1rio.<\/p>\n\n\n\n<p>Ao final, foi refor\u00e7ada a import\u00e2ncia de iniciar o tratamento o quanto antes. A recomenda\u00e7\u00e3o \u00e9 que fam\u00edlias procurem terapias adequadas assim que identificarem dificuldades alimentares. A iniciativa destacou o papel da informa\u00e7\u00e3o no cuidado com crian\u00e7as e adolescentes com TEA.<\/p>\n","protected":false},"excerpt":{"rendered":"<p>Uma palestra realizada pelo N\u00facleo Especializado de Sa\u00fade abordou a seletividade alimentar em pessoas com Transtorno do Espectro Autista, em Brumado. A atividade ocorreu na \u00faltima semana e integrou as a\u00e7\u00f5es pelo Dia Internacional de Conscientiza\u00e7\u00e3o do Autismo, celebrado em 2 de abril. O encontro reuniu pais, respons\u00e1veis e profissionais da \u00e1rea. Segundo a coordenadora Cinara Moura, o objetivo foi orientar fam\u00edlias sobre como lidar com dificuldades alimentares em crian\u00e7as com autismo. A proposta buscou ampliar o conhecimento e oferecer estrat\u00e9gias pr\u00e1ticas para o dia a dia, al\u00e9m de incentivar o acompanhamento adequado. Durante a palestra, a especialista \u00c9rica Bento Silva explicou que a seletividade alimentar pode ter diversas causas. Ela alertou que os respons\u00e1veis devem observar sinais apresentados pelas crian\u00e7as. A identifica\u00e7\u00e3o precoce \u00e9 fundamental para evitar preju\u00edzos nutricionais e complica\u00e7\u00f5es no desenvolvimento. A palestrante tamb\u00e9m destacou que o consumo excessivo de a\u00e7\u00facar pode impactar o comportamento. Segundo ela, a subst\u00e2ncia pode aumentar a agita\u00e7\u00e3o e a inquieta\u00e7\u00e3o. A orienta\u00e7\u00e3o \u00e9 manter uma alimenta\u00e7\u00e3o equilibrada e buscar acompanhamento profissional quando necess\u00e1rio. Ao final, foi refor\u00e7ada a import\u00e2ncia de iniciar o tratamento o quanto antes. A recomenda\u00e7\u00e3o \u00e9 que fam\u00edlias procurem terapias adequadas assim que identificarem dificuldades alimentares. A iniciativa destacou o papel da informa\u00e7\u00e3o no cuidado com crian\u00e7as e adolescentes com TEA.<\/p>\n","protected":false},"author":2,"featured_media":0,"comment_status":"open","ping_status":"open","sticky":false,"template":"","format":"standard","meta":{"footnotes":""},"categories":[10,4,43,45],"tags":[],"class_list":["post-15881","post","type-post","status-publish","format-standard","hentry","category-brumado","category-cidades","category-educacao","category-saude"],"yoast_head":"<!-- This site is optimized with the Yoast SEO plugin v26.5 - https:\/\/yoast.com\/wordpress\/plugins\/seo\/ -->\n<title>Palestra orienta pais sobre seletividade alimentar em crian\u00e7as com autismo em Brumado - Sudoesteacontece<\/title>\n<meta name=\"robots\" content=\"index, follow, max-snippet:-1, max-image-preview:large, max-video-preview:-1\" \/>\n<link rel=\"canonical\" href=\"https:\/\/sudoesteacontece.com.br\/?p=15881\" \/>\n<meta property=\"og:locale\" content=\"pt_BR\" \/>\n<meta property=\"og:type\" content=\"article\" \/>\n<meta property=\"og:title\" content=\"Palestra orienta pais sobre seletividade alimentar em crian\u00e7as com autismo em Brumado - Sudoesteacontece\" \/>\n<meta property=\"og:description\" content=\"Uma palestra realizada pelo N\u00facleo Especializado de Sa\u00fade abordou a seletividade alimentar em pessoas com Transtorno do Espectro Autista, em Brumado. A atividade ocorreu na \u00faltima semana e integrou as a\u00e7\u00f5es pelo Dia Internacional de Conscientiza\u00e7\u00e3o do Autismo, celebrado em 2 de abril. O encontro reuniu pais, respons\u00e1veis e profissionais da \u00e1rea. Segundo a coordenadora Cinara Moura, o objetivo foi orientar fam\u00edlias sobre como lidar com dificuldades alimentares em crian\u00e7as com autismo. A proposta buscou ampliar o conhecimento e oferecer estrat\u00e9gias pr\u00e1ticas para o dia a dia, al\u00e9m de incentivar o acompanhamento adequado. Durante a palestra, a especialista \u00c9rica Bento Silva explicou que a seletividade alimentar pode ter diversas causas. Ela alertou que os respons\u00e1veis devem observar sinais apresentados pelas crian\u00e7as. A identifica\u00e7\u00e3o precoce \u00e9 fundamental para evitar preju\u00edzos nutricionais e complica\u00e7\u00f5es no desenvolvimento. A palestrante tamb\u00e9m destacou que o consumo excessivo de a\u00e7\u00facar pode impactar o comportamento. Segundo ela, a subst\u00e2ncia pode aumentar a agita\u00e7\u00e3o e a inquieta\u00e7\u00e3o. A orienta\u00e7\u00e3o \u00e9 manter uma alimenta\u00e7\u00e3o equilibrada e buscar acompanhamento profissional quando necess\u00e1rio. Ao final, foi refor\u00e7ada a import\u00e2ncia de iniciar o tratamento o quanto antes. A recomenda\u00e7\u00e3o \u00e9 que fam\u00edlias procurem terapias adequadas assim que identificarem dificuldades alimentares. A iniciativa destacou o papel da informa\u00e7\u00e3o no cuidado com crian\u00e7as e adolescentes com TEA.\" \/>\n<meta property=\"og:url\" content=\"https:\/\/sudoesteacontece.com.br\/?p=15881\" \/>\n<meta property=\"og:site_name\" content=\"Sudoesteacontece\" \/>\n<meta property=\"article:publisher\" content=\"https:\/\/www.facebook.com\/sudoesteacontece\/?locale=pt_BR\" \/>\n<meta property=\"article:published_time\" content=\"2026-04-28T19:22:31+00:00\" \/>\n<meta property=\"article:modified_time\" content=\"2026-04-28T19:22:36+00:00\" \/>\n<meta property=\"og:image\" content=\"https:\/\/sudoesteacontece.com.br\/wp-content\/uploads\/2026\/04\/Palestra-orienta-pais-sobre-seletividade-alimentar-em-criancas-com-autismo-em-Brumado.jpg\" \/>\n\t<meta property=\"og:image:width\" content=\"900\" \/>\n\t<meta property=\"og:image:height\" content=\"600\" \/>\n\t<meta property=\"og:image:type\" content=\"image\/jpeg\" \/>\n<meta name=\"author\" content=\"Washington Tiago\" \/>\n<meta name=\"twitter:card\" content=\"summary_large_image\" \/>\n<meta name=\"twitter:label1\" content=\"Escrito por\" \/>\n\t<meta name=\"twitter:data1\" content=\"Washington Tiago\" \/>\n\t<meta name=\"twitter:label2\" content=\"Est. tempo de leitura\" \/>\n\t<meta name=\"twitter:data2\" content=\"2 minutos\" \/>\n<script type=\"application\/ld+json\" class=\"yoast-schema-graph\">{\"@context\":\"https:\/\/schema.org\",\"@graph\":[{\"@type\":\"Article\",\"@id\":\"https:\/\/sudoesteacontece.com.br\/?p=15881#article\",\"isPartOf\":{\"@id\":\"https:\/\/sudoesteacontece.com.br\/?p=15881\"},\"author\":{\"name\":\"Washington Tiago\",\"@id\":\"https:\/\/sudoesteacontece.com.br\/#\/schema\/person\/3cf2cf009926a9683ebc29d5379fa79c\"},\"headline\":\"Palestra orienta pais sobre seletividade alimentar em crian\u00e7as com autismo em Brumado\",\"datePublished\":\"2026-04-28T19:22:31+00:00\",\"dateModified\":\"2026-04-28T19:22:36+00:00\",\"mainEntityOfPage\":{\"@id\":\"https:\/\/sudoesteacontece.com.br\/?p=15881\"},\"wordCount\":251,\"commentCount\":0,\"publisher\":{\"@id\":\"https:\/\/sudoesteacontece.com.br\/#organization\"},\"image\":{\"@id\":\"https:\/\/sudoesteacontece.com.br\/?p=15881#primaryimage\"},\"thumbnailUrl\":\"http:\/\/sudoesteacontece.com.br\/wp-content\/uploads\/2026\/04\/Palestra-orienta-pais-sobre-seletividade-alimentar-em-criancas-com-autismo-em-Brumado.jpg\",\"articleSection\":[\"Brumado\",\"Cidades\",\"Educa\u00e7\u00e3o\",\"Sa\u00fade\"],\"inLanguage\":\"pt-BR\",\"potentialAction\":[{\"@type\":\"CommentAction\",\"name\":\"Comment\",\"target\":[\"https:\/\/sudoesteacontece.com.br\/?p=15881#respond\"]}]},{\"@type\":\"WebPage\",\"@id\":\"https:\/\/sudoesteacontece.com.br\/?p=15881\",\"url\":\"https:\/\/sudoesteacontece.com.br\/?p=15881\",\"name\":\"Palestra orienta pais sobre seletividade alimentar em crian\u00e7as com autismo em Brumado - Sudoesteacontece\",\"isPartOf\":{\"@id\":\"https:\/\/sudoesteacontece.com.br\/#website\"},\"primaryImageOfPage\":{\"@id\":\"https:\/\/sudoesteacontece.com.br\/?p=15881#primaryimage\"},\"image\":{\"@id\":\"https:\/\/sudoesteacontece.com.br\/?p=15881#primaryimage\"},\"thumbnailUrl\":\"http:\/\/sudoesteacontece.com.br\/wp-content\/uploads\/2026\/04\/Palestra-orienta-pais-sobre-seletividade-alimentar-em-criancas-com-autismo-em-Brumado.jpg\",\"datePublished\":\"2026-04-28T19:22:31+00:00\",\"dateModified\":\"2026-04-28T19:22:36+00:00\",\"breadcrumb\":{\"@id\":\"https:\/\/sudoesteacontece.com.br\/?p=15881#breadcrumb\"},\"inLanguage\":\"pt-BR\",\"potentialAction\":[{\"@type\":\"ReadAction\",\"target\":[\"https:\/\/sudoesteacontece.com.br\/?p=15881\"]}]},{\"@type\":\"ImageObject\",\"inLanguage\":\"pt-BR\",\"@id\":\"https:\/\/sudoesteacontece.com.br\/?p=15881#primaryimage\",\"url\":\"https:\/\/sudoesteacontece.com.br\/wp-content\/uploads\/2026\/04\/Palestra-orienta-pais-sobre-seletividade-alimentar-em-criancas-com-autismo-em-Brumado.jpg\",\"contentUrl\":\"https:\/\/sudoesteacontece.com.br\/wp-content\/uploads\/2026\/04\/Palestra-orienta-pais-sobre-seletividade-alimentar-em-criancas-com-autismo-em-Brumado.jpg\",\"width\":900,\"height\":600},{\"@type\":\"BreadcrumbList\",\"@id\":\"https:\/\/sudoesteacontece.com.br\/?p=15881#breadcrumb\",\"itemListElement\":[{\"@type\":\"ListItem\",\"position\":1,\"name\":\"In\u00edcio\",\"item\":\"https:\/\/sudoesteacontece.com.br\/\"},{\"@type\":\"ListItem\",\"position\":2,\"name\":\"Palestra orienta pais sobre seletividade alimentar em crian\u00e7as com autismo em Brumado\"}]},{\"@type\":\"WebSite\",\"@id\":\"https:\/\/sudoesteacontece.com.br\/#website\",\"url\":\"https:\/\/sudoesteacontece.com.br\/\",\"name\":\"Sudoesteacontece\",\"description\":\"\",\"publisher\":{\"@id\":\"https:\/\/sudoesteacontece.com.br\/#organization\"},\"potentialAction\":[{\"@type\":\"SearchAction\",\"target\":{\"@type\":\"EntryPoint\",\"urlTemplate\":\"https:\/\/sudoesteacontece.com.br\/?s={search_term_string}\"},\"query-input\":{\"@type\":\"PropertyValueSpecification\",\"valueRequired\":true,\"valueName\":\"search_term_string\"}}],\"inLanguage\":\"pt-BR\"},{\"@type\":\"Organization\",\"@id\":\"https:\/\/sudoesteacontece.com.br\/#organization\",\"name\":\"Sudoesteacontece\",\"url\":\"https:\/\/sudoesteacontece.com.br\/\",\"logo\":{\"@type\":\"ImageObject\",\"inLanguage\":\"pt-BR\",\"@id\":\"https:\/\/sudoesteacontece.com.br\/#\/schema\/logo\/image\/\",\"url\":\"https:\/\/sudoesteacontece.com.br\/wp-content\/uploads\/2025\/12\/cropped-logo-2-180x180-1.png\",\"contentUrl\":\"https:\/\/sudoesteacontece.com.br\/wp-content\/uploads\/2025\/12\/cropped-logo-2-180x180-1.png\",\"width\":180,\"height\":180,\"caption\":\"Sudoesteacontece\"},\"image\":{\"@id\":\"https:\/\/sudoesteacontece.com.br\/#\/schema\/logo\/image\/\"},\"sameAs\":[\"https:\/\/www.facebook.com\/sudoesteacontece\/?locale=pt_BR\"]},{\"@type\":\"Person\",\"@id\":\"https:\/\/sudoesteacontece.com.br\/#\/schema\/person\/3cf2cf009926a9683ebc29d5379fa79c\",\"name\":\"Washington Tiago\",\"image\":{\"@type\":\"ImageObject\",\"inLanguage\":\"pt-BR\",\"@id\":\"https:\/\/sudoesteacontece.com.br\/#\/schema\/person\/image\/\",\"url\":\"https:\/\/secure.gravatar.com\/avatar\/33c43b8668157e040f9d1fe93c354bf087cbd8ba36270c1163198bd3ddcf2a56?s=96&d=mm&r=g\",\"contentUrl\":\"https:\/\/secure.gravatar.com\/avatar\/33c43b8668157e040f9d1fe93c354bf087cbd8ba36270c1163198bd3ddcf2a56?s=96&d=mm&r=g\",\"caption\":\"Washington Tiago\"},\"url\":\"https:\/\/sudoesteacontece.com.br\/?author=2\"}]}<\/script>\n<!-- \/ Yoast SEO plugin. -->","yoast_head_json":{"title":"Palestra orienta pais sobre seletividade alimentar em crian\u00e7as com autismo em Brumado - Sudoesteacontece","robots":{"index":"index","follow":"follow","max-snippet":"max-snippet:-1","max-image-preview":"max-image-preview:large","max-video-preview":"max-video-preview:-1"},"canonical":"https:\/\/sudoesteacontece.com.br\/?p=15881","og_locale":"pt_BR","og_type":"article","og_title":"Palestra orienta pais sobre seletividade alimentar em crian\u00e7as com autismo em Brumado - Sudoesteacontece","og_description":"Uma palestra realizada pelo N\u00facleo Especializado de Sa\u00fade abordou a seletividade alimentar em pessoas com Transtorno do Espectro Autista, em Brumado. A atividade ocorreu na \u00faltima semana e integrou as a\u00e7\u00f5es pelo Dia Internacional de Conscientiza\u00e7\u00e3o do Autismo, celebrado em 2 de abril. O encontro reuniu pais, respons\u00e1veis e profissionais da \u00e1rea. Segundo a coordenadora Cinara Moura, o objetivo foi orientar fam\u00edlias sobre como lidar com dificuldades alimentares em crian\u00e7as com autismo. A proposta buscou ampliar o conhecimento e oferecer estrat\u00e9gias pr\u00e1ticas para o dia a dia, al\u00e9m de incentivar o acompanhamento adequado. Durante a palestra, a especialista \u00c9rica Bento Silva explicou que a seletividade alimentar pode ter diversas causas. Ela alertou que os respons\u00e1veis devem observar sinais apresentados pelas crian\u00e7as. A identifica\u00e7\u00e3o precoce \u00e9 fundamental para evitar preju\u00edzos nutricionais e complica\u00e7\u00f5es no desenvolvimento. A palestrante tamb\u00e9m destacou que o consumo excessivo de a\u00e7\u00facar pode impactar o comportamento. Segundo ela, a subst\u00e2ncia pode aumentar a agita\u00e7\u00e3o e a inquieta\u00e7\u00e3o. A orienta\u00e7\u00e3o \u00e9 manter uma alimenta\u00e7\u00e3o equilibrada e buscar acompanhamento profissional quando necess\u00e1rio. Ao final, foi refor\u00e7ada a import\u00e2ncia de iniciar o tratamento o quanto antes. A recomenda\u00e7\u00e3o \u00e9 que fam\u00edlias procurem terapias adequadas assim que identificarem dificuldades alimentares. A iniciativa destacou o papel da informa\u00e7\u00e3o no cuidado com crian\u00e7as e adolescentes com TEA.","og_url":"https:\/\/sudoesteacontece.com.br\/?p=15881","og_site_name":"Sudoesteacontece","article_publisher":"https:\/\/www.facebook.com\/sudoesteacontece\/?locale=pt_BR","article_published_time":"2026-04-28T19:22:31+00:00","article_modified_time":"2026-04-28T19:22:36+00:00","og_image":[{"width":900,"height":600,"url":"https:\/\/sudoesteacontece.com.br\/wp-content\/uploads\/2026\/04\/Palestra-orienta-pais-sobre-seletividade-alimentar-em-criancas-com-autismo-em-Brumado.jpg","type":"image\/jpeg"}],"author":"Washington Tiago","twitter_card":"summary_large_image","twitter_misc":{"Escrito por":"Washington Tiago","Est. tempo de leitura":"2 minutos"},"schema":{"@context":"https:\/\/schema.org","@graph":[{"@type":"Article","@id":"https:\/\/sudoesteacontece.com.br\/?p=15881#article","isPartOf":{"@id":"https:\/\/sudoesteacontece.com.br\/?p=15881"},"author":{"name":"Washington Tiago","@id":"https:\/\/sudoesteacontece.com.br\/#\/schema\/person\/3cf2cf009926a9683ebc29d5379fa79c"},"headline":"Palestra orienta pais sobre seletividade alimentar em crian\u00e7as com autismo em Brumado","datePublished":"2026-04-28T19:22:31+00:00","dateModified":"2026-04-28T19:22:36+00:00","mainEntityOfPage":{"@id":"https:\/\/sudoesteacontece.com.br\/?p=15881"},"wordCount":251,"commentCount":0,"publisher":{"@id":"https:\/\/sudoesteacontece.com.br\/#organization"},"image":{"@id":"https:\/\/sudoesteacontece.com.br\/?p=15881#primaryimage"},"thumbnailUrl":"http:\/\/sudoesteacontece.com.br\/wp-content\/uploads\/2026\/04\/Palestra-orienta-pais-sobre-seletividade-alimentar-em-criancas-com-autismo-em-Brumado.jpg","articleSection":["Brumado","Cidades","Educa\u00e7\u00e3o","Sa\u00fade"],"inLanguage":"pt-BR","potentialAction":[{"@type":"CommentAction","name":"Comment","target":["https:\/\/sudoesteacontece.com.br\/?p=15881#respond"]}]},{"@type":"WebPage","@id":"https:\/\/sudoesteacontece.com.br\/?p=15881","url":"https:\/\/sudoesteacontece.com.br\/?p=15881","name":"Palestra orienta pais sobre seletividade alimentar em crian\u00e7as com autismo em Brumado - Sudoesteacontece","isPartOf":{"@id":"https:\/\/sudoesteacontece.com.br\/#website"},"primaryImageOfPage":{"@id":"https:\/\/sudoesteacontece.com.br\/?p=15881#primaryimage"},"image":{"@id":"https:\/\/sudoesteacontece.com.br\/?p=15881#primaryimage"},"thumbnailUrl":"http:\/\/sudoesteacontece.com.br\/wp-content\/uploads\/2026\/04\/Palestra-orienta-pais-sobre-seletividade-alimentar-em-criancas-com-autismo-em-Brumado.jpg","datePublished":"2026-04-28T19:22:31+00:00","dateModified":"2026-04-28T19:22:36+00:00","breadcrumb":{"@id":"https:\/\/sudoesteacontece.com.br\/?p=15881#breadcrumb"},"inLanguage":"pt-BR","potentialAction":[{"@type":"ReadAction","target":["https:\/\/sudoesteacontece.com.br\/?p=15881"]}]},{"@type":"ImageObject","inLanguage":"pt-BR","@id":"https:\/\/sudoesteacontece.com.br\/?p=15881#primaryimage","url":"https:\/\/sudoesteacontece.com.br\/wp-content\/uploads\/2026\/04\/Palestra-orienta-pais-sobre-seletividade-alimentar-em-criancas-com-autismo-em-Brumado.jpg","contentUrl":"https:\/\/sudoesteacontece.com.br\/wp-content\/uploads\/2026\/04\/Palestra-orienta-pais-sobre-seletividade-alimentar-em-criancas-com-autismo-em-Brumado.jpg","width":900,"height":600},{"@type":"BreadcrumbList","@id":"https:\/\/sudoesteacontece.com.br\/?p=15881#breadcrumb","itemListElement":[{"@type":"ListItem","position":1,"name":"In\u00edcio","item":"https:\/\/sudoesteacontece.com.br\/"},{"@type":"ListItem","position":2,"name":"Palestra orienta pais sobre seletividade alimentar em crian\u00e7as com autismo em Brumado"}]},{"@type":"WebSite","@id":"https:\/\/sudoesteacontece.com.br\/#website","url":"https:\/\/sudoesteacontece.com.br\/","name":"Sudoesteacontece","description":"","publisher":{"@id":"https:\/\/sudoesteacontece.com.br\/#organization"},"potentialAction":[{"@type":"SearchAction","target":{"@type":"EntryPoint","urlTemplate":"https:\/\/sudoesteacontece.com.br\/?s={search_term_string}"},"query-input":{"@type":"PropertyValueSpecification","valueRequired":true,"valueName":"search_term_string"}}],"inLanguage":"pt-BR"},{"@type":"Organization","@id":"https:\/\/sudoesteacontece.com.br\/#organization","name":"Sudoesteacontece","url":"https:\/\/sudoesteacontece.com.br\/","logo":{"@type":"ImageObject","inLanguage":"pt-BR","@id":"https:\/\/sudoesteacontece.com.br\/#\/schema\/logo\/image\/","url":"https:\/\/sudoesteacontece.com.br\/wp-content\/uploads\/2025\/12\/cropped-logo-2-180x180-1.png","contentUrl":"https:\/\/sudoesteacontece.com.br\/wp-content\/uploads\/2025\/12\/cropped-logo-2-180x180-1.png","width":180,"height":180,"caption":"Sudoesteacontece"},"image":{"@id":"https:\/\/sudoesteacontece.com.br\/#\/schema\/logo\/image\/"},"sameAs":["https:\/\/www.facebook.com\/sudoesteacontece\/?locale=pt_BR"]},{"@type":"Person","@id":"https:\/\/sudoesteacontece.com.br\/#\/schema\/person\/3cf2cf009926a9683ebc29d5379fa79c","name":"Washington Tiago","image":{"@type":"ImageObject","inLanguage":"pt-BR","@id":"https:\/\/sudoesteacontece.com.br\/#\/schema\/person\/image\/","url":"https:\/\/secure.gravatar.com\/avatar\/33c43b8668157e040f9d1fe93c354bf087cbd8ba36270c1163198bd3ddcf2a56?s=96&d=mm&r=g","contentUrl":"https:\/\/secure.gravatar.com\/avatar\/33c43b8668157e040f9d1fe93c354bf087cbd8ba36270c1163198bd3ddcf2a56?s=96&d=mm&r=g","caption":"Washington Tiago"},"url":"https:\/\/sudoesteacontece.com.br\/?author=2"}]}},"_links":{"self":[{"href":"https:\/\/sudoesteacontece.com.br\/index.php?rest_route=\/wp\/v2\/posts\/15881","targetHints":{"allow":["GET"]}}],"collection":[{"href":"https:\/\/sudoesteacontece.com.br\/index.php?rest_route=\/wp\/v2\/posts"}],"about":[{"href":"https:\/\/sudoesteacontece.com.br\/index.php?rest_route=\/wp\/v2\/types\/post"}],"author":[{"embeddable":true,"href":"https:\/\/sudoesteacontece.com.br\/index.php?rest_route=\/wp\/v2\/users\/2"}],"replies":[{"embeddable":true,"href":"https:\/\/sudoesteacontece.com.br\/index.php?rest_route=%2Fwp%2Fv2%2Fcomments&post=15881"}],"version-history":[{"count":1,"href":"https:\/\/sudoesteacontece.com.br\/index.php?rest_route=\/wp\/v2\/posts\/15881\/revisions"}],"predecessor-version":[{"id":15937,"href":"https:\/\/sudoesteacontece.com.br\/index.php?rest_route=\/wp\/v2\/posts\/15881\/revisions\/15937"}],"wp:attachment":[{"href":"https:\/\/sudoesteacontece.com.br\/index.php?rest_route=%2Fwp%2Fv2%2Fmedia&parent=15881"}],"wp:term":[{"taxonomy":"category","embeddable":true,"href":"https:\/\/sudoesteacontece.com.br\/index.php?rest_route=%2Fwp%2Fv2%2Fcategories&post=15881"},{"taxonomy":"post_tag","embeddable":true,"href":"https:\/\/sudoesteacontece.com.br\/index.php?rest_route=%2Fwp%2Fv2%2Ftags&post=15881"}],"curies":[{"name":"wp","href":"https:\/\/api.w.org\/{rel}","templated":true}]}}