{"id":15920,"date":"2026-04-28T16:47:46","date_gmt":"2026-04-28T19:47:46","guid":{"rendered":"https:\/\/sudoesteacontece.com.br\/?p=15920"},"modified":"2026-04-28T16:47:51","modified_gmt":"2026-04-28T19:47:51","slug":"homem-e-baleado-em-via-publica-na-zona-rural-de-conquista-e-suspeito-e-identificado","status":"publish","type":"post","link":"https:\/\/sudoesteacontece.com.br\/?p=15920","title":{"rendered":"Homem \u00e9 baleado em via p\u00fablica na zona rural de Conquista e suspeito \u00e9 identificado"},"content":{"rendered":"<div class=\"wp-block-image\">\n<figure class=\"aligncenter size-full\"><img fetchpriority=\"high\" decoding=\"async\" width=\"900\" height=\"600\" src=\"http:\/\/sudoesteacontece.com.br\/wp-content\/uploads\/2026\/04\/Homem-e-baleado-em-via-publica-na-zona-rural-de-Conquista-e-suspeito-e-identificado.jpg\" alt=\"\" class=\"wp-image-15955\" srcset=\"https:\/\/sudoesteacontece.com.br\/wp-content\/uploads\/2026\/04\/Homem-e-baleado-em-via-publica-na-zona-rural-de-Conquista-e-suspeito-e-identificado.jpg 900w, https:\/\/sudoesteacontece.com.br\/wp-content\/uploads\/2026\/04\/Homem-e-baleado-em-via-publica-na-zona-rural-de-Conquista-e-suspeito-e-identificado-300x200.jpg 300w, https:\/\/sudoesteacontece.com.br\/wp-content\/uploads\/2026\/04\/Homem-e-baleado-em-via-publica-na-zona-rural-de-Conquista-e-suspeito-e-identificado-768x512.jpg 768w\" sizes=\"(max-width: 900px) 100vw, 900px\" \/><\/figure>\n<\/div>\n\n\n<p>Uma tentativa de homic\u00eddio registrada no in\u00edcio da semana causou repercuss\u00e3o em Vit\u00f3ria da Conquista. Um homem foi atingido por disparos de arma de fogo no povoado do Baix\u00e3o, na zona rural do munic\u00edpio. O caso gerou preocupa\u00e7\u00e3o entre moradores da localidade e mobilizou as for\u00e7as de seguran\u00e7a.<\/p>\n\n\n\n<p>A v\u00edtima foi identificada como Josivaldo, conhecido popularmente como Jorge. Ele foi socorrido ap\u00f3s o ataque e levado ao Hospital Geral de Vit\u00f3ria da Conquista. Segundo informa\u00e7\u00f5es iniciais, o estado de sa\u00fade \u00e9 est\u00e1vel e ele n\u00e3o corre risco de morte.<\/p>\n\n\n\n<p>De acordo com a Pol\u00edcia Civil da Bahia, o suspeito de efetuar os disparos j\u00e1 foi identificado. A pol\u00edcia segue investigando as circunst\u00e2ncias do crime. At\u00e9 o momento, ningu\u00e9m foi preso.<\/p>\n\n\n\n<p>Moradores relataram indigna\u00e7\u00e3o com o caso. Testemunhas afirmam que a v\u00edtima \u00e9 conhecida na comunidade como trabalhador. A principal linha de investiga\u00e7\u00e3o aponta para motiva\u00e7\u00e3o de natureza pessoal.<\/p>\n","protected":false},"excerpt":{"rendered":"<p>Uma tentativa de homic\u00eddio registrada no in\u00edcio da semana causou repercuss\u00e3o em Vit\u00f3ria da Conquista. Um homem foi atingido por disparos de arma de fogo no povoado do Baix\u00e3o, na zona rural do munic\u00edpio. O caso gerou preocupa\u00e7\u00e3o entre moradores da localidade e mobilizou as for\u00e7as de seguran\u00e7a. A v\u00edtima foi identificada como Josivaldo, conhecido popularmente como Jorge. Ele foi socorrido ap\u00f3s o ataque e levado ao Hospital Geral de Vit\u00f3ria da Conquista. Segundo informa\u00e7\u00f5es iniciais, o estado de sa\u00fade \u00e9 est\u00e1vel e ele n\u00e3o corre risco de morte. De acordo com a Pol\u00edcia Civil da Bahia, o suspeito de efetuar os disparos j\u00e1 foi identificado. A pol\u00edcia segue investigando as circunst\u00e2ncias do crime. At\u00e9 o momento, ningu\u00e9m foi preso. Moradores relataram indigna\u00e7\u00e3o com o caso. Testemunhas afirmam que a v\u00edtima \u00e9 conhecida na comunidade como trabalhador. A principal linha de investiga\u00e7\u00e3o aponta para motiva\u00e7\u00e3o de natureza pessoal.<\/p>\n","protected":false},"author":2,"featured_media":0,"comment_status":"open","ping_status":"open","sticky":false,"template":"","format":"standard","meta":{"footnotes":""},"categories":[4,3],"tags":[],"class_list":["post-15920","post","type-post","status-publish","format-standard","hentry","category-cidades","category-policia"],"yoast_head":"<!-- This site is optimized with the Yoast SEO plugin v26.5 - https:\/\/yoast.com\/wordpress\/plugins\/seo\/ -->\n<title>Homem \u00e9 baleado em via p\u00fablica na zona rural de Conquista e suspeito \u00e9 identificado - Sudoesteacontece<\/title>\n<meta name=\"robots\" content=\"index, follow, max-snippet:-1, max-image-preview:large, max-video-preview:-1\" \/>\n<link rel=\"canonical\" href=\"https:\/\/sudoesteacontece.com.br\/?p=15920\" \/>\n<meta property=\"og:locale\" content=\"pt_BR\" \/>\n<meta property=\"og:type\" content=\"article\" \/>\n<meta property=\"og:title\" content=\"Homem \u00e9 baleado em via p\u00fablica na zona rural de Conquista e suspeito \u00e9 identificado - Sudoesteacontece\" \/>\n<meta property=\"og:description\" content=\"Uma tentativa de homic\u00eddio registrada no in\u00edcio da semana causou repercuss\u00e3o em Vit\u00f3ria da Conquista. Um homem foi atingido por disparos de arma de fogo no povoado do Baix\u00e3o, na zona rural do munic\u00edpio. O caso gerou preocupa\u00e7\u00e3o entre moradores da localidade e mobilizou as for\u00e7as de seguran\u00e7a. A v\u00edtima foi identificada como Josivaldo, conhecido popularmente como Jorge. Ele foi socorrido ap\u00f3s o ataque e levado ao Hospital Geral de Vit\u00f3ria da Conquista. Segundo informa\u00e7\u00f5es iniciais, o estado de sa\u00fade \u00e9 est\u00e1vel e ele n\u00e3o corre risco de morte. De acordo com a Pol\u00edcia Civil da Bahia, o suspeito de efetuar os disparos j\u00e1 foi identificado. A pol\u00edcia segue investigando as circunst\u00e2ncias do crime. At\u00e9 o momento, ningu\u00e9m foi preso. Moradores relataram indigna\u00e7\u00e3o com o caso. Testemunhas afirmam que a v\u00edtima \u00e9 conhecida na comunidade como trabalhador. A principal linha de investiga\u00e7\u00e3o aponta para motiva\u00e7\u00e3o de natureza pessoal.\" \/>\n<meta property=\"og:url\" content=\"https:\/\/sudoesteacontece.com.br\/?p=15920\" \/>\n<meta property=\"og:site_name\" content=\"Sudoesteacontece\" \/>\n<meta property=\"article:publisher\" content=\"https:\/\/www.facebook.com\/sudoesteacontece\/?locale=pt_BR\" \/>\n<meta property=\"article:published_time\" content=\"2026-04-28T19:47:46+00:00\" \/>\n<meta property=\"article:modified_time\" content=\"2026-04-28T19:47:51+00:00\" \/>\n<meta property=\"og:image\" content=\"https:\/\/sudoesteacontece.com.br\/wp-content\/uploads\/2026\/04\/Homem-e-baleado-em-via-publica-na-zona-rural-de-Conquista-e-suspeito-e-identificado.jpg\" \/>\n\t<meta property=\"og:image:width\" content=\"900\" \/>\n\t<meta property=\"og:image:height\" content=\"600\" \/>\n\t<meta property=\"og:image:type\" content=\"image\/jpeg\" \/>\n<meta name=\"author\" content=\"Washington Tiago\" \/>\n<meta name=\"twitter:card\" content=\"summary_large_image\" \/>\n<meta name=\"twitter:label1\" content=\"Escrito por\" \/>\n\t<meta name=\"twitter:data1\" content=\"Washington Tiago\" \/>\n\t<meta name=\"twitter:label2\" content=\"Est. tempo de leitura\" \/>\n\t<meta name=\"twitter:data2\" content=\"2 minutos\" \/>\n<script type=\"application\/ld+json\" class=\"yoast-schema-graph\">{\"@context\":\"https:\/\/schema.org\",\"@graph\":[{\"@type\":\"Article\",\"@id\":\"https:\/\/sudoesteacontece.com.br\/?p=15920#article\",\"isPartOf\":{\"@id\":\"https:\/\/sudoesteacontece.com.br\/?p=15920\"},\"author\":{\"name\":\"Washington Tiago\",\"@id\":\"https:\/\/sudoesteacontece.com.br\/#\/schema\/person\/3cf2cf009926a9683ebc29d5379fa79c\"},\"headline\":\"Homem \u00e9 baleado em via p\u00fablica na zona rural de Conquista e suspeito \u00e9 identificado\",\"datePublished\":\"2026-04-28T19:47:46+00:00\",\"dateModified\":\"2026-04-28T19:47:51+00:00\",\"mainEntityOfPage\":{\"@id\":\"https:\/\/sudoesteacontece.com.br\/?p=15920\"},\"wordCount\":184,\"commentCount\":0,\"publisher\":{\"@id\":\"https:\/\/sudoesteacontece.com.br\/#organization\"},\"image\":{\"@id\":\"https:\/\/sudoesteacontece.com.br\/?p=15920#primaryimage\"},\"thumbnailUrl\":\"http:\/\/sudoesteacontece.com.br\/wp-content\/uploads\/2026\/04\/Homem-e-baleado-em-via-publica-na-zona-rural-de-Conquista-e-suspeito-e-identificado.jpg\",\"articleSection\":[\"Cidades\",\"Pol\u00edcia\"],\"inLanguage\":\"pt-BR\",\"potentialAction\":[{\"@type\":\"CommentAction\",\"name\":\"Comment\",\"target\":[\"https:\/\/sudoesteacontece.com.br\/?p=15920#respond\"]}]},{\"@type\":\"WebPage\",\"@id\":\"https:\/\/sudoesteacontece.com.br\/?p=15920\",\"url\":\"https:\/\/sudoesteacontece.com.br\/?p=15920\",\"name\":\"Homem \u00e9 baleado em via p\u00fablica na zona rural de Conquista e suspeito \u00e9 identificado - Sudoesteacontece\",\"isPartOf\":{\"@id\":\"https:\/\/sudoesteacontece.com.br\/#website\"},\"primaryImageOfPage\":{\"@id\":\"https:\/\/sudoesteacontece.com.br\/?p=15920#primaryimage\"},\"image\":{\"@id\":\"https:\/\/sudoesteacontece.com.br\/?p=15920#primaryimage\"},\"thumbnailUrl\":\"http:\/\/sudoesteacontece.com.br\/wp-content\/uploads\/2026\/04\/Homem-e-baleado-em-via-publica-na-zona-rural-de-Conquista-e-suspeito-e-identificado.jpg\",\"datePublished\":\"2026-04-28T19:47:46+00:00\",\"dateModified\":\"2026-04-28T19:47:51+00:00\",\"breadcrumb\":{\"@id\":\"https:\/\/sudoesteacontece.com.br\/?p=15920#breadcrumb\"},\"inLanguage\":\"pt-BR\",\"potentialAction\":[{\"@type\":\"ReadAction\",\"target\":[\"https:\/\/sudoesteacontece.com.br\/?p=15920\"]}]},{\"@type\":\"ImageObject\",\"inLanguage\":\"pt-BR\",\"@id\":\"https:\/\/sudoesteacontece.com.br\/?p=15920#primaryimage\",\"url\":\"https:\/\/sudoesteacontece.com.br\/wp-content\/uploads\/2026\/04\/Homem-e-baleado-em-via-publica-na-zona-rural-de-Conquista-e-suspeito-e-identificado.jpg\",\"contentUrl\":\"https:\/\/sudoesteacontece.com.br\/wp-content\/uploads\/2026\/04\/Homem-e-baleado-em-via-publica-na-zona-rural-de-Conquista-e-suspeito-e-identificado.jpg\",\"width\":900,\"height\":600},{\"@type\":\"BreadcrumbList\",\"@id\":\"https:\/\/sudoesteacontece.com.br\/?p=15920#breadcrumb\",\"itemListElement\":[{\"@type\":\"ListItem\",\"position\":1,\"name\":\"In\u00edcio\",\"item\":\"https:\/\/sudoesteacontece.com.br\/\"},{\"@type\":\"ListItem\",\"position\":2,\"name\":\"Homem \u00e9 baleado em via p\u00fablica na zona rural de Conquista e suspeito \u00e9 identificado\"}]},{\"@type\":\"WebSite\",\"@id\":\"https:\/\/sudoesteacontece.com.br\/#website\",\"url\":\"https:\/\/sudoesteacontece.com.br\/\",\"name\":\"Sudoesteacontece\",\"description\":\"\",\"publisher\":{\"@id\":\"https:\/\/sudoesteacontece.com.br\/#organization\"},\"potentialAction\":[{\"@type\":\"SearchAction\",\"target\":{\"@type\":\"EntryPoint\",\"urlTemplate\":\"https:\/\/sudoesteacontece.com.br\/?s={search_term_string}\"},\"query-input\":{\"@type\":\"PropertyValueSpecification\",\"valueRequired\":true,\"valueName\":\"search_term_string\"}}],\"inLanguage\":\"pt-BR\"},{\"@type\":\"Organization\",\"@id\":\"https:\/\/sudoesteacontece.com.br\/#organization\",\"name\":\"Sudoesteacontece\",\"url\":\"https:\/\/sudoesteacontece.com.br\/\",\"logo\":{\"@type\":\"ImageObject\",\"inLanguage\":\"pt-BR\",\"@id\":\"https:\/\/sudoesteacontece.com.br\/#\/schema\/logo\/image\/\",\"url\":\"https:\/\/sudoesteacontece.com.br\/wp-content\/uploads\/2025\/12\/cropped-logo-2-180x180-1.png\",\"contentUrl\":\"https:\/\/sudoesteacontece.com.br\/wp-content\/uploads\/2025\/12\/cropped-logo-2-180x180-1.png\",\"width\":180,\"height\":180,\"caption\":\"Sudoesteacontece\"},\"image\":{\"@id\":\"https:\/\/sudoesteacontece.com.br\/#\/schema\/logo\/image\/\"},\"sameAs\":[\"https:\/\/www.facebook.com\/sudoesteacontece\/?locale=pt_BR\"]},{\"@type\":\"Person\",\"@id\":\"https:\/\/sudoesteacontece.com.br\/#\/schema\/person\/3cf2cf009926a9683ebc29d5379fa79c\",\"name\":\"Washington Tiago\",\"image\":{\"@type\":\"ImageObject\",\"inLanguage\":\"pt-BR\",\"@id\":\"https:\/\/sudoesteacontece.com.br\/#\/schema\/person\/image\/\",\"url\":\"https:\/\/secure.gravatar.com\/avatar\/33c43b8668157e040f9d1fe93c354bf087cbd8ba36270c1163198bd3ddcf2a56?s=96&d=mm&r=g\",\"contentUrl\":\"https:\/\/secure.gravatar.com\/avatar\/33c43b8668157e040f9d1fe93c354bf087cbd8ba36270c1163198bd3ddcf2a56?s=96&d=mm&r=g\",\"caption\":\"Washington Tiago\"},\"url\":\"https:\/\/sudoesteacontece.com.br\/?author=2\"}]}<\/script>\n<!-- \/ Yoast SEO plugin. -->","yoast_head_json":{"title":"Homem \u00e9 baleado em via p\u00fablica na zona rural de Conquista e suspeito \u00e9 identificado - Sudoesteacontece","robots":{"index":"index","follow":"follow","max-snippet":"max-snippet:-1","max-image-preview":"max-image-preview:large","max-video-preview":"max-video-preview:-1"},"canonical":"https:\/\/sudoesteacontece.com.br\/?p=15920","og_locale":"pt_BR","og_type":"article","og_title":"Homem \u00e9 baleado em via p\u00fablica na zona rural de Conquista e suspeito \u00e9 identificado - Sudoesteacontece","og_description":"Uma tentativa de homic\u00eddio registrada no in\u00edcio da semana causou repercuss\u00e3o em Vit\u00f3ria da Conquista. Um homem foi atingido por disparos de arma de fogo no povoado do Baix\u00e3o, na zona rural do munic\u00edpio. O caso gerou preocupa\u00e7\u00e3o entre moradores da localidade e mobilizou as for\u00e7as de seguran\u00e7a. A v\u00edtima foi identificada como Josivaldo, conhecido popularmente como Jorge. Ele foi socorrido ap\u00f3s o ataque e levado ao Hospital Geral de Vit\u00f3ria da Conquista. Segundo informa\u00e7\u00f5es iniciais, o estado de sa\u00fade \u00e9 est\u00e1vel e ele n\u00e3o corre risco de morte. De acordo com a Pol\u00edcia Civil da Bahia, o suspeito de efetuar os disparos j\u00e1 foi identificado. A pol\u00edcia segue investigando as circunst\u00e2ncias do crime. At\u00e9 o momento, ningu\u00e9m foi preso. Moradores relataram indigna\u00e7\u00e3o com o caso. Testemunhas afirmam que a v\u00edtima \u00e9 conhecida na comunidade como trabalhador. A principal linha de investiga\u00e7\u00e3o aponta para motiva\u00e7\u00e3o de natureza pessoal.","og_url":"https:\/\/sudoesteacontece.com.br\/?p=15920","og_site_name":"Sudoesteacontece","article_publisher":"https:\/\/www.facebook.com\/sudoesteacontece\/?locale=pt_BR","article_published_time":"2026-04-28T19:47:46+00:00","article_modified_time":"2026-04-28T19:47:51+00:00","og_image":[{"width":900,"height":600,"url":"https:\/\/sudoesteacontece.com.br\/wp-content\/uploads\/2026\/04\/Homem-e-baleado-em-via-publica-na-zona-rural-de-Conquista-e-suspeito-e-identificado.jpg","type":"image\/jpeg"}],"author":"Washington Tiago","twitter_card":"summary_large_image","twitter_misc":{"Escrito por":"Washington Tiago","Est. tempo de leitura":"2 minutos"},"schema":{"@context":"https:\/\/schema.org","@graph":[{"@type":"Article","@id":"https:\/\/sudoesteacontece.com.br\/?p=15920#article","isPartOf":{"@id":"https:\/\/sudoesteacontece.com.br\/?p=15920"},"author":{"name":"Washington Tiago","@id":"https:\/\/sudoesteacontece.com.br\/#\/schema\/person\/3cf2cf009926a9683ebc29d5379fa79c"},"headline":"Homem \u00e9 baleado em via p\u00fablica na zona rural de Conquista e suspeito \u00e9 identificado","datePublished":"2026-04-28T19:47:46+00:00","dateModified":"2026-04-28T19:47:51+00:00","mainEntityOfPage":{"@id":"https:\/\/sudoesteacontece.com.br\/?p=15920"},"wordCount":184,"commentCount":0,"publisher":{"@id":"https:\/\/sudoesteacontece.com.br\/#organization"},"image":{"@id":"https:\/\/sudoesteacontece.com.br\/?p=15920#primaryimage"},"thumbnailUrl":"http:\/\/sudoesteacontece.com.br\/wp-content\/uploads\/2026\/04\/Homem-e-baleado-em-via-publica-na-zona-rural-de-Conquista-e-suspeito-e-identificado.jpg","articleSection":["Cidades","Pol\u00edcia"],"inLanguage":"pt-BR","potentialAction":[{"@type":"CommentAction","name":"Comment","target":["https:\/\/sudoesteacontece.com.br\/?p=15920#respond"]}]},{"@type":"WebPage","@id":"https:\/\/sudoesteacontece.com.br\/?p=15920","url":"https:\/\/sudoesteacontece.com.br\/?p=15920","name":"Homem \u00e9 baleado em via p\u00fablica na zona rural de Conquista e suspeito \u00e9 identificado - Sudoesteacontece","isPartOf":{"@id":"https:\/\/sudoesteacontece.com.br\/#website"},"primaryImageOfPage":{"@id":"https:\/\/sudoesteacontece.com.br\/?p=15920#primaryimage"},"image":{"@id":"https:\/\/sudoesteacontece.com.br\/?p=15920#primaryimage"},"thumbnailUrl":"http:\/\/sudoesteacontece.com.br\/wp-content\/uploads\/2026\/04\/Homem-e-baleado-em-via-publica-na-zona-rural-de-Conquista-e-suspeito-e-identificado.jpg","datePublished":"2026-04-28T19:47:46+00:00","dateModified":"2026-04-28T19:47:51+00:00","breadcrumb":{"@id":"https:\/\/sudoesteacontece.com.br\/?p=15920#breadcrumb"},"inLanguage":"pt-BR","potentialAction":[{"@type":"ReadAction","target":["https:\/\/sudoesteacontece.com.br\/?p=15920"]}]},{"@type":"ImageObject","inLanguage":"pt-BR","@id":"https:\/\/sudoesteacontece.com.br\/?p=15920#primaryimage","url":"https:\/\/sudoesteacontece.com.br\/wp-content\/uploads\/2026\/04\/Homem-e-baleado-em-via-publica-na-zona-rural-de-Conquista-e-suspeito-e-identificado.jpg","contentUrl":"https:\/\/sudoesteacontece.com.br\/wp-content\/uploads\/2026\/04\/Homem-e-baleado-em-via-publica-na-zona-rural-de-Conquista-e-suspeito-e-identificado.jpg","width":900,"height":600},{"@type":"BreadcrumbList","@id":"https:\/\/sudoesteacontece.com.br\/?p=15920#breadcrumb","itemListElement":[{"@type":"ListItem","position":1,"name":"In\u00edcio","item":"https:\/\/sudoesteacontece.com.br\/"},{"@type":"ListItem","position":2,"name":"Homem \u00e9 baleado em via p\u00fablica na zona rural de Conquista e suspeito \u00e9 identificado"}]},{"@type":"WebSite","@id":"https:\/\/sudoesteacontece.com.br\/#website","url":"https:\/\/sudoesteacontece.com.br\/","name":"Sudoesteacontece","description":"","publisher":{"@id":"https:\/\/sudoesteacontece.com.br\/#organization"},"potentialAction":[{"@type":"SearchAction","target":{"@type":"EntryPoint","urlTemplate":"https:\/\/sudoesteacontece.com.br\/?s={search_term_string}"},"query-input":{"@type":"PropertyValueSpecification","valueRequired":true,"valueName":"search_term_string"}}],"inLanguage":"pt-BR"},{"@type":"Organization","@id":"https:\/\/sudoesteacontece.com.br\/#organization","name":"Sudoesteacontece","url":"https:\/\/sudoesteacontece.com.br\/","logo":{"@type":"ImageObject","inLanguage":"pt-BR","@id":"https:\/\/sudoesteacontece.com.br\/#\/schema\/logo\/image\/","url":"https:\/\/sudoesteacontece.com.br\/wp-content\/uploads\/2025\/12\/cropped-logo-2-180x180-1.png","contentUrl":"https:\/\/sudoesteacontece.com.br\/wp-content\/uploads\/2025\/12\/cropped-logo-2-180x180-1.png","width":180,"height":180,"caption":"Sudoesteacontece"},"image":{"@id":"https:\/\/sudoesteacontece.com.br\/#\/schema\/logo\/image\/"},"sameAs":["https:\/\/www.facebook.com\/sudoesteacontece\/?locale=pt_BR"]},{"@type":"Person","@id":"https:\/\/sudoesteacontece.com.br\/#\/schema\/person\/3cf2cf009926a9683ebc29d5379fa79c","name":"Washington Tiago","image":{"@type":"ImageObject","inLanguage":"pt-BR","@id":"https:\/\/sudoesteacontece.com.br\/#\/schema\/person\/image\/","url":"https:\/\/secure.gravatar.com\/avatar\/33c43b8668157e040f9d1fe93c354bf087cbd8ba36270c1163198bd3ddcf2a56?s=96&d=mm&r=g","contentUrl":"https:\/\/secure.gravatar.com\/avatar\/33c43b8668157e040f9d1fe93c354bf087cbd8ba36270c1163198bd3ddcf2a56?s=96&d=mm&r=g","caption":"Washington Tiago"},"url":"https:\/\/sudoesteacontece.com.br\/?author=2"}]}},"_links":{"self":[{"href":"https:\/\/sudoesteacontece.com.br\/index.php?rest_route=\/wp\/v2\/posts\/15920","targetHints":{"allow":["GET"]}}],"collection":[{"href":"https:\/\/sudoesteacontece.com.br\/index.php?rest_route=\/wp\/v2\/posts"}],"about":[{"href":"https:\/\/sudoesteacontece.com.br\/index.php?rest_route=\/wp\/v2\/types\/post"}],"author":[{"embeddable":true,"href":"https:\/\/sudoesteacontece.com.br\/index.php?rest_route=\/wp\/v2\/users\/2"}],"replies":[{"embeddable":true,"href":"https:\/\/sudoesteacontece.com.br\/index.php?rest_route=%2Fwp%2Fv2%2Fcomments&post=15920"}],"version-history":[{"count":1,"href":"https:\/\/sudoesteacontece.com.br\/index.php?rest_route=\/wp\/v2\/posts\/15920\/revisions"}],"predecessor-version":[{"id":15956,"href":"https:\/\/sudoesteacontece.com.br\/index.php?rest_route=\/wp\/v2\/posts\/15920\/revisions\/15956"}],"wp:attachment":[{"href":"https:\/\/sudoesteacontece.com.br\/index.php?rest_route=%2Fwp%2Fv2%2Fmedia&parent=15920"}],"wp:term":[{"taxonomy":"category","embeddable":true,"href":"https:\/\/sudoesteacontece.com.br\/index.php?rest_route=%2Fwp%2Fv2%2Fcategories&post=15920"},{"taxonomy":"post_tag","embeddable":true,"href":"https:\/\/sudoesteacontece.com.br\/index.php?rest_route=%2Fwp%2Fv2%2Ftags&post=15920"}],"curies":[{"name":"wp","href":"https:\/\/api.w.org\/{rel}","templated":true}]}}