{"id":15922,"date":"2026-04-28T16:53:30","date_gmt":"2026-04-28T19:53:30","guid":{"rendered":"https:\/\/sudoesteacontece.com.br\/?p=15922"},"modified":"2026-04-28T16:53:34","modified_gmt":"2026-04-28T19:53:34","slug":"carreta-carregada-de-soja-perde-controle-e-atinge-casas-na-bahia-deixando-feridos","status":"publish","type":"post","link":"https:\/\/sudoesteacontece.com.br\/?p=15922","title":{"rendered":"Carreta carregada de soja perde controle e atinge casas na Bahia deixando feridos"},"content":{"rendered":"<div class=\"wp-block-image\">\n<figure class=\"aligncenter size-full\"><img fetchpriority=\"high\" decoding=\"async\" width=\"900\" height=\"600\" src=\"http:\/\/sudoesteacontece.com.br\/wp-content\/uploads\/2026\/04\/Novo-Projeto-24.jpg\" alt=\"\" class=\"wp-image-15958\" srcset=\"https:\/\/sudoesteacontece.com.br\/wp-content\/uploads\/2026\/04\/Novo-Projeto-24.jpg 900w, https:\/\/sudoesteacontece.com.br\/wp-content\/uploads\/2026\/04\/Novo-Projeto-24-300x200.jpg 300w, https:\/\/sudoesteacontece.com.br\/wp-content\/uploads\/2026\/04\/Novo-Projeto-24-768x512.jpg 768w\" sizes=\"(max-width: 900px) 100vw, 900px\" \/><\/figure>\n<\/div>\n\n\n<p>Uma carreta carregada de soja perdeu o controle e atingiu tr\u00eas im\u00f3veis na segunda-feira (27), na BR-463, em S\u00e3o Desid\u00e9rio. O acidente ocorreu na entrada da zona urbana e deixou duas crian\u00e7as e o motorista feridos. A colis\u00e3o causou danos estruturais e mobilizou equipes de socorro. Moradores relataram susto com o impacto e destrui\u00e7\u00e3o em parte das resid\u00eancias atingidas.<\/p>\n\n\n\n<p>Segundo informa\u00e7\u00f5es locais, o ve\u00edculo descia a rodovia quando o condutor perdeu o controle da dire\u00e7\u00e3o. A carreta atingiu duas casas e um dep\u00f3sito de bebidas. Entre os atingidos estavam um beb\u00ea e uma crian\u00e7a. Com a for\u00e7a da batida, parte do teto desabou. A estrutura de madeira ajudou a reduzir o impacto e evitou ferimentos mais graves nas v\u00edtimas.<\/p>\n\n\n\n<p>Equipes do Servi\u00e7o de Atendimento M\u00f3vel de Urg\u00eancia prestaram socorro \u00e0s v\u00edtimas no local. As crian\u00e7as foram levadas para uma unidade de sa\u00fade, onde passaram por avalia\u00e7\u00e3o m\u00e9dica. O motorista sofreu um corte na testa e relatou dores pelo corpo. Ele tamb\u00e9m foi encaminhado para atendimento e permaneceu em observa\u00e7\u00e3o.<\/p>\n\n\n\n<p>Ap\u00f3s o acidente, a \u00e1rea foi isolada por seguran\u00e7a devido aos danos nas estruturas. A prefeitura informou que equipes do Centro de Refer\u00eancia de Assist\u00eancia Social prestam apoio \u00e0s fam\u00edlias afetadas. T\u00e9cnicos avaliam as condi\u00e7\u00f5es dos im\u00f3veis atingidos. As causas do acidente ainda devem ser apuradas pelas autoridades respons\u00e1veis.<\/p>\n","protected":false},"excerpt":{"rendered":"<p>Uma carreta carregada de soja perdeu o controle e atingiu tr\u00eas im\u00f3veis na segunda-feira (27), na BR-463, em S\u00e3o Desid\u00e9rio. O acidente ocorreu na entrada da zona urbana e deixou duas crian\u00e7as e o motorista feridos. A colis\u00e3o causou danos estruturais e mobilizou equipes de socorro. Moradores relataram susto com o impacto e destrui\u00e7\u00e3o em parte das resid\u00eancias atingidas. Segundo informa\u00e7\u00f5es locais, o ve\u00edculo descia a rodovia quando o condutor perdeu o controle da dire\u00e7\u00e3o. A carreta atingiu duas casas e um dep\u00f3sito de bebidas. Entre os atingidos estavam um beb\u00ea e uma crian\u00e7a. Com a for\u00e7a da batida, parte do teto desabou. A estrutura de madeira ajudou a reduzir o impacto e evitou ferimentos mais graves nas v\u00edtimas. Equipes do Servi\u00e7o de Atendimento M\u00f3vel de Urg\u00eancia prestaram socorro \u00e0s v\u00edtimas no local. As crian\u00e7as foram levadas para uma unidade de sa\u00fade, onde passaram por avalia\u00e7\u00e3o m\u00e9dica. O motorista sofreu um corte na testa e relatou dores pelo corpo. Ele tamb\u00e9m foi encaminhado para atendimento e permaneceu em observa\u00e7\u00e3o. Ap\u00f3s o acidente, a \u00e1rea foi isolada por seguran\u00e7a devido aos danos nas estruturas. A prefeitura informou que equipes do Centro de Refer\u00eancia de Assist\u00eancia Social prestam apoio \u00e0s fam\u00edlias afetadas. T\u00e9cnicos avaliam as condi\u00e7\u00f5es dos im\u00f3veis atingidos. As causas do acidente ainda devem ser apuradas pelas autoridades respons\u00e1veis.<\/p>\n","protected":false},"author":2,"featured_media":0,"comment_status":"open","ping_status":"open","sticky":false,"template":"","format":"standard","meta":{"footnotes":""},"categories":[5],"tags":[],"class_list":["post-15922","post","type-post","status-publish","format-standard","hentry","category-acidente"],"yoast_head":"<!-- This site is optimized with the Yoast SEO plugin v26.5 - https:\/\/yoast.com\/wordpress\/plugins\/seo\/ -->\n<title>Carreta carregada de soja perde controle e atinge casas na Bahia deixando feridos - Sudoesteacontece<\/title>\n<meta name=\"robots\" content=\"index, follow, max-snippet:-1, max-image-preview:large, max-video-preview:-1\" \/>\n<link rel=\"canonical\" href=\"https:\/\/sudoesteacontece.com.br\/?p=15922\" \/>\n<meta property=\"og:locale\" content=\"pt_BR\" \/>\n<meta property=\"og:type\" content=\"article\" \/>\n<meta property=\"og:title\" content=\"Carreta carregada de soja perde controle e atinge casas na Bahia deixando feridos - Sudoesteacontece\" \/>\n<meta property=\"og:description\" content=\"Uma carreta carregada de soja perdeu o controle e atingiu tr\u00eas im\u00f3veis na segunda-feira (27), na BR-463, em S\u00e3o Desid\u00e9rio. O acidente ocorreu na entrada da zona urbana e deixou duas crian\u00e7as e o motorista feridos. A colis\u00e3o causou danos estruturais e mobilizou equipes de socorro. Moradores relataram susto com o impacto e destrui\u00e7\u00e3o em parte das resid\u00eancias atingidas. Segundo informa\u00e7\u00f5es locais, o ve\u00edculo descia a rodovia quando o condutor perdeu o controle da dire\u00e7\u00e3o. A carreta atingiu duas casas e um dep\u00f3sito de bebidas. Entre os atingidos estavam um beb\u00ea e uma crian\u00e7a. Com a for\u00e7a da batida, parte do teto desabou. A estrutura de madeira ajudou a reduzir o impacto e evitou ferimentos mais graves nas v\u00edtimas. Equipes do Servi\u00e7o de Atendimento M\u00f3vel de Urg\u00eancia prestaram socorro \u00e0s v\u00edtimas no local. As crian\u00e7as foram levadas para uma unidade de sa\u00fade, onde passaram por avalia\u00e7\u00e3o m\u00e9dica. O motorista sofreu um corte na testa e relatou dores pelo corpo. Ele tamb\u00e9m foi encaminhado para atendimento e permaneceu em observa\u00e7\u00e3o. Ap\u00f3s o acidente, a \u00e1rea foi isolada por seguran\u00e7a devido aos danos nas estruturas. A prefeitura informou que equipes do Centro de Refer\u00eancia de Assist\u00eancia Social prestam apoio \u00e0s fam\u00edlias afetadas. T\u00e9cnicos avaliam as condi\u00e7\u00f5es dos im\u00f3veis atingidos. As causas do acidente ainda devem ser apuradas pelas autoridades respons\u00e1veis.\" \/>\n<meta property=\"og:url\" content=\"https:\/\/sudoesteacontece.com.br\/?p=15922\" \/>\n<meta property=\"og:site_name\" content=\"Sudoesteacontece\" \/>\n<meta property=\"article:publisher\" content=\"https:\/\/www.facebook.com\/sudoesteacontece\/?locale=pt_BR\" \/>\n<meta property=\"article:published_time\" content=\"2026-04-28T19:53:30+00:00\" \/>\n<meta property=\"article:modified_time\" content=\"2026-04-28T19:53:34+00:00\" \/>\n<meta property=\"og:image\" content=\"https:\/\/sudoesteacontece.com.br\/wp-content\/uploads\/2026\/04\/Novo-Projeto-24.jpg\" \/>\n\t<meta property=\"og:image:width\" content=\"900\" \/>\n\t<meta property=\"og:image:height\" content=\"600\" \/>\n\t<meta property=\"og:image:type\" content=\"image\/jpeg\" \/>\n<meta name=\"author\" content=\"Washington Tiago\" \/>\n<meta name=\"twitter:card\" content=\"summary_large_image\" \/>\n<meta name=\"twitter:label1\" content=\"Escrito por\" \/>\n\t<meta name=\"twitter:data1\" content=\"Washington Tiago\" \/>\n\t<meta name=\"twitter:label2\" content=\"Est. tempo de leitura\" \/>\n\t<meta name=\"twitter:data2\" content=\"2 minutos\" \/>\n<script type=\"application\/ld+json\" class=\"yoast-schema-graph\">{\"@context\":\"https:\/\/schema.org\",\"@graph\":[{\"@type\":\"Article\",\"@id\":\"https:\/\/sudoesteacontece.com.br\/?p=15922#article\",\"isPartOf\":{\"@id\":\"https:\/\/sudoesteacontece.com.br\/?p=15922\"},\"author\":{\"name\":\"Washington Tiago\",\"@id\":\"https:\/\/sudoesteacontece.com.br\/#\/schema\/person\/3cf2cf009926a9683ebc29d5379fa79c\"},\"headline\":\"Carreta carregada de soja perde controle e atinge casas na Bahia deixando feridos\",\"datePublished\":\"2026-04-28T19:53:30+00:00\",\"dateModified\":\"2026-04-28T19:53:34+00:00\",\"mainEntityOfPage\":{\"@id\":\"https:\/\/sudoesteacontece.com.br\/?p=15922\"},\"wordCount\":264,\"commentCount\":0,\"publisher\":{\"@id\":\"https:\/\/sudoesteacontece.com.br\/#organization\"},\"image\":{\"@id\":\"https:\/\/sudoesteacontece.com.br\/?p=15922#primaryimage\"},\"thumbnailUrl\":\"http:\/\/sudoesteacontece.com.br\/wp-content\/uploads\/2026\/04\/Novo-Projeto-24.jpg\",\"articleSection\":[\"Acidente\"],\"inLanguage\":\"pt-BR\",\"potentialAction\":[{\"@type\":\"CommentAction\",\"name\":\"Comment\",\"target\":[\"https:\/\/sudoesteacontece.com.br\/?p=15922#respond\"]}]},{\"@type\":\"WebPage\",\"@id\":\"https:\/\/sudoesteacontece.com.br\/?p=15922\",\"url\":\"https:\/\/sudoesteacontece.com.br\/?p=15922\",\"name\":\"Carreta carregada de soja perde controle e atinge casas na Bahia deixando feridos - Sudoesteacontece\",\"isPartOf\":{\"@id\":\"https:\/\/sudoesteacontece.com.br\/#website\"},\"primaryImageOfPage\":{\"@id\":\"https:\/\/sudoesteacontece.com.br\/?p=15922#primaryimage\"},\"image\":{\"@id\":\"https:\/\/sudoesteacontece.com.br\/?p=15922#primaryimage\"},\"thumbnailUrl\":\"http:\/\/sudoesteacontece.com.br\/wp-content\/uploads\/2026\/04\/Novo-Projeto-24.jpg\",\"datePublished\":\"2026-04-28T19:53:30+00:00\",\"dateModified\":\"2026-04-28T19:53:34+00:00\",\"breadcrumb\":{\"@id\":\"https:\/\/sudoesteacontece.com.br\/?p=15922#breadcrumb\"},\"inLanguage\":\"pt-BR\",\"potentialAction\":[{\"@type\":\"ReadAction\",\"target\":[\"https:\/\/sudoesteacontece.com.br\/?p=15922\"]}]},{\"@type\":\"ImageObject\",\"inLanguage\":\"pt-BR\",\"@id\":\"https:\/\/sudoesteacontece.com.br\/?p=15922#primaryimage\",\"url\":\"https:\/\/sudoesteacontece.com.br\/wp-content\/uploads\/2026\/04\/Novo-Projeto-24.jpg\",\"contentUrl\":\"https:\/\/sudoesteacontece.com.br\/wp-content\/uploads\/2026\/04\/Novo-Projeto-24.jpg\",\"width\":900,\"height\":600},{\"@type\":\"BreadcrumbList\",\"@id\":\"https:\/\/sudoesteacontece.com.br\/?p=15922#breadcrumb\",\"itemListElement\":[{\"@type\":\"ListItem\",\"position\":1,\"name\":\"In\u00edcio\",\"item\":\"https:\/\/sudoesteacontece.com.br\/\"},{\"@type\":\"ListItem\",\"position\":2,\"name\":\"Carreta carregada de soja perde controle e atinge casas na Bahia deixando feridos\"}]},{\"@type\":\"WebSite\",\"@id\":\"https:\/\/sudoesteacontece.com.br\/#website\",\"url\":\"https:\/\/sudoesteacontece.com.br\/\",\"name\":\"Sudoesteacontece\",\"description\":\"\",\"publisher\":{\"@id\":\"https:\/\/sudoesteacontece.com.br\/#organization\"},\"potentialAction\":[{\"@type\":\"SearchAction\",\"target\":{\"@type\":\"EntryPoint\",\"urlTemplate\":\"https:\/\/sudoesteacontece.com.br\/?s={search_term_string}\"},\"query-input\":{\"@type\":\"PropertyValueSpecification\",\"valueRequired\":true,\"valueName\":\"search_term_string\"}}],\"inLanguage\":\"pt-BR\"},{\"@type\":\"Organization\",\"@id\":\"https:\/\/sudoesteacontece.com.br\/#organization\",\"name\":\"Sudoesteacontece\",\"url\":\"https:\/\/sudoesteacontece.com.br\/\",\"logo\":{\"@type\":\"ImageObject\",\"inLanguage\":\"pt-BR\",\"@id\":\"https:\/\/sudoesteacontece.com.br\/#\/schema\/logo\/image\/\",\"url\":\"https:\/\/sudoesteacontece.com.br\/wp-content\/uploads\/2025\/12\/cropped-logo-2-180x180-1.png\",\"contentUrl\":\"https:\/\/sudoesteacontece.com.br\/wp-content\/uploads\/2025\/12\/cropped-logo-2-180x180-1.png\",\"width\":180,\"height\":180,\"caption\":\"Sudoesteacontece\"},\"image\":{\"@id\":\"https:\/\/sudoesteacontece.com.br\/#\/schema\/logo\/image\/\"},\"sameAs\":[\"https:\/\/www.facebook.com\/sudoesteacontece\/?locale=pt_BR\"]},{\"@type\":\"Person\",\"@id\":\"https:\/\/sudoesteacontece.com.br\/#\/schema\/person\/3cf2cf009926a9683ebc29d5379fa79c\",\"name\":\"Washington Tiago\",\"image\":{\"@type\":\"ImageObject\",\"inLanguage\":\"pt-BR\",\"@id\":\"https:\/\/sudoesteacontece.com.br\/#\/schema\/person\/image\/\",\"url\":\"https:\/\/secure.gravatar.com\/avatar\/33c43b8668157e040f9d1fe93c354bf087cbd8ba36270c1163198bd3ddcf2a56?s=96&d=mm&r=g\",\"contentUrl\":\"https:\/\/secure.gravatar.com\/avatar\/33c43b8668157e040f9d1fe93c354bf087cbd8ba36270c1163198bd3ddcf2a56?s=96&d=mm&r=g\",\"caption\":\"Washington Tiago\"},\"url\":\"https:\/\/sudoesteacontece.com.br\/?author=2\"}]}<\/script>\n<!-- \/ Yoast SEO plugin. -->","yoast_head_json":{"title":"Carreta carregada de soja perde controle e atinge casas na Bahia deixando feridos - Sudoesteacontece","robots":{"index":"index","follow":"follow","max-snippet":"max-snippet:-1","max-image-preview":"max-image-preview:large","max-video-preview":"max-video-preview:-1"},"canonical":"https:\/\/sudoesteacontece.com.br\/?p=15922","og_locale":"pt_BR","og_type":"article","og_title":"Carreta carregada de soja perde controle e atinge casas na Bahia deixando feridos - Sudoesteacontece","og_description":"Uma carreta carregada de soja perdeu o controle e atingiu tr\u00eas im\u00f3veis na segunda-feira (27), na BR-463, em S\u00e3o Desid\u00e9rio. O acidente ocorreu na entrada da zona urbana e deixou duas crian\u00e7as e o motorista feridos. A colis\u00e3o causou danos estruturais e mobilizou equipes de socorro. Moradores relataram susto com o impacto e destrui\u00e7\u00e3o em parte das resid\u00eancias atingidas. Segundo informa\u00e7\u00f5es locais, o ve\u00edculo descia a rodovia quando o condutor perdeu o controle da dire\u00e7\u00e3o. A carreta atingiu duas casas e um dep\u00f3sito de bebidas. Entre os atingidos estavam um beb\u00ea e uma crian\u00e7a. Com a for\u00e7a da batida, parte do teto desabou. A estrutura de madeira ajudou a reduzir o impacto e evitou ferimentos mais graves nas v\u00edtimas. Equipes do Servi\u00e7o de Atendimento M\u00f3vel de Urg\u00eancia prestaram socorro \u00e0s v\u00edtimas no local. As crian\u00e7as foram levadas para uma unidade de sa\u00fade, onde passaram por avalia\u00e7\u00e3o m\u00e9dica. O motorista sofreu um corte na testa e relatou dores pelo corpo. Ele tamb\u00e9m foi encaminhado para atendimento e permaneceu em observa\u00e7\u00e3o. Ap\u00f3s o acidente, a \u00e1rea foi isolada por seguran\u00e7a devido aos danos nas estruturas. A prefeitura informou que equipes do Centro de Refer\u00eancia de Assist\u00eancia Social prestam apoio \u00e0s fam\u00edlias afetadas. T\u00e9cnicos avaliam as condi\u00e7\u00f5es dos im\u00f3veis atingidos. As causas do acidente ainda devem ser apuradas pelas autoridades respons\u00e1veis.","og_url":"https:\/\/sudoesteacontece.com.br\/?p=15922","og_site_name":"Sudoesteacontece","article_publisher":"https:\/\/www.facebook.com\/sudoesteacontece\/?locale=pt_BR","article_published_time":"2026-04-28T19:53:30+00:00","article_modified_time":"2026-04-28T19:53:34+00:00","og_image":[{"width":900,"height":600,"url":"https:\/\/sudoesteacontece.com.br\/wp-content\/uploads\/2026\/04\/Novo-Projeto-24.jpg","type":"image\/jpeg"}],"author":"Washington Tiago","twitter_card":"summary_large_image","twitter_misc":{"Escrito por":"Washington Tiago","Est. tempo de leitura":"2 minutos"},"schema":{"@context":"https:\/\/schema.org","@graph":[{"@type":"Article","@id":"https:\/\/sudoesteacontece.com.br\/?p=15922#article","isPartOf":{"@id":"https:\/\/sudoesteacontece.com.br\/?p=15922"},"author":{"name":"Washington Tiago","@id":"https:\/\/sudoesteacontece.com.br\/#\/schema\/person\/3cf2cf009926a9683ebc29d5379fa79c"},"headline":"Carreta carregada de soja perde controle e atinge casas na Bahia deixando feridos","datePublished":"2026-04-28T19:53:30+00:00","dateModified":"2026-04-28T19:53:34+00:00","mainEntityOfPage":{"@id":"https:\/\/sudoesteacontece.com.br\/?p=15922"},"wordCount":264,"commentCount":0,"publisher":{"@id":"https:\/\/sudoesteacontece.com.br\/#organization"},"image":{"@id":"https:\/\/sudoesteacontece.com.br\/?p=15922#primaryimage"},"thumbnailUrl":"http:\/\/sudoesteacontece.com.br\/wp-content\/uploads\/2026\/04\/Novo-Projeto-24.jpg","articleSection":["Acidente"],"inLanguage":"pt-BR","potentialAction":[{"@type":"CommentAction","name":"Comment","target":["https:\/\/sudoesteacontece.com.br\/?p=15922#respond"]}]},{"@type":"WebPage","@id":"https:\/\/sudoesteacontece.com.br\/?p=15922","url":"https:\/\/sudoesteacontece.com.br\/?p=15922","name":"Carreta carregada de soja perde controle e atinge casas na Bahia deixando feridos - Sudoesteacontece","isPartOf":{"@id":"https:\/\/sudoesteacontece.com.br\/#website"},"primaryImageOfPage":{"@id":"https:\/\/sudoesteacontece.com.br\/?p=15922#primaryimage"},"image":{"@id":"https:\/\/sudoesteacontece.com.br\/?p=15922#primaryimage"},"thumbnailUrl":"http:\/\/sudoesteacontece.com.br\/wp-content\/uploads\/2026\/04\/Novo-Projeto-24.jpg","datePublished":"2026-04-28T19:53:30+00:00","dateModified":"2026-04-28T19:53:34+00:00","breadcrumb":{"@id":"https:\/\/sudoesteacontece.com.br\/?p=15922#breadcrumb"},"inLanguage":"pt-BR","potentialAction":[{"@type":"ReadAction","target":["https:\/\/sudoesteacontece.com.br\/?p=15922"]}]},{"@type":"ImageObject","inLanguage":"pt-BR","@id":"https:\/\/sudoesteacontece.com.br\/?p=15922#primaryimage","url":"https:\/\/sudoesteacontece.com.br\/wp-content\/uploads\/2026\/04\/Novo-Projeto-24.jpg","contentUrl":"https:\/\/sudoesteacontece.com.br\/wp-content\/uploads\/2026\/04\/Novo-Projeto-24.jpg","width":900,"height":600},{"@type":"BreadcrumbList","@id":"https:\/\/sudoesteacontece.com.br\/?p=15922#breadcrumb","itemListElement":[{"@type":"ListItem","position":1,"name":"In\u00edcio","item":"https:\/\/sudoesteacontece.com.br\/"},{"@type":"ListItem","position":2,"name":"Carreta carregada de soja perde controle e atinge casas na Bahia deixando feridos"}]},{"@type":"WebSite","@id":"https:\/\/sudoesteacontece.com.br\/#website","url":"https:\/\/sudoesteacontece.com.br\/","name":"Sudoesteacontece","description":"","publisher":{"@id":"https:\/\/sudoesteacontece.com.br\/#organization"},"potentialAction":[{"@type":"SearchAction","target":{"@type":"EntryPoint","urlTemplate":"https:\/\/sudoesteacontece.com.br\/?s={search_term_string}"},"query-input":{"@type":"PropertyValueSpecification","valueRequired":true,"valueName":"search_term_string"}}],"inLanguage":"pt-BR"},{"@type":"Organization","@id":"https:\/\/sudoesteacontece.com.br\/#organization","name":"Sudoesteacontece","url":"https:\/\/sudoesteacontece.com.br\/","logo":{"@type":"ImageObject","inLanguage":"pt-BR","@id":"https:\/\/sudoesteacontece.com.br\/#\/schema\/logo\/image\/","url":"https:\/\/sudoesteacontece.com.br\/wp-content\/uploads\/2025\/12\/cropped-logo-2-180x180-1.png","contentUrl":"https:\/\/sudoesteacontece.com.br\/wp-content\/uploads\/2025\/12\/cropped-logo-2-180x180-1.png","width":180,"height":180,"caption":"Sudoesteacontece"},"image":{"@id":"https:\/\/sudoesteacontece.com.br\/#\/schema\/logo\/image\/"},"sameAs":["https:\/\/www.facebook.com\/sudoesteacontece\/?locale=pt_BR"]},{"@type":"Person","@id":"https:\/\/sudoesteacontece.com.br\/#\/schema\/person\/3cf2cf009926a9683ebc29d5379fa79c","name":"Washington Tiago","image":{"@type":"ImageObject","inLanguage":"pt-BR","@id":"https:\/\/sudoesteacontece.com.br\/#\/schema\/person\/image\/","url":"https:\/\/secure.gravatar.com\/avatar\/33c43b8668157e040f9d1fe93c354bf087cbd8ba36270c1163198bd3ddcf2a56?s=96&d=mm&r=g","contentUrl":"https:\/\/secure.gravatar.com\/avatar\/33c43b8668157e040f9d1fe93c354bf087cbd8ba36270c1163198bd3ddcf2a56?s=96&d=mm&r=g","caption":"Washington Tiago"},"url":"https:\/\/sudoesteacontece.com.br\/?author=2"}]}},"_links":{"self":[{"href":"https:\/\/sudoesteacontece.com.br\/index.php?rest_route=\/wp\/v2\/posts\/15922","targetHints":{"allow":["GET"]}}],"collection":[{"href":"https:\/\/sudoesteacontece.com.br\/index.php?rest_route=\/wp\/v2\/posts"}],"about":[{"href":"https:\/\/sudoesteacontece.com.br\/index.php?rest_route=\/wp\/v2\/types\/post"}],"author":[{"embeddable":true,"href":"https:\/\/sudoesteacontece.com.br\/index.php?rest_route=\/wp\/v2\/users\/2"}],"replies":[{"embeddable":true,"href":"https:\/\/sudoesteacontece.com.br\/index.php?rest_route=%2Fwp%2Fv2%2Fcomments&post=15922"}],"version-history":[{"count":1,"href":"https:\/\/sudoesteacontece.com.br\/index.php?rest_route=\/wp\/v2\/posts\/15922\/revisions"}],"predecessor-version":[{"id":15959,"href":"https:\/\/sudoesteacontece.com.br\/index.php?rest_route=\/wp\/v2\/posts\/15922\/revisions\/15959"}],"wp:attachment":[{"href":"https:\/\/sudoesteacontece.com.br\/index.php?rest_route=%2Fwp%2Fv2%2Fmedia&parent=15922"}],"wp:term":[{"taxonomy":"category","embeddable":true,"href":"https:\/\/sudoesteacontece.com.br\/index.php?rest_route=%2Fwp%2Fv2%2Fcategories&post=15922"},{"taxonomy":"post_tag","embeddable":true,"href":"https:\/\/sudoesteacontece.com.br\/index.php?rest_route=%2Fwp%2Fv2%2Ftags&post=15922"}],"curies":[{"name":"wp","href":"https:\/\/api.w.org\/{rel}","templated":true}]}}