{"id":15931,"date":"2026-04-28T18:51:32","date_gmt":"2026-04-28T21:51:32","guid":{"rendered":"https:\/\/sudoesteacontece.com.br\/?p=15931"},"modified":"2026-04-28T18:51:37","modified_gmt":"2026-04-28T21:51:37","slug":"programa-qualifica-bahia-abre-inscricoes-para-cursos-gratuitos-em-brumado","status":"publish","type":"post","link":"https:\/\/sudoesteacontece.com.br\/?p=15931","title":{"rendered":"Programa Qualifica Bahia abre inscri\u00e7\u00f5es para cursos gratuitos em Brumado"},"content":{"rendered":"<div class=\"wp-block-image\">\n<figure class=\"aligncenter size-full\"><img fetchpriority=\"high\" decoding=\"async\" width=\"900\" height=\"600\" src=\"http:\/\/sudoesteacontece.com.br\/wp-content\/uploads\/2026\/04\/Programa-Qualifica-Bahia-abre-inscricoes-para-cursos-gratuitos-em-Brumado.jpg\" alt=\"\" class=\"wp-image-15966\" srcset=\"https:\/\/sudoesteacontece.com.br\/wp-content\/uploads\/2026\/04\/Programa-Qualifica-Bahia-abre-inscricoes-para-cursos-gratuitos-em-Brumado.jpg 900w, https:\/\/sudoesteacontece.com.br\/wp-content\/uploads\/2026\/04\/Programa-Qualifica-Bahia-abre-inscricoes-para-cursos-gratuitos-em-Brumado-300x200.jpg 300w, https:\/\/sudoesteacontece.com.br\/wp-content\/uploads\/2026\/04\/Programa-Qualifica-Bahia-abre-inscricoes-para-cursos-gratuitos-em-Brumado-768x512.jpg 768w\" sizes=\"(max-width: 900px) 100vw, 900px\" \/><\/figure>\n<\/div>\n\n\n<p>A Prefeitura de Brumado abriu inscri\u00e7\u00f5es para cursos profissionalizantes do Programa Qualifica Bahia. Os interessados podem se inscrever at\u00e9 o dia 30 deste m\u00eas. A iniciativa busca ampliar oportunidades de capacita\u00e7\u00e3o e facilitar a entrada no mercado de trabalho.<\/p>\n\n\n\n<p>Nesta etapa, est\u00e3o sendo ofertadas vagas para os cursos de Corte e Costura e Manicure e Pedicure com t\u00e9cnicas de alongamento. As inscri\u00e7\u00f5es devem ser feitas presencialmente na Secretaria de Desenvolvimento Social e Cidadania (Sesoc). O atendimento ocorre das 8h \u00e0s 12h e das 14h \u00e0s 18h, na Avenida Doutor Guilherme Dias.<\/p>\n\n\n\n<p>O programa \u00e9 uma a\u00e7\u00e3o do Governo da Bahia, por meio da Secretaria do Trabalho, Emprego, Renda e Esporte. O objetivo \u00e9 promover qualifica\u00e7\u00e3o social e profissional. A proposta \u00e9 preparar trabalhadores para inser\u00e7\u00e3o ou reinser\u00e7\u00e3o no mercado de trabalho.<\/p>\n\n\n\n<p>Podem participar pessoas a partir de 18 anos. O p\u00fablico-alvo inclui desempregados, benefici\u00e1rios do seguro-desemprego e pessoas de baixa renda. Tamb\u00e9m podem se inscrever trabalhadores aut\u00f4nomos, microempreendedores e integrantes de pequenas empresas, conforme a escolaridade exigida.<\/p>\n\n\n\n<p>Mais informa\u00e7\u00f5es podem ser obtidas pelo telefone (77) 9964-0580.<\/p>\n","protected":false},"excerpt":{"rendered":"<p>A Prefeitura de Brumado abriu inscri\u00e7\u00f5es para cursos profissionalizantes do Programa Qualifica Bahia. Os interessados podem se inscrever at\u00e9 o dia 30 deste m\u00eas. A iniciativa busca ampliar oportunidades de capacita\u00e7\u00e3o e facilitar a entrada no mercado de trabalho. Nesta etapa, est\u00e3o sendo ofertadas vagas para os cursos de Corte e Costura e Manicure e Pedicure com t\u00e9cnicas de alongamento. As inscri\u00e7\u00f5es devem ser feitas presencialmente na Secretaria de Desenvolvimento Social e Cidadania (Sesoc). O atendimento ocorre das 8h \u00e0s 12h e das 14h \u00e0s 18h, na Avenida Doutor Guilherme Dias. O programa \u00e9 uma a\u00e7\u00e3o do Governo da Bahia, por meio da Secretaria do Trabalho, Emprego, Renda e Esporte. O objetivo \u00e9 promover qualifica\u00e7\u00e3o social e profissional. A proposta \u00e9 preparar trabalhadores para inser\u00e7\u00e3o ou reinser\u00e7\u00e3o no mercado de trabalho. Podem participar pessoas a partir de 18 anos. O p\u00fablico-alvo inclui desempregados, benefici\u00e1rios do seguro-desemprego e pessoas de baixa renda. Tamb\u00e9m podem se inscrever trabalhadores aut\u00f4nomos, microempreendedores e integrantes de pequenas empresas, conforme a escolaridade exigida. Mais informa\u00e7\u00f5es podem ser obtidas pelo telefone (77) 9964-0580.<\/p>\n","protected":false},"author":2,"featured_media":0,"comment_status":"open","ping_status":"open","sticky":false,"template":"","format":"standard","meta":{"footnotes":""},"categories":[10,4,59,43,6],"tags":[],"class_list":["post-15931","post","type-post","status-publish","format-standard","hentry","category-brumado","category-cidades","category-economia","category-educacao","category-politica"],"yoast_head":"<!-- This site is optimized with the Yoast SEO plugin v26.5 - https:\/\/yoast.com\/wordpress\/plugins\/seo\/ -->\n<title>Programa Qualifica Bahia abre inscri\u00e7\u00f5es para cursos gratuitos em Brumado - Sudoesteacontece<\/title>\n<meta name=\"robots\" content=\"index, follow, max-snippet:-1, max-image-preview:large, max-video-preview:-1\" \/>\n<link rel=\"canonical\" href=\"https:\/\/sudoesteacontece.com.br\/?p=15931\" \/>\n<meta property=\"og:locale\" content=\"pt_BR\" \/>\n<meta property=\"og:type\" content=\"article\" \/>\n<meta property=\"og:title\" content=\"Programa Qualifica Bahia abre inscri\u00e7\u00f5es para cursos gratuitos em Brumado - Sudoesteacontece\" \/>\n<meta property=\"og:description\" content=\"A Prefeitura de Brumado abriu inscri\u00e7\u00f5es para cursos profissionalizantes do Programa Qualifica Bahia. Os interessados podem se inscrever at\u00e9 o dia 30 deste m\u00eas. A iniciativa busca ampliar oportunidades de capacita\u00e7\u00e3o e facilitar a entrada no mercado de trabalho. Nesta etapa, est\u00e3o sendo ofertadas vagas para os cursos de Corte e Costura e Manicure e Pedicure com t\u00e9cnicas de alongamento. As inscri\u00e7\u00f5es devem ser feitas presencialmente na Secretaria de Desenvolvimento Social e Cidadania (Sesoc). O atendimento ocorre das 8h \u00e0s 12h e das 14h \u00e0s 18h, na Avenida Doutor Guilherme Dias. O programa \u00e9 uma a\u00e7\u00e3o do Governo da Bahia, por meio da Secretaria do Trabalho, Emprego, Renda e Esporte. O objetivo \u00e9 promover qualifica\u00e7\u00e3o social e profissional. A proposta \u00e9 preparar trabalhadores para inser\u00e7\u00e3o ou reinser\u00e7\u00e3o no mercado de trabalho. Podem participar pessoas a partir de 18 anos. O p\u00fablico-alvo inclui desempregados, benefici\u00e1rios do seguro-desemprego e pessoas de baixa renda. Tamb\u00e9m podem se inscrever trabalhadores aut\u00f4nomos, microempreendedores e integrantes de pequenas empresas, conforme a escolaridade exigida. Mais informa\u00e7\u00f5es podem ser obtidas pelo telefone (77) 9964-0580.\" \/>\n<meta property=\"og:url\" content=\"https:\/\/sudoesteacontece.com.br\/?p=15931\" \/>\n<meta property=\"og:site_name\" content=\"Sudoesteacontece\" \/>\n<meta property=\"article:publisher\" content=\"https:\/\/www.facebook.com\/sudoesteacontece\/?locale=pt_BR\" \/>\n<meta property=\"article:published_time\" content=\"2026-04-28T21:51:32+00:00\" \/>\n<meta property=\"article:modified_time\" content=\"2026-04-28T21:51:37+00:00\" \/>\n<meta property=\"og:image\" content=\"https:\/\/sudoesteacontece.com.br\/wp-content\/uploads\/2026\/04\/Programa-Qualifica-Bahia-abre-inscricoes-para-cursos-gratuitos-em-Brumado.jpg\" \/>\n\t<meta property=\"og:image:width\" content=\"900\" \/>\n\t<meta property=\"og:image:height\" content=\"600\" \/>\n\t<meta property=\"og:image:type\" content=\"image\/jpeg\" \/>\n<meta name=\"author\" content=\"Washington Tiago\" \/>\n<meta name=\"twitter:card\" content=\"summary_large_image\" \/>\n<meta name=\"twitter:label1\" content=\"Escrito por\" \/>\n\t<meta name=\"twitter:data1\" content=\"Washington Tiago\" \/>\n\t<meta name=\"twitter:label2\" content=\"Est. tempo de leitura\" \/>\n\t<meta name=\"twitter:data2\" content=\"2 minutos\" \/>\n<script type=\"application\/ld+json\" class=\"yoast-schema-graph\">{\"@context\":\"https:\/\/schema.org\",\"@graph\":[{\"@type\":\"Article\",\"@id\":\"https:\/\/sudoesteacontece.com.br\/?p=15931#article\",\"isPartOf\":{\"@id\":\"https:\/\/sudoesteacontece.com.br\/?p=15931\"},\"author\":{\"name\":\"Washington Tiago\",\"@id\":\"https:\/\/sudoesteacontece.com.br\/#\/schema\/person\/3cf2cf009926a9683ebc29d5379fa79c\"},\"headline\":\"Programa Qualifica Bahia abre inscri\u00e7\u00f5es para cursos gratuitos em Brumado\",\"datePublished\":\"2026-04-28T21:51:32+00:00\",\"dateModified\":\"2026-04-28T21:51:37+00:00\",\"mainEntityOfPage\":{\"@id\":\"https:\/\/sudoesteacontece.com.br\/?p=15931\"},\"wordCount\":196,\"commentCount\":0,\"publisher\":{\"@id\":\"https:\/\/sudoesteacontece.com.br\/#organization\"},\"image\":{\"@id\":\"https:\/\/sudoesteacontece.com.br\/?p=15931#primaryimage\"},\"thumbnailUrl\":\"http:\/\/sudoesteacontece.com.br\/wp-content\/uploads\/2026\/04\/Programa-Qualifica-Bahia-abre-inscricoes-para-cursos-gratuitos-em-Brumado.jpg\",\"articleSection\":[\"Brumado\",\"Cidades\",\"Economia\",\"Educa\u00e7\u00e3o\",\"Pol\u00edtica\"],\"inLanguage\":\"pt-BR\",\"potentialAction\":[{\"@type\":\"CommentAction\",\"name\":\"Comment\",\"target\":[\"https:\/\/sudoesteacontece.com.br\/?p=15931#respond\"]}]},{\"@type\":\"WebPage\",\"@id\":\"https:\/\/sudoesteacontece.com.br\/?p=15931\",\"url\":\"https:\/\/sudoesteacontece.com.br\/?p=15931\",\"name\":\"Programa Qualifica Bahia abre inscri\u00e7\u00f5es para cursos gratuitos em Brumado - Sudoesteacontece\",\"isPartOf\":{\"@id\":\"https:\/\/sudoesteacontece.com.br\/#website\"},\"primaryImageOfPage\":{\"@id\":\"https:\/\/sudoesteacontece.com.br\/?p=15931#primaryimage\"},\"image\":{\"@id\":\"https:\/\/sudoesteacontece.com.br\/?p=15931#primaryimage\"},\"thumbnailUrl\":\"http:\/\/sudoesteacontece.com.br\/wp-content\/uploads\/2026\/04\/Programa-Qualifica-Bahia-abre-inscricoes-para-cursos-gratuitos-em-Brumado.jpg\",\"datePublished\":\"2026-04-28T21:51:32+00:00\",\"dateModified\":\"2026-04-28T21:51:37+00:00\",\"breadcrumb\":{\"@id\":\"https:\/\/sudoesteacontece.com.br\/?p=15931#breadcrumb\"},\"inLanguage\":\"pt-BR\",\"potentialAction\":[{\"@type\":\"ReadAction\",\"target\":[\"https:\/\/sudoesteacontece.com.br\/?p=15931\"]}]},{\"@type\":\"ImageObject\",\"inLanguage\":\"pt-BR\",\"@id\":\"https:\/\/sudoesteacontece.com.br\/?p=15931#primaryimage\",\"url\":\"https:\/\/sudoesteacontece.com.br\/wp-content\/uploads\/2026\/04\/Programa-Qualifica-Bahia-abre-inscricoes-para-cursos-gratuitos-em-Brumado.jpg\",\"contentUrl\":\"https:\/\/sudoesteacontece.com.br\/wp-content\/uploads\/2026\/04\/Programa-Qualifica-Bahia-abre-inscricoes-para-cursos-gratuitos-em-Brumado.jpg\",\"width\":900,\"height\":600},{\"@type\":\"BreadcrumbList\",\"@id\":\"https:\/\/sudoesteacontece.com.br\/?p=15931#breadcrumb\",\"itemListElement\":[{\"@type\":\"ListItem\",\"position\":1,\"name\":\"In\u00edcio\",\"item\":\"https:\/\/sudoesteacontece.com.br\/\"},{\"@type\":\"ListItem\",\"position\":2,\"name\":\"Programa Qualifica Bahia abre inscri\u00e7\u00f5es para cursos gratuitos em Brumado\"}]},{\"@type\":\"WebSite\",\"@id\":\"https:\/\/sudoesteacontece.com.br\/#website\",\"url\":\"https:\/\/sudoesteacontece.com.br\/\",\"name\":\"Sudoesteacontece\",\"description\":\"\",\"publisher\":{\"@id\":\"https:\/\/sudoesteacontece.com.br\/#organization\"},\"potentialAction\":[{\"@type\":\"SearchAction\",\"target\":{\"@type\":\"EntryPoint\",\"urlTemplate\":\"https:\/\/sudoesteacontece.com.br\/?s={search_term_string}\"},\"query-input\":{\"@type\":\"PropertyValueSpecification\",\"valueRequired\":true,\"valueName\":\"search_term_string\"}}],\"inLanguage\":\"pt-BR\"},{\"@type\":\"Organization\",\"@id\":\"https:\/\/sudoesteacontece.com.br\/#organization\",\"name\":\"Sudoesteacontece\",\"url\":\"https:\/\/sudoesteacontece.com.br\/\",\"logo\":{\"@type\":\"ImageObject\",\"inLanguage\":\"pt-BR\",\"@id\":\"https:\/\/sudoesteacontece.com.br\/#\/schema\/logo\/image\/\",\"url\":\"https:\/\/sudoesteacontece.com.br\/wp-content\/uploads\/2025\/12\/cropped-logo-2-180x180-1.png\",\"contentUrl\":\"https:\/\/sudoesteacontece.com.br\/wp-content\/uploads\/2025\/12\/cropped-logo-2-180x180-1.png\",\"width\":180,\"height\":180,\"caption\":\"Sudoesteacontece\"},\"image\":{\"@id\":\"https:\/\/sudoesteacontece.com.br\/#\/schema\/logo\/image\/\"},\"sameAs\":[\"https:\/\/www.facebook.com\/sudoesteacontece\/?locale=pt_BR\"]},{\"@type\":\"Person\",\"@id\":\"https:\/\/sudoesteacontece.com.br\/#\/schema\/person\/3cf2cf009926a9683ebc29d5379fa79c\",\"name\":\"Washington Tiago\",\"image\":{\"@type\":\"ImageObject\",\"inLanguage\":\"pt-BR\",\"@id\":\"https:\/\/sudoesteacontece.com.br\/#\/schema\/person\/image\/\",\"url\":\"https:\/\/secure.gravatar.com\/avatar\/33c43b8668157e040f9d1fe93c354bf087cbd8ba36270c1163198bd3ddcf2a56?s=96&d=mm&r=g\",\"contentUrl\":\"https:\/\/secure.gravatar.com\/avatar\/33c43b8668157e040f9d1fe93c354bf087cbd8ba36270c1163198bd3ddcf2a56?s=96&d=mm&r=g\",\"caption\":\"Washington Tiago\"},\"url\":\"https:\/\/sudoesteacontece.com.br\/?author=2\"}]}<\/script>\n<!-- \/ Yoast SEO plugin. -->","yoast_head_json":{"title":"Programa Qualifica Bahia abre inscri\u00e7\u00f5es para cursos gratuitos em Brumado - Sudoesteacontece","robots":{"index":"index","follow":"follow","max-snippet":"max-snippet:-1","max-image-preview":"max-image-preview:large","max-video-preview":"max-video-preview:-1"},"canonical":"https:\/\/sudoesteacontece.com.br\/?p=15931","og_locale":"pt_BR","og_type":"article","og_title":"Programa Qualifica Bahia abre inscri\u00e7\u00f5es para cursos gratuitos em Brumado - Sudoesteacontece","og_description":"A Prefeitura de Brumado abriu inscri\u00e7\u00f5es para cursos profissionalizantes do Programa Qualifica Bahia. Os interessados podem se inscrever at\u00e9 o dia 30 deste m\u00eas. A iniciativa busca ampliar oportunidades de capacita\u00e7\u00e3o e facilitar a entrada no mercado de trabalho. Nesta etapa, est\u00e3o sendo ofertadas vagas para os cursos de Corte e Costura e Manicure e Pedicure com t\u00e9cnicas de alongamento. As inscri\u00e7\u00f5es devem ser feitas presencialmente na Secretaria de Desenvolvimento Social e Cidadania (Sesoc). O atendimento ocorre das 8h \u00e0s 12h e das 14h \u00e0s 18h, na Avenida Doutor Guilherme Dias. O programa \u00e9 uma a\u00e7\u00e3o do Governo da Bahia, por meio da Secretaria do Trabalho, Emprego, Renda e Esporte. O objetivo \u00e9 promover qualifica\u00e7\u00e3o social e profissional. A proposta \u00e9 preparar trabalhadores para inser\u00e7\u00e3o ou reinser\u00e7\u00e3o no mercado de trabalho. Podem participar pessoas a partir de 18 anos. O p\u00fablico-alvo inclui desempregados, benefici\u00e1rios do seguro-desemprego e pessoas de baixa renda. Tamb\u00e9m podem se inscrever trabalhadores aut\u00f4nomos, microempreendedores e integrantes de pequenas empresas, conforme a escolaridade exigida. Mais informa\u00e7\u00f5es podem ser obtidas pelo telefone (77) 9964-0580.","og_url":"https:\/\/sudoesteacontece.com.br\/?p=15931","og_site_name":"Sudoesteacontece","article_publisher":"https:\/\/www.facebook.com\/sudoesteacontece\/?locale=pt_BR","article_published_time":"2026-04-28T21:51:32+00:00","article_modified_time":"2026-04-28T21:51:37+00:00","og_image":[{"width":900,"height":600,"url":"https:\/\/sudoesteacontece.com.br\/wp-content\/uploads\/2026\/04\/Programa-Qualifica-Bahia-abre-inscricoes-para-cursos-gratuitos-em-Brumado.jpg","type":"image\/jpeg"}],"author":"Washington Tiago","twitter_card":"summary_large_image","twitter_misc":{"Escrito por":"Washington Tiago","Est. tempo de leitura":"2 minutos"},"schema":{"@context":"https:\/\/schema.org","@graph":[{"@type":"Article","@id":"https:\/\/sudoesteacontece.com.br\/?p=15931#article","isPartOf":{"@id":"https:\/\/sudoesteacontece.com.br\/?p=15931"},"author":{"name":"Washington Tiago","@id":"https:\/\/sudoesteacontece.com.br\/#\/schema\/person\/3cf2cf009926a9683ebc29d5379fa79c"},"headline":"Programa Qualifica Bahia abre inscri\u00e7\u00f5es para cursos gratuitos em Brumado","datePublished":"2026-04-28T21:51:32+00:00","dateModified":"2026-04-28T21:51:37+00:00","mainEntityOfPage":{"@id":"https:\/\/sudoesteacontece.com.br\/?p=15931"},"wordCount":196,"commentCount":0,"publisher":{"@id":"https:\/\/sudoesteacontece.com.br\/#organization"},"image":{"@id":"https:\/\/sudoesteacontece.com.br\/?p=15931#primaryimage"},"thumbnailUrl":"http:\/\/sudoesteacontece.com.br\/wp-content\/uploads\/2026\/04\/Programa-Qualifica-Bahia-abre-inscricoes-para-cursos-gratuitos-em-Brumado.jpg","articleSection":["Brumado","Cidades","Economia","Educa\u00e7\u00e3o","Pol\u00edtica"],"inLanguage":"pt-BR","potentialAction":[{"@type":"CommentAction","name":"Comment","target":["https:\/\/sudoesteacontece.com.br\/?p=15931#respond"]}]},{"@type":"WebPage","@id":"https:\/\/sudoesteacontece.com.br\/?p=15931","url":"https:\/\/sudoesteacontece.com.br\/?p=15931","name":"Programa Qualifica Bahia abre inscri\u00e7\u00f5es para cursos gratuitos em Brumado - Sudoesteacontece","isPartOf":{"@id":"https:\/\/sudoesteacontece.com.br\/#website"},"primaryImageOfPage":{"@id":"https:\/\/sudoesteacontece.com.br\/?p=15931#primaryimage"},"image":{"@id":"https:\/\/sudoesteacontece.com.br\/?p=15931#primaryimage"},"thumbnailUrl":"http:\/\/sudoesteacontece.com.br\/wp-content\/uploads\/2026\/04\/Programa-Qualifica-Bahia-abre-inscricoes-para-cursos-gratuitos-em-Brumado.jpg","datePublished":"2026-04-28T21:51:32+00:00","dateModified":"2026-04-28T21:51:37+00:00","breadcrumb":{"@id":"https:\/\/sudoesteacontece.com.br\/?p=15931#breadcrumb"},"inLanguage":"pt-BR","potentialAction":[{"@type":"ReadAction","target":["https:\/\/sudoesteacontece.com.br\/?p=15931"]}]},{"@type":"ImageObject","inLanguage":"pt-BR","@id":"https:\/\/sudoesteacontece.com.br\/?p=15931#primaryimage","url":"https:\/\/sudoesteacontece.com.br\/wp-content\/uploads\/2026\/04\/Programa-Qualifica-Bahia-abre-inscricoes-para-cursos-gratuitos-em-Brumado.jpg","contentUrl":"https:\/\/sudoesteacontece.com.br\/wp-content\/uploads\/2026\/04\/Programa-Qualifica-Bahia-abre-inscricoes-para-cursos-gratuitos-em-Brumado.jpg","width":900,"height":600},{"@type":"BreadcrumbList","@id":"https:\/\/sudoesteacontece.com.br\/?p=15931#breadcrumb","itemListElement":[{"@type":"ListItem","position":1,"name":"In\u00edcio","item":"https:\/\/sudoesteacontece.com.br\/"},{"@type":"ListItem","position":2,"name":"Programa Qualifica Bahia abre inscri\u00e7\u00f5es para cursos gratuitos em Brumado"}]},{"@type":"WebSite","@id":"https:\/\/sudoesteacontece.com.br\/#website","url":"https:\/\/sudoesteacontece.com.br\/","name":"Sudoesteacontece","description":"","publisher":{"@id":"https:\/\/sudoesteacontece.com.br\/#organization"},"potentialAction":[{"@type":"SearchAction","target":{"@type":"EntryPoint","urlTemplate":"https:\/\/sudoesteacontece.com.br\/?s={search_term_string}"},"query-input":{"@type":"PropertyValueSpecification","valueRequired":true,"valueName":"search_term_string"}}],"inLanguage":"pt-BR"},{"@type":"Organization","@id":"https:\/\/sudoesteacontece.com.br\/#organization","name":"Sudoesteacontece","url":"https:\/\/sudoesteacontece.com.br\/","logo":{"@type":"ImageObject","inLanguage":"pt-BR","@id":"https:\/\/sudoesteacontece.com.br\/#\/schema\/logo\/image\/","url":"https:\/\/sudoesteacontece.com.br\/wp-content\/uploads\/2025\/12\/cropped-logo-2-180x180-1.png","contentUrl":"https:\/\/sudoesteacontece.com.br\/wp-content\/uploads\/2025\/12\/cropped-logo-2-180x180-1.png","width":180,"height":180,"caption":"Sudoesteacontece"},"image":{"@id":"https:\/\/sudoesteacontece.com.br\/#\/schema\/logo\/image\/"},"sameAs":["https:\/\/www.facebook.com\/sudoesteacontece\/?locale=pt_BR"]},{"@type":"Person","@id":"https:\/\/sudoesteacontece.com.br\/#\/schema\/person\/3cf2cf009926a9683ebc29d5379fa79c","name":"Washington Tiago","image":{"@type":"ImageObject","inLanguage":"pt-BR","@id":"https:\/\/sudoesteacontece.com.br\/#\/schema\/person\/image\/","url":"https:\/\/secure.gravatar.com\/avatar\/33c43b8668157e040f9d1fe93c354bf087cbd8ba36270c1163198bd3ddcf2a56?s=96&d=mm&r=g","contentUrl":"https:\/\/secure.gravatar.com\/avatar\/33c43b8668157e040f9d1fe93c354bf087cbd8ba36270c1163198bd3ddcf2a56?s=96&d=mm&r=g","caption":"Washington Tiago"},"url":"https:\/\/sudoesteacontece.com.br\/?author=2"}]}},"_links":{"self":[{"href":"https:\/\/sudoesteacontece.com.br\/index.php?rest_route=\/wp\/v2\/posts\/15931","targetHints":{"allow":["GET"]}}],"collection":[{"href":"https:\/\/sudoesteacontece.com.br\/index.php?rest_route=\/wp\/v2\/posts"}],"about":[{"href":"https:\/\/sudoesteacontece.com.br\/index.php?rest_route=\/wp\/v2\/types\/post"}],"author":[{"embeddable":true,"href":"https:\/\/sudoesteacontece.com.br\/index.php?rest_route=\/wp\/v2\/users\/2"}],"replies":[{"embeddable":true,"href":"https:\/\/sudoesteacontece.com.br\/index.php?rest_route=%2Fwp%2Fv2%2Fcomments&post=15931"}],"version-history":[{"count":1,"href":"https:\/\/sudoesteacontece.com.br\/index.php?rest_route=\/wp\/v2\/posts\/15931\/revisions"}],"predecessor-version":[{"id":15967,"href":"https:\/\/sudoesteacontece.com.br\/index.php?rest_route=\/wp\/v2\/posts\/15931\/revisions\/15967"}],"wp:attachment":[{"href":"https:\/\/sudoesteacontece.com.br\/index.php?rest_route=%2Fwp%2Fv2%2Fmedia&parent=15931"}],"wp:term":[{"taxonomy":"category","embeddable":true,"href":"https:\/\/sudoesteacontece.com.br\/index.php?rest_route=%2Fwp%2Fv2%2Fcategories&post=15931"},{"taxonomy":"post_tag","embeddable":true,"href":"https:\/\/sudoesteacontece.com.br\/index.php?rest_route=%2Fwp%2Fv2%2Ftags&post=15931"}],"curies":[{"name":"wp","href":"https:\/\/api.w.org\/{rel}","templated":true}]}}