{"id":15972,"date":"2026-04-28T19:05:04","date_gmt":"2026-04-28T22:05:04","guid":{"rendered":"https:\/\/sudoesteacontece.com.br\/?p=15972"},"modified":"2026-04-28T19:05:12","modified_gmt":"2026-04-28T22:05:12","slug":"falta-de-agua-atinge-brumado-e-malhada-de-pedras-nesta-quinta-para-manutencao-da-embasa","status":"publish","type":"post","link":"https:\/\/sudoesteacontece.com.br\/?p=15972","title":{"rendered":"Falta de \u00e1gua atinge Brumado e Malhada de Pedras nesta quinta para manuten\u00e7\u00e3o da Embasa"},"content":{"rendered":"<div class=\"wp-block-image\">\n<figure class=\"aligncenter size-full\"><img fetchpriority=\"high\" decoding=\"async\" width=\"900\" height=\"600\" src=\"http:\/\/sudoesteacontece.com.br\/wp-content\/uploads\/2026\/02\/Manutencao-da-Embasa-se-estende-e-mantem-suspensao-de-agua-em-Brumado-e-Malhada-de-Pedras-sudoeste-acontece.jpg\" alt=\"\" class=\"wp-image-7692\" srcset=\"https:\/\/sudoesteacontece.com.br\/wp-content\/uploads\/2026\/02\/Manutencao-da-Embasa-se-estende-e-mantem-suspensao-de-agua-em-Brumado-e-Malhada-de-Pedras-sudoeste-acontece.jpg 900w, https:\/\/sudoesteacontece.com.br\/wp-content\/uploads\/2026\/02\/Manutencao-da-Embasa-se-estende-e-mantem-suspensao-de-agua-em-Brumado-e-Malhada-de-Pedras-sudoeste-acontece-300x200.jpg 300w, https:\/\/sudoesteacontece.com.br\/wp-content\/uploads\/2026\/02\/Manutencao-da-Embasa-se-estende-e-mantem-suspensao-de-agua-em-Brumado-e-Malhada-de-Pedras-sudoeste-acontece-768x512.jpg 768w\" sizes=\"(max-width: 900px) 100vw, 900px\" \/><\/figure>\n<\/div>\n\n\n<p>A Embasa informou que o abastecimento ser\u00e1 interrompido a partir das 8h de quinta-feira (30). A suspens\u00e3o atinge as sedes de Brumado e Malhada de Pedras, al\u00e9m de localidades rurais pr\u00f3ximas. A medida ocorre para realiza\u00e7\u00e3o de manuten\u00e7\u00e3o na esta\u00e7\u00e3o de tratamento de \u00e1gua.<\/p>\n\n\n\n<p>Segundo a empresa, os servi\u00e7os devem ser conclu\u00eddos no in\u00edcio da noite do mesmo dia. Ap\u00f3s a finaliza\u00e7\u00e3o, o fornecimento ser\u00e1 retomado de forma gradativa. A normaliza\u00e7\u00e3o completa do sistema pode levar at\u00e9 48 horas. Esse prazo \u00e9 necess\u00e1rio para estabilizar a rede e garantir a distribui\u00e7\u00e3o regular para todos os im\u00f3veis atendidos.<\/p>\n\n\n\n<p>Durante o per\u00edodo de interrup\u00e7\u00e3o, a Embasa orienta que a popula\u00e7\u00e3o fa\u00e7a uso racional da \u00e1gua armazenada. A recomenda\u00e7\u00e3o \u00e9 priorizar atividades essenciais at\u00e9 que o abastecimento seja totalmente restabelecido. A empresa refor\u00e7a a import\u00e2ncia de evitar desperd\u00edcios durante a suspens\u00e3o tempor\u00e1ria.<\/p>\n","protected":false},"excerpt":{"rendered":"<p>A Embasa informou que o abastecimento ser\u00e1 interrompido a partir das 8h de quinta-feira (30). A suspens\u00e3o atinge as sedes de Brumado e Malhada de Pedras, al\u00e9m de localidades rurais pr\u00f3ximas. A medida ocorre para realiza\u00e7\u00e3o de manuten\u00e7\u00e3o na esta\u00e7\u00e3o de tratamento de \u00e1gua. Segundo a empresa, os servi\u00e7os devem ser conclu\u00eddos no in\u00edcio da noite do mesmo dia. Ap\u00f3s a finaliza\u00e7\u00e3o, o fornecimento ser\u00e1 retomado de forma gradativa. A normaliza\u00e7\u00e3o completa do sistema pode levar at\u00e9 48 horas. Esse prazo \u00e9 necess\u00e1rio para estabilizar a rede e garantir a distribui\u00e7\u00e3o regular para todos os im\u00f3veis atendidos. Durante o per\u00edodo de interrup\u00e7\u00e3o, a Embasa orienta que a popula\u00e7\u00e3o fa\u00e7a uso racional da \u00e1gua armazenada. A recomenda\u00e7\u00e3o \u00e9 priorizar atividades essenciais at\u00e9 que o abastecimento seja totalmente restabelecido. A empresa refor\u00e7a a import\u00e2ncia de evitar desperd\u00edcios durante a suspens\u00e3o tempor\u00e1ria.<\/p>\n","protected":false},"author":2,"featured_media":0,"comment_status":"open","ping_status":"open","sticky":false,"template":"","format":"standard","meta":{"footnotes":""},"categories":[10,4,60],"tags":[],"class_list":["post-15972","post","type-post","status-publish","format-standard","hentry","category-brumado","category-cidades","category-malhada-de-pedras"],"yoast_head":"<!-- This site is optimized with the Yoast SEO plugin v26.5 - https:\/\/yoast.com\/wordpress\/plugins\/seo\/ -->\n<title>Falta de \u00e1gua atinge Brumado e Malhada de Pedras nesta quinta para manuten\u00e7\u00e3o da Embasa - Sudoesteacontece<\/title>\n<meta name=\"robots\" content=\"index, follow, max-snippet:-1, max-image-preview:large, max-video-preview:-1\" \/>\n<link rel=\"canonical\" href=\"https:\/\/sudoesteacontece.com.br\/?p=15972\" \/>\n<meta property=\"og:locale\" content=\"pt_BR\" \/>\n<meta property=\"og:type\" content=\"article\" \/>\n<meta property=\"og:title\" content=\"Falta de \u00e1gua atinge Brumado e Malhada de Pedras nesta quinta para manuten\u00e7\u00e3o da Embasa - Sudoesteacontece\" \/>\n<meta property=\"og:description\" content=\"A Embasa informou que o abastecimento ser\u00e1 interrompido a partir das 8h de quinta-feira (30). A suspens\u00e3o atinge as sedes de Brumado e Malhada de Pedras, al\u00e9m de localidades rurais pr\u00f3ximas. A medida ocorre para realiza\u00e7\u00e3o de manuten\u00e7\u00e3o na esta\u00e7\u00e3o de tratamento de \u00e1gua. Segundo a empresa, os servi\u00e7os devem ser conclu\u00eddos no in\u00edcio da noite do mesmo dia. Ap\u00f3s a finaliza\u00e7\u00e3o, o fornecimento ser\u00e1 retomado de forma gradativa. A normaliza\u00e7\u00e3o completa do sistema pode levar at\u00e9 48 horas. Esse prazo \u00e9 necess\u00e1rio para estabilizar a rede e garantir a distribui\u00e7\u00e3o regular para todos os im\u00f3veis atendidos. Durante o per\u00edodo de interrup\u00e7\u00e3o, a Embasa orienta que a popula\u00e7\u00e3o fa\u00e7a uso racional da \u00e1gua armazenada. A recomenda\u00e7\u00e3o \u00e9 priorizar atividades essenciais at\u00e9 que o abastecimento seja totalmente restabelecido. A empresa refor\u00e7a a import\u00e2ncia de evitar desperd\u00edcios durante a suspens\u00e3o tempor\u00e1ria.\" \/>\n<meta property=\"og:url\" content=\"https:\/\/sudoesteacontece.com.br\/?p=15972\" \/>\n<meta property=\"og:site_name\" content=\"Sudoesteacontece\" \/>\n<meta property=\"article:publisher\" content=\"https:\/\/www.facebook.com\/sudoesteacontece\/?locale=pt_BR\" \/>\n<meta property=\"article:published_time\" content=\"2026-04-28T22:05:04+00:00\" \/>\n<meta property=\"article:modified_time\" content=\"2026-04-28T22:05:12+00:00\" \/>\n<meta property=\"og:image\" content=\"https:\/\/sudoesteacontece.com.br\/wp-content\/uploads\/2026\/02\/Manutencao-da-Embasa-se-estende-e-mantem-suspensao-de-agua-em-Brumado-e-Malhada-de-Pedras-sudoeste-acontece.jpg\" \/>\n\t<meta property=\"og:image:width\" content=\"900\" \/>\n\t<meta property=\"og:image:height\" content=\"600\" \/>\n\t<meta property=\"og:image:type\" content=\"image\/jpeg\" \/>\n<meta name=\"author\" content=\"Washington Tiago\" \/>\n<meta name=\"twitter:card\" content=\"summary_large_image\" \/>\n<meta name=\"twitter:label1\" content=\"Escrito por\" \/>\n\t<meta name=\"twitter:data1\" content=\"Washington Tiago\" \/>\n\t<meta name=\"twitter:label2\" content=\"Est. tempo de leitura\" \/>\n\t<meta name=\"twitter:data2\" content=\"1 minuto\" \/>\n<script type=\"application\/ld+json\" class=\"yoast-schema-graph\">{\"@context\":\"https:\/\/schema.org\",\"@graph\":[{\"@type\":\"Article\",\"@id\":\"https:\/\/sudoesteacontece.com.br\/?p=15972#article\",\"isPartOf\":{\"@id\":\"https:\/\/sudoesteacontece.com.br\/?p=15972\"},\"author\":{\"name\":\"Washington Tiago\",\"@id\":\"https:\/\/sudoesteacontece.com.br\/#\/schema\/person\/3cf2cf009926a9683ebc29d5379fa79c\"},\"headline\":\"Falta de \u00e1gua atinge Brumado e Malhada de Pedras nesta quinta para manuten\u00e7\u00e3o da Embasa\",\"datePublished\":\"2026-04-28T22:05:04+00:00\",\"dateModified\":\"2026-04-28T22:05:12+00:00\",\"mainEntityOfPage\":{\"@id\":\"https:\/\/sudoesteacontece.com.br\/?p=15972\"},\"wordCount\":176,\"commentCount\":0,\"publisher\":{\"@id\":\"https:\/\/sudoesteacontece.com.br\/#organization\"},\"image\":{\"@id\":\"https:\/\/sudoesteacontece.com.br\/?p=15972#primaryimage\"},\"thumbnailUrl\":\"http:\/\/sudoesteacontece.com.br\/wp-content\/uploads\/2026\/02\/Manutencao-da-Embasa-se-estende-e-mantem-suspensao-de-agua-em-Brumado-e-Malhada-de-Pedras-sudoeste-acontece.jpg\",\"articleSection\":[\"Brumado\",\"Cidades\",\"Malhada de Pedras\"],\"inLanguage\":\"pt-BR\",\"potentialAction\":[{\"@type\":\"CommentAction\",\"name\":\"Comment\",\"target\":[\"https:\/\/sudoesteacontece.com.br\/?p=15972#respond\"]}]},{\"@type\":\"WebPage\",\"@id\":\"https:\/\/sudoesteacontece.com.br\/?p=15972\",\"url\":\"https:\/\/sudoesteacontece.com.br\/?p=15972\",\"name\":\"Falta de \u00e1gua atinge Brumado e Malhada de Pedras nesta quinta para manuten\u00e7\u00e3o da Embasa - Sudoesteacontece\",\"isPartOf\":{\"@id\":\"https:\/\/sudoesteacontece.com.br\/#website\"},\"primaryImageOfPage\":{\"@id\":\"https:\/\/sudoesteacontece.com.br\/?p=15972#primaryimage\"},\"image\":{\"@id\":\"https:\/\/sudoesteacontece.com.br\/?p=15972#primaryimage\"},\"thumbnailUrl\":\"http:\/\/sudoesteacontece.com.br\/wp-content\/uploads\/2026\/02\/Manutencao-da-Embasa-se-estende-e-mantem-suspensao-de-agua-em-Brumado-e-Malhada-de-Pedras-sudoeste-acontece.jpg\",\"datePublished\":\"2026-04-28T22:05:04+00:00\",\"dateModified\":\"2026-04-28T22:05:12+00:00\",\"breadcrumb\":{\"@id\":\"https:\/\/sudoesteacontece.com.br\/?p=15972#breadcrumb\"},\"inLanguage\":\"pt-BR\",\"potentialAction\":[{\"@type\":\"ReadAction\",\"target\":[\"https:\/\/sudoesteacontece.com.br\/?p=15972\"]}]},{\"@type\":\"ImageObject\",\"inLanguage\":\"pt-BR\",\"@id\":\"https:\/\/sudoesteacontece.com.br\/?p=15972#primaryimage\",\"url\":\"https:\/\/sudoesteacontece.com.br\/wp-content\/uploads\/2026\/02\/Manutencao-da-Embasa-se-estende-e-mantem-suspensao-de-agua-em-Brumado-e-Malhada-de-Pedras-sudoeste-acontece.jpg\",\"contentUrl\":\"https:\/\/sudoesteacontece.com.br\/wp-content\/uploads\/2026\/02\/Manutencao-da-Embasa-se-estende-e-mantem-suspensao-de-agua-em-Brumado-e-Malhada-de-Pedras-sudoeste-acontece.jpg\",\"width\":900,\"height\":600},{\"@type\":\"BreadcrumbList\",\"@id\":\"https:\/\/sudoesteacontece.com.br\/?p=15972#breadcrumb\",\"itemListElement\":[{\"@type\":\"ListItem\",\"position\":1,\"name\":\"In\u00edcio\",\"item\":\"https:\/\/sudoesteacontece.com.br\/\"},{\"@type\":\"ListItem\",\"position\":2,\"name\":\"Falta de \u00e1gua atinge Brumado e Malhada de Pedras nesta quinta para manuten\u00e7\u00e3o da Embasa\"}]},{\"@type\":\"WebSite\",\"@id\":\"https:\/\/sudoesteacontece.com.br\/#website\",\"url\":\"https:\/\/sudoesteacontece.com.br\/\",\"name\":\"Sudoesteacontece\",\"description\":\"\",\"publisher\":{\"@id\":\"https:\/\/sudoesteacontece.com.br\/#organization\"},\"potentialAction\":[{\"@type\":\"SearchAction\",\"target\":{\"@type\":\"EntryPoint\",\"urlTemplate\":\"https:\/\/sudoesteacontece.com.br\/?s={search_term_string}\"},\"query-input\":{\"@type\":\"PropertyValueSpecification\",\"valueRequired\":true,\"valueName\":\"search_term_string\"}}],\"inLanguage\":\"pt-BR\"},{\"@type\":\"Organization\",\"@id\":\"https:\/\/sudoesteacontece.com.br\/#organization\",\"name\":\"Sudoesteacontece\",\"url\":\"https:\/\/sudoesteacontece.com.br\/\",\"logo\":{\"@type\":\"ImageObject\",\"inLanguage\":\"pt-BR\",\"@id\":\"https:\/\/sudoesteacontece.com.br\/#\/schema\/logo\/image\/\",\"url\":\"https:\/\/sudoesteacontece.com.br\/wp-content\/uploads\/2025\/12\/cropped-logo-2-180x180-1.png\",\"contentUrl\":\"https:\/\/sudoesteacontece.com.br\/wp-content\/uploads\/2025\/12\/cropped-logo-2-180x180-1.png\",\"width\":180,\"height\":180,\"caption\":\"Sudoesteacontece\"},\"image\":{\"@id\":\"https:\/\/sudoesteacontece.com.br\/#\/schema\/logo\/image\/\"},\"sameAs\":[\"https:\/\/www.facebook.com\/sudoesteacontece\/?locale=pt_BR\"]},{\"@type\":\"Person\",\"@id\":\"https:\/\/sudoesteacontece.com.br\/#\/schema\/person\/3cf2cf009926a9683ebc29d5379fa79c\",\"name\":\"Washington Tiago\",\"image\":{\"@type\":\"ImageObject\",\"inLanguage\":\"pt-BR\",\"@id\":\"https:\/\/sudoesteacontece.com.br\/#\/schema\/person\/image\/\",\"url\":\"https:\/\/secure.gravatar.com\/avatar\/33c43b8668157e040f9d1fe93c354bf087cbd8ba36270c1163198bd3ddcf2a56?s=96&d=mm&r=g\",\"contentUrl\":\"https:\/\/secure.gravatar.com\/avatar\/33c43b8668157e040f9d1fe93c354bf087cbd8ba36270c1163198bd3ddcf2a56?s=96&d=mm&r=g\",\"caption\":\"Washington Tiago\"},\"url\":\"https:\/\/sudoesteacontece.com.br\/?author=2\"}]}<\/script>\n<!-- \/ Yoast SEO plugin. -->","yoast_head_json":{"title":"Falta de \u00e1gua atinge Brumado e Malhada de Pedras nesta quinta para manuten\u00e7\u00e3o da Embasa - Sudoesteacontece","robots":{"index":"index","follow":"follow","max-snippet":"max-snippet:-1","max-image-preview":"max-image-preview:large","max-video-preview":"max-video-preview:-1"},"canonical":"https:\/\/sudoesteacontece.com.br\/?p=15972","og_locale":"pt_BR","og_type":"article","og_title":"Falta de \u00e1gua atinge Brumado e Malhada de Pedras nesta quinta para manuten\u00e7\u00e3o da Embasa - Sudoesteacontece","og_description":"A Embasa informou que o abastecimento ser\u00e1 interrompido a partir das 8h de quinta-feira (30). A suspens\u00e3o atinge as sedes de Brumado e Malhada de Pedras, al\u00e9m de localidades rurais pr\u00f3ximas. A medida ocorre para realiza\u00e7\u00e3o de manuten\u00e7\u00e3o na esta\u00e7\u00e3o de tratamento de \u00e1gua. Segundo a empresa, os servi\u00e7os devem ser conclu\u00eddos no in\u00edcio da noite do mesmo dia. Ap\u00f3s a finaliza\u00e7\u00e3o, o fornecimento ser\u00e1 retomado de forma gradativa. A normaliza\u00e7\u00e3o completa do sistema pode levar at\u00e9 48 horas. Esse prazo \u00e9 necess\u00e1rio para estabilizar a rede e garantir a distribui\u00e7\u00e3o regular para todos os im\u00f3veis atendidos. Durante o per\u00edodo de interrup\u00e7\u00e3o, a Embasa orienta que a popula\u00e7\u00e3o fa\u00e7a uso racional da \u00e1gua armazenada. A recomenda\u00e7\u00e3o \u00e9 priorizar atividades essenciais at\u00e9 que o abastecimento seja totalmente restabelecido. A empresa refor\u00e7a a import\u00e2ncia de evitar desperd\u00edcios durante a suspens\u00e3o tempor\u00e1ria.","og_url":"https:\/\/sudoesteacontece.com.br\/?p=15972","og_site_name":"Sudoesteacontece","article_publisher":"https:\/\/www.facebook.com\/sudoesteacontece\/?locale=pt_BR","article_published_time":"2026-04-28T22:05:04+00:00","article_modified_time":"2026-04-28T22:05:12+00:00","og_image":[{"width":900,"height":600,"url":"https:\/\/sudoesteacontece.com.br\/wp-content\/uploads\/2026\/02\/Manutencao-da-Embasa-se-estende-e-mantem-suspensao-de-agua-em-Brumado-e-Malhada-de-Pedras-sudoeste-acontece.jpg","type":"image\/jpeg"}],"author":"Washington Tiago","twitter_card":"summary_large_image","twitter_misc":{"Escrito por":"Washington Tiago","Est. tempo de leitura":"1 minuto"},"schema":{"@context":"https:\/\/schema.org","@graph":[{"@type":"Article","@id":"https:\/\/sudoesteacontece.com.br\/?p=15972#article","isPartOf":{"@id":"https:\/\/sudoesteacontece.com.br\/?p=15972"},"author":{"name":"Washington Tiago","@id":"https:\/\/sudoesteacontece.com.br\/#\/schema\/person\/3cf2cf009926a9683ebc29d5379fa79c"},"headline":"Falta de \u00e1gua atinge Brumado e Malhada de Pedras nesta quinta para manuten\u00e7\u00e3o da Embasa","datePublished":"2026-04-28T22:05:04+00:00","dateModified":"2026-04-28T22:05:12+00:00","mainEntityOfPage":{"@id":"https:\/\/sudoesteacontece.com.br\/?p=15972"},"wordCount":176,"commentCount":0,"publisher":{"@id":"https:\/\/sudoesteacontece.com.br\/#organization"},"image":{"@id":"https:\/\/sudoesteacontece.com.br\/?p=15972#primaryimage"},"thumbnailUrl":"http:\/\/sudoesteacontece.com.br\/wp-content\/uploads\/2026\/02\/Manutencao-da-Embasa-se-estende-e-mantem-suspensao-de-agua-em-Brumado-e-Malhada-de-Pedras-sudoeste-acontece.jpg","articleSection":["Brumado","Cidades","Malhada de Pedras"],"inLanguage":"pt-BR","potentialAction":[{"@type":"CommentAction","name":"Comment","target":["https:\/\/sudoesteacontece.com.br\/?p=15972#respond"]}]},{"@type":"WebPage","@id":"https:\/\/sudoesteacontece.com.br\/?p=15972","url":"https:\/\/sudoesteacontece.com.br\/?p=15972","name":"Falta de \u00e1gua atinge Brumado e Malhada de Pedras nesta quinta para manuten\u00e7\u00e3o da Embasa - Sudoesteacontece","isPartOf":{"@id":"https:\/\/sudoesteacontece.com.br\/#website"},"primaryImageOfPage":{"@id":"https:\/\/sudoesteacontece.com.br\/?p=15972#primaryimage"},"image":{"@id":"https:\/\/sudoesteacontece.com.br\/?p=15972#primaryimage"},"thumbnailUrl":"http:\/\/sudoesteacontece.com.br\/wp-content\/uploads\/2026\/02\/Manutencao-da-Embasa-se-estende-e-mantem-suspensao-de-agua-em-Brumado-e-Malhada-de-Pedras-sudoeste-acontece.jpg","datePublished":"2026-04-28T22:05:04+00:00","dateModified":"2026-04-28T22:05:12+00:00","breadcrumb":{"@id":"https:\/\/sudoesteacontece.com.br\/?p=15972#breadcrumb"},"inLanguage":"pt-BR","potentialAction":[{"@type":"ReadAction","target":["https:\/\/sudoesteacontece.com.br\/?p=15972"]}]},{"@type":"ImageObject","inLanguage":"pt-BR","@id":"https:\/\/sudoesteacontece.com.br\/?p=15972#primaryimage","url":"https:\/\/sudoesteacontece.com.br\/wp-content\/uploads\/2026\/02\/Manutencao-da-Embasa-se-estende-e-mantem-suspensao-de-agua-em-Brumado-e-Malhada-de-Pedras-sudoeste-acontece.jpg","contentUrl":"https:\/\/sudoesteacontece.com.br\/wp-content\/uploads\/2026\/02\/Manutencao-da-Embasa-se-estende-e-mantem-suspensao-de-agua-em-Brumado-e-Malhada-de-Pedras-sudoeste-acontece.jpg","width":900,"height":600},{"@type":"BreadcrumbList","@id":"https:\/\/sudoesteacontece.com.br\/?p=15972#breadcrumb","itemListElement":[{"@type":"ListItem","position":1,"name":"In\u00edcio","item":"https:\/\/sudoesteacontece.com.br\/"},{"@type":"ListItem","position":2,"name":"Falta de \u00e1gua atinge Brumado e Malhada de Pedras nesta quinta para manuten\u00e7\u00e3o da Embasa"}]},{"@type":"WebSite","@id":"https:\/\/sudoesteacontece.com.br\/#website","url":"https:\/\/sudoesteacontece.com.br\/","name":"Sudoesteacontece","description":"","publisher":{"@id":"https:\/\/sudoesteacontece.com.br\/#organization"},"potentialAction":[{"@type":"SearchAction","target":{"@type":"EntryPoint","urlTemplate":"https:\/\/sudoesteacontece.com.br\/?s={search_term_string}"},"query-input":{"@type":"PropertyValueSpecification","valueRequired":true,"valueName":"search_term_string"}}],"inLanguage":"pt-BR"},{"@type":"Organization","@id":"https:\/\/sudoesteacontece.com.br\/#organization","name":"Sudoesteacontece","url":"https:\/\/sudoesteacontece.com.br\/","logo":{"@type":"ImageObject","inLanguage":"pt-BR","@id":"https:\/\/sudoesteacontece.com.br\/#\/schema\/logo\/image\/","url":"https:\/\/sudoesteacontece.com.br\/wp-content\/uploads\/2025\/12\/cropped-logo-2-180x180-1.png","contentUrl":"https:\/\/sudoesteacontece.com.br\/wp-content\/uploads\/2025\/12\/cropped-logo-2-180x180-1.png","width":180,"height":180,"caption":"Sudoesteacontece"},"image":{"@id":"https:\/\/sudoesteacontece.com.br\/#\/schema\/logo\/image\/"},"sameAs":["https:\/\/www.facebook.com\/sudoesteacontece\/?locale=pt_BR"]},{"@type":"Person","@id":"https:\/\/sudoesteacontece.com.br\/#\/schema\/person\/3cf2cf009926a9683ebc29d5379fa79c","name":"Washington Tiago","image":{"@type":"ImageObject","inLanguage":"pt-BR","@id":"https:\/\/sudoesteacontece.com.br\/#\/schema\/person\/image\/","url":"https:\/\/secure.gravatar.com\/avatar\/33c43b8668157e040f9d1fe93c354bf087cbd8ba36270c1163198bd3ddcf2a56?s=96&d=mm&r=g","contentUrl":"https:\/\/secure.gravatar.com\/avatar\/33c43b8668157e040f9d1fe93c354bf087cbd8ba36270c1163198bd3ddcf2a56?s=96&d=mm&r=g","caption":"Washington Tiago"},"url":"https:\/\/sudoesteacontece.com.br\/?author=2"}]}},"_links":{"self":[{"href":"https:\/\/sudoesteacontece.com.br\/index.php?rest_route=\/wp\/v2\/posts\/15972","targetHints":{"allow":["GET"]}}],"collection":[{"href":"https:\/\/sudoesteacontece.com.br\/index.php?rest_route=\/wp\/v2\/posts"}],"about":[{"href":"https:\/\/sudoesteacontece.com.br\/index.php?rest_route=\/wp\/v2\/types\/post"}],"author":[{"embeddable":true,"href":"https:\/\/sudoesteacontece.com.br\/index.php?rest_route=\/wp\/v2\/users\/2"}],"replies":[{"embeddable":true,"href":"https:\/\/sudoesteacontece.com.br\/index.php?rest_route=%2Fwp%2Fv2%2Fcomments&post=15972"}],"version-history":[{"count":1,"href":"https:\/\/sudoesteacontece.com.br\/index.php?rest_route=\/wp\/v2\/posts\/15972\/revisions"}],"predecessor-version":[{"id":15979,"href":"https:\/\/sudoesteacontece.com.br\/index.php?rest_route=\/wp\/v2\/posts\/15972\/revisions\/15979"}],"wp:attachment":[{"href":"https:\/\/sudoesteacontece.com.br\/index.php?rest_route=%2Fwp%2Fv2%2Fmedia&parent=15972"}],"wp:term":[{"taxonomy":"category","embeddable":true,"href":"https:\/\/sudoesteacontece.com.br\/index.php?rest_route=%2Fwp%2Fv2%2Fcategories&post=15972"},{"taxonomy":"post_tag","embeddable":true,"href":"https:\/\/sudoesteacontece.com.br\/index.php?rest_route=%2Fwp%2Fv2%2Ftags&post=15972"}],"curies":[{"name":"wp","href":"https:\/\/api.w.org\/{rel}","templated":true}]}}