{"id":15994,"date":"2026-04-29T10:35:28","date_gmt":"2026-04-29T13:35:28","guid":{"rendered":"https:\/\/sudoesteacontece.com.br\/?p=15994"},"modified":"2026-04-29T10:35:32","modified_gmt":"2026-04-29T13:35:32","slug":"rondesp-flagra-dupla-com-drogas-e-conduz-suspeitos-no-centro-de-oliveira-dos-brejinhos","status":"publish","type":"post","link":"https:\/\/sudoesteacontece.com.br\/?p=15994","title":{"rendered":"Rondesp flagra dupla com drogas e conduz suspeitos no centro de Oliveira dos Brejinhos"},"content":{"rendered":"<div class=\"wp-block-image\">\n<figure class=\"aligncenter size-full\"><img fetchpriority=\"high\" decoding=\"async\" width=\"900\" height=\"600\" src=\"http:\/\/sudoesteacontece.com.br\/wp-content\/uploads\/2026\/04\/Rondesp-flagra-dupla-com-drogas-e-conduz-suspeitos-no-centro-de-Oliveira-dos-Brejinhos.jpg\" alt=\"\" class=\"wp-image-16015\" srcset=\"https:\/\/sudoesteacontece.com.br\/wp-content\/uploads\/2026\/04\/Rondesp-flagra-dupla-com-drogas-e-conduz-suspeitos-no-centro-de-Oliveira-dos-Brejinhos.jpg 900w, https:\/\/sudoesteacontece.com.br\/wp-content\/uploads\/2026\/04\/Rondesp-flagra-dupla-com-drogas-e-conduz-suspeitos-no-centro-de-Oliveira-dos-Brejinhos-300x200.jpg 300w, https:\/\/sudoesteacontece.com.br\/wp-content\/uploads\/2026\/04\/Rondesp-flagra-dupla-com-drogas-e-conduz-suspeitos-no-centro-de-Oliveira-dos-Brejinhos-768x512.jpg 768w\" sizes=\"(max-width: 900px) 100vw, 900px\" \/><\/figure>\n<\/div>\n\n\n<p>Dois homens foram conduzidos ap\u00f3s serem flagrados com por\u00e7\u00f5es de droga na tarde de ter\u00e7a-feira (28), no centro de Oliveira dos Brejinhos. A a\u00e7\u00e3o ocorreu por volta das 14h40 durante patrulhamento da Rondesp Meio Oeste. Os policiais suspeitaram de uma motocicleta com a placa dobrada e iniciaram o acompanhamento.<\/p>\n\n\n\n<p>Durante a abordagem, os agentes revistaram os ocupantes do ve\u00edculo. No bolso do passageiro, encontraram por\u00e7\u00f5es de subst\u00e2ncia semelhante \u00e0 maconha. A motocicleta utilizada tamb\u00e9m foi apreendida. Segundo a Pol\u00edcia Militar, a irregularidade na placa dificultava a identifica\u00e7\u00e3o do ve\u00edculo e motivou a a\u00e7\u00e3o.<\/p>\n\n\n\n<p>Ap\u00f3s o flagrante, os dois suspeitos foram levados para a delegacia da cidade. Al\u00e9m da droga, os policiais apreenderam dois aparelhos celulares. Todo o material foi apresentado \u00e0 autoridade policial. O caso segue sob responsabilidade da pol\u00edcia civil.<\/p>\n\n\n\n<p>Na unidade, foram adotadas as medidas legais cab\u00edveis. A pol\u00edcia n\u00e3o divulgou a identidade dos envolvidos. A ocorr\u00eancia integra a\u00e7\u00f5es de patrulhamento t\u00e1tico na regi\u00e3o.<\/p>\n","protected":false},"excerpt":{"rendered":"<p>Dois homens foram conduzidos ap\u00f3s serem flagrados com por\u00e7\u00f5es de droga na tarde de ter\u00e7a-feira (28), no centro de Oliveira dos Brejinhos. A a\u00e7\u00e3o ocorreu por volta das 14h40 durante patrulhamento da Rondesp Meio Oeste. Os policiais suspeitaram de uma motocicleta com a placa dobrada e iniciaram o acompanhamento. Durante a abordagem, os agentes revistaram os ocupantes do ve\u00edculo. No bolso do passageiro, encontraram por\u00e7\u00f5es de subst\u00e2ncia semelhante \u00e0 maconha. A motocicleta utilizada tamb\u00e9m foi apreendida. Segundo a Pol\u00edcia Militar, a irregularidade na placa dificultava a identifica\u00e7\u00e3o do ve\u00edculo e motivou a a\u00e7\u00e3o. Ap\u00f3s o flagrante, os dois suspeitos foram levados para a delegacia da cidade. Al\u00e9m da droga, os policiais apreenderam dois aparelhos celulares. Todo o material foi apresentado \u00e0 autoridade policial. O caso segue sob responsabilidade da pol\u00edcia civil. Na unidade, foram adotadas as medidas legais cab\u00edveis. A pol\u00edcia n\u00e3o divulgou a identidade dos envolvidos. A ocorr\u00eancia integra a\u00e7\u00f5es de patrulhamento t\u00e1tico na regi\u00e3o.<\/p>\n","protected":false},"author":2,"featured_media":0,"comment_status":"open","ping_status":"open","sticky":false,"template":"","format":"standard","meta":{"footnotes":""},"categories":[4,3],"tags":[],"class_list":["post-15994","post","type-post","status-publish","format-standard","hentry","category-cidades","category-policia"],"yoast_head":"<!-- This site is optimized with the Yoast SEO plugin v26.5 - https:\/\/yoast.com\/wordpress\/plugins\/seo\/ -->\n<title>Rondesp flagra dupla com drogas e conduz suspeitos no centro de Oliveira dos Brejinhos - Sudoesteacontece<\/title>\n<meta name=\"robots\" content=\"index, follow, max-snippet:-1, max-image-preview:large, max-video-preview:-1\" \/>\n<link rel=\"canonical\" href=\"https:\/\/sudoesteacontece.com.br\/?p=15994\" \/>\n<meta property=\"og:locale\" content=\"pt_BR\" \/>\n<meta property=\"og:type\" content=\"article\" \/>\n<meta property=\"og:title\" content=\"Rondesp flagra dupla com drogas e conduz suspeitos no centro de Oliveira dos Brejinhos - Sudoesteacontece\" \/>\n<meta property=\"og:description\" content=\"Dois homens foram conduzidos ap\u00f3s serem flagrados com por\u00e7\u00f5es de droga na tarde de ter\u00e7a-feira (28), no centro de Oliveira dos Brejinhos. A a\u00e7\u00e3o ocorreu por volta das 14h40 durante patrulhamento da Rondesp Meio Oeste. Os policiais suspeitaram de uma motocicleta com a placa dobrada e iniciaram o acompanhamento. Durante a abordagem, os agentes revistaram os ocupantes do ve\u00edculo. No bolso do passageiro, encontraram por\u00e7\u00f5es de subst\u00e2ncia semelhante \u00e0 maconha. A motocicleta utilizada tamb\u00e9m foi apreendida. Segundo a Pol\u00edcia Militar, a irregularidade na placa dificultava a identifica\u00e7\u00e3o do ve\u00edculo e motivou a a\u00e7\u00e3o. Ap\u00f3s o flagrante, os dois suspeitos foram levados para a delegacia da cidade. Al\u00e9m da droga, os policiais apreenderam dois aparelhos celulares. Todo o material foi apresentado \u00e0 autoridade policial. O caso segue sob responsabilidade da pol\u00edcia civil. Na unidade, foram adotadas as medidas legais cab\u00edveis. A pol\u00edcia n\u00e3o divulgou a identidade dos envolvidos. A ocorr\u00eancia integra a\u00e7\u00f5es de patrulhamento t\u00e1tico na regi\u00e3o.\" \/>\n<meta property=\"og:url\" content=\"https:\/\/sudoesteacontece.com.br\/?p=15994\" \/>\n<meta property=\"og:site_name\" content=\"Sudoesteacontece\" \/>\n<meta property=\"article:publisher\" content=\"https:\/\/www.facebook.com\/sudoesteacontece\/?locale=pt_BR\" \/>\n<meta property=\"article:published_time\" content=\"2026-04-29T13:35:28+00:00\" \/>\n<meta property=\"article:modified_time\" content=\"2026-04-29T13:35:32+00:00\" \/>\n<meta property=\"og:image\" content=\"https:\/\/sudoesteacontece.com.br\/wp-content\/uploads\/2026\/04\/Rondesp-flagra-dupla-com-drogas-e-conduz-suspeitos-no-centro-de-Oliveira-dos-Brejinhos.jpg\" \/>\n\t<meta property=\"og:image:width\" content=\"900\" \/>\n\t<meta property=\"og:image:height\" content=\"600\" \/>\n\t<meta property=\"og:image:type\" content=\"image\/jpeg\" \/>\n<meta name=\"author\" content=\"Washington Tiago\" \/>\n<meta name=\"twitter:card\" content=\"summary_large_image\" \/>\n<meta name=\"twitter:label1\" content=\"Escrito por\" \/>\n\t<meta name=\"twitter:data1\" content=\"Washington Tiago\" \/>\n\t<meta name=\"twitter:label2\" content=\"Est. tempo de leitura\" \/>\n\t<meta name=\"twitter:data2\" content=\"2 minutos\" \/>\n<script type=\"application\/ld+json\" class=\"yoast-schema-graph\">{\"@context\":\"https:\/\/schema.org\",\"@graph\":[{\"@type\":\"Article\",\"@id\":\"https:\/\/sudoesteacontece.com.br\/?p=15994#article\",\"isPartOf\":{\"@id\":\"https:\/\/sudoesteacontece.com.br\/?p=15994\"},\"author\":{\"name\":\"Washington Tiago\",\"@id\":\"https:\/\/sudoesteacontece.com.br\/#\/schema\/person\/3cf2cf009926a9683ebc29d5379fa79c\"},\"headline\":\"Rondesp flagra dupla com drogas e conduz suspeitos no centro de Oliveira dos Brejinhos\",\"datePublished\":\"2026-04-29T13:35:28+00:00\",\"dateModified\":\"2026-04-29T13:35:32+00:00\",\"mainEntityOfPage\":{\"@id\":\"https:\/\/sudoesteacontece.com.br\/?p=15994\"},\"wordCount\":189,\"commentCount\":0,\"publisher\":{\"@id\":\"https:\/\/sudoesteacontece.com.br\/#organization\"},\"image\":{\"@id\":\"https:\/\/sudoesteacontece.com.br\/?p=15994#primaryimage\"},\"thumbnailUrl\":\"http:\/\/sudoesteacontece.com.br\/wp-content\/uploads\/2026\/04\/Rondesp-flagra-dupla-com-drogas-e-conduz-suspeitos-no-centro-de-Oliveira-dos-Brejinhos.jpg\",\"articleSection\":[\"Cidades\",\"Pol\u00edcia\"],\"inLanguage\":\"pt-BR\",\"potentialAction\":[{\"@type\":\"CommentAction\",\"name\":\"Comment\",\"target\":[\"https:\/\/sudoesteacontece.com.br\/?p=15994#respond\"]}]},{\"@type\":\"WebPage\",\"@id\":\"https:\/\/sudoesteacontece.com.br\/?p=15994\",\"url\":\"https:\/\/sudoesteacontece.com.br\/?p=15994\",\"name\":\"Rondesp flagra dupla com drogas e conduz suspeitos no centro de Oliveira dos Brejinhos - Sudoesteacontece\",\"isPartOf\":{\"@id\":\"https:\/\/sudoesteacontece.com.br\/#website\"},\"primaryImageOfPage\":{\"@id\":\"https:\/\/sudoesteacontece.com.br\/?p=15994#primaryimage\"},\"image\":{\"@id\":\"https:\/\/sudoesteacontece.com.br\/?p=15994#primaryimage\"},\"thumbnailUrl\":\"http:\/\/sudoesteacontece.com.br\/wp-content\/uploads\/2026\/04\/Rondesp-flagra-dupla-com-drogas-e-conduz-suspeitos-no-centro-de-Oliveira-dos-Brejinhos.jpg\",\"datePublished\":\"2026-04-29T13:35:28+00:00\",\"dateModified\":\"2026-04-29T13:35:32+00:00\",\"breadcrumb\":{\"@id\":\"https:\/\/sudoesteacontece.com.br\/?p=15994#breadcrumb\"},\"inLanguage\":\"pt-BR\",\"potentialAction\":[{\"@type\":\"ReadAction\",\"target\":[\"https:\/\/sudoesteacontece.com.br\/?p=15994\"]}]},{\"@type\":\"ImageObject\",\"inLanguage\":\"pt-BR\",\"@id\":\"https:\/\/sudoesteacontece.com.br\/?p=15994#primaryimage\",\"url\":\"https:\/\/sudoesteacontece.com.br\/wp-content\/uploads\/2026\/04\/Rondesp-flagra-dupla-com-drogas-e-conduz-suspeitos-no-centro-de-Oliveira-dos-Brejinhos.jpg\",\"contentUrl\":\"https:\/\/sudoesteacontece.com.br\/wp-content\/uploads\/2026\/04\/Rondesp-flagra-dupla-com-drogas-e-conduz-suspeitos-no-centro-de-Oliveira-dos-Brejinhos.jpg\",\"width\":900,\"height\":600},{\"@type\":\"BreadcrumbList\",\"@id\":\"https:\/\/sudoesteacontece.com.br\/?p=15994#breadcrumb\",\"itemListElement\":[{\"@type\":\"ListItem\",\"position\":1,\"name\":\"In\u00edcio\",\"item\":\"https:\/\/sudoesteacontece.com.br\/\"},{\"@type\":\"ListItem\",\"position\":2,\"name\":\"Rondesp flagra dupla com drogas e conduz suspeitos no centro de Oliveira dos Brejinhos\"}]},{\"@type\":\"WebSite\",\"@id\":\"https:\/\/sudoesteacontece.com.br\/#website\",\"url\":\"https:\/\/sudoesteacontece.com.br\/\",\"name\":\"Sudoesteacontece\",\"description\":\"\",\"publisher\":{\"@id\":\"https:\/\/sudoesteacontece.com.br\/#organization\"},\"potentialAction\":[{\"@type\":\"SearchAction\",\"target\":{\"@type\":\"EntryPoint\",\"urlTemplate\":\"https:\/\/sudoesteacontece.com.br\/?s={search_term_string}\"},\"query-input\":{\"@type\":\"PropertyValueSpecification\",\"valueRequired\":true,\"valueName\":\"search_term_string\"}}],\"inLanguage\":\"pt-BR\"},{\"@type\":\"Organization\",\"@id\":\"https:\/\/sudoesteacontece.com.br\/#organization\",\"name\":\"Sudoesteacontece\",\"url\":\"https:\/\/sudoesteacontece.com.br\/\",\"logo\":{\"@type\":\"ImageObject\",\"inLanguage\":\"pt-BR\",\"@id\":\"https:\/\/sudoesteacontece.com.br\/#\/schema\/logo\/image\/\",\"url\":\"https:\/\/sudoesteacontece.com.br\/wp-content\/uploads\/2025\/12\/cropped-logo-2-180x180-1.png\",\"contentUrl\":\"https:\/\/sudoesteacontece.com.br\/wp-content\/uploads\/2025\/12\/cropped-logo-2-180x180-1.png\",\"width\":180,\"height\":180,\"caption\":\"Sudoesteacontece\"},\"image\":{\"@id\":\"https:\/\/sudoesteacontece.com.br\/#\/schema\/logo\/image\/\"},\"sameAs\":[\"https:\/\/www.facebook.com\/sudoesteacontece\/?locale=pt_BR\"]},{\"@type\":\"Person\",\"@id\":\"https:\/\/sudoesteacontece.com.br\/#\/schema\/person\/3cf2cf009926a9683ebc29d5379fa79c\",\"name\":\"Washington Tiago\",\"image\":{\"@type\":\"ImageObject\",\"inLanguage\":\"pt-BR\",\"@id\":\"https:\/\/sudoesteacontece.com.br\/#\/schema\/person\/image\/\",\"url\":\"https:\/\/secure.gravatar.com\/avatar\/33c43b8668157e040f9d1fe93c354bf087cbd8ba36270c1163198bd3ddcf2a56?s=96&d=mm&r=g\",\"contentUrl\":\"https:\/\/secure.gravatar.com\/avatar\/33c43b8668157e040f9d1fe93c354bf087cbd8ba36270c1163198bd3ddcf2a56?s=96&d=mm&r=g\",\"caption\":\"Washington Tiago\"},\"url\":\"https:\/\/sudoesteacontece.com.br\/?author=2\"}]}<\/script>\n<!-- \/ Yoast SEO plugin. -->","yoast_head_json":{"title":"Rondesp flagra dupla com drogas e conduz suspeitos no centro de Oliveira dos Brejinhos - Sudoesteacontece","robots":{"index":"index","follow":"follow","max-snippet":"max-snippet:-1","max-image-preview":"max-image-preview:large","max-video-preview":"max-video-preview:-1"},"canonical":"https:\/\/sudoesteacontece.com.br\/?p=15994","og_locale":"pt_BR","og_type":"article","og_title":"Rondesp flagra dupla com drogas e conduz suspeitos no centro de Oliveira dos Brejinhos - Sudoesteacontece","og_description":"Dois homens foram conduzidos ap\u00f3s serem flagrados com por\u00e7\u00f5es de droga na tarde de ter\u00e7a-feira (28), no centro de Oliveira dos Brejinhos. A a\u00e7\u00e3o ocorreu por volta das 14h40 durante patrulhamento da Rondesp Meio Oeste. Os policiais suspeitaram de uma motocicleta com a placa dobrada e iniciaram o acompanhamento. Durante a abordagem, os agentes revistaram os ocupantes do ve\u00edculo. No bolso do passageiro, encontraram por\u00e7\u00f5es de subst\u00e2ncia semelhante \u00e0 maconha. A motocicleta utilizada tamb\u00e9m foi apreendida. Segundo a Pol\u00edcia Militar, a irregularidade na placa dificultava a identifica\u00e7\u00e3o do ve\u00edculo e motivou a a\u00e7\u00e3o. Ap\u00f3s o flagrante, os dois suspeitos foram levados para a delegacia da cidade. Al\u00e9m da droga, os policiais apreenderam dois aparelhos celulares. Todo o material foi apresentado \u00e0 autoridade policial. O caso segue sob responsabilidade da pol\u00edcia civil. Na unidade, foram adotadas as medidas legais cab\u00edveis. A pol\u00edcia n\u00e3o divulgou a identidade dos envolvidos. A ocorr\u00eancia integra a\u00e7\u00f5es de patrulhamento t\u00e1tico na regi\u00e3o.","og_url":"https:\/\/sudoesteacontece.com.br\/?p=15994","og_site_name":"Sudoesteacontece","article_publisher":"https:\/\/www.facebook.com\/sudoesteacontece\/?locale=pt_BR","article_published_time":"2026-04-29T13:35:28+00:00","article_modified_time":"2026-04-29T13:35:32+00:00","og_image":[{"width":900,"height":600,"url":"https:\/\/sudoesteacontece.com.br\/wp-content\/uploads\/2026\/04\/Rondesp-flagra-dupla-com-drogas-e-conduz-suspeitos-no-centro-de-Oliveira-dos-Brejinhos.jpg","type":"image\/jpeg"}],"author":"Washington Tiago","twitter_card":"summary_large_image","twitter_misc":{"Escrito por":"Washington Tiago","Est. tempo de leitura":"2 minutos"},"schema":{"@context":"https:\/\/schema.org","@graph":[{"@type":"Article","@id":"https:\/\/sudoesteacontece.com.br\/?p=15994#article","isPartOf":{"@id":"https:\/\/sudoesteacontece.com.br\/?p=15994"},"author":{"name":"Washington Tiago","@id":"https:\/\/sudoesteacontece.com.br\/#\/schema\/person\/3cf2cf009926a9683ebc29d5379fa79c"},"headline":"Rondesp flagra dupla com drogas e conduz suspeitos no centro de Oliveira dos Brejinhos","datePublished":"2026-04-29T13:35:28+00:00","dateModified":"2026-04-29T13:35:32+00:00","mainEntityOfPage":{"@id":"https:\/\/sudoesteacontece.com.br\/?p=15994"},"wordCount":189,"commentCount":0,"publisher":{"@id":"https:\/\/sudoesteacontece.com.br\/#organization"},"image":{"@id":"https:\/\/sudoesteacontece.com.br\/?p=15994#primaryimage"},"thumbnailUrl":"http:\/\/sudoesteacontece.com.br\/wp-content\/uploads\/2026\/04\/Rondesp-flagra-dupla-com-drogas-e-conduz-suspeitos-no-centro-de-Oliveira-dos-Brejinhos.jpg","articleSection":["Cidades","Pol\u00edcia"],"inLanguage":"pt-BR","potentialAction":[{"@type":"CommentAction","name":"Comment","target":["https:\/\/sudoesteacontece.com.br\/?p=15994#respond"]}]},{"@type":"WebPage","@id":"https:\/\/sudoesteacontece.com.br\/?p=15994","url":"https:\/\/sudoesteacontece.com.br\/?p=15994","name":"Rondesp flagra dupla com drogas e conduz suspeitos no centro de Oliveira dos Brejinhos - Sudoesteacontece","isPartOf":{"@id":"https:\/\/sudoesteacontece.com.br\/#website"},"primaryImageOfPage":{"@id":"https:\/\/sudoesteacontece.com.br\/?p=15994#primaryimage"},"image":{"@id":"https:\/\/sudoesteacontece.com.br\/?p=15994#primaryimage"},"thumbnailUrl":"http:\/\/sudoesteacontece.com.br\/wp-content\/uploads\/2026\/04\/Rondesp-flagra-dupla-com-drogas-e-conduz-suspeitos-no-centro-de-Oliveira-dos-Brejinhos.jpg","datePublished":"2026-04-29T13:35:28+00:00","dateModified":"2026-04-29T13:35:32+00:00","breadcrumb":{"@id":"https:\/\/sudoesteacontece.com.br\/?p=15994#breadcrumb"},"inLanguage":"pt-BR","potentialAction":[{"@type":"ReadAction","target":["https:\/\/sudoesteacontece.com.br\/?p=15994"]}]},{"@type":"ImageObject","inLanguage":"pt-BR","@id":"https:\/\/sudoesteacontece.com.br\/?p=15994#primaryimage","url":"https:\/\/sudoesteacontece.com.br\/wp-content\/uploads\/2026\/04\/Rondesp-flagra-dupla-com-drogas-e-conduz-suspeitos-no-centro-de-Oliveira-dos-Brejinhos.jpg","contentUrl":"https:\/\/sudoesteacontece.com.br\/wp-content\/uploads\/2026\/04\/Rondesp-flagra-dupla-com-drogas-e-conduz-suspeitos-no-centro-de-Oliveira-dos-Brejinhos.jpg","width":900,"height":600},{"@type":"BreadcrumbList","@id":"https:\/\/sudoesteacontece.com.br\/?p=15994#breadcrumb","itemListElement":[{"@type":"ListItem","position":1,"name":"In\u00edcio","item":"https:\/\/sudoesteacontece.com.br\/"},{"@type":"ListItem","position":2,"name":"Rondesp flagra dupla com drogas e conduz suspeitos no centro de Oliveira dos Brejinhos"}]},{"@type":"WebSite","@id":"https:\/\/sudoesteacontece.com.br\/#website","url":"https:\/\/sudoesteacontece.com.br\/","name":"Sudoesteacontece","description":"","publisher":{"@id":"https:\/\/sudoesteacontece.com.br\/#organization"},"potentialAction":[{"@type":"SearchAction","target":{"@type":"EntryPoint","urlTemplate":"https:\/\/sudoesteacontece.com.br\/?s={search_term_string}"},"query-input":{"@type":"PropertyValueSpecification","valueRequired":true,"valueName":"search_term_string"}}],"inLanguage":"pt-BR"},{"@type":"Organization","@id":"https:\/\/sudoesteacontece.com.br\/#organization","name":"Sudoesteacontece","url":"https:\/\/sudoesteacontece.com.br\/","logo":{"@type":"ImageObject","inLanguage":"pt-BR","@id":"https:\/\/sudoesteacontece.com.br\/#\/schema\/logo\/image\/","url":"https:\/\/sudoesteacontece.com.br\/wp-content\/uploads\/2025\/12\/cropped-logo-2-180x180-1.png","contentUrl":"https:\/\/sudoesteacontece.com.br\/wp-content\/uploads\/2025\/12\/cropped-logo-2-180x180-1.png","width":180,"height":180,"caption":"Sudoesteacontece"},"image":{"@id":"https:\/\/sudoesteacontece.com.br\/#\/schema\/logo\/image\/"},"sameAs":["https:\/\/www.facebook.com\/sudoesteacontece\/?locale=pt_BR"]},{"@type":"Person","@id":"https:\/\/sudoesteacontece.com.br\/#\/schema\/person\/3cf2cf009926a9683ebc29d5379fa79c","name":"Washington Tiago","image":{"@type":"ImageObject","inLanguage":"pt-BR","@id":"https:\/\/sudoesteacontece.com.br\/#\/schema\/person\/image\/","url":"https:\/\/secure.gravatar.com\/avatar\/33c43b8668157e040f9d1fe93c354bf087cbd8ba36270c1163198bd3ddcf2a56?s=96&d=mm&r=g","contentUrl":"https:\/\/secure.gravatar.com\/avatar\/33c43b8668157e040f9d1fe93c354bf087cbd8ba36270c1163198bd3ddcf2a56?s=96&d=mm&r=g","caption":"Washington Tiago"},"url":"https:\/\/sudoesteacontece.com.br\/?author=2"}]}},"_links":{"self":[{"href":"https:\/\/sudoesteacontece.com.br\/index.php?rest_route=\/wp\/v2\/posts\/15994","targetHints":{"allow":["GET"]}}],"collection":[{"href":"https:\/\/sudoesteacontece.com.br\/index.php?rest_route=\/wp\/v2\/posts"}],"about":[{"href":"https:\/\/sudoesteacontece.com.br\/index.php?rest_route=\/wp\/v2\/types\/post"}],"author":[{"embeddable":true,"href":"https:\/\/sudoesteacontece.com.br\/index.php?rest_route=\/wp\/v2\/users\/2"}],"replies":[{"embeddable":true,"href":"https:\/\/sudoesteacontece.com.br\/index.php?rest_route=%2Fwp%2Fv2%2Fcomments&post=15994"}],"version-history":[{"count":1,"href":"https:\/\/sudoesteacontece.com.br\/index.php?rest_route=\/wp\/v2\/posts\/15994\/revisions"}],"predecessor-version":[{"id":16016,"href":"https:\/\/sudoesteacontece.com.br\/index.php?rest_route=\/wp\/v2\/posts\/15994\/revisions\/16016"}],"wp:attachment":[{"href":"https:\/\/sudoesteacontece.com.br\/index.php?rest_route=%2Fwp%2Fv2%2Fmedia&parent=15994"}],"wp:term":[{"taxonomy":"category","embeddable":true,"href":"https:\/\/sudoesteacontece.com.br\/index.php?rest_route=%2Fwp%2Fv2%2Fcategories&post=15994"},{"taxonomy":"post_tag","embeddable":true,"href":"https:\/\/sudoesteacontece.com.br\/index.php?rest_route=%2Fwp%2Fv2%2Ftags&post=15994"}],"curies":[{"name":"wp","href":"https:\/\/api.w.org\/{rel}","templated":true}]}}