{"id":16001,"date":"2026-04-29T10:56:40","date_gmt":"2026-04-29T13:56:40","guid":{"rendered":"https:\/\/sudoesteacontece.com.br\/?p=16001"},"modified":"2026-04-29T10:56:44","modified_gmt":"2026-04-29T13:56:44","slug":"caso-das-rachadinhas-em-conquista-pode-abrir-vaga-na-camara-e-ampliar-crise-politica","status":"publish","type":"post","link":"https:\/\/sudoesteacontece.com.br\/?p=16001","title":{"rendered":"Caso das rachadinhas em Conquista pode abrir vaga na C\u00e2mara e ampliar crise pol\u00edtica"},"content":{"rendered":"<div class=\"wp-block-image\">\n<figure class=\"aligncenter size-full\"><img fetchpriority=\"high\" decoding=\"async\" width=\"900\" height=\"600\" src=\"http:\/\/sudoesteacontece.com.br\/wp-content\/uploads\/2026\/04\/Caso-das-rachadinhas-em-Conquista-pode-abrir-vaga-na-Camara-e-ampliar-crise-politica.jpg\" alt=\"\" class=\"wp-image-16028\" srcset=\"https:\/\/sudoesteacontece.com.br\/wp-content\/uploads\/2026\/04\/Caso-das-rachadinhas-em-Conquista-pode-abrir-vaga-na-Camara-e-ampliar-crise-politica.jpg 900w, https:\/\/sudoesteacontece.com.br\/wp-content\/uploads\/2026\/04\/Caso-das-rachadinhas-em-Conquista-pode-abrir-vaga-na-Camara-e-ampliar-crise-politica-300x200.jpg 300w, https:\/\/sudoesteacontece.com.br\/wp-content\/uploads\/2026\/04\/Caso-das-rachadinhas-em-Conquista-pode-abrir-vaga-na-Camara-e-ampliar-crise-politica-768x512.jpg 768w\" sizes=\"(max-width: 900px) 100vw, 900px\" \/><\/figure>\n<\/div>\n\n\n<p>O caso envolvendo o vereador Gilvan Nunes Pereira (Dinho dos Campinhos) voltou a repercutir ap\u00f3s ser exibido em reportagem da TV Sudoeste e repercutido em rede nacional. O processo tramita no Minist\u00e9rio P\u00fablico da Bahia e tamb\u00e9m na Comiss\u00e3o de \u00c9tica da C\u00e2mara Municipal de Vit\u00f3ria da Conquista. A investiga\u00e7\u00e3o apura suspeita de esquema de devolu\u00e7\u00e3o de sal\u00e1rios.<\/p>\n\n\n\n<p>Segundo a den\u00fancia, apresentada por um ex-assessor, servidores eram obrigados a devolver parte dos vencimentos por meio de transfer\u00eancias via Pix. Os valores citados no processo variam entre R$ 45 mil e R$ 60 mil. H\u00e1 tamb\u00e9m relatos de que contas chegaram a ficar negativas. Provas como \u00e1udios e comprovantes foram entregues \u00e0 Mesa Diretora da C\u00e2mara.<\/p>\n\n\n\n<p>Com o avan\u00e7o do processo, cresce a possibilidade de perda de mandato do vereador. Caso isso ocorra, quem pode assumir a vaga \u00e9 o ex-vereador Sidney Oliveira, primeiro suplente do Republicanos. At\u00e9 o momento, ele e o vice-prefeito Alo\u00edsio Alan n\u00e3o se manifestaram sobre o caso.<\/p>\n\n\n\n<p>A defesa do vereador nega as acusa\u00e7\u00f5es e afirma que ele \u00e9 alvo de tentativa de extors\u00e3o. O advogado Ademir Ismerim Medina sustenta a inoc\u00eancia do parlamentar. Enquanto isso, a C\u00e2mara analisa a poss\u00edvel quebra de decoro parlamentar. O caso segue em apura\u00e7\u00e3o e pode ter novos desdobramentos nos pr\u00f3ximos dias.<\/p>\n","protected":false},"excerpt":{"rendered":"<p>O caso envolvendo o vereador Gilvan Nunes Pereira (Dinho dos Campinhos) voltou a repercutir ap\u00f3s ser exibido em reportagem da TV Sudoeste e repercutido em rede nacional. O processo tramita no Minist\u00e9rio P\u00fablico da Bahia e tamb\u00e9m na Comiss\u00e3o de \u00c9tica da C\u00e2mara Municipal de Vit\u00f3ria da Conquista. A investiga\u00e7\u00e3o apura suspeita de esquema de devolu\u00e7\u00e3o de sal\u00e1rios. Segundo a den\u00fancia, apresentada por um ex-assessor, servidores eram obrigados a devolver parte dos vencimentos por meio de transfer\u00eancias via Pix. Os valores citados no processo variam entre R$ 45 mil e R$ 60 mil. H\u00e1 tamb\u00e9m relatos de que contas chegaram a ficar negativas. Provas como \u00e1udios e comprovantes foram entregues \u00e0 Mesa Diretora da C\u00e2mara. Com o avan\u00e7o do processo, cresce a possibilidade de perda de mandato do vereador. Caso isso ocorra, quem pode assumir a vaga \u00e9 o ex-vereador Sidney Oliveira, primeiro suplente do Republicanos. At\u00e9 o momento, ele e o vice-prefeito Alo\u00edsio Alan n\u00e3o se manifestaram sobre o caso. A defesa do vereador nega as acusa\u00e7\u00f5es e afirma que ele \u00e9 alvo de tentativa de extors\u00e3o. O advogado Ademir Ismerim Medina sustenta a inoc\u00eancia do parlamentar. Enquanto isso, a C\u00e2mara analisa a poss\u00edvel quebra de decoro parlamentar. O caso segue em apura\u00e7\u00e3o e pode ter novos desdobramentos nos pr\u00f3ximos dias.<\/p>\n","protected":false},"author":2,"featured_media":0,"comment_status":"open","ping_status":"open","sticky":false,"template":"","format":"standard","meta":{"footnotes":""},"categories":[4,77,6],"tags":[],"class_list":["post-16001","post","type-post","status-publish","format-standard","hentry","category-cidades","category-eleicoes-2024","category-politica"],"yoast_head":"<!-- This site is optimized with the Yoast SEO plugin v26.5 - https:\/\/yoast.com\/wordpress\/plugins\/seo\/ -->\n<title>Caso das rachadinhas em Conquista pode abrir vaga na C\u00e2mara e ampliar crise pol\u00edtica - Sudoesteacontece<\/title>\n<meta name=\"robots\" content=\"index, follow, max-snippet:-1, max-image-preview:large, max-video-preview:-1\" \/>\n<link rel=\"canonical\" href=\"https:\/\/sudoesteacontece.com.br\/?p=16001\" \/>\n<meta property=\"og:locale\" content=\"pt_BR\" \/>\n<meta property=\"og:type\" content=\"article\" \/>\n<meta property=\"og:title\" content=\"Caso das rachadinhas em Conquista pode abrir vaga na C\u00e2mara e ampliar crise pol\u00edtica - Sudoesteacontece\" \/>\n<meta property=\"og:description\" content=\"O caso envolvendo o vereador Gilvan Nunes Pereira (Dinho dos Campinhos) voltou a repercutir ap\u00f3s ser exibido em reportagem da TV Sudoeste e repercutido em rede nacional. O processo tramita no Minist\u00e9rio P\u00fablico da Bahia e tamb\u00e9m na Comiss\u00e3o de \u00c9tica da C\u00e2mara Municipal de Vit\u00f3ria da Conquista. A investiga\u00e7\u00e3o apura suspeita de esquema de devolu\u00e7\u00e3o de sal\u00e1rios. Segundo a den\u00fancia, apresentada por um ex-assessor, servidores eram obrigados a devolver parte dos vencimentos por meio de transfer\u00eancias via Pix. Os valores citados no processo variam entre R$ 45 mil e R$ 60 mil. H\u00e1 tamb\u00e9m relatos de que contas chegaram a ficar negativas. Provas como \u00e1udios e comprovantes foram entregues \u00e0 Mesa Diretora da C\u00e2mara. Com o avan\u00e7o do processo, cresce a possibilidade de perda de mandato do vereador. Caso isso ocorra, quem pode assumir a vaga \u00e9 o ex-vereador Sidney Oliveira, primeiro suplente do Republicanos. At\u00e9 o momento, ele e o vice-prefeito Alo\u00edsio Alan n\u00e3o se manifestaram sobre o caso. A defesa do vereador nega as acusa\u00e7\u00f5es e afirma que ele \u00e9 alvo de tentativa de extors\u00e3o. O advogado Ademir Ismerim Medina sustenta a inoc\u00eancia do parlamentar. Enquanto isso, a C\u00e2mara analisa a poss\u00edvel quebra de decoro parlamentar. O caso segue em apura\u00e7\u00e3o e pode ter novos desdobramentos nos pr\u00f3ximos dias.\" \/>\n<meta property=\"og:url\" content=\"https:\/\/sudoesteacontece.com.br\/?p=16001\" \/>\n<meta property=\"og:site_name\" content=\"Sudoesteacontece\" \/>\n<meta property=\"article:publisher\" content=\"https:\/\/www.facebook.com\/sudoesteacontece\/?locale=pt_BR\" \/>\n<meta property=\"article:published_time\" content=\"2026-04-29T13:56:40+00:00\" \/>\n<meta property=\"article:modified_time\" content=\"2026-04-29T13:56:44+00:00\" \/>\n<meta property=\"og:image\" content=\"https:\/\/sudoesteacontece.com.br\/wp-content\/uploads\/2026\/04\/Caso-das-rachadinhas-em-Conquista-pode-abrir-vaga-na-Camara-e-ampliar-crise-politica.jpg\" \/>\n\t<meta property=\"og:image:width\" content=\"900\" \/>\n\t<meta property=\"og:image:height\" content=\"600\" \/>\n\t<meta property=\"og:image:type\" content=\"image\/jpeg\" \/>\n<meta name=\"author\" content=\"Washington Tiago\" \/>\n<meta name=\"twitter:card\" content=\"summary_large_image\" \/>\n<meta name=\"twitter:label1\" content=\"Escrito por\" \/>\n\t<meta name=\"twitter:data1\" content=\"Washington Tiago\" \/>\n\t<meta name=\"twitter:label2\" content=\"Est. tempo de leitura\" \/>\n\t<meta name=\"twitter:data2\" content=\"2 minutos\" \/>\n<script type=\"application\/ld+json\" class=\"yoast-schema-graph\">{\"@context\":\"https:\/\/schema.org\",\"@graph\":[{\"@type\":\"Article\",\"@id\":\"https:\/\/sudoesteacontece.com.br\/?p=16001#article\",\"isPartOf\":{\"@id\":\"https:\/\/sudoesteacontece.com.br\/?p=16001\"},\"author\":{\"name\":\"Washington Tiago\",\"@id\":\"https:\/\/sudoesteacontece.com.br\/#\/schema\/person\/3cf2cf009926a9683ebc29d5379fa79c\"},\"headline\":\"Caso das rachadinhas em Conquista pode abrir vaga na C\u00e2mara e ampliar crise pol\u00edtica\",\"datePublished\":\"2026-04-29T13:56:40+00:00\",\"dateModified\":\"2026-04-29T13:56:44+00:00\",\"mainEntityOfPage\":{\"@id\":\"https:\/\/sudoesteacontece.com.br\/?p=16001\"},\"wordCount\":247,\"commentCount\":0,\"publisher\":{\"@id\":\"https:\/\/sudoesteacontece.com.br\/#organization\"},\"image\":{\"@id\":\"https:\/\/sudoesteacontece.com.br\/?p=16001#primaryimage\"},\"thumbnailUrl\":\"http:\/\/sudoesteacontece.com.br\/wp-content\/uploads\/2026\/04\/Caso-das-rachadinhas-em-Conquista-pode-abrir-vaga-na-Camara-e-ampliar-crise-politica.jpg\",\"articleSection\":[\"Cidades\",\"Elei\u00e7\u00f5es 2024\",\"Pol\u00edtica\"],\"inLanguage\":\"pt-BR\",\"potentialAction\":[{\"@type\":\"CommentAction\",\"name\":\"Comment\",\"target\":[\"https:\/\/sudoesteacontece.com.br\/?p=16001#respond\"]}]},{\"@type\":\"WebPage\",\"@id\":\"https:\/\/sudoesteacontece.com.br\/?p=16001\",\"url\":\"https:\/\/sudoesteacontece.com.br\/?p=16001\",\"name\":\"Caso das rachadinhas em Conquista pode abrir vaga na C\u00e2mara e ampliar crise pol\u00edtica - Sudoesteacontece\",\"isPartOf\":{\"@id\":\"https:\/\/sudoesteacontece.com.br\/#website\"},\"primaryImageOfPage\":{\"@id\":\"https:\/\/sudoesteacontece.com.br\/?p=16001#primaryimage\"},\"image\":{\"@id\":\"https:\/\/sudoesteacontece.com.br\/?p=16001#primaryimage\"},\"thumbnailUrl\":\"http:\/\/sudoesteacontece.com.br\/wp-content\/uploads\/2026\/04\/Caso-das-rachadinhas-em-Conquista-pode-abrir-vaga-na-Camara-e-ampliar-crise-politica.jpg\",\"datePublished\":\"2026-04-29T13:56:40+00:00\",\"dateModified\":\"2026-04-29T13:56:44+00:00\",\"breadcrumb\":{\"@id\":\"https:\/\/sudoesteacontece.com.br\/?p=16001#breadcrumb\"},\"inLanguage\":\"pt-BR\",\"potentialAction\":[{\"@type\":\"ReadAction\",\"target\":[\"https:\/\/sudoesteacontece.com.br\/?p=16001\"]}]},{\"@type\":\"ImageObject\",\"inLanguage\":\"pt-BR\",\"@id\":\"https:\/\/sudoesteacontece.com.br\/?p=16001#primaryimage\",\"url\":\"https:\/\/sudoesteacontece.com.br\/wp-content\/uploads\/2026\/04\/Caso-das-rachadinhas-em-Conquista-pode-abrir-vaga-na-Camara-e-ampliar-crise-politica.jpg\",\"contentUrl\":\"https:\/\/sudoesteacontece.com.br\/wp-content\/uploads\/2026\/04\/Caso-das-rachadinhas-em-Conquista-pode-abrir-vaga-na-Camara-e-ampliar-crise-politica.jpg\",\"width\":900,\"height\":600},{\"@type\":\"BreadcrumbList\",\"@id\":\"https:\/\/sudoesteacontece.com.br\/?p=16001#breadcrumb\",\"itemListElement\":[{\"@type\":\"ListItem\",\"position\":1,\"name\":\"In\u00edcio\",\"item\":\"https:\/\/sudoesteacontece.com.br\/\"},{\"@type\":\"ListItem\",\"position\":2,\"name\":\"Caso das rachadinhas em Conquista pode abrir vaga na C\u00e2mara e ampliar crise pol\u00edtica\"}]},{\"@type\":\"WebSite\",\"@id\":\"https:\/\/sudoesteacontece.com.br\/#website\",\"url\":\"https:\/\/sudoesteacontece.com.br\/\",\"name\":\"Sudoesteacontece\",\"description\":\"\",\"publisher\":{\"@id\":\"https:\/\/sudoesteacontece.com.br\/#organization\"},\"potentialAction\":[{\"@type\":\"SearchAction\",\"target\":{\"@type\":\"EntryPoint\",\"urlTemplate\":\"https:\/\/sudoesteacontece.com.br\/?s={search_term_string}\"},\"query-input\":{\"@type\":\"PropertyValueSpecification\",\"valueRequired\":true,\"valueName\":\"search_term_string\"}}],\"inLanguage\":\"pt-BR\"},{\"@type\":\"Organization\",\"@id\":\"https:\/\/sudoesteacontece.com.br\/#organization\",\"name\":\"Sudoesteacontece\",\"url\":\"https:\/\/sudoesteacontece.com.br\/\",\"logo\":{\"@type\":\"ImageObject\",\"inLanguage\":\"pt-BR\",\"@id\":\"https:\/\/sudoesteacontece.com.br\/#\/schema\/logo\/image\/\",\"url\":\"https:\/\/sudoesteacontece.com.br\/wp-content\/uploads\/2025\/12\/cropped-logo-2-180x180-1.png\",\"contentUrl\":\"https:\/\/sudoesteacontece.com.br\/wp-content\/uploads\/2025\/12\/cropped-logo-2-180x180-1.png\",\"width\":180,\"height\":180,\"caption\":\"Sudoesteacontece\"},\"image\":{\"@id\":\"https:\/\/sudoesteacontece.com.br\/#\/schema\/logo\/image\/\"},\"sameAs\":[\"https:\/\/www.facebook.com\/sudoesteacontece\/?locale=pt_BR\"]},{\"@type\":\"Person\",\"@id\":\"https:\/\/sudoesteacontece.com.br\/#\/schema\/person\/3cf2cf009926a9683ebc29d5379fa79c\",\"name\":\"Washington Tiago\",\"image\":{\"@type\":\"ImageObject\",\"inLanguage\":\"pt-BR\",\"@id\":\"https:\/\/sudoesteacontece.com.br\/#\/schema\/person\/image\/\",\"url\":\"https:\/\/secure.gravatar.com\/avatar\/33c43b8668157e040f9d1fe93c354bf087cbd8ba36270c1163198bd3ddcf2a56?s=96&d=mm&r=g\",\"contentUrl\":\"https:\/\/secure.gravatar.com\/avatar\/33c43b8668157e040f9d1fe93c354bf087cbd8ba36270c1163198bd3ddcf2a56?s=96&d=mm&r=g\",\"caption\":\"Washington Tiago\"},\"url\":\"https:\/\/sudoesteacontece.com.br\/?author=2\"}]}<\/script>\n<!-- \/ Yoast SEO plugin. -->","yoast_head_json":{"title":"Caso das rachadinhas em Conquista pode abrir vaga na C\u00e2mara e ampliar crise pol\u00edtica - Sudoesteacontece","robots":{"index":"index","follow":"follow","max-snippet":"max-snippet:-1","max-image-preview":"max-image-preview:large","max-video-preview":"max-video-preview:-1"},"canonical":"https:\/\/sudoesteacontece.com.br\/?p=16001","og_locale":"pt_BR","og_type":"article","og_title":"Caso das rachadinhas em Conquista pode abrir vaga na C\u00e2mara e ampliar crise pol\u00edtica - Sudoesteacontece","og_description":"O caso envolvendo o vereador Gilvan Nunes Pereira (Dinho dos Campinhos) voltou a repercutir ap\u00f3s ser exibido em reportagem da TV Sudoeste e repercutido em rede nacional. O processo tramita no Minist\u00e9rio P\u00fablico da Bahia e tamb\u00e9m na Comiss\u00e3o de \u00c9tica da C\u00e2mara Municipal de Vit\u00f3ria da Conquista. A investiga\u00e7\u00e3o apura suspeita de esquema de devolu\u00e7\u00e3o de sal\u00e1rios. Segundo a den\u00fancia, apresentada por um ex-assessor, servidores eram obrigados a devolver parte dos vencimentos por meio de transfer\u00eancias via Pix. Os valores citados no processo variam entre R$ 45 mil e R$ 60 mil. H\u00e1 tamb\u00e9m relatos de que contas chegaram a ficar negativas. Provas como \u00e1udios e comprovantes foram entregues \u00e0 Mesa Diretora da C\u00e2mara. Com o avan\u00e7o do processo, cresce a possibilidade de perda de mandato do vereador. Caso isso ocorra, quem pode assumir a vaga \u00e9 o ex-vereador Sidney Oliveira, primeiro suplente do Republicanos. At\u00e9 o momento, ele e o vice-prefeito Alo\u00edsio Alan n\u00e3o se manifestaram sobre o caso. A defesa do vereador nega as acusa\u00e7\u00f5es e afirma que ele \u00e9 alvo de tentativa de extors\u00e3o. O advogado Ademir Ismerim Medina sustenta a inoc\u00eancia do parlamentar. Enquanto isso, a C\u00e2mara analisa a poss\u00edvel quebra de decoro parlamentar. O caso segue em apura\u00e7\u00e3o e pode ter novos desdobramentos nos pr\u00f3ximos dias.","og_url":"https:\/\/sudoesteacontece.com.br\/?p=16001","og_site_name":"Sudoesteacontece","article_publisher":"https:\/\/www.facebook.com\/sudoesteacontece\/?locale=pt_BR","article_published_time":"2026-04-29T13:56:40+00:00","article_modified_time":"2026-04-29T13:56:44+00:00","og_image":[{"width":900,"height":600,"url":"https:\/\/sudoesteacontece.com.br\/wp-content\/uploads\/2026\/04\/Caso-das-rachadinhas-em-Conquista-pode-abrir-vaga-na-Camara-e-ampliar-crise-politica.jpg","type":"image\/jpeg"}],"author":"Washington Tiago","twitter_card":"summary_large_image","twitter_misc":{"Escrito por":"Washington Tiago","Est. tempo de leitura":"2 minutos"},"schema":{"@context":"https:\/\/schema.org","@graph":[{"@type":"Article","@id":"https:\/\/sudoesteacontece.com.br\/?p=16001#article","isPartOf":{"@id":"https:\/\/sudoesteacontece.com.br\/?p=16001"},"author":{"name":"Washington Tiago","@id":"https:\/\/sudoesteacontece.com.br\/#\/schema\/person\/3cf2cf009926a9683ebc29d5379fa79c"},"headline":"Caso das rachadinhas em Conquista pode abrir vaga na C\u00e2mara e ampliar crise pol\u00edtica","datePublished":"2026-04-29T13:56:40+00:00","dateModified":"2026-04-29T13:56:44+00:00","mainEntityOfPage":{"@id":"https:\/\/sudoesteacontece.com.br\/?p=16001"},"wordCount":247,"commentCount":0,"publisher":{"@id":"https:\/\/sudoesteacontece.com.br\/#organization"},"image":{"@id":"https:\/\/sudoesteacontece.com.br\/?p=16001#primaryimage"},"thumbnailUrl":"http:\/\/sudoesteacontece.com.br\/wp-content\/uploads\/2026\/04\/Caso-das-rachadinhas-em-Conquista-pode-abrir-vaga-na-Camara-e-ampliar-crise-politica.jpg","articleSection":["Cidades","Elei\u00e7\u00f5es 2024","Pol\u00edtica"],"inLanguage":"pt-BR","potentialAction":[{"@type":"CommentAction","name":"Comment","target":["https:\/\/sudoesteacontece.com.br\/?p=16001#respond"]}]},{"@type":"WebPage","@id":"https:\/\/sudoesteacontece.com.br\/?p=16001","url":"https:\/\/sudoesteacontece.com.br\/?p=16001","name":"Caso das rachadinhas em Conquista pode abrir vaga na C\u00e2mara e ampliar crise pol\u00edtica - Sudoesteacontece","isPartOf":{"@id":"https:\/\/sudoesteacontece.com.br\/#website"},"primaryImageOfPage":{"@id":"https:\/\/sudoesteacontece.com.br\/?p=16001#primaryimage"},"image":{"@id":"https:\/\/sudoesteacontece.com.br\/?p=16001#primaryimage"},"thumbnailUrl":"http:\/\/sudoesteacontece.com.br\/wp-content\/uploads\/2026\/04\/Caso-das-rachadinhas-em-Conquista-pode-abrir-vaga-na-Camara-e-ampliar-crise-politica.jpg","datePublished":"2026-04-29T13:56:40+00:00","dateModified":"2026-04-29T13:56:44+00:00","breadcrumb":{"@id":"https:\/\/sudoesteacontece.com.br\/?p=16001#breadcrumb"},"inLanguage":"pt-BR","potentialAction":[{"@type":"ReadAction","target":["https:\/\/sudoesteacontece.com.br\/?p=16001"]}]},{"@type":"ImageObject","inLanguage":"pt-BR","@id":"https:\/\/sudoesteacontece.com.br\/?p=16001#primaryimage","url":"https:\/\/sudoesteacontece.com.br\/wp-content\/uploads\/2026\/04\/Caso-das-rachadinhas-em-Conquista-pode-abrir-vaga-na-Camara-e-ampliar-crise-politica.jpg","contentUrl":"https:\/\/sudoesteacontece.com.br\/wp-content\/uploads\/2026\/04\/Caso-das-rachadinhas-em-Conquista-pode-abrir-vaga-na-Camara-e-ampliar-crise-politica.jpg","width":900,"height":600},{"@type":"BreadcrumbList","@id":"https:\/\/sudoesteacontece.com.br\/?p=16001#breadcrumb","itemListElement":[{"@type":"ListItem","position":1,"name":"In\u00edcio","item":"https:\/\/sudoesteacontece.com.br\/"},{"@type":"ListItem","position":2,"name":"Caso das rachadinhas em Conquista pode abrir vaga na C\u00e2mara e ampliar crise pol\u00edtica"}]},{"@type":"WebSite","@id":"https:\/\/sudoesteacontece.com.br\/#website","url":"https:\/\/sudoesteacontece.com.br\/","name":"Sudoesteacontece","description":"","publisher":{"@id":"https:\/\/sudoesteacontece.com.br\/#organization"},"potentialAction":[{"@type":"SearchAction","target":{"@type":"EntryPoint","urlTemplate":"https:\/\/sudoesteacontece.com.br\/?s={search_term_string}"},"query-input":{"@type":"PropertyValueSpecification","valueRequired":true,"valueName":"search_term_string"}}],"inLanguage":"pt-BR"},{"@type":"Organization","@id":"https:\/\/sudoesteacontece.com.br\/#organization","name":"Sudoesteacontece","url":"https:\/\/sudoesteacontece.com.br\/","logo":{"@type":"ImageObject","inLanguage":"pt-BR","@id":"https:\/\/sudoesteacontece.com.br\/#\/schema\/logo\/image\/","url":"https:\/\/sudoesteacontece.com.br\/wp-content\/uploads\/2025\/12\/cropped-logo-2-180x180-1.png","contentUrl":"https:\/\/sudoesteacontece.com.br\/wp-content\/uploads\/2025\/12\/cropped-logo-2-180x180-1.png","width":180,"height":180,"caption":"Sudoesteacontece"},"image":{"@id":"https:\/\/sudoesteacontece.com.br\/#\/schema\/logo\/image\/"},"sameAs":["https:\/\/www.facebook.com\/sudoesteacontece\/?locale=pt_BR"]},{"@type":"Person","@id":"https:\/\/sudoesteacontece.com.br\/#\/schema\/person\/3cf2cf009926a9683ebc29d5379fa79c","name":"Washington Tiago","image":{"@type":"ImageObject","inLanguage":"pt-BR","@id":"https:\/\/sudoesteacontece.com.br\/#\/schema\/person\/image\/","url":"https:\/\/secure.gravatar.com\/avatar\/33c43b8668157e040f9d1fe93c354bf087cbd8ba36270c1163198bd3ddcf2a56?s=96&d=mm&r=g","contentUrl":"https:\/\/secure.gravatar.com\/avatar\/33c43b8668157e040f9d1fe93c354bf087cbd8ba36270c1163198bd3ddcf2a56?s=96&d=mm&r=g","caption":"Washington Tiago"},"url":"https:\/\/sudoesteacontece.com.br\/?author=2"}]}},"_links":{"self":[{"href":"https:\/\/sudoesteacontece.com.br\/index.php?rest_route=\/wp\/v2\/posts\/16001","targetHints":{"allow":["GET"]}}],"collection":[{"href":"https:\/\/sudoesteacontece.com.br\/index.php?rest_route=\/wp\/v2\/posts"}],"about":[{"href":"https:\/\/sudoesteacontece.com.br\/index.php?rest_route=\/wp\/v2\/types\/post"}],"author":[{"embeddable":true,"href":"https:\/\/sudoesteacontece.com.br\/index.php?rest_route=\/wp\/v2\/users\/2"}],"replies":[{"embeddable":true,"href":"https:\/\/sudoesteacontece.com.br\/index.php?rest_route=%2Fwp%2Fv2%2Fcomments&post=16001"}],"version-history":[{"count":1,"href":"https:\/\/sudoesteacontece.com.br\/index.php?rest_route=\/wp\/v2\/posts\/16001\/revisions"}],"predecessor-version":[{"id":16029,"href":"https:\/\/sudoesteacontece.com.br\/index.php?rest_route=\/wp\/v2\/posts\/16001\/revisions\/16029"}],"wp:attachment":[{"href":"https:\/\/sudoesteacontece.com.br\/index.php?rest_route=%2Fwp%2Fv2%2Fmedia&parent=16001"}],"wp:term":[{"taxonomy":"category","embeddable":true,"href":"https:\/\/sudoesteacontece.com.br\/index.php?rest_route=%2Fwp%2Fv2%2Fcategories&post=16001"},{"taxonomy":"post_tag","embeddable":true,"href":"https:\/\/sudoesteacontece.com.br\/index.php?rest_route=%2Fwp%2Fv2%2Ftags&post=16001"}],"curies":[{"name":"wp","href":"https:\/\/api.w.org\/{rel}","templated":true}]}}