{"id":16002,"date":"2026-04-29T10:34:16","date_gmt":"2026-04-29T13:34:16","guid":{"rendered":"https:\/\/sudoesteacontece.com.br\/?p=16002"},"modified":"2026-04-29T10:42:20","modified_gmt":"2026-04-29T13:42:20","slug":"prefeitura-de-brumado-convoca-audiencia-publica-para-discutir-diretrizes-do-orcamento-de-2027","status":"publish","type":"post","link":"https:\/\/sudoesteacontece.com.br\/?p=16002","title":{"rendered":"Prefeitura de Brumado convoca audi\u00eancia p\u00fablica para discutir diretrizes do or\u00e7amento de 2027"},"content":{"rendered":"<div class=\"wp-block-image\">\n<figure class=\"aligncenter size-full\"><img fetchpriority=\"high\" decoding=\"async\" width=\"900\" height=\"600\" src=\"http:\/\/sudoesteacontece.com.br\/wp-content\/uploads\/2026\/03\/camara-de-brumado.jpg\" alt=\"\" class=\"wp-image-10263\" srcset=\"https:\/\/sudoesteacontece.com.br\/wp-content\/uploads\/2026\/03\/camara-de-brumado.jpg 900w, https:\/\/sudoesteacontece.com.br\/wp-content\/uploads\/2026\/03\/camara-de-brumado-300x200.jpg 300w, https:\/\/sudoesteacontece.com.br\/wp-content\/uploads\/2026\/03\/camara-de-brumado-768x512.jpg 768w\" sizes=\"(max-width: 900px) 100vw, 900px\" \/><\/figure>\n<\/div>\n\n\n<p>A Prefeitura de Brumado publicou edital convocando a popula\u00e7\u00e3o para uma audi\u00eancia p\u00fablica que vai discutir a Lei de Diretrizes Or\u00e7ament\u00e1rias (LDO) de 2027. O encontro est\u00e1 marcado para o dia 30 de abril de 2026, \u00e0s 15h30, na C\u00e2mara Municipal de Vereadores. A proposta define as bases do or\u00e7amento do pr\u00f3ximo ano.<\/p>\n\n\n\n<p>A iniciativa atende \u00e0s exig\u00eancias da Lei de Responsabilidade Fiscal, que determina transpar\u00eancia e participa\u00e7\u00e3o popular na elabora\u00e7\u00e3o das pe\u00e7as or\u00e7ament\u00e1rias. O documento foi assinado pelo prefeito Fabr\u00edcio Abrantes. A gest\u00e3o afirma que o objetivo \u00e9 ampliar o di\u00e1logo com a sociedade.<\/p>\n\n\n\n<p>Durante a audi\u00eancia, ser\u00e3o apresentadas as diretrizes que ir\u00e3o orientar a elabora\u00e7\u00e3o do or\u00e7amento municipal. A prefeitura destaca que o encontro \u00e9 aberto ao p\u00fablico. Autoridades, representantes de institui\u00e7\u00f5es e moradores poder\u00e3o participar e apresentar sugest\u00f5es.<\/p>\n\n\n\n<p>A administra\u00e7\u00e3o municipal refor\u00e7a que a participa\u00e7\u00e3o popular \u00e9 importante para o planejamento das a\u00e7\u00f5es da cidade. As contribui\u00e7\u00f5es colhidas no evento devem ajudar a definir prioridades de investimento. O debate integra o processo de constru\u00e7\u00e3o do or\u00e7amento de 2027.<\/p>\n","protected":false},"excerpt":{"rendered":"<p>A Prefeitura de Brumado publicou edital convocando a popula\u00e7\u00e3o para uma audi\u00eancia p\u00fablica que vai discutir a Lei de Diretrizes Or\u00e7ament\u00e1rias (LDO) de 2027. O encontro est\u00e1 marcado para o dia 30 de abril de 2026, \u00e0s 15h30, na C\u00e2mara Municipal de Vereadores. A proposta define as bases do or\u00e7amento do pr\u00f3ximo ano. A iniciativa atende \u00e0s exig\u00eancias da Lei de Responsabilidade Fiscal, que determina transpar\u00eancia e participa\u00e7\u00e3o popular na elabora\u00e7\u00e3o das pe\u00e7as or\u00e7ament\u00e1rias. O documento foi assinado pelo prefeito Fabr\u00edcio Abrantes. A gest\u00e3o afirma que o objetivo \u00e9 ampliar o di\u00e1logo com a sociedade. Durante a audi\u00eancia, ser\u00e3o apresentadas as diretrizes que ir\u00e3o orientar a elabora\u00e7\u00e3o do or\u00e7amento municipal. A prefeitura destaca que o encontro \u00e9 aberto ao p\u00fablico. Autoridades, representantes de institui\u00e7\u00f5es e moradores poder\u00e3o participar e apresentar sugest\u00f5es. A administra\u00e7\u00e3o municipal refor\u00e7a que a participa\u00e7\u00e3o popular \u00e9 importante para o planejamento das a\u00e7\u00f5es da cidade. As contribui\u00e7\u00f5es colhidas no evento devem ajudar a definir prioridades de investimento. O debate integra o processo de constru\u00e7\u00e3o do or\u00e7amento de 2027.<\/p>\n","protected":false},"author":2,"featured_media":10263,"comment_status":"open","ping_status":"open","sticky":false,"template":"","format":"standard","meta":{"footnotes":""},"categories":[10,4,6],"tags":[],"class_list":["post-16002","post","type-post","status-publish","format-standard","has-post-thumbnail","hentry","category-brumado","category-cidades","category-politica"],"yoast_head":"<!-- This site is optimized with the Yoast SEO plugin v26.5 - https:\/\/yoast.com\/wordpress\/plugins\/seo\/ -->\n<title>Prefeitura de Brumado convoca audi\u00eancia p\u00fablica para discutir diretrizes do or\u00e7amento de 2027 - Sudoesteacontece<\/title>\n<meta name=\"robots\" content=\"index, follow, max-snippet:-1, max-image-preview:large, max-video-preview:-1\" \/>\n<link rel=\"canonical\" href=\"https:\/\/sudoesteacontece.com.br\/?p=16002\" \/>\n<meta property=\"og:locale\" content=\"pt_BR\" \/>\n<meta property=\"og:type\" content=\"article\" \/>\n<meta property=\"og:title\" content=\"Prefeitura de Brumado convoca audi\u00eancia p\u00fablica para discutir diretrizes do or\u00e7amento de 2027 - Sudoesteacontece\" \/>\n<meta property=\"og:description\" content=\"A Prefeitura de Brumado publicou edital convocando a popula\u00e7\u00e3o para uma audi\u00eancia p\u00fablica que vai discutir a Lei de Diretrizes Or\u00e7ament\u00e1rias (LDO) de 2027. O encontro est\u00e1 marcado para o dia 30 de abril de 2026, \u00e0s 15h30, na C\u00e2mara Municipal de Vereadores. A proposta define as bases do or\u00e7amento do pr\u00f3ximo ano. A iniciativa atende \u00e0s exig\u00eancias da Lei de Responsabilidade Fiscal, que determina transpar\u00eancia e participa\u00e7\u00e3o popular na elabora\u00e7\u00e3o das pe\u00e7as or\u00e7ament\u00e1rias. O documento foi assinado pelo prefeito Fabr\u00edcio Abrantes. A gest\u00e3o afirma que o objetivo \u00e9 ampliar o di\u00e1logo com a sociedade. Durante a audi\u00eancia, ser\u00e3o apresentadas as diretrizes que ir\u00e3o orientar a elabora\u00e7\u00e3o do or\u00e7amento municipal. A prefeitura destaca que o encontro \u00e9 aberto ao p\u00fablico. Autoridades, representantes de institui\u00e7\u00f5es e moradores poder\u00e3o participar e apresentar sugest\u00f5es. A administra\u00e7\u00e3o municipal refor\u00e7a que a participa\u00e7\u00e3o popular \u00e9 importante para o planejamento das a\u00e7\u00f5es da cidade. As contribui\u00e7\u00f5es colhidas no evento devem ajudar a definir prioridades de investimento. O debate integra o processo de constru\u00e7\u00e3o do or\u00e7amento de 2027.\" \/>\n<meta property=\"og:url\" content=\"https:\/\/sudoesteacontece.com.br\/?p=16002\" \/>\n<meta property=\"og:site_name\" content=\"Sudoesteacontece\" \/>\n<meta property=\"article:publisher\" content=\"https:\/\/www.facebook.com\/sudoesteacontece\/?locale=pt_BR\" \/>\n<meta property=\"article:published_time\" content=\"2026-04-29T13:34:16+00:00\" \/>\n<meta property=\"article:modified_time\" content=\"2026-04-29T13:42:20+00:00\" \/>\n<meta property=\"og:image\" content=\"http:\/\/sudoesteacontece.com.br\/wp-content\/uploads\/2026\/03\/camara-de-brumado.jpg\" \/>\n\t<meta property=\"og:image:width\" content=\"900\" \/>\n\t<meta property=\"og:image:height\" content=\"600\" \/>\n\t<meta property=\"og:image:type\" content=\"image\/jpeg\" \/>\n<meta name=\"author\" content=\"Washington Tiago\" \/>\n<meta name=\"twitter:card\" content=\"summary_large_image\" \/>\n<meta name=\"twitter:label1\" content=\"Escrito por\" \/>\n\t<meta name=\"twitter:data1\" content=\"Washington Tiago\" \/>\n\t<meta name=\"twitter:label2\" content=\"Est. tempo de leitura\" \/>\n\t<meta name=\"twitter:data2\" content=\"2 minutos\" \/>\n<script type=\"application\/ld+json\" class=\"yoast-schema-graph\">{\"@context\":\"https:\/\/schema.org\",\"@graph\":[{\"@type\":\"Article\",\"@id\":\"https:\/\/sudoesteacontece.com.br\/?p=16002#article\",\"isPartOf\":{\"@id\":\"https:\/\/sudoesteacontece.com.br\/?p=16002\"},\"author\":{\"name\":\"Washington Tiago\",\"@id\":\"https:\/\/sudoesteacontece.com.br\/#\/schema\/person\/3cf2cf009926a9683ebc29d5379fa79c\"},\"headline\":\"Prefeitura de Brumado convoca audi\u00eancia p\u00fablica para discutir diretrizes do or\u00e7amento de 2027\",\"datePublished\":\"2026-04-29T13:34:16+00:00\",\"dateModified\":\"2026-04-29T13:42:20+00:00\",\"mainEntityOfPage\":{\"@id\":\"https:\/\/sudoesteacontece.com.br\/?p=16002\"},\"wordCount\":213,\"commentCount\":0,\"publisher\":{\"@id\":\"https:\/\/sudoesteacontece.com.br\/#organization\"},\"image\":{\"@id\":\"https:\/\/sudoesteacontece.com.br\/?p=16002#primaryimage\"},\"thumbnailUrl\":\"https:\/\/sudoesteacontece.com.br\/wp-content\/uploads\/2026\/03\/camara-de-brumado.jpg\",\"articleSection\":[\"Brumado\",\"Cidades\",\"Pol\u00edtica\"],\"inLanguage\":\"pt-BR\",\"potentialAction\":[{\"@type\":\"CommentAction\",\"name\":\"Comment\",\"target\":[\"https:\/\/sudoesteacontece.com.br\/?p=16002#respond\"]}]},{\"@type\":\"WebPage\",\"@id\":\"https:\/\/sudoesteacontece.com.br\/?p=16002\",\"url\":\"https:\/\/sudoesteacontece.com.br\/?p=16002\",\"name\":\"Prefeitura de Brumado convoca audi\u00eancia p\u00fablica para discutir diretrizes do or\u00e7amento de 2027 - Sudoesteacontece\",\"isPartOf\":{\"@id\":\"https:\/\/sudoesteacontece.com.br\/#website\"},\"primaryImageOfPage\":{\"@id\":\"https:\/\/sudoesteacontece.com.br\/?p=16002#primaryimage\"},\"image\":{\"@id\":\"https:\/\/sudoesteacontece.com.br\/?p=16002#primaryimage\"},\"thumbnailUrl\":\"https:\/\/sudoesteacontece.com.br\/wp-content\/uploads\/2026\/03\/camara-de-brumado.jpg\",\"datePublished\":\"2026-04-29T13:34:16+00:00\",\"dateModified\":\"2026-04-29T13:42:20+00:00\",\"breadcrumb\":{\"@id\":\"https:\/\/sudoesteacontece.com.br\/?p=16002#breadcrumb\"},\"inLanguage\":\"pt-BR\",\"potentialAction\":[{\"@type\":\"ReadAction\",\"target\":[\"https:\/\/sudoesteacontece.com.br\/?p=16002\"]}]},{\"@type\":\"ImageObject\",\"inLanguage\":\"pt-BR\",\"@id\":\"https:\/\/sudoesteacontece.com.br\/?p=16002#primaryimage\",\"url\":\"https:\/\/sudoesteacontece.com.br\/wp-content\/uploads\/2026\/03\/camara-de-brumado.jpg\",\"contentUrl\":\"https:\/\/sudoesteacontece.com.br\/wp-content\/uploads\/2026\/03\/camara-de-brumado.jpg\",\"width\":900,\"height\":600},{\"@type\":\"BreadcrumbList\",\"@id\":\"https:\/\/sudoesteacontece.com.br\/?p=16002#breadcrumb\",\"itemListElement\":[{\"@type\":\"ListItem\",\"position\":1,\"name\":\"In\u00edcio\",\"item\":\"https:\/\/sudoesteacontece.com.br\/\"},{\"@type\":\"ListItem\",\"position\":2,\"name\":\"Prefeitura de Brumado convoca audi\u00eancia p\u00fablica para discutir diretrizes do or\u00e7amento de 2027\"}]},{\"@type\":\"WebSite\",\"@id\":\"https:\/\/sudoesteacontece.com.br\/#website\",\"url\":\"https:\/\/sudoesteacontece.com.br\/\",\"name\":\"Sudoesteacontece\",\"description\":\"\",\"publisher\":{\"@id\":\"https:\/\/sudoesteacontece.com.br\/#organization\"},\"potentialAction\":[{\"@type\":\"SearchAction\",\"target\":{\"@type\":\"EntryPoint\",\"urlTemplate\":\"https:\/\/sudoesteacontece.com.br\/?s={search_term_string}\"},\"query-input\":{\"@type\":\"PropertyValueSpecification\",\"valueRequired\":true,\"valueName\":\"search_term_string\"}}],\"inLanguage\":\"pt-BR\"},{\"@type\":\"Organization\",\"@id\":\"https:\/\/sudoesteacontece.com.br\/#organization\",\"name\":\"Sudoesteacontece\",\"url\":\"https:\/\/sudoesteacontece.com.br\/\",\"logo\":{\"@type\":\"ImageObject\",\"inLanguage\":\"pt-BR\",\"@id\":\"https:\/\/sudoesteacontece.com.br\/#\/schema\/logo\/image\/\",\"url\":\"https:\/\/sudoesteacontece.com.br\/wp-content\/uploads\/2025\/12\/cropped-logo-2-180x180-1.png\",\"contentUrl\":\"https:\/\/sudoesteacontece.com.br\/wp-content\/uploads\/2025\/12\/cropped-logo-2-180x180-1.png\",\"width\":180,\"height\":180,\"caption\":\"Sudoesteacontece\"},\"image\":{\"@id\":\"https:\/\/sudoesteacontece.com.br\/#\/schema\/logo\/image\/\"},\"sameAs\":[\"https:\/\/www.facebook.com\/sudoesteacontece\/?locale=pt_BR\"]},{\"@type\":\"Person\",\"@id\":\"https:\/\/sudoesteacontece.com.br\/#\/schema\/person\/3cf2cf009926a9683ebc29d5379fa79c\",\"name\":\"Washington Tiago\",\"image\":{\"@type\":\"ImageObject\",\"inLanguage\":\"pt-BR\",\"@id\":\"https:\/\/sudoesteacontece.com.br\/#\/schema\/person\/image\/\",\"url\":\"https:\/\/secure.gravatar.com\/avatar\/33c43b8668157e040f9d1fe93c354bf087cbd8ba36270c1163198bd3ddcf2a56?s=96&d=mm&r=g\",\"contentUrl\":\"https:\/\/secure.gravatar.com\/avatar\/33c43b8668157e040f9d1fe93c354bf087cbd8ba36270c1163198bd3ddcf2a56?s=96&d=mm&r=g\",\"caption\":\"Washington Tiago\"},\"url\":\"https:\/\/sudoesteacontece.com.br\/?author=2\"}]}<\/script>\n<!-- \/ Yoast SEO plugin. -->","yoast_head_json":{"title":"Prefeitura de Brumado convoca audi\u00eancia p\u00fablica para discutir diretrizes do or\u00e7amento de 2027 - Sudoesteacontece","robots":{"index":"index","follow":"follow","max-snippet":"max-snippet:-1","max-image-preview":"max-image-preview:large","max-video-preview":"max-video-preview:-1"},"canonical":"https:\/\/sudoesteacontece.com.br\/?p=16002","og_locale":"pt_BR","og_type":"article","og_title":"Prefeitura de Brumado convoca audi\u00eancia p\u00fablica para discutir diretrizes do or\u00e7amento de 2027 - Sudoesteacontece","og_description":"A Prefeitura de Brumado publicou edital convocando a popula\u00e7\u00e3o para uma audi\u00eancia p\u00fablica que vai discutir a Lei de Diretrizes Or\u00e7ament\u00e1rias (LDO) de 2027. O encontro est\u00e1 marcado para o dia 30 de abril de 2026, \u00e0s 15h30, na C\u00e2mara Municipal de Vereadores. A proposta define as bases do or\u00e7amento do pr\u00f3ximo ano. A iniciativa atende \u00e0s exig\u00eancias da Lei de Responsabilidade Fiscal, que determina transpar\u00eancia e participa\u00e7\u00e3o popular na elabora\u00e7\u00e3o das pe\u00e7as or\u00e7ament\u00e1rias. O documento foi assinado pelo prefeito Fabr\u00edcio Abrantes. A gest\u00e3o afirma que o objetivo \u00e9 ampliar o di\u00e1logo com a sociedade. Durante a audi\u00eancia, ser\u00e3o apresentadas as diretrizes que ir\u00e3o orientar a elabora\u00e7\u00e3o do or\u00e7amento municipal. A prefeitura destaca que o encontro \u00e9 aberto ao p\u00fablico. Autoridades, representantes de institui\u00e7\u00f5es e moradores poder\u00e3o participar e apresentar sugest\u00f5es. A administra\u00e7\u00e3o municipal refor\u00e7a que a participa\u00e7\u00e3o popular \u00e9 importante para o planejamento das a\u00e7\u00f5es da cidade. As contribui\u00e7\u00f5es colhidas no evento devem ajudar a definir prioridades de investimento. O debate integra o processo de constru\u00e7\u00e3o do or\u00e7amento de 2027.","og_url":"https:\/\/sudoesteacontece.com.br\/?p=16002","og_site_name":"Sudoesteacontece","article_publisher":"https:\/\/www.facebook.com\/sudoesteacontece\/?locale=pt_BR","article_published_time":"2026-04-29T13:34:16+00:00","article_modified_time":"2026-04-29T13:42:20+00:00","og_image":[{"width":900,"height":600,"url":"http:\/\/sudoesteacontece.com.br\/wp-content\/uploads\/2026\/03\/camara-de-brumado.jpg","type":"image\/jpeg"}],"author":"Washington Tiago","twitter_card":"summary_large_image","twitter_misc":{"Escrito por":"Washington Tiago","Est. tempo de leitura":"2 minutos"},"schema":{"@context":"https:\/\/schema.org","@graph":[{"@type":"Article","@id":"https:\/\/sudoesteacontece.com.br\/?p=16002#article","isPartOf":{"@id":"https:\/\/sudoesteacontece.com.br\/?p=16002"},"author":{"name":"Washington Tiago","@id":"https:\/\/sudoesteacontece.com.br\/#\/schema\/person\/3cf2cf009926a9683ebc29d5379fa79c"},"headline":"Prefeitura de Brumado convoca audi\u00eancia p\u00fablica para discutir diretrizes do or\u00e7amento de 2027","datePublished":"2026-04-29T13:34:16+00:00","dateModified":"2026-04-29T13:42:20+00:00","mainEntityOfPage":{"@id":"https:\/\/sudoesteacontece.com.br\/?p=16002"},"wordCount":213,"commentCount":0,"publisher":{"@id":"https:\/\/sudoesteacontece.com.br\/#organization"},"image":{"@id":"https:\/\/sudoesteacontece.com.br\/?p=16002#primaryimage"},"thumbnailUrl":"https:\/\/sudoesteacontece.com.br\/wp-content\/uploads\/2026\/03\/camara-de-brumado.jpg","articleSection":["Brumado","Cidades","Pol\u00edtica"],"inLanguage":"pt-BR","potentialAction":[{"@type":"CommentAction","name":"Comment","target":["https:\/\/sudoesteacontece.com.br\/?p=16002#respond"]}]},{"@type":"WebPage","@id":"https:\/\/sudoesteacontece.com.br\/?p=16002","url":"https:\/\/sudoesteacontece.com.br\/?p=16002","name":"Prefeitura de Brumado convoca audi\u00eancia p\u00fablica para discutir diretrizes do or\u00e7amento de 2027 - Sudoesteacontece","isPartOf":{"@id":"https:\/\/sudoesteacontece.com.br\/#website"},"primaryImageOfPage":{"@id":"https:\/\/sudoesteacontece.com.br\/?p=16002#primaryimage"},"image":{"@id":"https:\/\/sudoesteacontece.com.br\/?p=16002#primaryimage"},"thumbnailUrl":"https:\/\/sudoesteacontece.com.br\/wp-content\/uploads\/2026\/03\/camara-de-brumado.jpg","datePublished":"2026-04-29T13:34:16+00:00","dateModified":"2026-04-29T13:42:20+00:00","breadcrumb":{"@id":"https:\/\/sudoesteacontece.com.br\/?p=16002#breadcrumb"},"inLanguage":"pt-BR","potentialAction":[{"@type":"ReadAction","target":["https:\/\/sudoesteacontece.com.br\/?p=16002"]}]},{"@type":"ImageObject","inLanguage":"pt-BR","@id":"https:\/\/sudoesteacontece.com.br\/?p=16002#primaryimage","url":"https:\/\/sudoesteacontece.com.br\/wp-content\/uploads\/2026\/03\/camara-de-brumado.jpg","contentUrl":"https:\/\/sudoesteacontece.com.br\/wp-content\/uploads\/2026\/03\/camara-de-brumado.jpg","width":900,"height":600},{"@type":"BreadcrumbList","@id":"https:\/\/sudoesteacontece.com.br\/?p=16002#breadcrumb","itemListElement":[{"@type":"ListItem","position":1,"name":"In\u00edcio","item":"https:\/\/sudoesteacontece.com.br\/"},{"@type":"ListItem","position":2,"name":"Prefeitura de Brumado convoca audi\u00eancia p\u00fablica para discutir diretrizes do or\u00e7amento de 2027"}]},{"@type":"WebSite","@id":"https:\/\/sudoesteacontece.com.br\/#website","url":"https:\/\/sudoesteacontece.com.br\/","name":"Sudoesteacontece","description":"","publisher":{"@id":"https:\/\/sudoesteacontece.com.br\/#organization"},"potentialAction":[{"@type":"SearchAction","target":{"@type":"EntryPoint","urlTemplate":"https:\/\/sudoesteacontece.com.br\/?s={search_term_string}"},"query-input":{"@type":"PropertyValueSpecification","valueRequired":true,"valueName":"search_term_string"}}],"inLanguage":"pt-BR"},{"@type":"Organization","@id":"https:\/\/sudoesteacontece.com.br\/#organization","name":"Sudoesteacontece","url":"https:\/\/sudoesteacontece.com.br\/","logo":{"@type":"ImageObject","inLanguage":"pt-BR","@id":"https:\/\/sudoesteacontece.com.br\/#\/schema\/logo\/image\/","url":"https:\/\/sudoesteacontece.com.br\/wp-content\/uploads\/2025\/12\/cropped-logo-2-180x180-1.png","contentUrl":"https:\/\/sudoesteacontece.com.br\/wp-content\/uploads\/2025\/12\/cropped-logo-2-180x180-1.png","width":180,"height":180,"caption":"Sudoesteacontece"},"image":{"@id":"https:\/\/sudoesteacontece.com.br\/#\/schema\/logo\/image\/"},"sameAs":["https:\/\/www.facebook.com\/sudoesteacontece\/?locale=pt_BR"]},{"@type":"Person","@id":"https:\/\/sudoesteacontece.com.br\/#\/schema\/person\/3cf2cf009926a9683ebc29d5379fa79c","name":"Washington Tiago","image":{"@type":"ImageObject","inLanguage":"pt-BR","@id":"https:\/\/sudoesteacontece.com.br\/#\/schema\/person\/image\/","url":"https:\/\/secure.gravatar.com\/avatar\/33c43b8668157e040f9d1fe93c354bf087cbd8ba36270c1163198bd3ddcf2a56?s=96&d=mm&r=g","contentUrl":"https:\/\/secure.gravatar.com\/avatar\/33c43b8668157e040f9d1fe93c354bf087cbd8ba36270c1163198bd3ddcf2a56?s=96&d=mm&r=g","caption":"Washington Tiago"},"url":"https:\/\/sudoesteacontece.com.br\/?author=2"}]}},"_links":{"self":[{"href":"https:\/\/sudoesteacontece.com.br\/index.php?rest_route=\/wp\/v2\/posts\/16002","targetHints":{"allow":["GET"]}}],"collection":[{"href":"https:\/\/sudoesteacontece.com.br\/index.php?rest_route=\/wp\/v2\/posts"}],"about":[{"href":"https:\/\/sudoesteacontece.com.br\/index.php?rest_route=\/wp\/v2\/types\/post"}],"author":[{"embeddable":true,"href":"https:\/\/sudoesteacontece.com.br\/index.php?rest_route=\/wp\/v2\/users\/2"}],"replies":[{"embeddable":true,"href":"https:\/\/sudoesteacontece.com.br\/index.php?rest_route=%2Fwp%2Fv2%2Fcomments&post=16002"}],"version-history":[{"count":1,"href":"https:\/\/sudoesteacontece.com.br\/index.php?rest_route=\/wp\/v2\/posts\/16002\/revisions"}],"predecessor-version":[{"id":16014,"href":"https:\/\/sudoesteacontece.com.br\/index.php?rest_route=\/wp\/v2\/posts\/16002\/revisions\/16014"}],"wp:featuredmedia":[{"embeddable":true,"href":"https:\/\/sudoesteacontece.com.br\/index.php?rest_route=\/wp\/v2\/media\/10263"}],"wp:attachment":[{"href":"https:\/\/sudoesteacontece.com.br\/index.php?rest_route=%2Fwp%2Fv2%2Fmedia&parent=16002"}],"wp:term":[{"taxonomy":"category","embeddable":true,"href":"https:\/\/sudoesteacontece.com.br\/index.php?rest_route=%2Fwp%2Fv2%2Fcategories&post=16002"},{"taxonomy":"post_tag","embeddable":true,"href":"https:\/\/sudoesteacontece.com.br\/index.php?rest_route=%2Fwp%2Fv2%2Ftags&post=16002"}],"curies":[{"name":"wp","href":"https:\/\/api.w.org\/{rel}","templated":true}]}}