{"id":1667,"date":"2025-11-03T18:38:04","date_gmt":"2025-11-03T21:38:04","guid":{"rendered":"https:\/\/sudoesteacontece.com.br\/?p=1667"},"modified":"2025-11-03T18:38:08","modified_gmt":"2025-11-03T21:38:08","slug":"cerb-recebe-aval-ambiental-para-obras-da-barragem-do-rio-da-caixa-em-rio-do-pires","status":"publish","type":"post","link":"https:\/\/sudoesteacontece.com.br\/?p=1667","title":{"rendered":"CERB recebe aval ambiental para obras da barragem do Rio da Caixa, em Rio do Pires"},"content":{"rendered":"<div class=\"wp-block-image\">\n<figure class=\"aligncenter size-full\"><img fetchpriority=\"high\" decoding=\"async\" width=\"848\" height=\"802\" src=\"http:\/\/sudoesteacontece.com.br\/wp-content\/uploads\/2025\/11\/CERB-recebe-aval-ambiental-para-obras-da-barragem-do-Rio-da-Caixa-em-Rio-do-Pires-sudoeste-acontece.jpg\" alt=\"\" class=\"wp-image-1701\" srcset=\"https:\/\/sudoesteacontece.com.br\/wp-content\/uploads\/2025\/11\/CERB-recebe-aval-ambiental-para-obras-da-barragem-do-Rio-da-Caixa-em-Rio-do-Pires-sudoeste-acontece.jpg 848w, https:\/\/sudoesteacontece.com.br\/wp-content\/uploads\/2025\/11\/CERB-recebe-aval-ambiental-para-obras-da-barragem-do-Rio-da-Caixa-em-Rio-do-Pires-sudoeste-acontece-300x284.jpg 300w, https:\/\/sudoesteacontece.com.br\/wp-content\/uploads\/2025\/11\/CERB-recebe-aval-ambiental-para-obras-da-barragem-do-Rio-da-Caixa-em-Rio-do-Pires-sudoeste-acontece-768x726.jpg 768w\" sizes=\"(max-width: 848px) 100vw, 848px\" \/><\/figure>\n<\/div>\n\n\n<p>Secretaria de Meio Ambiente de Rio do Pires (BA) autorizou a CERB a realizar a supress\u00e3o de vegeta\u00e7\u00e3o nativa e o manejo de fauna em uma \u00e1rea de 21,17 hectares na comunidade de Varzinha. Local ser\u00e1 usado para a extra\u00e7\u00e3o de areia destinada \u00e0 constru\u00e7\u00e3o da barragem do Rio da Caixa.<\/p>\n\n\n\n<p>Autoriza\u00e7\u00e3o de Supress\u00e3o Vegetal n\u00ba 002\/2025, publicada em 30 de outubro, tem validade de dois anos e inclui medidas de salvamento e monitoramento da fauna silvestre. Interven\u00e7\u00e3o dever\u00e1 seguir normas t\u00e9cnicas e ambientais, com uso de EPI\u2019s, capacita\u00e7\u00e3o de trabalhadores locais e proibi\u00e7\u00e3o do uso de corrent\u00e3o.<\/p>\n\n\n\n<p>CERB tamb\u00e9m dever\u00e1 apresentar planos de recupera\u00e7\u00e3o das \u00e1reas degradadas (PRAD), compensa\u00e7\u00e3o ambiental e relat\u00f3rios peri\u00f3dicos sobre a qualidade da \u00e1gua e fauna local. Esp\u00e9cies amea\u00e7adas n\u00e3o poder\u00e3o ser afetadas, e todas as a\u00e7\u00f5es ser\u00e3o acompanhadas por profissionais habilitados.<\/p>\n\n\n\n<p>Al\u00e9m disso, a empresa dever\u00e1 desenvolver um programa de educa\u00e7\u00e3o ambiental voltado \u00e0 comunidade, com foco em preserva\u00e7\u00e3o e uso sustent\u00e1vel dos recursos naturais. Descumprimento das condicionantes pode levar \u00e0 suspens\u00e3o da licen\u00e7a e \u00e0 obriga\u00e7\u00e3o de repara\u00e7\u00e3o de danos ambientais.<\/p>\n","protected":false},"excerpt":{"rendered":"<p>Secretaria de Meio Ambiente de Rio do Pires (BA) autorizou a CERB a realizar a supress\u00e3o de vegeta\u00e7\u00e3o nativa e o manejo de fauna em uma \u00e1rea de 21,17 hectares na comunidade de Varzinha. Local ser\u00e1 usado para a extra\u00e7\u00e3o de areia destinada \u00e0 constru\u00e7\u00e3o da barragem do Rio da Caixa. Autoriza\u00e7\u00e3o de Supress\u00e3o Vegetal n\u00ba 002\/2025, publicada em 30 de outubro, tem validade de dois anos e inclui medidas de salvamento e monitoramento da fauna silvestre. Interven\u00e7\u00e3o dever\u00e1 seguir normas t\u00e9cnicas e ambientais, com uso de EPI\u2019s, capacita\u00e7\u00e3o de trabalhadores locais e proibi\u00e7\u00e3o do uso de corrent\u00e3o. CERB tamb\u00e9m dever\u00e1 apresentar planos de recupera\u00e7\u00e3o das \u00e1reas degradadas (PRAD), compensa\u00e7\u00e3o ambiental e relat\u00f3rios peri\u00f3dicos sobre a qualidade da \u00e1gua e fauna local. Esp\u00e9cies amea\u00e7adas n\u00e3o poder\u00e3o ser afetadas, e todas as a\u00e7\u00f5es ser\u00e3o acompanhadas por profissionais habilitados. Al\u00e9m disso, a empresa dever\u00e1 desenvolver um programa de educa\u00e7\u00e3o ambiental voltado \u00e0 comunidade, com foco em preserva\u00e7\u00e3o e uso sustent\u00e1vel dos recursos naturais. Descumprimento das condicionantes pode levar \u00e0 suspens\u00e3o da licen\u00e7a e \u00e0 obriga\u00e7\u00e3o de repara\u00e7\u00e3o de danos ambientais.<\/p>\n","protected":false},"author":2,"featured_media":1701,"comment_status":"open","ping_status":"open","sticky":false,"template":"","format":"standard","meta":{"footnotes":""},"categories":[4,6,69],"tags":[],"class_list":["post-1667","post","type-post","status-publish","format-standard","has-post-thumbnail","hentry","category-cidades","category-politica","category-rio-do-pires"],"yoast_head":"<!-- This site is optimized with the Yoast SEO plugin v26.5 - https:\/\/yoast.com\/wordpress\/plugins\/seo\/ -->\n<title>CERB recebe aval ambiental para obras da barragem do Rio da Caixa, em Rio do Pires - Sudoesteacontece<\/title>\n<meta name=\"robots\" content=\"index, follow, max-snippet:-1, max-image-preview:large, max-video-preview:-1\" \/>\n<link rel=\"canonical\" href=\"https:\/\/sudoesteacontece.com.br\/?p=1667\" \/>\n<meta property=\"og:locale\" content=\"pt_BR\" \/>\n<meta property=\"og:type\" content=\"article\" \/>\n<meta property=\"og:title\" content=\"CERB recebe aval ambiental para obras da barragem do Rio da Caixa, em Rio do Pires - Sudoesteacontece\" \/>\n<meta property=\"og:description\" content=\"Secretaria de Meio Ambiente de Rio do Pires (BA) autorizou a CERB a realizar a supress\u00e3o de vegeta\u00e7\u00e3o nativa e o manejo de fauna em uma \u00e1rea de 21,17 hectares na comunidade de Varzinha. Local ser\u00e1 usado para a extra\u00e7\u00e3o de areia destinada \u00e0 constru\u00e7\u00e3o da barragem do Rio da Caixa. Autoriza\u00e7\u00e3o de Supress\u00e3o Vegetal n\u00ba 002\/2025, publicada em 30 de outubro, tem validade de dois anos e inclui medidas de salvamento e monitoramento da fauna silvestre. Interven\u00e7\u00e3o dever\u00e1 seguir normas t\u00e9cnicas e ambientais, com uso de EPI\u2019s, capacita\u00e7\u00e3o de trabalhadores locais e proibi\u00e7\u00e3o do uso de corrent\u00e3o. CERB tamb\u00e9m dever\u00e1 apresentar planos de recupera\u00e7\u00e3o das \u00e1reas degradadas (PRAD), compensa\u00e7\u00e3o ambiental e relat\u00f3rios peri\u00f3dicos sobre a qualidade da \u00e1gua e fauna local. Esp\u00e9cies amea\u00e7adas n\u00e3o poder\u00e3o ser afetadas, e todas as a\u00e7\u00f5es ser\u00e3o acompanhadas por profissionais habilitados. Al\u00e9m disso, a empresa dever\u00e1 desenvolver um programa de educa\u00e7\u00e3o ambiental voltado \u00e0 comunidade, com foco em preserva\u00e7\u00e3o e uso sustent\u00e1vel dos recursos naturais. Descumprimento das condicionantes pode levar \u00e0 suspens\u00e3o da licen\u00e7a e \u00e0 obriga\u00e7\u00e3o de repara\u00e7\u00e3o de danos ambientais.\" \/>\n<meta property=\"og:url\" content=\"https:\/\/sudoesteacontece.com.br\/?p=1667\" \/>\n<meta property=\"og:site_name\" content=\"Sudoesteacontece\" \/>\n<meta property=\"article:publisher\" content=\"https:\/\/www.facebook.com\/sudoesteacontece\/?locale=pt_BR\" \/>\n<meta property=\"article:published_time\" content=\"2025-11-03T21:38:04+00:00\" \/>\n<meta property=\"article:modified_time\" content=\"2025-11-03T21:38:08+00:00\" \/>\n<meta property=\"og:image\" content=\"https:\/\/sudoesteacontece.com.br\/wp-content\/uploads\/2025\/11\/CERB-recebe-aval-ambiental-para-obras-da-barragem-do-Rio-da-Caixa-em-Rio-do-Pires-sudoeste-acontece.jpg\" \/>\n\t<meta property=\"og:image:width\" content=\"848\" \/>\n\t<meta property=\"og:image:height\" content=\"802\" \/>\n\t<meta property=\"og:image:type\" content=\"image\/jpeg\" \/>\n<meta name=\"author\" content=\"Washington Tiago\" \/>\n<meta name=\"twitter:card\" content=\"summary_large_image\" \/>\n<meta name=\"twitter:label1\" content=\"Escrito por\" \/>\n\t<meta name=\"twitter:data1\" content=\"Washington Tiago\" \/>\n\t<meta name=\"twitter:label2\" content=\"Est. tempo de leitura\" \/>\n\t<meta name=\"twitter:data2\" content=\"1 minuto\" \/>\n<script type=\"application\/ld+json\" class=\"yoast-schema-graph\">{\"@context\":\"https:\/\/schema.org\",\"@graph\":[{\"@type\":\"Article\",\"@id\":\"https:\/\/sudoesteacontece.com.br\/?p=1667#article\",\"isPartOf\":{\"@id\":\"https:\/\/sudoesteacontece.com.br\/?p=1667\"},\"author\":{\"name\":\"Washington Tiago\",\"@id\":\"https:\/\/sudoesteacontece.com.br\/#\/schema\/person\/3cf2cf009926a9683ebc29d5379fa79c\"},\"headline\":\"CERB recebe aval ambiental para obras da barragem do Rio da Caixa, em Rio do Pires\",\"datePublished\":\"2025-11-03T21:38:04+00:00\",\"dateModified\":\"2025-11-03T21:38:08+00:00\",\"mainEntityOfPage\":{\"@id\":\"https:\/\/sudoesteacontece.com.br\/?p=1667\"},\"wordCount\":218,\"commentCount\":0,\"publisher\":{\"@id\":\"https:\/\/sudoesteacontece.com.br\/#organization\"},\"image\":{\"@id\":\"https:\/\/sudoesteacontece.com.br\/?p=1667#primaryimage\"},\"thumbnailUrl\":\"https:\/\/sudoesteacontece.com.br\/wp-content\/uploads\/2025\/11\/CERB-recebe-aval-ambiental-para-obras-da-barragem-do-Rio-da-Caixa-em-Rio-do-Pires-sudoeste-acontece.jpg\",\"articleSection\":[\"Cidades\",\"Pol\u00edtica\",\"Rio do Pires\"],\"inLanguage\":\"pt-BR\",\"potentialAction\":[{\"@type\":\"CommentAction\",\"name\":\"Comment\",\"target\":[\"https:\/\/sudoesteacontece.com.br\/?p=1667#respond\"]}]},{\"@type\":\"WebPage\",\"@id\":\"https:\/\/sudoesteacontece.com.br\/?p=1667\",\"url\":\"https:\/\/sudoesteacontece.com.br\/?p=1667\",\"name\":\"CERB recebe aval ambiental para obras da barragem do Rio da Caixa, em Rio do Pires - Sudoesteacontece\",\"isPartOf\":{\"@id\":\"https:\/\/sudoesteacontece.com.br\/#website\"},\"primaryImageOfPage\":{\"@id\":\"https:\/\/sudoesteacontece.com.br\/?p=1667#primaryimage\"},\"image\":{\"@id\":\"https:\/\/sudoesteacontece.com.br\/?p=1667#primaryimage\"},\"thumbnailUrl\":\"https:\/\/sudoesteacontece.com.br\/wp-content\/uploads\/2025\/11\/CERB-recebe-aval-ambiental-para-obras-da-barragem-do-Rio-da-Caixa-em-Rio-do-Pires-sudoeste-acontece.jpg\",\"datePublished\":\"2025-11-03T21:38:04+00:00\",\"dateModified\":\"2025-11-03T21:38:08+00:00\",\"breadcrumb\":{\"@id\":\"https:\/\/sudoesteacontece.com.br\/?p=1667#breadcrumb\"},\"inLanguage\":\"pt-BR\",\"potentialAction\":[{\"@type\":\"ReadAction\",\"target\":[\"https:\/\/sudoesteacontece.com.br\/?p=1667\"]}]},{\"@type\":\"ImageObject\",\"inLanguage\":\"pt-BR\",\"@id\":\"https:\/\/sudoesteacontece.com.br\/?p=1667#primaryimage\",\"url\":\"https:\/\/sudoesteacontece.com.br\/wp-content\/uploads\/2025\/11\/CERB-recebe-aval-ambiental-para-obras-da-barragem-do-Rio-da-Caixa-em-Rio-do-Pires-sudoeste-acontece.jpg\",\"contentUrl\":\"https:\/\/sudoesteacontece.com.br\/wp-content\/uploads\/2025\/11\/CERB-recebe-aval-ambiental-para-obras-da-barragem-do-Rio-da-Caixa-em-Rio-do-Pires-sudoeste-acontece.jpg\",\"width\":848,\"height\":802},{\"@type\":\"BreadcrumbList\",\"@id\":\"https:\/\/sudoesteacontece.com.br\/?p=1667#breadcrumb\",\"itemListElement\":[{\"@type\":\"ListItem\",\"position\":1,\"name\":\"In\u00edcio\",\"item\":\"https:\/\/sudoesteacontece.com.br\/\"},{\"@type\":\"ListItem\",\"position\":2,\"name\":\"CERB recebe aval ambiental para obras da barragem do Rio da Caixa, em Rio do Pires\"}]},{\"@type\":\"WebSite\",\"@id\":\"https:\/\/sudoesteacontece.com.br\/#website\",\"url\":\"https:\/\/sudoesteacontece.com.br\/\",\"name\":\"Sudoesteacontece\",\"description\":\"\",\"publisher\":{\"@id\":\"https:\/\/sudoesteacontece.com.br\/#organization\"},\"potentialAction\":[{\"@type\":\"SearchAction\",\"target\":{\"@type\":\"EntryPoint\",\"urlTemplate\":\"https:\/\/sudoesteacontece.com.br\/?s={search_term_string}\"},\"query-input\":{\"@type\":\"PropertyValueSpecification\",\"valueRequired\":true,\"valueName\":\"search_term_string\"}}],\"inLanguage\":\"pt-BR\"},{\"@type\":\"Organization\",\"@id\":\"https:\/\/sudoesteacontece.com.br\/#organization\",\"name\":\"Sudoesteacontece\",\"url\":\"https:\/\/sudoesteacontece.com.br\/\",\"logo\":{\"@type\":\"ImageObject\",\"inLanguage\":\"pt-BR\",\"@id\":\"https:\/\/sudoesteacontece.com.br\/#\/schema\/logo\/image\/\",\"url\":\"https:\/\/sudoesteacontece.com.br\/wp-content\/uploads\/2025\/12\/cropped-logo-2-180x180-1.png\",\"contentUrl\":\"https:\/\/sudoesteacontece.com.br\/wp-content\/uploads\/2025\/12\/cropped-logo-2-180x180-1.png\",\"width\":180,\"height\":180,\"caption\":\"Sudoesteacontece\"},\"image\":{\"@id\":\"https:\/\/sudoesteacontece.com.br\/#\/schema\/logo\/image\/\"},\"sameAs\":[\"https:\/\/www.facebook.com\/sudoesteacontece\/?locale=pt_BR\"]},{\"@type\":\"Person\",\"@id\":\"https:\/\/sudoesteacontece.com.br\/#\/schema\/person\/3cf2cf009926a9683ebc29d5379fa79c\",\"name\":\"Washington Tiago\",\"image\":{\"@type\":\"ImageObject\",\"inLanguage\":\"pt-BR\",\"@id\":\"https:\/\/sudoesteacontece.com.br\/#\/schema\/person\/image\/\",\"url\":\"https:\/\/secure.gravatar.com\/avatar\/33c43b8668157e040f9d1fe93c354bf087cbd8ba36270c1163198bd3ddcf2a56?s=96&d=mm&r=g\",\"contentUrl\":\"https:\/\/secure.gravatar.com\/avatar\/33c43b8668157e040f9d1fe93c354bf087cbd8ba36270c1163198bd3ddcf2a56?s=96&d=mm&r=g\",\"caption\":\"Washington Tiago\"},\"url\":\"https:\/\/sudoesteacontece.com.br\/?author=2\"}]}<\/script>\n<!-- \/ Yoast SEO plugin. -->","yoast_head_json":{"title":"CERB recebe aval ambiental para obras da barragem do Rio da Caixa, em Rio do Pires - Sudoesteacontece","robots":{"index":"index","follow":"follow","max-snippet":"max-snippet:-1","max-image-preview":"max-image-preview:large","max-video-preview":"max-video-preview:-1"},"canonical":"https:\/\/sudoesteacontece.com.br\/?p=1667","og_locale":"pt_BR","og_type":"article","og_title":"CERB recebe aval ambiental para obras da barragem do Rio da Caixa, em Rio do Pires - Sudoesteacontece","og_description":"Secretaria de Meio Ambiente de Rio do Pires (BA) autorizou a CERB a realizar a supress\u00e3o de vegeta\u00e7\u00e3o nativa e o manejo de fauna em uma \u00e1rea de 21,17 hectares na comunidade de Varzinha. Local ser\u00e1 usado para a extra\u00e7\u00e3o de areia destinada \u00e0 constru\u00e7\u00e3o da barragem do Rio da Caixa. Autoriza\u00e7\u00e3o de Supress\u00e3o Vegetal n\u00ba 002\/2025, publicada em 30 de outubro, tem validade de dois anos e inclui medidas de salvamento e monitoramento da fauna silvestre. Interven\u00e7\u00e3o dever\u00e1 seguir normas t\u00e9cnicas e ambientais, com uso de EPI\u2019s, capacita\u00e7\u00e3o de trabalhadores locais e proibi\u00e7\u00e3o do uso de corrent\u00e3o. CERB tamb\u00e9m dever\u00e1 apresentar planos de recupera\u00e7\u00e3o das \u00e1reas degradadas (PRAD), compensa\u00e7\u00e3o ambiental e relat\u00f3rios peri\u00f3dicos sobre a qualidade da \u00e1gua e fauna local. Esp\u00e9cies amea\u00e7adas n\u00e3o poder\u00e3o ser afetadas, e todas as a\u00e7\u00f5es ser\u00e3o acompanhadas por profissionais habilitados. Al\u00e9m disso, a empresa dever\u00e1 desenvolver um programa de educa\u00e7\u00e3o ambiental voltado \u00e0 comunidade, com foco em preserva\u00e7\u00e3o e uso sustent\u00e1vel dos recursos naturais. Descumprimento das condicionantes pode levar \u00e0 suspens\u00e3o da licen\u00e7a e \u00e0 obriga\u00e7\u00e3o de repara\u00e7\u00e3o de danos ambientais.","og_url":"https:\/\/sudoesteacontece.com.br\/?p=1667","og_site_name":"Sudoesteacontece","article_publisher":"https:\/\/www.facebook.com\/sudoesteacontece\/?locale=pt_BR","article_published_time":"2025-11-03T21:38:04+00:00","article_modified_time":"2025-11-03T21:38:08+00:00","og_image":[{"width":848,"height":802,"url":"https:\/\/sudoesteacontece.com.br\/wp-content\/uploads\/2025\/11\/CERB-recebe-aval-ambiental-para-obras-da-barragem-do-Rio-da-Caixa-em-Rio-do-Pires-sudoeste-acontece.jpg","type":"image\/jpeg"}],"author":"Washington Tiago","twitter_card":"summary_large_image","twitter_misc":{"Escrito por":"Washington Tiago","Est. tempo de leitura":"1 minuto"},"schema":{"@context":"https:\/\/schema.org","@graph":[{"@type":"Article","@id":"https:\/\/sudoesteacontece.com.br\/?p=1667#article","isPartOf":{"@id":"https:\/\/sudoesteacontece.com.br\/?p=1667"},"author":{"name":"Washington Tiago","@id":"https:\/\/sudoesteacontece.com.br\/#\/schema\/person\/3cf2cf009926a9683ebc29d5379fa79c"},"headline":"CERB recebe aval ambiental para obras da barragem do Rio da Caixa, em Rio do Pires","datePublished":"2025-11-03T21:38:04+00:00","dateModified":"2025-11-03T21:38:08+00:00","mainEntityOfPage":{"@id":"https:\/\/sudoesteacontece.com.br\/?p=1667"},"wordCount":218,"commentCount":0,"publisher":{"@id":"https:\/\/sudoesteacontece.com.br\/#organization"},"image":{"@id":"https:\/\/sudoesteacontece.com.br\/?p=1667#primaryimage"},"thumbnailUrl":"https:\/\/sudoesteacontece.com.br\/wp-content\/uploads\/2025\/11\/CERB-recebe-aval-ambiental-para-obras-da-barragem-do-Rio-da-Caixa-em-Rio-do-Pires-sudoeste-acontece.jpg","articleSection":["Cidades","Pol\u00edtica","Rio do Pires"],"inLanguage":"pt-BR","potentialAction":[{"@type":"CommentAction","name":"Comment","target":["https:\/\/sudoesteacontece.com.br\/?p=1667#respond"]}]},{"@type":"WebPage","@id":"https:\/\/sudoesteacontece.com.br\/?p=1667","url":"https:\/\/sudoesteacontece.com.br\/?p=1667","name":"CERB recebe aval ambiental para obras da barragem do Rio da Caixa, em Rio do Pires - Sudoesteacontece","isPartOf":{"@id":"https:\/\/sudoesteacontece.com.br\/#website"},"primaryImageOfPage":{"@id":"https:\/\/sudoesteacontece.com.br\/?p=1667#primaryimage"},"image":{"@id":"https:\/\/sudoesteacontece.com.br\/?p=1667#primaryimage"},"thumbnailUrl":"https:\/\/sudoesteacontece.com.br\/wp-content\/uploads\/2025\/11\/CERB-recebe-aval-ambiental-para-obras-da-barragem-do-Rio-da-Caixa-em-Rio-do-Pires-sudoeste-acontece.jpg","datePublished":"2025-11-03T21:38:04+00:00","dateModified":"2025-11-03T21:38:08+00:00","breadcrumb":{"@id":"https:\/\/sudoesteacontece.com.br\/?p=1667#breadcrumb"},"inLanguage":"pt-BR","potentialAction":[{"@type":"ReadAction","target":["https:\/\/sudoesteacontece.com.br\/?p=1667"]}]},{"@type":"ImageObject","inLanguage":"pt-BR","@id":"https:\/\/sudoesteacontece.com.br\/?p=1667#primaryimage","url":"https:\/\/sudoesteacontece.com.br\/wp-content\/uploads\/2025\/11\/CERB-recebe-aval-ambiental-para-obras-da-barragem-do-Rio-da-Caixa-em-Rio-do-Pires-sudoeste-acontece.jpg","contentUrl":"https:\/\/sudoesteacontece.com.br\/wp-content\/uploads\/2025\/11\/CERB-recebe-aval-ambiental-para-obras-da-barragem-do-Rio-da-Caixa-em-Rio-do-Pires-sudoeste-acontece.jpg","width":848,"height":802},{"@type":"BreadcrumbList","@id":"https:\/\/sudoesteacontece.com.br\/?p=1667#breadcrumb","itemListElement":[{"@type":"ListItem","position":1,"name":"In\u00edcio","item":"https:\/\/sudoesteacontece.com.br\/"},{"@type":"ListItem","position":2,"name":"CERB recebe aval ambiental para obras da barragem do Rio da Caixa, em Rio do Pires"}]},{"@type":"WebSite","@id":"https:\/\/sudoesteacontece.com.br\/#website","url":"https:\/\/sudoesteacontece.com.br\/","name":"Sudoesteacontece","description":"","publisher":{"@id":"https:\/\/sudoesteacontece.com.br\/#organization"},"potentialAction":[{"@type":"SearchAction","target":{"@type":"EntryPoint","urlTemplate":"https:\/\/sudoesteacontece.com.br\/?s={search_term_string}"},"query-input":{"@type":"PropertyValueSpecification","valueRequired":true,"valueName":"search_term_string"}}],"inLanguage":"pt-BR"},{"@type":"Organization","@id":"https:\/\/sudoesteacontece.com.br\/#organization","name":"Sudoesteacontece","url":"https:\/\/sudoesteacontece.com.br\/","logo":{"@type":"ImageObject","inLanguage":"pt-BR","@id":"https:\/\/sudoesteacontece.com.br\/#\/schema\/logo\/image\/","url":"https:\/\/sudoesteacontece.com.br\/wp-content\/uploads\/2025\/12\/cropped-logo-2-180x180-1.png","contentUrl":"https:\/\/sudoesteacontece.com.br\/wp-content\/uploads\/2025\/12\/cropped-logo-2-180x180-1.png","width":180,"height":180,"caption":"Sudoesteacontece"},"image":{"@id":"https:\/\/sudoesteacontece.com.br\/#\/schema\/logo\/image\/"},"sameAs":["https:\/\/www.facebook.com\/sudoesteacontece\/?locale=pt_BR"]},{"@type":"Person","@id":"https:\/\/sudoesteacontece.com.br\/#\/schema\/person\/3cf2cf009926a9683ebc29d5379fa79c","name":"Washington Tiago","image":{"@type":"ImageObject","inLanguage":"pt-BR","@id":"https:\/\/sudoesteacontece.com.br\/#\/schema\/person\/image\/","url":"https:\/\/secure.gravatar.com\/avatar\/33c43b8668157e040f9d1fe93c354bf087cbd8ba36270c1163198bd3ddcf2a56?s=96&d=mm&r=g","contentUrl":"https:\/\/secure.gravatar.com\/avatar\/33c43b8668157e040f9d1fe93c354bf087cbd8ba36270c1163198bd3ddcf2a56?s=96&d=mm&r=g","caption":"Washington Tiago"},"url":"https:\/\/sudoesteacontece.com.br\/?author=2"}]}},"_links":{"self":[{"href":"https:\/\/sudoesteacontece.com.br\/index.php?rest_route=\/wp\/v2\/posts\/1667","targetHints":{"allow":["GET"]}}],"collection":[{"href":"https:\/\/sudoesteacontece.com.br\/index.php?rest_route=\/wp\/v2\/posts"}],"about":[{"href":"https:\/\/sudoesteacontece.com.br\/index.php?rest_route=\/wp\/v2\/types\/post"}],"author":[{"embeddable":true,"href":"https:\/\/sudoesteacontece.com.br\/index.php?rest_route=\/wp\/v2\/users\/2"}],"replies":[{"embeddable":true,"href":"https:\/\/sudoesteacontece.com.br\/index.php?rest_route=%2Fwp%2Fv2%2Fcomments&post=1667"}],"version-history":[{"count":0,"href":"https:\/\/sudoesteacontece.com.br\/index.php?rest_route=\/wp\/v2\/posts\/1667\/revisions"}],"wp:featuredmedia":[{"embeddable":true,"href":"https:\/\/sudoesteacontece.com.br\/index.php?rest_route=\/wp\/v2\/media\/1701"}],"wp:attachment":[{"href":"https:\/\/sudoesteacontece.com.br\/index.php?rest_route=%2Fwp%2Fv2%2Fmedia&parent=1667"}],"wp:term":[{"taxonomy":"category","embeddable":true,"href":"https:\/\/sudoesteacontece.com.br\/index.php?rest_route=%2Fwp%2Fv2%2Fcategories&post=1667"},{"taxonomy":"post_tag","embeddable":true,"href":"https:\/\/sudoesteacontece.com.br\/index.php?rest_route=%2Fwp%2Fv2%2Ftags&post=1667"}],"curies":[{"name":"wp","href":"https:\/\/api.w.org\/{rel}","templated":true}]}}