{"id":1672,"date":"2025-11-03T18:58:22","date_gmt":"2025-11-03T21:58:22","guid":{"rendered":"https:\/\/sudoesteacontece.com.br\/?p=1672"},"modified":"2025-11-03T18:58:23","modified_gmt":"2025-11-03T21:58:23","slug":"pm-flagra-e-prende-homem-em-liberdade-condicional-no-centro-de-brumado","status":"publish","type":"post","link":"https:\/\/sudoesteacontece.com.br\/?p=1672","title":{"rendered":"PM flagra e prende homem em liberdade condicional no Centro de Brumado"},"content":{"rendered":"\n<figure class=\"wp-block-image alignwide size-full\"><img fetchpriority=\"high\" decoding=\"async\" width=\"750\" height=\"500\" src=\"http:\/\/sudoesteacontece.com.br\/wp-content\/uploads\/2025\/11\/PM-flagra-e-prende-homem-em-liberdade-condicional-no-Centro-de-Brumado.webp\" alt=\"\" class=\"wp-image-1710\" srcset=\"https:\/\/sudoesteacontece.com.br\/wp-content\/uploads\/2025\/11\/PM-flagra-e-prende-homem-em-liberdade-condicional-no-Centro-de-Brumado.webp 750w, https:\/\/sudoesteacontece.com.br\/wp-content\/uploads\/2025\/11\/PM-flagra-e-prende-homem-em-liberdade-condicional-no-Centro-de-Brumado-300x200.webp 300w\" sizes=\"(max-width: 750px) 100vw, 750px\" \/><\/figure>\n\n\n\n<p>Um homem de 25 anos foi detido na madrugada deste domingo (2) em Brumado por descumprir regras de sua liberdade condicional. A guarni\u00e7\u00e3o do 24\u00ba BPM realizava patrulhamento de rotina na Avenida Mestre Eufr\u00e1sio, no Centro, quando avistou dois indiv\u00edduos em um local de baixa luminosidade.<\/p>\n\n\n\n<p>Ao perceberem a aproxima\u00e7\u00e3o da viatura, os suspeitos fugiram em dire\u00e7\u00f5es opostas. O homem de 25 anos foi alcan\u00e7ado e abordado pelos policiais. Durante a verifica\u00e7\u00e3o, os militares constataram que ele n\u00e3o poderia estar nas ruas naquele hor\u00e1rio, descumprindo o benef\u00edcio de reintegra\u00e7\u00e3o social concedido anteriormente.<\/p>\n\n\n\n<p>Diante do flagrante, o suspeito foi conduzido \u00e0 20\u00aa COORPIN e apresentado \u00e0 autoridade policial de plant\u00e3o, que adotar\u00e1 as medidas legais cab\u00edveis.<\/p>\n","protected":false},"excerpt":{"rendered":"<p>Um homem de 25 anos foi detido na madrugada deste domingo (2) em Brumado por descumprir regras de sua liberdade condicional. A guarni\u00e7\u00e3o do 24\u00ba BPM realizava patrulhamento de rotina na Avenida Mestre Eufr\u00e1sio, no Centro, quando avistou dois indiv\u00edduos em um local de baixa luminosidade. Ao perceberem a aproxima\u00e7\u00e3o da viatura, os suspeitos fugiram em dire\u00e7\u00f5es opostas. O homem de 25 anos foi alcan\u00e7ado e abordado pelos policiais. Durante a verifica\u00e7\u00e3o, os militares constataram que ele n\u00e3o poderia estar nas ruas naquele hor\u00e1rio, descumprindo o benef\u00edcio de reintegra\u00e7\u00e3o social concedido anteriormente. Diante do flagrante, o suspeito foi conduzido \u00e0 20\u00aa COORPIN e apresentado \u00e0 autoridade policial de plant\u00e3o, que adotar\u00e1 as medidas legais cab\u00edveis.<\/p>\n","protected":false},"author":2,"featured_media":1710,"comment_status":"open","ping_status":"open","sticky":false,"template":"","format":"standard","meta":{"footnotes":""},"categories":[10,4,3],"tags":[],"class_list":["post-1672","post","type-post","status-publish","format-standard","has-post-thumbnail","hentry","category-brumado","category-cidades","category-policia"],"yoast_head":"<!-- This site is optimized with the Yoast SEO plugin v26.5 - https:\/\/yoast.com\/wordpress\/plugins\/seo\/ -->\n<title>PM flagra e prende homem em liberdade condicional no Centro de Brumado - Sudoesteacontece<\/title>\n<meta name=\"robots\" content=\"index, follow, max-snippet:-1, max-image-preview:large, max-video-preview:-1\" \/>\n<link rel=\"canonical\" href=\"https:\/\/sudoesteacontece.com.br\/?p=1672\" \/>\n<meta property=\"og:locale\" content=\"pt_BR\" \/>\n<meta property=\"og:type\" content=\"article\" \/>\n<meta property=\"og:title\" content=\"PM flagra e prende homem em liberdade condicional no Centro de Brumado - Sudoesteacontece\" \/>\n<meta property=\"og:description\" content=\"Um homem de 25 anos foi detido na madrugada deste domingo (2) em Brumado por descumprir regras de sua liberdade condicional. A guarni\u00e7\u00e3o do 24\u00ba BPM realizava patrulhamento de rotina na Avenida Mestre Eufr\u00e1sio, no Centro, quando avistou dois indiv\u00edduos em um local de baixa luminosidade. Ao perceberem a aproxima\u00e7\u00e3o da viatura, os suspeitos fugiram em dire\u00e7\u00f5es opostas. O homem de 25 anos foi alcan\u00e7ado e abordado pelos policiais. Durante a verifica\u00e7\u00e3o, os militares constataram que ele n\u00e3o poderia estar nas ruas naquele hor\u00e1rio, descumprindo o benef\u00edcio de reintegra\u00e7\u00e3o social concedido anteriormente. Diante do flagrante, o suspeito foi conduzido \u00e0 20\u00aa COORPIN e apresentado \u00e0 autoridade policial de plant\u00e3o, que adotar\u00e1 as medidas legais cab\u00edveis.\" \/>\n<meta property=\"og:url\" content=\"https:\/\/sudoesteacontece.com.br\/?p=1672\" \/>\n<meta property=\"og:site_name\" content=\"Sudoesteacontece\" \/>\n<meta property=\"article:publisher\" content=\"https:\/\/www.facebook.com\/sudoesteacontece\/?locale=pt_BR\" \/>\n<meta property=\"article:published_time\" content=\"2025-11-03T21:58:22+00:00\" \/>\n<meta property=\"article:modified_time\" content=\"2025-11-03T21:58:23+00:00\" \/>\n<meta property=\"og:image\" content=\"https:\/\/sudoesteacontece.com.br\/wp-content\/uploads\/2025\/11\/PM-flagra-e-prende-homem-em-liberdade-condicional-no-Centro-de-Brumado.webp\" \/>\n\t<meta property=\"og:image:width\" content=\"750\" \/>\n\t<meta property=\"og:image:height\" content=\"500\" \/>\n\t<meta property=\"og:image:type\" content=\"image\/webp\" \/>\n<meta name=\"author\" content=\"Washington Tiago\" \/>\n<meta name=\"twitter:card\" content=\"summary_large_image\" \/>\n<meta name=\"twitter:label1\" content=\"Escrito por\" \/>\n\t<meta name=\"twitter:data1\" content=\"Washington Tiago\" \/>\n\t<meta name=\"twitter:label2\" content=\"Est. tempo de leitura\" \/>\n\t<meta name=\"twitter:data2\" content=\"1 minuto\" \/>\n<script type=\"application\/ld+json\" class=\"yoast-schema-graph\">{\"@context\":\"https:\/\/schema.org\",\"@graph\":[{\"@type\":\"Article\",\"@id\":\"https:\/\/sudoesteacontece.com.br\/?p=1672#article\",\"isPartOf\":{\"@id\":\"https:\/\/sudoesteacontece.com.br\/?p=1672\"},\"author\":{\"name\":\"Washington Tiago\",\"@id\":\"https:\/\/sudoesteacontece.com.br\/#\/schema\/person\/3cf2cf009926a9683ebc29d5379fa79c\"},\"headline\":\"PM flagra e prende homem em liberdade condicional no Centro de Brumado\",\"datePublished\":\"2025-11-03T21:58:22+00:00\",\"dateModified\":\"2025-11-03T21:58:23+00:00\",\"mainEntityOfPage\":{\"@id\":\"https:\/\/sudoesteacontece.com.br\/?p=1672\"},\"wordCount\":133,\"commentCount\":0,\"publisher\":{\"@id\":\"https:\/\/sudoesteacontece.com.br\/#organization\"},\"image\":{\"@id\":\"https:\/\/sudoesteacontece.com.br\/?p=1672#primaryimage\"},\"thumbnailUrl\":\"https:\/\/sudoesteacontece.com.br\/wp-content\/uploads\/2025\/11\/PM-flagra-e-prende-homem-em-liberdade-condicional-no-Centro-de-Brumado.webp\",\"articleSection\":[\"Brumado\",\"Cidades\",\"Pol\u00edcia\"],\"inLanguage\":\"pt-BR\",\"potentialAction\":[{\"@type\":\"CommentAction\",\"name\":\"Comment\",\"target\":[\"https:\/\/sudoesteacontece.com.br\/?p=1672#respond\"]}]},{\"@type\":\"WebPage\",\"@id\":\"https:\/\/sudoesteacontece.com.br\/?p=1672\",\"url\":\"https:\/\/sudoesteacontece.com.br\/?p=1672\",\"name\":\"PM flagra e prende homem em liberdade condicional no Centro de Brumado - Sudoesteacontece\",\"isPartOf\":{\"@id\":\"https:\/\/sudoesteacontece.com.br\/#website\"},\"primaryImageOfPage\":{\"@id\":\"https:\/\/sudoesteacontece.com.br\/?p=1672#primaryimage\"},\"image\":{\"@id\":\"https:\/\/sudoesteacontece.com.br\/?p=1672#primaryimage\"},\"thumbnailUrl\":\"https:\/\/sudoesteacontece.com.br\/wp-content\/uploads\/2025\/11\/PM-flagra-e-prende-homem-em-liberdade-condicional-no-Centro-de-Brumado.webp\",\"datePublished\":\"2025-11-03T21:58:22+00:00\",\"dateModified\":\"2025-11-03T21:58:23+00:00\",\"breadcrumb\":{\"@id\":\"https:\/\/sudoesteacontece.com.br\/?p=1672#breadcrumb\"},\"inLanguage\":\"pt-BR\",\"potentialAction\":[{\"@type\":\"ReadAction\",\"target\":[\"https:\/\/sudoesteacontece.com.br\/?p=1672\"]}]},{\"@type\":\"ImageObject\",\"inLanguage\":\"pt-BR\",\"@id\":\"https:\/\/sudoesteacontece.com.br\/?p=1672#primaryimage\",\"url\":\"https:\/\/sudoesteacontece.com.br\/wp-content\/uploads\/2025\/11\/PM-flagra-e-prende-homem-em-liberdade-condicional-no-Centro-de-Brumado.webp\",\"contentUrl\":\"https:\/\/sudoesteacontece.com.br\/wp-content\/uploads\/2025\/11\/PM-flagra-e-prende-homem-em-liberdade-condicional-no-Centro-de-Brumado.webp\",\"width\":750,\"height\":500},{\"@type\":\"BreadcrumbList\",\"@id\":\"https:\/\/sudoesteacontece.com.br\/?p=1672#breadcrumb\",\"itemListElement\":[{\"@type\":\"ListItem\",\"position\":1,\"name\":\"In\u00edcio\",\"item\":\"https:\/\/sudoesteacontece.com.br\/\"},{\"@type\":\"ListItem\",\"position\":2,\"name\":\"PM flagra e prende homem em liberdade condicional no Centro de Brumado\"}]},{\"@type\":\"WebSite\",\"@id\":\"https:\/\/sudoesteacontece.com.br\/#website\",\"url\":\"https:\/\/sudoesteacontece.com.br\/\",\"name\":\"Sudoesteacontece\",\"description\":\"\",\"publisher\":{\"@id\":\"https:\/\/sudoesteacontece.com.br\/#organization\"},\"potentialAction\":[{\"@type\":\"SearchAction\",\"target\":{\"@type\":\"EntryPoint\",\"urlTemplate\":\"https:\/\/sudoesteacontece.com.br\/?s={search_term_string}\"},\"query-input\":{\"@type\":\"PropertyValueSpecification\",\"valueRequired\":true,\"valueName\":\"search_term_string\"}}],\"inLanguage\":\"pt-BR\"},{\"@type\":\"Organization\",\"@id\":\"https:\/\/sudoesteacontece.com.br\/#organization\",\"name\":\"Sudoesteacontece\",\"url\":\"https:\/\/sudoesteacontece.com.br\/\",\"logo\":{\"@type\":\"ImageObject\",\"inLanguage\":\"pt-BR\",\"@id\":\"https:\/\/sudoesteacontece.com.br\/#\/schema\/logo\/image\/\",\"url\":\"https:\/\/sudoesteacontece.com.br\/wp-content\/uploads\/2025\/12\/cropped-logo-2-180x180-1.png\",\"contentUrl\":\"https:\/\/sudoesteacontece.com.br\/wp-content\/uploads\/2025\/12\/cropped-logo-2-180x180-1.png\",\"width\":180,\"height\":180,\"caption\":\"Sudoesteacontece\"},\"image\":{\"@id\":\"https:\/\/sudoesteacontece.com.br\/#\/schema\/logo\/image\/\"},\"sameAs\":[\"https:\/\/www.facebook.com\/sudoesteacontece\/?locale=pt_BR\"]},{\"@type\":\"Person\",\"@id\":\"https:\/\/sudoesteacontece.com.br\/#\/schema\/person\/3cf2cf009926a9683ebc29d5379fa79c\",\"name\":\"Washington Tiago\",\"image\":{\"@type\":\"ImageObject\",\"inLanguage\":\"pt-BR\",\"@id\":\"https:\/\/sudoesteacontece.com.br\/#\/schema\/person\/image\/\",\"url\":\"https:\/\/secure.gravatar.com\/avatar\/33c43b8668157e040f9d1fe93c354bf087cbd8ba36270c1163198bd3ddcf2a56?s=96&d=mm&r=g\",\"contentUrl\":\"https:\/\/secure.gravatar.com\/avatar\/33c43b8668157e040f9d1fe93c354bf087cbd8ba36270c1163198bd3ddcf2a56?s=96&d=mm&r=g\",\"caption\":\"Washington Tiago\"},\"url\":\"https:\/\/sudoesteacontece.com.br\/?author=2\"}]}<\/script>\n<!-- \/ Yoast SEO plugin. -->","yoast_head_json":{"title":"PM flagra e prende homem em liberdade condicional no Centro de Brumado - Sudoesteacontece","robots":{"index":"index","follow":"follow","max-snippet":"max-snippet:-1","max-image-preview":"max-image-preview:large","max-video-preview":"max-video-preview:-1"},"canonical":"https:\/\/sudoesteacontece.com.br\/?p=1672","og_locale":"pt_BR","og_type":"article","og_title":"PM flagra e prende homem em liberdade condicional no Centro de Brumado - Sudoesteacontece","og_description":"Um homem de 25 anos foi detido na madrugada deste domingo (2) em Brumado por descumprir regras de sua liberdade condicional. A guarni\u00e7\u00e3o do 24\u00ba BPM realizava patrulhamento de rotina na Avenida Mestre Eufr\u00e1sio, no Centro, quando avistou dois indiv\u00edduos em um local de baixa luminosidade. Ao perceberem a aproxima\u00e7\u00e3o da viatura, os suspeitos fugiram em dire\u00e7\u00f5es opostas. O homem de 25 anos foi alcan\u00e7ado e abordado pelos policiais. Durante a verifica\u00e7\u00e3o, os militares constataram que ele n\u00e3o poderia estar nas ruas naquele hor\u00e1rio, descumprindo o benef\u00edcio de reintegra\u00e7\u00e3o social concedido anteriormente. Diante do flagrante, o suspeito foi conduzido \u00e0 20\u00aa COORPIN e apresentado \u00e0 autoridade policial de plant\u00e3o, que adotar\u00e1 as medidas legais cab\u00edveis.","og_url":"https:\/\/sudoesteacontece.com.br\/?p=1672","og_site_name":"Sudoesteacontece","article_publisher":"https:\/\/www.facebook.com\/sudoesteacontece\/?locale=pt_BR","article_published_time":"2025-11-03T21:58:22+00:00","article_modified_time":"2025-11-03T21:58:23+00:00","og_image":[{"width":750,"height":500,"url":"https:\/\/sudoesteacontece.com.br\/wp-content\/uploads\/2025\/11\/PM-flagra-e-prende-homem-em-liberdade-condicional-no-Centro-de-Brumado.webp","type":"image\/webp"}],"author":"Washington Tiago","twitter_card":"summary_large_image","twitter_misc":{"Escrito por":"Washington Tiago","Est. tempo de leitura":"1 minuto"},"schema":{"@context":"https:\/\/schema.org","@graph":[{"@type":"Article","@id":"https:\/\/sudoesteacontece.com.br\/?p=1672#article","isPartOf":{"@id":"https:\/\/sudoesteacontece.com.br\/?p=1672"},"author":{"name":"Washington Tiago","@id":"https:\/\/sudoesteacontece.com.br\/#\/schema\/person\/3cf2cf009926a9683ebc29d5379fa79c"},"headline":"PM flagra e prende homem em liberdade condicional no Centro de Brumado","datePublished":"2025-11-03T21:58:22+00:00","dateModified":"2025-11-03T21:58:23+00:00","mainEntityOfPage":{"@id":"https:\/\/sudoesteacontece.com.br\/?p=1672"},"wordCount":133,"commentCount":0,"publisher":{"@id":"https:\/\/sudoesteacontece.com.br\/#organization"},"image":{"@id":"https:\/\/sudoesteacontece.com.br\/?p=1672#primaryimage"},"thumbnailUrl":"https:\/\/sudoesteacontece.com.br\/wp-content\/uploads\/2025\/11\/PM-flagra-e-prende-homem-em-liberdade-condicional-no-Centro-de-Brumado.webp","articleSection":["Brumado","Cidades","Pol\u00edcia"],"inLanguage":"pt-BR","potentialAction":[{"@type":"CommentAction","name":"Comment","target":["https:\/\/sudoesteacontece.com.br\/?p=1672#respond"]}]},{"@type":"WebPage","@id":"https:\/\/sudoesteacontece.com.br\/?p=1672","url":"https:\/\/sudoesteacontece.com.br\/?p=1672","name":"PM flagra e prende homem em liberdade condicional no Centro de Brumado - Sudoesteacontece","isPartOf":{"@id":"https:\/\/sudoesteacontece.com.br\/#website"},"primaryImageOfPage":{"@id":"https:\/\/sudoesteacontece.com.br\/?p=1672#primaryimage"},"image":{"@id":"https:\/\/sudoesteacontece.com.br\/?p=1672#primaryimage"},"thumbnailUrl":"https:\/\/sudoesteacontece.com.br\/wp-content\/uploads\/2025\/11\/PM-flagra-e-prende-homem-em-liberdade-condicional-no-Centro-de-Brumado.webp","datePublished":"2025-11-03T21:58:22+00:00","dateModified":"2025-11-03T21:58:23+00:00","breadcrumb":{"@id":"https:\/\/sudoesteacontece.com.br\/?p=1672#breadcrumb"},"inLanguage":"pt-BR","potentialAction":[{"@type":"ReadAction","target":["https:\/\/sudoesteacontece.com.br\/?p=1672"]}]},{"@type":"ImageObject","inLanguage":"pt-BR","@id":"https:\/\/sudoesteacontece.com.br\/?p=1672#primaryimage","url":"https:\/\/sudoesteacontece.com.br\/wp-content\/uploads\/2025\/11\/PM-flagra-e-prende-homem-em-liberdade-condicional-no-Centro-de-Brumado.webp","contentUrl":"https:\/\/sudoesteacontece.com.br\/wp-content\/uploads\/2025\/11\/PM-flagra-e-prende-homem-em-liberdade-condicional-no-Centro-de-Brumado.webp","width":750,"height":500},{"@type":"BreadcrumbList","@id":"https:\/\/sudoesteacontece.com.br\/?p=1672#breadcrumb","itemListElement":[{"@type":"ListItem","position":1,"name":"In\u00edcio","item":"https:\/\/sudoesteacontece.com.br\/"},{"@type":"ListItem","position":2,"name":"PM flagra e prende homem em liberdade condicional no Centro de Brumado"}]},{"@type":"WebSite","@id":"https:\/\/sudoesteacontece.com.br\/#website","url":"https:\/\/sudoesteacontece.com.br\/","name":"Sudoesteacontece","description":"","publisher":{"@id":"https:\/\/sudoesteacontece.com.br\/#organization"},"potentialAction":[{"@type":"SearchAction","target":{"@type":"EntryPoint","urlTemplate":"https:\/\/sudoesteacontece.com.br\/?s={search_term_string}"},"query-input":{"@type":"PropertyValueSpecification","valueRequired":true,"valueName":"search_term_string"}}],"inLanguage":"pt-BR"},{"@type":"Organization","@id":"https:\/\/sudoesteacontece.com.br\/#organization","name":"Sudoesteacontece","url":"https:\/\/sudoesteacontece.com.br\/","logo":{"@type":"ImageObject","inLanguage":"pt-BR","@id":"https:\/\/sudoesteacontece.com.br\/#\/schema\/logo\/image\/","url":"https:\/\/sudoesteacontece.com.br\/wp-content\/uploads\/2025\/12\/cropped-logo-2-180x180-1.png","contentUrl":"https:\/\/sudoesteacontece.com.br\/wp-content\/uploads\/2025\/12\/cropped-logo-2-180x180-1.png","width":180,"height":180,"caption":"Sudoesteacontece"},"image":{"@id":"https:\/\/sudoesteacontece.com.br\/#\/schema\/logo\/image\/"},"sameAs":["https:\/\/www.facebook.com\/sudoesteacontece\/?locale=pt_BR"]},{"@type":"Person","@id":"https:\/\/sudoesteacontece.com.br\/#\/schema\/person\/3cf2cf009926a9683ebc29d5379fa79c","name":"Washington Tiago","image":{"@type":"ImageObject","inLanguage":"pt-BR","@id":"https:\/\/sudoesteacontece.com.br\/#\/schema\/person\/image\/","url":"https:\/\/secure.gravatar.com\/avatar\/33c43b8668157e040f9d1fe93c354bf087cbd8ba36270c1163198bd3ddcf2a56?s=96&d=mm&r=g","contentUrl":"https:\/\/secure.gravatar.com\/avatar\/33c43b8668157e040f9d1fe93c354bf087cbd8ba36270c1163198bd3ddcf2a56?s=96&d=mm&r=g","caption":"Washington Tiago"},"url":"https:\/\/sudoesteacontece.com.br\/?author=2"}]}},"_links":{"self":[{"href":"https:\/\/sudoesteacontece.com.br\/index.php?rest_route=\/wp\/v2\/posts\/1672","targetHints":{"allow":["GET"]}}],"collection":[{"href":"https:\/\/sudoesteacontece.com.br\/index.php?rest_route=\/wp\/v2\/posts"}],"about":[{"href":"https:\/\/sudoesteacontece.com.br\/index.php?rest_route=\/wp\/v2\/types\/post"}],"author":[{"embeddable":true,"href":"https:\/\/sudoesteacontece.com.br\/index.php?rest_route=\/wp\/v2\/users\/2"}],"replies":[{"embeddable":true,"href":"https:\/\/sudoesteacontece.com.br\/index.php?rest_route=%2Fwp%2Fv2%2Fcomments&post=1672"}],"version-history":[{"count":0,"href":"https:\/\/sudoesteacontece.com.br\/index.php?rest_route=\/wp\/v2\/posts\/1672\/revisions"}],"wp:featuredmedia":[{"embeddable":true,"href":"https:\/\/sudoesteacontece.com.br\/index.php?rest_route=\/wp\/v2\/media\/1710"}],"wp:attachment":[{"href":"https:\/\/sudoesteacontece.com.br\/index.php?rest_route=%2Fwp%2Fv2%2Fmedia&parent=1672"}],"wp:term":[{"taxonomy":"category","embeddable":true,"href":"https:\/\/sudoesteacontece.com.br\/index.php?rest_route=%2Fwp%2Fv2%2Fcategories&post=1672"},{"taxonomy":"post_tag","embeddable":true,"href":"https:\/\/sudoesteacontece.com.br\/index.php?rest_route=%2Fwp%2Fv2%2Ftags&post=1672"}],"curies":[{"name":"wp","href":"https:\/\/api.w.org\/{rel}","templated":true}]}}