{"id":1722,"date":"2025-11-04T10:39:25","date_gmt":"2025-11-04T13:39:25","guid":{"rendered":"https:\/\/sudoesteacontece.com.br\/?p=1722"},"modified":"2025-11-04T10:39:26","modified_gmt":"2025-11-04T13:39:26","slug":"brumado-inicia-pavimentacao-da-rua-nazare-e-moradores-comemoram-nova-fase-de-desenvolvimento","status":"publish","type":"post","link":"https:\/\/sudoesteacontece.com.br\/?p=1722","title":{"rendered":"Brumado inicia pavimenta\u00e7\u00e3o da Rua Nazar\u00e9 e moradores comemoram nova fase de desenvolvimento"},"content":{"rendered":"\n<figure class=\"wp-block-image size-large\"><img fetchpriority=\"high\" decoding=\"async\" width=\"1024\" height=\"683\" src=\"http:\/\/sudoesteacontece.com.br\/wp-content\/uploads\/2025\/11\/Brumado-inicia-pavimentacao-da-Rua-Nazare-e-moradores-comemoram-nova-fase-de-desenvolvimento-sudoeste-1024x683.jpg\" alt=\"\" class=\"wp-image-1760\" srcset=\"https:\/\/sudoesteacontece.com.br\/wp-content\/uploads\/2025\/11\/Brumado-inicia-pavimentacao-da-Rua-Nazare-e-moradores-comemoram-nova-fase-de-desenvolvimento-sudoeste-1024x683.jpg 1024w, https:\/\/sudoesteacontece.com.br\/wp-content\/uploads\/2025\/11\/Brumado-inicia-pavimentacao-da-Rua-Nazare-e-moradores-comemoram-nova-fase-de-desenvolvimento-sudoeste-300x200.jpg 300w, https:\/\/sudoesteacontece.com.br\/wp-content\/uploads\/2025\/11\/Brumado-inicia-pavimentacao-da-Rua-Nazare-e-moradores-comemoram-nova-fase-de-desenvolvimento-sudoeste-768x512.jpg 768w, https:\/\/sudoesteacontece.com.br\/wp-content\/uploads\/2025\/11\/Brumado-inicia-pavimentacao-da-Rua-Nazare-e-moradores-comemoram-nova-fase-de-desenvolvimento-sudoeste-1536x1025.jpg 1536w, https:\/\/sudoesteacontece.com.br\/wp-content\/uploads\/2025\/11\/Brumado-inicia-pavimentacao-da-Rua-Nazare-e-moradores-comemoram-nova-fase-de-desenvolvimento-sudoeste.jpg 2000w\" sizes=\"(max-width: 1024px) 100vw, 1024px\" \/><\/figure>\n\n\n\n<p>Prefeitura de Brumado iniciou a pavimenta\u00e7\u00e3o asf\u00e1ltica da Rua Nazar\u00e9, no Bairro Dr. Juracy. A obra atende a um pedido antigo da comunidade e promete melhorar a mobilidade na regi\u00e3o. Trabalhadores e m\u00e1quinas j\u00e1 atuam no local desde o in\u00edcio da semana. Interven\u00e7\u00e3o faz parte do programa de requalifica\u00e7\u00e3o urbana, que busca recuperar ruas e avenidas em diferentes bairros da cidade.<\/p>\n\n\n\n<p>Moradores acompanharam os servi\u00e7os e celebraram o in\u00edcio das melhorias. \u201cEsperamos por esse asfalto h\u00e1 anos. Agora, com Fabr\u00edcio, a mudan\u00e7a est\u00e1 acontecendo\u201d, disse uma moradora. O prefeito Fabr\u00edcio Abrantes (Avante) esteve na obra e refor\u00e7ou o compromisso da gest\u00e3o com a infraestrutura. \u201cEssa \u00e9 mais uma das tantas vias que estamos recuperando para voc\u00ea! Nosso foco \u00e9 garantir uma cidade mais acess\u00edvel e moderna\u201d, afirmou.<\/p>\n\n\n\n<p>Pavimenta\u00e7\u00e3o da Rua Nazar\u00e9 vai facilitar o tr\u00e1fego de ve\u00edculos e pedestres, al\u00e9m de valorizar os im\u00f3veis e reduzir a poeira e os transtornos causados pelas chuvas. Com a obra, a Prefeitura refor\u00e7a o compromisso com o crescimento urbano e a qualidade de vida. Brumado vive uma nova fase de desenvolvimento e investimento em infraestrutura p\u00fablica.<\/p>\n","protected":false},"excerpt":{"rendered":"<p>Prefeitura de Brumado iniciou a pavimenta\u00e7\u00e3o asf\u00e1ltica da Rua Nazar\u00e9, no Bairro Dr. Juracy. A obra atende a um pedido antigo da comunidade e promete melhorar a mobilidade na regi\u00e3o. Trabalhadores e m\u00e1quinas j\u00e1 atuam no local desde o in\u00edcio da semana. Interven\u00e7\u00e3o faz parte do programa de requalifica\u00e7\u00e3o urbana, que busca recuperar ruas e avenidas em diferentes bairros da cidade. Moradores acompanharam os servi\u00e7os e celebraram o in\u00edcio das melhorias. \u201cEsperamos por esse asfalto h\u00e1 anos. Agora, com Fabr\u00edcio, a mudan\u00e7a est\u00e1 acontecendo\u201d, disse uma moradora. O prefeito Fabr\u00edcio Abrantes (Avante) esteve na obra e refor\u00e7ou o compromisso da gest\u00e3o com a infraestrutura. \u201cEssa \u00e9 mais uma das tantas vias que estamos recuperando para voc\u00ea! Nosso foco \u00e9 garantir uma cidade mais acess\u00edvel e moderna\u201d, afirmou. Pavimenta\u00e7\u00e3o da Rua Nazar\u00e9 vai facilitar o tr\u00e1fego de ve\u00edculos e pedestres, al\u00e9m de valorizar os im\u00f3veis e reduzir a poeira e os transtornos causados pelas chuvas. Com a obra, a Prefeitura refor\u00e7a o compromisso com o crescimento urbano e a qualidade de vida. Brumado vive uma nova fase de desenvolvimento e investimento em infraestrutura p\u00fablica.<\/p>\n","protected":false},"author":2,"featured_media":1760,"comment_status":"open","ping_status":"open","sticky":false,"template":"","format":"standard","meta":{"footnotes":""},"categories":[10,6],"tags":[],"class_list":["post-1722","post","type-post","status-publish","format-standard","has-post-thumbnail","hentry","category-brumado","category-politica"],"yoast_head":"<!-- This site is optimized with the Yoast SEO plugin v26.5 - https:\/\/yoast.com\/wordpress\/plugins\/seo\/ -->\n<title>Brumado inicia pavimenta\u00e7\u00e3o da Rua Nazar\u00e9 e moradores comemoram nova fase de desenvolvimento - Sudoesteacontece<\/title>\n<meta name=\"robots\" content=\"index, follow, max-snippet:-1, max-image-preview:large, max-video-preview:-1\" \/>\n<link rel=\"canonical\" href=\"https:\/\/sudoesteacontece.com.br\/?p=1722\" \/>\n<meta property=\"og:locale\" content=\"pt_BR\" \/>\n<meta property=\"og:type\" content=\"article\" \/>\n<meta property=\"og:title\" content=\"Brumado inicia pavimenta\u00e7\u00e3o da Rua Nazar\u00e9 e moradores comemoram nova fase de desenvolvimento - Sudoesteacontece\" \/>\n<meta property=\"og:description\" content=\"Prefeitura de Brumado iniciou a pavimenta\u00e7\u00e3o asf\u00e1ltica da Rua Nazar\u00e9, no Bairro Dr. Juracy. A obra atende a um pedido antigo da comunidade e promete melhorar a mobilidade na regi\u00e3o. Trabalhadores e m\u00e1quinas j\u00e1 atuam no local desde o in\u00edcio da semana. Interven\u00e7\u00e3o faz parte do programa de requalifica\u00e7\u00e3o urbana, que busca recuperar ruas e avenidas em diferentes bairros da cidade. Moradores acompanharam os servi\u00e7os e celebraram o in\u00edcio das melhorias. \u201cEsperamos por esse asfalto h\u00e1 anos. Agora, com Fabr\u00edcio, a mudan\u00e7a est\u00e1 acontecendo\u201d, disse uma moradora. O prefeito Fabr\u00edcio Abrantes (Avante) esteve na obra e refor\u00e7ou o compromisso da gest\u00e3o com a infraestrutura. \u201cEssa \u00e9 mais uma das tantas vias que estamos recuperando para voc\u00ea! Nosso foco \u00e9 garantir uma cidade mais acess\u00edvel e moderna\u201d, afirmou. Pavimenta\u00e7\u00e3o da Rua Nazar\u00e9 vai facilitar o tr\u00e1fego de ve\u00edculos e pedestres, al\u00e9m de valorizar os im\u00f3veis e reduzir a poeira e os transtornos causados pelas chuvas. Com a obra, a Prefeitura refor\u00e7a o compromisso com o crescimento urbano e a qualidade de vida. Brumado vive uma nova fase de desenvolvimento e investimento em infraestrutura p\u00fablica.\" \/>\n<meta property=\"og:url\" content=\"https:\/\/sudoesteacontece.com.br\/?p=1722\" \/>\n<meta property=\"og:site_name\" content=\"Sudoesteacontece\" \/>\n<meta property=\"article:publisher\" content=\"https:\/\/www.facebook.com\/sudoesteacontece\/?locale=pt_BR\" \/>\n<meta property=\"article:published_time\" content=\"2025-11-04T13:39:25+00:00\" \/>\n<meta property=\"article:modified_time\" content=\"2025-11-04T13:39:26+00:00\" \/>\n<meta property=\"og:image\" content=\"https:\/\/sudoesteacontece.com.br\/wp-content\/uploads\/2025\/11\/Brumado-inicia-pavimentacao-da-Rua-Nazare-e-moradores-comemoram-nova-fase-de-desenvolvimento-sudoeste.jpg\" \/>\n\t<meta property=\"og:image:width\" content=\"2000\" \/>\n\t<meta property=\"og:image:height\" content=\"1334\" \/>\n\t<meta property=\"og:image:type\" content=\"image\/jpeg\" \/>\n<meta name=\"author\" content=\"Washington Tiago\" \/>\n<meta name=\"twitter:card\" content=\"summary_large_image\" \/>\n<meta name=\"twitter:label1\" content=\"Escrito por\" \/>\n\t<meta name=\"twitter:data1\" content=\"Washington Tiago\" \/>\n\t<meta name=\"twitter:label2\" content=\"Est. tempo de leitura\" \/>\n\t<meta name=\"twitter:data2\" content=\"1 minuto\" \/>\n<script type=\"application\/ld+json\" class=\"yoast-schema-graph\">{\"@context\":\"https:\/\/schema.org\",\"@graph\":[{\"@type\":\"Article\",\"@id\":\"https:\/\/sudoesteacontece.com.br\/?p=1722#article\",\"isPartOf\":{\"@id\":\"https:\/\/sudoesteacontece.com.br\/?p=1722\"},\"author\":{\"name\":\"Washington Tiago\",\"@id\":\"https:\/\/sudoesteacontece.com.br\/#\/schema\/person\/3cf2cf009926a9683ebc29d5379fa79c\"},\"headline\":\"Brumado inicia pavimenta\u00e7\u00e3o da Rua Nazar\u00e9 e moradores comemoram nova fase de desenvolvimento\",\"datePublished\":\"2025-11-04T13:39:25+00:00\",\"dateModified\":\"2025-11-04T13:39:26+00:00\",\"mainEntityOfPage\":{\"@id\":\"https:\/\/sudoesteacontece.com.br\/?p=1722\"},\"wordCount\":217,\"commentCount\":0,\"publisher\":{\"@id\":\"https:\/\/sudoesteacontece.com.br\/#organization\"},\"image\":{\"@id\":\"https:\/\/sudoesteacontece.com.br\/?p=1722#primaryimage\"},\"thumbnailUrl\":\"https:\/\/sudoesteacontece.com.br\/wp-content\/uploads\/2025\/11\/Brumado-inicia-pavimentacao-da-Rua-Nazare-e-moradores-comemoram-nova-fase-de-desenvolvimento-sudoeste.jpg\",\"articleSection\":[\"Brumado\",\"Pol\u00edtica\"],\"inLanguage\":\"pt-BR\",\"potentialAction\":[{\"@type\":\"CommentAction\",\"name\":\"Comment\",\"target\":[\"https:\/\/sudoesteacontece.com.br\/?p=1722#respond\"]}]},{\"@type\":\"WebPage\",\"@id\":\"https:\/\/sudoesteacontece.com.br\/?p=1722\",\"url\":\"https:\/\/sudoesteacontece.com.br\/?p=1722\",\"name\":\"Brumado inicia pavimenta\u00e7\u00e3o da Rua Nazar\u00e9 e moradores comemoram nova fase de desenvolvimento - Sudoesteacontece\",\"isPartOf\":{\"@id\":\"https:\/\/sudoesteacontece.com.br\/#website\"},\"primaryImageOfPage\":{\"@id\":\"https:\/\/sudoesteacontece.com.br\/?p=1722#primaryimage\"},\"image\":{\"@id\":\"https:\/\/sudoesteacontece.com.br\/?p=1722#primaryimage\"},\"thumbnailUrl\":\"https:\/\/sudoesteacontece.com.br\/wp-content\/uploads\/2025\/11\/Brumado-inicia-pavimentacao-da-Rua-Nazare-e-moradores-comemoram-nova-fase-de-desenvolvimento-sudoeste.jpg\",\"datePublished\":\"2025-11-04T13:39:25+00:00\",\"dateModified\":\"2025-11-04T13:39:26+00:00\",\"breadcrumb\":{\"@id\":\"https:\/\/sudoesteacontece.com.br\/?p=1722#breadcrumb\"},\"inLanguage\":\"pt-BR\",\"potentialAction\":[{\"@type\":\"ReadAction\",\"target\":[\"https:\/\/sudoesteacontece.com.br\/?p=1722\"]}]},{\"@type\":\"ImageObject\",\"inLanguage\":\"pt-BR\",\"@id\":\"https:\/\/sudoesteacontece.com.br\/?p=1722#primaryimage\",\"url\":\"https:\/\/sudoesteacontece.com.br\/wp-content\/uploads\/2025\/11\/Brumado-inicia-pavimentacao-da-Rua-Nazare-e-moradores-comemoram-nova-fase-de-desenvolvimento-sudoeste.jpg\",\"contentUrl\":\"https:\/\/sudoesteacontece.com.br\/wp-content\/uploads\/2025\/11\/Brumado-inicia-pavimentacao-da-Rua-Nazare-e-moradores-comemoram-nova-fase-de-desenvolvimento-sudoeste.jpg\",\"width\":2000,\"height\":1334},{\"@type\":\"BreadcrumbList\",\"@id\":\"https:\/\/sudoesteacontece.com.br\/?p=1722#breadcrumb\",\"itemListElement\":[{\"@type\":\"ListItem\",\"position\":1,\"name\":\"In\u00edcio\",\"item\":\"https:\/\/sudoesteacontece.com.br\/\"},{\"@type\":\"ListItem\",\"position\":2,\"name\":\"Brumado inicia pavimenta\u00e7\u00e3o da Rua Nazar\u00e9 e moradores comemoram nova fase de desenvolvimento\"}]},{\"@type\":\"WebSite\",\"@id\":\"https:\/\/sudoesteacontece.com.br\/#website\",\"url\":\"https:\/\/sudoesteacontece.com.br\/\",\"name\":\"Sudoesteacontece\",\"description\":\"\",\"publisher\":{\"@id\":\"https:\/\/sudoesteacontece.com.br\/#organization\"},\"potentialAction\":[{\"@type\":\"SearchAction\",\"target\":{\"@type\":\"EntryPoint\",\"urlTemplate\":\"https:\/\/sudoesteacontece.com.br\/?s={search_term_string}\"},\"query-input\":{\"@type\":\"PropertyValueSpecification\",\"valueRequired\":true,\"valueName\":\"search_term_string\"}}],\"inLanguage\":\"pt-BR\"},{\"@type\":\"Organization\",\"@id\":\"https:\/\/sudoesteacontece.com.br\/#organization\",\"name\":\"Sudoesteacontece\",\"url\":\"https:\/\/sudoesteacontece.com.br\/\",\"logo\":{\"@type\":\"ImageObject\",\"inLanguage\":\"pt-BR\",\"@id\":\"https:\/\/sudoesteacontece.com.br\/#\/schema\/logo\/image\/\",\"url\":\"https:\/\/sudoesteacontece.com.br\/wp-content\/uploads\/2025\/12\/cropped-logo-2-180x180-1.png\",\"contentUrl\":\"https:\/\/sudoesteacontece.com.br\/wp-content\/uploads\/2025\/12\/cropped-logo-2-180x180-1.png\",\"width\":180,\"height\":180,\"caption\":\"Sudoesteacontece\"},\"image\":{\"@id\":\"https:\/\/sudoesteacontece.com.br\/#\/schema\/logo\/image\/\"},\"sameAs\":[\"https:\/\/www.facebook.com\/sudoesteacontece\/?locale=pt_BR\"]},{\"@type\":\"Person\",\"@id\":\"https:\/\/sudoesteacontece.com.br\/#\/schema\/person\/3cf2cf009926a9683ebc29d5379fa79c\",\"name\":\"Washington Tiago\",\"image\":{\"@type\":\"ImageObject\",\"inLanguage\":\"pt-BR\",\"@id\":\"https:\/\/sudoesteacontece.com.br\/#\/schema\/person\/image\/\",\"url\":\"https:\/\/secure.gravatar.com\/avatar\/33c43b8668157e040f9d1fe93c354bf087cbd8ba36270c1163198bd3ddcf2a56?s=96&d=mm&r=g\",\"contentUrl\":\"https:\/\/secure.gravatar.com\/avatar\/33c43b8668157e040f9d1fe93c354bf087cbd8ba36270c1163198bd3ddcf2a56?s=96&d=mm&r=g\",\"caption\":\"Washington Tiago\"},\"url\":\"https:\/\/sudoesteacontece.com.br\/?author=2\"}]}<\/script>\n<!-- \/ Yoast SEO plugin. -->","yoast_head_json":{"title":"Brumado inicia pavimenta\u00e7\u00e3o da Rua Nazar\u00e9 e moradores comemoram nova fase de desenvolvimento - Sudoesteacontece","robots":{"index":"index","follow":"follow","max-snippet":"max-snippet:-1","max-image-preview":"max-image-preview:large","max-video-preview":"max-video-preview:-1"},"canonical":"https:\/\/sudoesteacontece.com.br\/?p=1722","og_locale":"pt_BR","og_type":"article","og_title":"Brumado inicia pavimenta\u00e7\u00e3o da Rua Nazar\u00e9 e moradores comemoram nova fase de desenvolvimento - Sudoesteacontece","og_description":"Prefeitura de Brumado iniciou a pavimenta\u00e7\u00e3o asf\u00e1ltica da Rua Nazar\u00e9, no Bairro Dr. Juracy. A obra atende a um pedido antigo da comunidade e promete melhorar a mobilidade na regi\u00e3o. Trabalhadores e m\u00e1quinas j\u00e1 atuam no local desde o in\u00edcio da semana. Interven\u00e7\u00e3o faz parte do programa de requalifica\u00e7\u00e3o urbana, que busca recuperar ruas e avenidas em diferentes bairros da cidade. Moradores acompanharam os servi\u00e7os e celebraram o in\u00edcio das melhorias. \u201cEsperamos por esse asfalto h\u00e1 anos. Agora, com Fabr\u00edcio, a mudan\u00e7a est\u00e1 acontecendo\u201d, disse uma moradora. O prefeito Fabr\u00edcio Abrantes (Avante) esteve na obra e refor\u00e7ou o compromisso da gest\u00e3o com a infraestrutura. \u201cEssa \u00e9 mais uma das tantas vias que estamos recuperando para voc\u00ea! Nosso foco \u00e9 garantir uma cidade mais acess\u00edvel e moderna\u201d, afirmou. Pavimenta\u00e7\u00e3o da Rua Nazar\u00e9 vai facilitar o tr\u00e1fego de ve\u00edculos e pedestres, al\u00e9m de valorizar os im\u00f3veis e reduzir a poeira e os transtornos causados pelas chuvas. Com a obra, a Prefeitura refor\u00e7a o compromisso com o crescimento urbano e a qualidade de vida. Brumado vive uma nova fase de desenvolvimento e investimento em infraestrutura p\u00fablica.","og_url":"https:\/\/sudoesteacontece.com.br\/?p=1722","og_site_name":"Sudoesteacontece","article_publisher":"https:\/\/www.facebook.com\/sudoesteacontece\/?locale=pt_BR","article_published_time":"2025-11-04T13:39:25+00:00","article_modified_time":"2025-11-04T13:39:26+00:00","og_image":[{"width":2000,"height":1334,"url":"https:\/\/sudoesteacontece.com.br\/wp-content\/uploads\/2025\/11\/Brumado-inicia-pavimentacao-da-Rua-Nazare-e-moradores-comemoram-nova-fase-de-desenvolvimento-sudoeste.jpg","type":"image\/jpeg"}],"author":"Washington Tiago","twitter_card":"summary_large_image","twitter_misc":{"Escrito por":"Washington Tiago","Est. tempo de leitura":"1 minuto"},"schema":{"@context":"https:\/\/schema.org","@graph":[{"@type":"Article","@id":"https:\/\/sudoesteacontece.com.br\/?p=1722#article","isPartOf":{"@id":"https:\/\/sudoesteacontece.com.br\/?p=1722"},"author":{"name":"Washington Tiago","@id":"https:\/\/sudoesteacontece.com.br\/#\/schema\/person\/3cf2cf009926a9683ebc29d5379fa79c"},"headline":"Brumado inicia pavimenta\u00e7\u00e3o da Rua Nazar\u00e9 e moradores comemoram nova fase de desenvolvimento","datePublished":"2025-11-04T13:39:25+00:00","dateModified":"2025-11-04T13:39:26+00:00","mainEntityOfPage":{"@id":"https:\/\/sudoesteacontece.com.br\/?p=1722"},"wordCount":217,"commentCount":0,"publisher":{"@id":"https:\/\/sudoesteacontece.com.br\/#organization"},"image":{"@id":"https:\/\/sudoesteacontece.com.br\/?p=1722#primaryimage"},"thumbnailUrl":"https:\/\/sudoesteacontece.com.br\/wp-content\/uploads\/2025\/11\/Brumado-inicia-pavimentacao-da-Rua-Nazare-e-moradores-comemoram-nova-fase-de-desenvolvimento-sudoeste.jpg","articleSection":["Brumado","Pol\u00edtica"],"inLanguage":"pt-BR","potentialAction":[{"@type":"CommentAction","name":"Comment","target":["https:\/\/sudoesteacontece.com.br\/?p=1722#respond"]}]},{"@type":"WebPage","@id":"https:\/\/sudoesteacontece.com.br\/?p=1722","url":"https:\/\/sudoesteacontece.com.br\/?p=1722","name":"Brumado inicia pavimenta\u00e7\u00e3o da Rua Nazar\u00e9 e moradores comemoram nova fase de desenvolvimento - Sudoesteacontece","isPartOf":{"@id":"https:\/\/sudoesteacontece.com.br\/#website"},"primaryImageOfPage":{"@id":"https:\/\/sudoesteacontece.com.br\/?p=1722#primaryimage"},"image":{"@id":"https:\/\/sudoesteacontece.com.br\/?p=1722#primaryimage"},"thumbnailUrl":"https:\/\/sudoesteacontece.com.br\/wp-content\/uploads\/2025\/11\/Brumado-inicia-pavimentacao-da-Rua-Nazare-e-moradores-comemoram-nova-fase-de-desenvolvimento-sudoeste.jpg","datePublished":"2025-11-04T13:39:25+00:00","dateModified":"2025-11-04T13:39:26+00:00","breadcrumb":{"@id":"https:\/\/sudoesteacontece.com.br\/?p=1722#breadcrumb"},"inLanguage":"pt-BR","potentialAction":[{"@type":"ReadAction","target":["https:\/\/sudoesteacontece.com.br\/?p=1722"]}]},{"@type":"ImageObject","inLanguage":"pt-BR","@id":"https:\/\/sudoesteacontece.com.br\/?p=1722#primaryimage","url":"https:\/\/sudoesteacontece.com.br\/wp-content\/uploads\/2025\/11\/Brumado-inicia-pavimentacao-da-Rua-Nazare-e-moradores-comemoram-nova-fase-de-desenvolvimento-sudoeste.jpg","contentUrl":"https:\/\/sudoesteacontece.com.br\/wp-content\/uploads\/2025\/11\/Brumado-inicia-pavimentacao-da-Rua-Nazare-e-moradores-comemoram-nova-fase-de-desenvolvimento-sudoeste.jpg","width":2000,"height":1334},{"@type":"BreadcrumbList","@id":"https:\/\/sudoesteacontece.com.br\/?p=1722#breadcrumb","itemListElement":[{"@type":"ListItem","position":1,"name":"In\u00edcio","item":"https:\/\/sudoesteacontece.com.br\/"},{"@type":"ListItem","position":2,"name":"Brumado inicia pavimenta\u00e7\u00e3o da Rua Nazar\u00e9 e moradores comemoram nova fase de desenvolvimento"}]},{"@type":"WebSite","@id":"https:\/\/sudoesteacontece.com.br\/#website","url":"https:\/\/sudoesteacontece.com.br\/","name":"Sudoesteacontece","description":"","publisher":{"@id":"https:\/\/sudoesteacontece.com.br\/#organization"},"potentialAction":[{"@type":"SearchAction","target":{"@type":"EntryPoint","urlTemplate":"https:\/\/sudoesteacontece.com.br\/?s={search_term_string}"},"query-input":{"@type":"PropertyValueSpecification","valueRequired":true,"valueName":"search_term_string"}}],"inLanguage":"pt-BR"},{"@type":"Organization","@id":"https:\/\/sudoesteacontece.com.br\/#organization","name":"Sudoesteacontece","url":"https:\/\/sudoesteacontece.com.br\/","logo":{"@type":"ImageObject","inLanguage":"pt-BR","@id":"https:\/\/sudoesteacontece.com.br\/#\/schema\/logo\/image\/","url":"https:\/\/sudoesteacontece.com.br\/wp-content\/uploads\/2025\/12\/cropped-logo-2-180x180-1.png","contentUrl":"https:\/\/sudoesteacontece.com.br\/wp-content\/uploads\/2025\/12\/cropped-logo-2-180x180-1.png","width":180,"height":180,"caption":"Sudoesteacontece"},"image":{"@id":"https:\/\/sudoesteacontece.com.br\/#\/schema\/logo\/image\/"},"sameAs":["https:\/\/www.facebook.com\/sudoesteacontece\/?locale=pt_BR"]},{"@type":"Person","@id":"https:\/\/sudoesteacontece.com.br\/#\/schema\/person\/3cf2cf009926a9683ebc29d5379fa79c","name":"Washington Tiago","image":{"@type":"ImageObject","inLanguage":"pt-BR","@id":"https:\/\/sudoesteacontece.com.br\/#\/schema\/person\/image\/","url":"https:\/\/secure.gravatar.com\/avatar\/33c43b8668157e040f9d1fe93c354bf087cbd8ba36270c1163198bd3ddcf2a56?s=96&d=mm&r=g","contentUrl":"https:\/\/secure.gravatar.com\/avatar\/33c43b8668157e040f9d1fe93c354bf087cbd8ba36270c1163198bd3ddcf2a56?s=96&d=mm&r=g","caption":"Washington Tiago"},"url":"https:\/\/sudoesteacontece.com.br\/?author=2"}]}},"_links":{"self":[{"href":"https:\/\/sudoesteacontece.com.br\/index.php?rest_route=\/wp\/v2\/posts\/1722","targetHints":{"allow":["GET"]}}],"collection":[{"href":"https:\/\/sudoesteacontece.com.br\/index.php?rest_route=\/wp\/v2\/posts"}],"about":[{"href":"https:\/\/sudoesteacontece.com.br\/index.php?rest_route=\/wp\/v2\/types\/post"}],"author":[{"embeddable":true,"href":"https:\/\/sudoesteacontece.com.br\/index.php?rest_route=\/wp\/v2\/users\/2"}],"replies":[{"embeddable":true,"href":"https:\/\/sudoesteacontece.com.br\/index.php?rest_route=%2Fwp%2Fv2%2Fcomments&post=1722"}],"version-history":[{"count":0,"href":"https:\/\/sudoesteacontece.com.br\/index.php?rest_route=\/wp\/v2\/posts\/1722\/revisions"}],"wp:featuredmedia":[{"embeddable":true,"href":"https:\/\/sudoesteacontece.com.br\/index.php?rest_route=\/wp\/v2\/media\/1760"}],"wp:attachment":[{"href":"https:\/\/sudoesteacontece.com.br\/index.php?rest_route=%2Fwp%2Fv2%2Fmedia&parent=1722"}],"wp:term":[{"taxonomy":"category","embeddable":true,"href":"https:\/\/sudoesteacontece.com.br\/index.php?rest_route=%2Fwp%2Fv2%2Fcategories&post=1722"},{"taxonomy":"post_tag","embeddable":true,"href":"https:\/\/sudoesteacontece.com.br\/index.php?rest_route=%2Fwp%2Fv2%2Ftags&post=1722"}],"curies":[{"name":"wp","href":"https:\/\/api.w.org\/{rel}","templated":true}]}}