{"id":1724,"date":"2025-11-04T10:42:04","date_gmt":"2025-11-04T13:42:04","guid":{"rendered":"https:\/\/sudoesteacontece.com.br\/?p=1724"},"modified":"2025-11-04T10:42:05","modified_gmt":"2025-11-04T13:42:05","slug":"moradora-de-itambe-luta-por-cirurgia-reparadora-apos-bariatrica-so-quero-viver-sem-dor","status":"publish","type":"post","link":"https:\/\/sudoesteacontece.com.br\/?p=1724","title":{"rendered":"Moradora de Itamb\u00e9 luta por cirurgia reparadora ap\u00f3s bari\u00e1trica: \u201cS\u00f3 quero viver sem dor\u201d"},"content":{"rendered":"\n<figure class=\"wp-block-image size-full\"><img fetchpriority=\"high\" decoding=\"async\" width=\"800\" height=\"584\" src=\"http:\/\/sudoesteacontece.com.br\/wp-content\/uploads\/2025\/11\/Moradora-de-Itambe-luta-por-cirurgia-reparadora-apos-bariatrica-So-quero-viver-sem-dor-sudoeste-acontece.jpg\" alt=\"\" class=\"wp-image-1762\" srcset=\"https:\/\/sudoesteacontece.com.br\/wp-content\/uploads\/2025\/11\/Moradora-de-Itambe-luta-por-cirurgia-reparadora-apos-bariatrica-So-quero-viver-sem-dor-sudoeste-acontece.jpg 800w, https:\/\/sudoesteacontece.com.br\/wp-content\/uploads\/2025\/11\/Moradora-de-Itambe-luta-por-cirurgia-reparadora-apos-bariatrica-So-quero-viver-sem-dor-sudoeste-acontece-300x219.jpg 300w, https:\/\/sudoesteacontece.com.br\/wp-content\/uploads\/2025\/11\/Moradora-de-Itambe-luta-por-cirurgia-reparadora-apos-bariatrica-So-quero-viver-sem-dor-sudoeste-acontece-768x561.jpg 768w\" sizes=\"(max-width: 800px) 100vw, 800px\" \/><\/figure>\n\n\n\n<p>Moradora de Itamb\u00e9, no sudoeste da Bahia, C\u00e9lia Aparecida Amorim, de 50 anos, comove a cidade com sua luta por uma cirurgia reparadora. Depois de realizar uma bari\u00e1trica e perder muito peso, ela passou a conviver com fortes dores e limita\u00e7\u00f5es causadas pelo excesso de pele. Com dificuldades para andar, cozinhar e realizar tarefas simples, C\u00e9lia vive uma rotina marcada pela dor. <\/p>\n\n\n\n<p>\u201cEu n\u00e3o consigo mais fazer nada. Antes ainda tentava cozinhar sentada, mas um dia me queimei. O m\u00e9dico disse que eu n\u00e3o podia mais. S\u00f3 quero poder cuidar da minha casa e viver sem dor\u201d, desabafou \u00e0 R\u00e1dio Ativa FM Itamb\u00e9. A cirurgia reparadora \u00e9 essencial para devolver mobilidade e qualidade de vida \u00e0 moradora. <\/p>\n\n\n\n<p>Problema \u00e9 o custo: o procedimento chega a R$ 30 mil, valor muito acima de sua condi\u00e7\u00e3o financeira. Pelo SUS, os m\u00e9dicos recebem apenas R$ 5 mil, o que faz com que poucos aceitem realizar o procedimento. \u201cProcurei v\u00e1rios m\u00e9dicos, inclusive em Salvador, mas todos recusaram pelo SUS. S\u00f3 aceitam se for particular\u201d, contou C\u00e9lia.<\/p>\n\n\n\n<p>M\u00e3e de dois filhos, ela busca apoio da popula\u00e7\u00e3o e de profissionais de sa\u00fade para conseguir o tratamento. Em meio \u00e0s dificuldades, a solidariedade tem se tornado sua esperan\u00e7a. \u201cPe\u00e7o a qualquer m\u00e9dico cirurgi\u00e3o que me avalie e possa me ajudar a realizar essa cirurgia. S\u00f3 de tirar o excesso da barriga e dos seios j\u00e1 seria uma b\u00ean\u00e7\u00e3o\u201d, disse, emocionada.<\/p>\n\n\n\n<p>As doa\u00e7\u00f5es podem ser feitas via PIX: (73) 98212-7026. Cada contribui\u00e7\u00e3o, segundo ela, representa mais do que dinheiro \u2014 \u00e9 a chance de voltar a viver sem dor e com dignidade. \u201cQuero apenas ter sa\u00fade e uma vida normal de novo\u201d, concluiu.<\/p>\n","protected":false},"excerpt":{"rendered":"<p>Moradora de Itamb\u00e9, no sudoeste da Bahia, C\u00e9lia Aparecida Amorim, de 50 anos, comove a cidade com sua luta por uma cirurgia reparadora. Depois de realizar uma bari\u00e1trica e perder muito peso, ela passou a conviver com fortes dores e limita\u00e7\u00f5es causadas pelo excesso de pele. Com dificuldades para andar, cozinhar e realizar tarefas simples, C\u00e9lia vive uma rotina marcada pela dor. \u201cEu n\u00e3o consigo mais fazer nada. Antes ainda tentava cozinhar sentada, mas um dia me queimei. O m\u00e9dico disse que eu n\u00e3o podia mais. S\u00f3 quero poder cuidar da minha casa e viver sem dor\u201d, desabafou \u00e0 R\u00e1dio Ativa FM Itamb\u00e9. A cirurgia reparadora \u00e9 essencial para devolver mobilidade e qualidade de vida \u00e0 moradora. Problema \u00e9 o custo: o procedimento chega a R$ 30 mil, valor muito acima de sua condi\u00e7\u00e3o financeira. Pelo SUS, os m\u00e9dicos recebem apenas R$ 5 mil, o que faz com que poucos aceitem realizar o procedimento. \u201cProcurei v\u00e1rios m\u00e9dicos, inclusive em Salvador, mas todos recusaram pelo SUS. S\u00f3 aceitam se for particular\u201d, contou C\u00e9lia. M\u00e3e de dois filhos, ela busca apoio da popula\u00e7\u00e3o e de profissionais de sa\u00fade para conseguir o tratamento. Em meio \u00e0s dificuldades, a solidariedade tem se tornado sua esperan\u00e7a. \u201cPe\u00e7o a qualquer m\u00e9dico cirurgi\u00e3o que me avalie e possa me ajudar a realizar essa cirurgia. S\u00f3 de tirar o excesso da barriga e dos seios j\u00e1 seria uma b\u00ean\u00e7\u00e3o\u201d, disse, emocionada. As doa\u00e7\u00f5es podem ser feitas via PIX: (73) 98212-7026. Cada contribui\u00e7\u00e3o, segundo ela, representa mais do que dinheiro \u2014 \u00e9 a chance de voltar a viver sem dor e com dignidade. \u201cQuero apenas ter sa\u00fade e uma vida normal de novo\u201d, concluiu.<\/p>\n","protected":false},"author":2,"featured_media":1762,"comment_status":"open","ping_status":"open","sticky":false,"template":"","format":"standard","meta":{"footnotes":""},"categories":[4],"tags":[],"class_list":["post-1724","post","type-post","status-publish","format-standard","has-post-thumbnail","hentry","category-cidades"],"yoast_head":"<!-- This site is optimized with the Yoast SEO plugin v26.5 - https:\/\/yoast.com\/wordpress\/plugins\/seo\/ -->\n<title>Moradora de Itamb\u00e9 luta por cirurgia reparadora ap\u00f3s bari\u00e1trica: \u201cS\u00f3 quero viver sem dor\u201d - Sudoesteacontece<\/title>\n<meta name=\"robots\" content=\"index, follow, max-snippet:-1, max-image-preview:large, max-video-preview:-1\" \/>\n<link rel=\"canonical\" href=\"https:\/\/sudoesteacontece.com.br\/?p=1724\" \/>\n<meta property=\"og:locale\" content=\"pt_BR\" \/>\n<meta property=\"og:type\" content=\"article\" \/>\n<meta property=\"og:title\" content=\"Moradora de Itamb\u00e9 luta por cirurgia reparadora ap\u00f3s bari\u00e1trica: \u201cS\u00f3 quero viver sem dor\u201d - Sudoesteacontece\" \/>\n<meta property=\"og:description\" content=\"Moradora de Itamb\u00e9, no sudoeste da Bahia, C\u00e9lia Aparecida Amorim, de 50 anos, comove a cidade com sua luta por uma cirurgia reparadora. Depois de realizar uma bari\u00e1trica e perder muito peso, ela passou a conviver com fortes dores e limita\u00e7\u00f5es causadas pelo excesso de pele. Com dificuldades para andar, cozinhar e realizar tarefas simples, C\u00e9lia vive uma rotina marcada pela dor. \u201cEu n\u00e3o consigo mais fazer nada. Antes ainda tentava cozinhar sentada, mas um dia me queimei. O m\u00e9dico disse que eu n\u00e3o podia mais. S\u00f3 quero poder cuidar da minha casa e viver sem dor\u201d, desabafou \u00e0 R\u00e1dio Ativa FM Itamb\u00e9. A cirurgia reparadora \u00e9 essencial para devolver mobilidade e qualidade de vida \u00e0 moradora. Problema \u00e9 o custo: o procedimento chega a R$ 30 mil, valor muito acima de sua condi\u00e7\u00e3o financeira. Pelo SUS, os m\u00e9dicos recebem apenas R$ 5 mil, o que faz com que poucos aceitem realizar o procedimento. \u201cProcurei v\u00e1rios m\u00e9dicos, inclusive em Salvador, mas todos recusaram pelo SUS. S\u00f3 aceitam se for particular\u201d, contou C\u00e9lia. M\u00e3e de dois filhos, ela busca apoio da popula\u00e7\u00e3o e de profissionais de sa\u00fade para conseguir o tratamento. Em meio \u00e0s dificuldades, a solidariedade tem se tornado sua esperan\u00e7a. \u201cPe\u00e7o a qualquer m\u00e9dico cirurgi\u00e3o que me avalie e possa me ajudar a realizar essa cirurgia. S\u00f3 de tirar o excesso da barriga e dos seios j\u00e1 seria uma b\u00ean\u00e7\u00e3o\u201d, disse, emocionada. As doa\u00e7\u00f5es podem ser feitas via PIX: (73) 98212-7026. Cada contribui\u00e7\u00e3o, segundo ela, representa mais do que dinheiro \u2014 \u00e9 a chance de voltar a viver sem dor e com dignidade. \u201cQuero apenas ter sa\u00fade e uma vida normal de novo\u201d, concluiu.\" \/>\n<meta property=\"og:url\" content=\"https:\/\/sudoesteacontece.com.br\/?p=1724\" \/>\n<meta property=\"og:site_name\" content=\"Sudoesteacontece\" \/>\n<meta property=\"article:publisher\" content=\"https:\/\/www.facebook.com\/sudoesteacontece\/?locale=pt_BR\" \/>\n<meta property=\"article:published_time\" content=\"2025-11-04T13:42:04+00:00\" \/>\n<meta property=\"article:modified_time\" content=\"2025-11-04T13:42:05+00:00\" \/>\n<meta property=\"og:image\" content=\"https:\/\/sudoesteacontece.com.br\/wp-content\/uploads\/2025\/11\/Moradora-de-Itambe-luta-por-cirurgia-reparadora-apos-bariatrica-So-quero-viver-sem-dor-sudoeste-acontece.jpg\" \/>\n\t<meta property=\"og:image:width\" content=\"800\" \/>\n\t<meta property=\"og:image:height\" content=\"584\" \/>\n\t<meta property=\"og:image:type\" content=\"image\/jpeg\" \/>\n<meta name=\"author\" content=\"Washington Tiago\" \/>\n<meta name=\"twitter:card\" content=\"summary_large_image\" \/>\n<meta name=\"twitter:label1\" content=\"Escrito por\" \/>\n\t<meta name=\"twitter:data1\" content=\"Washington Tiago\" \/>\n\t<meta name=\"twitter:label2\" content=\"Est. tempo de leitura\" \/>\n\t<meta name=\"twitter:data2\" content=\"1 minuto\" \/>\n<script type=\"application\/ld+json\" class=\"yoast-schema-graph\">{\"@context\":\"https:\/\/schema.org\",\"@graph\":[{\"@type\":\"Article\",\"@id\":\"https:\/\/sudoesteacontece.com.br\/?p=1724#article\",\"isPartOf\":{\"@id\":\"https:\/\/sudoesteacontece.com.br\/?p=1724\"},\"author\":{\"name\":\"Washington Tiago\",\"@id\":\"https:\/\/sudoesteacontece.com.br\/#\/schema\/person\/3cf2cf009926a9683ebc29d5379fa79c\"},\"headline\":\"Moradora de Itamb\u00e9 luta por cirurgia reparadora ap\u00f3s bari\u00e1trica: \u201cS\u00f3 quero viver sem dor\u201d\",\"datePublished\":\"2025-11-04T13:42:04+00:00\",\"dateModified\":\"2025-11-04T13:42:05+00:00\",\"mainEntityOfPage\":{\"@id\":\"https:\/\/sudoesteacontece.com.br\/?p=1724\"},\"wordCount\":306,\"commentCount\":0,\"publisher\":{\"@id\":\"https:\/\/sudoesteacontece.com.br\/#organization\"},\"image\":{\"@id\":\"https:\/\/sudoesteacontece.com.br\/?p=1724#primaryimage\"},\"thumbnailUrl\":\"https:\/\/sudoesteacontece.com.br\/wp-content\/uploads\/2025\/11\/Moradora-de-Itambe-luta-por-cirurgia-reparadora-apos-bariatrica-So-quero-viver-sem-dor-sudoeste-acontece.jpg\",\"articleSection\":[\"Cidades\"],\"inLanguage\":\"pt-BR\",\"potentialAction\":[{\"@type\":\"CommentAction\",\"name\":\"Comment\",\"target\":[\"https:\/\/sudoesteacontece.com.br\/?p=1724#respond\"]}]},{\"@type\":\"WebPage\",\"@id\":\"https:\/\/sudoesteacontece.com.br\/?p=1724\",\"url\":\"https:\/\/sudoesteacontece.com.br\/?p=1724\",\"name\":\"Moradora de Itamb\u00e9 luta por cirurgia reparadora ap\u00f3s bari\u00e1trica: \u201cS\u00f3 quero viver sem dor\u201d - Sudoesteacontece\",\"isPartOf\":{\"@id\":\"https:\/\/sudoesteacontece.com.br\/#website\"},\"primaryImageOfPage\":{\"@id\":\"https:\/\/sudoesteacontece.com.br\/?p=1724#primaryimage\"},\"image\":{\"@id\":\"https:\/\/sudoesteacontece.com.br\/?p=1724#primaryimage\"},\"thumbnailUrl\":\"https:\/\/sudoesteacontece.com.br\/wp-content\/uploads\/2025\/11\/Moradora-de-Itambe-luta-por-cirurgia-reparadora-apos-bariatrica-So-quero-viver-sem-dor-sudoeste-acontece.jpg\",\"datePublished\":\"2025-11-04T13:42:04+00:00\",\"dateModified\":\"2025-11-04T13:42:05+00:00\",\"breadcrumb\":{\"@id\":\"https:\/\/sudoesteacontece.com.br\/?p=1724#breadcrumb\"},\"inLanguage\":\"pt-BR\",\"potentialAction\":[{\"@type\":\"ReadAction\",\"target\":[\"https:\/\/sudoesteacontece.com.br\/?p=1724\"]}]},{\"@type\":\"ImageObject\",\"inLanguage\":\"pt-BR\",\"@id\":\"https:\/\/sudoesteacontece.com.br\/?p=1724#primaryimage\",\"url\":\"https:\/\/sudoesteacontece.com.br\/wp-content\/uploads\/2025\/11\/Moradora-de-Itambe-luta-por-cirurgia-reparadora-apos-bariatrica-So-quero-viver-sem-dor-sudoeste-acontece.jpg\",\"contentUrl\":\"https:\/\/sudoesteacontece.com.br\/wp-content\/uploads\/2025\/11\/Moradora-de-Itambe-luta-por-cirurgia-reparadora-apos-bariatrica-So-quero-viver-sem-dor-sudoeste-acontece.jpg\",\"width\":800,\"height\":584},{\"@type\":\"BreadcrumbList\",\"@id\":\"https:\/\/sudoesteacontece.com.br\/?p=1724#breadcrumb\",\"itemListElement\":[{\"@type\":\"ListItem\",\"position\":1,\"name\":\"In\u00edcio\",\"item\":\"https:\/\/sudoesteacontece.com.br\/\"},{\"@type\":\"ListItem\",\"position\":2,\"name\":\"Moradora de Itamb\u00e9 luta por cirurgia reparadora ap\u00f3s bari\u00e1trica: \u201cS\u00f3 quero viver sem dor\u201d\"}]},{\"@type\":\"WebSite\",\"@id\":\"https:\/\/sudoesteacontece.com.br\/#website\",\"url\":\"https:\/\/sudoesteacontece.com.br\/\",\"name\":\"Sudoesteacontece\",\"description\":\"\",\"publisher\":{\"@id\":\"https:\/\/sudoesteacontece.com.br\/#organization\"},\"potentialAction\":[{\"@type\":\"SearchAction\",\"target\":{\"@type\":\"EntryPoint\",\"urlTemplate\":\"https:\/\/sudoesteacontece.com.br\/?s={search_term_string}\"},\"query-input\":{\"@type\":\"PropertyValueSpecification\",\"valueRequired\":true,\"valueName\":\"search_term_string\"}}],\"inLanguage\":\"pt-BR\"},{\"@type\":\"Organization\",\"@id\":\"https:\/\/sudoesteacontece.com.br\/#organization\",\"name\":\"Sudoesteacontece\",\"url\":\"https:\/\/sudoesteacontece.com.br\/\",\"logo\":{\"@type\":\"ImageObject\",\"inLanguage\":\"pt-BR\",\"@id\":\"https:\/\/sudoesteacontece.com.br\/#\/schema\/logo\/image\/\",\"url\":\"https:\/\/sudoesteacontece.com.br\/wp-content\/uploads\/2025\/12\/cropped-logo-2-180x180-1.png\",\"contentUrl\":\"https:\/\/sudoesteacontece.com.br\/wp-content\/uploads\/2025\/12\/cropped-logo-2-180x180-1.png\",\"width\":180,\"height\":180,\"caption\":\"Sudoesteacontece\"},\"image\":{\"@id\":\"https:\/\/sudoesteacontece.com.br\/#\/schema\/logo\/image\/\"},\"sameAs\":[\"https:\/\/www.facebook.com\/sudoesteacontece\/?locale=pt_BR\"]},{\"@type\":\"Person\",\"@id\":\"https:\/\/sudoesteacontece.com.br\/#\/schema\/person\/3cf2cf009926a9683ebc29d5379fa79c\",\"name\":\"Washington Tiago\",\"image\":{\"@type\":\"ImageObject\",\"inLanguage\":\"pt-BR\",\"@id\":\"https:\/\/sudoesteacontece.com.br\/#\/schema\/person\/image\/\",\"url\":\"https:\/\/secure.gravatar.com\/avatar\/33c43b8668157e040f9d1fe93c354bf087cbd8ba36270c1163198bd3ddcf2a56?s=96&d=mm&r=g\",\"contentUrl\":\"https:\/\/secure.gravatar.com\/avatar\/33c43b8668157e040f9d1fe93c354bf087cbd8ba36270c1163198bd3ddcf2a56?s=96&d=mm&r=g\",\"caption\":\"Washington Tiago\"},\"url\":\"https:\/\/sudoesteacontece.com.br\/?author=2\"}]}<\/script>\n<!-- \/ Yoast SEO plugin. -->","yoast_head_json":{"title":"Moradora de Itamb\u00e9 luta por cirurgia reparadora ap\u00f3s bari\u00e1trica: \u201cS\u00f3 quero viver sem dor\u201d - Sudoesteacontece","robots":{"index":"index","follow":"follow","max-snippet":"max-snippet:-1","max-image-preview":"max-image-preview:large","max-video-preview":"max-video-preview:-1"},"canonical":"https:\/\/sudoesteacontece.com.br\/?p=1724","og_locale":"pt_BR","og_type":"article","og_title":"Moradora de Itamb\u00e9 luta por cirurgia reparadora ap\u00f3s bari\u00e1trica: \u201cS\u00f3 quero viver sem dor\u201d - Sudoesteacontece","og_description":"Moradora de Itamb\u00e9, no sudoeste da Bahia, C\u00e9lia Aparecida Amorim, de 50 anos, comove a cidade com sua luta por uma cirurgia reparadora. Depois de realizar uma bari\u00e1trica e perder muito peso, ela passou a conviver com fortes dores e limita\u00e7\u00f5es causadas pelo excesso de pele. Com dificuldades para andar, cozinhar e realizar tarefas simples, C\u00e9lia vive uma rotina marcada pela dor. \u201cEu n\u00e3o consigo mais fazer nada. Antes ainda tentava cozinhar sentada, mas um dia me queimei. O m\u00e9dico disse que eu n\u00e3o podia mais. S\u00f3 quero poder cuidar da minha casa e viver sem dor\u201d, desabafou \u00e0 R\u00e1dio Ativa FM Itamb\u00e9. A cirurgia reparadora \u00e9 essencial para devolver mobilidade e qualidade de vida \u00e0 moradora. Problema \u00e9 o custo: o procedimento chega a R$ 30 mil, valor muito acima de sua condi\u00e7\u00e3o financeira. Pelo SUS, os m\u00e9dicos recebem apenas R$ 5 mil, o que faz com que poucos aceitem realizar o procedimento. \u201cProcurei v\u00e1rios m\u00e9dicos, inclusive em Salvador, mas todos recusaram pelo SUS. S\u00f3 aceitam se for particular\u201d, contou C\u00e9lia. M\u00e3e de dois filhos, ela busca apoio da popula\u00e7\u00e3o e de profissionais de sa\u00fade para conseguir o tratamento. Em meio \u00e0s dificuldades, a solidariedade tem se tornado sua esperan\u00e7a. \u201cPe\u00e7o a qualquer m\u00e9dico cirurgi\u00e3o que me avalie e possa me ajudar a realizar essa cirurgia. S\u00f3 de tirar o excesso da barriga e dos seios j\u00e1 seria uma b\u00ean\u00e7\u00e3o\u201d, disse, emocionada. As doa\u00e7\u00f5es podem ser feitas via PIX: (73) 98212-7026. Cada contribui\u00e7\u00e3o, segundo ela, representa mais do que dinheiro \u2014 \u00e9 a chance de voltar a viver sem dor e com dignidade. \u201cQuero apenas ter sa\u00fade e uma vida normal de novo\u201d, concluiu.","og_url":"https:\/\/sudoesteacontece.com.br\/?p=1724","og_site_name":"Sudoesteacontece","article_publisher":"https:\/\/www.facebook.com\/sudoesteacontece\/?locale=pt_BR","article_published_time":"2025-11-04T13:42:04+00:00","article_modified_time":"2025-11-04T13:42:05+00:00","og_image":[{"width":800,"height":584,"url":"https:\/\/sudoesteacontece.com.br\/wp-content\/uploads\/2025\/11\/Moradora-de-Itambe-luta-por-cirurgia-reparadora-apos-bariatrica-So-quero-viver-sem-dor-sudoeste-acontece.jpg","type":"image\/jpeg"}],"author":"Washington Tiago","twitter_card":"summary_large_image","twitter_misc":{"Escrito por":"Washington Tiago","Est. tempo de leitura":"1 minuto"},"schema":{"@context":"https:\/\/schema.org","@graph":[{"@type":"Article","@id":"https:\/\/sudoesteacontece.com.br\/?p=1724#article","isPartOf":{"@id":"https:\/\/sudoesteacontece.com.br\/?p=1724"},"author":{"name":"Washington Tiago","@id":"https:\/\/sudoesteacontece.com.br\/#\/schema\/person\/3cf2cf009926a9683ebc29d5379fa79c"},"headline":"Moradora de Itamb\u00e9 luta por cirurgia reparadora ap\u00f3s bari\u00e1trica: \u201cS\u00f3 quero viver sem dor\u201d","datePublished":"2025-11-04T13:42:04+00:00","dateModified":"2025-11-04T13:42:05+00:00","mainEntityOfPage":{"@id":"https:\/\/sudoesteacontece.com.br\/?p=1724"},"wordCount":306,"commentCount":0,"publisher":{"@id":"https:\/\/sudoesteacontece.com.br\/#organization"},"image":{"@id":"https:\/\/sudoesteacontece.com.br\/?p=1724#primaryimage"},"thumbnailUrl":"https:\/\/sudoesteacontece.com.br\/wp-content\/uploads\/2025\/11\/Moradora-de-Itambe-luta-por-cirurgia-reparadora-apos-bariatrica-So-quero-viver-sem-dor-sudoeste-acontece.jpg","articleSection":["Cidades"],"inLanguage":"pt-BR","potentialAction":[{"@type":"CommentAction","name":"Comment","target":["https:\/\/sudoesteacontece.com.br\/?p=1724#respond"]}]},{"@type":"WebPage","@id":"https:\/\/sudoesteacontece.com.br\/?p=1724","url":"https:\/\/sudoesteacontece.com.br\/?p=1724","name":"Moradora de Itamb\u00e9 luta por cirurgia reparadora ap\u00f3s bari\u00e1trica: \u201cS\u00f3 quero viver sem dor\u201d - Sudoesteacontece","isPartOf":{"@id":"https:\/\/sudoesteacontece.com.br\/#website"},"primaryImageOfPage":{"@id":"https:\/\/sudoesteacontece.com.br\/?p=1724#primaryimage"},"image":{"@id":"https:\/\/sudoesteacontece.com.br\/?p=1724#primaryimage"},"thumbnailUrl":"https:\/\/sudoesteacontece.com.br\/wp-content\/uploads\/2025\/11\/Moradora-de-Itambe-luta-por-cirurgia-reparadora-apos-bariatrica-So-quero-viver-sem-dor-sudoeste-acontece.jpg","datePublished":"2025-11-04T13:42:04+00:00","dateModified":"2025-11-04T13:42:05+00:00","breadcrumb":{"@id":"https:\/\/sudoesteacontece.com.br\/?p=1724#breadcrumb"},"inLanguage":"pt-BR","potentialAction":[{"@type":"ReadAction","target":["https:\/\/sudoesteacontece.com.br\/?p=1724"]}]},{"@type":"ImageObject","inLanguage":"pt-BR","@id":"https:\/\/sudoesteacontece.com.br\/?p=1724#primaryimage","url":"https:\/\/sudoesteacontece.com.br\/wp-content\/uploads\/2025\/11\/Moradora-de-Itambe-luta-por-cirurgia-reparadora-apos-bariatrica-So-quero-viver-sem-dor-sudoeste-acontece.jpg","contentUrl":"https:\/\/sudoesteacontece.com.br\/wp-content\/uploads\/2025\/11\/Moradora-de-Itambe-luta-por-cirurgia-reparadora-apos-bariatrica-So-quero-viver-sem-dor-sudoeste-acontece.jpg","width":800,"height":584},{"@type":"BreadcrumbList","@id":"https:\/\/sudoesteacontece.com.br\/?p=1724#breadcrumb","itemListElement":[{"@type":"ListItem","position":1,"name":"In\u00edcio","item":"https:\/\/sudoesteacontece.com.br\/"},{"@type":"ListItem","position":2,"name":"Moradora de Itamb\u00e9 luta por cirurgia reparadora ap\u00f3s bari\u00e1trica: \u201cS\u00f3 quero viver sem dor\u201d"}]},{"@type":"WebSite","@id":"https:\/\/sudoesteacontece.com.br\/#website","url":"https:\/\/sudoesteacontece.com.br\/","name":"Sudoesteacontece","description":"","publisher":{"@id":"https:\/\/sudoesteacontece.com.br\/#organization"},"potentialAction":[{"@type":"SearchAction","target":{"@type":"EntryPoint","urlTemplate":"https:\/\/sudoesteacontece.com.br\/?s={search_term_string}"},"query-input":{"@type":"PropertyValueSpecification","valueRequired":true,"valueName":"search_term_string"}}],"inLanguage":"pt-BR"},{"@type":"Organization","@id":"https:\/\/sudoesteacontece.com.br\/#organization","name":"Sudoesteacontece","url":"https:\/\/sudoesteacontece.com.br\/","logo":{"@type":"ImageObject","inLanguage":"pt-BR","@id":"https:\/\/sudoesteacontece.com.br\/#\/schema\/logo\/image\/","url":"https:\/\/sudoesteacontece.com.br\/wp-content\/uploads\/2025\/12\/cropped-logo-2-180x180-1.png","contentUrl":"https:\/\/sudoesteacontece.com.br\/wp-content\/uploads\/2025\/12\/cropped-logo-2-180x180-1.png","width":180,"height":180,"caption":"Sudoesteacontece"},"image":{"@id":"https:\/\/sudoesteacontece.com.br\/#\/schema\/logo\/image\/"},"sameAs":["https:\/\/www.facebook.com\/sudoesteacontece\/?locale=pt_BR"]},{"@type":"Person","@id":"https:\/\/sudoesteacontece.com.br\/#\/schema\/person\/3cf2cf009926a9683ebc29d5379fa79c","name":"Washington Tiago","image":{"@type":"ImageObject","inLanguage":"pt-BR","@id":"https:\/\/sudoesteacontece.com.br\/#\/schema\/person\/image\/","url":"https:\/\/secure.gravatar.com\/avatar\/33c43b8668157e040f9d1fe93c354bf087cbd8ba36270c1163198bd3ddcf2a56?s=96&d=mm&r=g","contentUrl":"https:\/\/secure.gravatar.com\/avatar\/33c43b8668157e040f9d1fe93c354bf087cbd8ba36270c1163198bd3ddcf2a56?s=96&d=mm&r=g","caption":"Washington Tiago"},"url":"https:\/\/sudoesteacontece.com.br\/?author=2"}]}},"_links":{"self":[{"href":"https:\/\/sudoesteacontece.com.br\/index.php?rest_route=\/wp\/v2\/posts\/1724","targetHints":{"allow":["GET"]}}],"collection":[{"href":"https:\/\/sudoesteacontece.com.br\/index.php?rest_route=\/wp\/v2\/posts"}],"about":[{"href":"https:\/\/sudoesteacontece.com.br\/index.php?rest_route=\/wp\/v2\/types\/post"}],"author":[{"embeddable":true,"href":"https:\/\/sudoesteacontece.com.br\/index.php?rest_route=\/wp\/v2\/users\/2"}],"replies":[{"embeddable":true,"href":"https:\/\/sudoesteacontece.com.br\/index.php?rest_route=%2Fwp%2Fv2%2Fcomments&post=1724"}],"version-history":[{"count":0,"href":"https:\/\/sudoesteacontece.com.br\/index.php?rest_route=\/wp\/v2\/posts\/1724\/revisions"}],"wp:featuredmedia":[{"embeddable":true,"href":"https:\/\/sudoesteacontece.com.br\/index.php?rest_route=\/wp\/v2\/media\/1762"}],"wp:attachment":[{"href":"https:\/\/sudoesteacontece.com.br\/index.php?rest_route=%2Fwp%2Fv2%2Fmedia&parent=1724"}],"wp:term":[{"taxonomy":"category","embeddable":true,"href":"https:\/\/sudoesteacontece.com.br\/index.php?rest_route=%2Fwp%2Fv2%2Fcategories&post=1724"},{"taxonomy":"post_tag","embeddable":true,"href":"https:\/\/sudoesteacontece.com.br\/index.php?rest_route=%2Fwp%2Fv2%2Ftags&post=1724"}],"curies":[{"name":"wp","href":"https:\/\/api.w.org\/{rel}","templated":true}]}}