{"id":1729,"date":"2025-11-04T11:10:36","date_gmt":"2025-11-04T14:10:36","guid":{"rendered":"https:\/\/sudoesteacontece.com.br\/?p=1729"},"modified":"2025-11-04T11:10:38","modified_gmt":"2025-11-04T14:10:38","slug":"capivara-ferida-e-resgatada-por-equipe-ambiental-em-vitoria-da-conquista","status":"publish","type":"post","link":"https:\/\/sudoesteacontece.com.br\/?p=1729","title":{"rendered":"Capivara ferida \u00e9 resgatada por equipe ambiental em Vit\u00f3ria da Conquista"},"content":{"rendered":"<div class=\"wp-block-image\">\n<figure class=\"aligncenter size-full\"><img fetchpriority=\"high\" decoding=\"async\" width=\"840\" height=\"525\" src=\"http:\/\/sudoesteacontece.com.br\/wp-content\/uploads\/2025\/11\/Capivara-ferida-e-resgatada-por-equipe-ambiental-em-Vitoria-da-Conquista-sudoeste-acontece.webp\" alt=\"\" class=\"wp-image-1766\" srcset=\"https:\/\/sudoesteacontece.com.br\/wp-content\/uploads\/2025\/11\/Capivara-ferida-e-resgatada-por-equipe-ambiental-em-Vitoria-da-Conquista-sudoeste-acontece.webp 840w, https:\/\/sudoesteacontece.com.br\/wp-content\/uploads\/2025\/11\/Capivara-ferida-e-resgatada-por-equipe-ambiental-em-Vitoria-da-Conquista-sudoeste-acontece-300x188.webp 300w, https:\/\/sudoesteacontece.com.br\/wp-content\/uploads\/2025\/11\/Capivara-ferida-e-resgatada-por-equipe-ambiental-em-Vitoria-da-Conquista-sudoeste-acontece-768x480.webp 768w\" sizes=\"(max-width: 840px) 100vw, 840px\" \/><\/figure>\n<\/div>\n\n\n<p>Moradores do bairro Lagoa das Flores acionaram o Grupo de Apoio ao Meio Ambiente (Gama) ap\u00f3s encontrarem uma capivara machucada na manh\u00e3 de segunda-feira (3). Animal, que pesava cerca de 40 quilos, foi visto nas proximidades da Fazenda Paix\u00e3o. Assustada e com ferimentos vis\u00edveis, a capivara apresentava dificuldade para se mover.<\/p>\n\n\n\n<p>Equipe da Guarda Municipal de Vit\u00f3ria da Conquista chegou rapidamente ao local. Com o apoio dos moradores, o grupo realizou o resgate com cuidado e seguran\u00e7a. Capivara recebeu os primeiros atendimentos e foi levada ao Centro de Triagem de Animais Silvestres (Cetas), onde passou por medica\u00e7\u00e3o, hidrata\u00e7\u00e3o e observa\u00e7\u00e3o veterin\u00e1ria.<\/p>\n\n\n\n<p>De acordo com o comandante da Guarda Municipal, Crist\u00f3v\u00e3o Lemos, a orienta\u00e7\u00e3o \u00e9 clara: a popula\u00e7\u00e3o n\u00e3o deve tentar capturar animais silvestres. \u201c\u00c9 importante manter dist\u00e2ncia e acionar o Gama imediatamente. A equipe est\u00e1 preparada para agir com seguran\u00e7a tanto para o animal quanto para as pessoas\u201d, refor\u00e7ou o comandante.<\/p>\n\n\n\n<p>Desde 2022, o Gama j\u00e1 registrou mais de 2.200 ocorr\u00eancias de captura e resgate de animais, entre eles abelhas, p\u00e1ssaros, cobras, raposas e tamandu\u00e1s. Grupo atua 24 horas e \u00e9 refer\u00eancia no resgate humanizado da fauna silvestre na regi\u00e3o sudoeste da Bahia, garantindo a prote\u00e7\u00e3o dos animais e da popula\u00e7\u00e3o.<\/p>\n\n\n\n<p>Caso da capivara refor\u00e7a a import\u00e2ncia da a\u00e7\u00e3o conjunta entre comunidade e equipes ambientais para preservar a vida e o equil\u00edbrio ecol\u00f3gico.<\/p>\n","protected":false},"excerpt":{"rendered":"<p>Moradores do bairro Lagoa das Flores acionaram o Grupo de Apoio ao Meio Ambiente (Gama) ap\u00f3s encontrarem uma capivara machucada na manh\u00e3 de segunda-feira (3). Animal, que pesava cerca de 40 quilos, foi visto nas proximidades da Fazenda Paix\u00e3o. Assustada e com ferimentos vis\u00edveis, a capivara apresentava dificuldade para se mover. Equipe da Guarda Municipal de Vit\u00f3ria da Conquista chegou rapidamente ao local. Com o apoio dos moradores, o grupo realizou o resgate com cuidado e seguran\u00e7a. Capivara recebeu os primeiros atendimentos e foi levada ao Centro de Triagem de Animais Silvestres (Cetas), onde passou por medica\u00e7\u00e3o, hidrata\u00e7\u00e3o e observa\u00e7\u00e3o veterin\u00e1ria. De acordo com o comandante da Guarda Municipal, Crist\u00f3v\u00e3o Lemos, a orienta\u00e7\u00e3o \u00e9 clara: a popula\u00e7\u00e3o n\u00e3o deve tentar capturar animais silvestres. \u201c\u00c9 importante manter dist\u00e2ncia e acionar o Gama imediatamente. A equipe est\u00e1 preparada para agir com seguran\u00e7a tanto para o animal quanto para as pessoas\u201d, refor\u00e7ou o comandante. Desde 2022, o Gama j\u00e1 registrou mais de 2.200 ocorr\u00eancias de captura e resgate de animais, entre eles abelhas, p\u00e1ssaros, cobras, raposas e tamandu\u00e1s. Grupo atua 24 horas e \u00e9 refer\u00eancia no resgate humanizado da fauna silvestre na regi\u00e3o sudoeste da Bahia, garantindo a prote\u00e7\u00e3o dos animais e da popula\u00e7\u00e3o. Caso da capivara refor\u00e7a a import\u00e2ncia da a\u00e7\u00e3o conjunta entre comunidade e equipes ambientais para preservar a vida e o equil\u00edbrio ecol\u00f3gico.<\/p>\n","protected":false},"author":2,"featured_media":1766,"comment_status":"open","ping_status":"open","sticky":false,"template":"","format":"standard","meta":{"footnotes":""},"categories":[4],"tags":[],"class_list":["post-1729","post","type-post","status-publish","format-standard","has-post-thumbnail","hentry","category-cidades"],"yoast_head":"<!-- This site is optimized with the Yoast SEO plugin v26.5 - https:\/\/yoast.com\/wordpress\/plugins\/seo\/ -->\n<title>Capivara ferida \u00e9 resgatada por equipe ambiental em Vit\u00f3ria da Conquista - Sudoesteacontece<\/title>\n<meta name=\"robots\" content=\"index, follow, max-snippet:-1, max-image-preview:large, max-video-preview:-1\" \/>\n<link rel=\"canonical\" href=\"https:\/\/sudoesteacontece.com.br\/?p=1729\" \/>\n<meta property=\"og:locale\" content=\"pt_BR\" \/>\n<meta property=\"og:type\" content=\"article\" \/>\n<meta property=\"og:title\" content=\"Capivara ferida \u00e9 resgatada por equipe ambiental em Vit\u00f3ria da Conquista - Sudoesteacontece\" \/>\n<meta property=\"og:description\" content=\"Moradores do bairro Lagoa das Flores acionaram o Grupo de Apoio ao Meio Ambiente (Gama) ap\u00f3s encontrarem uma capivara machucada na manh\u00e3 de segunda-feira (3). Animal, que pesava cerca de 40 quilos, foi visto nas proximidades da Fazenda Paix\u00e3o. Assustada e com ferimentos vis\u00edveis, a capivara apresentava dificuldade para se mover. Equipe da Guarda Municipal de Vit\u00f3ria da Conquista chegou rapidamente ao local. Com o apoio dos moradores, o grupo realizou o resgate com cuidado e seguran\u00e7a. Capivara recebeu os primeiros atendimentos e foi levada ao Centro de Triagem de Animais Silvestres (Cetas), onde passou por medica\u00e7\u00e3o, hidrata\u00e7\u00e3o e observa\u00e7\u00e3o veterin\u00e1ria. De acordo com o comandante da Guarda Municipal, Crist\u00f3v\u00e3o Lemos, a orienta\u00e7\u00e3o \u00e9 clara: a popula\u00e7\u00e3o n\u00e3o deve tentar capturar animais silvestres. \u201c\u00c9 importante manter dist\u00e2ncia e acionar o Gama imediatamente. A equipe est\u00e1 preparada para agir com seguran\u00e7a tanto para o animal quanto para as pessoas\u201d, refor\u00e7ou o comandante. Desde 2022, o Gama j\u00e1 registrou mais de 2.200 ocorr\u00eancias de captura e resgate de animais, entre eles abelhas, p\u00e1ssaros, cobras, raposas e tamandu\u00e1s. Grupo atua 24 horas e \u00e9 refer\u00eancia no resgate humanizado da fauna silvestre na regi\u00e3o sudoeste da Bahia, garantindo a prote\u00e7\u00e3o dos animais e da popula\u00e7\u00e3o. Caso da capivara refor\u00e7a a import\u00e2ncia da a\u00e7\u00e3o conjunta entre comunidade e equipes ambientais para preservar a vida e o equil\u00edbrio ecol\u00f3gico.\" \/>\n<meta property=\"og:url\" content=\"https:\/\/sudoesteacontece.com.br\/?p=1729\" \/>\n<meta property=\"og:site_name\" content=\"Sudoesteacontece\" \/>\n<meta property=\"article:publisher\" content=\"https:\/\/www.facebook.com\/sudoesteacontece\/?locale=pt_BR\" \/>\n<meta property=\"article:published_time\" content=\"2025-11-04T14:10:36+00:00\" \/>\n<meta property=\"article:modified_time\" content=\"2025-11-04T14:10:38+00:00\" \/>\n<meta property=\"og:image\" content=\"https:\/\/sudoesteacontece.com.br\/wp-content\/uploads\/2025\/11\/Capivara-ferida-e-resgatada-por-equipe-ambiental-em-Vitoria-da-Conquista-sudoeste-acontece.webp\" \/>\n\t<meta property=\"og:image:width\" content=\"840\" \/>\n\t<meta property=\"og:image:height\" content=\"525\" \/>\n\t<meta property=\"og:image:type\" content=\"image\/webp\" \/>\n<meta name=\"author\" content=\"Washington Tiago\" \/>\n<meta name=\"twitter:card\" content=\"summary_large_image\" \/>\n<meta name=\"twitter:label1\" content=\"Escrito por\" \/>\n\t<meta name=\"twitter:data1\" content=\"Washington Tiago\" \/>\n\t<meta name=\"twitter:label2\" content=\"Est. tempo de leitura\" \/>\n\t<meta name=\"twitter:data2\" content=\"1 minuto\" \/>\n<script type=\"application\/ld+json\" class=\"yoast-schema-graph\">{\"@context\":\"https:\/\/schema.org\",\"@graph\":[{\"@type\":\"Article\",\"@id\":\"https:\/\/sudoesteacontece.com.br\/?p=1729#article\",\"isPartOf\":{\"@id\":\"https:\/\/sudoesteacontece.com.br\/?p=1729\"},\"author\":{\"name\":\"Washington Tiago\",\"@id\":\"https:\/\/sudoesteacontece.com.br\/#\/schema\/person\/3cf2cf009926a9683ebc29d5379fa79c\"},\"headline\":\"Capivara ferida \u00e9 resgatada por equipe ambiental em Vit\u00f3ria da Conquista\",\"datePublished\":\"2025-11-04T14:10:36+00:00\",\"dateModified\":\"2025-11-04T14:10:38+00:00\",\"mainEntityOfPage\":{\"@id\":\"https:\/\/sudoesteacontece.com.br\/?p=1729\"},\"wordCount\":255,\"commentCount\":0,\"publisher\":{\"@id\":\"https:\/\/sudoesteacontece.com.br\/#organization\"},\"image\":{\"@id\":\"https:\/\/sudoesteacontece.com.br\/?p=1729#primaryimage\"},\"thumbnailUrl\":\"https:\/\/sudoesteacontece.com.br\/wp-content\/uploads\/2025\/11\/Capivara-ferida-e-resgatada-por-equipe-ambiental-em-Vitoria-da-Conquista-sudoeste-acontece.webp\",\"articleSection\":[\"Cidades\"],\"inLanguage\":\"pt-BR\",\"potentialAction\":[{\"@type\":\"CommentAction\",\"name\":\"Comment\",\"target\":[\"https:\/\/sudoesteacontece.com.br\/?p=1729#respond\"]}]},{\"@type\":\"WebPage\",\"@id\":\"https:\/\/sudoesteacontece.com.br\/?p=1729\",\"url\":\"https:\/\/sudoesteacontece.com.br\/?p=1729\",\"name\":\"Capivara ferida \u00e9 resgatada por equipe ambiental em Vit\u00f3ria da Conquista - Sudoesteacontece\",\"isPartOf\":{\"@id\":\"https:\/\/sudoesteacontece.com.br\/#website\"},\"primaryImageOfPage\":{\"@id\":\"https:\/\/sudoesteacontece.com.br\/?p=1729#primaryimage\"},\"image\":{\"@id\":\"https:\/\/sudoesteacontece.com.br\/?p=1729#primaryimage\"},\"thumbnailUrl\":\"https:\/\/sudoesteacontece.com.br\/wp-content\/uploads\/2025\/11\/Capivara-ferida-e-resgatada-por-equipe-ambiental-em-Vitoria-da-Conquista-sudoeste-acontece.webp\",\"datePublished\":\"2025-11-04T14:10:36+00:00\",\"dateModified\":\"2025-11-04T14:10:38+00:00\",\"breadcrumb\":{\"@id\":\"https:\/\/sudoesteacontece.com.br\/?p=1729#breadcrumb\"},\"inLanguage\":\"pt-BR\",\"potentialAction\":[{\"@type\":\"ReadAction\",\"target\":[\"https:\/\/sudoesteacontece.com.br\/?p=1729\"]}]},{\"@type\":\"ImageObject\",\"inLanguage\":\"pt-BR\",\"@id\":\"https:\/\/sudoesteacontece.com.br\/?p=1729#primaryimage\",\"url\":\"https:\/\/sudoesteacontece.com.br\/wp-content\/uploads\/2025\/11\/Capivara-ferida-e-resgatada-por-equipe-ambiental-em-Vitoria-da-Conquista-sudoeste-acontece.webp\",\"contentUrl\":\"https:\/\/sudoesteacontece.com.br\/wp-content\/uploads\/2025\/11\/Capivara-ferida-e-resgatada-por-equipe-ambiental-em-Vitoria-da-Conquista-sudoeste-acontece.webp\",\"width\":840,\"height\":525},{\"@type\":\"BreadcrumbList\",\"@id\":\"https:\/\/sudoesteacontece.com.br\/?p=1729#breadcrumb\",\"itemListElement\":[{\"@type\":\"ListItem\",\"position\":1,\"name\":\"In\u00edcio\",\"item\":\"https:\/\/sudoesteacontece.com.br\/\"},{\"@type\":\"ListItem\",\"position\":2,\"name\":\"Capivara ferida \u00e9 resgatada por equipe ambiental em Vit\u00f3ria da Conquista\"}]},{\"@type\":\"WebSite\",\"@id\":\"https:\/\/sudoesteacontece.com.br\/#website\",\"url\":\"https:\/\/sudoesteacontece.com.br\/\",\"name\":\"Sudoesteacontece\",\"description\":\"\",\"publisher\":{\"@id\":\"https:\/\/sudoesteacontece.com.br\/#organization\"},\"potentialAction\":[{\"@type\":\"SearchAction\",\"target\":{\"@type\":\"EntryPoint\",\"urlTemplate\":\"https:\/\/sudoesteacontece.com.br\/?s={search_term_string}\"},\"query-input\":{\"@type\":\"PropertyValueSpecification\",\"valueRequired\":true,\"valueName\":\"search_term_string\"}}],\"inLanguage\":\"pt-BR\"},{\"@type\":\"Organization\",\"@id\":\"https:\/\/sudoesteacontece.com.br\/#organization\",\"name\":\"Sudoesteacontece\",\"url\":\"https:\/\/sudoesteacontece.com.br\/\",\"logo\":{\"@type\":\"ImageObject\",\"inLanguage\":\"pt-BR\",\"@id\":\"https:\/\/sudoesteacontece.com.br\/#\/schema\/logo\/image\/\",\"url\":\"https:\/\/sudoesteacontece.com.br\/wp-content\/uploads\/2025\/12\/cropped-logo-2-180x180-1.png\",\"contentUrl\":\"https:\/\/sudoesteacontece.com.br\/wp-content\/uploads\/2025\/12\/cropped-logo-2-180x180-1.png\",\"width\":180,\"height\":180,\"caption\":\"Sudoesteacontece\"},\"image\":{\"@id\":\"https:\/\/sudoesteacontece.com.br\/#\/schema\/logo\/image\/\"},\"sameAs\":[\"https:\/\/www.facebook.com\/sudoesteacontece\/?locale=pt_BR\"]},{\"@type\":\"Person\",\"@id\":\"https:\/\/sudoesteacontece.com.br\/#\/schema\/person\/3cf2cf009926a9683ebc29d5379fa79c\",\"name\":\"Washington Tiago\",\"image\":{\"@type\":\"ImageObject\",\"inLanguage\":\"pt-BR\",\"@id\":\"https:\/\/sudoesteacontece.com.br\/#\/schema\/person\/image\/\",\"url\":\"https:\/\/secure.gravatar.com\/avatar\/33c43b8668157e040f9d1fe93c354bf087cbd8ba36270c1163198bd3ddcf2a56?s=96&d=mm&r=g\",\"contentUrl\":\"https:\/\/secure.gravatar.com\/avatar\/33c43b8668157e040f9d1fe93c354bf087cbd8ba36270c1163198bd3ddcf2a56?s=96&d=mm&r=g\",\"caption\":\"Washington Tiago\"},\"url\":\"https:\/\/sudoesteacontece.com.br\/?author=2\"}]}<\/script>\n<!-- \/ Yoast SEO plugin. -->","yoast_head_json":{"title":"Capivara ferida \u00e9 resgatada por equipe ambiental em Vit\u00f3ria da Conquista - Sudoesteacontece","robots":{"index":"index","follow":"follow","max-snippet":"max-snippet:-1","max-image-preview":"max-image-preview:large","max-video-preview":"max-video-preview:-1"},"canonical":"https:\/\/sudoesteacontece.com.br\/?p=1729","og_locale":"pt_BR","og_type":"article","og_title":"Capivara ferida \u00e9 resgatada por equipe ambiental em Vit\u00f3ria da Conquista - Sudoesteacontece","og_description":"Moradores do bairro Lagoa das Flores acionaram o Grupo de Apoio ao Meio Ambiente (Gama) ap\u00f3s encontrarem uma capivara machucada na manh\u00e3 de segunda-feira (3). Animal, que pesava cerca de 40 quilos, foi visto nas proximidades da Fazenda Paix\u00e3o. Assustada e com ferimentos vis\u00edveis, a capivara apresentava dificuldade para se mover. Equipe da Guarda Municipal de Vit\u00f3ria da Conquista chegou rapidamente ao local. Com o apoio dos moradores, o grupo realizou o resgate com cuidado e seguran\u00e7a. Capivara recebeu os primeiros atendimentos e foi levada ao Centro de Triagem de Animais Silvestres (Cetas), onde passou por medica\u00e7\u00e3o, hidrata\u00e7\u00e3o e observa\u00e7\u00e3o veterin\u00e1ria. De acordo com o comandante da Guarda Municipal, Crist\u00f3v\u00e3o Lemos, a orienta\u00e7\u00e3o \u00e9 clara: a popula\u00e7\u00e3o n\u00e3o deve tentar capturar animais silvestres. \u201c\u00c9 importante manter dist\u00e2ncia e acionar o Gama imediatamente. A equipe est\u00e1 preparada para agir com seguran\u00e7a tanto para o animal quanto para as pessoas\u201d, refor\u00e7ou o comandante. Desde 2022, o Gama j\u00e1 registrou mais de 2.200 ocorr\u00eancias de captura e resgate de animais, entre eles abelhas, p\u00e1ssaros, cobras, raposas e tamandu\u00e1s. Grupo atua 24 horas e \u00e9 refer\u00eancia no resgate humanizado da fauna silvestre na regi\u00e3o sudoeste da Bahia, garantindo a prote\u00e7\u00e3o dos animais e da popula\u00e7\u00e3o. Caso da capivara refor\u00e7a a import\u00e2ncia da a\u00e7\u00e3o conjunta entre comunidade e equipes ambientais para preservar a vida e o equil\u00edbrio ecol\u00f3gico.","og_url":"https:\/\/sudoesteacontece.com.br\/?p=1729","og_site_name":"Sudoesteacontece","article_publisher":"https:\/\/www.facebook.com\/sudoesteacontece\/?locale=pt_BR","article_published_time":"2025-11-04T14:10:36+00:00","article_modified_time":"2025-11-04T14:10:38+00:00","og_image":[{"width":840,"height":525,"url":"https:\/\/sudoesteacontece.com.br\/wp-content\/uploads\/2025\/11\/Capivara-ferida-e-resgatada-por-equipe-ambiental-em-Vitoria-da-Conquista-sudoeste-acontece.webp","type":"image\/webp"}],"author":"Washington Tiago","twitter_card":"summary_large_image","twitter_misc":{"Escrito por":"Washington Tiago","Est. tempo de leitura":"1 minuto"},"schema":{"@context":"https:\/\/schema.org","@graph":[{"@type":"Article","@id":"https:\/\/sudoesteacontece.com.br\/?p=1729#article","isPartOf":{"@id":"https:\/\/sudoesteacontece.com.br\/?p=1729"},"author":{"name":"Washington Tiago","@id":"https:\/\/sudoesteacontece.com.br\/#\/schema\/person\/3cf2cf009926a9683ebc29d5379fa79c"},"headline":"Capivara ferida \u00e9 resgatada por equipe ambiental em Vit\u00f3ria da Conquista","datePublished":"2025-11-04T14:10:36+00:00","dateModified":"2025-11-04T14:10:38+00:00","mainEntityOfPage":{"@id":"https:\/\/sudoesteacontece.com.br\/?p=1729"},"wordCount":255,"commentCount":0,"publisher":{"@id":"https:\/\/sudoesteacontece.com.br\/#organization"},"image":{"@id":"https:\/\/sudoesteacontece.com.br\/?p=1729#primaryimage"},"thumbnailUrl":"https:\/\/sudoesteacontece.com.br\/wp-content\/uploads\/2025\/11\/Capivara-ferida-e-resgatada-por-equipe-ambiental-em-Vitoria-da-Conquista-sudoeste-acontece.webp","articleSection":["Cidades"],"inLanguage":"pt-BR","potentialAction":[{"@type":"CommentAction","name":"Comment","target":["https:\/\/sudoesteacontece.com.br\/?p=1729#respond"]}]},{"@type":"WebPage","@id":"https:\/\/sudoesteacontece.com.br\/?p=1729","url":"https:\/\/sudoesteacontece.com.br\/?p=1729","name":"Capivara ferida \u00e9 resgatada por equipe ambiental em Vit\u00f3ria da Conquista - Sudoesteacontece","isPartOf":{"@id":"https:\/\/sudoesteacontece.com.br\/#website"},"primaryImageOfPage":{"@id":"https:\/\/sudoesteacontece.com.br\/?p=1729#primaryimage"},"image":{"@id":"https:\/\/sudoesteacontece.com.br\/?p=1729#primaryimage"},"thumbnailUrl":"https:\/\/sudoesteacontece.com.br\/wp-content\/uploads\/2025\/11\/Capivara-ferida-e-resgatada-por-equipe-ambiental-em-Vitoria-da-Conquista-sudoeste-acontece.webp","datePublished":"2025-11-04T14:10:36+00:00","dateModified":"2025-11-04T14:10:38+00:00","breadcrumb":{"@id":"https:\/\/sudoesteacontece.com.br\/?p=1729#breadcrumb"},"inLanguage":"pt-BR","potentialAction":[{"@type":"ReadAction","target":["https:\/\/sudoesteacontece.com.br\/?p=1729"]}]},{"@type":"ImageObject","inLanguage":"pt-BR","@id":"https:\/\/sudoesteacontece.com.br\/?p=1729#primaryimage","url":"https:\/\/sudoesteacontece.com.br\/wp-content\/uploads\/2025\/11\/Capivara-ferida-e-resgatada-por-equipe-ambiental-em-Vitoria-da-Conquista-sudoeste-acontece.webp","contentUrl":"https:\/\/sudoesteacontece.com.br\/wp-content\/uploads\/2025\/11\/Capivara-ferida-e-resgatada-por-equipe-ambiental-em-Vitoria-da-Conquista-sudoeste-acontece.webp","width":840,"height":525},{"@type":"BreadcrumbList","@id":"https:\/\/sudoesteacontece.com.br\/?p=1729#breadcrumb","itemListElement":[{"@type":"ListItem","position":1,"name":"In\u00edcio","item":"https:\/\/sudoesteacontece.com.br\/"},{"@type":"ListItem","position":2,"name":"Capivara ferida \u00e9 resgatada por equipe ambiental em Vit\u00f3ria da Conquista"}]},{"@type":"WebSite","@id":"https:\/\/sudoesteacontece.com.br\/#website","url":"https:\/\/sudoesteacontece.com.br\/","name":"Sudoesteacontece","description":"","publisher":{"@id":"https:\/\/sudoesteacontece.com.br\/#organization"},"potentialAction":[{"@type":"SearchAction","target":{"@type":"EntryPoint","urlTemplate":"https:\/\/sudoesteacontece.com.br\/?s={search_term_string}"},"query-input":{"@type":"PropertyValueSpecification","valueRequired":true,"valueName":"search_term_string"}}],"inLanguage":"pt-BR"},{"@type":"Organization","@id":"https:\/\/sudoesteacontece.com.br\/#organization","name":"Sudoesteacontece","url":"https:\/\/sudoesteacontece.com.br\/","logo":{"@type":"ImageObject","inLanguage":"pt-BR","@id":"https:\/\/sudoesteacontece.com.br\/#\/schema\/logo\/image\/","url":"https:\/\/sudoesteacontece.com.br\/wp-content\/uploads\/2025\/12\/cropped-logo-2-180x180-1.png","contentUrl":"https:\/\/sudoesteacontece.com.br\/wp-content\/uploads\/2025\/12\/cropped-logo-2-180x180-1.png","width":180,"height":180,"caption":"Sudoesteacontece"},"image":{"@id":"https:\/\/sudoesteacontece.com.br\/#\/schema\/logo\/image\/"},"sameAs":["https:\/\/www.facebook.com\/sudoesteacontece\/?locale=pt_BR"]},{"@type":"Person","@id":"https:\/\/sudoesteacontece.com.br\/#\/schema\/person\/3cf2cf009926a9683ebc29d5379fa79c","name":"Washington Tiago","image":{"@type":"ImageObject","inLanguage":"pt-BR","@id":"https:\/\/sudoesteacontece.com.br\/#\/schema\/person\/image\/","url":"https:\/\/secure.gravatar.com\/avatar\/33c43b8668157e040f9d1fe93c354bf087cbd8ba36270c1163198bd3ddcf2a56?s=96&d=mm&r=g","contentUrl":"https:\/\/secure.gravatar.com\/avatar\/33c43b8668157e040f9d1fe93c354bf087cbd8ba36270c1163198bd3ddcf2a56?s=96&d=mm&r=g","caption":"Washington Tiago"},"url":"https:\/\/sudoesteacontece.com.br\/?author=2"}]}},"_links":{"self":[{"href":"https:\/\/sudoesteacontece.com.br\/index.php?rest_route=\/wp\/v2\/posts\/1729","targetHints":{"allow":["GET"]}}],"collection":[{"href":"https:\/\/sudoesteacontece.com.br\/index.php?rest_route=\/wp\/v2\/posts"}],"about":[{"href":"https:\/\/sudoesteacontece.com.br\/index.php?rest_route=\/wp\/v2\/types\/post"}],"author":[{"embeddable":true,"href":"https:\/\/sudoesteacontece.com.br\/index.php?rest_route=\/wp\/v2\/users\/2"}],"replies":[{"embeddable":true,"href":"https:\/\/sudoesteacontece.com.br\/index.php?rest_route=%2Fwp%2Fv2%2Fcomments&post=1729"}],"version-history":[{"count":0,"href":"https:\/\/sudoesteacontece.com.br\/index.php?rest_route=\/wp\/v2\/posts\/1729\/revisions"}],"wp:featuredmedia":[{"embeddable":true,"href":"https:\/\/sudoesteacontece.com.br\/index.php?rest_route=\/wp\/v2\/media\/1766"}],"wp:attachment":[{"href":"https:\/\/sudoesteacontece.com.br\/index.php?rest_route=%2Fwp%2Fv2%2Fmedia&parent=1729"}],"wp:term":[{"taxonomy":"category","embeddable":true,"href":"https:\/\/sudoesteacontece.com.br\/index.php?rest_route=%2Fwp%2Fv2%2Fcategories&post=1729"},{"taxonomy":"post_tag","embeddable":true,"href":"https:\/\/sudoesteacontece.com.br\/index.php?rest_route=%2Fwp%2Fv2%2Ftags&post=1729"}],"curies":[{"name":"wp","href":"https:\/\/api.w.org\/{rel}","templated":true}]}}