{"id":1784,"date":"2025-11-04T17:57:34","date_gmt":"2025-11-04T20:57:34","guid":{"rendered":"https:\/\/sudoesteacontece.com.br\/?p=1784"},"modified":"2025-11-04T17:57:36","modified_gmt":"2025-11-04T20:57:36","slug":"deputado-diego-castro-defende-proibicao-da-linguagem-neutra-em-orgaos-publicos-da-bahia","status":"publish","type":"post","link":"https:\/\/sudoesteacontece.com.br\/?p=1784","title":{"rendered":"Deputado Diego Castro defende proibi\u00e7\u00e3o da linguagem neutra em \u00f3rg\u00e3os p\u00fablicos da Bahia"},"content":{"rendered":"<div class=\"wp-block-image\">\n<figure class=\"aligncenter size-full\"><img fetchpriority=\"high\" decoding=\"async\" width=\"600\" height=\"420\" src=\"http:\/\/sudoesteacontece.com.br\/wp-content\/uploads\/2025\/11\/diego-castro-2.jpg\" alt=\"\" class=\"wp-image-1801\" srcset=\"https:\/\/sudoesteacontece.com.br\/wp-content\/uploads\/2025\/11\/diego-castro-2.jpg 600w, https:\/\/sudoesteacontece.com.br\/wp-content\/uploads\/2025\/11\/diego-castro-2-300x210.jpg 300w\" sizes=\"(max-width: 600px) 100vw, 600px\" \/><\/figure>\n<\/div>\n\n\n<p>O deputado estadual Diego Castro (PL) voltou a defender o projeto de lei que pro\u00edbe o uso da linguagem neutra em documentos e comunica\u00e7\u00f5es oficiais do poder p\u00fablico na Bahia. A proposta abrange materiais did\u00e1ticos, atos normativos e demais manifesta\u00e7\u00f5es oficiais.<\/p>\n\n\n\n<p>Durante entrevista ao podcast Politiquestion, do portal bahia.ba, o parlamentar afirmou que, embora apresentada como inclusiva, a linguagem neutra seria, na pr\u00e1tica, \u201cseletiva\u201d e traria barreiras de compreens\u00e3o para parte da popula\u00e7\u00e3o.<\/p>\n\n\n\n<p>\u201cComo voc\u00ea explica a uma pessoa com defici\u00eancia visual, que depende da L\u00edngua Brasileira de Sinais (Libras), que tudo vai mudar e que ela precisa se adaptar \u00e0 linguagem neutra? Isso cria uma complexidade desnecess\u00e1ria\u201d, disse o deputado.<\/p>\n\n\n\n<p>Linguagem neutra tamb\u00e9m chamada de linguagem inclusiva busca substituir express\u00f5es de g\u00eanero, como \u201ctodos\u201d ou \u201ctodas\u201d, por termos como \u201ctodes\u201d ou \u201camigues\u201d. A pr\u00e1tica \u00e9 usada por pessoas trans, n\u00e3o-bin\u00e1rias e intersexo como forma de reconhecimento e inclus\u00e3o. Para Diego Castro, no entanto, a ado\u00e7\u00e3o desse tipo de linguagem em \u00f3rg\u00e3os p\u00fablicos pode comprometer a clareza e a acessibilidade das informa\u00e7\u00f5es oficiais.<\/p>\n\n\n\n<p>Ele afirma que o projeto tem o objetivo de preservar a integridade da l\u00edngua portuguesa e garantir uniformidade na comunica\u00e7\u00e3o do Estado. Tema, que divide opini\u00f5es, mobiliza debates em todo o pa\u00eds. Enquanto defensores da linguagem neutra a consideram um instrumento de respeito e representatividade, cr\u00edticos alegam que a mudan\u00e7a imp\u00f5e barreiras lingu\u00edsticas e pedag\u00f3gicas, especialmente no ensino p\u00fablico.<\/p>\n\n\n\n<p>O projeto de Diego Castro ainda aguarda an\u00e1lise nas comiss\u00f5es tem\u00e1ticas da Assembleia Legislativa da Bahia (AL-BA) antes de seguir para vota\u00e7\u00e3o em plen\u00e1rio.<\/p>\n","protected":false},"excerpt":{"rendered":"<p>O deputado estadual Diego Castro (PL) voltou a defender o projeto de lei que pro\u00edbe o uso da linguagem neutra em documentos e comunica\u00e7\u00f5es oficiais do poder p\u00fablico na Bahia. A proposta abrange materiais did\u00e1ticos, atos normativos e demais manifesta\u00e7\u00f5es oficiais. Durante entrevista ao podcast Politiquestion, do portal bahia.ba, o parlamentar afirmou que, embora apresentada como inclusiva, a linguagem neutra seria, na pr\u00e1tica, \u201cseletiva\u201d e traria barreiras de compreens\u00e3o para parte da popula\u00e7\u00e3o. \u201cComo voc\u00ea explica a uma pessoa com defici\u00eancia visual, que depende da L\u00edngua Brasileira de Sinais (Libras), que tudo vai mudar e que ela precisa se adaptar \u00e0 linguagem neutra? Isso cria uma complexidade desnecess\u00e1ria\u201d, disse o deputado. Linguagem neutra tamb\u00e9m chamada de linguagem inclusiva busca substituir express\u00f5es de g\u00eanero, como \u201ctodos\u201d ou \u201ctodas\u201d, por termos como \u201ctodes\u201d ou \u201camigues\u201d. A pr\u00e1tica \u00e9 usada por pessoas trans, n\u00e3o-bin\u00e1rias e intersexo como forma de reconhecimento e inclus\u00e3o. Para Diego Castro, no entanto, a ado\u00e7\u00e3o desse tipo de linguagem em \u00f3rg\u00e3os p\u00fablicos pode comprometer a clareza e a acessibilidade das informa\u00e7\u00f5es oficiais. Ele afirma que o projeto tem o objetivo de preservar a integridade da l\u00edngua portuguesa e garantir uniformidade na comunica\u00e7\u00e3o do Estado. Tema, que divide opini\u00f5es, mobiliza debates em todo o pa\u00eds. Enquanto defensores da linguagem neutra a consideram um instrumento de respeito e representatividade, cr\u00edticos alegam que a mudan\u00e7a imp\u00f5e barreiras lingu\u00edsticas e pedag\u00f3gicas, especialmente no ensino p\u00fablico. O projeto de Diego Castro ainda aguarda an\u00e1lise nas comiss\u00f5es tem\u00e1ticas da Assembleia Legislativa da Bahia (AL-BA) antes de seguir para vota\u00e7\u00e3o em plen\u00e1rio.<\/p>\n","protected":false},"author":2,"featured_media":1801,"comment_status":"open","ping_status":"open","sticky":false,"template":"","format":"standard","meta":{"footnotes":""},"categories":[7,43,6],"tags":[],"class_list":["post-1784","post","type-post","status-publish","format-standard","has-post-thumbnail","hentry","category-bahia","category-educacao","category-politica"],"yoast_head":"<!-- This site is optimized with the Yoast SEO plugin v26.5 - https:\/\/yoast.com\/wordpress\/plugins\/seo\/ -->\n<title>Deputado Diego Castro defende proibi\u00e7\u00e3o da linguagem neutra em \u00f3rg\u00e3os p\u00fablicos da Bahia - Sudoesteacontece<\/title>\n<meta name=\"robots\" content=\"index, follow, max-snippet:-1, max-image-preview:large, max-video-preview:-1\" \/>\n<link rel=\"canonical\" href=\"https:\/\/sudoesteacontece.com.br\/?p=1784\" \/>\n<meta property=\"og:locale\" content=\"pt_BR\" \/>\n<meta property=\"og:type\" content=\"article\" \/>\n<meta property=\"og:title\" content=\"Deputado Diego Castro defende proibi\u00e7\u00e3o da linguagem neutra em \u00f3rg\u00e3os p\u00fablicos da Bahia - Sudoesteacontece\" \/>\n<meta property=\"og:description\" content=\"O deputado estadual Diego Castro (PL) voltou a defender o projeto de lei que pro\u00edbe o uso da linguagem neutra em documentos e comunica\u00e7\u00f5es oficiais do poder p\u00fablico na Bahia. A proposta abrange materiais did\u00e1ticos, atos normativos e demais manifesta\u00e7\u00f5es oficiais. Durante entrevista ao podcast Politiquestion, do portal bahia.ba, o parlamentar afirmou que, embora apresentada como inclusiva, a linguagem neutra seria, na pr\u00e1tica, \u201cseletiva\u201d e traria barreiras de compreens\u00e3o para parte da popula\u00e7\u00e3o. \u201cComo voc\u00ea explica a uma pessoa com defici\u00eancia visual, que depende da L\u00edngua Brasileira de Sinais (Libras), que tudo vai mudar e que ela precisa se adaptar \u00e0 linguagem neutra? Isso cria uma complexidade desnecess\u00e1ria\u201d, disse o deputado. Linguagem neutra tamb\u00e9m chamada de linguagem inclusiva busca substituir express\u00f5es de g\u00eanero, como \u201ctodos\u201d ou \u201ctodas\u201d, por termos como \u201ctodes\u201d ou \u201camigues\u201d. A pr\u00e1tica \u00e9 usada por pessoas trans, n\u00e3o-bin\u00e1rias e intersexo como forma de reconhecimento e inclus\u00e3o. Para Diego Castro, no entanto, a ado\u00e7\u00e3o desse tipo de linguagem em \u00f3rg\u00e3os p\u00fablicos pode comprometer a clareza e a acessibilidade das informa\u00e7\u00f5es oficiais. Ele afirma que o projeto tem o objetivo de preservar a integridade da l\u00edngua portuguesa e garantir uniformidade na comunica\u00e7\u00e3o do Estado. Tema, que divide opini\u00f5es, mobiliza debates em todo o pa\u00eds. Enquanto defensores da linguagem neutra a consideram um instrumento de respeito e representatividade, cr\u00edticos alegam que a mudan\u00e7a imp\u00f5e barreiras lingu\u00edsticas e pedag\u00f3gicas, especialmente no ensino p\u00fablico. O projeto de Diego Castro ainda aguarda an\u00e1lise nas comiss\u00f5es tem\u00e1ticas da Assembleia Legislativa da Bahia (AL-BA) antes de seguir para vota\u00e7\u00e3o em plen\u00e1rio.\" \/>\n<meta property=\"og:url\" content=\"https:\/\/sudoesteacontece.com.br\/?p=1784\" \/>\n<meta property=\"og:site_name\" content=\"Sudoesteacontece\" \/>\n<meta property=\"article:publisher\" content=\"https:\/\/www.facebook.com\/sudoesteacontece\/?locale=pt_BR\" \/>\n<meta property=\"article:published_time\" content=\"2025-11-04T20:57:34+00:00\" \/>\n<meta property=\"article:modified_time\" content=\"2025-11-04T20:57:36+00:00\" \/>\n<meta property=\"og:image\" content=\"https:\/\/sudoesteacontece.com.br\/wp-content\/uploads\/2025\/11\/diego-castro-2.jpg\" \/>\n\t<meta property=\"og:image:width\" content=\"600\" \/>\n\t<meta property=\"og:image:height\" content=\"420\" \/>\n\t<meta property=\"og:image:type\" content=\"image\/jpeg\" \/>\n<meta name=\"author\" content=\"Washington Tiago\" \/>\n<meta name=\"twitter:card\" content=\"summary_large_image\" \/>\n<meta name=\"twitter:label1\" content=\"Escrito por\" \/>\n\t<meta name=\"twitter:data1\" content=\"Washington Tiago\" \/>\n\t<meta name=\"twitter:label2\" content=\"Est. tempo de leitura\" \/>\n\t<meta name=\"twitter:data2\" content=\"1 minuto\" \/>\n<script type=\"application\/ld+json\" class=\"yoast-schema-graph\">{\"@context\":\"https:\/\/schema.org\",\"@graph\":[{\"@type\":\"Article\",\"@id\":\"https:\/\/sudoesteacontece.com.br\/?p=1784#article\",\"isPartOf\":{\"@id\":\"https:\/\/sudoesteacontece.com.br\/?p=1784\"},\"author\":{\"name\":\"Washington Tiago\",\"@id\":\"https:\/\/sudoesteacontece.com.br\/#\/schema\/person\/3cf2cf009926a9683ebc29d5379fa79c\"},\"headline\":\"Deputado Diego Castro defende proibi\u00e7\u00e3o da linguagem neutra em \u00f3rg\u00e3os p\u00fablicos da Bahia\",\"datePublished\":\"2025-11-04T20:57:34+00:00\",\"dateModified\":\"2025-11-04T20:57:36+00:00\",\"mainEntityOfPage\":{\"@id\":\"https:\/\/sudoesteacontece.com.br\/?p=1784\"},\"wordCount\":308,\"commentCount\":0,\"publisher\":{\"@id\":\"https:\/\/sudoesteacontece.com.br\/#organization\"},\"image\":{\"@id\":\"https:\/\/sudoesteacontece.com.br\/?p=1784#primaryimage\"},\"thumbnailUrl\":\"https:\/\/sudoesteacontece.com.br\/wp-content\/uploads\/2025\/11\/diego-castro-2.jpg\",\"articleSection\":[\"Bahia\",\"Educa\u00e7\u00e3o\",\"Pol\u00edtica\"],\"inLanguage\":\"pt-BR\",\"potentialAction\":[{\"@type\":\"CommentAction\",\"name\":\"Comment\",\"target\":[\"https:\/\/sudoesteacontece.com.br\/?p=1784#respond\"]}]},{\"@type\":\"WebPage\",\"@id\":\"https:\/\/sudoesteacontece.com.br\/?p=1784\",\"url\":\"https:\/\/sudoesteacontece.com.br\/?p=1784\",\"name\":\"Deputado Diego Castro defende proibi\u00e7\u00e3o da linguagem neutra em \u00f3rg\u00e3os p\u00fablicos da Bahia - Sudoesteacontece\",\"isPartOf\":{\"@id\":\"https:\/\/sudoesteacontece.com.br\/#website\"},\"primaryImageOfPage\":{\"@id\":\"https:\/\/sudoesteacontece.com.br\/?p=1784#primaryimage\"},\"image\":{\"@id\":\"https:\/\/sudoesteacontece.com.br\/?p=1784#primaryimage\"},\"thumbnailUrl\":\"https:\/\/sudoesteacontece.com.br\/wp-content\/uploads\/2025\/11\/diego-castro-2.jpg\",\"datePublished\":\"2025-11-04T20:57:34+00:00\",\"dateModified\":\"2025-11-04T20:57:36+00:00\",\"breadcrumb\":{\"@id\":\"https:\/\/sudoesteacontece.com.br\/?p=1784#breadcrumb\"},\"inLanguage\":\"pt-BR\",\"potentialAction\":[{\"@type\":\"ReadAction\",\"target\":[\"https:\/\/sudoesteacontece.com.br\/?p=1784\"]}]},{\"@type\":\"ImageObject\",\"inLanguage\":\"pt-BR\",\"@id\":\"https:\/\/sudoesteacontece.com.br\/?p=1784#primaryimage\",\"url\":\"https:\/\/sudoesteacontece.com.br\/wp-content\/uploads\/2025\/11\/diego-castro-2.jpg\",\"contentUrl\":\"https:\/\/sudoesteacontece.com.br\/wp-content\/uploads\/2025\/11\/diego-castro-2.jpg\",\"width\":600,\"height\":420},{\"@type\":\"BreadcrumbList\",\"@id\":\"https:\/\/sudoesteacontece.com.br\/?p=1784#breadcrumb\",\"itemListElement\":[{\"@type\":\"ListItem\",\"position\":1,\"name\":\"In\u00edcio\",\"item\":\"https:\/\/sudoesteacontece.com.br\/\"},{\"@type\":\"ListItem\",\"position\":2,\"name\":\"Deputado Diego Castro defende proibi\u00e7\u00e3o da linguagem neutra em \u00f3rg\u00e3os p\u00fablicos da Bahia\"}]},{\"@type\":\"WebSite\",\"@id\":\"https:\/\/sudoesteacontece.com.br\/#website\",\"url\":\"https:\/\/sudoesteacontece.com.br\/\",\"name\":\"Sudoesteacontece\",\"description\":\"\",\"publisher\":{\"@id\":\"https:\/\/sudoesteacontece.com.br\/#organization\"},\"potentialAction\":[{\"@type\":\"SearchAction\",\"target\":{\"@type\":\"EntryPoint\",\"urlTemplate\":\"https:\/\/sudoesteacontece.com.br\/?s={search_term_string}\"},\"query-input\":{\"@type\":\"PropertyValueSpecification\",\"valueRequired\":true,\"valueName\":\"search_term_string\"}}],\"inLanguage\":\"pt-BR\"},{\"@type\":\"Organization\",\"@id\":\"https:\/\/sudoesteacontece.com.br\/#organization\",\"name\":\"Sudoesteacontece\",\"url\":\"https:\/\/sudoesteacontece.com.br\/\",\"logo\":{\"@type\":\"ImageObject\",\"inLanguage\":\"pt-BR\",\"@id\":\"https:\/\/sudoesteacontece.com.br\/#\/schema\/logo\/image\/\",\"url\":\"https:\/\/sudoesteacontece.com.br\/wp-content\/uploads\/2025\/12\/cropped-logo-2-180x180-1.png\",\"contentUrl\":\"https:\/\/sudoesteacontece.com.br\/wp-content\/uploads\/2025\/12\/cropped-logo-2-180x180-1.png\",\"width\":180,\"height\":180,\"caption\":\"Sudoesteacontece\"},\"image\":{\"@id\":\"https:\/\/sudoesteacontece.com.br\/#\/schema\/logo\/image\/\"},\"sameAs\":[\"https:\/\/www.facebook.com\/sudoesteacontece\/?locale=pt_BR\"]},{\"@type\":\"Person\",\"@id\":\"https:\/\/sudoesteacontece.com.br\/#\/schema\/person\/3cf2cf009926a9683ebc29d5379fa79c\",\"name\":\"Washington Tiago\",\"image\":{\"@type\":\"ImageObject\",\"inLanguage\":\"pt-BR\",\"@id\":\"https:\/\/sudoesteacontece.com.br\/#\/schema\/person\/image\/\",\"url\":\"https:\/\/secure.gravatar.com\/avatar\/33c43b8668157e040f9d1fe93c354bf087cbd8ba36270c1163198bd3ddcf2a56?s=96&d=mm&r=g\",\"contentUrl\":\"https:\/\/secure.gravatar.com\/avatar\/33c43b8668157e040f9d1fe93c354bf087cbd8ba36270c1163198bd3ddcf2a56?s=96&d=mm&r=g\",\"caption\":\"Washington Tiago\"},\"url\":\"https:\/\/sudoesteacontece.com.br\/?author=2\"}]}<\/script>\n<!-- \/ Yoast SEO plugin. -->","yoast_head_json":{"title":"Deputado Diego Castro defende proibi\u00e7\u00e3o da linguagem neutra em \u00f3rg\u00e3os p\u00fablicos da Bahia - Sudoesteacontece","robots":{"index":"index","follow":"follow","max-snippet":"max-snippet:-1","max-image-preview":"max-image-preview:large","max-video-preview":"max-video-preview:-1"},"canonical":"https:\/\/sudoesteacontece.com.br\/?p=1784","og_locale":"pt_BR","og_type":"article","og_title":"Deputado Diego Castro defende proibi\u00e7\u00e3o da linguagem neutra em \u00f3rg\u00e3os p\u00fablicos da Bahia - Sudoesteacontece","og_description":"O deputado estadual Diego Castro (PL) voltou a defender o projeto de lei que pro\u00edbe o uso da linguagem neutra em documentos e comunica\u00e7\u00f5es oficiais do poder p\u00fablico na Bahia. A proposta abrange materiais did\u00e1ticos, atos normativos e demais manifesta\u00e7\u00f5es oficiais. Durante entrevista ao podcast Politiquestion, do portal bahia.ba, o parlamentar afirmou que, embora apresentada como inclusiva, a linguagem neutra seria, na pr\u00e1tica, \u201cseletiva\u201d e traria barreiras de compreens\u00e3o para parte da popula\u00e7\u00e3o. \u201cComo voc\u00ea explica a uma pessoa com defici\u00eancia visual, que depende da L\u00edngua Brasileira de Sinais (Libras), que tudo vai mudar e que ela precisa se adaptar \u00e0 linguagem neutra? Isso cria uma complexidade desnecess\u00e1ria\u201d, disse o deputado. Linguagem neutra tamb\u00e9m chamada de linguagem inclusiva busca substituir express\u00f5es de g\u00eanero, como \u201ctodos\u201d ou \u201ctodas\u201d, por termos como \u201ctodes\u201d ou \u201camigues\u201d. A pr\u00e1tica \u00e9 usada por pessoas trans, n\u00e3o-bin\u00e1rias e intersexo como forma de reconhecimento e inclus\u00e3o. Para Diego Castro, no entanto, a ado\u00e7\u00e3o desse tipo de linguagem em \u00f3rg\u00e3os p\u00fablicos pode comprometer a clareza e a acessibilidade das informa\u00e7\u00f5es oficiais. Ele afirma que o projeto tem o objetivo de preservar a integridade da l\u00edngua portuguesa e garantir uniformidade na comunica\u00e7\u00e3o do Estado. Tema, que divide opini\u00f5es, mobiliza debates em todo o pa\u00eds. Enquanto defensores da linguagem neutra a consideram um instrumento de respeito e representatividade, cr\u00edticos alegam que a mudan\u00e7a imp\u00f5e barreiras lingu\u00edsticas e pedag\u00f3gicas, especialmente no ensino p\u00fablico. O projeto de Diego Castro ainda aguarda an\u00e1lise nas comiss\u00f5es tem\u00e1ticas da Assembleia Legislativa da Bahia (AL-BA) antes de seguir para vota\u00e7\u00e3o em plen\u00e1rio.","og_url":"https:\/\/sudoesteacontece.com.br\/?p=1784","og_site_name":"Sudoesteacontece","article_publisher":"https:\/\/www.facebook.com\/sudoesteacontece\/?locale=pt_BR","article_published_time":"2025-11-04T20:57:34+00:00","article_modified_time":"2025-11-04T20:57:36+00:00","og_image":[{"width":600,"height":420,"url":"https:\/\/sudoesteacontece.com.br\/wp-content\/uploads\/2025\/11\/diego-castro-2.jpg","type":"image\/jpeg"}],"author":"Washington Tiago","twitter_card":"summary_large_image","twitter_misc":{"Escrito por":"Washington Tiago","Est. tempo de leitura":"1 minuto"},"schema":{"@context":"https:\/\/schema.org","@graph":[{"@type":"Article","@id":"https:\/\/sudoesteacontece.com.br\/?p=1784#article","isPartOf":{"@id":"https:\/\/sudoesteacontece.com.br\/?p=1784"},"author":{"name":"Washington Tiago","@id":"https:\/\/sudoesteacontece.com.br\/#\/schema\/person\/3cf2cf009926a9683ebc29d5379fa79c"},"headline":"Deputado Diego Castro defende proibi\u00e7\u00e3o da linguagem neutra em \u00f3rg\u00e3os p\u00fablicos da Bahia","datePublished":"2025-11-04T20:57:34+00:00","dateModified":"2025-11-04T20:57:36+00:00","mainEntityOfPage":{"@id":"https:\/\/sudoesteacontece.com.br\/?p=1784"},"wordCount":308,"commentCount":0,"publisher":{"@id":"https:\/\/sudoesteacontece.com.br\/#organization"},"image":{"@id":"https:\/\/sudoesteacontece.com.br\/?p=1784#primaryimage"},"thumbnailUrl":"https:\/\/sudoesteacontece.com.br\/wp-content\/uploads\/2025\/11\/diego-castro-2.jpg","articleSection":["Bahia","Educa\u00e7\u00e3o","Pol\u00edtica"],"inLanguage":"pt-BR","potentialAction":[{"@type":"CommentAction","name":"Comment","target":["https:\/\/sudoesteacontece.com.br\/?p=1784#respond"]}]},{"@type":"WebPage","@id":"https:\/\/sudoesteacontece.com.br\/?p=1784","url":"https:\/\/sudoesteacontece.com.br\/?p=1784","name":"Deputado Diego Castro defende proibi\u00e7\u00e3o da linguagem neutra em \u00f3rg\u00e3os p\u00fablicos da Bahia - Sudoesteacontece","isPartOf":{"@id":"https:\/\/sudoesteacontece.com.br\/#website"},"primaryImageOfPage":{"@id":"https:\/\/sudoesteacontece.com.br\/?p=1784#primaryimage"},"image":{"@id":"https:\/\/sudoesteacontece.com.br\/?p=1784#primaryimage"},"thumbnailUrl":"https:\/\/sudoesteacontece.com.br\/wp-content\/uploads\/2025\/11\/diego-castro-2.jpg","datePublished":"2025-11-04T20:57:34+00:00","dateModified":"2025-11-04T20:57:36+00:00","breadcrumb":{"@id":"https:\/\/sudoesteacontece.com.br\/?p=1784#breadcrumb"},"inLanguage":"pt-BR","potentialAction":[{"@type":"ReadAction","target":["https:\/\/sudoesteacontece.com.br\/?p=1784"]}]},{"@type":"ImageObject","inLanguage":"pt-BR","@id":"https:\/\/sudoesteacontece.com.br\/?p=1784#primaryimage","url":"https:\/\/sudoesteacontece.com.br\/wp-content\/uploads\/2025\/11\/diego-castro-2.jpg","contentUrl":"https:\/\/sudoesteacontece.com.br\/wp-content\/uploads\/2025\/11\/diego-castro-2.jpg","width":600,"height":420},{"@type":"BreadcrumbList","@id":"https:\/\/sudoesteacontece.com.br\/?p=1784#breadcrumb","itemListElement":[{"@type":"ListItem","position":1,"name":"In\u00edcio","item":"https:\/\/sudoesteacontece.com.br\/"},{"@type":"ListItem","position":2,"name":"Deputado Diego Castro defende proibi\u00e7\u00e3o da linguagem neutra em \u00f3rg\u00e3os p\u00fablicos da Bahia"}]},{"@type":"WebSite","@id":"https:\/\/sudoesteacontece.com.br\/#website","url":"https:\/\/sudoesteacontece.com.br\/","name":"Sudoesteacontece","description":"","publisher":{"@id":"https:\/\/sudoesteacontece.com.br\/#organization"},"potentialAction":[{"@type":"SearchAction","target":{"@type":"EntryPoint","urlTemplate":"https:\/\/sudoesteacontece.com.br\/?s={search_term_string}"},"query-input":{"@type":"PropertyValueSpecification","valueRequired":true,"valueName":"search_term_string"}}],"inLanguage":"pt-BR"},{"@type":"Organization","@id":"https:\/\/sudoesteacontece.com.br\/#organization","name":"Sudoesteacontece","url":"https:\/\/sudoesteacontece.com.br\/","logo":{"@type":"ImageObject","inLanguage":"pt-BR","@id":"https:\/\/sudoesteacontece.com.br\/#\/schema\/logo\/image\/","url":"https:\/\/sudoesteacontece.com.br\/wp-content\/uploads\/2025\/12\/cropped-logo-2-180x180-1.png","contentUrl":"https:\/\/sudoesteacontece.com.br\/wp-content\/uploads\/2025\/12\/cropped-logo-2-180x180-1.png","width":180,"height":180,"caption":"Sudoesteacontece"},"image":{"@id":"https:\/\/sudoesteacontece.com.br\/#\/schema\/logo\/image\/"},"sameAs":["https:\/\/www.facebook.com\/sudoesteacontece\/?locale=pt_BR"]},{"@type":"Person","@id":"https:\/\/sudoesteacontece.com.br\/#\/schema\/person\/3cf2cf009926a9683ebc29d5379fa79c","name":"Washington Tiago","image":{"@type":"ImageObject","inLanguage":"pt-BR","@id":"https:\/\/sudoesteacontece.com.br\/#\/schema\/person\/image\/","url":"https:\/\/secure.gravatar.com\/avatar\/33c43b8668157e040f9d1fe93c354bf087cbd8ba36270c1163198bd3ddcf2a56?s=96&d=mm&r=g","contentUrl":"https:\/\/secure.gravatar.com\/avatar\/33c43b8668157e040f9d1fe93c354bf087cbd8ba36270c1163198bd3ddcf2a56?s=96&d=mm&r=g","caption":"Washington Tiago"},"url":"https:\/\/sudoesteacontece.com.br\/?author=2"}]}},"_links":{"self":[{"href":"https:\/\/sudoesteacontece.com.br\/index.php?rest_route=\/wp\/v2\/posts\/1784","targetHints":{"allow":["GET"]}}],"collection":[{"href":"https:\/\/sudoesteacontece.com.br\/index.php?rest_route=\/wp\/v2\/posts"}],"about":[{"href":"https:\/\/sudoesteacontece.com.br\/index.php?rest_route=\/wp\/v2\/types\/post"}],"author":[{"embeddable":true,"href":"https:\/\/sudoesteacontece.com.br\/index.php?rest_route=\/wp\/v2\/users\/2"}],"replies":[{"embeddable":true,"href":"https:\/\/sudoesteacontece.com.br\/index.php?rest_route=%2Fwp%2Fv2%2Fcomments&post=1784"}],"version-history":[{"count":0,"href":"https:\/\/sudoesteacontece.com.br\/index.php?rest_route=\/wp\/v2\/posts\/1784\/revisions"}],"wp:featuredmedia":[{"embeddable":true,"href":"https:\/\/sudoesteacontece.com.br\/index.php?rest_route=\/wp\/v2\/media\/1801"}],"wp:attachment":[{"href":"https:\/\/sudoesteacontece.com.br\/index.php?rest_route=%2Fwp%2Fv2%2Fmedia&parent=1784"}],"wp:term":[{"taxonomy":"category","embeddable":true,"href":"https:\/\/sudoesteacontece.com.br\/index.php?rest_route=%2Fwp%2Fv2%2Fcategories&post=1784"},{"taxonomy":"post_tag","embeddable":true,"href":"https:\/\/sudoesteacontece.com.br\/index.php?rest_route=%2Fwp%2Fv2%2Ftags&post=1784"}],"curies":[{"name":"wp","href":"https:\/\/api.w.org\/{rel}","templated":true}]}}