{"id":1792,"date":"2025-11-04T17:50:19","date_gmt":"2025-11-04T20:50:19","guid":{"rendered":"https:\/\/sudoesteacontece.com.br\/?p=1792"},"modified":"2025-11-04T17:50:20","modified_gmt":"2025-11-04T20:50:20","slug":"brumado-promove-dia-d-de-combate-ao-glaucoma-neste-sabado-8","status":"publish","type":"post","link":"https:\/\/sudoesteacontece.com.br\/?p=1792","title":{"rendered":"Brumado promove Dia D de combate ao glaucoma neste s\u00e1bado (8)"},"content":{"rendered":"\n<figure class=\"wp-block-image size-large\"><img fetchpriority=\"high\" decoding=\"async\" width=\"1024\" height=\"683\" src=\"http:\/\/sudoesteacontece.com.br\/wp-content\/uploads\/2025\/11\/Brumado-promove-Dia-D-de-combate-ao-glaucoma-neste-sabado-8-sudoeste-acontece-1024x683.webp\" alt=\"\" class=\"wp-image-1796\" srcset=\"https:\/\/sudoesteacontece.com.br\/wp-content\/uploads\/2025\/11\/Brumado-promove-Dia-D-de-combate-ao-glaucoma-neste-sabado-8-sudoeste-acontece-1024x683.webp 1024w, https:\/\/sudoesteacontece.com.br\/wp-content\/uploads\/2025\/11\/Brumado-promove-Dia-D-de-combate-ao-glaucoma-neste-sabado-8-sudoeste-acontece-300x200.webp 300w, https:\/\/sudoesteacontece.com.br\/wp-content\/uploads\/2025\/11\/Brumado-promove-Dia-D-de-combate-ao-glaucoma-neste-sabado-8-sudoeste-acontece-768x512.webp 768w, https:\/\/sudoesteacontece.com.br\/wp-content\/uploads\/2025\/11\/Brumado-promove-Dia-D-de-combate-ao-glaucoma-neste-sabado-8-sudoeste-acontece.webp 1200w\" sizes=\"(max-width: 1024px) 100vw, 1024px\" \/><\/figure>\n\n\n\n<p>Brumado vai realizar neste s\u00e1bado (8) o Dia D de Atendimento do Glaucoma, uma a\u00e7\u00e3o voltada \u00e0 preven\u00e7\u00e3o e ao tratamento da doen\u00e7a ocular. Mobiliza\u00e7\u00e3o ser\u00e1 na Policl\u00ednica Municipal, a partir das 6h da manh\u00e3, e \u00e9 promovida pela Secretaria Municipal de Sa\u00fade (Sesau). Objetivo \u00e9 garantir o acompanhamento de pacientes j\u00e1 diagnosticados e identificar novos casos da doen\u00e7a, uma das principais causas de cegueira evit\u00e1vel no mundo.<\/p>\n\n\n\n<p>P\u00fablico-alvo inclui pessoas que n\u00e3o compareceram aos \u00faltimos atendimentos e aquelas com hist\u00f3rico familiar de glaucoma, especialmente quando o pai e a m\u00e3e s\u00e3o portadores da condi\u00e7\u00e3o. O atendimento ser\u00e1 por ordem de chegada, com prioridade para moradores da zona rural. Durante o mutir\u00e3o, os pacientes passar\u00e3o por exames oftalmol\u00f3gicos, consultas m\u00e9dicas e avalia\u00e7\u00f5es cl\u00ednicas completas.<\/p>\n\n\n\n<p>Quando necess\u00e1rio, ser\u00e1 feita a distribui\u00e7\u00e3o gratuita de medicamentos para o controle da press\u00e3o intraocular. Segundo a Sesau, o glaucoma \u00e9 uma doen\u00e7a silenciosa que, se n\u00e3o tratada, pode causar danos irrevers\u00edveis ao nervo \u00f3ptico. Diagn\u00f3stico precoce \u00e9 fundamental para evitar a perda de vis\u00e3o.<\/p>\n\n\n\n<p>Secret\u00e1rio municipal de Sa\u00fade destacou que a iniciativa refor\u00e7a o compromisso da gest\u00e3o com o cuidado preventivo e o acesso a tratamentos especializados. \u201cQueremos garantir que ningu\u00e9m perca a vis\u00e3o por falta de acompanhamento m\u00e9dico\u201d, afirmou. Prefeitura de Brumado segue ampliando a\u00e7\u00f5es voltadas \u00e0 sa\u00fade ocular e incentiva a popula\u00e7\u00e3o a procurar atendimento regularmente.<\/p>\n","protected":false},"excerpt":{"rendered":"<p>Brumado vai realizar neste s\u00e1bado (8) o Dia D de Atendimento do Glaucoma, uma a\u00e7\u00e3o voltada \u00e0 preven\u00e7\u00e3o e ao tratamento da doen\u00e7a ocular. Mobiliza\u00e7\u00e3o ser\u00e1 na Policl\u00ednica Municipal, a partir das 6h da manh\u00e3, e \u00e9 promovida pela Secretaria Municipal de Sa\u00fade (Sesau). Objetivo \u00e9 garantir o acompanhamento de pacientes j\u00e1 diagnosticados e identificar novos casos da doen\u00e7a, uma das principais causas de cegueira evit\u00e1vel no mundo. P\u00fablico-alvo inclui pessoas que n\u00e3o compareceram aos \u00faltimos atendimentos e aquelas com hist\u00f3rico familiar de glaucoma, especialmente quando o pai e a m\u00e3e s\u00e3o portadores da condi\u00e7\u00e3o. O atendimento ser\u00e1 por ordem de chegada, com prioridade para moradores da zona rural. Durante o mutir\u00e3o, os pacientes passar\u00e3o por exames oftalmol\u00f3gicos, consultas m\u00e9dicas e avalia\u00e7\u00f5es cl\u00ednicas completas. Quando necess\u00e1rio, ser\u00e1 feita a distribui\u00e7\u00e3o gratuita de medicamentos para o controle da press\u00e3o intraocular. Segundo a Sesau, o glaucoma \u00e9 uma doen\u00e7a silenciosa que, se n\u00e3o tratada, pode causar danos irrevers\u00edveis ao nervo \u00f3ptico. Diagn\u00f3stico precoce \u00e9 fundamental para evitar a perda de vis\u00e3o. Secret\u00e1rio municipal de Sa\u00fade destacou que a iniciativa refor\u00e7a o compromisso da gest\u00e3o com o cuidado preventivo e o acesso a tratamentos especializados. \u201cQueremos garantir que ningu\u00e9m perca a vis\u00e3o por falta de acompanhamento m\u00e9dico\u201d, afirmou. Prefeitura de Brumado segue ampliando a\u00e7\u00f5es voltadas \u00e0 sa\u00fade ocular e incentiva a popula\u00e7\u00e3o a procurar atendimento regularmente.<\/p>\n","protected":false},"author":2,"featured_media":1796,"comment_status":"open","ping_status":"open","sticky":false,"template":"","format":"standard","meta":{"footnotes":""},"categories":[10,6,45],"tags":[],"class_list":["post-1792","post","type-post","status-publish","format-standard","has-post-thumbnail","hentry","category-brumado","category-politica","category-saude"],"yoast_head":"<!-- This site is optimized with the Yoast SEO plugin v26.5 - https:\/\/yoast.com\/wordpress\/plugins\/seo\/ -->\n<title>Brumado promove Dia D de combate ao glaucoma neste s\u00e1bado (8) - Sudoesteacontece<\/title>\n<meta name=\"robots\" content=\"index, follow, max-snippet:-1, max-image-preview:large, max-video-preview:-1\" \/>\n<link rel=\"canonical\" href=\"https:\/\/sudoesteacontece.com.br\/?p=1792\" \/>\n<meta property=\"og:locale\" content=\"pt_BR\" \/>\n<meta property=\"og:type\" content=\"article\" \/>\n<meta property=\"og:title\" content=\"Brumado promove Dia D de combate ao glaucoma neste s\u00e1bado (8) - Sudoesteacontece\" \/>\n<meta property=\"og:description\" content=\"Brumado vai realizar neste s\u00e1bado (8) o Dia D de Atendimento do Glaucoma, uma a\u00e7\u00e3o voltada \u00e0 preven\u00e7\u00e3o e ao tratamento da doen\u00e7a ocular. Mobiliza\u00e7\u00e3o ser\u00e1 na Policl\u00ednica Municipal, a partir das 6h da manh\u00e3, e \u00e9 promovida pela Secretaria Municipal de Sa\u00fade (Sesau). Objetivo \u00e9 garantir o acompanhamento de pacientes j\u00e1 diagnosticados e identificar novos casos da doen\u00e7a, uma das principais causas de cegueira evit\u00e1vel no mundo. P\u00fablico-alvo inclui pessoas que n\u00e3o compareceram aos \u00faltimos atendimentos e aquelas com hist\u00f3rico familiar de glaucoma, especialmente quando o pai e a m\u00e3e s\u00e3o portadores da condi\u00e7\u00e3o. O atendimento ser\u00e1 por ordem de chegada, com prioridade para moradores da zona rural. Durante o mutir\u00e3o, os pacientes passar\u00e3o por exames oftalmol\u00f3gicos, consultas m\u00e9dicas e avalia\u00e7\u00f5es cl\u00ednicas completas. Quando necess\u00e1rio, ser\u00e1 feita a distribui\u00e7\u00e3o gratuita de medicamentos para o controle da press\u00e3o intraocular. Segundo a Sesau, o glaucoma \u00e9 uma doen\u00e7a silenciosa que, se n\u00e3o tratada, pode causar danos irrevers\u00edveis ao nervo \u00f3ptico. Diagn\u00f3stico precoce \u00e9 fundamental para evitar a perda de vis\u00e3o. Secret\u00e1rio municipal de Sa\u00fade destacou que a iniciativa refor\u00e7a o compromisso da gest\u00e3o com o cuidado preventivo e o acesso a tratamentos especializados. \u201cQueremos garantir que ningu\u00e9m perca a vis\u00e3o por falta de acompanhamento m\u00e9dico\u201d, afirmou. Prefeitura de Brumado segue ampliando a\u00e7\u00f5es voltadas \u00e0 sa\u00fade ocular e incentiva a popula\u00e7\u00e3o a procurar atendimento regularmente.\" \/>\n<meta property=\"og:url\" content=\"https:\/\/sudoesteacontece.com.br\/?p=1792\" \/>\n<meta property=\"og:site_name\" content=\"Sudoesteacontece\" \/>\n<meta property=\"article:publisher\" content=\"https:\/\/www.facebook.com\/sudoesteacontece\/?locale=pt_BR\" \/>\n<meta property=\"article:published_time\" content=\"2025-11-04T20:50:19+00:00\" \/>\n<meta property=\"article:modified_time\" content=\"2025-11-04T20:50:20+00:00\" \/>\n<meta property=\"og:image\" content=\"https:\/\/sudoesteacontece.com.br\/wp-content\/uploads\/2025\/11\/Brumado-promove-Dia-D-de-combate-ao-glaucoma-neste-sabado-8-sudoeste-acontece.webp\" \/>\n\t<meta property=\"og:image:width\" content=\"1200\" \/>\n\t<meta property=\"og:image:height\" content=\"800\" \/>\n\t<meta property=\"og:image:type\" content=\"image\/webp\" \/>\n<meta name=\"author\" content=\"Washington Tiago\" \/>\n<meta name=\"twitter:card\" content=\"summary_large_image\" \/>\n<meta name=\"twitter:label1\" content=\"Escrito por\" \/>\n\t<meta name=\"twitter:data1\" content=\"Washington Tiago\" \/>\n\t<meta name=\"twitter:label2\" content=\"Est. tempo de leitura\" \/>\n\t<meta name=\"twitter:data2\" content=\"1 minuto\" \/>\n<script type=\"application\/ld+json\" class=\"yoast-schema-graph\">{\"@context\":\"https:\/\/schema.org\",\"@graph\":[{\"@type\":\"Article\",\"@id\":\"https:\/\/sudoesteacontece.com.br\/?p=1792#article\",\"isPartOf\":{\"@id\":\"https:\/\/sudoesteacontece.com.br\/?p=1792\"},\"author\":{\"name\":\"Washington Tiago\",\"@id\":\"https:\/\/sudoesteacontece.com.br\/#\/schema\/person\/3cf2cf009926a9683ebc29d5379fa79c\"},\"headline\":\"Brumado promove Dia D de combate ao glaucoma neste s\u00e1bado (8)\",\"datePublished\":\"2025-11-04T20:50:19+00:00\",\"dateModified\":\"2025-11-04T20:50:20+00:00\",\"mainEntityOfPage\":{\"@id\":\"https:\/\/sudoesteacontece.com.br\/?p=1792\"},\"wordCount\":266,\"commentCount\":0,\"publisher\":{\"@id\":\"https:\/\/sudoesteacontece.com.br\/#organization\"},\"image\":{\"@id\":\"https:\/\/sudoesteacontece.com.br\/?p=1792#primaryimage\"},\"thumbnailUrl\":\"https:\/\/sudoesteacontece.com.br\/wp-content\/uploads\/2025\/11\/Brumado-promove-Dia-D-de-combate-ao-glaucoma-neste-sabado-8-sudoeste-acontece.webp\",\"articleSection\":[\"Brumado\",\"Pol\u00edtica\",\"Sa\u00fade\"],\"inLanguage\":\"pt-BR\",\"potentialAction\":[{\"@type\":\"CommentAction\",\"name\":\"Comment\",\"target\":[\"https:\/\/sudoesteacontece.com.br\/?p=1792#respond\"]}]},{\"@type\":\"WebPage\",\"@id\":\"https:\/\/sudoesteacontece.com.br\/?p=1792\",\"url\":\"https:\/\/sudoesteacontece.com.br\/?p=1792\",\"name\":\"Brumado promove Dia D de combate ao glaucoma neste s\u00e1bado (8) - Sudoesteacontece\",\"isPartOf\":{\"@id\":\"https:\/\/sudoesteacontece.com.br\/#website\"},\"primaryImageOfPage\":{\"@id\":\"https:\/\/sudoesteacontece.com.br\/?p=1792#primaryimage\"},\"image\":{\"@id\":\"https:\/\/sudoesteacontece.com.br\/?p=1792#primaryimage\"},\"thumbnailUrl\":\"https:\/\/sudoesteacontece.com.br\/wp-content\/uploads\/2025\/11\/Brumado-promove-Dia-D-de-combate-ao-glaucoma-neste-sabado-8-sudoeste-acontece.webp\",\"datePublished\":\"2025-11-04T20:50:19+00:00\",\"dateModified\":\"2025-11-04T20:50:20+00:00\",\"breadcrumb\":{\"@id\":\"https:\/\/sudoesteacontece.com.br\/?p=1792#breadcrumb\"},\"inLanguage\":\"pt-BR\",\"potentialAction\":[{\"@type\":\"ReadAction\",\"target\":[\"https:\/\/sudoesteacontece.com.br\/?p=1792\"]}]},{\"@type\":\"ImageObject\",\"inLanguage\":\"pt-BR\",\"@id\":\"https:\/\/sudoesteacontece.com.br\/?p=1792#primaryimage\",\"url\":\"https:\/\/sudoesteacontece.com.br\/wp-content\/uploads\/2025\/11\/Brumado-promove-Dia-D-de-combate-ao-glaucoma-neste-sabado-8-sudoeste-acontece.webp\",\"contentUrl\":\"https:\/\/sudoesteacontece.com.br\/wp-content\/uploads\/2025\/11\/Brumado-promove-Dia-D-de-combate-ao-glaucoma-neste-sabado-8-sudoeste-acontece.webp\",\"width\":1200,\"height\":800},{\"@type\":\"BreadcrumbList\",\"@id\":\"https:\/\/sudoesteacontece.com.br\/?p=1792#breadcrumb\",\"itemListElement\":[{\"@type\":\"ListItem\",\"position\":1,\"name\":\"In\u00edcio\",\"item\":\"https:\/\/sudoesteacontece.com.br\/\"},{\"@type\":\"ListItem\",\"position\":2,\"name\":\"Brumado promove Dia D de combate ao glaucoma neste s\u00e1bado (8)\"}]},{\"@type\":\"WebSite\",\"@id\":\"https:\/\/sudoesteacontece.com.br\/#website\",\"url\":\"https:\/\/sudoesteacontece.com.br\/\",\"name\":\"Sudoesteacontece\",\"description\":\"\",\"publisher\":{\"@id\":\"https:\/\/sudoesteacontece.com.br\/#organization\"},\"potentialAction\":[{\"@type\":\"SearchAction\",\"target\":{\"@type\":\"EntryPoint\",\"urlTemplate\":\"https:\/\/sudoesteacontece.com.br\/?s={search_term_string}\"},\"query-input\":{\"@type\":\"PropertyValueSpecification\",\"valueRequired\":true,\"valueName\":\"search_term_string\"}}],\"inLanguage\":\"pt-BR\"},{\"@type\":\"Organization\",\"@id\":\"https:\/\/sudoesteacontece.com.br\/#organization\",\"name\":\"Sudoesteacontece\",\"url\":\"https:\/\/sudoesteacontece.com.br\/\",\"logo\":{\"@type\":\"ImageObject\",\"inLanguage\":\"pt-BR\",\"@id\":\"https:\/\/sudoesteacontece.com.br\/#\/schema\/logo\/image\/\",\"url\":\"https:\/\/sudoesteacontece.com.br\/wp-content\/uploads\/2025\/12\/cropped-logo-2-180x180-1.png\",\"contentUrl\":\"https:\/\/sudoesteacontece.com.br\/wp-content\/uploads\/2025\/12\/cropped-logo-2-180x180-1.png\",\"width\":180,\"height\":180,\"caption\":\"Sudoesteacontece\"},\"image\":{\"@id\":\"https:\/\/sudoesteacontece.com.br\/#\/schema\/logo\/image\/\"},\"sameAs\":[\"https:\/\/www.facebook.com\/sudoesteacontece\/?locale=pt_BR\"]},{\"@type\":\"Person\",\"@id\":\"https:\/\/sudoesteacontece.com.br\/#\/schema\/person\/3cf2cf009926a9683ebc29d5379fa79c\",\"name\":\"Washington Tiago\",\"image\":{\"@type\":\"ImageObject\",\"inLanguage\":\"pt-BR\",\"@id\":\"https:\/\/sudoesteacontece.com.br\/#\/schema\/person\/image\/\",\"url\":\"https:\/\/secure.gravatar.com\/avatar\/33c43b8668157e040f9d1fe93c354bf087cbd8ba36270c1163198bd3ddcf2a56?s=96&d=mm&r=g\",\"contentUrl\":\"https:\/\/secure.gravatar.com\/avatar\/33c43b8668157e040f9d1fe93c354bf087cbd8ba36270c1163198bd3ddcf2a56?s=96&d=mm&r=g\",\"caption\":\"Washington Tiago\"},\"url\":\"https:\/\/sudoesteacontece.com.br\/?author=2\"}]}<\/script>\n<!-- \/ Yoast SEO plugin. -->","yoast_head_json":{"title":"Brumado promove Dia D de combate ao glaucoma neste s\u00e1bado (8) - Sudoesteacontece","robots":{"index":"index","follow":"follow","max-snippet":"max-snippet:-1","max-image-preview":"max-image-preview:large","max-video-preview":"max-video-preview:-1"},"canonical":"https:\/\/sudoesteacontece.com.br\/?p=1792","og_locale":"pt_BR","og_type":"article","og_title":"Brumado promove Dia D de combate ao glaucoma neste s\u00e1bado (8) - Sudoesteacontece","og_description":"Brumado vai realizar neste s\u00e1bado (8) o Dia D de Atendimento do Glaucoma, uma a\u00e7\u00e3o voltada \u00e0 preven\u00e7\u00e3o e ao tratamento da doen\u00e7a ocular. Mobiliza\u00e7\u00e3o ser\u00e1 na Policl\u00ednica Municipal, a partir das 6h da manh\u00e3, e \u00e9 promovida pela Secretaria Municipal de Sa\u00fade (Sesau). Objetivo \u00e9 garantir o acompanhamento de pacientes j\u00e1 diagnosticados e identificar novos casos da doen\u00e7a, uma das principais causas de cegueira evit\u00e1vel no mundo. P\u00fablico-alvo inclui pessoas que n\u00e3o compareceram aos \u00faltimos atendimentos e aquelas com hist\u00f3rico familiar de glaucoma, especialmente quando o pai e a m\u00e3e s\u00e3o portadores da condi\u00e7\u00e3o. O atendimento ser\u00e1 por ordem de chegada, com prioridade para moradores da zona rural. Durante o mutir\u00e3o, os pacientes passar\u00e3o por exames oftalmol\u00f3gicos, consultas m\u00e9dicas e avalia\u00e7\u00f5es cl\u00ednicas completas. Quando necess\u00e1rio, ser\u00e1 feita a distribui\u00e7\u00e3o gratuita de medicamentos para o controle da press\u00e3o intraocular. Segundo a Sesau, o glaucoma \u00e9 uma doen\u00e7a silenciosa que, se n\u00e3o tratada, pode causar danos irrevers\u00edveis ao nervo \u00f3ptico. Diagn\u00f3stico precoce \u00e9 fundamental para evitar a perda de vis\u00e3o. Secret\u00e1rio municipal de Sa\u00fade destacou que a iniciativa refor\u00e7a o compromisso da gest\u00e3o com o cuidado preventivo e o acesso a tratamentos especializados. \u201cQueremos garantir que ningu\u00e9m perca a vis\u00e3o por falta de acompanhamento m\u00e9dico\u201d, afirmou. Prefeitura de Brumado segue ampliando a\u00e7\u00f5es voltadas \u00e0 sa\u00fade ocular e incentiva a popula\u00e7\u00e3o a procurar atendimento regularmente.","og_url":"https:\/\/sudoesteacontece.com.br\/?p=1792","og_site_name":"Sudoesteacontece","article_publisher":"https:\/\/www.facebook.com\/sudoesteacontece\/?locale=pt_BR","article_published_time":"2025-11-04T20:50:19+00:00","article_modified_time":"2025-11-04T20:50:20+00:00","og_image":[{"width":1200,"height":800,"url":"https:\/\/sudoesteacontece.com.br\/wp-content\/uploads\/2025\/11\/Brumado-promove-Dia-D-de-combate-ao-glaucoma-neste-sabado-8-sudoeste-acontece.webp","type":"image\/webp"}],"author":"Washington Tiago","twitter_card":"summary_large_image","twitter_misc":{"Escrito por":"Washington Tiago","Est. tempo de leitura":"1 minuto"},"schema":{"@context":"https:\/\/schema.org","@graph":[{"@type":"Article","@id":"https:\/\/sudoesteacontece.com.br\/?p=1792#article","isPartOf":{"@id":"https:\/\/sudoesteacontece.com.br\/?p=1792"},"author":{"name":"Washington Tiago","@id":"https:\/\/sudoesteacontece.com.br\/#\/schema\/person\/3cf2cf009926a9683ebc29d5379fa79c"},"headline":"Brumado promove Dia D de combate ao glaucoma neste s\u00e1bado (8)","datePublished":"2025-11-04T20:50:19+00:00","dateModified":"2025-11-04T20:50:20+00:00","mainEntityOfPage":{"@id":"https:\/\/sudoesteacontece.com.br\/?p=1792"},"wordCount":266,"commentCount":0,"publisher":{"@id":"https:\/\/sudoesteacontece.com.br\/#organization"},"image":{"@id":"https:\/\/sudoesteacontece.com.br\/?p=1792#primaryimage"},"thumbnailUrl":"https:\/\/sudoesteacontece.com.br\/wp-content\/uploads\/2025\/11\/Brumado-promove-Dia-D-de-combate-ao-glaucoma-neste-sabado-8-sudoeste-acontece.webp","articleSection":["Brumado","Pol\u00edtica","Sa\u00fade"],"inLanguage":"pt-BR","potentialAction":[{"@type":"CommentAction","name":"Comment","target":["https:\/\/sudoesteacontece.com.br\/?p=1792#respond"]}]},{"@type":"WebPage","@id":"https:\/\/sudoesteacontece.com.br\/?p=1792","url":"https:\/\/sudoesteacontece.com.br\/?p=1792","name":"Brumado promove Dia D de combate ao glaucoma neste s\u00e1bado (8) - Sudoesteacontece","isPartOf":{"@id":"https:\/\/sudoesteacontece.com.br\/#website"},"primaryImageOfPage":{"@id":"https:\/\/sudoesteacontece.com.br\/?p=1792#primaryimage"},"image":{"@id":"https:\/\/sudoesteacontece.com.br\/?p=1792#primaryimage"},"thumbnailUrl":"https:\/\/sudoesteacontece.com.br\/wp-content\/uploads\/2025\/11\/Brumado-promove-Dia-D-de-combate-ao-glaucoma-neste-sabado-8-sudoeste-acontece.webp","datePublished":"2025-11-04T20:50:19+00:00","dateModified":"2025-11-04T20:50:20+00:00","breadcrumb":{"@id":"https:\/\/sudoesteacontece.com.br\/?p=1792#breadcrumb"},"inLanguage":"pt-BR","potentialAction":[{"@type":"ReadAction","target":["https:\/\/sudoesteacontece.com.br\/?p=1792"]}]},{"@type":"ImageObject","inLanguage":"pt-BR","@id":"https:\/\/sudoesteacontece.com.br\/?p=1792#primaryimage","url":"https:\/\/sudoesteacontece.com.br\/wp-content\/uploads\/2025\/11\/Brumado-promove-Dia-D-de-combate-ao-glaucoma-neste-sabado-8-sudoeste-acontece.webp","contentUrl":"https:\/\/sudoesteacontece.com.br\/wp-content\/uploads\/2025\/11\/Brumado-promove-Dia-D-de-combate-ao-glaucoma-neste-sabado-8-sudoeste-acontece.webp","width":1200,"height":800},{"@type":"BreadcrumbList","@id":"https:\/\/sudoesteacontece.com.br\/?p=1792#breadcrumb","itemListElement":[{"@type":"ListItem","position":1,"name":"In\u00edcio","item":"https:\/\/sudoesteacontece.com.br\/"},{"@type":"ListItem","position":2,"name":"Brumado promove Dia D de combate ao glaucoma neste s\u00e1bado (8)"}]},{"@type":"WebSite","@id":"https:\/\/sudoesteacontece.com.br\/#website","url":"https:\/\/sudoesteacontece.com.br\/","name":"Sudoesteacontece","description":"","publisher":{"@id":"https:\/\/sudoesteacontece.com.br\/#organization"},"potentialAction":[{"@type":"SearchAction","target":{"@type":"EntryPoint","urlTemplate":"https:\/\/sudoesteacontece.com.br\/?s={search_term_string}"},"query-input":{"@type":"PropertyValueSpecification","valueRequired":true,"valueName":"search_term_string"}}],"inLanguage":"pt-BR"},{"@type":"Organization","@id":"https:\/\/sudoesteacontece.com.br\/#organization","name":"Sudoesteacontece","url":"https:\/\/sudoesteacontece.com.br\/","logo":{"@type":"ImageObject","inLanguage":"pt-BR","@id":"https:\/\/sudoesteacontece.com.br\/#\/schema\/logo\/image\/","url":"https:\/\/sudoesteacontece.com.br\/wp-content\/uploads\/2025\/12\/cropped-logo-2-180x180-1.png","contentUrl":"https:\/\/sudoesteacontece.com.br\/wp-content\/uploads\/2025\/12\/cropped-logo-2-180x180-1.png","width":180,"height":180,"caption":"Sudoesteacontece"},"image":{"@id":"https:\/\/sudoesteacontece.com.br\/#\/schema\/logo\/image\/"},"sameAs":["https:\/\/www.facebook.com\/sudoesteacontece\/?locale=pt_BR"]},{"@type":"Person","@id":"https:\/\/sudoesteacontece.com.br\/#\/schema\/person\/3cf2cf009926a9683ebc29d5379fa79c","name":"Washington Tiago","image":{"@type":"ImageObject","inLanguage":"pt-BR","@id":"https:\/\/sudoesteacontece.com.br\/#\/schema\/person\/image\/","url":"https:\/\/secure.gravatar.com\/avatar\/33c43b8668157e040f9d1fe93c354bf087cbd8ba36270c1163198bd3ddcf2a56?s=96&d=mm&r=g","contentUrl":"https:\/\/secure.gravatar.com\/avatar\/33c43b8668157e040f9d1fe93c354bf087cbd8ba36270c1163198bd3ddcf2a56?s=96&d=mm&r=g","caption":"Washington Tiago"},"url":"https:\/\/sudoesteacontece.com.br\/?author=2"}]}},"_links":{"self":[{"href":"https:\/\/sudoesteacontece.com.br\/index.php?rest_route=\/wp\/v2\/posts\/1792","targetHints":{"allow":["GET"]}}],"collection":[{"href":"https:\/\/sudoesteacontece.com.br\/index.php?rest_route=\/wp\/v2\/posts"}],"about":[{"href":"https:\/\/sudoesteacontece.com.br\/index.php?rest_route=\/wp\/v2\/types\/post"}],"author":[{"embeddable":true,"href":"https:\/\/sudoesteacontece.com.br\/index.php?rest_route=\/wp\/v2\/users\/2"}],"replies":[{"embeddable":true,"href":"https:\/\/sudoesteacontece.com.br\/index.php?rest_route=%2Fwp%2Fv2%2Fcomments&post=1792"}],"version-history":[{"count":0,"href":"https:\/\/sudoesteacontece.com.br\/index.php?rest_route=\/wp\/v2\/posts\/1792\/revisions"}],"wp:featuredmedia":[{"embeddable":true,"href":"https:\/\/sudoesteacontece.com.br\/index.php?rest_route=\/wp\/v2\/media\/1796"}],"wp:attachment":[{"href":"https:\/\/sudoesteacontece.com.br\/index.php?rest_route=%2Fwp%2Fv2%2Fmedia&parent=1792"}],"wp:term":[{"taxonomy":"category","embeddable":true,"href":"https:\/\/sudoesteacontece.com.br\/index.php?rest_route=%2Fwp%2Fv2%2Fcategories&post=1792"},{"taxonomy":"post_tag","embeddable":true,"href":"https:\/\/sudoesteacontece.com.br\/index.php?rest_route=%2Fwp%2Fv2%2Ftags&post=1792"}],"curies":[{"name":"wp","href":"https:\/\/api.w.org\/{rel}","templated":true}]}}