{"id":1840,"date":"2025-11-05T17:18:44","date_gmt":"2025-11-05T20:18:44","guid":{"rendered":"https:\/\/sudoesteacontece.com.br\/?p=1840"},"modified":"2025-11-05T17:18:46","modified_gmt":"2025-11-05T20:18:46","slug":"policia-civil-prende-empresario-com-carro-roubado-em-pocoes","status":"publish","type":"post","link":"https:\/\/sudoesteacontece.com.br\/?p=1840","title":{"rendered":"Pol\u00edcia Civil prende empres\u00e1rio com carro roubado em Po\u00e7\u00f5es"},"content":{"rendered":"<div class=\"wp-block-image\">\n<figure class=\"aligncenter size-full\"><img fetchpriority=\"high\" decoding=\"async\" width=\"850\" height=\"600\" src=\"http:\/\/sudoesteacontece.com.br\/wp-content\/uploads\/2025\/11\/Policia-Civil-prende-empresario-com-carro-roubado-em-Pocoes-sudoeste-acontece.webp\" alt=\"\" class=\"wp-image-1885\" srcset=\"https:\/\/sudoesteacontece.com.br\/wp-content\/uploads\/2025\/11\/Policia-Civil-prende-empresario-com-carro-roubado-em-Pocoes-sudoeste-acontece.webp 850w, https:\/\/sudoesteacontece.com.br\/wp-content\/uploads\/2025\/11\/Policia-Civil-prende-empresario-com-carro-roubado-em-Pocoes-sudoeste-acontece-300x212.webp 300w, https:\/\/sudoesteacontece.com.br\/wp-content\/uploads\/2025\/11\/Policia-Civil-prende-empresario-com-carro-roubado-em-Pocoes-sudoeste-acontece-768x542.webp 768w\" sizes=\"(max-width: 850px) 100vw, 850px\" \/><\/figure>\n<\/div>\n\n\n<p><br>Um empres\u00e1rio de 45 anos foi preso em flagrante nesta segunda-feira (3), em Po\u00e7\u00f5es, no sudoeste da Bahia, ap\u00f3s ser encontrado com um carro roubado. Ve\u00edculo, um Renault Kwid prata, havia sido tomado em assalto em outubro, em Vit\u00f3ria da Conquista.<\/p>\n\n\n\n<p>Pris\u00e3o foi realizada por investigadores da Delegacia de Pol\u00edcia Civil, ap\u00f3s den\u00fancias sobre um autom\u00f3vel com sinais de adultera\u00e7\u00e3o. Carro foi localizado em um estabelecimento comercial no centro da cidade.<\/p>\n\n\n\n<p>Durante a verifica\u00e7\u00e3o, os policiais confirmaram que o n\u00famero do chassi correspondia a um ve\u00edculo roubado. A placa havia sido trocada para tentar despistar a origem il\u00edcita.<\/p>\n\n\n\n<p>No momento da abordagem, o empres\u00e1rio apresentou vers\u00f5es contradit\u00f3rias sobre a proced\u00eancia do carro. Diante das evid\u00eancias, ele foi autuado por recepta\u00e7\u00e3o e adultera\u00e7\u00e3o de sinais identificadores.<\/p>\n\n\n\n<p>Segundo a Pol\u00edcia Civil, o homem j\u00e1 tinha passagens por recepta\u00e7\u00e3o e estelionato. Ele foi levado \u00e0 delegacia, onde teve o flagrante formalizado, e segue \u00e0 disposi\u00e7\u00e3o da Justi\u00e7a.<\/p>\n","protected":false},"excerpt":{"rendered":"<p>Um empres\u00e1rio de 45 anos foi preso em flagrante nesta segunda-feira (3), em Po\u00e7\u00f5es, no sudoeste da Bahia, ap\u00f3s ser encontrado com um carro roubado. Ve\u00edculo, um Renault Kwid prata, havia sido tomado em assalto em outubro, em Vit\u00f3ria da Conquista. Pris\u00e3o foi realizada por investigadores da Delegacia de Pol\u00edcia Civil, ap\u00f3s den\u00fancias sobre um autom\u00f3vel com sinais de adultera\u00e7\u00e3o. Carro foi localizado em um estabelecimento comercial no centro da cidade. Durante a verifica\u00e7\u00e3o, os policiais confirmaram que o n\u00famero do chassi correspondia a um ve\u00edculo roubado. A placa havia sido trocada para tentar despistar a origem il\u00edcita. No momento da abordagem, o empres\u00e1rio apresentou vers\u00f5es contradit\u00f3rias sobre a proced\u00eancia do carro. Diante das evid\u00eancias, ele foi autuado por recepta\u00e7\u00e3o e adultera\u00e7\u00e3o de sinais identificadores. Segundo a Pol\u00edcia Civil, o homem j\u00e1 tinha passagens por recepta\u00e7\u00e3o e estelionato. Ele foi levado \u00e0 delegacia, onde teve o flagrante formalizado, e segue \u00e0 disposi\u00e7\u00e3o da Justi\u00e7a.<\/p>\n","protected":false},"author":2,"featured_media":1885,"comment_status":"open","ping_status":"open","sticky":false,"template":"","format":"standard","meta":{"footnotes":""},"categories":[4,74,3],"tags":[],"class_list":["post-1840","post","type-post","status-publish","format-standard","has-post-thumbnail","hentry","category-cidades","category-pocoes","category-policia"],"yoast_head":"<!-- This site is optimized with the Yoast SEO plugin v26.5 - https:\/\/yoast.com\/wordpress\/plugins\/seo\/ -->\n<title>Pol\u00edcia Civil prende empres\u00e1rio com carro roubado em Po\u00e7\u00f5es - Sudoesteacontece<\/title>\n<meta name=\"robots\" content=\"index, follow, max-snippet:-1, max-image-preview:large, max-video-preview:-1\" \/>\n<link rel=\"canonical\" href=\"https:\/\/sudoesteacontece.com.br\/?p=1840\" \/>\n<meta property=\"og:locale\" content=\"pt_BR\" \/>\n<meta property=\"og:type\" content=\"article\" \/>\n<meta property=\"og:title\" content=\"Pol\u00edcia Civil prende empres\u00e1rio com carro roubado em Po\u00e7\u00f5es - Sudoesteacontece\" \/>\n<meta property=\"og:description\" content=\"Um empres\u00e1rio de 45 anos foi preso em flagrante nesta segunda-feira (3), em Po\u00e7\u00f5es, no sudoeste da Bahia, ap\u00f3s ser encontrado com um carro roubado. Ve\u00edculo, um Renault Kwid prata, havia sido tomado em assalto em outubro, em Vit\u00f3ria da Conquista. Pris\u00e3o foi realizada por investigadores da Delegacia de Pol\u00edcia Civil, ap\u00f3s den\u00fancias sobre um autom\u00f3vel com sinais de adultera\u00e7\u00e3o. Carro foi localizado em um estabelecimento comercial no centro da cidade. Durante a verifica\u00e7\u00e3o, os policiais confirmaram que o n\u00famero do chassi correspondia a um ve\u00edculo roubado. A placa havia sido trocada para tentar despistar a origem il\u00edcita. No momento da abordagem, o empres\u00e1rio apresentou vers\u00f5es contradit\u00f3rias sobre a proced\u00eancia do carro. Diante das evid\u00eancias, ele foi autuado por recepta\u00e7\u00e3o e adultera\u00e7\u00e3o de sinais identificadores. Segundo a Pol\u00edcia Civil, o homem j\u00e1 tinha passagens por recepta\u00e7\u00e3o e estelionato. Ele foi levado \u00e0 delegacia, onde teve o flagrante formalizado, e segue \u00e0 disposi\u00e7\u00e3o da Justi\u00e7a.\" \/>\n<meta property=\"og:url\" content=\"https:\/\/sudoesteacontece.com.br\/?p=1840\" \/>\n<meta property=\"og:site_name\" content=\"Sudoesteacontece\" \/>\n<meta property=\"article:publisher\" content=\"https:\/\/www.facebook.com\/sudoesteacontece\/?locale=pt_BR\" \/>\n<meta property=\"article:published_time\" content=\"2025-11-05T20:18:44+00:00\" \/>\n<meta property=\"article:modified_time\" content=\"2025-11-05T20:18:46+00:00\" \/>\n<meta property=\"og:image\" content=\"https:\/\/sudoesteacontece.com.br\/wp-content\/uploads\/2025\/11\/Policia-Civil-prende-empresario-com-carro-roubado-em-Pocoes-sudoeste-acontece.webp\" \/>\n\t<meta property=\"og:image:width\" content=\"850\" \/>\n\t<meta property=\"og:image:height\" content=\"600\" \/>\n\t<meta property=\"og:image:type\" content=\"image\/webp\" \/>\n<meta name=\"author\" content=\"Washington Tiago\" \/>\n<meta name=\"twitter:card\" content=\"summary_large_image\" \/>\n<meta name=\"twitter:label1\" content=\"Escrito por\" \/>\n\t<meta name=\"twitter:data1\" content=\"Washington Tiago\" \/>\n\t<meta name=\"twitter:label2\" content=\"Est. tempo de leitura\" \/>\n\t<meta name=\"twitter:data2\" content=\"1 minuto\" \/>\n<script type=\"application\/ld+json\" class=\"yoast-schema-graph\">{\"@context\":\"https:\/\/schema.org\",\"@graph\":[{\"@type\":\"Article\",\"@id\":\"https:\/\/sudoesteacontece.com.br\/?p=1840#article\",\"isPartOf\":{\"@id\":\"https:\/\/sudoesteacontece.com.br\/?p=1840\"},\"author\":{\"name\":\"Washington Tiago\",\"@id\":\"https:\/\/sudoesteacontece.com.br\/#\/schema\/person\/3cf2cf009926a9683ebc29d5379fa79c\"},\"headline\":\"Pol\u00edcia Civil prende empres\u00e1rio com carro roubado em Po\u00e7\u00f5es\",\"datePublished\":\"2025-11-05T20:18:44+00:00\",\"dateModified\":\"2025-11-05T20:18:46+00:00\",\"mainEntityOfPage\":{\"@id\":\"https:\/\/sudoesteacontece.com.br\/?p=1840\"},\"wordCount\":188,\"commentCount\":0,\"publisher\":{\"@id\":\"https:\/\/sudoesteacontece.com.br\/#organization\"},\"image\":{\"@id\":\"https:\/\/sudoesteacontece.com.br\/?p=1840#primaryimage\"},\"thumbnailUrl\":\"https:\/\/sudoesteacontece.com.br\/wp-content\/uploads\/2025\/11\/Policia-Civil-prende-empresario-com-carro-roubado-em-Pocoes-sudoeste-acontece.webp\",\"articleSection\":[\"Cidades\",\"Po\u00e7\u00f5es\",\"Pol\u00edcia\"],\"inLanguage\":\"pt-BR\",\"potentialAction\":[{\"@type\":\"CommentAction\",\"name\":\"Comment\",\"target\":[\"https:\/\/sudoesteacontece.com.br\/?p=1840#respond\"]}]},{\"@type\":\"WebPage\",\"@id\":\"https:\/\/sudoesteacontece.com.br\/?p=1840\",\"url\":\"https:\/\/sudoesteacontece.com.br\/?p=1840\",\"name\":\"Pol\u00edcia Civil prende empres\u00e1rio com carro roubado em Po\u00e7\u00f5es - Sudoesteacontece\",\"isPartOf\":{\"@id\":\"https:\/\/sudoesteacontece.com.br\/#website\"},\"primaryImageOfPage\":{\"@id\":\"https:\/\/sudoesteacontece.com.br\/?p=1840#primaryimage\"},\"image\":{\"@id\":\"https:\/\/sudoesteacontece.com.br\/?p=1840#primaryimage\"},\"thumbnailUrl\":\"https:\/\/sudoesteacontece.com.br\/wp-content\/uploads\/2025\/11\/Policia-Civil-prende-empresario-com-carro-roubado-em-Pocoes-sudoeste-acontece.webp\",\"datePublished\":\"2025-11-05T20:18:44+00:00\",\"dateModified\":\"2025-11-05T20:18:46+00:00\",\"breadcrumb\":{\"@id\":\"https:\/\/sudoesteacontece.com.br\/?p=1840#breadcrumb\"},\"inLanguage\":\"pt-BR\",\"potentialAction\":[{\"@type\":\"ReadAction\",\"target\":[\"https:\/\/sudoesteacontece.com.br\/?p=1840\"]}]},{\"@type\":\"ImageObject\",\"inLanguage\":\"pt-BR\",\"@id\":\"https:\/\/sudoesteacontece.com.br\/?p=1840#primaryimage\",\"url\":\"https:\/\/sudoesteacontece.com.br\/wp-content\/uploads\/2025\/11\/Policia-Civil-prende-empresario-com-carro-roubado-em-Pocoes-sudoeste-acontece.webp\",\"contentUrl\":\"https:\/\/sudoesteacontece.com.br\/wp-content\/uploads\/2025\/11\/Policia-Civil-prende-empresario-com-carro-roubado-em-Pocoes-sudoeste-acontece.webp\",\"width\":850,\"height\":600},{\"@type\":\"BreadcrumbList\",\"@id\":\"https:\/\/sudoesteacontece.com.br\/?p=1840#breadcrumb\",\"itemListElement\":[{\"@type\":\"ListItem\",\"position\":1,\"name\":\"In\u00edcio\",\"item\":\"https:\/\/sudoesteacontece.com.br\/\"},{\"@type\":\"ListItem\",\"position\":2,\"name\":\"Pol\u00edcia Civil prende empres\u00e1rio com carro roubado em Po\u00e7\u00f5es\"}]},{\"@type\":\"WebSite\",\"@id\":\"https:\/\/sudoesteacontece.com.br\/#website\",\"url\":\"https:\/\/sudoesteacontece.com.br\/\",\"name\":\"Sudoesteacontece\",\"description\":\"\",\"publisher\":{\"@id\":\"https:\/\/sudoesteacontece.com.br\/#organization\"},\"potentialAction\":[{\"@type\":\"SearchAction\",\"target\":{\"@type\":\"EntryPoint\",\"urlTemplate\":\"https:\/\/sudoesteacontece.com.br\/?s={search_term_string}\"},\"query-input\":{\"@type\":\"PropertyValueSpecification\",\"valueRequired\":true,\"valueName\":\"search_term_string\"}}],\"inLanguage\":\"pt-BR\"},{\"@type\":\"Organization\",\"@id\":\"https:\/\/sudoesteacontece.com.br\/#organization\",\"name\":\"Sudoesteacontece\",\"url\":\"https:\/\/sudoesteacontece.com.br\/\",\"logo\":{\"@type\":\"ImageObject\",\"inLanguage\":\"pt-BR\",\"@id\":\"https:\/\/sudoesteacontece.com.br\/#\/schema\/logo\/image\/\",\"url\":\"https:\/\/sudoesteacontece.com.br\/wp-content\/uploads\/2025\/12\/cropped-logo-2-180x180-1.png\",\"contentUrl\":\"https:\/\/sudoesteacontece.com.br\/wp-content\/uploads\/2025\/12\/cropped-logo-2-180x180-1.png\",\"width\":180,\"height\":180,\"caption\":\"Sudoesteacontece\"},\"image\":{\"@id\":\"https:\/\/sudoesteacontece.com.br\/#\/schema\/logo\/image\/\"},\"sameAs\":[\"https:\/\/www.facebook.com\/sudoesteacontece\/?locale=pt_BR\"]},{\"@type\":\"Person\",\"@id\":\"https:\/\/sudoesteacontece.com.br\/#\/schema\/person\/3cf2cf009926a9683ebc29d5379fa79c\",\"name\":\"Washington Tiago\",\"image\":{\"@type\":\"ImageObject\",\"inLanguage\":\"pt-BR\",\"@id\":\"https:\/\/sudoesteacontece.com.br\/#\/schema\/person\/image\/\",\"url\":\"https:\/\/secure.gravatar.com\/avatar\/33c43b8668157e040f9d1fe93c354bf087cbd8ba36270c1163198bd3ddcf2a56?s=96&d=mm&r=g\",\"contentUrl\":\"https:\/\/secure.gravatar.com\/avatar\/33c43b8668157e040f9d1fe93c354bf087cbd8ba36270c1163198bd3ddcf2a56?s=96&d=mm&r=g\",\"caption\":\"Washington Tiago\"},\"url\":\"https:\/\/sudoesteacontece.com.br\/?author=2\"}]}<\/script>\n<!-- \/ Yoast SEO plugin. -->","yoast_head_json":{"title":"Pol\u00edcia Civil prende empres\u00e1rio com carro roubado em Po\u00e7\u00f5es - Sudoesteacontece","robots":{"index":"index","follow":"follow","max-snippet":"max-snippet:-1","max-image-preview":"max-image-preview:large","max-video-preview":"max-video-preview:-1"},"canonical":"https:\/\/sudoesteacontece.com.br\/?p=1840","og_locale":"pt_BR","og_type":"article","og_title":"Pol\u00edcia Civil prende empres\u00e1rio com carro roubado em Po\u00e7\u00f5es - Sudoesteacontece","og_description":"Um empres\u00e1rio de 45 anos foi preso em flagrante nesta segunda-feira (3), em Po\u00e7\u00f5es, no sudoeste da Bahia, ap\u00f3s ser encontrado com um carro roubado. Ve\u00edculo, um Renault Kwid prata, havia sido tomado em assalto em outubro, em Vit\u00f3ria da Conquista. Pris\u00e3o foi realizada por investigadores da Delegacia de Pol\u00edcia Civil, ap\u00f3s den\u00fancias sobre um autom\u00f3vel com sinais de adultera\u00e7\u00e3o. Carro foi localizado em um estabelecimento comercial no centro da cidade. Durante a verifica\u00e7\u00e3o, os policiais confirmaram que o n\u00famero do chassi correspondia a um ve\u00edculo roubado. A placa havia sido trocada para tentar despistar a origem il\u00edcita. No momento da abordagem, o empres\u00e1rio apresentou vers\u00f5es contradit\u00f3rias sobre a proced\u00eancia do carro. Diante das evid\u00eancias, ele foi autuado por recepta\u00e7\u00e3o e adultera\u00e7\u00e3o de sinais identificadores. Segundo a Pol\u00edcia Civil, o homem j\u00e1 tinha passagens por recepta\u00e7\u00e3o e estelionato. Ele foi levado \u00e0 delegacia, onde teve o flagrante formalizado, e segue \u00e0 disposi\u00e7\u00e3o da Justi\u00e7a.","og_url":"https:\/\/sudoesteacontece.com.br\/?p=1840","og_site_name":"Sudoesteacontece","article_publisher":"https:\/\/www.facebook.com\/sudoesteacontece\/?locale=pt_BR","article_published_time":"2025-11-05T20:18:44+00:00","article_modified_time":"2025-11-05T20:18:46+00:00","og_image":[{"width":850,"height":600,"url":"https:\/\/sudoesteacontece.com.br\/wp-content\/uploads\/2025\/11\/Policia-Civil-prende-empresario-com-carro-roubado-em-Pocoes-sudoeste-acontece.webp","type":"image\/webp"}],"author":"Washington Tiago","twitter_card":"summary_large_image","twitter_misc":{"Escrito por":"Washington Tiago","Est. tempo de leitura":"1 minuto"},"schema":{"@context":"https:\/\/schema.org","@graph":[{"@type":"Article","@id":"https:\/\/sudoesteacontece.com.br\/?p=1840#article","isPartOf":{"@id":"https:\/\/sudoesteacontece.com.br\/?p=1840"},"author":{"name":"Washington Tiago","@id":"https:\/\/sudoesteacontece.com.br\/#\/schema\/person\/3cf2cf009926a9683ebc29d5379fa79c"},"headline":"Pol\u00edcia Civil prende empres\u00e1rio com carro roubado em Po\u00e7\u00f5es","datePublished":"2025-11-05T20:18:44+00:00","dateModified":"2025-11-05T20:18:46+00:00","mainEntityOfPage":{"@id":"https:\/\/sudoesteacontece.com.br\/?p=1840"},"wordCount":188,"commentCount":0,"publisher":{"@id":"https:\/\/sudoesteacontece.com.br\/#organization"},"image":{"@id":"https:\/\/sudoesteacontece.com.br\/?p=1840#primaryimage"},"thumbnailUrl":"https:\/\/sudoesteacontece.com.br\/wp-content\/uploads\/2025\/11\/Policia-Civil-prende-empresario-com-carro-roubado-em-Pocoes-sudoeste-acontece.webp","articleSection":["Cidades","Po\u00e7\u00f5es","Pol\u00edcia"],"inLanguage":"pt-BR","potentialAction":[{"@type":"CommentAction","name":"Comment","target":["https:\/\/sudoesteacontece.com.br\/?p=1840#respond"]}]},{"@type":"WebPage","@id":"https:\/\/sudoesteacontece.com.br\/?p=1840","url":"https:\/\/sudoesteacontece.com.br\/?p=1840","name":"Pol\u00edcia Civil prende empres\u00e1rio com carro roubado em Po\u00e7\u00f5es - Sudoesteacontece","isPartOf":{"@id":"https:\/\/sudoesteacontece.com.br\/#website"},"primaryImageOfPage":{"@id":"https:\/\/sudoesteacontece.com.br\/?p=1840#primaryimage"},"image":{"@id":"https:\/\/sudoesteacontece.com.br\/?p=1840#primaryimage"},"thumbnailUrl":"https:\/\/sudoesteacontece.com.br\/wp-content\/uploads\/2025\/11\/Policia-Civil-prende-empresario-com-carro-roubado-em-Pocoes-sudoeste-acontece.webp","datePublished":"2025-11-05T20:18:44+00:00","dateModified":"2025-11-05T20:18:46+00:00","breadcrumb":{"@id":"https:\/\/sudoesteacontece.com.br\/?p=1840#breadcrumb"},"inLanguage":"pt-BR","potentialAction":[{"@type":"ReadAction","target":["https:\/\/sudoesteacontece.com.br\/?p=1840"]}]},{"@type":"ImageObject","inLanguage":"pt-BR","@id":"https:\/\/sudoesteacontece.com.br\/?p=1840#primaryimage","url":"https:\/\/sudoesteacontece.com.br\/wp-content\/uploads\/2025\/11\/Policia-Civil-prende-empresario-com-carro-roubado-em-Pocoes-sudoeste-acontece.webp","contentUrl":"https:\/\/sudoesteacontece.com.br\/wp-content\/uploads\/2025\/11\/Policia-Civil-prende-empresario-com-carro-roubado-em-Pocoes-sudoeste-acontece.webp","width":850,"height":600},{"@type":"BreadcrumbList","@id":"https:\/\/sudoesteacontece.com.br\/?p=1840#breadcrumb","itemListElement":[{"@type":"ListItem","position":1,"name":"In\u00edcio","item":"https:\/\/sudoesteacontece.com.br\/"},{"@type":"ListItem","position":2,"name":"Pol\u00edcia Civil prende empres\u00e1rio com carro roubado em Po\u00e7\u00f5es"}]},{"@type":"WebSite","@id":"https:\/\/sudoesteacontece.com.br\/#website","url":"https:\/\/sudoesteacontece.com.br\/","name":"Sudoesteacontece","description":"","publisher":{"@id":"https:\/\/sudoesteacontece.com.br\/#organization"},"potentialAction":[{"@type":"SearchAction","target":{"@type":"EntryPoint","urlTemplate":"https:\/\/sudoesteacontece.com.br\/?s={search_term_string}"},"query-input":{"@type":"PropertyValueSpecification","valueRequired":true,"valueName":"search_term_string"}}],"inLanguage":"pt-BR"},{"@type":"Organization","@id":"https:\/\/sudoesteacontece.com.br\/#organization","name":"Sudoesteacontece","url":"https:\/\/sudoesteacontece.com.br\/","logo":{"@type":"ImageObject","inLanguage":"pt-BR","@id":"https:\/\/sudoesteacontece.com.br\/#\/schema\/logo\/image\/","url":"https:\/\/sudoesteacontece.com.br\/wp-content\/uploads\/2025\/12\/cropped-logo-2-180x180-1.png","contentUrl":"https:\/\/sudoesteacontece.com.br\/wp-content\/uploads\/2025\/12\/cropped-logo-2-180x180-1.png","width":180,"height":180,"caption":"Sudoesteacontece"},"image":{"@id":"https:\/\/sudoesteacontece.com.br\/#\/schema\/logo\/image\/"},"sameAs":["https:\/\/www.facebook.com\/sudoesteacontece\/?locale=pt_BR"]},{"@type":"Person","@id":"https:\/\/sudoesteacontece.com.br\/#\/schema\/person\/3cf2cf009926a9683ebc29d5379fa79c","name":"Washington Tiago","image":{"@type":"ImageObject","inLanguage":"pt-BR","@id":"https:\/\/sudoesteacontece.com.br\/#\/schema\/person\/image\/","url":"https:\/\/secure.gravatar.com\/avatar\/33c43b8668157e040f9d1fe93c354bf087cbd8ba36270c1163198bd3ddcf2a56?s=96&d=mm&r=g","contentUrl":"https:\/\/secure.gravatar.com\/avatar\/33c43b8668157e040f9d1fe93c354bf087cbd8ba36270c1163198bd3ddcf2a56?s=96&d=mm&r=g","caption":"Washington Tiago"},"url":"https:\/\/sudoesteacontece.com.br\/?author=2"}]}},"_links":{"self":[{"href":"https:\/\/sudoesteacontece.com.br\/index.php?rest_route=\/wp\/v2\/posts\/1840","targetHints":{"allow":["GET"]}}],"collection":[{"href":"https:\/\/sudoesteacontece.com.br\/index.php?rest_route=\/wp\/v2\/posts"}],"about":[{"href":"https:\/\/sudoesteacontece.com.br\/index.php?rest_route=\/wp\/v2\/types\/post"}],"author":[{"embeddable":true,"href":"https:\/\/sudoesteacontece.com.br\/index.php?rest_route=\/wp\/v2\/users\/2"}],"replies":[{"embeddable":true,"href":"https:\/\/sudoesteacontece.com.br\/index.php?rest_route=%2Fwp%2Fv2%2Fcomments&post=1840"}],"version-history":[{"count":0,"href":"https:\/\/sudoesteacontece.com.br\/index.php?rest_route=\/wp\/v2\/posts\/1840\/revisions"}],"wp:featuredmedia":[{"embeddable":true,"href":"https:\/\/sudoesteacontece.com.br\/index.php?rest_route=\/wp\/v2\/media\/1885"}],"wp:attachment":[{"href":"https:\/\/sudoesteacontece.com.br\/index.php?rest_route=%2Fwp%2Fv2%2Fmedia&parent=1840"}],"wp:term":[{"taxonomy":"category","embeddable":true,"href":"https:\/\/sudoesteacontece.com.br\/index.php?rest_route=%2Fwp%2Fv2%2Fcategories&post=1840"},{"taxonomy":"post_tag","embeddable":true,"href":"https:\/\/sudoesteacontece.com.br\/index.php?rest_route=%2Fwp%2Fv2%2Ftags&post=1840"}],"curies":[{"name":"wp","href":"https:\/\/api.w.org\/{rel}","templated":true}]}}