{"id":1867,"date":"2025-11-05T18:37:28","date_gmt":"2025-11-05T21:37:28","guid":{"rendered":"https:\/\/sudoesteacontece.com.br\/?p=1867"},"modified":"2025-11-05T18:37:30","modified_gmt":"2025-11-05T21:37:30","slug":"ciprv-brumado-apreende-veiculo-roubado-em-piripa-motorista-e-levado-a-delegacia","status":"publish","type":"post","link":"https:\/\/sudoesteacontece.com.br\/?p=1867","title":{"rendered":"CIPRv\/Brumado apreende ve\u00edculo roubado em Pirip\u00e1; motorista \u00e9 levado \u00e0 delegacia"},"content":{"rendered":"<div class=\"wp-block-image\">\n<figure class=\"aligncenter size-full\"><img fetchpriority=\"high\" decoding=\"async\" width=\"867\" height=\"674\" src=\"http:\/\/sudoesteacontece.com.br\/wp-content\/uploads\/2025\/11\/CIPRvBrumado-apreende-veiculo-roubado-em-Piripa-motorista-e-levado-a-delegacia-sudoeste-acontece.jpg\" alt=\"\" class=\"wp-image-1906\" srcset=\"https:\/\/sudoesteacontece.com.br\/wp-content\/uploads\/2025\/11\/CIPRvBrumado-apreende-veiculo-roubado-em-Piripa-motorista-e-levado-a-delegacia-sudoeste-acontece.jpg 867w, https:\/\/sudoesteacontece.com.br\/wp-content\/uploads\/2025\/11\/CIPRvBrumado-apreende-veiculo-roubado-em-Piripa-motorista-e-levado-a-delegacia-sudoeste-acontece-300x233.jpg 300w, https:\/\/sudoesteacontece.com.br\/wp-content\/uploads\/2025\/11\/CIPRvBrumado-apreende-veiculo-roubado-em-Piripa-motorista-e-levado-a-delegacia-sudoeste-acontece-768x597.jpg 768w\" sizes=\"(max-width: 867px) 100vw, 867px\" \/><\/figure>\n<\/div>\n\n\n<p>Policiais da Companhia Independente de Pol\u00edcia Rodovi\u00e1ria (CIPRv\/Brumado) apreenderam um ve\u00edculo roubado na tarde de ter\u00e7a-feira (4), em Pirip\u00e1, no sudoeste da Bahia. A a\u00e7\u00e3o aconteceu por volta das 15h20, durante uma fiscaliza\u00e7\u00e3o de rotina realizada pela guarni\u00e7\u00e3o do T\u00e1tico Ostensivo Rodovi\u00e1rio (TOR).<\/p>\n\n\n\n<p>Durante a abordagem, os agentes perceberam inconsist\u00eancias nos sinais identificadores do carro. O ve\u00edculo apresentava adultera\u00e7\u00f5es no N\u00famero de Identifica\u00e7\u00e3o Veicular (NIV) e tamb\u00e9m na numera\u00e7\u00e3o do motor, o que levantou suspeita imediata de irregularidade.<\/p>\n\n\n\n<p>Os policiais realizaram consulta nos sistemas oficiais e confirmaram que o autom\u00f3vel possu\u00eda restri\u00e7\u00e3o por furto e roubo. O condutor, que n\u00e3o teve o nome divulgado, n\u00e3o conseguiu comprovar a origem do ve\u00edculo e foi conduzido para a Delegacia de Pol\u00edcia Civil.<\/p>\n\n\n\n<p>Na unidade policial, o homem prestou depoimento e permaneceu \u00e0 disposi\u00e7\u00e3o da Justi\u00e7a. Carro foi apreendido e passar\u00e1 por per\u00edcia t\u00e9cnica para confirmar a extens\u00e3o das adultera\u00e7\u00f5es. Corpora\u00e7\u00e3o refor\u00e7ou que as opera\u00e7\u00f5es seguem intensificadas nas estradas da regi\u00e3o.<\/p>\n","protected":false},"excerpt":{"rendered":"<p>Policiais da Companhia Independente de Pol\u00edcia Rodovi\u00e1ria (CIPRv\/Brumado) apreenderam um ve\u00edculo roubado na tarde de ter\u00e7a-feira (4), em Pirip\u00e1, no sudoeste da Bahia. A a\u00e7\u00e3o aconteceu por volta das 15h20, durante uma fiscaliza\u00e7\u00e3o de rotina realizada pela guarni\u00e7\u00e3o do T\u00e1tico Ostensivo Rodovi\u00e1rio (TOR). Durante a abordagem, os agentes perceberam inconsist\u00eancias nos sinais identificadores do carro. O ve\u00edculo apresentava adultera\u00e7\u00f5es no N\u00famero de Identifica\u00e7\u00e3o Veicular (NIV) e tamb\u00e9m na numera\u00e7\u00e3o do motor, o que levantou suspeita imediata de irregularidade. Os policiais realizaram consulta nos sistemas oficiais e confirmaram que o autom\u00f3vel possu\u00eda restri\u00e7\u00e3o por furto e roubo. O condutor, que n\u00e3o teve o nome divulgado, n\u00e3o conseguiu comprovar a origem do ve\u00edculo e foi conduzido para a Delegacia de Pol\u00edcia Civil. Na unidade policial, o homem prestou depoimento e permaneceu \u00e0 disposi\u00e7\u00e3o da Justi\u00e7a. Carro foi apreendido e passar\u00e1 por per\u00edcia t\u00e9cnica para confirmar a extens\u00e3o das adultera\u00e7\u00f5es. Corpora\u00e7\u00e3o refor\u00e7ou que as opera\u00e7\u00f5es seguem intensificadas nas estradas da regi\u00e3o.<\/p>\n","protected":false},"author":2,"featured_media":1906,"comment_status":"open","ping_status":"open","sticky":false,"template":"","format":"standard","meta":{"footnotes":""},"categories":[75,3],"tags":[],"class_list":["post-1867","post","type-post","status-publish","format-standard","has-post-thumbnail","hentry","category-piripa","category-policia"],"yoast_head":"<!-- This site is optimized with the Yoast SEO plugin v26.5 - https:\/\/yoast.com\/wordpress\/plugins\/seo\/ -->\n<title>CIPRv\/Brumado apreende ve\u00edculo roubado em Pirip\u00e1; motorista \u00e9 levado \u00e0 delegacia - Sudoesteacontece<\/title>\n<meta name=\"robots\" content=\"index, follow, max-snippet:-1, max-image-preview:large, max-video-preview:-1\" \/>\n<link rel=\"canonical\" href=\"https:\/\/sudoesteacontece.com.br\/?p=1867\" \/>\n<meta property=\"og:locale\" content=\"pt_BR\" \/>\n<meta property=\"og:type\" content=\"article\" \/>\n<meta property=\"og:title\" content=\"CIPRv\/Brumado apreende ve\u00edculo roubado em Pirip\u00e1; motorista \u00e9 levado \u00e0 delegacia - Sudoesteacontece\" \/>\n<meta property=\"og:description\" content=\"Policiais da Companhia Independente de Pol\u00edcia Rodovi\u00e1ria (CIPRv\/Brumado) apreenderam um ve\u00edculo roubado na tarde de ter\u00e7a-feira (4), em Pirip\u00e1, no sudoeste da Bahia. A a\u00e7\u00e3o aconteceu por volta das 15h20, durante uma fiscaliza\u00e7\u00e3o de rotina realizada pela guarni\u00e7\u00e3o do T\u00e1tico Ostensivo Rodovi\u00e1rio (TOR). Durante a abordagem, os agentes perceberam inconsist\u00eancias nos sinais identificadores do carro. O ve\u00edculo apresentava adultera\u00e7\u00f5es no N\u00famero de Identifica\u00e7\u00e3o Veicular (NIV) e tamb\u00e9m na numera\u00e7\u00e3o do motor, o que levantou suspeita imediata de irregularidade. Os policiais realizaram consulta nos sistemas oficiais e confirmaram que o autom\u00f3vel possu\u00eda restri\u00e7\u00e3o por furto e roubo. O condutor, que n\u00e3o teve o nome divulgado, n\u00e3o conseguiu comprovar a origem do ve\u00edculo e foi conduzido para a Delegacia de Pol\u00edcia Civil. Na unidade policial, o homem prestou depoimento e permaneceu \u00e0 disposi\u00e7\u00e3o da Justi\u00e7a. Carro foi apreendido e passar\u00e1 por per\u00edcia t\u00e9cnica para confirmar a extens\u00e3o das adultera\u00e7\u00f5es. Corpora\u00e7\u00e3o refor\u00e7ou que as opera\u00e7\u00f5es seguem intensificadas nas estradas da regi\u00e3o.\" \/>\n<meta property=\"og:url\" content=\"https:\/\/sudoesteacontece.com.br\/?p=1867\" \/>\n<meta property=\"og:site_name\" content=\"Sudoesteacontece\" \/>\n<meta property=\"article:publisher\" content=\"https:\/\/www.facebook.com\/sudoesteacontece\/?locale=pt_BR\" \/>\n<meta property=\"article:published_time\" content=\"2025-11-05T21:37:28+00:00\" \/>\n<meta property=\"article:modified_time\" content=\"2025-11-05T21:37:30+00:00\" \/>\n<meta property=\"og:image\" content=\"https:\/\/sudoesteacontece.com.br\/wp-content\/uploads\/2025\/11\/CIPRvBrumado-apreende-veiculo-roubado-em-Piripa-motorista-e-levado-a-delegacia-sudoeste-acontece.jpg\" \/>\n\t<meta property=\"og:image:width\" content=\"867\" \/>\n\t<meta property=\"og:image:height\" content=\"674\" \/>\n\t<meta property=\"og:image:type\" content=\"image\/jpeg\" \/>\n<meta name=\"author\" content=\"Washington Tiago\" \/>\n<meta name=\"twitter:card\" content=\"summary_large_image\" \/>\n<meta name=\"twitter:label1\" content=\"Escrito por\" \/>\n\t<meta name=\"twitter:data1\" content=\"Washington Tiago\" \/>\n\t<meta name=\"twitter:label2\" content=\"Est. tempo de leitura\" \/>\n\t<meta name=\"twitter:data2\" content=\"1 minuto\" \/>\n<script type=\"application\/ld+json\" class=\"yoast-schema-graph\">{\"@context\":\"https:\/\/schema.org\",\"@graph\":[{\"@type\":\"Article\",\"@id\":\"https:\/\/sudoesteacontece.com.br\/?p=1867#article\",\"isPartOf\":{\"@id\":\"https:\/\/sudoesteacontece.com.br\/?p=1867\"},\"author\":{\"name\":\"Washington Tiago\",\"@id\":\"https:\/\/sudoesteacontece.com.br\/#\/schema\/person\/3cf2cf009926a9683ebc29d5379fa79c\"},\"headline\":\"CIPRv\/Brumado apreende ve\u00edculo roubado em Pirip\u00e1; motorista \u00e9 levado \u00e0 delegacia\",\"datePublished\":\"2025-11-05T21:37:28+00:00\",\"dateModified\":\"2025-11-05T21:37:30+00:00\",\"mainEntityOfPage\":{\"@id\":\"https:\/\/sudoesteacontece.com.br\/?p=1867\"},\"wordCount\":201,\"commentCount\":0,\"publisher\":{\"@id\":\"https:\/\/sudoesteacontece.com.br\/#organization\"},\"image\":{\"@id\":\"https:\/\/sudoesteacontece.com.br\/?p=1867#primaryimage\"},\"thumbnailUrl\":\"https:\/\/sudoesteacontece.com.br\/wp-content\/uploads\/2025\/11\/CIPRvBrumado-apreende-veiculo-roubado-em-Piripa-motorista-e-levado-a-delegacia-sudoeste-acontece.jpg\",\"articleSection\":[\"Pirip\u00e1\",\"Pol\u00edcia\"],\"inLanguage\":\"pt-BR\",\"potentialAction\":[{\"@type\":\"CommentAction\",\"name\":\"Comment\",\"target\":[\"https:\/\/sudoesteacontece.com.br\/?p=1867#respond\"]}]},{\"@type\":\"WebPage\",\"@id\":\"https:\/\/sudoesteacontece.com.br\/?p=1867\",\"url\":\"https:\/\/sudoesteacontece.com.br\/?p=1867\",\"name\":\"CIPRv\/Brumado apreende ve\u00edculo roubado em Pirip\u00e1; motorista \u00e9 levado \u00e0 delegacia - Sudoesteacontece\",\"isPartOf\":{\"@id\":\"https:\/\/sudoesteacontece.com.br\/#website\"},\"primaryImageOfPage\":{\"@id\":\"https:\/\/sudoesteacontece.com.br\/?p=1867#primaryimage\"},\"image\":{\"@id\":\"https:\/\/sudoesteacontece.com.br\/?p=1867#primaryimage\"},\"thumbnailUrl\":\"https:\/\/sudoesteacontece.com.br\/wp-content\/uploads\/2025\/11\/CIPRvBrumado-apreende-veiculo-roubado-em-Piripa-motorista-e-levado-a-delegacia-sudoeste-acontece.jpg\",\"datePublished\":\"2025-11-05T21:37:28+00:00\",\"dateModified\":\"2025-11-05T21:37:30+00:00\",\"breadcrumb\":{\"@id\":\"https:\/\/sudoesteacontece.com.br\/?p=1867#breadcrumb\"},\"inLanguage\":\"pt-BR\",\"potentialAction\":[{\"@type\":\"ReadAction\",\"target\":[\"https:\/\/sudoesteacontece.com.br\/?p=1867\"]}]},{\"@type\":\"ImageObject\",\"inLanguage\":\"pt-BR\",\"@id\":\"https:\/\/sudoesteacontece.com.br\/?p=1867#primaryimage\",\"url\":\"https:\/\/sudoesteacontece.com.br\/wp-content\/uploads\/2025\/11\/CIPRvBrumado-apreende-veiculo-roubado-em-Piripa-motorista-e-levado-a-delegacia-sudoeste-acontece.jpg\",\"contentUrl\":\"https:\/\/sudoesteacontece.com.br\/wp-content\/uploads\/2025\/11\/CIPRvBrumado-apreende-veiculo-roubado-em-Piripa-motorista-e-levado-a-delegacia-sudoeste-acontece.jpg\",\"width\":867,\"height\":674},{\"@type\":\"BreadcrumbList\",\"@id\":\"https:\/\/sudoesteacontece.com.br\/?p=1867#breadcrumb\",\"itemListElement\":[{\"@type\":\"ListItem\",\"position\":1,\"name\":\"In\u00edcio\",\"item\":\"https:\/\/sudoesteacontece.com.br\/\"},{\"@type\":\"ListItem\",\"position\":2,\"name\":\"CIPRv\/Brumado apreende ve\u00edculo roubado em Pirip\u00e1; motorista \u00e9 levado \u00e0 delegacia\"}]},{\"@type\":\"WebSite\",\"@id\":\"https:\/\/sudoesteacontece.com.br\/#website\",\"url\":\"https:\/\/sudoesteacontece.com.br\/\",\"name\":\"Sudoesteacontece\",\"description\":\"\",\"publisher\":{\"@id\":\"https:\/\/sudoesteacontece.com.br\/#organization\"},\"potentialAction\":[{\"@type\":\"SearchAction\",\"target\":{\"@type\":\"EntryPoint\",\"urlTemplate\":\"https:\/\/sudoesteacontece.com.br\/?s={search_term_string}\"},\"query-input\":{\"@type\":\"PropertyValueSpecification\",\"valueRequired\":true,\"valueName\":\"search_term_string\"}}],\"inLanguage\":\"pt-BR\"},{\"@type\":\"Organization\",\"@id\":\"https:\/\/sudoesteacontece.com.br\/#organization\",\"name\":\"Sudoesteacontece\",\"url\":\"https:\/\/sudoesteacontece.com.br\/\",\"logo\":{\"@type\":\"ImageObject\",\"inLanguage\":\"pt-BR\",\"@id\":\"https:\/\/sudoesteacontece.com.br\/#\/schema\/logo\/image\/\",\"url\":\"https:\/\/sudoesteacontece.com.br\/wp-content\/uploads\/2025\/12\/cropped-logo-2-180x180-1.png\",\"contentUrl\":\"https:\/\/sudoesteacontece.com.br\/wp-content\/uploads\/2025\/12\/cropped-logo-2-180x180-1.png\",\"width\":180,\"height\":180,\"caption\":\"Sudoesteacontece\"},\"image\":{\"@id\":\"https:\/\/sudoesteacontece.com.br\/#\/schema\/logo\/image\/\"},\"sameAs\":[\"https:\/\/www.facebook.com\/sudoesteacontece\/?locale=pt_BR\"]},{\"@type\":\"Person\",\"@id\":\"https:\/\/sudoesteacontece.com.br\/#\/schema\/person\/3cf2cf009926a9683ebc29d5379fa79c\",\"name\":\"Washington Tiago\",\"image\":{\"@type\":\"ImageObject\",\"inLanguage\":\"pt-BR\",\"@id\":\"https:\/\/sudoesteacontece.com.br\/#\/schema\/person\/image\/\",\"url\":\"https:\/\/secure.gravatar.com\/avatar\/33c43b8668157e040f9d1fe93c354bf087cbd8ba36270c1163198bd3ddcf2a56?s=96&d=mm&r=g\",\"contentUrl\":\"https:\/\/secure.gravatar.com\/avatar\/33c43b8668157e040f9d1fe93c354bf087cbd8ba36270c1163198bd3ddcf2a56?s=96&d=mm&r=g\",\"caption\":\"Washington Tiago\"},\"url\":\"https:\/\/sudoesteacontece.com.br\/?author=2\"}]}<\/script>\n<!-- \/ Yoast SEO plugin. -->","yoast_head_json":{"title":"CIPRv\/Brumado apreende ve\u00edculo roubado em Pirip\u00e1; motorista \u00e9 levado \u00e0 delegacia - Sudoesteacontece","robots":{"index":"index","follow":"follow","max-snippet":"max-snippet:-1","max-image-preview":"max-image-preview:large","max-video-preview":"max-video-preview:-1"},"canonical":"https:\/\/sudoesteacontece.com.br\/?p=1867","og_locale":"pt_BR","og_type":"article","og_title":"CIPRv\/Brumado apreende ve\u00edculo roubado em Pirip\u00e1; motorista \u00e9 levado \u00e0 delegacia - Sudoesteacontece","og_description":"Policiais da Companhia Independente de Pol\u00edcia Rodovi\u00e1ria (CIPRv\/Brumado) apreenderam um ve\u00edculo roubado na tarde de ter\u00e7a-feira (4), em Pirip\u00e1, no sudoeste da Bahia. A a\u00e7\u00e3o aconteceu por volta das 15h20, durante uma fiscaliza\u00e7\u00e3o de rotina realizada pela guarni\u00e7\u00e3o do T\u00e1tico Ostensivo Rodovi\u00e1rio (TOR). Durante a abordagem, os agentes perceberam inconsist\u00eancias nos sinais identificadores do carro. O ve\u00edculo apresentava adultera\u00e7\u00f5es no N\u00famero de Identifica\u00e7\u00e3o Veicular (NIV) e tamb\u00e9m na numera\u00e7\u00e3o do motor, o que levantou suspeita imediata de irregularidade. Os policiais realizaram consulta nos sistemas oficiais e confirmaram que o autom\u00f3vel possu\u00eda restri\u00e7\u00e3o por furto e roubo. O condutor, que n\u00e3o teve o nome divulgado, n\u00e3o conseguiu comprovar a origem do ve\u00edculo e foi conduzido para a Delegacia de Pol\u00edcia Civil. Na unidade policial, o homem prestou depoimento e permaneceu \u00e0 disposi\u00e7\u00e3o da Justi\u00e7a. Carro foi apreendido e passar\u00e1 por per\u00edcia t\u00e9cnica para confirmar a extens\u00e3o das adultera\u00e7\u00f5es. Corpora\u00e7\u00e3o refor\u00e7ou que as opera\u00e7\u00f5es seguem intensificadas nas estradas da regi\u00e3o.","og_url":"https:\/\/sudoesteacontece.com.br\/?p=1867","og_site_name":"Sudoesteacontece","article_publisher":"https:\/\/www.facebook.com\/sudoesteacontece\/?locale=pt_BR","article_published_time":"2025-11-05T21:37:28+00:00","article_modified_time":"2025-11-05T21:37:30+00:00","og_image":[{"width":867,"height":674,"url":"https:\/\/sudoesteacontece.com.br\/wp-content\/uploads\/2025\/11\/CIPRvBrumado-apreende-veiculo-roubado-em-Piripa-motorista-e-levado-a-delegacia-sudoeste-acontece.jpg","type":"image\/jpeg"}],"author":"Washington Tiago","twitter_card":"summary_large_image","twitter_misc":{"Escrito por":"Washington Tiago","Est. tempo de leitura":"1 minuto"},"schema":{"@context":"https:\/\/schema.org","@graph":[{"@type":"Article","@id":"https:\/\/sudoesteacontece.com.br\/?p=1867#article","isPartOf":{"@id":"https:\/\/sudoesteacontece.com.br\/?p=1867"},"author":{"name":"Washington Tiago","@id":"https:\/\/sudoesteacontece.com.br\/#\/schema\/person\/3cf2cf009926a9683ebc29d5379fa79c"},"headline":"CIPRv\/Brumado apreende ve\u00edculo roubado em Pirip\u00e1; motorista \u00e9 levado \u00e0 delegacia","datePublished":"2025-11-05T21:37:28+00:00","dateModified":"2025-11-05T21:37:30+00:00","mainEntityOfPage":{"@id":"https:\/\/sudoesteacontece.com.br\/?p=1867"},"wordCount":201,"commentCount":0,"publisher":{"@id":"https:\/\/sudoesteacontece.com.br\/#organization"},"image":{"@id":"https:\/\/sudoesteacontece.com.br\/?p=1867#primaryimage"},"thumbnailUrl":"https:\/\/sudoesteacontece.com.br\/wp-content\/uploads\/2025\/11\/CIPRvBrumado-apreende-veiculo-roubado-em-Piripa-motorista-e-levado-a-delegacia-sudoeste-acontece.jpg","articleSection":["Pirip\u00e1","Pol\u00edcia"],"inLanguage":"pt-BR","potentialAction":[{"@type":"CommentAction","name":"Comment","target":["https:\/\/sudoesteacontece.com.br\/?p=1867#respond"]}]},{"@type":"WebPage","@id":"https:\/\/sudoesteacontece.com.br\/?p=1867","url":"https:\/\/sudoesteacontece.com.br\/?p=1867","name":"CIPRv\/Brumado apreende ve\u00edculo roubado em Pirip\u00e1; motorista \u00e9 levado \u00e0 delegacia - Sudoesteacontece","isPartOf":{"@id":"https:\/\/sudoesteacontece.com.br\/#website"},"primaryImageOfPage":{"@id":"https:\/\/sudoesteacontece.com.br\/?p=1867#primaryimage"},"image":{"@id":"https:\/\/sudoesteacontece.com.br\/?p=1867#primaryimage"},"thumbnailUrl":"https:\/\/sudoesteacontece.com.br\/wp-content\/uploads\/2025\/11\/CIPRvBrumado-apreende-veiculo-roubado-em-Piripa-motorista-e-levado-a-delegacia-sudoeste-acontece.jpg","datePublished":"2025-11-05T21:37:28+00:00","dateModified":"2025-11-05T21:37:30+00:00","breadcrumb":{"@id":"https:\/\/sudoesteacontece.com.br\/?p=1867#breadcrumb"},"inLanguage":"pt-BR","potentialAction":[{"@type":"ReadAction","target":["https:\/\/sudoesteacontece.com.br\/?p=1867"]}]},{"@type":"ImageObject","inLanguage":"pt-BR","@id":"https:\/\/sudoesteacontece.com.br\/?p=1867#primaryimage","url":"https:\/\/sudoesteacontece.com.br\/wp-content\/uploads\/2025\/11\/CIPRvBrumado-apreende-veiculo-roubado-em-Piripa-motorista-e-levado-a-delegacia-sudoeste-acontece.jpg","contentUrl":"https:\/\/sudoesteacontece.com.br\/wp-content\/uploads\/2025\/11\/CIPRvBrumado-apreende-veiculo-roubado-em-Piripa-motorista-e-levado-a-delegacia-sudoeste-acontece.jpg","width":867,"height":674},{"@type":"BreadcrumbList","@id":"https:\/\/sudoesteacontece.com.br\/?p=1867#breadcrumb","itemListElement":[{"@type":"ListItem","position":1,"name":"In\u00edcio","item":"https:\/\/sudoesteacontece.com.br\/"},{"@type":"ListItem","position":2,"name":"CIPRv\/Brumado apreende ve\u00edculo roubado em Pirip\u00e1; motorista \u00e9 levado \u00e0 delegacia"}]},{"@type":"WebSite","@id":"https:\/\/sudoesteacontece.com.br\/#website","url":"https:\/\/sudoesteacontece.com.br\/","name":"Sudoesteacontece","description":"","publisher":{"@id":"https:\/\/sudoesteacontece.com.br\/#organization"},"potentialAction":[{"@type":"SearchAction","target":{"@type":"EntryPoint","urlTemplate":"https:\/\/sudoesteacontece.com.br\/?s={search_term_string}"},"query-input":{"@type":"PropertyValueSpecification","valueRequired":true,"valueName":"search_term_string"}}],"inLanguage":"pt-BR"},{"@type":"Organization","@id":"https:\/\/sudoesteacontece.com.br\/#organization","name":"Sudoesteacontece","url":"https:\/\/sudoesteacontece.com.br\/","logo":{"@type":"ImageObject","inLanguage":"pt-BR","@id":"https:\/\/sudoesteacontece.com.br\/#\/schema\/logo\/image\/","url":"https:\/\/sudoesteacontece.com.br\/wp-content\/uploads\/2025\/12\/cropped-logo-2-180x180-1.png","contentUrl":"https:\/\/sudoesteacontece.com.br\/wp-content\/uploads\/2025\/12\/cropped-logo-2-180x180-1.png","width":180,"height":180,"caption":"Sudoesteacontece"},"image":{"@id":"https:\/\/sudoesteacontece.com.br\/#\/schema\/logo\/image\/"},"sameAs":["https:\/\/www.facebook.com\/sudoesteacontece\/?locale=pt_BR"]},{"@type":"Person","@id":"https:\/\/sudoesteacontece.com.br\/#\/schema\/person\/3cf2cf009926a9683ebc29d5379fa79c","name":"Washington Tiago","image":{"@type":"ImageObject","inLanguage":"pt-BR","@id":"https:\/\/sudoesteacontece.com.br\/#\/schema\/person\/image\/","url":"https:\/\/secure.gravatar.com\/avatar\/33c43b8668157e040f9d1fe93c354bf087cbd8ba36270c1163198bd3ddcf2a56?s=96&d=mm&r=g","contentUrl":"https:\/\/secure.gravatar.com\/avatar\/33c43b8668157e040f9d1fe93c354bf087cbd8ba36270c1163198bd3ddcf2a56?s=96&d=mm&r=g","caption":"Washington Tiago"},"url":"https:\/\/sudoesteacontece.com.br\/?author=2"}]}},"_links":{"self":[{"href":"https:\/\/sudoesteacontece.com.br\/index.php?rest_route=\/wp\/v2\/posts\/1867","targetHints":{"allow":["GET"]}}],"collection":[{"href":"https:\/\/sudoesteacontece.com.br\/index.php?rest_route=\/wp\/v2\/posts"}],"about":[{"href":"https:\/\/sudoesteacontece.com.br\/index.php?rest_route=\/wp\/v2\/types\/post"}],"author":[{"embeddable":true,"href":"https:\/\/sudoesteacontece.com.br\/index.php?rest_route=\/wp\/v2\/users\/2"}],"replies":[{"embeddable":true,"href":"https:\/\/sudoesteacontece.com.br\/index.php?rest_route=%2Fwp%2Fv2%2Fcomments&post=1867"}],"version-history":[{"count":0,"href":"https:\/\/sudoesteacontece.com.br\/index.php?rest_route=\/wp\/v2\/posts\/1867\/revisions"}],"wp:featuredmedia":[{"embeddable":true,"href":"https:\/\/sudoesteacontece.com.br\/index.php?rest_route=\/wp\/v2\/media\/1906"}],"wp:attachment":[{"href":"https:\/\/sudoesteacontece.com.br\/index.php?rest_route=%2Fwp%2Fv2%2Fmedia&parent=1867"}],"wp:term":[{"taxonomy":"category","embeddable":true,"href":"https:\/\/sudoesteacontece.com.br\/index.php?rest_route=%2Fwp%2Fv2%2Fcategories&post=1867"},{"taxonomy":"post_tag","embeddable":true,"href":"https:\/\/sudoesteacontece.com.br\/index.php?rest_route=%2Fwp%2Fv2%2Ftags&post=1867"}],"curies":[{"name":"wp","href":"https:\/\/api.w.org\/{rel}","templated":true}]}}