{"id":1868,"date":"2025-11-05T17:29:36","date_gmt":"2025-11-05T20:29:36","guid":{"rendered":"https:\/\/sudoesteacontece.com.br\/?p=1868"},"modified":"2025-11-05T17:45:41","modified_gmt":"2025-11-05T20:45:41","slug":"carro-capota-na-br-101-e-deixa-tres-mortos-entre-itamaraju-e-teixeira-de-freitas","status":"publish","type":"post","link":"https:\/\/sudoesteacontece.com.br\/?p=1868","title":{"rendered":"Carro capota na BR-101 e deixa tr\u00eas mortos entre Itamaraju e Teixeira de Freitas"},"content":{"rendered":"<div class=\"wp-block-image\">\n<figure class=\"aligncenter size-full\"><img fetchpriority=\"high\" decoding=\"async\" width=\"950\" height=\"555\" src=\"http:\/\/sudoesteacontece.com.br\/wp-content\/uploads\/2025\/11\/Carro-capota-na-BR-101-e-deixa-tres-mortos-entre-Itamaraju-e-Teixeira-de-Freitas-sudoeste-acontece.webp\" alt=\"\" class=\"wp-image-1887\" srcset=\"https:\/\/sudoesteacontece.com.br\/wp-content\/uploads\/2025\/11\/Carro-capota-na-BR-101-e-deixa-tres-mortos-entre-Itamaraju-e-Teixeira-de-Freitas-sudoeste-acontece.webp 950w, https:\/\/sudoesteacontece.com.br\/wp-content\/uploads\/2025\/11\/Carro-capota-na-BR-101-e-deixa-tres-mortos-entre-Itamaraju-e-Teixeira-de-Freitas-sudoeste-acontece-300x175.webp 300w, https:\/\/sudoesteacontece.com.br\/wp-content\/uploads\/2025\/11\/Carro-capota-na-BR-101-e-deixa-tres-mortos-entre-Itamaraju-e-Teixeira-de-Freitas-sudoeste-acontece-768x449.webp 768w\" sizes=\"(max-width: 950px) 100vw, 950px\" \/><\/figure>\n<\/div>\n\n\n<p>Um grave acidente deixou tr\u00eas mortos na manh\u00e3 desta quarta-feira (5) na BR-101, nas proximidades da entrada da Limeira, entre Itamaraju e Teixeira de Freitas, no Extremo Sul da Bahia. Segundo informa\u00e7\u00f5es preliminares, um Chevrolet Astra saiu da pista e capotou \u00e0s margens da rodovia. <\/p>\n\n\n\n<p>No carro estavam quatro pessoas: um homem identificado como Isaac, uma mulher e duas crian\u00e7as. As primeiras apura\u00e7\u00f5es indicam que Isaac, a mulher e uma das crian\u00e7as morreram no local. A outra crian\u00e7a foi socorrida em estado grave e levada para atendimento m\u00e9dico em hospital da regi\u00e3o.<\/p>\n\n\n\n<p>Equipes do resgate e da Pol\u00edcia Rodovi\u00e1ria Federal (PRF) foram acionadas. Tr\u00e2nsito ficou parcialmente lento durante o trabalho de socorro e remo\u00e7\u00e3o dos corpos. Departamento de Pol\u00edcia T\u00e9cnica (DPT) realizou a per\u00edcia e encaminhou as v\u00edtimas fatais ao Instituto M\u00e9dico Legal (IML).<\/p>\n\n\n\n<p>As causas do acidente ainda ser\u00e3o investigadas. As v\u00edtimas seriam ligadas a um acampamento na regi\u00e3o de Prado, no litoral sul baiano. At\u00e9 o fechamento desta mat\u00e9ria, a identifica\u00e7\u00e3o completa dos ocupantes e o estado de sa\u00fade atualizado da crian\u00e7a ferida n\u00e3o haviam sido divulgados. Novas informa\u00e7\u00f5es devem ser confirmadas pelas autoridades nas pr\u00f3ximas horas.<\/p>\n","protected":false},"excerpt":{"rendered":"<p>Um grave acidente deixou tr\u00eas mortos na manh\u00e3 desta quarta-feira (5) na BR-101, nas proximidades da entrada da Limeira, entre Itamaraju e Teixeira de Freitas, no Extremo Sul da Bahia. Segundo informa\u00e7\u00f5es preliminares, um Chevrolet Astra saiu da pista e capotou \u00e0s margens da rodovia. No carro estavam quatro pessoas: um homem identificado como Isaac, uma mulher e duas crian\u00e7as. As primeiras apura\u00e7\u00f5es indicam que Isaac, a mulher e uma das crian\u00e7as morreram no local. A outra crian\u00e7a foi socorrida em estado grave e levada para atendimento m\u00e9dico em hospital da regi\u00e3o. Equipes do resgate e da Pol\u00edcia Rodovi\u00e1ria Federal (PRF) foram acionadas. Tr\u00e2nsito ficou parcialmente lento durante o trabalho de socorro e remo\u00e7\u00e3o dos corpos. Departamento de Pol\u00edcia T\u00e9cnica (DPT) realizou a per\u00edcia e encaminhou as v\u00edtimas fatais ao Instituto M\u00e9dico Legal (IML). As causas do acidente ainda ser\u00e3o investigadas. As v\u00edtimas seriam ligadas a um acampamento na regi\u00e3o de Prado, no litoral sul baiano. At\u00e9 o fechamento desta mat\u00e9ria, a identifica\u00e7\u00e3o completa dos ocupantes e o estado de sa\u00fade atualizado da crian\u00e7a ferida n\u00e3o haviam sido divulgados. Novas informa\u00e7\u00f5es devem ser confirmadas pelas autoridades nas pr\u00f3ximas horas.<\/p>\n","protected":false},"author":2,"featured_media":1887,"comment_status":"open","ping_status":"open","sticky":false,"template":"","format":"standard","meta":{"footnotes":""},"categories":[5],"tags":[],"class_list":["post-1868","post","type-post","status-publish","format-standard","has-post-thumbnail","hentry","category-acidente"],"yoast_head":"<!-- This site is optimized with the Yoast SEO plugin v26.5 - https:\/\/yoast.com\/wordpress\/plugins\/seo\/ -->\n<title>Carro capota na BR-101 e deixa tr\u00eas mortos entre Itamaraju e Teixeira de Freitas - Sudoesteacontece<\/title>\n<meta name=\"robots\" content=\"index, follow, max-snippet:-1, max-image-preview:large, max-video-preview:-1\" \/>\n<link rel=\"canonical\" href=\"https:\/\/sudoesteacontece.com.br\/?p=1868\" \/>\n<meta property=\"og:locale\" content=\"pt_BR\" \/>\n<meta property=\"og:type\" content=\"article\" \/>\n<meta property=\"og:title\" content=\"Carro capota na BR-101 e deixa tr\u00eas mortos entre Itamaraju e Teixeira de Freitas - Sudoesteacontece\" \/>\n<meta property=\"og:description\" content=\"Um grave acidente deixou tr\u00eas mortos na manh\u00e3 desta quarta-feira (5) na BR-101, nas proximidades da entrada da Limeira, entre Itamaraju e Teixeira de Freitas, no Extremo Sul da Bahia. Segundo informa\u00e7\u00f5es preliminares, um Chevrolet Astra saiu da pista e capotou \u00e0s margens da rodovia. No carro estavam quatro pessoas: um homem identificado como Isaac, uma mulher e duas crian\u00e7as. As primeiras apura\u00e7\u00f5es indicam que Isaac, a mulher e uma das crian\u00e7as morreram no local. A outra crian\u00e7a foi socorrida em estado grave e levada para atendimento m\u00e9dico em hospital da regi\u00e3o. Equipes do resgate e da Pol\u00edcia Rodovi\u00e1ria Federal (PRF) foram acionadas. Tr\u00e2nsito ficou parcialmente lento durante o trabalho de socorro e remo\u00e7\u00e3o dos corpos. Departamento de Pol\u00edcia T\u00e9cnica (DPT) realizou a per\u00edcia e encaminhou as v\u00edtimas fatais ao Instituto M\u00e9dico Legal (IML). As causas do acidente ainda ser\u00e3o investigadas. As v\u00edtimas seriam ligadas a um acampamento na regi\u00e3o de Prado, no litoral sul baiano. At\u00e9 o fechamento desta mat\u00e9ria, a identifica\u00e7\u00e3o completa dos ocupantes e o estado de sa\u00fade atualizado da crian\u00e7a ferida n\u00e3o haviam sido divulgados. Novas informa\u00e7\u00f5es devem ser confirmadas pelas autoridades nas pr\u00f3ximas horas.\" \/>\n<meta property=\"og:url\" content=\"https:\/\/sudoesteacontece.com.br\/?p=1868\" \/>\n<meta property=\"og:site_name\" content=\"Sudoesteacontece\" \/>\n<meta property=\"article:publisher\" content=\"https:\/\/www.facebook.com\/sudoesteacontece\/?locale=pt_BR\" \/>\n<meta property=\"article:published_time\" content=\"2025-11-05T20:29:36+00:00\" \/>\n<meta property=\"article:modified_time\" content=\"2025-11-05T20:45:41+00:00\" \/>\n<meta property=\"og:image\" content=\"https:\/\/sudoesteacontece.com.br\/wp-content\/uploads\/2025\/11\/Carro-capota-na-BR-101-e-deixa-tres-mortos-entre-Itamaraju-e-Teixeira-de-Freitas-sudoeste-acontece.webp\" \/>\n\t<meta property=\"og:image:width\" content=\"950\" \/>\n\t<meta property=\"og:image:height\" content=\"555\" \/>\n\t<meta property=\"og:image:type\" content=\"image\/webp\" \/>\n<meta name=\"author\" content=\"Washington Tiago\" \/>\n<meta name=\"twitter:card\" content=\"summary_large_image\" \/>\n<meta name=\"twitter:label1\" content=\"Escrito por\" \/>\n\t<meta name=\"twitter:data1\" content=\"Washington Tiago\" \/>\n\t<meta name=\"twitter:label2\" content=\"Est. tempo de leitura\" \/>\n\t<meta name=\"twitter:data2\" content=\"1 minuto\" \/>\n<script type=\"application\/ld+json\" class=\"yoast-schema-graph\">{\"@context\":\"https:\/\/schema.org\",\"@graph\":[{\"@type\":\"Article\",\"@id\":\"https:\/\/sudoesteacontece.com.br\/?p=1868#article\",\"isPartOf\":{\"@id\":\"https:\/\/sudoesteacontece.com.br\/?p=1868\"},\"author\":{\"name\":\"Washington Tiago\",\"@id\":\"https:\/\/sudoesteacontece.com.br\/#\/schema\/person\/3cf2cf009926a9683ebc29d5379fa79c\"},\"headline\":\"Carro capota na BR-101 e deixa tr\u00eas mortos entre Itamaraju e Teixeira de Freitas\",\"datePublished\":\"2025-11-05T20:29:36+00:00\",\"dateModified\":\"2025-11-05T20:45:41+00:00\",\"mainEntityOfPage\":{\"@id\":\"https:\/\/sudoesteacontece.com.br\/?p=1868\"},\"wordCount\":230,\"commentCount\":0,\"publisher\":{\"@id\":\"https:\/\/sudoesteacontece.com.br\/#organization\"},\"image\":{\"@id\":\"https:\/\/sudoesteacontece.com.br\/?p=1868#primaryimage\"},\"thumbnailUrl\":\"https:\/\/sudoesteacontece.com.br\/wp-content\/uploads\/2025\/11\/Carro-capota-na-BR-101-e-deixa-tres-mortos-entre-Itamaraju-e-Teixeira-de-Freitas-sudoeste-acontece.webp\",\"articleSection\":[\"Acidente\"],\"inLanguage\":\"pt-BR\",\"potentialAction\":[{\"@type\":\"CommentAction\",\"name\":\"Comment\",\"target\":[\"https:\/\/sudoesteacontece.com.br\/?p=1868#respond\"]}]},{\"@type\":\"WebPage\",\"@id\":\"https:\/\/sudoesteacontece.com.br\/?p=1868\",\"url\":\"https:\/\/sudoesteacontece.com.br\/?p=1868\",\"name\":\"Carro capota na BR-101 e deixa tr\u00eas mortos entre Itamaraju e Teixeira de Freitas - Sudoesteacontece\",\"isPartOf\":{\"@id\":\"https:\/\/sudoesteacontece.com.br\/#website\"},\"primaryImageOfPage\":{\"@id\":\"https:\/\/sudoesteacontece.com.br\/?p=1868#primaryimage\"},\"image\":{\"@id\":\"https:\/\/sudoesteacontece.com.br\/?p=1868#primaryimage\"},\"thumbnailUrl\":\"https:\/\/sudoesteacontece.com.br\/wp-content\/uploads\/2025\/11\/Carro-capota-na-BR-101-e-deixa-tres-mortos-entre-Itamaraju-e-Teixeira-de-Freitas-sudoeste-acontece.webp\",\"datePublished\":\"2025-11-05T20:29:36+00:00\",\"dateModified\":\"2025-11-05T20:45:41+00:00\",\"breadcrumb\":{\"@id\":\"https:\/\/sudoesteacontece.com.br\/?p=1868#breadcrumb\"},\"inLanguage\":\"pt-BR\",\"potentialAction\":[{\"@type\":\"ReadAction\",\"target\":[\"https:\/\/sudoesteacontece.com.br\/?p=1868\"]}]},{\"@type\":\"ImageObject\",\"inLanguage\":\"pt-BR\",\"@id\":\"https:\/\/sudoesteacontece.com.br\/?p=1868#primaryimage\",\"url\":\"https:\/\/sudoesteacontece.com.br\/wp-content\/uploads\/2025\/11\/Carro-capota-na-BR-101-e-deixa-tres-mortos-entre-Itamaraju-e-Teixeira-de-Freitas-sudoeste-acontece.webp\",\"contentUrl\":\"https:\/\/sudoesteacontece.com.br\/wp-content\/uploads\/2025\/11\/Carro-capota-na-BR-101-e-deixa-tres-mortos-entre-Itamaraju-e-Teixeira-de-Freitas-sudoeste-acontece.webp\",\"width\":950,\"height\":555},{\"@type\":\"BreadcrumbList\",\"@id\":\"https:\/\/sudoesteacontece.com.br\/?p=1868#breadcrumb\",\"itemListElement\":[{\"@type\":\"ListItem\",\"position\":1,\"name\":\"In\u00edcio\",\"item\":\"https:\/\/sudoesteacontece.com.br\/\"},{\"@type\":\"ListItem\",\"position\":2,\"name\":\"Carro capota na BR-101 e deixa tr\u00eas mortos entre Itamaraju e Teixeira de Freitas\"}]},{\"@type\":\"WebSite\",\"@id\":\"https:\/\/sudoesteacontece.com.br\/#website\",\"url\":\"https:\/\/sudoesteacontece.com.br\/\",\"name\":\"Sudoesteacontece\",\"description\":\"\",\"publisher\":{\"@id\":\"https:\/\/sudoesteacontece.com.br\/#organization\"},\"potentialAction\":[{\"@type\":\"SearchAction\",\"target\":{\"@type\":\"EntryPoint\",\"urlTemplate\":\"https:\/\/sudoesteacontece.com.br\/?s={search_term_string}\"},\"query-input\":{\"@type\":\"PropertyValueSpecification\",\"valueRequired\":true,\"valueName\":\"search_term_string\"}}],\"inLanguage\":\"pt-BR\"},{\"@type\":\"Organization\",\"@id\":\"https:\/\/sudoesteacontece.com.br\/#organization\",\"name\":\"Sudoesteacontece\",\"url\":\"https:\/\/sudoesteacontece.com.br\/\",\"logo\":{\"@type\":\"ImageObject\",\"inLanguage\":\"pt-BR\",\"@id\":\"https:\/\/sudoesteacontece.com.br\/#\/schema\/logo\/image\/\",\"url\":\"https:\/\/sudoesteacontece.com.br\/wp-content\/uploads\/2025\/12\/cropped-logo-2-180x180-1.png\",\"contentUrl\":\"https:\/\/sudoesteacontece.com.br\/wp-content\/uploads\/2025\/12\/cropped-logo-2-180x180-1.png\",\"width\":180,\"height\":180,\"caption\":\"Sudoesteacontece\"},\"image\":{\"@id\":\"https:\/\/sudoesteacontece.com.br\/#\/schema\/logo\/image\/\"},\"sameAs\":[\"https:\/\/www.facebook.com\/sudoesteacontece\/?locale=pt_BR\"]},{\"@type\":\"Person\",\"@id\":\"https:\/\/sudoesteacontece.com.br\/#\/schema\/person\/3cf2cf009926a9683ebc29d5379fa79c\",\"name\":\"Washington Tiago\",\"image\":{\"@type\":\"ImageObject\",\"inLanguage\":\"pt-BR\",\"@id\":\"https:\/\/sudoesteacontece.com.br\/#\/schema\/person\/image\/\",\"url\":\"https:\/\/secure.gravatar.com\/avatar\/33c43b8668157e040f9d1fe93c354bf087cbd8ba36270c1163198bd3ddcf2a56?s=96&d=mm&r=g\",\"contentUrl\":\"https:\/\/secure.gravatar.com\/avatar\/33c43b8668157e040f9d1fe93c354bf087cbd8ba36270c1163198bd3ddcf2a56?s=96&d=mm&r=g\",\"caption\":\"Washington Tiago\"},\"url\":\"https:\/\/sudoesteacontece.com.br\/?author=2\"}]}<\/script>\n<!-- \/ Yoast SEO plugin. -->","yoast_head_json":{"title":"Carro capota na BR-101 e deixa tr\u00eas mortos entre Itamaraju e Teixeira de Freitas - Sudoesteacontece","robots":{"index":"index","follow":"follow","max-snippet":"max-snippet:-1","max-image-preview":"max-image-preview:large","max-video-preview":"max-video-preview:-1"},"canonical":"https:\/\/sudoesteacontece.com.br\/?p=1868","og_locale":"pt_BR","og_type":"article","og_title":"Carro capota na BR-101 e deixa tr\u00eas mortos entre Itamaraju e Teixeira de Freitas - Sudoesteacontece","og_description":"Um grave acidente deixou tr\u00eas mortos na manh\u00e3 desta quarta-feira (5) na BR-101, nas proximidades da entrada da Limeira, entre Itamaraju e Teixeira de Freitas, no Extremo Sul da Bahia. Segundo informa\u00e7\u00f5es preliminares, um Chevrolet Astra saiu da pista e capotou \u00e0s margens da rodovia. No carro estavam quatro pessoas: um homem identificado como Isaac, uma mulher e duas crian\u00e7as. As primeiras apura\u00e7\u00f5es indicam que Isaac, a mulher e uma das crian\u00e7as morreram no local. A outra crian\u00e7a foi socorrida em estado grave e levada para atendimento m\u00e9dico em hospital da regi\u00e3o. Equipes do resgate e da Pol\u00edcia Rodovi\u00e1ria Federal (PRF) foram acionadas. Tr\u00e2nsito ficou parcialmente lento durante o trabalho de socorro e remo\u00e7\u00e3o dos corpos. Departamento de Pol\u00edcia T\u00e9cnica (DPT) realizou a per\u00edcia e encaminhou as v\u00edtimas fatais ao Instituto M\u00e9dico Legal (IML). As causas do acidente ainda ser\u00e3o investigadas. As v\u00edtimas seriam ligadas a um acampamento na regi\u00e3o de Prado, no litoral sul baiano. At\u00e9 o fechamento desta mat\u00e9ria, a identifica\u00e7\u00e3o completa dos ocupantes e o estado de sa\u00fade atualizado da crian\u00e7a ferida n\u00e3o haviam sido divulgados. Novas informa\u00e7\u00f5es devem ser confirmadas pelas autoridades nas pr\u00f3ximas horas.","og_url":"https:\/\/sudoesteacontece.com.br\/?p=1868","og_site_name":"Sudoesteacontece","article_publisher":"https:\/\/www.facebook.com\/sudoesteacontece\/?locale=pt_BR","article_published_time":"2025-11-05T20:29:36+00:00","article_modified_time":"2025-11-05T20:45:41+00:00","og_image":[{"width":950,"height":555,"url":"https:\/\/sudoesteacontece.com.br\/wp-content\/uploads\/2025\/11\/Carro-capota-na-BR-101-e-deixa-tres-mortos-entre-Itamaraju-e-Teixeira-de-Freitas-sudoeste-acontece.webp","type":"image\/webp"}],"author":"Washington Tiago","twitter_card":"summary_large_image","twitter_misc":{"Escrito por":"Washington Tiago","Est. tempo de leitura":"1 minuto"},"schema":{"@context":"https:\/\/schema.org","@graph":[{"@type":"Article","@id":"https:\/\/sudoesteacontece.com.br\/?p=1868#article","isPartOf":{"@id":"https:\/\/sudoesteacontece.com.br\/?p=1868"},"author":{"name":"Washington Tiago","@id":"https:\/\/sudoesteacontece.com.br\/#\/schema\/person\/3cf2cf009926a9683ebc29d5379fa79c"},"headline":"Carro capota na BR-101 e deixa tr\u00eas mortos entre Itamaraju e Teixeira de Freitas","datePublished":"2025-11-05T20:29:36+00:00","dateModified":"2025-11-05T20:45:41+00:00","mainEntityOfPage":{"@id":"https:\/\/sudoesteacontece.com.br\/?p=1868"},"wordCount":230,"commentCount":0,"publisher":{"@id":"https:\/\/sudoesteacontece.com.br\/#organization"},"image":{"@id":"https:\/\/sudoesteacontece.com.br\/?p=1868#primaryimage"},"thumbnailUrl":"https:\/\/sudoesteacontece.com.br\/wp-content\/uploads\/2025\/11\/Carro-capota-na-BR-101-e-deixa-tres-mortos-entre-Itamaraju-e-Teixeira-de-Freitas-sudoeste-acontece.webp","articleSection":["Acidente"],"inLanguage":"pt-BR","potentialAction":[{"@type":"CommentAction","name":"Comment","target":["https:\/\/sudoesteacontece.com.br\/?p=1868#respond"]}]},{"@type":"WebPage","@id":"https:\/\/sudoesteacontece.com.br\/?p=1868","url":"https:\/\/sudoesteacontece.com.br\/?p=1868","name":"Carro capota na BR-101 e deixa tr\u00eas mortos entre Itamaraju e Teixeira de Freitas - Sudoesteacontece","isPartOf":{"@id":"https:\/\/sudoesteacontece.com.br\/#website"},"primaryImageOfPage":{"@id":"https:\/\/sudoesteacontece.com.br\/?p=1868#primaryimage"},"image":{"@id":"https:\/\/sudoesteacontece.com.br\/?p=1868#primaryimage"},"thumbnailUrl":"https:\/\/sudoesteacontece.com.br\/wp-content\/uploads\/2025\/11\/Carro-capota-na-BR-101-e-deixa-tres-mortos-entre-Itamaraju-e-Teixeira-de-Freitas-sudoeste-acontece.webp","datePublished":"2025-11-05T20:29:36+00:00","dateModified":"2025-11-05T20:45:41+00:00","breadcrumb":{"@id":"https:\/\/sudoesteacontece.com.br\/?p=1868#breadcrumb"},"inLanguage":"pt-BR","potentialAction":[{"@type":"ReadAction","target":["https:\/\/sudoesteacontece.com.br\/?p=1868"]}]},{"@type":"ImageObject","inLanguage":"pt-BR","@id":"https:\/\/sudoesteacontece.com.br\/?p=1868#primaryimage","url":"https:\/\/sudoesteacontece.com.br\/wp-content\/uploads\/2025\/11\/Carro-capota-na-BR-101-e-deixa-tres-mortos-entre-Itamaraju-e-Teixeira-de-Freitas-sudoeste-acontece.webp","contentUrl":"https:\/\/sudoesteacontece.com.br\/wp-content\/uploads\/2025\/11\/Carro-capota-na-BR-101-e-deixa-tres-mortos-entre-Itamaraju-e-Teixeira-de-Freitas-sudoeste-acontece.webp","width":950,"height":555},{"@type":"BreadcrumbList","@id":"https:\/\/sudoesteacontece.com.br\/?p=1868#breadcrumb","itemListElement":[{"@type":"ListItem","position":1,"name":"In\u00edcio","item":"https:\/\/sudoesteacontece.com.br\/"},{"@type":"ListItem","position":2,"name":"Carro capota na BR-101 e deixa tr\u00eas mortos entre Itamaraju e Teixeira de Freitas"}]},{"@type":"WebSite","@id":"https:\/\/sudoesteacontece.com.br\/#website","url":"https:\/\/sudoesteacontece.com.br\/","name":"Sudoesteacontece","description":"","publisher":{"@id":"https:\/\/sudoesteacontece.com.br\/#organization"},"potentialAction":[{"@type":"SearchAction","target":{"@type":"EntryPoint","urlTemplate":"https:\/\/sudoesteacontece.com.br\/?s={search_term_string}"},"query-input":{"@type":"PropertyValueSpecification","valueRequired":true,"valueName":"search_term_string"}}],"inLanguage":"pt-BR"},{"@type":"Organization","@id":"https:\/\/sudoesteacontece.com.br\/#organization","name":"Sudoesteacontece","url":"https:\/\/sudoesteacontece.com.br\/","logo":{"@type":"ImageObject","inLanguage":"pt-BR","@id":"https:\/\/sudoesteacontece.com.br\/#\/schema\/logo\/image\/","url":"https:\/\/sudoesteacontece.com.br\/wp-content\/uploads\/2025\/12\/cropped-logo-2-180x180-1.png","contentUrl":"https:\/\/sudoesteacontece.com.br\/wp-content\/uploads\/2025\/12\/cropped-logo-2-180x180-1.png","width":180,"height":180,"caption":"Sudoesteacontece"},"image":{"@id":"https:\/\/sudoesteacontece.com.br\/#\/schema\/logo\/image\/"},"sameAs":["https:\/\/www.facebook.com\/sudoesteacontece\/?locale=pt_BR"]},{"@type":"Person","@id":"https:\/\/sudoesteacontece.com.br\/#\/schema\/person\/3cf2cf009926a9683ebc29d5379fa79c","name":"Washington Tiago","image":{"@type":"ImageObject","inLanguage":"pt-BR","@id":"https:\/\/sudoesteacontece.com.br\/#\/schema\/person\/image\/","url":"https:\/\/secure.gravatar.com\/avatar\/33c43b8668157e040f9d1fe93c354bf087cbd8ba36270c1163198bd3ddcf2a56?s=96&d=mm&r=g","contentUrl":"https:\/\/secure.gravatar.com\/avatar\/33c43b8668157e040f9d1fe93c354bf087cbd8ba36270c1163198bd3ddcf2a56?s=96&d=mm&r=g","caption":"Washington Tiago"},"url":"https:\/\/sudoesteacontece.com.br\/?author=2"}]}},"_links":{"self":[{"href":"https:\/\/sudoesteacontece.com.br\/index.php?rest_route=\/wp\/v2\/posts\/1868","targetHints":{"allow":["GET"]}}],"collection":[{"href":"https:\/\/sudoesteacontece.com.br\/index.php?rest_route=\/wp\/v2\/posts"}],"about":[{"href":"https:\/\/sudoesteacontece.com.br\/index.php?rest_route=\/wp\/v2\/types\/post"}],"author":[{"embeddable":true,"href":"https:\/\/sudoesteacontece.com.br\/index.php?rest_route=\/wp\/v2\/users\/2"}],"replies":[{"embeddable":true,"href":"https:\/\/sudoesteacontece.com.br\/index.php?rest_route=%2Fwp%2Fv2%2Fcomments&post=1868"}],"version-history":[{"count":0,"href":"https:\/\/sudoesteacontece.com.br\/index.php?rest_route=\/wp\/v2\/posts\/1868\/revisions"}],"wp:featuredmedia":[{"embeddable":true,"href":"https:\/\/sudoesteacontece.com.br\/index.php?rest_route=\/wp\/v2\/media\/1887"}],"wp:attachment":[{"href":"https:\/\/sudoesteacontece.com.br\/index.php?rest_route=%2Fwp%2Fv2%2Fmedia&parent=1868"}],"wp:term":[{"taxonomy":"category","embeddable":true,"href":"https:\/\/sudoesteacontece.com.br\/index.php?rest_route=%2Fwp%2Fv2%2Fcategories&post=1868"},{"taxonomy":"post_tag","embeddable":true,"href":"https:\/\/sudoesteacontece.com.br\/index.php?rest_route=%2Fwp%2Fv2%2Ftags&post=1868"}],"curies":[{"name":"wp","href":"https:\/\/api.w.org\/{rel}","templated":true}]}}