{"id":1869,"date":"2025-11-05T18:08:50","date_gmt":"2025-11-05T21:08:50","guid":{"rendered":"https:\/\/sudoesteacontece.com.br\/?p=1869"},"modified":"2025-11-05T18:14:24","modified_gmt":"2025-11-05T21:14:24","slug":"motorista-fica-ferido-apos-bater-em-trator-sem-sinalizacao-em-malhada","status":"publish","type":"post","link":"https:\/\/sudoesteacontece.com.br\/?p=1869","title":{"rendered":"Motorista fica ferido ap\u00f3s bater em trator sem sinaliza\u00e7\u00e3o em Malhada"},"content":{"rendered":"\n<figure class=\"wp-block-image alignwide size-full\"><img fetchpriority=\"high\" decoding=\"async\" width=\"640\" height=\"404\" src=\"http:\/\/sudoesteacontece.com.br\/wp-content\/uploads\/2025\/11\/Motorista-fica-ferido-apos-bater-em-trator-sem-sinalizacao-em-Malhada-sudoeste-acontece.jpg\" alt=\"\" class=\"wp-image-1898\" srcset=\"https:\/\/sudoesteacontece.com.br\/wp-content\/uploads\/2025\/11\/Motorista-fica-ferido-apos-bater-em-trator-sem-sinalizacao-em-Malhada-sudoeste-acontece.jpg 640w, https:\/\/sudoesteacontece.com.br\/wp-content\/uploads\/2025\/11\/Motorista-fica-ferido-apos-bater-em-trator-sem-sinalizacao-em-Malhada-sudoeste-acontece-300x189.jpg 300w\" sizes=\"(max-width: 640px) 100vw, 640px\" \/><\/figure>\n\n\n\n<p>Um motorista de 26 anos ficou ferido ap\u00f3s bater o carro em um trator parado sem sinaliza\u00e7\u00e3o, na BR-342, em Malhada, sudoeste da Bahia. O acidente aconteceu na noite de ter\u00e7a-feira (4), entre as localidades de Serra de Jo\u00e3o Alves e Po\u00e7o do Proc\u00f3pio.<\/p>\n\n\n\n<p>Condutor, identificado como Igor Jos\u00e9 da Silva, dirigia um Volkswagen Gol vermelho quando colidiu na traseira do trator, que estava estacionado \u00e0s margens da rodovia. Equipes do Samu foram acionadas e socorreram o motorista para o Hospital Municipal S\u00e3o Geraldo (HMSG).<\/p>\n\n\n\n<p>Igor sofreu ferimentos leves e permaneceu em observa\u00e7\u00e3o durante a noite. Segundo o hospital, o jovem deve passar por exame de imagem nesta quarta-feira (5). Ele est\u00e1 fora de perigo e pode receber alta ainda hoje.<\/p>\n\n\n\n<p>Impacto destruiu completamente a parte dianteira do ve\u00edculo. A Pol\u00edcia Militar e populares da regi\u00e3o prestaram apoio at\u00e9 a chegada do resgate. As causas do acidente ser\u00e3o apuradas pelas autoridades locais.<\/p>\n","protected":false},"excerpt":{"rendered":"<p>Um motorista de 26 anos ficou ferido ap\u00f3s bater o carro em um trator parado sem sinaliza\u00e7\u00e3o, na BR-342, em Malhada, sudoeste da Bahia. O acidente aconteceu na noite de ter\u00e7a-feira (4), entre as localidades de Serra de Jo\u00e3o Alves e Po\u00e7o do Proc\u00f3pio. Condutor, identificado como Igor Jos\u00e9 da Silva, dirigia um Volkswagen Gol vermelho quando colidiu na traseira do trator, que estava estacionado \u00e0s margens da rodovia. Equipes do Samu foram acionadas e socorreram o motorista para o Hospital Municipal S\u00e3o Geraldo (HMSG). Igor sofreu ferimentos leves e permaneceu em observa\u00e7\u00e3o durante a noite. Segundo o hospital, o jovem deve passar por exame de imagem nesta quarta-feira (5). Ele est\u00e1 fora de perigo e pode receber alta ainda hoje. Impacto destruiu completamente a parte dianteira do ve\u00edculo. A Pol\u00edcia Militar e populares da regi\u00e3o prestaram apoio at\u00e9 a chegada do resgate. As causas do acidente ser\u00e3o apuradas pelas autoridades locais.<\/p>\n","protected":false},"author":2,"featured_media":1898,"comment_status":"open","ping_status":"open","sticky":false,"template":"","format":"standard","meta":{"footnotes":""},"categories":[5],"tags":[],"class_list":["post-1869","post","type-post","status-publish","format-standard","has-post-thumbnail","hentry","category-acidente"],"yoast_head":"<!-- This site is optimized with the Yoast SEO plugin v26.5 - https:\/\/yoast.com\/wordpress\/plugins\/seo\/ -->\n<title>Motorista fica ferido ap\u00f3s bater em trator sem sinaliza\u00e7\u00e3o em Malhada - Sudoesteacontece<\/title>\n<meta name=\"robots\" content=\"index, follow, max-snippet:-1, max-image-preview:large, max-video-preview:-1\" \/>\n<link rel=\"canonical\" href=\"https:\/\/sudoesteacontece.com.br\/?p=1869\" \/>\n<meta property=\"og:locale\" content=\"pt_BR\" \/>\n<meta property=\"og:type\" content=\"article\" \/>\n<meta property=\"og:title\" content=\"Motorista fica ferido ap\u00f3s bater em trator sem sinaliza\u00e7\u00e3o em Malhada - Sudoesteacontece\" \/>\n<meta property=\"og:description\" content=\"Um motorista de 26 anos ficou ferido ap\u00f3s bater o carro em um trator parado sem sinaliza\u00e7\u00e3o, na BR-342, em Malhada, sudoeste da Bahia. O acidente aconteceu na noite de ter\u00e7a-feira (4), entre as localidades de Serra de Jo\u00e3o Alves e Po\u00e7o do Proc\u00f3pio. Condutor, identificado como Igor Jos\u00e9 da Silva, dirigia um Volkswagen Gol vermelho quando colidiu na traseira do trator, que estava estacionado \u00e0s margens da rodovia. Equipes do Samu foram acionadas e socorreram o motorista para o Hospital Municipal S\u00e3o Geraldo (HMSG). Igor sofreu ferimentos leves e permaneceu em observa\u00e7\u00e3o durante a noite. Segundo o hospital, o jovem deve passar por exame de imagem nesta quarta-feira (5). Ele est\u00e1 fora de perigo e pode receber alta ainda hoje. Impacto destruiu completamente a parte dianteira do ve\u00edculo. A Pol\u00edcia Militar e populares da regi\u00e3o prestaram apoio at\u00e9 a chegada do resgate. As causas do acidente ser\u00e3o apuradas pelas autoridades locais.\" \/>\n<meta property=\"og:url\" content=\"https:\/\/sudoesteacontece.com.br\/?p=1869\" \/>\n<meta property=\"og:site_name\" content=\"Sudoesteacontece\" \/>\n<meta property=\"article:publisher\" content=\"https:\/\/www.facebook.com\/sudoesteacontece\/?locale=pt_BR\" \/>\n<meta property=\"article:published_time\" content=\"2025-11-05T21:08:50+00:00\" \/>\n<meta property=\"article:modified_time\" content=\"2025-11-05T21:14:24+00:00\" \/>\n<meta property=\"og:image\" content=\"https:\/\/sudoesteacontece.com.br\/wp-content\/uploads\/2025\/11\/Motorista-fica-ferido-apos-bater-em-trator-sem-sinalizacao-em-Malhada-sudoeste-acontece.jpg\" \/>\n\t<meta property=\"og:image:width\" content=\"640\" \/>\n\t<meta property=\"og:image:height\" content=\"404\" \/>\n\t<meta property=\"og:image:type\" content=\"image\/jpeg\" \/>\n<meta name=\"author\" content=\"Washington Tiago\" \/>\n<meta name=\"twitter:card\" content=\"summary_large_image\" \/>\n<meta name=\"twitter:label1\" content=\"Escrito por\" \/>\n\t<meta name=\"twitter:data1\" content=\"Washington Tiago\" \/>\n\t<meta name=\"twitter:label2\" content=\"Est. tempo de leitura\" \/>\n\t<meta name=\"twitter:data2\" content=\"1 minuto\" \/>\n<script type=\"application\/ld+json\" class=\"yoast-schema-graph\">{\"@context\":\"https:\/\/schema.org\",\"@graph\":[{\"@type\":\"Article\",\"@id\":\"https:\/\/sudoesteacontece.com.br\/?p=1869#article\",\"isPartOf\":{\"@id\":\"https:\/\/sudoesteacontece.com.br\/?p=1869\"},\"author\":{\"name\":\"Washington Tiago\",\"@id\":\"https:\/\/sudoesteacontece.com.br\/#\/schema\/person\/3cf2cf009926a9683ebc29d5379fa79c\"},\"headline\":\"Motorista fica ferido ap\u00f3s bater em trator sem sinaliza\u00e7\u00e3o em Malhada\",\"datePublished\":\"2025-11-05T21:08:50+00:00\",\"dateModified\":\"2025-11-05T21:14:24+00:00\",\"mainEntityOfPage\":{\"@id\":\"https:\/\/sudoesteacontece.com.br\/?p=1869\"},\"wordCount\":174,\"commentCount\":0,\"publisher\":{\"@id\":\"https:\/\/sudoesteacontece.com.br\/#organization\"},\"image\":{\"@id\":\"https:\/\/sudoesteacontece.com.br\/?p=1869#primaryimage\"},\"thumbnailUrl\":\"https:\/\/sudoesteacontece.com.br\/wp-content\/uploads\/2025\/11\/Motorista-fica-ferido-apos-bater-em-trator-sem-sinalizacao-em-Malhada-sudoeste-acontece.jpg\",\"articleSection\":[\"Acidente\"],\"inLanguage\":\"pt-BR\",\"potentialAction\":[{\"@type\":\"CommentAction\",\"name\":\"Comment\",\"target\":[\"https:\/\/sudoesteacontece.com.br\/?p=1869#respond\"]}]},{\"@type\":\"WebPage\",\"@id\":\"https:\/\/sudoesteacontece.com.br\/?p=1869\",\"url\":\"https:\/\/sudoesteacontece.com.br\/?p=1869\",\"name\":\"Motorista fica ferido ap\u00f3s bater em trator sem sinaliza\u00e7\u00e3o em Malhada - Sudoesteacontece\",\"isPartOf\":{\"@id\":\"https:\/\/sudoesteacontece.com.br\/#website\"},\"primaryImageOfPage\":{\"@id\":\"https:\/\/sudoesteacontece.com.br\/?p=1869#primaryimage\"},\"image\":{\"@id\":\"https:\/\/sudoesteacontece.com.br\/?p=1869#primaryimage\"},\"thumbnailUrl\":\"https:\/\/sudoesteacontece.com.br\/wp-content\/uploads\/2025\/11\/Motorista-fica-ferido-apos-bater-em-trator-sem-sinalizacao-em-Malhada-sudoeste-acontece.jpg\",\"datePublished\":\"2025-11-05T21:08:50+00:00\",\"dateModified\":\"2025-11-05T21:14:24+00:00\",\"breadcrumb\":{\"@id\":\"https:\/\/sudoesteacontece.com.br\/?p=1869#breadcrumb\"},\"inLanguage\":\"pt-BR\",\"potentialAction\":[{\"@type\":\"ReadAction\",\"target\":[\"https:\/\/sudoesteacontece.com.br\/?p=1869\"]}]},{\"@type\":\"ImageObject\",\"inLanguage\":\"pt-BR\",\"@id\":\"https:\/\/sudoesteacontece.com.br\/?p=1869#primaryimage\",\"url\":\"https:\/\/sudoesteacontece.com.br\/wp-content\/uploads\/2025\/11\/Motorista-fica-ferido-apos-bater-em-trator-sem-sinalizacao-em-Malhada-sudoeste-acontece.jpg\",\"contentUrl\":\"https:\/\/sudoesteacontece.com.br\/wp-content\/uploads\/2025\/11\/Motorista-fica-ferido-apos-bater-em-trator-sem-sinalizacao-em-Malhada-sudoeste-acontece.jpg\",\"width\":640,\"height\":404},{\"@type\":\"BreadcrumbList\",\"@id\":\"https:\/\/sudoesteacontece.com.br\/?p=1869#breadcrumb\",\"itemListElement\":[{\"@type\":\"ListItem\",\"position\":1,\"name\":\"In\u00edcio\",\"item\":\"https:\/\/sudoesteacontece.com.br\/\"},{\"@type\":\"ListItem\",\"position\":2,\"name\":\"Motorista fica ferido ap\u00f3s bater em trator sem sinaliza\u00e7\u00e3o em Malhada\"}]},{\"@type\":\"WebSite\",\"@id\":\"https:\/\/sudoesteacontece.com.br\/#website\",\"url\":\"https:\/\/sudoesteacontece.com.br\/\",\"name\":\"Sudoesteacontece\",\"description\":\"\",\"publisher\":{\"@id\":\"https:\/\/sudoesteacontece.com.br\/#organization\"},\"potentialAction\":[{\"@type\":\"SearchAction\",\"target\":{\"@type\":\"EntryPoint\",\"urlTemplate\":\"https:\/\/sudoesteacontece.com.br\/?s={search_term_string}\"},\"query-input\":{\"@type\":\"PropertyValueSpecification\",\"valueRequired\":true,\"valueName\":\"search_term_string\"}}],\"inLanguage\":\"pt-BR\"},{\"@type\":\"Organization\",\"@id\":\"https:\/\/sudoesteacontece.com.br\/#organization\",\"name\":\"Sudoesteacontece\",\"url\":\"https:\/\/sudoesteacontece.com.br\/\",\"logo\":{\"@type\":\"ImageObject\",\"inLanguage\":\"pt-BR\",\"@id\":\"https:\/\/sudoesteacontece.com.br\/#\/schema\/logo\/image\/\",\"url\":\"https:\/\/sudoesteacontece.com.br\/wp-content\/uploads\/2025\/12\/cropped-logo-2-180x180-1.png\",\"contentUrl\":\"https:\/\/sudoesteacontece.com.br\/wp-content\/uploads\/2025\/12\/cropped-logo-2-180x180-1.png\",\"width\":180,\"height\":180,\"caption\":\"Sudoesteacontece\"},\"image\":{\"@id\":\"https:\/\/sudoesteacontece.com.br\/#\/schema\/logo\/image\/\"},\"sameAs\":[\"https:\/\/www.facebook.com\/sudoesteacontece\/?locale=pt_BR\"]},{\"@type\":\"Person\",\"@id\":\"https:\/\/sudoesteacontece.com.br\/#\/schema\/person\/3cf2cf009926a9683ebc29d5379fa79c\",\"name\":\"Washington Tiago\",\"image\":{\"@type\":\"ImageObject\",\"inLanguage\":\"pt-BR\",\"@id\":\"https:\/\/sudoesteacontece.com.br\/#\/schema\/person\/image\/\",\"url\":\"https:\/\/secure.gravatar.com\/avatar\/33c43b8668157e040f9d1fe93c354bf087cbd8ba36270c1163198bd3ddcf2a56?s=96&d=mm&r=g\",\"contentUrl\":\"https:\/\/secure.gravatar.com\/avatar\/33c43b8668157e040f9d1fe93c354bf087cbd8ba36270c1163198bd3ddcf2a56?s=96&d=mm&r=g\",\"caption\":\"Washington Tiago\"},\"url\":\"https:\/\/sudoesteacontece.com.br\/?author=2\"}]}<\/script>\n<!-- \/ Yoast SEO plugin. -->","yoast_head_json":{"title":"Motorista fica ferido ap\u00f3s bater em trator sem sinaliza\u00e7\u00e3o em Malhada - Sudoesteacontece","robots":{"index":"index","follow":"follow","max-snippet":"max-snippet:-1","max-image-preview":"max-image-preview:large","max-video-preview":"max-video-preview:-1"},"canonical":"https:\/\/sudoesteacontece.com.br\/?p=1869","og_locale":"pt_BR","og_type":"article","og_title":"Motorista fica ferido ap\u00f3s bater em trator sem sinaliza\u00e7\u00e3o em Malhada - Sudoesteacontece","og_description":"Um motorista de 26 anos ficou ferido ap\u00f3s bater o carro em um trator parado sem sinaliza\u00e7\u00e3o, na BR-342, em Malhada, sudoeste da Bahia. O acidente aconteceu na noite de ter\u00e7a-feira (4), entre as localidades de Serra de Jo\u00e3o Alves e Po\u00e7o do Proc\u00f3pio. Condutor, identificado como Igor Jos\u00e9 da Silva, dirigia um Volkswagen Gol vermelho quando colidiu na traseira do trator, que estava estacionado \u00e0s margens da rodovia. Equipes do Samu foram acionadas e socorreram o motorista para o Hospital Municipal S\u00e3o Geraldo (HMSG). Igor sofreu ferimentos leves e permaneceu em observa\u00e7\u00e3o durante a noite. Segundo o hospital, o jovem deve passar por exame de imagem nesta quarta-feira (5). Ele est\u00e1 fora de perigo e pode receber alta ainda hoje. Impacto destruiu completamente a parte dianteira do ve\u00edculo. A Pol\u00edcia Militar e populares da regi\u00e3o prestaram apoio at\u00e9 a chegada do resgate. As causas do acidente ser\u00e3o apuradas pelas autoridades locais.","og_url":"https:\/\/sudoesteacontece.com.br\/?p=1869","og_site_name":"Sudoesteacontece","article_publisher":"https:\/\/www.facebook.com\/sudoesteacontece\/?locale=pt_BR","article_published_time":"2025-11-05T21:08:50+00:00","article_modified_time":"2025-11-05T21:14:24+00:00","og_image":[{"width":640,"height":404,"url":"https:\/\/sudoesteacontece.com.br\/wp-content\/uploads\/2025\/11\/Motorista-fica-ferido-apos-bater-em-trator-sem-sinalizacao-em-Malhada-sudoeste-acontece.jpg","type":"image\/jpeg"}],"author":"Washington Tiago","twitter_card":"summary_large_image","twitter_misc":{"Escrito por":"Washington Tiago","Est. tempo de leitura":"1 minuto"},"schema":{"@context":"https:\/\/schema.org","@graph":[{"@type":"Article","@id":"https:\/\/sudoesteacontece.com.br\/?p=1869#article","isPartOf":{"@id":"https:\/\/sudoesteacontece.com.br\/?p=1869"},"author":{"name":"Washington Tiago","@id":"https:\/\/sudoesteacontece.com.br\/#\/schema\/person\/3cf2cf009926a9683ebc29d5379fa79c"},"headline":"Motorista fica ferido ap\u00f3s bater em trator sem sinaliza\u00e7\u00e3o em Malhada","datePublished":"2025-11-05T21:08:50+00:00","dateModified":"2025-11-05T21:14:24+00:00","mainEntityOfPage":{"@id":"https:\/\/sudoesteacontece.com.br\/?p=1869"},"wordCount":174,"commentCount":0,"publisher":{"@id":"https:\/\/sudoesteacontece.com.br\/#organization"},"image":{"@id":"https:\/\/sudoesteacontece.com.br\/?p=1869#primaryimage"},"thumbnailUrl":"https:\/\/sudoesteacontece.com.br\/wp-content\/uploads\/2025\/11\/Motorista-fica-ferido-apos-bater-em-trator-sem-sinalizacao-em-Malhada-sudoeste-acontece.jpg","articleSection":["Acidente"],"inLanguage":"pt-BR","potentialAction":[{"@type":"CommentAction","name":"Comment","target":["https:\/\/sudoesteacontece.com.br\/?p=1869#respond"]}]},{"@type":"WebPage","@id":"https:\/\/sudoesteacontece.com.br\/?p=1869","url":"https:\/\/sudoesteacontece.com.br\/?p=1869","name":"Motorista fica ferido ap\u00f3s bater em trator sem sinaliza\u00e7\u00e3o em Malhada - Sudoesteacontece","isPartOf":{"@id":"https:\/\/sudoesteacontece.com.br\/#website"},"primaryImageOfPage":{"@id":"https:\/\/sudoesteacontece.com.br\/?p=1869#primaryimage"},"image":{"@id":"https:\/\/sudoesteacontece.com.br\/?p=1869#primaryimage"},"thumbnailUrl":"https:\/\/sudoesteacontece.com.br\/wp-content\/uploads\/2025\/11\/Motorista-fica-ferido-apos-bater-em-trator-sem-sinalizacao-em-Malhada-sudoeste-acontece.jpg","datePublished":"2025-11-05T21:08:50+00:00","dateModified":"2025-11-05T21:14:24+00:00","breadcrumb":{"@id":"https:\/\/sudoesteacontece.com.br\/?p=1869#breadcrumb"},"inLanguage":"pt-BR","potentialAction":[{"@type":"ReadAction","target":["https:\/\/sudoesteacontece.com.br\/?p=1869"]}]},{"@type":"ImageObject","inLanguage":"pt-BR","@id":"https:\/\/sudoesteacontece.com.br\/?p=1869#primaryimage","url":"https:\/\/sudoesteacontece.com.br\/wp-content\/uploads\/2025\/11\/Motorista-fica-ferido-apos-bater-em-trator-sem-sinalizacao-em-Malhada-sudoeste-acontece.jpg","contentUrl":"https:\/\/sudoesteacontece.com.br\/wp-content\/uploads\/2025\/11\/Motorista-fica-ferido-apos-bater-em-trator-sem-sinalizacao-em-Malhada-sudoeste-acontece.jpg","width":640,"height":404},{"@type":"BreadcrumbList","@id":"https:\/\/sudoesteacontece.com.br\/?p=1869#breadcrumb","itemListElement":[{"@type":"ListItem","position":1,"name":"In\u00edcio","item":"https:\/\/sudoesteacontece.com.br\/"},{"@type":"ListItem","position":2,"name":"Motorista fica ferido ap\u00f3s bater em trator sem sinaliza\u00e7\u00e3o em Malhada"}]},{"@type":"WebSite","@id":"https:\/\/sudoesteacontece.com.br\/#website","url":"https:\/\/sudoesteacontece.com.br\/","name":"Sudoesteacontece","description":"","publisher":{"@id":"https:\/\/sudoesteacontece.com.br\/#organization"},"potentialAction":[{"@type":"SearchAction","target":{"@type":"EntryPoint","urlTemplate":"https:\/\/sudoesteacontece.com.br\/?s={search_term_string}"},"query-input":{"@type":"PropertyValueSpecification","valueRequired":true,"valueName":"search_term_string"}}],"inLanguage":"pt-BR"},{"@type":"Organization","@id":"https:\/\/sudoesteacontece.com.br\/#organization","name":"Sudoesteacontece","url":"https:\/\/sudoesteacontece.com.br\/","logo":{"@type":"ImageObject","inLanguage":"pt-BR","@id":"https:\/\/sudoesteacontece.com.br\/#\/schema\/logo\/image\/","url":"https:\/\/sudoesteacontece.com.br\/wp-content\/uploads\/2025\/12\/cropped-logo-2-180x180-1.png","contentUrl":"https:\/\/sudoesteacontece.com.br\/wp-content\/uploads\/2025\/12\/cropped-logo-2-180x180-1.png","width":180,"height":180,"caption":"Sudoesteacontece"},"image":{"@id":"https:\/\/sudoesteacontece.com.br\/#\/schema\/logo\/image\/"},"sameAs":["https:\/\/www.facebook.com\/sudoesteacontece\/?locale=pt_BR"]},{"@type":"Person","@id":"https:\/\/sudoesteacontece.com.br\/#\/schema\/person\/3cf2cf009926a9683ebc29d5379fa79c","name":"Washington Tiago","image":{"@type":"ImageObject","inLanguage":"pt-BR","@id":"https:\/\/sudoesteacontece.com.br\/#\/schema\/person\/image\/","url":"https:\/\/secure.gravatar.com\/avatar\/33c43b8668157e040f9d1fe93c354bf087cbd8ba36270c1163198bd3ddcf2a56?s=96&d=mm&r=g","contentUrl":"https:\/\/secure.gravatar.com\/avatar\/33c43b8668157e040f9d1fe93c354bf087cbd8ba36270c1163198bd3ddcf2a56?s=96&d=mm&r=g","caption":"Washington Tiago"},"url":"https:\/\/sudoesteacontece.com.br\/?author=2"}]}},"_links":{"self":[{"href":"https:\/\/sudoesteacontece.com.br\/index.php?rest_route=\/wp\/v2\/posts\/1869","targetHints":{"allow":["GET"]}}],"collection":[{"href":"https:\/\/sudoesteacontece.com.br\/index.php?rest_route=\/wp\/v2\/posts"}],"about":[{"href":"https:\/\/sudoesteacontece.com.br\/index.php?rest_route=\/wp\/v2\/types\/post"}],"author":[{"embeddable":true,"href":"https:\/\/sudoesteacontece.com.br\/index.php?rest_route=\/wp\/v2\/users\/2"}],"replies":[{"embeddable":true,"href":"https:\/\/sudoesteacontece.com.br\/index.php?rest_route=%2Fwp%2Fv2%2Fcomments&post=1869"}],"version-history":[{"count":0,"href":"https:\/\/sudoesteacontece.com.br\/index.php?rest_route=\/wp\/v2\/posts\/1869\/revisions"}],"wp:featuredmedia":[{"embeddable":true,"href":"https:\/\/sudoesteacontece.com.br\/index.php?rest_route=\/wp\/v2\/media\/1898"}],"wp:attachment":[{"href":"https:\/\/sudoesteacontece.com.br\/index.php?rest_route=%2Fwp%2Fv2%2Fmedia&parent=1869"}],"wp:term":[{"taxonomy":"category","embeddable":true,"href":"https:\/\/sudoesteacontece.com.br\/index.php?rest_route=%2Fwp%2Fv2%2Fcategories&post=1869"},{"taxonomy":"post_tag","embeddable":true,"href":"https:\/\/sudoesteacontece.com.br\/index.php?rest_route=%2Fwp%2Fv2%2Ftags&post=1869"}],"curies":[{"name":"wp","href":"https:\/\/api.w.org\/{rel}","templated":true}]}}