{"id":1926,"date":"2025-11-06T09:47:57","date_gmt":"2025-11-06T12:47:57","guid":{"rendered":"https:\/\/sudoesteacontece.com.br\/?p=1926"},"modified":"2025-11-06T09:47:58","modified_gmt":"2025-11-06T12:47:58","slug":"ventania-derruba-arvore-e-marca-inicio-das-chuvas-de-trovoadas-em-rio-de-contas","status":"publish","type":"post","link":"https:\/\/sudoesteacontece.com.br\/?p=1926","title":{"rendered":"Ventania derruba \u00e1rvore e marca in\u00edcio das chuvas de trovoadas em Rio de Contas"},"content":{"rendered":"\n<figure class=\"wp-block-image size-full\"><img fetchpriority=\"high\" decoding=\"async\" width=\"850\" height=\"600\" src=\"http:\/\/sudoesteacontece.com.br\/wp-content\/uploads\/2025\/11\/Ventania-derruba-arvore-e-marca-inicio-das-chuvas-de-trovoadas-em-Rio-de-Contas-sudoeste-acontece.webp\" alt=\"\" class=\"wp-image-1943\" srcset=\"https:\/\/sudoesteacontece.com.br\/wp-content\/uploads\/2025\/11\/Ventania-derruba-arvore-e-marca-inicio-das-chuvas-de-trovoadas-em-Rio-de-Contas-sudoeste-acontece.webp 850w, https:\/\/sudoesteacontece.com.br\/wp-content\/uploads\/2025\/11\/Ventania-derruba-arvore-e-marca-inicio-das-chuvas-de-trovoadas-em-Rio-de-Contas-sudoeste-acontece-300x212.webp 300w, https:\/\/sudoesteacontece.com.br\/wp-content\/uploads\/2025\/11\/Ventania-derruba-arvore-e-marca-inicio-das-chuvas-de-trovoadas-em-Rio-de-Contas-sudoeste-acontece-768x542.webp 768w\" sizes=\"(max-width: 850px) 100vw, 850px\" \/><\/figure>\n\n\n\n<p>Moradores de Rio de Contas, na Chapada Diamantina, levaram um susto na tarde desta quarta-feira (5).<br>Uma ventania forte arrancou uma \u00e1rvore de grande porte no centro da cidade, bloqueando completamente a via principal. A queda ocorreu por volta do meio-dia, surpreendendo quem passava pelo local.<\/p>\n\n\n\n<p>Ramos e galhos se espalharam pelo asfalto, impedindo o tr\u00e2nsito e o acesso a com\u00e9rcios pr\u00f3ximos. Apesar do susto, ningu\u00e9m ficou ferido. Imagem do tronco ca\u00eddo virou alerta para o in\u00edcio das chuvas de trovoadas t\u00edpicas de novembro na regi\u00e3o. Testemunhas relataram que a \u00e1rvore foi arrancada pela raiz, evidenciando a intensidade dos ventos, que chegaram a 40 km\/h.<\/p>\n\n\n\n<p>Moradores correram para se abrigar enquanto folhas e poeira tomavam conta da rua. Equipes da Defesa Civil e da Prefeitura foram acionadas para liberar a via e inspecionar os danos. Trabalho incluiu o corte da \u00e1rvore, limpeza da pista e verifica\u00e7\u00e3o de riscos na rede el\u00e9trica. Segundo o Instituto Nacional de Meteorologia (Inmet), h\u00e1 alerta de tempestade moderada at\u00e9 esta quinta-feira (6).<\/p>\n\n\n\n<p>Aviso prev\u00ea ventos fortes, trovoadas e pancadas intensas de chuva em munic\u00edpios da Chapada. A Defesa Civil refor\u00e7ou o pedido para que moradores evitem \u00e1reas com \u00e1rvores grandes, muros altos ou fia\u00e7\u00f5es el\u00e9tricas expostas. Tamb\u00e9m recomenda aten\u00e7\u00e3o redobrada para motoristas que trafegam por estradas da regi\u00e3o.<\/p>\n\n\n\n<p>Essas mudan\u00e7as exigem planejamento e monitoramento constante das condi\u00e7\u00f5es clim\u00e1ticas. Mesmo sem feridos, o epis\u00f3dio de quarta-feira deixou li\u00e7\u00f5es para a popula\u00e7\u00e3o. O c\u00e9u fechado e os ventos cortantes anunciaram o in\u00edcio de uma nova fase do clima e da aten\u00e7\u00e3o redobrada.<\/p>\n","protected":false},"excerpt":{"rendered":"<p>Moradores de Rio de Contas, na Chapada Diamantina, levaram um susto na tarde desta quarta-feira (5).Uma ventania forte arrancou uma \u00e1rvore de grande porte no centro da cidade, bloqueando completamente a via principal. A queda ocorreu por volta do meio-dia, surpreendendo quem passava pelo local. Ramos e galhos se espalharam pelo asfalto, impedindo o tr\u00e2nsito e o acesso a com\u00e9rcios pr\u00f3ximos. Apesar do susto, ningu\u00e9m ficou ferido. Imagem do tronco ca\u00eddo virou alerta para o in\u00edcio das chuvas de trovoadas t\u00edpicas de novembro na regi\u00e3o. Testemunhas relataram que a \u00e1rvore foi arrancada pela raiz, evidenciando a intensidade dos ventos, que chegaram a 40 km\/h. Moradores correram para se abrigar enquanto folhas e poeira tomavam conta da rua. Equipes da Defesa Civil e da Prefeitura foram acionadas para liberar a via e inspecionar os danos. Trabalho incluiu o corte da \u00e1rvore, limpeza da pista e verifica\u00e7\u00e3o de riscos na rede el\u00e9trica. Segundo o Instituto Nacional de Meteorologia (Inmet), h\u00e1 alerta de tempestade moderada at\u00e9 esta quinta-feira (6). Aviso prev\u00ea ventos fortes, trovoadas e pancadas intensas de chuva em munic\u00edpios da Chapada. A Defesa Civil refor\u00e7ou o pedido para que moradores evitem \u00e1reas com \u00e1rvores grandes, muros altos ou fia\u00e7\u00f5es el\u00e9tricas expostas. Tamb\u00e9m recomenda aten\u00e7\u00e3o redobrada para motoristas que trafegam por estradas da regi\u00e3o. Essas mudan\u00e7as exigem planejamento e monitoramento constante das condi\u00e7\u00f5es clim\u00e1ticas. Mesmo sem feridos, o epis\u00f3dio de quarta-feira deixou li\u00e7\u00f5es para a popula\u00e7\u00e3o. O c\u00e9u fechado e os ventos cortantes anunciaram o in\u00edcio de uma nova fase do clima e da aten\u00e7\u00e3o redobrada.<\/p>\n","protected":false},"author":2,"featured_media":1943,"comment_status":"open","ping_status":"open","sticky":false,"template":"","format":"standard","meta":{"footnotes":""},"categories":[4,69],"tags":[],"class_list":["post-1926","post","type-post","status-publish","format-standard","has-post-thumbnail","hentry","category-cidades","category-rio-do-pires"],"yoast_head":"<!-- This site is optimized with the Yoast SEO plugin v26.5 - https:\/\/yoast.com\/wordpress\/plugins\/seo\/ -->\n<title>Ventania derruba \u00e1rvore e marca in\u00edcio das chuvas de trovoadas em Rio de Contas - Sudoesteacontece<\/title>\n<meta name=\"robots\" content=\"index, follow, max-snippet:-1, max-image-preview:large, max-video-preview:-1\" \/>\n<link rel=\"canonical\" href=\"https:\/\/sudoesteacontece.com.br\/?p=1926\" \/>\n<meta property=\"og:locale\" content=\"pt_BR\" \/>\n<meta property=\"og:type\" content=\"article\" \/>\n<meta property=\"og:title\" content=\"Ventania derruba \u00e1rvore e marca in\u00edcio das chuvas de trovoadas em Rio de Contas - Sudoesteacontece\" \/>\n<meta property=\"og:description\" content=\"Moradores de Rio de Contas, na Chapada Diamantina, levaram um susto na tarde desta quarta-feira (5).Uma ventania forte arrancou uma \u00e1rvore de grande porte no centro da cidade, bloqueando completamente a via principal. A queda ocorreu por volta do meio-dia, surpreendendo quem passava pelo local. Ramos e galhos se espalharam pelo asfalto, impedindo o tr\u00e2nsito e o acesso a com\u00e9rcios pr\u00f3ximos. Apesar do susto, ningu\u00e9m ficou ferido. Imagem do tronco ca\u00eddo virou alerta para o in\u00edcio das chuvas de trovoadas t\u00edpicas de novembro na regi\u00e3o. Testemunhas relataram que a \u00e1rvore foi arrancada pela raiz, evidenciando a intensidade dos ventos, que chegaram a 40 km\/h. Moradores correram para se abrigar enquanto folhas e poeira tomavam conta da rua. Equipes da Defesa Civil e da Prefeitura foram acionadas para liberar a via e inspecionar os danos. Trabalho incluiu o corte da \u00e1rvore, limpeza da pista e verifica\u00e7\u00e3o de riscos na rede el\u00e9trica. Segundo o Instituto Nacional de Meteorologia (Inmet), h\u00e1 alerta de tempestade moderada at\u00e9 esta quinta-feira (6). Aviso prev\u00ea ventos fortes, trovoadas e pancadas intensas de chuva em munic\u00edpios da Chapada. A Defesa Civil refor\u00e7ou o pedido para que moradores evitem \u00e1reas com \u00e1rvores grandes, muros altos ou fia\u00e7\u00f5es el\u00e9tricas expostas. Tamb\u00e9m recomenda aten\u00e7\u00e3o redobrada para motoristas que trafegam por estradas da regi\u00e3o. Essas mudan\u00e7as exigem planejamento e monitoramento constante das condi\u00e7\u00f5es clim\u00e1ticas. Mesmo sem feridos, o epis\u00f3dio de quarta-feira deixou li\u00e7\u00f5es para a popula\u00e7\u00e3o. O c\u00e9u fechado e os ventos cortantes anunciaram o in\u00edcio de uma nova fase do clima e da aten\u00e7\u00e3o redobrada.\" \/>\n<meta property=\"og:url\" content=\"https:\/\/sudoesteacontece.com.br\/?p=1926\" \/>\n<meta property=\"og:site_name\" content=\"Sudoesteacontece\" \/>\n<meta property=\"article:publisher\" content=\"https:\/\/www.facebook.com\/sudoesteacontece\/?locale=pt_BR\" \/>\n<meta property=\"article:published_time\" content=\"2025-11-06T12:47:57+00:00\" \/>\n<meta property=\"article:modified_time\" content=\"2025-11-06T12:47:58+00:00\" \/>\n<meta property=\"og:image\" content=\"https:\/\/sudoesteacontece.com.br\/wp-content\/uploads\/2025\/11\/Ventania-derruba-arvore-e-marca-inicio-das-chuvas-de-trovoadas-em-Rio-de-Contas-sudoeste-acontece.webp\" \/>\n\t<meta property=\"og:image:width\" content=\"850\" \/>\n\t<meta property=\"og:image:height\" content=\"600\" \/>\n\t<meta property=\"og:image:type\" content=\"image\/webp\" \/>\n<meta name=\"author\" content=\"Washington Tiago\" \/>\n<meta name=\"twitter:card\" content=\"summary_large_image\" \/>\n<meta name=\"twitter:label1\" content=\"Escrito por\" \/>\n\t<meta name=\"twitter:data1\" content=\"Washington Tiago\" \/>\n\t<meta name=\"twitter:label2\" content=\"Est. tempo de leitura\" \/>\n\t<meta name=\"twitter:data2\" content=\"1 minuto\" \/>\n<script type=\"application\/ld+json\" class=\"yoast-schema-graph\">{\"@context\":\"https:\/\/schema.org\",\"@graph\":[{\"@type\":\"Article\",\"@id\":\"https:\/\/sudoesteacontece.com.br\/?p=1926#article\",\"isPartOf\":{\"@id\":\"https:\/\/sudoesteacontece.com.br\/?p=1926\"},\"author\":{\"name\":\"Washington Tiago\",\"@id\":\"https:\/\/sudoesteacontece.com.br\/#\/schema\/person\/3cf2cf009926a9683ebc29d5379fa79c\"},\"headline\":\"Ventania derruba \u00e1rvore e marca in\u00edcio das chuvas de trovoadas em Rio de Contas\",\"datePublished\":\"2025-11-06T12:47:57+00:00\",\"dateModified\":\"2025-11-06T12:47:58+00:00\",\"mainEntityOfPage\":{\"@id\":\"https:\/\/sudoesteacontece.com.br\/?p=1926\"},\"wordCount\":294,\"commentCount\":0,\"publisher\":{\"@id\":\"https:\/\/sudoesteacontece.com.br\/#organization\"},\"image\":{\"@id\":\"https:\/\/sudoesteacontece.com.br\/?p=1926#primaryimage\"},\"thumbnailUrl\":\"https:\/\/sudoesteacontece.com.br\/wp-content\/uploads\/2025\/11\/Ventania-derruba-arvore-e-marca-inicio-das-chuvas-de-trovoadas-em-Rio-de-Contas-sudoeste-acontece.webp\",\"articleSection\":[\"Cidades\",\"Rio do Pires\"],\"inLanguage\":\"pt-BR\",\"potentialAction\":[{\"@type\":\"CommentAction\",\"name\":\"Comment\",\"target\":[\"https:\/\/sudoesteacontece.com.br\/?p=1926#respond\"]}]},{\"@type\":\"WebPage\",\"@id\":\"https:\/\/sudoesteacontece.com.br\/?p=1926\",\"url\":\"https:\/\/sudoesteacontece.com.br\/?p=1926\",\"name\":\"Ventania derruba \u00e1rvore e marca in\u00edcio das chuvas de trovoadas em Rio de Contas - Sudoesteacontece\",\"isPartOf\":{\"@id\":\"https:\/\/sudoesteacontece.com.br\/#website\"},\"primaryImageOfPage\":{\"@id\":\"https:\/\/sudoesteacontece.com.br\/?p=1926#primaryimage\"},\"image\":{\"@id\":\"https:\/\/sudoesteacontece.com.br\/?p=1926#primaryimage\"},\"thumbnailUrl\":\"https:\/\/sudoesteacontece.com.br\/wp-content\/uploads\/2025\/11\/Ventania-derruba-arvore-e-marca-inicio-das-chuvas-de-trovoadas-em-Rio-de-Contas-sudoeste-acontece.webp\",\"datePublished\":\"2025-11-06T12:47:57+00:00\",\"dateModified\":\"2025-11-06T12:47:58+00:00\",\"breadcrumb\":{\"@id\":\"https:\/\/sudoesteacontece.com.br\/?p=1926#breadcrumb\"},\"inLanguage\":\"pt-BR\",\"potentialAction\":[{\"@type\":\"ReadAction\",\"target\":[\"https:\/\/sudoesteacontece.com.br\/?p=1926\"]}]},{\"@type\":\"ImageObject\",\"inLanguage\":\"pt-BR\",\"@id\":\"https:\/\/sudoesteacontece.com.br\/?p=1926#primaryimage\",\"url\":\"https:\/\/sudoesteacontece.com.br\/wp-content\/uploads\/2025\/11\/Ventania-derruba-arvore-e-marca-inicio-das-chuvas-de-trovoadas-em-Rio-de-Contas-sudoeste-acontece.webp\",\"contentUrl\":\"https:\/\/sudoesteacontece.com.br\/wp-content\/uploads\/2025\/11\/Ventania-derruba-arvore-e-marca-inicio-das-chuvas-de-trovoadas-em-Rio-de-Contas-sudoeste-acontece.webp\",\"width\":850,\"height\":600},{\"@type\":\"BreadcrumbList\",\"@id\":\"https:\/\/sudoesteacontece.com.br\/?p=1926#breadcrumb\",\"itemListElement\":[{\"@type\":\"ListItem\",\"position\":1,\"name\":\"In\u00edcio\",\"item\":\"https:\/\/sudoesteacontece.com.br\/\"},{\"@type\":\"ListItem\",\"position\":2,\"name\":\"Ventania derruba \u00e1rvore e marca in\u00edcio das chuvas de trovoadas em Rio de Contas\"}]},{\"@type\":\"WebSite\",\"@id\":\"https:\/\/sudoesteacontece.com.br\/#website\",\"url\":\"https:\/\/sudoesteacontece.com.br\/\",\"name\":\"Sudoesteacontece\",\"description\":\"\",\"publisher\":{\"@id\":\"https:\/\/sudoesteacontece.com.br\/#organization\"},\"potentialAction\":[{\"@type\":\"SearchAction\",\"target\":{\"@type\":\"EntryPoint\",\"urlTemplate\":\"https:\/\/sudoesteacontece.com.br\/?s={search_term_string}\"},\"query-input\":{\"@type\":\"PropertyValueSpecification\",\"valueRequired\":true,\"valueName\":\"search_term_string\"}}],\"inLanguage\":\"pt-BR\"},{\"@type\":\"Organization\",\"@id\":\"https:\/\/sudoesteacontece.com.br\/#organization\",\"name\":\"Sudoesteacontece\",\"url\":\"https:\/\/sudoesteacontece.com.br\/\",\"logo\":{\"@type\":\"ImageObject\",\"inLanguage\":\"pt-BR\",\"@id\":\"https:\/\/sudoesteacontece.com.br\/#\/schema\/logo\/image\/\",\"url\":\"https:\/\/sudoesteacontece.com.br\/wp-content\/uploads\/2025\/12\/cropped-logo-2-180x180-1.png\",\"contentUrl\":\"https:\/\/sudoesteacontece.com.br\/wp-content\/uploads\/2025\/12\/cropped-logo-2-180x180-1.png\",\"width\":180,\"height\":180,\"caption\":\"Sudoesteacontece\"},\"image\":{\"@id\":\"https:\/\/sudoesteacontece.com.br\/#\/schema\/logo\/image\/\"},\"sameAs\":[\"https:\/\/www.facebook.com\/sudoesteacontece\/?locale=pt_BR\"]},{\"@type\":\"Person\",\"@id\":\"https:\/\/sudoesteacontece.com.br\/#\/schema\/person\/3cf2cf009926a9683ebc29d5379fa79c\",\"name\":\"Washington Tiago\",\"image\":{\"@type\":\"ImageObject\",\"inLanguage\":\"pt-BR\",\"@id\":\"https:\/\/sudoesteacontece.com.br\/#\/schema\/person\/image\/\",\"url\":\"https:\/\/secure.gravatar.com\/avatar\/33c43b8668157e040f9d1fe93c354bf087cbd8ba36270c1163198bd3ddcf2a56?s=96&d=mm&r=g\",\"contentUrl\":\"https:\/\/secure.gravatar.com\/avatar\/33c43b8668157e040f9d1fe93c354bf087cbd8ba36270c1163198bd3ddcf2a56?s=96&d=mm&r=g\",\"caption\":\"Washington Tiago\"},\"url\":\"https:\/\/sudoesteacontece.com.br\/?author=2\"}]}<\/script>\n<!-- \/ Yoast SEO plugin. -->","yoast_head_json":{"title":"Ventania derruba \u00e1rvore e marca in\u00edcio das chuvas de trovoadas em Rio de Contas - Sudoesteacontece","robots":{"index":"index","follow":"follow","max-snippet":"max-snippet:-1","max-image-preview":"max-image-preview:large","max-video-preview":"max-video-preview:-1"},"canonical":"https:\/\/sudoesteacontece.com.br\/?p=1926","og_locale":"pt_BR","og_type":"article","og_title":"Ventania derruba \u00e1rvore e marca in\u00edcio das chuvas de trovoadas em Rio de Contas - Sudoesteacontece","og_description":"Moradores de Rio de Contas, na Chapada Diamantina, levaram um susto na tarde desta quarta-feira (5).Uma ventania forte arrancou uma \u00e1rvore de grande porte no centro da cidade, bloqueando completamente a via principal. A queda ocorreu por volta do meio-dia, surpreendendo quem passava pelo local. Ramos e galhos se espalharam pelo asfalto, impedindo o tr\u00e2nsito e o acesso a com\u00e9rcios pr\u00f3ximos. Apesar do susto, ningu\u00e9m ficou ferido. Imagem do tronco ca\u00eddo virou alerta para o in\u00edcio das chuvas de trovoadas t\u00edpicas de novembro na regi\u00e3o. Testemunhas relataram que a \u00e1rvore foi arrancada pela raiz, evidenciando a intensidade dos ventos, que chegaram a 40 km\/h. Moradores correram para se abrigar enquanto folhas e poeira tomavam conta da rua. Equipes da Defesa Civil e da Prefeitura foram acionadas para liberar a via e inspecionar os danos. Trabalho incluiu o corte da \u00e1rvore, limpeza da pista e verifica\u00e7\u00e3o de riscos na rede el\u00e9trica. Segundo o Instituto Nacional de Meteorologia (Inmet), h\u00e1 alerta de tempestade moderada at\u00e9 esta quinta-feira (6). Aviso prev\u00ea ventos fortes, trovoadas e pancadas intensas de chuva em munic\u00edpios da Chapada. A Defesa Civil refor\u00e7ou o pedido para que moradores evitem \u00e1reas com \u00e1rvores grandes, muros altos ou fia\u00e7\u00f5es el\u00e9tricas expostas. Tamb\u00e9m recomenda aten\u00e7\u00e3o redobrada para motoristas que trafegam por estradas da regi\u00e3o. Essas mudan\u00e7as exigem planejamento e monitoramento constante das condi\u00e7\u00f5es clim\u00e1ticas. Mesmo sem feridos, o epis\u00f3dio de quarta-feira deixou li\u00e7\u00f5es para a popula\u00e7\u00e3o. O c\u00e9u fechado e os ventos cortantes anunciaram o in\u00edcio de uma nova fase do clima e da aten\u00e7\u00e3o redobrada.","og_url":"https:\/\/sudoesteacontece.com.br\/?p=1926","og_site_name":"Sudoesteacontece","article_publisher":"https:\/\/www.facebook.com\/sudoesteacontece\/?locale=pt_BR","article_published_time":"2025-11-06T12:47:57+00:00","article_modified_time":"2025-11-06T12:47:58+00:00","og_image":[{"width":850,"height":600,"url":"https:\/\/sudoesteacontece.com.br\/wp-content\/uploads\/2025\/11\/Ventania-derruba-arvore-e-marca-inicio-das-chuvas-de-trovoadas-em-Rio-de-Contas-sudoeste-acontece.webp","type":"image\/webp"}],"author":"Washington Tiago","twitter_card":"summary_large_image","twitter_misc":{"Escrito por":"Washington Tiago","Est. tempo de leitura":"1 minuto"},"schema":{"@context":"https:\/\/schema.org","@graph":[{"@type":"Article","@id":"https:\/\/sudoesteacontece.com.br\/?p=1926#article","isPartOf":{"@id":"https:\/\/sudoesteacontece.com.br\/?p=1926"},"author":{"name":"Washington Tiago","@id":"https:\/\/sudoesteacontece.com.br\/#\/schema\/person\/3cf2cf009926a9683ebc29d5379fa79c"},"headline":"Ventania derruba \u00e1rvore e marca in\u00edcio das chuvas de trovoadas em Rio de Contas","datePublished":"2025-11-06T12:47:57+00:00","dateModified":"2025-11-06T12:47:58+00:00","mainEntityOfPage":{"@id":"https:\/\/sudoesteacontece.com.br\/?p=1926"},"wordCount":294,"commentCount":0,"publisher":{"@id":"https:\/\/sudoesteacontece.com.br\/#organization"},"image":{"@id":"https:\/\/sudoesteacontece.com.br\/?p=1926#primaryimage"},"thumbnailUrl":"https:\/\/sudoesteacontece.com.br\/wp-content\/uploads\/2025\/11\/Ventania-derruba-arvore-e-marca-inicio-das-chuvas-de-trovoadas-em-Rio-de-Contas-sudoeste-acontece.webp","articleSection":["Cidades","Rio do Pires"],"inLanguage":"pt-BR","potentialAction":[{"@type":"CommentAction","name":"Comment","target":["https:\/\/sudoesteacontece.com.br\/?p=1926#respond"]}]},{"@type":"WebPage","@id":"https:\/\/sudoesteacontece.com.br\/?p=1926","url":"https:\/\/sudoesteacontece.com.br\/?p=1926","name":"Ventania derruba \u00e1rvore e marca in\u00edcio das chuvas de trovoadas em Rio de Contas - Sudoesteacontece","isPartOf":{"@id":"https:\/\/sudoesteacontece.com.br\/#website"},"primaryImageOfPage":{"@id":"https:\/\/sudoesteacontece.com.br\/?p=1926#primaryimage"},"image":{"@id":"https:\/\/sudoesteacontece.com.br\/?p=1926#primaryimage"},"thumbnailUrl":"https:\/\/sudoesteacontece.com.br\/wp-content\/uploads\/2025\/11\/Ventania-derruba-arvore-e-marca-inicio-das-chuvas-de-trovoadas-em-Rio-de-Contas-sudoeste-acontece.webp","datePublished":"2025-11-06T12:47:57+00:00","dateModified":"2025-11-06T12:47:58+00:00","breadcrumb":{"@id":"https:\/\/sudoesteacontece.com.br\/?p=1926#breadcrumb"},"inLanguage":"pt-BR","potentialAction":[{"@type":"ReadAction","target":["https:\/\/sudoesteacontece.com.br\/?p=1926"]}]},{"@type":"ImageObject","inLanguage":"pt-BR","@id":"https:\/\/sudoesteacontece.com.br\/?p=1926#primaryimage","url":"https:\/\/sudoesteacontece.com.br\/wp-content\/uploads\/2025\/11\/Ventania-derruba-arvore-e-marca-inicio-das-chuvas-de-trovoadas-em-Rio-de-Contas-sudoeste-acontece.webp","contentUrl":"https:\/\/sudoesteacontece.com.br\/wp-content\/uploads\/2025\/11\/Ventania-derruba-arvore-e-marca-inicio-das-chuvas-de-trovoadas-em-Rio-de-Contas-sudoeste-acontece.webp","width":850,"height":600},{"@type":"BreadcrumbList","@id":"https:\/\/sudoesteacontece.com.br\/?p=1926#breadcrumb","itemListElement":[{"@type":"ListItem","position":1,"name":"In\u00edcio","item":"https:\/\/sudoesteacontece.com.br\/"},{"@type":"ListItem","position":2,"name":"Ventania derruba \u00e1rvore e marca in\u00edcio das chuvas de trovoadas em Rio de Contas"}]},{"@type":"WebSite","@id":"https:\/\/sudoesteacontece.com.br\/#website","url":"https:\/\/sudoesteacontece.com.br\/","name":"Sudoesteacontece","description":"","publisher":{"@id":"https:\/\/sudoesteacontece.com.br\/#organization"},"potentialAction":[{"@type":"SearchAction","target":{"@type":"EntryPoint","urlTemplate":"https:\/\/sudoesteacontece.com.br\/?s={search_term_string}"},"query-input":{"@type":"PropertyValueSpecification","valueRequired":true,"valueName":"search_term_string"}}],"inLanguage":"pt-BR"},{"@type":"Organization","@id":"https:\/\/sudoesteacontece.com.br\/#organization","name":"Sudoesteacontece","url":"https:\/\/sudoesteacontece.com.br\/","logo":{"@type":"ImageObject","inLanguage":"pt-BR","@id":"https:\/\/sudoesteacontece.com.br\/#\/schema\/logo\/image\/","url":"https:\/\/sudoesteacontece.com.br\/wp-content\/uploads\/2025\/12\/cropped-logo-2-180x180-1.png","contentUrl":"https:\/\/sudoesteacontece.com.br\/wp-content\/uploads\/2025\/12\/cropped-logo-2-180x180-1.png","width":180,"height":180,"caption":"Sudoesteacontece"},"image":{"@id":"https:\/\/sudoesteacontece.com.br\/#\/schema\/logo\/image\/"},"sameAs":["https:\/\/www.facebook.com\/sudoesteacontece\/?locale=pt_BR"]},{"@type":"Person","@id":"https:\/\/sudoesteacontece.com.br\/#\/schema\/person\/3cf2cf009926a9683ebc29d5379fa79c","name":"Washington Tiago","image":{"@type":"ImageObject","inLanguage":"pt-BR","@id":"https:\/\/sudoesteacontece.com.br\/#\/schema\/person\/image\/","url":"https:\/\/secure.gravatar.com\/avatar\/33c43b8668157e040f9d1fe93c354bf087cbd8ba36270c1163198bd3ddcf2a56?s=96&d=mm&r=g","contentUrl":"https:\/\/secure.gravatar.com\/avatar\/33c43b8668157e040f9d1fe93c354bf087cbd8ba36270c1163198bd3ddcf2a56?s=96&d=mm&r=g","caption":"Washington Tiago"},"url":"https:\/\/sudoesteacontece.com.br\/?author=2"}]}},"_links":{"self":[{"href":"https:\/\/sudoesteacontece.com.br\/index.php?rest_route=\/wp\/v2\/posts\/1926","targetHints":{"allow":["GET"]}}],"collection":[{"href":"https:\/\/sudoesteacontece.com.br\/index.php?rest_route=\/wp\/v2\/posts"}],"about":[{"href":"https:\/\/sudoesteacontece.com.br\/index.php?rest_route=\/wp\/v2\/types\/post"}],"author":[{"embeddable":true,"href":"https:\/\/sudoesteacontece.com.br\/index.php?rest_route=\/wp\/v2\/users\/2"}],"replies":[{"embeddable":true,"href":"https:\/\/sudoesteacontece.com.br\/index.php?rest_route=%2Fwp%2Fv2%2Fcomments&post=1926"}],"version-history":[{"count":0,"href":"https:\/\/sudoesteacontece.com.br\/index.php?rest_route=\/wp\/v2\/posts\/1926\/revisions"}],"wp:featuredmedia":[{"embeddable":true,"href":"https:\/\/sudoesteacontece.com.br\/index.php?rest_route=\/wp\/v2\/media\/1943"}],"wp:attachment":[{"href":"https:\/\/sudoesteacontece.com.br\/index.php?rest_route=%2Fwp%2Fv2%2Fmedia&parent=1926"}],"wp:term":[{"taxonomy":"category","embeddable":true,"href":"https:\/\/sudoesteacontece.com.br\/index.php?rest_route=%2Fwp%2Fv2%2Fcategories&post=1926"},{"taxonomy":"post_tag","embeddable":true,"href":"https:\/\/sudoesteacontece.com.br\/index.php?rest_route=%2Fwp%2Fv2%2Ftags&post=1926"}],"curies":[{"name":"wp","href":"https:\/\/api.w.org\/{rel}","templated":true}]}}