{"id":1931,"date":"2025-11-06T10:10:58","date_gmt":"2025-11-06T13:10:58","guid":{"rendered":"https:\/\/sudoesteacontece.com.br\/?p=1931"},"modified":"2025-11-06T10:10:59","modified_gmt":"2025-11-06T13:10:59","slug":"educacao-tecnica-ganha-forca-escola-de-livramento-tera-curso-em-meio-ambiente","status":"publish","type":"post","link":"https:\/\/sudoesteacontece.com.br\/?p=1931","title":{"rendered":"Educa\u00e7\u00e3o t\u00e9cnica ganha for\u00e7a: escola de Livramento ter\u00e1 curso em Meio Ambiente"},"content":{"rendered":"<div class=\"wp-block-image\">\n<figure class=\"aligncenter size-large\"><img fetchpriority=\"high\" decoding=\"async\" width=\"1024\" height=\"768\" src=\"http:\/\/sudoesteacontece.com.br\/wp-content\/uploads\/2025\/11\/Colegio-Estadual-de-Tempo-Integral-Joao-Vilas-Boas-em-Livramento-sudoeste-acontece-1-1024x768.jpg\" alt=\"\" class=\"wp-image-1955\" srcset=\"https:\/\/sudoesteacontece.com.br\/wp-content\/uploads\/2025\/11\/Colegio-Estadual-de-Tempo-Integral-Joao-Vilas-Boas-em-Livramento-sudoeste-acontece-1-1024x768.jpg 1024w, https:\/\/sudoesteacontece.com.br\/wp-content\/uploads\/2025\/11\/Colegio-Estadual-de-Tempo-Integral-Joao-Vilas-Boas-em-Livramento-sudoeste-acontece-1-300x225.jpg 300w, https:\/\/sudoesteacontece.com.br\/wp-content\/uploads\/2025\/11\/Colegio-Estadual-de-Tempo-Integral-Joao-Vilas-Boas-em-Livramento-sudoeste-acontece-1-768x576.jpg 768w, https:\/\/sudoesteacontece.com.br\/wp-content\/uploads\/2025\/11\/Colegio-Estadual-de-Tempo-Integral-Joao-Vilas-Boas-em-Livramento-sudoeste-acontece-1-1536x1152.jpg 1536w, https:\/\/sudoesteacontece.com.br\/wp-content\/uploads\/2025\/11\/Colegio-Estadual-de-Tempo-Integral-Joao-Vilas-Boas-em-Livramento-sudoeste-acontece-1.jpg 1600w\" sizes=\"(max-width: 1024px) 100vw, 1024px\" \/><\/figure>\n<\/div>\n\n\n<p>Col\u00e9gio Estadual de Tempo Integral Jo\u00e3o Vilas Boas, em Livramento de Nossa Senhora, acaba de receber autoriza\u00e7\u00e3o oficial para ofertar o Curso T\u00e9cnico em Meio Ambiente. A medida foi publicada no Di\u00e1rio Oficial da Bahia na segunda-feira (3), por meio da Portaria n\u00ba 2.226\/2025, assinada pela secret\u00e1ria estadual Rowenna dos Santos Brito.<\/p>\n\n\n\n<p>Iniciativa integra o plano do governo da Bahia para fortalecer a Educa\u00e7\u00e3o Profissional e Tecnol\u00f3gica e atender \u00e0s novas demandas do mercado de trabalho. A autoriza\u00e7\u00e3o tem validade de quatro anos e marca um avan\u00e7o importante na forma\u00e7\u00e3o de jovens da regi\u00e3o sudoeste.<\/p>\n\n\n\n<p>Curso, vinculado \u00e0 \u00e1rea de Ambiente e Sa\u00fade, formar\u00e1 t\u00e9cnicos capacitados para atuar em temas como preserva\u00e7\u00e3o ambiental, gest\u00e3o de res\u00edduos e sustentabilidade. A proposta busca incentivar pr\u00e1ticas respons\u00e1veis e preparar profissionais para desafios ligados \u00e0 conserva\u00e7\u00e3o dos recursos naturais.<\/p>\n\n\n\n<p>Documento tamb\u00e9m aprova os planos de ensino elaborados em conformidade com o Conselho Nacional de Educa\u00e7\u00e3o (CNE) e o Conselho Estadual de Educa\u00e7\u00e3o da Bahia (CEE-BA). Al\u00e9m disso, convalida estudos realizados desde 2018, garantindo o reconhecimento dos alunos que j\u00e1 conclu\u00edram ou frequentaram o curso.<\/p>\n\n\n\n<p>Portaria determina que o col\u00e9gio registre todos os dados acad\u00eamicos no SISTEC (Sistema de Informa\u00e7\u00f5es da Educa\u00e7\u00e3o Profissional e Tecnol\u00f3gica), assegurando transpar\u00eancia e regularidade na oferta. A unidade dever\u00e1 manter o funcionamento apenas nos endere\u00e7os autorizados, conforme as normas vigentes.<\/p>\n\n\n\n<p>Novo curso representa um marco para Livramento de Nossa Senhora, ampliando o acesso \u00e0 forma\u00e7\u00e3o t\u00e9cnica e fortalecendo o compromisso da rede p\u00fablica com a educa\u00e7\u00e3o de qualidade.<\/p>\n","protected":false},"excerpt":{"rendered":"<p>Col\u00e9gio Estadual de Tempo Integral Jo\u00e3o Vilas Boas, em Livramento de Nossa Senhora, acaba de receber autoriza\u00e7\u00e3o oficial para ofertar o Curso T\u00e9cnico em Meio Ambiente. A medida foi publicada no Di\u00e1rio Oficial da Bahia na segunda-feira (3), por meio da Portaria n\u00ba 2.226\/2025, assinada pela secret\u00e1ria estadual Rowenna dos Santos Brito. Iniciativa integra o plano do governo da Bahia para fortalecer a Educa\u00e7\u00e3o Profissional e Tecnol\u00f3gica e atender \u00e0s novas demandas do mercado de trabalho. A autoriza\u00e7\u00e3o tem validade de quatro anos e marca um avan\u00e7o importante na forma\u00e7\u00e3o de jovens da regi\u00e3o sudoeste. Curso, vinculado \u00e0 \u00e1rea de Ambiente e Sa\u00fade, formar\u00e1 t\u00e9cnicos capacitados para atuar em temas como preserva\u00e7\u00e3o ambiental, gest\u00e3o de res\u00edduos e sustentabilidade. A proposta busca incentivar pr\u00e1ticas respons\u00e1veis e preparar profissionais para desafios ligados \u00e0 conserva\u00e7\u00e3o dos recursos naturais. Documento tamb\u00e9m aprova os planos de ensino elaborados em conformidade com o Conselho Nacional de Educa\u00e7\u00e3o (CNE) e o Conselho Estadual de Educa\u00e7\u00e3o da Bahia (CEE-BA). Al\u00e9m disso, convalida estudos realizados desde 2018, garantindo o reconhecimento dos alunos que j\u00e1 conclu\u00edram ou frequentaram o curso. Portaria determina que o col\u00e9gio registre todos os dados acad\u00eamicos no SISTEC (Sistema de Informa\u00e7\u00f5es da Educa\u00e7\u00e3o Profissional e Tecnol\u00f3gica), assegurando transpar\u00eancia e regularidade na oferta. A unidade dever\u00e1 manter o funcionamento apenas nos endere\u00e7os autorizados, conforme as normas vigentes. Novo curso representa um marco para Livramento de Nossa Senhora, ampliando o acesso \u00e0 forma\u00e7\u00e3o t\u00e9cnica e fortalecendo o compromisso da rede p\u00fablica com a educa\u00e7\u00e3o de qualidade.<\/p>\n","protected":false},"author":2,"featured_media":1955,"comment_status":"open","ping_status":"open","sticky":false,"template":"","format":"standard","meta":{"footnotes":""},"categories":[43,18],"tags":[],"class_list":["post-1931","post","type-post","status-publish","format-standard","has-post-thumbnail","hentry","category-educacao","category-livramento"],"yoast_head":"<!-- This site is optimized with the Yoast SEO plugin v26.5 - https:\/\/yoast.com\/wordpress\/plugins\/seo\/ -->\n<title>Educa\u00e7\u00e3o t\u00e9cnica ganha for\u00e7a: escola de Livramento ter\u00e1 curso em Meio Ambiente - Sudoesteacontece<\/title>\n<meta name=\"robots\" content=\"index, follow, max-snippet:-1, max-image-preview:large, max-video-preview:-1\" \/>\n<link rel=\"canonical\" href=\"https:\/\/sudoesteacontece.com.br\/?p=1931\" \/>\n<meta property=\"og:locale\" content=\"pt_BR\" \/>\n<meta property=\"og:type\" content=\"article\" \/>\n<meta property=\"og:title\" content=\"Educa\u00e7\u00e3o t\u00e9cnica ganha for\u00e7a: escola de Livramento ter\u00e1 curso em Meio Ambiente - Sudoesteacontece\" \/>\n<meta property=\"og:description\" content=\"Col\u00e9gio Estadual de Tempo Integral Jo\u00e3o Vilas Boas, em Livramento de Nossa Senhora, acaba de receber autoriza\u00e7\u00e3o oficial para ofertar o Curso T\u00e9cnico em Meio Ambiente. A medida foi publicada no Di\u00e1rio Oficial da Bahia na segunda-feira (3), por meio da Portaria n\u00ba 2.226\/2025, assinada pela secret\u00e1ria estadual Rowenna dos Santos Brito. Iniciativa integra o plano do governo da Bahia para fortalecer a Educa\u00e7\u00e3o Profissional e Tecnol\u00f3gica e atender \u00e0s novas demandas do mercado de trabalho. A autoriza\u00e7\u00e3o tem validade de quatro anos e marca um avan\u00e7o importante na forma\u00e7\u00e3o de jovens da regi\u00e3o sudoeste. Curso, vinculado \u00e0 \u00e1rea de Ambiente e Sa\u00fade, formar\u00e1 t\u00e9cnicos capacitados para atuar em temas como preserva\u00e7\u00e3o ambiental, gest\u00e3o de res\u00edduos e sustentabilidade. A proposta busca incentivar pr\u00e1ticas respons\u00e1veis e preparar profissionais para desafios ligados \u00e0 conserva\u00e7\u00e3o dos recursos naturais. Documento tamb\u00e9m aprova os planos de ensino elaborados em conformidade com o Conselho Nacional de Educa\u00e7\u00e3o (CNE) e o Conselho Estadual de Educa\u00e7\u00e3o da Bahia (CEE-BA). Al\u00e9m disso, convalida estudos realizados desde 2018, garantindo o reconhecimento dos alunos que j\u00e1 conclu\u00edram ou frequentaram o curso. Portaria determina que o col\u00e9gio registre todos os dados acad\u00eamicos no SISTEC (Sistema de Informa\u00e7\u00f5es da Educa\u00e7\u00e3o Profissional e Tecnol\u00f3gica), assegurando transpar\u00eancia e regularidade na oferta. A unidade dever\u00e1 manter o funcionamento apenas nos endere\u00e7os autorizados, conforme as normas vigentes. Novo curso representa um marco para Livramento de Nossa Senhora, ampliando o acesso \u00e0 forma\u00e7\u00e3o t\u00e9cnica e fortalecendo o compromisso da rede p\u00fablica com a educa\u00e7\u00e3o de qualidade.\" \/>\n<meta property=\"og:url\" content=\"https:\/\/sudoesteacontece.com.br\/?p=1931\" \/>\n<meta property=\"og:site_name\" content=\"Sudoesteacontece\" \/>\n<meta property=\"article:publisher\" content=\"https:\/\/www.facebook.com\/sudoesteacontece\/?locale=pt_BR\" \/>\n<meta property=\"article:published_time\" content=\"2025-11-06T13:10:58+00:00\" \/>\n<meta property=\"article:modified_time\" content=\"2025-11-06T13:10:59+00:00\" \/>\n<meta property=\"og:image\" content=\"https:\/\/sudoesteacontece.com.br\/wp-content\/uploads\/2025\/11\/Colegio-Estadual-de-Tempo-Integral-Joao-Vilas-Boas-em-Livramento-sudoeste-acontece-1.jpg\" \/>\n\t<meta property=\"og:image:width\" content=\"1600\" \/>\n\t<meta property=\"og:image:height\" content=\"1200\" \/>\n\t<meta property=\"og:image:type\" content=\"image\/jpeg\" \/>\n<meta name=\"author\" content=\"Washington Tiago\" \/>\n<meta name=\"twitter:card\" content=\"summary_large_image\" \/>\n<meta name=\"twitter:label1\" content=\"Escrito por\" \/>\n\t<meta name=\"twitter:data1\" content=\"Washington Tiago\" \/>\n\t<meta name=\"twitter:label2\" content=\"Est. tempo de leitura\" \/>\n\t<meta name=\"twitter:data2\" content=\"1 minuto\" \/>\n<script type=\"application\/ld+json\" class=\"yoast-schema-graph\">{\"@context\":\"https:\/\/schema.org\",\"@graph\":[{\"@type\":\"Article\",\"@id\":\"https:\/\/sudoesteacontece.com.br\/?p=1931#article\",\"isPartOf\":{\"@id\":\"https:\/\/sudoesteacontece.com.br\/?p=1931\"},\"author\":{\"name\":\"Washington Tiago\",\"@id\":\"https:\/\/sudoesteacontece.com.br\/#\/schema\/person\/3cf2cf009926a9683ebc29d5379fa79c\"},\"headline\":\"Educa\u00e7\u00e3o t\u00e9cnica ganha for\u00e7a: escola de Livramento ter\u00e1 curso em Meio Ambiente\",\"datePublished\":\"2025-11-06T13:10:58+00:00\",\"dateModified\":\"2025-11-06T13:10:59+00:00\",\"mainEntityOfPage\":{\"@id\":\"https:\/\/sudoesteacontece.com.br\/?p=1931\"},\"wordCount\":293,\"commentCount\":0,\"publisher\":{\"@id\":\"https:\/\/sudoesteacontece.com.br\/#organization\"},\"image\":{\"@id\":\"https:\/\/sudoesteacontece.com.br\/?p=1931#primaryimage\"},\"thumbnailUrl\":\"https:\/\/sudoesteacontece.com.br\/wp-content\/uploads\/2025\/11\/Colegio-Estadual-de-Tempo-Integral-Joao-Vilas-Boas-em-Livramento-sudoeste-acontece-1.jpg\",\"articleSection\":[\"Educa\u00e7\u00e3o\",\"Livramento\"],\"inLanguage\":\"pt-BR\",\"potentialAction\":[{\"@type\":\"CommentAction\",\"name\":\"Comment\",\"target\":[\"https:\/\/sudoesteacontece.com.br\/?p=1931#respond\"]}]},{\"@type\":\"WebPage\",\"@id\":\"https:\/\/sudoesteacontece.com.br\/?p=1931\",\"url\":\"https:\/\/sudoesteacontece.com.br\/?p=1931\",\"name\":\"Educa\u00e7\u00e3o t\u00e9cnica ganha for\u00e7a: escola de Livramento ter\u00e1 curso em Meio Ambiente - Sudoesteacontece\",\"isPartOf\":{\"@id\":\"https:\/\/sudoesteacontece.com.br\/#website\"},\"primaryImageOfPage\":{\"@id\":\"https:\/\/sudoesteacontece.com.br\/?p=1931#primaryimage\"},\"image\":{\"@id\":\"https:\/\/sudoesteacontece.com.br\/?p=1931#primaryimage\"},\"thumbnailUrl\":\"https:\/\/sudoesteacontece.com.br\/wp-content\/uploads\/2025\/11\/Colegio-Estadual-de-Tempo-Integral-Joao-Vilas-Boas-em-Livramento-sudoeste-acontece-1.jpg\",\"datePublished\":\"2025-11-06T13:10:58+00:00\",\"dateModified\":\"2025-11-06T13:10:59+00:00\",\"breadcrumb\":{\"@id\":\"https:\/\/sudoesteacontece.com.br\/?p=1931#breadcrumb\"},\"inLanguage\":\"pt-BR\",\"potentialAction\":[{\"@type\":\"ReadAction\",\"target\":[\"https:\/\/sudoesteacontece.com.br\/?p=1931\"]}]},{\"@type\":\"ImageObject\",\"inLanguage\":\"pt-BR\",\"@id\":\"https:\/\/sudoesteacontece.com.br\/?p=1931#primaryimage\",\"url\":\"https:\/\/sudoesteacontece.com.br\/wp-content\/uploads\/2025\/11\/Colegio-Estadual-de-Tempo-Integral-Joao-Vilas-Boas-em-Livramento-sudoeste-acontece-1.jpg\",\"contentUrl\":\"https:\/\/sudoesteacontece.com.br\/wp-content\/uploads\/2025\/11\/Colegio-Estadual-de-Tempo-Integral-Joao-Vilas-Boas-em-Livramento-sudoeste-acontece-1.jpg\",\"width\":1600,\"height\":1200},{\"@type\":\"BreadcrumbList\",\"@id\":\"https:\/\/sudoesteacontece.com.br\/?p=1931#breadcrumb\",\"itemListElement\":[{\"@type\":\"ListItem\",\"position\":1,\"name\":\"In\u00edcio\",\"item\":\"https:\/\/sudoesteacontece.com.br\/\"},{\"@type\":\"ListItem\",\"position\":2,\"name\":\"Educa\u00e7\u00e3o t\u00e9cnica ganha for\u00e7a: escola de Livramento ter\u00e1 curso em Meio Ambiente\"}]},{\"@type\":\"WebSite\",\"@id\":\"https:\/\/sudoesteacontece.com.br\/#website\",\"url\":\"https:\/\/sudoesteacontece.com.br\/\",\"name\":\"Sudoesteacontece\",\"description\":\"\",\"publisher\":{\"@id\":\"https:\/\/sudoesteacontece.com.br\/#organization\"},\"potentialAction\":[{\"@type\":\"SearchAction\",\"target\":{\"@type\":\"EntryPoint\",\"urlTemplate\":\"https:\/\/sudoesteacontece.com.br\/?s={search_term_string}\"},\"query-input\":{\"@type\":\"PropertyValueSpecification\",\"valueRequired\":true,\"valueName\":\"search_term_string\"}}],\"inLanguage\":\"pt-BR\"},{\"@type\":\"Organization\",\"@id\":\"https:\/\/sudoesteacontece.com.br\/#organization\",\"name\":\"Sudoesteacontece\",\"url\":\"https:\/\/sudoesteacontece.com.br\/\",\"logo\":{\"@type\":\"ImageObject\",\"inLanguage\":\"pt-BR\",\"@id\":\"https:\/\/sudoesteacontece.com.br\/#\/schema\/logo\/image\/\",\"url\":\"https:\/\/sudoesteacontece.com.br\/wp-content\/uploads\/2025\/12\/cropped-logo-2-180x180-1.png\",\"contentUrl\":\"https:\/\/sudoesteacontece.com.br\/wp-content\/uploads\/2025\/12\/cropped-logo-2-180x180-1.png\",\"width\":180,\"height\":180,\"caption\":\"Sudoesteacontece\"},\"image\":{\"@id\":\"https:\/\/sudoesteacontece.com.br\/#\/schema\/logo\/image\/\"},\"sameAs\":[\"https:\/\/www.facebook.com\/sudoesteacontece\/?locale=pt_BR\"]},{\"@type\":\"Person\",\"@id\":\"https:\/\/sudoesteacontece.com.br\/#\/schema\/person\/3cf2cf009926a9683ebc29d5379fa79c\",\"name\":\"Washington Tiago\",\"image\":{\"@type\":\"ImageObject\",\"inLanguage\":\"pt-BR\",\"@id\":\"https:\/\/sudoesteacontece.com.br\/#\/schema\/person\/image\/\",\"url\":\"https:\/\/secure.gravatar.com\/avatar\/33c43b8668157e040f9d1fe93c354bf087cbd8ba36270c1163198bd3ddcf2a56?s=96&d=mm&r=g\",\"contentUrl\":\"https:\/\/secure.gravatar.com\/avatar\/33c43b8668157e040f9d1fe93c354bf087cbd8ba36270c1163198bd3ddcf2a56?s=96&d=mm&r=g\",\"caption\":\"Washington Tiago\"},\"url\":\"https:\/\/sudoesteacontece.com.br\/?author=2\"}]}<\/script>\n<!-- \/ Yoast SEO plugin. -->","yoast_head_json":{"title":"Educa\u00e7\u00e3o t\u00e9cnica ganha for\u00e7a: escola de Livramento ter\u00e1 curso em Meio Ambiente - Sudoesteacontece","robots":{"index":"index","follow":"follow","max-snippet":"max-snippet:-1","max-image-preview":"max-image-preview:large","max-video-preview":"max-video-preview:-1"},"canonical":"https:\/\/sudoesteacontece.com.br\/?p=1931","og_locale":"pt_BR","og_type":"article","og_title":"Educa\u00e7\u00e3o t\u00e9cnica ganha for\u00e7a: escola de Livramento ter\u00e1 curso em Meio Ambiente - Sudoesteacontece","og_description":"Col\u00e9gio Estadual de Tempo Integral Jo\u00e3o Vilas Boas, em Livramento de Nossa Senhora, acaba de receber autoriza\u00e7\u00e3o oficial para ofertar o Curso T\u00e9cnico em Meio Ambiente. A medida foi publicada no Di\u00e1rio Oficial da Bahia na segunda-feira (3), por meio da Portaria n\u00ba 2.226\/2025, assinada pela secret\u00e1ria estadual Rowenna dos Santos Brito. Iniciativa integra o plano do governo da Bahia para fortalecer a Educa\u00e7\u00e3o Profissional e Tecnol\u00f3gica e atender \u00e0s novas demandas do mercado de trabalho. A autoriza\u00e7\u00e3o tem validade de quatro anos e marca um avan\u00e7o importante na forma\u00e7\u00e3o de jovens da regi\u00e3o sudoeste. Curso, vinculado \u00e0 \u00e1rea de Ambiente e Sa\u00fade, formar\u00e1 t\u00e9cnicos capacitados para atuar em temas como preserva\u00e7\u00e3o ambiental, gest\u00e3o de res\u00edduos e sustentabilidade. A proposta busca incentivar pr\u00e1ticas respons\u00e1veis e preparar profissionais para desafios ligados \u00e0 conserva\u00e7\u00e3o dos recursos naturais. Documento tamb\u00e9m aprova os planos de ensino elaborados em conformidade com o Conselho Nacional de Educa\u00e7\u00e3o (CNE) e o Conselho Estadual de Educa\u00e7\u00e3o da Bahia (CEE-BA). Al\u00e9m disso, convalida estudos realizados desde 2018, garantindo o reconhecimento dos alunos que j\u00e1 conclu\u00edram ou frequentaram o curso. Portaria determina que o col\u00e9gio registre todos os dados acad\u00eamicos no SISTEC (Sistema de Informa\u00e7\u00f5es da Educa\u00e7\u00e3o Profissional e Tecnol\u00f3gica), assegurando transpar\u00eancia e regularidade na oferta. A unidade dever\u00e1 manter o funcionamento apenas nos endere\u00e7os autorizados, conforme as normas vigentes. Novo curso representa um marco para Livramento de Nossa Senhora, ampliando o acesso \u00e0 forma\u00e7\u00e3o t\u00e9cnica e fortalecendo o compromisso da rede p\u00fablica com a educa\u00e7\u00e3o de qualidade.","og_url":"https:\/\/sudoesteacontece.com.br\/?p=1931","og_site_name":"Sudoesteacontece","article_publisher":"https:\/\/www.facebook.com\/sudoesteacontece\/?locale=pt_BR","article_published_time":"2025-11-06T13:10:58+00:00","article_modified_time":"2025-11-06T13:10:59+00:00","og_image":[{"width":1600,"height":1200,"url":"https:\/\/sudoesteacontece.com.br\/wp-content\/uploads\/2025\/11\/Colegio-Estadual-de-Tempo-Integral-Joao-Vilas-Boas-em-Livramento-sudoeste-acontece-1.jpg","type":"image\/jpeg"}],"author":"Washington Tiago","twitter_card":"summary_large_image","twitter_misc":{"Escrito por":"Washington Tiago","Est. tempo de leitura":"1 minuto"},"schema":{"@context":"https:\/\/schema.org","@graph":[{"@type":"Article","@id":"https:\/\/sudoesteacontece.com.br\/?p=1931#article","isPartOf":{"@id":"https:\/\/sudoesteacontece.com.br\/?p=1931"},"author":{"name":"Washington Tiago","@id":"https:\/\/sudoesteacontece.com.br\/#\/schema\/person\/3cf2cf009926a9683ebc29d5379fa79c"},"headline":"Educa\u00e7\u00e3o t\u00e9cnica ganha for\u00e7a: escola de Livramento ter\u00e1 curso em Meio Ambiente","datePublished":"2025-11-06T13:10:58+00:00","dateModified":"2025-11-06T13:10:59+00:00","mainEntityOfPage":{"@id":"https:\/\/sudoesteacontece.com.br\/?p=1931"},"wordCount":293,"commentCount":0,"publisher":{"@id":"https:\/\/sudoesteacontece.com.br\/#organization"},"image":{"@id":"https:\/\/sudoesteacontece.com.br\/?p=1931#primaryimage"},"thumbnailUrl":"https:\/\/sudoesteacontece.com.br\/wp-content\/uploads\/2025\/11\/Colegio-Estadual-de-Tempo-Integral-Joao-Vilas-Boas-em-Livramento-sudoeste-acontece-1.jpg","articleSection":["Educa\u00e7\u00e3o","Livramento"],"inLanguage":"pt-BR","potentialAction":[{"@type":"CommentAction","name":"Comment","target":["https:\/\/sudoesteacontece.com.br\/?p=1931#respond"]}]},{"@type":"WebPage","@id":"https:\/\/sudoesteacontece.com.br\/?p=1931","url":"https:\/\/sudoesteacontece.com.br\/?p=1931","name":"Educa\u00e7\u00e3o t\u00e9cnica ganha for\u00e7a: escola de Livramento ter\u00e1 curso em Meio Ambiente - Sudoesteacontece","isPartOf":{"@id":"https:\/\/sudoesteacontece.com.br\/#website"},"primaryImageOfPage":{"@id":"https:\/\/sudoesteacontece.com.br\/?p=1931#primaryimage"},"image":{"@id":"https:\/\/sudoesteacontece.com.br\/?p=1931#primaryimage"},"thumbnailUrl":"https:\/\/sudoesteacontece.com.br\/wp-content\/uploads\/2025\/11\/Colegio-Estadual-de-Tempo-Integral-Joao-Vilas-Boas-em-Livramento-sudoeste-acontece-1.jpg","datePublished":"2025-11-06T13:10:58+00:00","dateModified":"2025-11-06T13:10:59+00:00","breadcrumb":{"@id":"https:\/\/sudoesteacontece.com.br\/?p=1931#breadcrumb"},"inLanguage":"pt-BR","potentialAction":[{"@type":"ReadAction","target":["https:\/\/sudoesteacontece.com.br\/?p=1931"]}]},{"@type":"ImageObject","inLanguage":"pt-BR","@id":"https:\/\/sudoesteacontece.com.br\/?p=1931#primaryimage","url":"https:\/\/sudoesteacontece.com.br\/wp-content\/uploads\/2025\/11\/Colegio-Estadual-de-Tempo-Integral-Joao-Vilas-Boas-em-Livramento-sudoeste-acontece-1.jpg","contentUrl":"https:\/\/sudoesteacontece.com.br\/wp-content\/uploads\/2025\/11\/Colegio-Estadual-de-Tempo-Integral-Joao-Vilas-Boas-em-Livramento-sudoeste-acontece-1.jpg","width":1600,"height":1200},{"@type":"BreadcrumbList","@id":"https:\/\/sudoesteacontece.com.br\/?p=1931#breadcrumb","itemListElement":[{"@type":"ListItem","position":1,"name":"In\u00edcio","item":"https:\/\/sudoesteacontece.com.br\/"},{"@type":"ListItem","position":2,"name":"Educa\u00e7\u00e3o t\u00e9cnica ganha for\u00e7a: escola de Livramento ter\u00e1 curso em Meio Ambiente"}]},{"@type":"WebSite","@id":"https:\/\/sudoesteacontece.com.br\/#website","url":"https:\/\/sudoesteacontece.com.br\/","name":"Sudoesteacontece","description":"","publisher":{"@id":"https:\/\/sudoesteacontece.com.br\/#organization"},"potentialAction":[{"@type":"SearchAction","target":{"@type":"EntryPoint","urlTemplate":"https:\/\/sudoesteacontece.com.br\/?s={search_term_string}"},"query-input":{"@type":"PropertyValueSpecification","valueRequired":true,"valueName":"search_term_string"}}],"inLanguage":"pt-BR"},{"@type":"Organization","@id":"https:\/\/sudoesteacontece.com.br\/#organization","name":"Sudoesteacontece","url":"https:\/\/sudoesteacontece.com.br\/","logo":{"@type":"ImageObject","inLanguage":"pt-BR","@id":"https:\/\/sudoesteacontece.com.br\/#\/schema\/logo\/image\/","url":"https:\/\/sudoesteacontece.com.br\/wp-content\/uploads\/2025\/12\/cropped-logo-2-180x180-1.png","contentUrl":"https:\/\/sudoesteacontece.com.br\/wp-content\/uploads\/2025\/12\/cropped-logo-2-180x180-1.png","width":180,"height":180,"caption":"Sudoesteacontece"},"image":{"@id":"https:\/\/sudoesteacontece.com.br\/#\/schema\/logo\/image\/"},"sameAs":["https:\/\/www.facebook.com\/sudoesteacontece\/?locale=pt_BR"]},{"@type":"Person","@id":"https:\/\/sudoesteacontece.com.br\/#\/schema\/person\/3cf2cf009926a9683ebc29d5379fa79c","name":"Washington Tiago","image":{"@type":"ImageObject","inLanguage":"pt-BR","@id":"https:\/\/sudoesteacontece.com.br\/#\/schema\/person\/image\/","url":"https:\/\/secure.gravatar.com\/avatar\/33c43b8668157e040f9d1fe93c354bf087cbd8ba36270c1163198bd3ddcf2a56?s=96&d=mm&r=g","contentUrl":"https:\/\/secure.gravatar.com\/avatar\/33c43b8668157e040f9d1fe93c354bf087cbd8ba36270c1163198bd3ddcf2a56?s=96&d=mm&r=g","caption":"Washington Tiago"},"url":"https:\/\/sudoesteacontece.com.br\/?author=2"}]}},"_links":{"self":[{"href":"https:\/\/sudoesteacontece.com.br\/index.php?rest_route=\/wp\/v2\/posts\/1931","targetHints":{"allow":["GET"]}}],"collection":[{"href":"https:\/\/sudoesteacontece.com.br\/index.php?rest_route=\/wp\/v2\/posts"}],"about":[{"href":"https:\/\/sudoesteacontece.com.br\/index.php?rest_route=\/wp\/v2\/types\/post"}],"author":[{"embeddable":true,"href":"https:\/\/sudoesteacontece.com.br\/index.php?rest_route=\/wp\/v2\/users\/2"}],"replies":[{"embeddable":true,"href":"https:\/\/sudoesteacontece.com.br\/index.php?rest_route=%2Fwp%2Fv2%2Fcomments&post=1931"}],"version-history":[{"count":0,"href":"https:\/\/sudoesteacontece.com.br\/index.php?rest_route=\/wp\/v2\/posts\/1931\/revisions"}],"wp:featuredmedia":[{"embeddable":true,"href":"https:\/\/sudoesteacontece.com.br\/index.php?rest_route=\/wp\/v2\/media\/1955"}],"wp:attachment":[{"href":"https:\/\/sudoesteacontece.com.br\/index.php?rest_route=%2Fwp%2Fv2%2Fmedia&parent=1931"}],"wp:term":[{"taxonomy":"category","embeddable":true,"href":"https:\/\/sudoesteacontece.com.br\/index.php?rest_route=%2Fwp%2Fv2%2Fcategories&post=1931"},{"taxonomy":"post_tag","embeddable":true,"href":"https:\/\/sudoesteacontece.com.br\/index.php?rest_route=%2Fwp%2Fv2%2Ftags&post=1931"}],"curies":[{"name":"wp","href":"https:\/\/api.w.org\/{rel}","templated":true}]}}