{"id":1934,"date":"2025-11-06T10:17:49","date_gmt":"2025-11-06T13:17:49","guid":{"rendered":"https:\/\/sudoesteacontece.com.br\/?p=1934"},"modified":"2025-11-06T10:17:50","modified_gmt":"2025-11-06T13:17:50","slug":"fabricio-abrantes-e-comandante-da-24o-bpm-alinham-plano-para-proteger-brumado-com-investimento-em-tecnologia-e-reforco-policial","status":"publish","type":"post","link":"https:\/\/sudoesteacontece.com.br\/?p=1934","title":{"rendered":"Fabr\u00edcio Abrantes e Comandante da 24\u00ba BPM alinham plano para proteger Brumado com investimento em tecnologia e refor\u00e7o policial"},"content":{"rendered":"<div class=\"wp-block-image\">\n<figure class=\"aligncenter size-large\"><img fetchpriority=\"high\" decoding=\"async\" width=\"1024\" height=\"832\" src=\"http:\/\/sudoesteacontece.com.br\/wp-content\/uploads\/2025\/11\/Fabricio-Abrantes-e-Comandante-da-24o-BPM-alinham-plano-para-proteger-Brumado-com-investimento-em-tecnologia-e-reforco-policial-sudoeste-acontece-1024x832.jpg\" alt=\"\" class=\"wp-image-1959\" srcset=\"https:\/\/sudoesteacontece.com.br\/wp-content\/uploads\/2025\/11\/Fabricio-Abrantes-e-Comandante-da-24o-BPM-alinham-plano-para-proteger-Brumado-com-investimento-em-tecnologia-e-reforco-policial-sudoeste-acontece-1024x832.jpg 1024w, https:\/\/sudoesteacontece.com.br\/wp-content\/uploads\/2025\/11\/Fabricio-Abrantes-e-Comandante-da-24o-BPM-alinham-plano-para-proteger-Brumado-com-investimento-em-tecnologia-e-reforco-policial-sudoeste-acontece-300x244.jpg 300w, https:\/\/sudoesteacontece.com.br\/wp-content\/uploads\/2025\/11\/Fabricio-Abrantes-e-Comandante-da-24o-BPM-alinham-plano-para-proteger-Brumado-com-investimento-em-tecnologia-e-reforco-policial-sudoeste-acontece-768x624.jpg 768w, https:\/\/sudoesteacontece.com.br\/wp-content\/uploads\/2025\/11\/Fabricio-Abrantes-e-Comandante-da-24o-BPM-alinham-plano-para-proteger-Brumado-com-investimento-em-tecnologia-e-reforco-policial-sudoeste-acontece.jpg 1280w\" sizes=\"(max-width: 1024px) 100vw, 1024px\" \/><\/figure>\n<\/div>\n\n\n<p>Brumado deu mais um passo importante na luta pela seguran\u00e7a p\u00fablica. O prefeito Fabr\u00edcio Abrantes (Avante) recebeu nesta quarta-feira (5), em seu gabinete, o comandante do 24\u00ba Batalh\u00e3o de Pol\u00edcia Militar, Tenente-Coronel Jocev\u00e3 Oliveira, para uma reuni\u00e3o estrat\u00e9gica que reafirmou o compromisso conjunto entre o munic\u00edpio e a Pol\u00edcia Militar.<\/p>\n\n\n\n<p>O encontro tratou do fortalecimento das a\u00e7\u00f5es preventivas, amplia\u00e7\u00e3o do efetivo policial e moderniza\u00e7\u00e3o da vigil\u00e2ncia urbana, com destaque para a expans\u00e3o do sistema de c\u00e2meras de videomonitoramento. A proposta busca aumentar o alcance das opera\u00e7\u00f5es e melhorar a capacidade de resposta diante de ocorr\u00eancias.<\/p>\n\n\n\n<p>Segundo o prefeito Fabr\u00edcio, a parceria entre a PM e a Guarda Civil Municipal (GCM) \u00e9 essencial para consolidar uma cidade mais segura. \u201cDiscutimos medidas que ampliam a presen\u00e7a da pol\u00edcia, investimentos em tecnologia e integra\u00e7\u00e3o com a GCM. \u00c9 um trabalho conjunto que est\u00e1 dando resultados e precisa continuar evoluindo\u201d, afirmou.<\/p>\n\n\n\n<p>O comandante Jocev\u00e3 Oliveira destacou a import\u00e2ncia da coopera\u00e7\u00e3o entre as for\u00e7as de seguran\u00e7a e o poder p\u00fablico municipal. Para ele, a uni\u00e3o entre as institui\u00e7\u00f5es \u00e9 o caminho mais eficaz para combater a criminalidade e garantir tranquilidade aos moradores. \u201cA seguran\u00e7a se constr\u00f3i com di\u00e1logo, planejamento e comprometimento. Brumado \u00e9 exemplo dessa parceria s\u00f3lida entre governo municipal e Pol\u00edcia Militar\u201d, ressaltou.<\/p>\n\n\n\n<p>Durante a reuni\u00e3o, o grupo tamb\u00e9m avaliou a possibilidade de criar novos programas de patrulhamento comunit\u00e1rio, al\u00e9m de a\u00e7\u00f5es educativas em escolas e bairros com maior vulnerabilidade social. A ideia \u00e9 fortalecer o v\u00ednculo entre a popula\u00e7\u00e3o e as for\u00e7as de seguran\u00e7a, estimulando o senso de coopera\u00e7\u00e3o e o papel preventivo da comunidade.<\/p>\n\n\n\n<p>Participaram do encontro o chefe de gabinete Castilho Viana e o comandante da Guarda Civil Municipal, S\u00e9rgio Marinho, que reafirmaram o compromisso da administra\u00e7\u00e3o com o bem-estar e a prote\u00e7\u00e3o dos brumadenses.<\/p>\n\n\n\n<p>Fabr\u00edcio enfatizou que a seguran\u00e7a \u00e9 prioridade permanente em sua gest\u00e3o. \u201cEstamos trabalhando com planejamento e di\u00e1logo, garantindo condi\u00e7\u00f5es para que a PM e a GCM atuem com efici\u00eancia. A popula\u00e7\u00e3o de Brumado merece viver com paz e confian\u00e7a\u201d, concluiu.<\/p>\n\n\n\n<p>A parceria entre o munic\u00edpio e o 24\u00ba BPM deve gerar novas a\u00e7\u00f5es conjuntas j\u00e1 nos pr\u00f3ximos meses, incluindo campanhas de conscientiza\u00e7\u00e3o, refor\u00e7o na ilumina\u00e7\u00e3o p\u00fablica e monitoramento estrat\u00e9gico em pontos cr\u00edticos da cidade.<\/p>\n","protected":false},"excerpt":{"rendered":"<p>Brumado deu mais um passo importante na luta pela seguran\u00e7a p\u00fablica. O prefeito Fabr\u00edcio Abrantes (Avante) recebeu nesta quarta-feira (5), em seu gabinete, o comandante do 24\u00ba Batalh\u00e3o de Pol\u00edcia Militar, Tenente-Coronel Jocev\u00e3 Oliveira, para uma reuni\u00e3o estrat\u00e9gica que reafirmou o compromisso conjunto entre o munic\u00edpio e a Pol\u00edcia Militar. O encontro tratou do fortalecimento das a\u00e7\u00f5es preventivas, amplia\u00e7\u00e3o do efetivo policial e moderniza\u00e7\u00e3o da vigil\u00e2ncia urbana, com destaque para a expans\u00e3o do sistema de c\u00e2meras de videomonitoramento. A proposta busca aumentar o alcance das opera\u00e7\u00f5es e melhorar a capacidade de resposta diante de ocorr\u00eancias. Segundo o prefeito Fabr\u00edcio, a parceria entre a PM e a Guarda Civil Municipal (GCM) \u00e9 essencial para consolidar uma cidade mais segura. \u201cDiscutimos medidas que ampliam a presen\u00e7a da pol\u00edcia, investimentos em tecnologia e integra\u00e7\u00e3o com a GCM. \u00c9 um trabalho conjunto que est\u00e1 dando resultados e precisa continuar evoluindo\u201d, afirmou. O comandante Jocev\u00e3 Oliveira destacou a import\u00e2ncia da coopera\u00e7\u00e3o entre as for\u00e7as de seguran\u00e7a e o poder p\u00fablico municipal. Para ele, a uni\u00e3o entre as institui\u00e7\u00f5es \u00e9 o caminho mais eficaz para combater a criminalidade e garantir tranquilidade aos moradores. \u201cA seguran\u00e7a se constr\u00f3i com di\u00e1logo, planejamento e comprometimento. Brumado \u00e9 exemplo dessa parceria s\u00f3lida entre governo municipal e Pol\u00edcia Militar\u201d, ressaltou. Durante a reuni\u00e3o, o grupo tamb\u00e9m avaliou a possibilidade de criar novos programas de patrulhamento comunit\u00e1rio, al\u00e9m de a\u00e7\u00f5es educativas em escolas e bairros com maior vulnerabilidade social. A ideia \u00e9 fortalecer o v\u00ednculo entre a popula\u00e7\u00e3o e as for\u00e7as de seguran\u00e7a, estimulando o senso de coopera\u00e7\u00e3o e o papel preventivo da comunidade. Participaram do encontro o chefe de gabinete Castilho Viana e o comandante da Guarda Civil Municipal, S\u00e9rgio Marinho, que reafirmaram o compromisso da administra\u00e7\u00e3o com o bem-estar e a prote\u00e7\u00e3o dos brumadenses. Fabr\u00edcio enfatizou que a seguran\u00e7a \u00e9 prioridade permanente em sua gest\u00e3o. \u201cEstamos trabalhando com planejamento e di\u00e1logo, garantindo condi\u00e7\u00f5es para que a PM e a GCM atuem com efici\u00eancia. A popula\u00e7\u00e3o de Brumado merece viver com paz e confian\u00e7a\u201d, concluiu. A parceria entre o munic\u00edpio e o 24\u00ba BPM deve gerar novas a\u00e7\u00f5es conjuntas j\u00e1 nos pr\u00f3ximos meses, incluindo campanhas de conscientiza\u00e7\u00e3o, refor\u00e7o na ilumina\u00e7\u00e3o p\u00fablica e monitoramento estrat\u00e9gico em pontos cr\u00edticos da cidade.<\/p>\n","protected":false},"author":2,"featured_media":1959,"comment_status":"open","ping_status":"open","sticky":false,"template":"","format":"standard","meta":{"footnotes":""},"categories":[10,4,3],"tags":[],"class_list":["post-1934","post","type-post","status-publish","format-standard","has-post-thumbnail","hentry","category-brumado","category-cidades","category-policia"],"yoast_head":"<!-- This site is optimized with the Yoast SEO plugin v26.5 - https:\/\/yoast.com\/wordpress\/plugins\/seo\/ -->\n<title>Fabr\u00edcio Abrantes e Comandante da 24\u00ba BPM alinham plano para proteger Brumado com investimento em tecnologia e refor\u00e7o policial - Sudoesteacontece<\/title>\n<meta name=\"robots\" content=\"index, follow, max-snippet:-1, max-image-preview:large, max-video-preview:-1\" \/>\n<link rel=\"canonical\" href=\"https:\/\/sudoesteacontece.com.br\/?p=1934\" \/>\n<meta property=\"og:locale\" content=\"pt_BR\" \/>\n<meta property=\"og:type\" content=\"article\" \/>\n<meta property=\"og:title\" content=\"Fabr\u00edcio Abrantes e Comandante da 24\u00ba BPM alinham plano para proteger Brumado com investimento em tecnologia e refor\u00e7o policial - Sudoesteacontece\" \/>\n<meta property=\"og:description\" content=\"Brumado deu mais um passo importante na luta pela seguran\u00e7a p\u00fablica. O prefeito Fabr\u00edcio Abrantes (Avante) recebeu nesta quarta-feira (5), em seu gabinete, o comandante do 24\u00ba Batalh\u00e3o de Pol\u00edcia Militar, Tenente-Coronel Jocev\u00e3 Oliveira, para uma reuni\u00e3o estrat\u00e9gica que reafirmou o compromisso conjunto entre o munic\u00edpio e a Pol\u00edcia Militar. O encontro tratou do fortalecimento das a\u00e7\u00f5es preventivas, amplia\u00e7\u00e3o do efetivo policial e moderniza\u00e7\u00e3o da vigil\u00e2ncia urbana, com destaque para a expans\u00e3o do sistema de c\u00e2meras de videomonitoramento. A proposta busca aumentar o alcance das opera\u00e7\u00f5es e melhorar a capacidade de resposta diante de ocorr\u00eancias. Segundo o prefeito Fabr\u00edcio, a parceria entre a PM e a Guarda Civil Municipal (GCM) \u00e9 essencial para consolidar uma cidade mais segura. \u201cDiscutimos medidas que ampliam a presen\u00e7a da pol\u00edcia, investimentos em tecnologia e integra\u00e7\u00e3o com a GCM. \u00c9 um trabalho conjunto que est\u00e1 dando resultados e precisa continuar evoluindo\u201d, afirmou. O comandante Jocev\u00e3 Oliveira destacou a import\u00e2ncia da coopera\u00e7\u00e3o entre as for\u00e7as de seguran\u00e7a e o poder p\u00fablico municipal. Para ele, a uni\u00e3o entre as institui\u00e7\u00f5es \u00e9 o caminho mais eficaz para combater a criminalidade e garantir tranquilidade aos moradores. \u201cA seguran\u00e7a se constr\u00f3i com di\u00e1logo, planejamento e comprometimento. Brumado \u00e9 exemplo dessa parceria s\u00f3lida entre governo municipal e Pol\u00edcia Militar\u201d, ressaltou. Durante a reuni\u00e3o, o grupo tamb\u00e9m avaliou a possibilidade de criar novos programas de patrulhamento comunit\u00e1rio, al\u00e9m de a\u00e7\u00f5es educativas em escolas e bairros com maior vulnerabilidade social. A ideia \u00e9 fortalecer o v\u00ednculo entre a popula\u00e7\u00e3o e as for\u00e7as de seguran\u00e7a, estimulando o senso de coopera\u00e7\u00e3o e o papel preventivo da comunidade. Participaram do encontro o chefe de gabinete Castilho Viana e o comandante da Guarda Civil Municipal, S\u00e9rgio Marinho, que reafirmaram o compromisso da administra\u00e7\u00e3o com o bem-estar e a prote\u00e7\u00e3o dos brumadenses. Fabr\u00edcio enfatizou que a seguran\u00e7a \u00e9 prioridade permanente em sua gest\u00e3o. \u201cEstamos trabalhando com planejamento e di\u00e1logo, garantindo condi\u00e7\u00f5es para que a PM e a GCM atuem com efici\u00eancia. A popula\u00e7\u00e3o de Brumado merece viver com paz e confian\u00e7a\u201d, concluiu. A parceria entre o munic\u00edpio e o 24\u00ba BPM deve gerar novas a\u00e7\u00f5es conjuntas j\u00e1 nos pr\u00f3ximos meses, incluindo campanhas de conscientiza\u00e7\u00e3o, refor\u00e7o na ilumina\u00e7\u00e3o p\u00fablica e monitoramento estrat\u00e9gico em pontos cr\u00edticos da cidade.\" \/>\n<meta property=\"og:url\" content=\"https:\/\/sudoesteacontece.com.br\/?p=1934\" \/>\n<meta property=\"og:site_name\" content=\"Sudoesteacontece\" \/>\n<meta property=\"article:publisher\" content=\"https:\/\/www.facebook.com\/sudoesteacontece\/?locale=pt_BR\" \/>\n<meta property=\"article:published_time\" content=\"2025-11-06T13:17:49+00:00\" \/>\n<meta property=\"article:modified_time\" content=\"2025-11-06T13:17:50+00:00\" \/>\n<meta property=\"og:image\" content=\"https:\/\/sudoesteacontece.com.br\/wp-content\/uploads\/2025\/11\/Fabricio-Abrantes-e-Comandante-da-24o-BPM-alinham-plano-para-proteger-Brumado-com-investimento-em-tecnologia-e-reforco-policial-sudoeste-acontece.jpg\" \/>\n\t<meta property=\"og:image:width\" content=\"1280\" \/>\n\t<meta property=\"og:image:height\" content=\"1040\" \/>\n\t<meta property=\"og:image:type\" content=\"image\/jpeg\" \/>\n<meta name=\"author\" content=\"Washington Tiago\" \/>\n<meta name=\"twitter:card\" content=\"summary_large_image\" \/>\n<meta name=\"twitter:label1\" content=\"Escrito por\" \/>\n\t<meta name=\"twitter:data1\" content=\"Washington Tiago\" \/>\n\t<meta name=\"twitter:label2\" content=\"Est. tempo de leitura\" \/>\n\t<meta name=\"twitter:data2\" content=\"2 minutos\" \/>\n<script type=\"application\/ld+json\" class=\"yoast-schema-graph\">{\"@context\":\"https:\/\/schema.org\",\"@graph\":[{\"@type\":\"Article\",\"@id\":\"https:\/\/sudoesteacontece.com.br\/?p=1934#article\",\"isPartOf\":{\"@id\":\"https:\/\/sudoesteacontece.com.br\/?p=1934\"},\"author\":{\"name\":\"Washington Tiago\",\"@id\":\"https:\/\/sudoesteacontece.com.br\/#\/schema\/person\/3cf2cf009926a9683ebc29d5379fa79c\"},\"headline\":\"Fabr\u00edcio Abrantes e Comandante da 24\u00ba BPM alinham plano para proteger Brumado com investimento em tecnologia e refor\u00e7o policial\",\"datePublished\":\"2025-11-06T13:17:49+00:00\",\"dateModified\":\"2025-11-06T13:17:50+00:00\",\"mainEntityOfPage\":{\"@id\":\"https:\/\/sudoesteacontece.com.br\/?p=1934\"},\"wordCount\":442,\"commentCount\":0,\"publisher\":{\"@id\":\"https:\/\/sudoesteacontece.com.br\/#organization\"},\"image\":{\"@id\":\"https:\/\/sudoesteacontece.com.br\/?p=1934#primaryimage\"},\"thumbnailUrl\":\"https:\/\/sudoesteacontece.com.br\/wp-content\/uploads\/2025\/11\/Fabricio-Abrantes-e-Comandante-da-24o-BPM-alinham-plano-para-proteger-Brumado-com-investimento-em-tecnologia-e-reforco-policial-sudoeste-acontece.jpg\",\"articleSection\":[\"Brumado\",\"Cidades\",\"Pol\u00edcia\"],\"inLanguage\":\"pt-BR\",\"potentialAction\":[{\"@type\":\"CommentAction\",\"name\":\"Comment\",\"target\":[\"https:\/\/sudoesteacontece.com.br\/?p=1934#respond\"]}]},{\"@type\":\"WebPage\",\"@id\":\"https:\/\/sudoesteacontece.com.br\/?p=1934\",\"url\":\"https:\/\/sudoesteacontece.com.br\/?p=1934\",\"name\":\"Fabr\u00edcio Abrantes e Comandante da 24\u00ba BPM alinham plano para proteger Brumado com investimento em tecnologia e refor\u00e7o policial - Sudoesteacontece\",\"isPartOf\":{\"@id\":\"https:\/\/sudoesteacontece.com.br\/#website\"},\"primaryImageOfPage\":{\"@id\":\"https:\/\/sudoesteacontece.com.br\/?p=1934#primaryimage\"},\"image\":{\"@id\":\"https:\/\/sudoesteacontece.com.br\/?p=1934#primaryimage\"},\"thumbnailUrl\":\"https:\/\/sudoesteacontece.com.br\/wp-content\/uploads\/2025\/11\/Fabricio-Abrantes-e-Comandante-da-24o-BPM-alinham-plano-para-proteger-Brumado-com-investimento-em-tecnologia-e-reforco-policial-sudoeste-acontece.jpg\",\"datePublished\":\"2025-11-06T13:17:49+00:00\",\"dateModified\":\"2025-11-06T13:17:50+00:00\",\"breadcrumb\":{\"@id\":\"https:\/\/sudoesteacontece.com.br\/?p=1934#breadcrumb\"},\"inLanguage\":\"pt-BR\",\"potentialAction\":[{\"@type\":\"ReadAction\",\"target\":[\"https:\/\/sudoesteacontece.com.br\/?p=1934\"]}]},{\"@type\":\"ImageObject\",\"inLanguage\":\"pt-BR\",\"@id\":\"https:\/\/sudoesteacontece.com.br\/?p=1934#primaryimage\",\"url\":\"https:\/\/sudoesteacontece.com.br\/wp-content\/uploads\/2025\/11\/Fabricio-Abrantes-e-Comandante-da-24o-BPM-alinham-plano-para-proteger-Brumado-com-investimento-em-tecnologia-e-reforco-policial-sudoeste-acontece.jpg\",\"contentUrl\":\"https:\/\/sudoesteacontece.com.br\/wp-content\/uploads\/2025\/11\/Fabricio-Abrantes-e-Comandante-da-24o-BPM-alinham-plano-para-proteger-Brumado-com-investimento-em-tecnologia-e-reforco-policial-sudoeste-acontece.jpg\",\"width\":1280,\"height\":1040},{\"@type\":\"BreadcrumbList\",\"@id\":\"https:\/\/sudoesteacontece.com.br\/?p=1934#breadcrumb\",\"itemListElement\":[{\"@type\":\"ListItem\",\"position\":1,\"name\":\"In\u00edcio\",\"item\":\"https:\/\/sudoesteacontece.com.br\/\"},{\"@type\":\"ListItem\",\"position\":2,\"name\":\"Fabr\u00edcio Abrantes e Comandante da 24\u00ba BPM alinham plano para proteger Brumado com investimento em tecnologia e refor\u00e7o policial\"}]},{\"@type\":\"WebSite\",\"@id\":\"https:\/\/sudoesteacontece.com.br\/#website\",\"url\":\"https:\/\/sudoesteacontece.com.br\/\",\"name\":\"Sudoesteacontece\",\"description\":\"\",\"publisher\":{\"@id\":\"https:\/\/sudoesteacontece.com.br\/#organization\"},\"potentialAction\":[{\"@type\":\"SearchAction\",\"target\":{\"@type\":\"EntryPoint\",\"urlTemplate\":\"https:\/\/sudoesteacontece.com.br\/?s={search_term_string}\"},\"query-input\":{\"@type\":\"PropertyValueSpecification\",\"valueRequired\":true,\"valueName\":\"search_term_string\"}}],\"inLanguage\":\"pt-BR\"},{\"@type\":\"Organization\",\"@id\":\"https:\/\/sudoesteacontece.com.br\/#organization\",\"name\":\"Sudoesteacontece\",\"url\":\"https:\/\/sudoesteacontece.com.br\/\",\"logo\":{\"@type\":\"ImageObject\",\"inLanguage\":\"pt-BR\",\"@id\":\"https:\/\/sudoesteacontece.com.br\/#\/schema\/logo\/image\/\",\"url\":\"https:\/\/sudoesteacontece.com.br\/wp-content\/uploads\/2025\/12\/cropped-logo-2-180x180-1.png\",\"contentUrl\":\"https:\/\/sudoesteacontece.com.br\/wp-content\/uploads\/2025\/12\/cropped-logo-2-180x180-1.png\",\"width\":180,\"height\":180,\"caption\":\"Sudoesteacontece\"},\"image\":{\"@id\":\"https:\/\/sudoesteacontece.com.br\/#\/schema\/logo\/image\/\"},\"sameAs\":[\"https:\/\/www.facebook.com\/sudoesteacontece\/?locale=pt_BR\"]},{\"@type\":\"Person\",\"@id\":\"https:\/\/sudoesteacontece.com.br\/#\/schema\/person\/3cf2cf009926a9683ebc29d5379fa79c\",\"name\":\"Washington Tiago\",\"image\":{\"@type\":\"ImageObject\",\"inLanguage\":\"pt-BR\",\"@id\":\"https:\/\/sudoesteacontece.com.br\/#\/schema\/person\/image\/\",\"url\":\"https:\/\/secure.gravatar.com\/avatar\/33c43b8668157e040f9d1fe93c354bf087cbd8ba36270c1163198bd3ddcf2a56?s=96&d=mm&r=g\",\"contentUrl\":\"https:\/\/secure.gravatar.com\/avatar\/33c43b8668157e040f9d1fe93c354bf087cbd8ba36270c1163198bd3ddcf2a56?s=96&d=mm&r=g\",\"caption\":\"Washington Tiago\"},\"url\":\"https:\/\/sudoesteacontece.com.br\/?author=2\"}]}<\/script>\n<!-- \/ Yoast SEO plugin. -->","yoast_head_json":{"title":"Fabr\u00edcio Abrantes e Comandante da 24\u00ba BPM alinham plano para proteger Brumado com investimento em tecnologia e refor\u00e7o policial - Sudoesteacontece","robots":{"index":"index","follow":"follow","max-snippet":"max-snippet:-1","max-image-preview":"max-image-preview:large","max-video-preview":"max-video-preview:-1"},"canonical":"https:\/\/sudoesteacontece.com.br\/?p=1934","og_locale":"pt_BR","og_type":"article","og_title":"Fabr\u00edcio Abrantes e Comandante da 24\u00ba BPM alinham plano para proteger Brumado com investimento em tecnologia e refor\u00e7o policial - Sudoesteacontece","og_description":"Brumado deu mais um passo importante na luta pela seguran\u00e7a p\u00fablica. O prefeito Fabr\u00edcio Abrantes (Avante) recebeu nesta quarta-feira (5), em seu gabinete, o comandante do 24\u00ba Batalh\u00e3o de Pol\u00edcia Militar, Tenente-Coronel Jocev\u00e3 Oliveira, para uma reuni\u00e3o estrat\u00e9gica que reafirmou o compromisso conjunto entre o munic\u00edpio e a Pol\u00edcia Militar. O encontro tratou do fortalecimento das a\u00e7\u00f5es preventivas, amplia\u00e7\u00e3o do efetivo policial e moderniza\u00e7\u00e3o da vigil\u00e2ncia urbana, com destaque para a expans\u00e3o do sistema de c\u00e2meras de videomonitoramento. A proposta busca aumentar o alcance das opera\u00e7\u00f5es e melhorar a capacidade de resposta diante de ocorr\u00eancias. Segundo o prefeito Fabr\u00edcio, a parceria entre a PM e a Guarda Civil Municipal (GCM) \u00e9 essencial para consolidar uma cidade mais segura. \u201cDiscutimos medidas que ampliam a presen\u00e7a da pol\u00edcia, investimentos em tecnologia e integra\u00e7\u00e3o com a GCM. \u00c9 um trabalho conjunto que est\u00e1 dando resultados e precisa continuar evoluindo\u201d, afirmou. O comandante Jocev\u00e3 Oliveira destacou a import\u00e2ncia da coopera\u00e7\u00e3o entre as for\u00e7as de seguran\u00e7a e o poder p\u00fablico municipal. Para ele, a uni\u00e3o entre as institui\u00e7\u00f5es \u00e9 o caminho mais eficaz para combater a criminalidade e garantir tranquilidade aos moradores. \u201cA seguran\u00e7a se constr\u00f3i com di\u00e1logo, planejamento e comprometimento. Brumado \u00e9 exemplo dessa parceria s\u00f3lida entre governo municipal e Pol\u00edcia Militar\u201d, ressaltou. Durante a reuni\u00e3o, o grupo tamb\u00e9m avaliou a possibilidade de criar novos programas de patrulhamento comunit\u00e1rio, al\u00e9m de a\u00e7\u00f5es educativas em escolas e bairros com maior vulnerabilidade social. A ideia \u00e9 fortalecer o v\u00ednculo entre a popula\u00e7\u00e3o e as for\u00e7as de seguran\u00e7a, estimulando o senso de coopera\u00e7\u00e3o e o papel preventivo da comunidade. Participaram do encontro o chefe de gabinete Castilho Viana e o comandante da Guarda Civil Municipal, S\u00e9rgio Marinho, que reafirmaram o compromisso da administra\u00e7\u00e3o com o bem-estar e a prote\u00e7\u00e3o dos brumadenses. Fabr\u00edcio enfatizou que a seguran\u00e7a \u00e9 prioridade permanente em sua gest\u00e3o. \u201cEstamos trabalhando com planejamento e di\u00e1logo, garantindo condi\u00e7\u00f5es para que a PM e a GCM atuem com efici\u00eancia. A popula\u00e7\u00e3o de Brumado merece viver com paz e confian\u00e7a\u201d, concluiu. A parceria entre o munic\u00edpio e o 24\u00ba BPM deve gerar novas a\u00e7\u00f5es conjuntas j\u00e1 nos pr\u00f3ximos meses, incluindo campanhas de conscientiza\u00e7\u00e3o, refor\u00e7o na ilumina\u00e7\u00e3o p\u00fablica e monitoramento estrat\u00e9gico em pontos cr\u00edticos da cidade.","og_url":"https:\/\/sudoesteacontece.com.br\/?p=1934","og_site_name":"Sudoesteacontece","article_publisher":"https:\/\/www.facebook.com\/sudoesteacontece\/?locale=pt_BR","article_published_time":"2025-11-06T13:17:49+00:00","article_modified_time":"2025-11-06T13:17:50+00:00","og_image":[{"width":1280,"height":1040,"url":"https:\/\/sudoesteacontece.com.br\/wp-content\/uploads\/2025\/11\/Fabricio-Abrantes-e-Comandante-da-24o-BPM-alinham-plano-para-proteger-Brumado-com-investimento-em-tecnologia-e-reforco-policial-sudoeste-acontece.jpg","type":"image\/jpeg"}],"author":"Washington Tiago","twitter_card":"summary_large_image","twitter_misc":{"Escrito por":"Washington Tiago","Est. tempo de leitura":"2 minutos"},"schema":{"@context":"https:\/\/schema.org","@graph":[{"@type":"Article","@id":"https:\/\/sudoesteacontece.com.br\/?p=1934#article","isPartOf":{"@id":"https:\/\/sudoesteacontece.com.br\/?p=1934"},"author":{"name":"Washington Tiago","@id":"https:\/\/sudoesteacontece.com.br\/#\/schema\/person\/3cf2cf009926a9683ebc29d5379fa79c"},"headline":"Fabr\u00edcio Abrantes e Comandante da 24\u00ba BPM alinham plano para proteger Brumado com investimento em tecnologia e refor\u00e7o policial","datePublished":"2025-11-06T13:17:49+00:00","dateModified":"2025-11-06T13:17:50+00:00","mainEntityOfPage":{"@id":"https:\/\/sudoesteacontece.com.br\/?p=1934"},"wordCount":442,"commentCount":0,"publisher":{"@id":"https:\/\/sudoesteacontece.com.br\/#organization"},"image":{"@id":"https:\/\/sudoesteacontece.com.br\/?p=1934#primaryimage"},"thumbnailUrl":"https:\/\/sudoesteacontece.com.br\/wp-content\/uploads\/2025\/11\/Fabricio-Abrantes-e-Comandante-da-24o-BPM-alinham-plano-para-proteger-Brumado-com-investimento-em-tecnologia-e-reforco-policial-sudoeste-acontece.jpg","articleSection":["Brumado","Cidades","Pol\u00edcia"],"inLanguage":"pt-BR","potentialAction":[{"@type":"CommentAction","name":"Comment","target":["https:\/\/sudoesteacontece.com.br\/?p=1934#respond"]}]},{"@type":"WebPage","@id":"https:\/\/sudoesteacontece.com.br\/?p=1934","url":"https:\/\/sudoesteacontece.com.br\/?p=1934","name":"Fabr\u00edcio Abrantes e Comandante da 24\u00ba BPM alinham plano para proteger Brumado com investimento em tecnologia e refor\u00e7o policial - Sudoesteacontece","isPartOf":{"@id":"https:\/\/sudoesteacontece.com.br\/#website"},"primaryImageOfPage":{"@id":"https:\/\/sudoesteacontece.com.br\/?p=1934#primaryimage"},"image":{"@id":"https:\/\/sudoesteacontece.com.br\/?p=1934#primaryimage"},"thumbnailUrl":"https:\/\/sudoesteacontece.com.br\/wp-content\/uploads\/2025\/11\/Fabricio-Abrantes-e-Comandante-da-24o-BPM-alinham-plano-para-proteger-Brumado-com-investimento-em-tecnologia-e-reforco-policial-sudoeste-acontece.jpg","datePublished":"2025-11-06T13:17:49+00:00","dateModified":"2025-11-06T13:17:50+00:00","breadcrumb":{"@id":"https:\/\/sudoesteacontece.com.br\/?p=1934#breadcrumb"},"inLanguage":"pt-BR","potentialAction":[{"@type":"ReadAction","target":["https:\/\/sudoesteacontece.com.br\/?p=1934"]}]},{"@type":"ImageObject","inLanguage":"pt-BR","@id":"https:\/\/sudoesteacontece.com.br\/?p=1934#primaryimage","url":"https:\/\/sudoesteacontece.com.br\/wp-content\/uploads\/2025\/11\/Fabricio-Abrantes-e-Comandante-da-24o-BPM-alinham-plano-para-proteger-Brumado-com-investimento-em-tecnologia-e-reforco-policial-sudoeste-acontece.jpg","contentUrl":"https:\/\/sudoesteacontece.com.br\/wp-content\/uploads\/2025\/11\/Fabricio-Abrantes-e-Comandante-da-24o-BPM-alinham-plano-para-proteger-Brumado-com-investimento-em-tecnologia-e-reforco-policial-sudoeste-acontece.jpg","width":1280,"height":1040},{"@type":"BreadcrumbList","@id":"https:\/\/sudoesteacontece.com.br\/?p=1934#breadcrumb","itemListElement":[{"@type":"ListItem","position":1,"name":"In\u00edcio","item":"https:\/\/sudoesteacontece.com.br\/"},{"@type":"ListItem","position":2,"name":"Fabr\u00edcio Abrantes e Comandante da 24\u00ba BPM alinham plano para proteger Brumado com investimento em tecnologia e refor\u00e7o policial"}]},{"@type":"WebSite","@id":"https:\/\/sudoesteacontece.com.br\/#website","url":"https:\/\/sudoesteacontece.com.br\/","name":"Sudoesteacontece","description":"","publisher":{"@id":"https:\/\/sudoesteacontece.com.br\/#organization"},"potentialAction":[{"@type":"SearchAction","target":{"@type":"EntryPoint","urlTemplate":"https:\/\/sudoesteacontece.com.br\/?s={search_term_string}"},"query-input":{"@type":"PropertyValueSpecification","valueRequired":true,"valueName":"search_term_string"}}],"inLanguage":"pt-BR"},{"@type":"Organization","@id":"https:\/\/sudoesteacontece.com.br\/#organization","name":"Sudoesteacontece","url":"https:\/\/sudoesteacontece.com.br\/","logo":{"@type":"ImageObject","inLanguage":"pt-BR","@id":"https:\/\/sudoesteacontece.com.br\/#\/schema\/logo\/image\/","url":"https:\/\/sudoesteacontece.com.br\/wp-content\/uploads\/2025\/12\/cropped-logo-2-180x180-1.png","contentUrl":"https:\/\/sudoesteacontece.com.br\/wp-content\/uploads\/2025\/12\/cropped-logo-2-180x180-1.png","width":180,"height":180,"caption":"Sudoesteacontece"},"image":{"@id":"https:\/\/sudoesteacontece.com.br\/#\/schema\/logo\/image\/"},"sameAs":["https:\/\/www.facebook.com\/sudoesteacontece\/?locale=pt_BR"]},{"@type":"Person","@id":"https:\/\/sudoesteacontece.com.br\/#\/schema\/person\/3cf2cf009926a9683ebc29d5379fa79c","name":"Washington Tiago","image":{"@type":"ImageObject","inLanguage":"pt-BR","@id":"https:\/\/sudoesteacontece.com.br\/#\/schema\/person\/image\/","url":"https:\/\/secure.gravatar.com\/avatar\/33c43b8668157e040f9d1fe93c354bf087cbd8ba36270c1163198bd3ddcf2a56?s=96&d=mm&r=g","contentUrl":"https:\/\/secure.gravatar.com\/avatar\/33c43b8668157e040f9d1fe93c354bf087cbd8ba36270c1163198bd3ddcf2a56?s=96&d=mm&r=g","caption":"Washington Tiago"},"url":"https:\/\/sudoesteacontece.com.br\/?author=2"}]}},"_links":{"self":[{"href":"https:\/\/sudoesteacontece.com.br\/index.php?rest_route=\/wp\/v2\/posts\/1934","targetHints":{"allow":["GET"]}}],"collection":[{"href":"https:\/\/sudoesteacontece.com.br\/index.php?rest_route=\/wp\/v2\/posts"}],"about":[{"href":"https:\/\/sudoesteacontece.com.br\/index.php?rest_route=\/wp\/v2\/types\/post"}],"author":[{"embeddable":true,"href":"https:\/\/sudoesteacontece.com.br\/index.php?rest_route=\/wp\/v2\/users\/2"}],"replies":[{"embeddable":true,"href":"https:\/\/sudoesteacontece.com.br\/index.php?rest_route=%2Fwp%2Fv2%2Fcomments&post=1934"}],"version-history":[{"count":0,"href":"https:\/\/sudoesteacontece.com.br\/index.php?rest_route=\/wp\/v2\/posts\/1934\/revisions"}],"wp:featuredmedia":[{"embeddable":true,"href":"https:\/\/sudoesteacontece.com.br\/index.php?rest_route=\/wp\/v2\/media\/1959"}],"wp:attachment":[{"href":"https:\/\/sudoesteacontece.com.br\/index.php?rest_route=%2Fwp%2Fv2%2Fmedia&parent=1934"}],"wp:term":[{"taxonomy":"category","embeddable":true,"href":"https:\/\/sudoesteacontece.com.br\/index.php?rest_route=%2Fwp%2Fv2%2Fcategories&post=1934"},{"taxonomy":"post_tag","embeddable":true,"href":"https:\/\/sudoesteacontece.com.br\/index.php?rest_route=%2Fwp%2Fv2%2Ftags&post=1934"}],"curies":[{"name":"wp","href":"https:\/\/api.w.org\/{rel}","templated":true}]}}