{"id":1936,"date":"2025-11-06T10:24:27","date_gmt":"2025-11-06T13:24:27","guid":{"rendered":"https:\/\/sudoesteacontece.com.br\/?p=1936"},"modified":"2025-11-06T10:26:21","modified_gmt":"2025-11-06T13:26:21","slug":"brumado-se-despede-de-seu-beco-ex-coveiro-simbolo-do-cemiterio-santa-ines","status":"publish","type":"post","link":"https:\/\/sudoesteacontece.com.br\/?p=1936","title":{"rendered":"Brumado se despede de \u201cSeu Beco\u201d, ex-coveiro s\u00edmbolo do Cemit\u00e9rio Santa In\u00eas"},"content":{"rendered":"<div class=\"wp-block-image\">\n<figure class=\"aligncenter size-large\"><img fetchpriority=\"high\" decoding=\"async\" width=\"1024\" height=\"760\" src=\"http:\/\/sudoesteacontece.com.br\/wp-content\/uploads\/2025\/11\/Brumado-se-despede-de-Seu-Beco-ex-coveiro-simbolo-do-Cemiterio-Santa-Ines-sudoeste-acontece-1024x760.jpg\" alt=\"\" class=\"wp-image-1961\" srcset=\"https:\/\/sudoesteacontece.com.br\/wp-content\/uploads\/2025\/11\/Brumado-se-despede-de-Seu-Beco-ex-coveiro-simbolo-do-Cemiterio-Santa-Ines-sudoeste-acontece-1024x760.jpg 1024w, https:\/\/sudoesteacontece.com.br\/wp-content\/uploads\/2025\/11\/Brumado-se-despede-de-Seu-Beco-ex-coveiro-simbolo-do-Cemiterio-Santa-Ines-sudoeste-acontece-300x223.jpg 300w, https:\/\/sudoesteacontece.com.br\/wp-content\/uploads\/2025\/11\/Brumado-se-despede-de-Seu-Beco-ex-coveiro-simbolo-do-Cemiterio-Santa-Ines-sudoeste-acontece-768x570.jpg 768w, https:\/\/sudoesteacontece.com.br\/wp-content\/uploads\/2025\/11\/Brumado-se-despede-de-Seu-Beco-ex-coveiro-simbolo-do-Cemiterio-Santa-Ines-sudoeste-acontece.jpg 1434w\" sizes=\"(max-width: 1024px) 100vw, 1024px\" \/><\/figure>\n<\/div>\n\n\n<p>Brumado amanheceu mais silenciosa nesta quarta-feira (5). Morreu aos 84 anos, Am\u00e9rico Brito Concei\u00e7\u00e3o, conhecido carinhosamente como \u201cSeu Beco do Cemit\u00e9rio\u201d, uma das figuras mais queridas e populares do munic\u00edpio.<\/p>\n\n\n\n<p>Reconhecido por sua dedica\u00e7\u00e3o e humildade, Seu Beco trabalhou por cerca de quatro d\u00e9cadas como coveiro do Cemit\u00e9rio Santa In\u00eas, tornando-se uma presen\u00e7a constante nas despedidas e mem\u00f3rias de muitas fam\u00edlias brumadenses. Sua trajet\u00f3ria foi marcada por respeito, discri\u00e7\u00e3o e compromisso com o trabalho, qualidades que o transformaram em s\u00edmbolo de simplicidade e servi\u00e7o p\u00fablico.<\/p>\n\n\n\n<p>Durante anos, foi ele quem cuidou das despedidas da cidade. Sob sol forte ou chuva, l\u00e1 estava Seu Beco, firme, prestando o \u00faltimo servi\u00e7o com dignidade e humanidade. Muitos moradores o descrevem como um homem de palavra, cora\u00e7\u00e3o generoso e sorriso sereno, sempre pronto a ajudar quem precisasse.<\/p>\n\n\n\n<p>Em 2021, ap\u00f3s longa atua\u00e7\u00e3o, foi exonerado durante a gest\u00e3o do ent\u00e3o prefeito Eduardo Vasconcelos, encerrando oficialmente uma jornada marcada pela entrega ao trabalho e pelo carinho da popula\u00e7\u00e3o. Mesmo fora do cargo, continuou sendo lembrado como parte da hist\u00f3ria viva do cemit\u00e9rio e da pr\u00f3pria cidade.<\/p>\n\n\n\n<p>O falecimento de Seu Beco provocou profunda como\u00e7\u00e3o nas redes sociais. Diversos brumadenses prestaram homenagens, lembrando sua postura simples e o papel que desempenhou com honra ao longo de toda a vida. \u201cEle n\u00e3o era s\u00f3 um coveiro, era um guardi\u00e3o das mem\u00f3rias de Brumado\u201d, escreveu um morador.<\/p>\n\n\n\n<p>At\u00e9 o momento, n\u00e3o foram divulgados o hor\u00e1rio e o local do sepultamento, mas familiares e amigos devem se reunir para a \u00faltima despedida a um homem que fez parte da rotina da cidade por gera\u00e7\u00f5es. Com a partida de Seu Beco, Brumado perde n\u00e3o apenas um servidor dedicado, mas um personagem humano e respeitado, que deixou sua marca silenciosa na hist\u00f3ria da comunidade.<\/p>\n","protected":false},"excerpt":{"rendered":"<p>Brumado amanheceu mais silenciosa nesta quarta-feira (5). Morreu aos 84 anos, Am\u00e9rico Brito Concei\u00e7\u00e3o, conhecido carinhosamente como \u201cSeu Beco do Cemit\u00e9rio\u201d, uma das figuras mais queridas e populares do munic\u00edpio. Reconhecido por sua dedica\u00e7\u00e3o e humildade, Seu Beco trabalhou por cerca de quatro d\u00e9cadas como coveiro do Cemit\u00e9rio Santa In\u00eas, tornando-se uma presen\u00e7a constante nas despedidas e mem\u00f3rias de muitas fam\u00edlias brumadenses. Sua trajet\u00f3ria foi marcada por respeito, discri\u00e7\u00e3o e compromisso com o trabalho, qualidades que o transformaram em s\u00edmbolo de simplicidade e servi\u00e7o p\u00fablico. Durante anos, foi ele quem cuidou das despedidas da cidade. Sob sol forte ou chuva, l\u00e1 estava Seu Beco, firme, prestando o \u00faltimo servi\u00e7o com dignidade e humanidade. Muitos moradores o descrevem como um homem de palavra, cora\u00e7\u00e3o generoso e sorriso sereno, sempre pronto a ajudar quem precisasse. Em 2021, ap\u00f3s longa atua\u00e7\u00e3o, foi exonerado durante a gest\u00e3o do ent\u00e3o prefeito Eduardo Vasconcelos, encerrando oficialmente uma jornada marcada pela entrega ao trabalho e pelo carinho da popula\u00e7\u00e3o. Mesmo fora do cargo, continuou sendo lembrado como parte da hist\u00f3ria viva do cemit\u00e9rio e da pr\u00f3pria cidade. O falecimento de Seu Beco provocou profunda como\u00e7\u00e3o nas redes sociais. Diversos brumadenses prestaram homenagens, lembrando sua postura simples e o papel que desempenhou com honra ao longo de toda a vida. \u201cEle n\u00e3o era s\u00f3 um coveiro, era um guardi\u00e3o das mem\u00f3rias de Brumado\u201d, escreveu um morador. At\u00e9 o momento, n\u00e3o foram divulgados o hor\u00e1rio e o local do sepultamento, mas familiares e amigos devem se reunir para a \u00faltima despedida a um homem que fez parte da rotina da cidade por gera\u00e7\u00f5es. Com a partida de Seu Beco, Brumado perde n\u00e3o apenas um servidor dedicado, mas um personagem humano e respeitado, que deixou sua marca silenciosa na hist\u00f3ria da comunidade.<\/p>\n","protected":false},"author":2,"featured_media":1961,"comment_status":"open","ping_status":"open","sticky":false,"template":"","format":"standard","meta":{"footnotes":""},"categories":[10,4],"tags":[],"class_list":["post-1936","post","type-post","status-publish","format-standard","has-post-thumbnail","hentry","category-brumado","category-cidades"],"yoast_head":"<!-- This site is optimized with the Yoast SEO plugin v26.5 - https:\/\/yoast.com\/wordpress\/plugins\/seo\/ -->\n<title>Brumado se despede de \u201cSeu Beco\u201d, ex-coveiro s\u00edmbolo do Cemit\u00e9rio Santa In\u00eas - Sudoesteacontece<\/title>\n<meta name=\"robots\" content=\"index, follow, max-snippet:-1, max-image-preview:large, max-video-preview:-1\" \/>\n<link rel=\"canonical\" href=\"https:\/\/sudoesteacontece.com.br\/?p=1936\" \/>\n<meta property=\"og:locale\" content=\"pt_BR\" \/>\n<meta property=\"og:type\" content=\"article\" \/>\n<meta property=\"og:title\" content=\"Brumado se despede de \u201cSeu Beco\u201d, ex-coveiro s\u00edmbolo do Cemit\u00e9rio Santa In\u00eas - Sudoesteacontece\" \/>\n<meta property=\"og:description\" content=\"Brumado amanheceu mais silenciosa nesta quarta-feira (5). Morreu aos 84 anos, Am\u00e9rico Brito Concei\u00e7\u00e3o, conhecido carinhosamente como \u201cSeu Beco do Cemit\u00e9rio\u201d, uma das figuras mais queridas e populares do munic\u00edpio. Reconhecido por sua dedica\u00e7\u00e3o e humildade, Seu Beco trabalhou por cerca de quatro d\u00e9cadas como coveiro do Cemit\u00e9rio Santa In\u00eas, tornando-se uma presen\u00e7a constante nas despedidas e mem\u00f3rias de muitas fam\u00edlias brumadenses. Sua trajet\u00f3ria foi marcada por respeito, discri\u00e7\u00e3o e compromisso com o trabalho, qualidades que o transformaram em s\u00edmbolo de simplicidade e servi\u00e7o p\u00fablico. Durante anos, foi ele quem cuidou das despedidas da cidade. Sob sol forte ou chuva, l\u00e1 estava Seu Beco, firme, prestando o \u00faltimo servi\u00e7o com dignidade e humanidade. Muitos moradores o descrevem como um homem de palavra, cora\u00e7\u00e3o generoso e sorriso sereno, sempre pronto a ajudar quem precisasse. Em 2021, ap\u00f3s longa atua\u00e7\u00e3o, foi exonerado durante a gest\u00e3o do ent\u00e3o prefeito Eduardo Vasconcelos, encerrando oficialmente uma jornada marcada pela entrega ao trabalho e pelo carinho da popula\u00e7\u00e3o. Mesmo fora do cargo, continuou sendo lembrado como parte da hist\u00f3ria viva do cemit\u00e9rio e da pr\u00f3pria cidade. O falecimento de Seu Beco provocou profunda como\u00e7\u00e3o nas redes sociais. Diversos brumadenses prestaram homenagens, lembrando sua postura simples e o papel que desempenhou com honra ao longo de toda a vida. \u201cEle n\u00e3o era s\u00f3 um coveiro, era um guardi\u00e3o das mem\u00f3rias de Brumado\u201d, escreveu um morador. At\u00e9 o momento, n\u00e3o foram divulgados o hor\u00e1rio e o local do sepultamento, mas familiares e amigos devem se reunir para a \u00faltima despedida a um homem que fez parte da rotina da cidade por gera\u00e7\u00f5es. Com a partida de Seu Beco, Brumado perde n\u00e3o apenas um servidor dedicado, mas um personagem humano e respeitado, que deixou sua marca silenciosa na hist\u00f3ria da comunidade.\" \/>\n<meta property=\"og:url\" content=\"https:\/\/sudoesteacontece.com.br\/?p=1936\" \/>\n<meta property=\"og:site_name\" content=\"Sudoesteacontece\" \/>\n<meta property=\"article:publisher\" content=\"https:\/\/www.facebook.com\/sudoesteacontece\/?locale=pt_BR\" \/>\n<meta property=\"article:published_time\" content=\"2025-11-06T13:24:27+00:00\" \/>\n<meta property=\"article:modified_time\" content=\"2025-11-06T13:26:21+00:00\" \/>\n<meta property=\"og:image\" content=\"https:\/\/sudoesteacontece.com.br\/wp-content\/uploads\/2025\/11\/Brumado-se-despede-de-Seu-Beco-ex-coveiro-simbolo-do-Cemiterio-Santa-Ines-sudoeste-acontece.jpg\" \/>\n\t<meta property=\"og:image:width\" content=\"1434\" \/>\n\t<meta property=\"og:image:height\" content=\"1064\" \/>\n\t<meta property=\"og:image:type\" content=\"image\/jpeg\" \/>\n<meta name=\"author\" content=\"Washington Tiago\" \/>\n<meta name=\"twitter:card\" content=\"summary_large_image\" \/>\n<meta name=\"twitter:label1\" content=\"Escrito por\" \/>\n\t<meta name=\"twitter:data1\" content=\"Washington Tiago\" \/>\n\t<meta name=\"twitter:label2\" content=\"Est. tempo de leitura\" \/>\n\t<meta name=\"twitter:data2\" content=\"2 minutos\" \/>\n<script type=\"application\/ld+json\" class=\"yoast-schema-graph\">{\"@context\":\"https:\/\/schema.org\",\"@graph\":[{\"@type\":\"Article\",\"@id\":\"https:\/\/sudoesteacontece.com.br\/?p=1936#article\",\"isPartOf\":{\"@id\":\"https:\/\/sudoesteacontece.com.br\/?p=1936\"},\"author\":{\"name\":\"Washington Tiago\",\"@id\":\"https:\/\/sudoesteacontece.com.br\/#\/schema\/person\/3cf2cf009926a9683ebc29d5379fa79c\"},\"headline\":\"Brumado se despede de \u201cSeu Beco\u201d, ex-coveiro s\u00edmbolo do Cemit\u00e9rio Santa In\u00eas\",\"datePublished\":\"2025-11-06T13:24:27+00:00\",\"dateModified\":\"2025-11-06T13:26:21+00:00\",\"mainEntityOfPage\":{\"@id\":\"https:\/\/sudoesteacontece.com.br\/?p=1936\"},\"wordCount\":339,\"commentCount\":0,\"publisher\":{\"@id\":\"https:\/\/sudoesteacontece.com.br\/#organization\"},\"image\":{\"@id\":\"https:\/\/sudoesteacontece.com.br\/?p=1936#primaryimage\"},\"thumbnailUrl\":\"https:\/\/sudoesteacontece.com.br\/wp-content\/uploads\/2025\/11\/Brumado-se-despede-de-Seu-Beco-ex-coveiro-simbolo-do-Cemiterio-Santa-Ines-sudoeste-acontece.jpg\",\"articleSection\":[\"Brumado\",\"Cidades\"],\"inLanguage\":\"pt-BR\",\"potentialAction\":[{\"@type\":\"CommentAction\",\"name\":\"Comment\",\"target\":[\"https:\/\/sudoesteacontece.com.br\/?p=1936#respond\"]}]},{\"@type\":\"WebPage\",\"@id\":\"https:\/\/sudoesteacontece.com.br\/?p=1936\",\"url\":\"https:\/\/sudoesteacontece.com.br\/?p=1936\",\"name\":\"Brumado se despede de \u201cSeu Beco\u201d, ex-coveiro s\u00edmbolo do Cemit\u00e9rio Santa In\u00eas - Sudoesteacontece\",\"isPartOf\":{\"@id\":\"https:\/\/sudoesteacontece.com.br\/#website\"},\"primaryImageOfPage\":{\"@id\":\"https:\/\/sudoesteacontece.com.br\/?p=1936#primaryimage\"},\"image\":{\"@id\":\"https:\/\/sudoesteacontece.com.br\/?p=1936#primaryimage\"},\"thumbnailUrl\":\"https:\/\/sudoesteacontece.com.br\/wp-content\/uploads\/2025\/11\/Brumado-se-despede-de-Seu-Beco-ex-coveiro-simbolo-do-Cemiterio-Santa-Ines-sudoeste-acontece.jpg\",\"datePublished\":\"2025-11-06T13:24:27+00:00\",\"dateModified\":\"2025-11-06T13:26:21+00:00\",\"breadcrumb\":{\"@id\":\"https:\/\/sudoesteacontece.com.br\/?p=1936#breadcrumb\"},\"inLanguage\":\"pt-BR\",\"potentialAction\":[{\"@type\":\"ReadAction\",\"target\":[\"https:\/\/sudoesteacontece.com.br\/?p=1936\"]}]},{\"@type\":\"ImageObject\",\"inLanguage\":\"pt-BR\",\"@id\":\"https:\/\/sudoesteacontece.com.br\/?p=1936#primaryimage\",\"url\":\"https:\/\/sudoesteacontece.com.br\/wp-content\/uploads\/2025\/11\/Brumado-se-despede-de-Seu-Beco-ex-coveiro-simbolo-do-Cemiterio-Santa-Ines-sudoeste-acontece.jpg\",\"contentUrl\":\"https:\/\/sudoesteacontece.com.br\/wp-content\/uploads\/2025\/11\/Brumado-se-despede-de-Seu-Beco-ex-coveiro-simbolo-do-Cemiterio-Santa-Ines-sudoeste-acontece.jpg\",\"width\":1434,\"height\":1064},{\"@type\":\"BreadcrumbList\",\"@id\":\"https:\/\/sudoesteacontece.com.br\/?p=1936#breadcrumb\",\"itemListElement\":[{\"@type\":\"ListItem\",\"position\":1,\"name\":\"In\u00edcio\",\"item\":\"https:\/\/sudoesteacontece.com.br\/\"},{\"@type\":\"ListItem\",\"position\":2,\"name\":\"Brumado se despede de \u201cSeu Beco\u201d, ex-coveiro s\u00edmbolo do Cemit\u00e9rio Santa In\u00eas\"}]},{\"@type\":\"WebSite\",\"@id\":\"https:\/\/sudoesteacontece.com.br\/#website\",\"url\":\"https:\/\/sudoesteacontece.com.br\/\",\"name\":\"Sudoesteacontece\",\"description\":\"\",\"publisher\":{\"@id\":\"https:\/\/sudoesteacontece.com.br\/#organization\"},\"potentialAction\":[{\"@type\":\"SearchAction\",\"target\":{\"@type\":\"EntryPoint\",\"urlTemplate\":\"https:\/\/sudoesteacontece.com.br\/?s={search_term_string}\"},\"query-input\":{\"@type\":\"PropertyValueSpecification\",\"valueRequired\":true,\"valueName\":\"search_term_string\"}}],\"inLanguage\":\"pt-BR\"},{\"@type\":\"Organization\",\"@id\":\"https:\/\/sudoesteacontece.com.br\/#organization\",\"name\":\"Sudoesteacontece\",\"url\":\"https:\/\/sudoesteacontece.com.br\/\",\"logo\":{\"@type\":\"ImageObject\",\"inLanguage\":\"pt-BR\",\"@id\":\"https:\/\/sudoesteacontece.com.br\/#\/schema\/logo\/image\/\",\"url\":\"https:\/\/sudoesteacontece.com.br\/wp-content\/uploads\/2025\/12\/cropped-logo-2-180x180-1.png\",\"contentUrl\":\"https:\/\/sudoesteacontece.com.br\/wp-content\/uploads\/2025\/12\/cropped-logo-2-180x180-1.png\",\"width\":180,\"height\":180,\"caption\":\"Sudoesteacontece\"},\"image\":{\"@id\":\"https:\/\/sudoesteacontece.com.br\/#\/schema\/logo\/image\/\"},\"sameAs\":[\"https:\/\/www.facebook.com\/sudoesteacontece\/?locale=pt_BR\"]},{\"@type\":\"Person\",\"@id\":\"https:\/\/sudoesteacontece.com.br\/#\/schema\/person\/3cf2cf009926a9683ebc29d5379fa79c\",\"name\":\"Washington Tiago\",\"image\":{\"@type\":\"ImageObject\",\"inLanguage\":\"pt-BR\",\"@id\":\"https:\/\/sudoesteacontece.com.br\/#\/schema\/person\/image\/\",\"url\":\"https:\/\/secure.gravatar.com\/avatar\/33c43b8668157e040f9d1fe93c354bf087cbd8ba36270c1163198bd3ddcf2a56?s=96&d=mm&r=g\",\"contentUrl\":\"https:\/\/secure.gravatar.com\/avatar\/33c43b8668157e040f9d1fe93c354bf087cbd8ba36270c1163198bd3ddcf2a56?s=96&d=mm&r=g\",\"caption\":\"Washington Tiago\"},\"url\":\"https:\/\/sudoesteacontece.com.br\/?author=2\"}]}<\/script>\n<!-- \/ Yoast SEO plugin. -->","yoast_head_json":{"title":"Brumado se despede de \u201cSeu Beco\u201d, ex-coveiro s\u00edmbolo do Cemit\u00e9rio Santa In\u00eas - Sudoesteacontece","robots":{"index":"index","follow":"follow","max-snippet":"max-snippet:-1","max-image-preview":"max-image-preview:large","max-video-preview":"max-video-preview:-1"},"canonical":"https:\/\/sudoesteacontece.com.br\/?p=1936","og_locale":"pt_BR","og_type":"article","og_title":"Brumado se despede de \u201cSeu Beco\u201d, ex-coveiro s\u00edmbolo do Cemit\u00e9rio Santa In\u00eas - Sudoesteacontece","og_description":"Brumado amanheceu mais silenciosa nesta quarta-feira (5). Morreu aos 84 anos, Am\u00e9rico Brito Concei\u00e7\u00e3o, conhecido carinhosamente como \u201cSeu Beco do Cemit\u00e9rio\u201d, uma das figuras mais queridas e populares do munic\u00edpio. Reconhecido por sua dedica\u00e7\u00e3o e humildade, Seu Beco trabalhou por cerca de quatro d\u00e9cadas como coveiro do Cemit\u00e9rio Santa In\u00eas, tornando-se uma presen\u00e7a constante nas despedidas e mem\u00f3rias de muitas fam\u00edlias brumadenses. Sua trajet\u00f3ria foi marcada por respeito, discri\u00e7\u00e3o e compromisso com o trabalho, qualidades que o transformaram em s\u00edmbolo de simplicidade e servi\u00e7o p\u00fablico. Durante anos, foi ele quem cuidou das despedidas da cidade. Sob sol forte ou chuva, l\u00e1 estava Seu Beco, firme, prestando o \u00faltimo servi\u00e7o com dignidade e humanidade. Muitos moradores o descrevem como um homem de palavra, cora\u00e7\u00e3o generoso e sorriso sereno, sempre pronto a ajudar quem precisasse. Em 2021, ap\u00f3s longa atua\u00e7\u00e3o, foi exonerado durante a gest\u00e3o do ent\u00e3o prefeito Eduardo Vasconcelos, encerrando oficialmente uma jornada marcada pela entrega ao trabalho e pelo carinho da popula\u00e7\u00e3o. Mesmo fora do cargo, continuou sendo lembrado como parte da hist\u00f3ria viva do cemit\u00e9rio e da pr\u00f3pria cidade. O falecimento de Seu Beco provocou profunda como\u00e7\u00e3o nas redes sociais. Diversos brumadenses prestaram homenagens, lembrando sua postura simples e o papel que desempenhou com honra ao longo de toda a vida. \u201cEle n\u00e3o era s\u00f3 um coveiro, era um guardi\u00e3o das mem\u00f3rias de Brumado\u201d, escreveu um morador. At\u00e9 o momento, n\u00e3o foram divulgados o hor\u00e1rio e o local do sepultamento, mas familiares e amigos devem se reunir para a \u00faltima despedida a um homem que fez parte da rotina da cidade por gera\u00e7\u00f5es. Com a partida de Seu Beco, Brumado perde n\u00e3o apenas um servidor dedicado, mas um personagem humano e respeitado, que deixou sua marca silenciosa na hist\u00f3ria da comunidade.","og_url":"https:\/\/sudoesteacontece.com.br\/?p=1936","og_site_name":"Sudoesteacontece","article_publisher":"https:\/\/www.facebook.com\/sudoesteacontece\/?locale=pt_BR","article_published_time":"2025-11-06T13:24:27+00:00","article_modified_time":"2025-11-06T13:26:21+00:00","og_image":[{"width":1434,"height":1064,"url":"https:\/\/sudoesteacontece.com.br\/wp-content\/uploads\/2025\/11\/Brumado-se-despede-de-Seu-Beco-ex-coveiro-simbolo-do-Cemiterio-Santa-Ines-sudoeste-acontece.jpg","type":"image\/jpeg"}],"author":"Washington Tiago","twitter_card":"summary_large_image","twitter_misc":{"Escrito por":"Washington Tiago","Est. tempo de leitura":"2 minutos"},"schema":{"@context":"https:\/\/schema.org","@graph":[{"@type":"Article","@id":"https:\/\/sudoesteacontece.com.br\/?p=1936#article","isPartOf":{"@id":"https:\/\/sudoesteacontece.com.br\/?p=1936"},"author":{"name":"Washington Tiago","@id":"https:\/\/sudoesteacontece.com.br\/#\/schema\/person\/3cf2cf009926a9683ebc29d5379fa79c"},"headline":"Brumado se despede de \u201cSeu Beco\u201d, ex-coveiro s\u00edmbolo do Cemit\u00e9rio Santa In\u00eas","datePublished":"2025-11-06T13:24:27+00:00","dateModified":"2025-11-06T13:26:21+00:00","mainEntityOfPage":{"@id":"https:\/\/sudoesteacontece.com.br\/?p=1936"},"wordCount":339,"commentCount":0,"publisher":{"@id":"https:\/\/sudoesteacontece.com.br\/#organization"},"image":{"@id":"https:\/\/sudoesteacontece.com.br\/?p=1936#primaryimage"},"thumbnailUrl":"https:\/\/sudoesteacontece.com.br\/wp-content\/uploads\/2025\/11\/Brumado-se-despede-de-Seu-Beco-ex-coveiro-simbolo-do-Cemiterio-Santa-Ines-sudoeste-acontece.jpg","articleSection":["Brumado","Cidades"],"inLanguage":"pt-BR","potentialAction":[{"@type":"CommentAction","name":"Comment","target":["https:\/\/sudoesteacontece.com.br\/?p=1936#respond"]}]},{"@type":"WebPage","@id":"https:\/\/sudoesteacontece.com.br\/?p=1936","url":"https:\/\/sudoesteacontece.com.br\/?p=1936","name":"Brumado se despede de \u201cSeu Beco\u201d, ex-coveiro s\u00edmbolo do Cemit\u00e9rio Santa In\u00eas - Sudoesteacontece","isPartOf":{"@id":"https:\/\/sudoesteacontece.com.br\/#website"},"primaryImageOfPage":{"@id":"https:\/\/sudoesteacontece.com.br\/?p=1936#primaryimage"},"image":{"@id":"https:\/\/sudoesteacontece.com.br\/?p=1936#primaryimage"},"thumbnailUrl":"https:\/\/sudoesteacontece.com.br\/wp-content\/uploads\/2025\/11\/Brumado-se-despede-de-Seu-Beco-ex-coveiro-simbolo-do-Cemiterio-Santa-Ines-sudoeste-acontece.jpg","datePublished":"2025-11-06T13:24:27+00:00","dateModified":"2025-11-06T13:26:21+00:00","breadcrumb":{"@id":"https:\/\/sudoesteacontece.com.br\/?p=1936#breadcrumb"},"inLanguage":"pt-BR","potentialAction":[{"@type":"ReadAction","target":["https:\/\/sudoesteacontece.com.br\/?p=1936"]}]},{"@type":"ImageObject","inLanguage":"pt-BR","@id":"https:\/\/sudoesteacontece.com.br\/?p=1936#primaryimage","url":"https:\/\/sudoesteacontece.com.br\/wp-content\/uploads\/2025\/11\/Brumado-se-despede-de-Seu-Beco-ex-coveiro-simbolo-do-Cemiterio-Santa-Ines-sudoeste-acontece.jpg","contentUrl":"https:\/\/sudoesteacontece.com.br\/wp-content\/uploads\/2025\/11\/Brumado-se-despede-de-Seu-Beco-ex-coveiro-simbolo-do-Cemiterio-Santa-Ines-sudoeste-acontece.jpg","width":1434,"height":1064},{"@type":"BreadcrumbList","@id":"https:\/\/sudoesteacontece.com.br\/?p=1936#breadcrumb","itemListElement":[{"@type":"ListItem","position":1,"name":"In\u00edcio","item":"https:\/\/sudoesteacontece.com.br\/"},{"@type":"ListItem","position":2,"name":"Brumado se despede de \u201cSeu Beco\u201d, ex-coveiro s\u00edmbolo do Cemit\u00e9rio Santa In\u00eas"}]},{"@type":"WebSite","@id":"https:\/\/sudoesteacontece.com.br\/#website","url":"https:\/\/sudoesteacontece.com.br\/","name":"Sudoesteacontece","description":"","publisher":{"@id":"https:\/\/sudoesteacontece.com.br\/#organization"},"potentialAction":[{"@type":"SearchAction","target":{"@type":"EntryPoint","urlTemplate":"https:\/\/sudoesteacontece.com.br\/?s={search_term_string}"},"query-input":{"@type":"PropertyValueSpecification","valueRequired":true,"valueName":"search_term_string"}}],"inLanguage":"pt-BR"},{"@type":"Organization","@id":"https:\/\/sudoesteacontece.com.br\/#organization","name":"Sudoesteacontece","url":"https:\/\/sudoesteacontece.com.br\/","logo":{"@type":"ImageObject","inLanguage":"pt-BR","@id":"https:\/\/sudoesteacontece.com.br\/#\/schema\/logo\/image\/","url":"https:\/\/sudoesteacontece.com.br\/wp-content\/uploads\/2025\/12\/cropped-logo-2-180x180-1.png","contentUrl":"https:\/\/sudoesteacontece.com.br\/wp-content\/uploads\/2025\/12\/cropped-logo-2-180x180-1.png","width":180,"height":180,"caption":"Sudoesteacontece"},"image":{"@id":"https:\/\/sudoesteacontece.com.br\/#\/schema\/logo\/image\/"},"sameAs":["https:\/\/www.facebook.com\/sudoesteacontece\/?locale=pt_BR"]},{"@type":"Person","@id":"https:\/\/sudoesteacontece.com.br\/#\/schema\/person\/3cf2cf009926a9683ebc29d5379fa79c","name":"Washington Tiago","image":{"@type":"ImageObject","inLanguage":"pt-BR","@id":"https:\/\/sudoesteacontece.com.br\/#\/schema\/person\/image\/","url":"https:\/\/secure.gravatar.com\/avatar\/33c43b8668157e040f9d1fe93c354bf087cbd8ba36270c1163198bd3ddcf2a56?s=96&d=mm&r=g","contentUrl":"https:\/\/secure.gravatar.com\/avatar\/33c43b8668157e040f9d1fe93c354bf087cbd8ba36270c1163198bd3ddcf2a56?s=96&d=mm&r=g","caption":"Washington Tiago"},"url":"https:\/\/sudoesteacontece.com.br\/?author=2"}]}},"_links":{"self":[{"href":"https:\/\/sudoesteacontece.com.br\/index.php?rest_route=\/wp\/v2\/posts\/1936","targetHints":{"allow":["GET"]}}],"collection":[{"href":"https:\/\/sudoesteacontece.com.br\/index.php?rest_route=\/wp\/v2\/posts"}],"about":[{"href":"https:\/\/sudoesteacontece.com.br\/index.php?rest_route=\/wp\/v2\/types\/post"}],"author":[{"embeddable":true,"href":"https:\/\/sudoesteacontece.com.br\/index.php?rest_route=\/wp\/v2\/users\/2"}],"replies":[{"embeddable":true,"href":"https:\/\/sudoesteacontece.com.br\/index.php?rest_route=%2Fwp%2Fv2%2Fcomments&post=1936"}],"version-history":[{"count":0,"href":"https:\/\/sudoesteacontece.com.br\/index.php?rest_route=\/wp\/v2\/posts\/1936\/revisions"}],"wp:featuredmedia":[{"embeddable":true,"href":"https:\/\/sudoesteacontece.com.br\/index.php?rest_route=\/wp\/v2\/media\/1961"}],"wp:attachment":[{"href":"https:\/\/sudoesteacontece.com.br\/index.php?rest_route=%2Fwp%2Fv2%2Fmedia&parent=1936"}],"wp:term":[{"taxonomy":"category","embeddable":true,"href":"https:\/\/sudoesteacontece.com.br\/index.php?rest_route=%2Fwp%2Fv2%2Fcategories&post=1936"},{"taxonomy":"post_tag","embeddable":true,"href":"https:\/\/sudoesteacontece.com.br\/index.php?rest_route=%2Fwp%2Fv2%2Ftags&post=1936"}],"curies":[{"name":"wp","href":"https:\/\/api.w.org\/{rel}","templated":true}]}}