{"id":1937,"date":"2025-11-06T10:33:47","date_gmt":"2025-11-06T13:33:47","guid":{"rendered":"https:\/\/sudoesteacontece.com.br\/?p=1937"},"modified":"2025-11-06T10:33:48","modified_gmt":"2025-11-06T13:33:48","slug":"panico-em-escola-de-guanambi-pai-ameaca-professores-apos-suposta-agressao-a-filho-de-4-anos","status":"publish","type":"post","link":"https:\/\/sudoesteacontece.com.br\/?p=1937","title":{"rendered":"P\u00e2nico em escola de Guanambi: Pai amea\u00e7a professores ap\u00f3s suposta agress\u00e3o a filho de 4 anos"},"content":{"rendered":"\n<figure class=\"wp-block-image size-large\"><img fetchpriority=\"high\" decoding=\"async\" width=\"1024\" height=\"585\" src=\"http:\/\/sudoesteacontece.com.br\/wp-content\/uploads\/2025\/11\/Panico-em-escola-de-Guanambi-Pai-ameaca-professores-apos-suposta-agressao-a-filho-de-4-anos-sudoeste-acontece-1024x585.jpg\" alt=\"\" class=\"wp-image-1963\" srcset=\"https:\/\/sudoesteacontece.com.br\/wp-content\/uploads\/2025\/11\/Panico-em-escola-de-Guanambi-Pai-ameaca-professores-apos-suposta-agressao-a-filho-de-4-anos-sudoeste-acontece-1024x585.jpg 1024w, https:\/\/sudoesteacontece.com.br\/wp-content\/uploads\/2025\/11\/Panico-em-escola-de-Guanambi-Pai-ameaca-professores-apos-suposta-agressao-a-filho-de-4-anos-sudoeste-acontece-300x171.jpg 300w, https:\/\/sudoesteacontece.com.br\/wp-content\/uploads\/2025\/11\/Panico-em-escola-de-Guanambi-Pai-ameaca-professores-apos-suposta-agressao-a-filho-de-4-anos-sudoeste-acontece-768x439.jpg 768w, https:\/\/sudoesteacontece.com.br\/wp-content\/uploads\/2025\/11\/Panico-em-escola-de-Guanambi-Pai-ameaca-professores-apos-suposta-agressao-a-filho-de-4-anos-sudoeste-acontece.jpg 1400w\" sizes=\"(max-width: 1024px) 100vw, 1024px\" \/><\/figure>\n\n\n\n<p>Um clima de tens\u00e3o tomou conta da Escola Municipal Professora Wanda Neves Freitas, em Guanambi, na manh\u00e3 desta ter\u00e7a-feira (4). Um homem invadiu a unidade de ensino e amea\u00e7ou professores e alunos, alegando que o filho, de 4 anos, teria sido agredido dentro da sala de aula.<\/p>\n\n\n\n<p>Moradores relataram que o pai entrou na escola gritando e visivelmente alterado, exigindo explica\u00e7\u00f5es e proferindo amea\u00e7as contra funcion\u00e1rios. O epis\u00f3dio, registrado por volta das 8h30, gerou p\u00e2nico e correria entre os estudantes, que precisaram ser retirados das salas at\u00e9 a chegada da pol\u00edcia.<\/p>\n\n\n\n<p>Equipes do 17\u00ba Batalh\u00e3o da Pol\u00edcia Militar foram acionadas e se dirigiram imediatamente ao local. No entanto, o suspeito fugiu antes da chegada dos policiais. A dire\u00e7\u00e3o relatou o caso e os educadores amea\u00e7ados foram orientados a registrar boletim de ocorr\u00eancia na Delegacia de Pol\u00edcia Civil.<\/p>\n\n\n\n<p>Autoridades afirmaram que o caso ser\u00e1 investigado pela Pol\u00edcia Civil, que buscar\u00e1 esclarecer o que de fato aconteceu na sala de aula e apurar as circunst\u00e2ncias da suposta agress\u00e3o. Nenhum ferimento foi confirmado at\u00e9 o momento.<\/p>\n\n\n\n<p>O epis\u00f3dio reacendeu o debate sobre seguran\u00e7a nas escolas p\u00fablicas e a falta de protocolos de emerg\u00eancia para lidar com situa\u00e7\u00f5es de viol\u00eancia e amea\u00e7as dentro do ambiente escolar. Professores e servidores cobram medidas mais firmes da administra\u00e7\u00e3o municipal.<\/p>\n\n\n\n<p>Secretaria Municipal de Educa\u00e7\u00e3o ainda n\u00e3o se pronunciou oficialmente sobre o caso, mas deve emitir nota de esclarecimento nos pr\u00f3ximos dias.<\/p>\n\n\n\n<p>Pol\u00edcia Militar informou que continuar\u00e1 acompanhando a situa\u00e7\u00e3o para garantir a seguran\u00e7a da comunidade escolar e apoiar as investiga\u00e7\u00f5es. O caso gerou forte repercuss\u00e3o nas redes sociais e deixou pais apreensivos quanto \u00e0 prote\u00e7\u00e3o dos filhos.<\/p>\n","protected":false},"excerpt":{"rendered":"<p>Um clima de tens\u00e3o tomou conta da Escola Municipal Professora Wanda Neves Freitas, em Guanambi, na manh\u00e3 desta ter\u00e7a-feira (4). Um homem invadiu a unidade de ensino e amea\u00e7ou professores e alunos, alegando que o filho, de 4 anos, teria sido agredido dentro da sala de aula. Moradores relataram que o pai entrou na escola gritando e visivelmente alterado, exigindo explica\u00e7\u00f5es e proferindo amea\u00e7as contra funcion\u00e1rios. O epis\u00f3dio, registrado por volta das 8h30, gerou p\u00e2nico e correria entre os estudantes, que precisaram ser retirados das salas at\u00e9 a chegada da pol\u00edcia. Equipes do 17\u00ba Batalh\u00e3o da Pol\u00edcia Militar foram acionadas e se dirigiram imediatamente ao local. No entanto, o suspeito fugiu antes da chegada dos policiais. A dire\u00e7\u00e3o relatou o caso e os educadores amea\u00e7ados foram orientados a registrar boletim de ocorr\u00eancia na Delegacia de Pol\u00edcia Civil. Autoridades afirmaram que o caso ser\u00e1 investigado pela Pol\u00edcia Civil, que buscar\u00e1 esclarecer o que de fato aconteceu na sala de aula e apurar as circunst\u00e2ncias da suposta agress\u00e3o. Nenhum ferimento foi confirmado at\u00e9 o momento. O epis\u00f3dio reacendeu o debate sobre seguran\u00e7a nas escolas p\u00fablicas e a falta de protocolos de emerg\u00eancia para lidar com situa\u00e7\u00f5es de viol\u00eancia e amea\u00e7as dentro do ambiente escolar. Professores e servidores cobram medidas mais firmes da administra\u00e7\u00e3o municipal. Secretaria Municipal de Educa\u00e7\u00e3o ainda n\u00e3o se pronunciou oficialmente sobre o caso, mas deve emitir nota de esclarecimento nos pr\u00f3ximos dias. Pol\u00edcia Militar informou que continuar\u00e1 acompanhando a situa\u00e7\u00e3o para garantir a seguran\u00e7a da comunidade escolar e apoiar as investiga\u00e7\u00f5es. O caso gerou forte repercuss\u00e3o nas redes sociais e deixou pais apreensivos quanto \u00e0 prote\u00e7\u00e3o dos filhos.<\/p>\n","protected":false},"author":2,"featured_media":1963,"comment_status":"open","ping_status":"open","sticky":false,"template":"","format":"standard","meta":{"footnotes":""},"categories":[43,17,3],"tags":[],"class_list":["post-1937","post","type-post","status-publish","format-standard","has-post-thumbnail","hentry","category-educacao","category-guanambi","category-policia"],"yoast_head":"<!-- This site is optimized with the Yoast SEO plugin v26.5 - https:\/\/yoast.com\/wordpress\/plugins\/seo\/ -->\n<title>P\u00e2nico em escola de Guanambi: Pai amea\u00e7a professores ap\u00f3s suposta agress\u00e3o a filho de 4 anos - Sudoesteacontece<\/title>\n<meta name=\"robots\" content=\"index, follow, max-snippet:-1, max-image-preview:large, max-video-preview:-1\" \/>\n<link rel=\"canonical\" href=\"https:\/\/sudoesteacontece.com.br\/?p=1937\" \/>\n<meta property=\"og:locale\" content=\"pt_BR\" \/>\n<meta property=\"og:type\" content=\"article\" \/>\n<meta property=\"og:title\" content=\"P\u00e2nico em escola de Guanambi: Pai amea\u00e7a professores ap\u00f3s suposta agress\u00e3o a filho de 4 anos - Sudoesteacontece\" \/>\n<meta property=\"og:description\" content=\"Um clima de tens\u00e3o tomou conta da Escola Municipal Professora Wanda Neves Freitas, em Guanambi, na manh\u00e3 desta ter\u00e7a-feira (4). Um homem invadiu a unidade de ensino e amea\u00e7ou professores e alunos, alegando que o filho, de 4 anos, teria sido agredido dentro da sala de aula. Moradores relataram que o pai entrou na escola gritando e visivelmente alterado, exigindo explica\u00e7\u00f5es e proferindo amea\u00e7as contra funcion\u00e1rios. O epis\u00f3dio, registrado por volta das 8h30, gerou p\u00e2nico e correria entre os estudantes, que precisaram ser retirados das salas at\u00e9 a chegada da pol\u00edcia. Equipes do 17\u00ba Batalh\u00e3o da Pol\u00edcia Militar foram acionadas e se dirigiram imediatamente ao local. No entanto, o suspeito fugiu antes da chegada dos policiais. A dire\u00e7\u00e3o relatou o caso e os educadores amea\u00e7ados foram orientados a registrar boletim de ocorr\u00eancia na Delegacia de Pol\u00edcia Civil. Autoridades afirmaram que o caso ser\u00e1 investigado pela Pol\u00edcia Civil, que buscar\u00e1 esclarecer o que de fato aconteceu na sala de aula e apurar as circunst\u00e2ncias da suposta agress\u00e3o. Nenhum ferimento foi confirmado at\u00e9 o momento. O epis\u00f3dio reacendeu o debate sobre seguran\u00e7a nas escolas p\u00fablicas e a falta de protocolos de emerg\u00eancia para lidar com situa\u00e7\u00f5es de viol\u00eancia e amea\u00e7as dentro do ambiente escolar. Professores e servidores cobram medidas mais firmes da administra\u00e7\u00e3o municipal. Secretaria Municipal de Educa\u00e7\u00e3o ainda n\u00e3o se pronunciou oficialmente sobre o caso, mas deve emitir nota de esclarecimento nos pr\u00f3ximos dias. Pol\u00edcia Militar informou que continuar\u00e1 acompanhando a situa\u00e7\u00e3o para garantir a seguran\u00e7a da comunidade escolar e apoiar as investiga\u00e7\u00f5es. O caso gerou forte repercuss\u00e3o nas redes sociais e deixou pais apreensivos quanto \u00e0 prote\u00e7\u00e3o dos filhos.\" \/>\n<meta property=\"og:url\" content=\"https:\/\/sudoesteacontece.com.br\/?p=1937\" \/>\n<meta property=\"og:site_name\" content=\"Sudoesteacontece\" \/>\n<meta property=\"article:publisher\" content=\"https:\/\/www.facebook.com\/sudoesteacontece\/?locale=pt_BR\" \/>\n<meta property=\"article:published_time\" content=\"2025-11-06T13:33:47+00:00\" \/>\n<meta property=\"article:modified_time\" content=\"2025-11-06T13:33:48+00:00\" \/>\n<meta property=\"og:image\" content=\"https:\/\/sudoesteacontece.com.br\/wp-content\/uploads\/2025\/11\/Panico-em-escola-de-Guanambi-Pai-ameaca-professores-apos-suposta-agressao-a-filho-de-4-anos-sudoeste-acontece.jpg\" \/>\n\t<meta property=\"og:image:width\" content=\"1400\" \/>\n\t<meta property=\"og:image:height\" content=\"800\" \/>\n\t<meta property=\"og:image:type\" content=\"image\/jpeg\" \/>\n<meta name=\"author\" content=\"Washington Tiago\" \/>\n<meta name=\"twitter:card\" content=\"summary_large_image\" \/>\n<meta name=\"twitter:label1\" content=\"Escrito por\" \/>\n\t<meta name=\"twitter:data1\" content=\"Washington Tiago\" \/>\n\t<meta name=\"twitter:label2\" content=\"Est. tempo de leitura\" \/>\n\t<meta name=\"twitter:data2\" content=\"2 minutos\" \/>\n<script type=\"application\/ld+json\" class=\"yoast-schema-graph\">{\"@context\":\"https:\/\/schema.org\",\"@graph\":[{\"@type\":\"Article\",\"@id\":\"https:\/\/sudoesteacontece.com.br\/?p=1937#article\",\"isPartOf\":{\"@id\":\"https:\/\/sudoesteacontece.com.br\/?p=1937\"},\"author\":{\"name\":\"Washington Tiago\",\"@id\":\"https:\/\/sudoesteacontece.com.br\/#\/schema\/person\/3cf2cf009926a9683ebc29d5379fa79c\"},\"headline\":\"P\u00e2nico em escola de Guanambi: Pai amea\u00e7a professores ap\u00f3s suposta agress\u00e3o a filho de 4 anos\",\"datePublished\":\"2025-11-06T13:33:47+00:00\",\"dateModified\":\"2025-11-06T13:33:48+00:00\",\"mainEntityOfPage\":{\"@id\":\"https:\/\/sudoesteacontece.com.br\/?p=1937\"},\"wordCount\":319,\"commentCount\":0,\"publisher\":{\"@id\":\"https:\/\/sudoesteacontece.com.br\/#organization\"},\"image\":{\"@id\":\"https:\/\/sudoesteacontece.com.br\/?p=1937#primaryimage\"},\"thumbnailUrl\":\"https:\/\/sudoesteacontece.com.br\/wp-content\/uploads\/2025\/11\/Panico-em-escola-de-Guanambi-Pai-ameaca-professores-apos-suposta-agressao-a-filho-de-4-anos-sudoeste-acontece.jpg\",\"articleSection\":[\"Educa\u00e7\u00e3o\",\"Guanambi\",\"Pol\u00edcia\"],\"inLanguage\":\"pt-BR\",\"potentialAction\":[{\"@type\":\"CommentAction\",\"name\":\"Comment\",\"target\":[\"https:\/\/sudoesteacontece.com.br\/?p=1937#respond\"]}]},{\"@type\":\"WebPage\",\"@id\":\"https:\/\/sudoesteacontece.com.br\/?p=1937\",\"url\":\"https:\/\/sudoesteacontece.com.br\/?p=1937\",\"name\":\"P\u00e2nico em escola de Guanambi: Pai amea\u00e7a professores ap\u00f3s suposta agress\u00e3o a filho de 4 anos - Sudoesteacontece\",\"isPartOf\":{\"@id\":\"https:\/\/sudoesteacontece.com.br\/#website\"},\"primaryImageOfPage\":{\"@id\":\"https:\/\/sudoesteacontece.com.br\/?p=1937#primaryimage\"},\"image\":{\"@id\":\"https:\/\/sudoesteacontece.com.br\/?p=1937#primaryimage\"},\"thumbnailUrl\":\"https:\/\/sudoesteacontece.com.br\/wp-content\/uploads\/2025\/11\/Panico-em-escola-de-Guanambi-Pai-ameaca-professores-apos-suposta-agressao-a-filho-de-4-anos-sudoeste-acontece.jpg\",\"datePublished\":\"2025-11-06T13:33:47+00:00\",\"dateModified\":\"2025-11-06T13:33:48+00:00\",\"breadcrumb\":{\"@id\":\"https:\/\/sudoesteacontece.com.br\/?p=1937#breadcrumb\"},\"inLanguage\":\"pt-BR\",\"potentialAction\":[{\"@type\":\"ReadAction\",\"target\":[\"https:\/\/sudoesteacontece.com.br\/?p=1937\"]}]},{\"@type\":\"ImageObject\",\"inLanguage\":\"pt-BR\",\"@id\":\"https:\/\/sudoesteacontece.com.br\/?p=1937#primaryimage\",\"url\":\"https:\/\/sudoesteacontece.com.br\/wp-content\/uploads\/2025\/11\/Panico-em-escola-de-Guanambi-Pai-ameaca-professores-apos-suposta-agressao-a-filho-de-4-anos-sudoeste-acontece.jpg\",\"contentUrl\":\"https:\/\/sudoesteacontece.com.br\/wp-content\/uploads\/2025\/11\/Panico-em-escola-de-Guanambi-Pai-ameaca-professores-apos-suposta-agressao-a-filho-de-4-anos-sudoeste-acontece.jpg\",\"width\":1400,\"height\":800},{\"@type\":\"BreadcrumbList\",\"@id\":\"https:\/\/sudoesteacontece.com.br\/?p=1937#breadcrumb\",\"itemListElement\":[{\"@type\":\"ListItem\",\"position\":1,\"name\":\"In\u00edcio\",\"item\":\"https:\/\/sudoesteacontece.com.br\/\"},{\"@type\":\"ListItem\",\"position\":2,\"name\":\"P\u00e2nico em escola de Guanambi: Pai amea\u00e7a professores ap\u00f3s suposta agress\u00e3o a filho de 4 anos\"}]},{\"@type\":\"WebSite\",\"@id\":\"https:\/\/sudoesteacontece.com.br\/#website\",\"url\":\"https:\/\/sudoesteacontece.com.br\/\",\"name\":\"Sudoesteacontece\",\"description\":\"\",\"publisher\":{\"@id\":\"https:\/\/sudoesteacontece.com.br\/#organization\"},\"potentialAction\":[{\"@type\":\"SearchAction\",\"target\":{\"@type\":\"EntryPoint\",\"urlTemplate\":\"https:\/\/sudoesteacontece.com.br\/?s={search_term_string}\"},\"query-input\":{\"@type\":\"PropertyValueSpecification\",\"valueRequired\":true,\"valueName\":\"search_term_string\"}}],\"inLanguage\":\"pt-BR\"},{\"@type\":\"Organization\",\"@id\":\"https:\/\/sudoesteacontece.com.br\/#organization\",\"name\":\"Sudoesteacontece\",\"url\":\"https:\/\/sudoesteacontece.com.br\/\",\"logo\":{\"@type\":\"ImageObject\",\"inLanguage\":\"pt-BR\",\"@id\":\"https:\/\/sudoesteacontece.com.br\/#\/schema\/logo\/image\/\",\"url\":\"https:\/\/sudoesteacontece.com.br\/wp-content\/uploads\/2025\/12\/cropped-logo-2-180x180-1.png\",\"contentUrl\":\"https:\/\/sudoesteacontece.com.br\/wp-content\/uploads\/2025\/12\/cropped-logo-2-180x180-1.png\",\"width\":180,\"height\":180,\"caption\":\"Sudoesteacontece\"},\"image\":{\"@id\":\"https:\/\/sudoesteacontece.com.br\/#\/schema\/logo\/image\/\"},\"sameAs\":[\"https:\/\/www.facebook.com\/sudoesteacontece\/?locale=pt_BR\"]},{\"@type\":\"Person\",\"@id\":\"https:\/\/sudoesteacontece.com.br\/#\/schema\/person\/3cf2cf009926a9683ebc29d5379fa79c\",\"name\":\"Washington Tiago\",\"image\":{\"@type\":\"ImageObject\",\"inLanguage\":\"pt-BR\",\"@id\":\"https:\/\/sudoesteacontece.com.br\/#\/schema\/person\/image\/\",\"url\":\"https:\/\/secure.gravatar.com\/avatar\/33c43b8668157e040f9d1fe93c354bf087cbd8ba36270c1163198bd3ddcf2a56?s=96&d=mm&r=g\",\"contentUrl\":\"https:\/\/secure.gravatar.com\/avatar\/33c43b8668157e040f9d1fe93c354bf087cbd8ba36270c1163198bd3ddcf2a56?s=96&d=mm&r=g\",\"caption\":\"Washington Tiago\"},\"url\":\"https:\/\/sudoesteacontece.com.br\/?author=2\"}]}<\/script>\n<!-- \/ Yoast SEO plugin. -->","yoast_head_json":{"title":"P\u00e2nico em escola de Guanambi: Pai amea\u00e7a professores ap\u00f3s suposta agress\u00e3o a filho de 4 anos - Sudoesteacontece","robots":{"index":"index","follow":"follow","max-snippet":"max-snippet:-1","max-image-preview":"max-image-preview:large","max-video-preview":"max-video-preview:-1"},"canonical":"https:\/\/sudoesteacontece.com.br\/?p=1937","og_locale":"pt_BR","og_type":"article","og_title":"P\u00e2nico em escola de Guanambi: Pai amea\u00e7a professores ap\u00f3s suposta agress\u00e3o a filho de 4 anos - Sudoesteacontece","og_description":"Um clima de tens\u00e3o tomou conta da Escola Municipal Professora Wanda Neves Freitas, em Guanambi, na manh\u00e3 desta ter\u00e7a-feira (4). Um homem invadiu a unidade de ensino e amea\u00e7ou professores e alunos, alegando que o filho, de 4 anos, teria sido agredido dentro da sala de aula. Moradores relataram que o pai entrou na escola gritando e visivelmente alterado, exigindo explica\u00e7\u00f5es e proferindo amea\u00e7as contra funcion\u00e1rios. O epis\u00f3dio, registrado por volta das 8h30, gerou p\u00e2nico e correria entre os estudantes, que precisaram ser retirados das salas at\u00e9 a chegada da pol\u00edcia. Equipes do 17\u00ba Batalh\u00e3o da Pol\u00edcia Militar foram acionadas e se dirigiram imediatamente ao local. No entanto, o suspeito fugiu antes da chegada dos policiais. A dire\u00e7\u00e3o relatou o caso e os educadores amea\u00e7ados foram orientados a registrar boletim de ocorr\u00eancia na Delegacia de Pol\u00edcia Civil. Autoridades afirmaram que o caso ser\u00e1 investigado pela Pol\u00edcia Civil, que buscar\u00e1 esclarecer o que de fato aconteceu na sala de aula e apurar as circunst\u00e2ncias da suposta agress\u00e3o. Nenhum ferimento foi confirmado at\u00e9 o momento. O epis\u00f3dio reacendeu o debate sobre seguran\u00e7a nas escolas p\u00fablicas e a falta de protocolos de emerg\u00eancia para lidar com situa\u00e7\u00f5es de viol\u00eancia e amea\u00e7as dentro do ambiente escolar. Professores e servidores cobram medidas mais firmes da administra\u00e7\u00e3o municipal. Secretaria Municipal de Educa\u00e7\u00e3o ainda n\u00e3o se pronunciou oficialmente sobre o caso, mas deve emitir nota de esclarecimento nos pr\u00f3ximos dias. Pol\u00edcia Militar informou que continuar\u00e1 acompanhando a situa\u00e7\u00e3o para garantir a seguran\u00e7a da comunidade escolar e apoiar as investiga\u00e7\u00f5es. O caso gerou forte repercuss\u00e3o nas redes sociais e deixou pais apreensivos quanto \u00e0 prote\u00e7\u00e3o dos filhos.","og_url":"https:\/\/sudoesteacontece.com.br\/?p=1937","og_site_name":"Sudoesteacontece","article_publisher":"https:\/\/www.facebook.com\/sudoesteacontece\/?locale=pt_BR","article_published_time":"2025-11-06T13:33:47+00:00","article_modified_time":"2025-11-06T13:33:48+00:00","og_image":[{"width":1400,"height":800,"url":"https:\/\/sudoesteacontece.com.br\/wp-content\/uploads\/2025\/11\/Panico-em-escola-de-Guanambi-Pai-ameaca-professores-apos-suposta-agressao-a-filho-de-4-anos-sudoeste-acontece.jpg","type":"image\/jpeg"}],"author":"Washington Tiago","twitter_card":"summary_large_image","twitter_misc":{"Escrito por":"Washington Tiago","Est. tempo de leitura":"2 minutos"},"schema":{"@context":"https:\/\/schema.org","@graph":[{"@type":"Article","@id":"https:\/\/sudoesteacontece.com.br\/?p=1937#article","isPartOf":{"@id":"https:\/\/sudoesteacontece.com.br\/?p=1937"},"author":{"name":"Washington Tiago","@id":"https:\/\/sudoesteacontece.com.br\/#\/schema\/person\/3cf2cf009926a9683ebc29d5379fa79c"},"headline":"P\u00e2nico em escola de Guanambi: Pai amea\u00e7a professores ap\u00f3s suposta agress\u00e3o a filho de 4 anos","datePublished":"2025-11-06T13:33:47+00:00","dateModified":"2025-11-06T13:33:48+00:00","mainEntityOfPage":{"@id":"https:\/\/sudoesteacontece.com.br\/?p=1937"},"wordCount":319,"commentCount":0,"publisher":{"@id":"https:\/\/sudoesteacontece.com.br\/#organization"},"image":{"@id":"https:\/\/sudoesteacontece.com.br\/?p=1937#primaryimage"},"thumbnailUrl":"https:\/\/sudoesteacontece.com.br\/wp-content\/uploads\/2025\/11\/Panico-em-escola-de-Guanambi-Pai-ameaca-professores-apos-suposta-agressao-a-filho-de-4-anos-sudoeste-acontece.jpg","articleSection":["Educa\u00e7\u00e3o","Guanambi","Pol\u00edcia"],"inLanguage":"pt-BR","potentialAction":[{"@type":"CommentAction","name":"Comment","target":["https:\/\/sudoesteacontece.com.br\/?p=1937#respond"]}]},{"@type":"WebPage","@id":"https:\/\/sudoesteacontece.com.br\/?p=1937","url":"https:\/\/sudoesteacontece.com.br\/?p=1937","name":"P\u00e2nico em escola de Guanambi: Pai amea\u00e7a professores ap\u00f3s suposta agress\u00e3o a filho de 4 anos - Sudoesteacontece","isPartOf":{"@id":"https:\/\/sudoesteacontece.com.br\/#website"},"primaryImageOfPage":{"@id":"https:\/\/sudoesteacontece.com.br\/?p=1937#primaryimage"},"image":{"@id":"https:\/\/sudoesteacontece.com.br\/?p=1937#primaryimage"},"thumbnailUrl":"https:\/\/sudoesteacontece.com.br\/wp-content\/uploads\/2025\/11\/Panico-em-escola-de-Guanambi-Pai-ameaca-professores-apos-suposta-agressao-a-filho-de-4-anos-sudoeste-acontece.jpg","datePublished":"2025-11-06T13:33:47+00:00","dateModified":"2025-11-06T13:33:48+00:00","breadcrumb":{"@id":"https:\/\/sudoesteacontece.com.br\/?p=1937#breadcrumb"},"inLanguage":"pt-BR","potentialAction":[{"@type":"ReadAction","target":["https:\/\/sudoesteacontece.com.br\/?p=1937"]}]},{"@type":"ImageObject","inLanguage":"pt-BR","@id":"https:\/\/sudoesteacontece.com.br\/?p=1937#primaryimage","url":"https:\/\/sudoesteacontece.com.br\/wp-content\/uploads\/2025\/11\/Panico-em-escola-de-Guanambi-Pai-ameaca-professores-apos-suposta-agressao-a-filho-de-4-anos-sudoeste-acontece.jpg","contentUrl":"https:\/\/sudoesteacontece.com.br\/wp-content\/uploads\/2025\/11\/Panico-em-escola-de-Guanambi-Pai-ameaca-professores-apos-suposta-agressao-a-filho-de-4-anos-sudoeste-acontece.jpg","width":1400,"height":800},{"@type":"BreadcrumbList","@id":"https:\/\/sudoesteacontece.com.br\/?p=1937#breadcrumb","itemListElement":[{"@type":"ListItem","position":1,"name":"In\u00edcio","item":"https:\/\/sudoesteacontece.com.br\/"},{"@type":"ListItem","position":2,"name":"P\u00e2nico em escola de Guanambi: Pai amea\u00e7a professores ap\u00f3s suposta agress\u00e3o a filho de 4 anos"}]},{"@type":"WebSite","@id":"https:\/\/sudoesteacontece.com.br\/#website","url":"https:\/\/sudoesteacontece.com.br\/","name":"Sudoesteacontece","description":"","publisher":{"@id":"https:\/\/sudoesteacontece.com.br\/#organization"},"potentialAction":[{"@type":"SearchAction","target":{"@type":"EntryPoint","urlTemplate":"https:\/\/sudoesteacontece.com.br\/?s={search_term_string}"},"query-input":{"@type":"PropertyValueSpecification","valueRequired":true,"valueName":"search_term_string"}}],"inLanguage":"pt-BR"},{"@type":"Organization","@id":"https:\/\/sudoesteacontece.com.br\/#organization","name":"Sudoesteacontece","url":"https:\/\/sudoesteacontece.com.br\/","logo":{"@type":"ImageObject","inLanguage":"pt-BR","@id":"https:\/\/sudoesteacontece.com.br\/#\/schema\/logo\/image\/","url":"https:\/\/sudoesteacontece.com.br\/wp-content\/uploads\/2025\/12\/cropped-logo-2-180x180-1.png","contentUrl":"https:\/\/sudoesteacontece.com.br\/wp-content\/uploads\/2025\/12\/cropped-logo-2-180x180-1.png","width":180,"height":180,"caption":"Sudoesteacontece"},"image":{"@id":"https:\/\/sudoesteacontece.com.br\/#\/schema\/logo\/image\/"},"sameAs":["https:\/\/www.facebook.com\/sudoesteacontece\/?locale=pt_BR"]},{"@type":"Person","@id":"https:\/\/sudoesteacontece.com.br\/#\/schema\/person\/3cf2cf009926a9683ebc29d5379fa79c","name":"Washington Tiago","image":{"@type":"ImageObject","inLanguage":"pt-BR","@id":"https:\/\/sudoesteacontece.com.br\/#\/schema\/person\/image\/","url":"https:\/\/secure.gravatar.com\/avatar\/33c43b8668157e040f9d1fe93c354bf087cbd8ba36270c1163198bd3ddcf2a56?s=96&d=mm&r=g","contentUrl":"https:\/\/secure.gravatar.com\/avatar\/33c43b8668157e040f9d1fe93c354bf087cbd8ba36270c1163198bd3ddcf2a56?s=96&d=mm&r=g","caption":"Washington Tiago"},"url":"https:\/\/sudoesteacontece.com.br\/?author=2"}]}},"_links":{"self":[{"href":"https:\/\/sudoesteacontece.com.br\/index.php?rest_route=\/wp\/v2\/posts\/1937","targetHints":{"allow":["GET"]}}],"collection":[{"href":"https:\/\/sudoesteacontece.com.br\/index.php?rest_route=\/wp\/v2\/posts"}],"about":[{"href":"https:\/\/sudoesteacontece.com.br\/index.php?rest_route=\/wp\/v2\/types\/post"}],"author":[{"embeddable":true,"href":"https:\/\/sudoesteacontece.com.br\/index.php?rest_route=\/wp\/v2\/users\/2"}],"replies":[{"embeddable":true,"href":"https:\/\/sudoesteacontece.com.br\/index.php?rest_route=%2Fwp%2Fv2%2Fcomments&post=1937"}],"version-history":[{"count":0,"href":"https:\/\/sudoesteacontece.com.br\/index.php?rest_route=\/wp\/v2\/posts\/1937\/revisions"}],"wp:featuredmedia":[{"embeddable":true,"href":"https:\/\/sudoesteacontece.com.br\/index.php?rest_route=\/wp\/v2\/media\/1963"}],"wp:attachment":[{"href":"https:\/\/sudoesteacontece.com.br\/index.php?rest_route=%2Fwp%2Fv2%2Fmedia&parent=1937"}],"wp:term":[{"taxonomy":"category","embeddable":true,"href":"https:\/\/sudoesteacontece.com.br\/index.php?rest_route=%2Fwp%2Fv2%2Fcategories&post=1937"},{"taxonomy":"post_tag","embeddable":true,"href":"https:\/\/sudoesteacontece.com.br\/index.php?rest_route=%2Fwp%2Fv2%2Ftags&post=1937"}],"curies":[{"name":"wp","href":"https:\/\/api.w.org\/{rel}","templated":true}]}}