{"id":1968,"date":"2025-11-06T16:18:09","date_gmt":"2025-11-06T19:18:09","guid":{"rendered":"https:\/\/sudoesteacontece.com.br\/?p=1968"},"modified":"2025-11-06T17:35:44","modified_gmt":"2025-11-06T20:35:44","slug":"homem-de-56-anos-morre-apos-grave-acidente-em-dom-basilio","status":"publish","type":"post","link":"https:\/\/sudoesteacontece.com.br\/?p=1968","title":{"rendered":"Homem de 56 anos morre ap\u00f3s grave acidente em Dom Bas\u00edlio"},"content":{"rendered":"\n<figure class=\"wp-block-image size-full\"><img fetchpriority=\"high\" decoding=\"async\" width=\"1000\" height=\"753\" src=\"http:\/\/sudoesteacontece.com.br\/wp-content\/uploads\/2025\/11\/Homem-de-56-anos-morre-apos-grave-acidente-em-Dom-Basilio-sudoeste-acontece.webp\" alt=\"\" class=\"wp-image-1977\" srcset=\"https:\/\/sudoesteacontece.com.br\/wp-content\/uploads\/2025\/11\/Homem-de-56-anos-morre-apos-grave-acidente-em-Dom-Basilio-sudoeste-acontece.webp 1000w, https:\/\/sudoesteacontece.com.br\/wp-content\/uploads\/2025\/11\/Homem-de-56-anos-morre-apos-grave-acidente-em-Dom-Basilio-sudoeste-acontece-300x226.webp 300w, https:\/\/sudoesteacontece.com.br\/wp-content\/uploads\/2025\/11\/Homem-de-56-anos-morre-apos-grave-acidente-em-Dom-Basilio-sudoeste-acontece-768x578.webp 768w\" sizes=\"(max-width: 1000px) 100vw, 1000px\" \/><\/figure>\n\n\n\n<p>Um homem identificado como Jo\u00e3o Ant\u00f4nio de Santana, de 56 anos, morreu nesta quarta-feira (5), dois dias ap\u00f3s sofrer um grave acidente automobil\u00edstico em Dom Bas\u00edlio, no sudoeste da Bahia.<\/p>\n\n\n\n<p>Acidente aconteceu na noite de segunda-feira (3), em um trecho da rodovia que liga o munic\u00edpio \u00e0 cidade de Livramento de Nossa Senhora. Jo\u00e3o Ant\u00f4nio conduzia uma motocicleta quando perdeu o controle da dire\u00e7\u00e3o e saiu da pista. O impacto foi forte e deixou o carro completamente destru\u00eddo.<\/p>\n\n\n\n<p>Moradores que passavam pelo local acionaram o Servi\u00e7o de Atendimento M\u00f3vel de Urg\u00eancia (SAMU). A v\u00edtima foi socorrida em estado grave e levada para o Hospital Regional de Guanambi, onde ficou internada na Unidade de Terapia Intensiva (UTI).<\/p>\n\n\n\n<p>Mesmo com todos os esfor\u00e7os da equipe m\u00e9dica, o quadro de sa\u00fade se agravou durante a madrugada. Jo\u00e3o Ant\u00f4nio n\u00e3o resistiu aos ferimentos e morreu por volta das 4h10 da manh\u00e3 desta quarta-feira.<\/p>\n\n\n\n<p>Corpo foi encaminhado ao Instituto M\u00e9dico Legal (IML) de Guanambi para necropsia e, em seguida, liberado para sepultamento em Dom Bas\u00edlio, onde morava com a fam\u00edlia.<\/p>\n\n\n\n<p>Not\u00edcia causou como\u00e7\u00e3o entre amigos e moradores, que descreveram Jo\u00e3o Ant\u00f4nio como um homem trabalhador, simples e querido pela comunidade. Ele atuava no setor rural e era conhecido pelo envolvimento em projetos agr\u00edcolas na regi\u00e3o.<\/p>\n\n\n\n<p>Nos \u00faltimos meses, a rodovia entre Dom Bas\u00edlio e Livramento tem registrado aumento no n\u00famero de acidentes, o que reacende o debate sobre melhorias na sinaliza\u00e7\u00e3o e manuten\u00e7\u00e3o das estradas do sudoeste baiano.<\/p>\n\n\n\n<p><\/p>\n","protected":false},"excerpt":{"rendered":"<p>Um homem identificado como Jo\u00e3o Ant\u00f4nio de Santana, de 56 anos, morreu nesta quarta-feira (5), dois dias ap\u00f3s sofrer um grave acidente automobil\u00edstico em Dom Bas\u00edlio, no sudoeste da Bahia. Acidente aconteceu na noite de segunda-feira (3), em um trecho da rodovia que liga o munic\u00edpio \u00e0 cidade de Livramento de Nossa Senhora. Jo\u00e3o Ant\u00f4nio conduzia uma motocicleta quando perdeu o controle da dire\u00e7\u00e3o e saiu da pista. O impacto foi forte e deixou o carro completamente destru\u00eddo. Moradores que passavam pelo local acionaram o Servi\u00e7o de Atendimento M\u00f3vel de Urg\u00eancia (SAMU). A v\u00edtima foi socorrida em estado grave e levada para o Hospital Regional de Guanambi, onde ficou internada na Unidade de Terapia Intensiva (UTI). Mesmo com todos os esfor\u00e7os da equipe m\u00e9dica, o quadro de sa\u00fade se agravou durante a madrugada. Jo\u00e3o Ant\u00f4nio n\u00e3o resistiu aos ferimentos e morreu por volta das 4h10 da manh\u00e3 desta quarta-feira. Corpo foi encaminhado ao Instituto M\u00e9dico Legal (IML) de Guanambi para necropsia e, em seguida, liberado para sepultamento em Dom Bas\u00edlio, onde morava com a fam\u00edlia. Not\u00edcia causou como\u00e7\u00e3o entre amigos e moradores, que descreveram Jo\u00e3o Ant\u00f4nio como um homem trabalhador, simples e querido pela comunidade. Ele atuava no setor rural e era conhecido pelo envolvimento em projetos agr\u00edcolas na regi\u00e3o. Nos \u00faltimos meses, a rodovia entre Dom Bas\u00edlio e Livramento tem registrado aumento no n\u00famero de acidentes, o que reacende o debate sobre melhorias na sinaliza\u00e7\u00e3o e manuten\u00e7\u00e3o das estradas do sudoeste baiano.<\/p>\n","protected":false},"author":2,"featured_media":1977,"comment_status":"open","ping_status":"open","sticky":false,"template":"","format":"standard","meta":{"footnotes":""},"categories":[5,63],"tags":[],"class_list":["post-1968","post","type-post","status-publish","format-standard","has-post-thumbnail","hentry","category-acidente","category-dom-basilio"],"yoast_head":"<!-- This site is optimized with the Yoast SEO plugin v26.5 - https:\/\/yoast.com\/wordpress\/plugins\/seo\/ -->\n<title>Homem de 56 anos morre ap\u00f3s grave acidente em Dom Bas\u00edlio - Sudoesteacontece<\/title>\n<meta name=\"robots\" content=\"index, follow, max-snippet:-1, max-image-preview:large, max-video-preview:-1\" \/>\n<link rel=\"canonical\" href=\"https:\/\/sudoesteacontece.com.br\/?p=1968\" \/>\n<meta property=\"og:locale\" content=\"pt_BR\" \/>\n<meta property=\"og:type\" content=\"article\" \/>\n<meta property=\"og:title\" content=\"Homem de 56 anos morre ap\u00f3s grave acidente em Dom Bas\u00edlio - Sudoesteacontece\" \/>\n<meta property=\"og:description\" content=\"Um homem identificado como Jo\u00e3o Ant\u00f4nio de Santana, de 56 anos, morreu nesta quarta-feira (5), dois dias ap\u00f3s sofrer um grave acidente automobil\u00edstico em Dom Bas\u00edlio, no sudoeste da Bahia. Acidente aconteceu na noite de segunda-feira (3), em um trecho da rodovia que liga o munic\u00edpio \u00e0 cidade de Livramento de Nossa Senhora. Jo\u00e3o Ant\u00f4nio conduzia uma motocicleta quando perdeu o controle da dire\u00e7\u00e3o e saiu da pista. O impacto foi forte e deixou o carro completamente destru\u00eddo. Moradores que passavam pelo local acionaram o Servi\u00e7o de Atendimento M\u00f3vel de Urg\u00eancia (SAMU). A v\u00edtima foi socorrida em estado grave e levada para o Hospital Regional de Guanambi, onde ficou internada na Unidade de Terapia Intensiva (UTI). Mesmo com todos os esfor\u00e7os da equipe m\u00e9dica, o quadro de sa\u00fade se agravou durante a madrugada. Jo\u00e3o Ant\u00f4nio n\u00e3o resistiu aos ferimentos e morreu por volta das 4h10 da manh\u00e3 desta quarta-feira. Corpo foi encaminhado ao Instituto M\u00e9dico Legal (IML) de Guanambi para necropsia e, em seguida, liberado para sepultamento em Dom Bas\u00edlio, onde morava com a fam\u00edlia. Not\u00edcia causou como\u00e7\u00e3o entre amigos e moradores, que descreveram Jo\u00e3o Ant\u00f4nio como um homem trabalhador, simples e querido pela comunidade. Ele atuava no setor rural e era conhecido pelo envolvimento em projetos agr\u00edcolas na regi\u00e3o. Nos \u00faltimos meses, a rodovia entre Dom Bas\u00edlio e Livramento tem registrado aumento no n\u00famero de acidentes, o que reacende o debate sobre melhorias na sinaliza\u00e7\u00e3o e manuten\u00e7\u00e3o das estradas do sudoeste baiano.\" \/>\n<meta property=\"og:url\" content=\"https:\/\/sudoesteacontece.com.br\/?p=1968\" \/>\n<meta property=\"og:site_name\" content=\"Sudoesteacontece\" \/>\n<meta property=\"article:publisher\" content=\"https:\/\/www.facebook.com\/sudoesteacontece\/?locale=pt_BR\" \/>\n<meta property=\"article:published_time\" content=\"2025-11-06T19:18:09+00:00\" \/>\n<meta property=\"article:modified_time\" content=\"2025-11-06T20:35:44+00:00\" \/>\n<meta property=\"og:image\" content=\"https:\/\/sudoesteacontece.com.br\/wp-content\/uploads\/2025\/11\/Homem-de-56-anos-morre-apos-grave-acidente-em-Dom-Basilio-sudoeste-acontece.webp\" \/>\n\t<meta property=\"og:image:width\" content=\"1000\" \/>\n\t<meta property=\"og:image:height\" content=\"753\" \/>\n\t<meta property=\"og:image:type\" content=\"image\/webp\" \/>\n<meta name=\"author\" content=\"Washington Tiago\" \/>\n<meta name=\"twitter:card\" content=\"summary_large_image\" \/>\n<meta name=\"twitter:label1\" content=\"Escrito por\" \/>\n\t<meta name=\"twitter:data1\" content=\"Washington Tiago\" \/>\n\t<meta name=\"twitter:label2\" content=\"Est. tempo de leitura\" \/>\n\t<meta name=\"twitter:data2\" content=\"1 minuto\" \/>\n<script type=\"application\/ld+json\" class=\"yoast-schema-graph\">{\"@context\":\"https:\/\/schema.org\",\"@graph\":[{\"@type\":\"Article\",\"@id\":\"https:\/\/sudoesteacontece.com.br\/?p=1968#article\",\"isPartOf\":{\"@id\":\"https:\/\/sudoesteacontece.com.br\/?p=1968\"},\"author\":{\"name\":\"Washington Tiago\",\"@id\":\"https:\/\/sudoesteacontece.com.br\/#\/schema\/person\/3cf2cf009926a9683ebc29d5379fa79c\"},\"headline\":\"Homem de 56 anos morre ap\u00f3s grave acidente em Dom Bas\u00edlio\",\"datePublished\":\"2025-11-06T19:18:09+00:00\",\"dateModified\":\"2025-11-06T20:35:44+00:00\",\"mainEntityOfPage\":{\"@id\":\"https:\/\/sudoesteacontece.com.br\/?p=1968\"},\"wordCount\":284,\"commentCount\":0,\"publisher\":{\"@id\":\"https:\/\/sudoesteacontece.com.br\/#organization\"},\"image\":{\"@id\":\"https:\/\/sudoesteacontece.com.br\/?p=1968#primaryimage\"},\"thumbnailUrl\":\"https:\/\/sudoesteacontece.com.br\/wp-content\/uploads\/2025\/11\/Homem-de-56-anos-morre-apos-grave-acidente-em-Dom-Basilio-sudoeste-acontece.webp\",\"articleSection\":[\"Acidente\",\"Dom Bas\u00edlio\"],\"inLanguage\":\"pt-BR\",\"potentialAction\":[{\"@type\":\"CommentAction\",\"name\":\"Comment\",\"target\":[\"https:\/\/sudoesteacontece.com.br\/?p=1968#respond\"]}]},{\"@type\":\"WebPage\",\"@id\":\"https:\/\/sudoesteacontece.com.br\/?p=1968\",\"url\":\"https:\/\/sudoesteacontece.com.br\/?p=1968\",\"name\":\"Homem de 56 anos morre ap\u00f3s grave acidente em Dom Bas\u00edlio - Sudoesteacontece\",\"isPartOf\":{\"@id\":\"https:\/\/sudoesteacontece.com.br\/#website\"},\"primaryImageOfPage\":{\"@id\":\"https:\/\/sudoesteacontece.com.br\/?p=1968#primaryimage\"},\"image\":{\"@id\":\"https:\/\/sudoesteacontece.com.br\/?p=1968#primaryimage\"},\"thumbnailUrl\":\"https:\/\/sudoesteacontece.com.br\/wp-content\/uploads\/2025\/11\/Homem-de-56-anos-morre-apos-grave-acidente-em-Dom-Basilio-sudoeste-acontece.webp\",\"datePublished\":\"2025-11-06T19:18:09+00:00\",\"dateModified\":\"2025-11-06T20:35:44+00:00\",\"breadcrumb\":{\"@id\":\"https:\/\/sudoesteacontece.com.br\/?p=1968#breadcrumb\"},\"inLanguage\":\"pt-BR\",\"potentialAction\":[{\"@type\":\"ReadAction\",\"target\":[\"https:\/\/sudoesteacontece.com.br\/?p=1968\"]}]},{\"@type\":\"ImageObject\",\"inLanguage\":\"pt-BR\",\"@id\":\"https:\/\/sudoesteacontece.com.br\/?p=1968#primaryimage\",\"url\":\"https:\/\/sudoesteacontece.com.br\/wp-content\/uploads\/2025\/11\/Homem-de-56-anos-morre-apos-grave-acidente-em-Dom-Basilio-sudoeste-acontece.webp\",\"contentUrl\":\"https:\/\/sudoesteacontece.com.br\/wp-content\/uploads\/2025\/11\/Homem-de-56-anos-morre-apos-grave-acidente-em-Dom-Basilio-sudoeste-acontece.webp\",\"width\":1000,\"height\":753},{\"@type\":\"BreadcrumbList\",\"@id\":\"https:\/\/sudoesteacontece.com.br\/?p=1968#breadcrumb\",\"itemListElement\":[{\"@type\":\"ListItem\",\"position\":1,\"name\":\"In\u00edcio\",\"item\":\"https:\/\/sudoesteacontece.com.br\/\"},{\"@type\":\"ListItem\",\"position\":2,\"name\":\"Homem de 56 anos morre ap\u00f3s grave acidente em Dom Bas\u00edlio\"}]},{\"@type\":\"WebSite\",\"@id\":\"https:\/\/sudoesteacontece.com.br\/#website\",\"url\":\"https:\/\/sudoesteacontece.com.br\/\",\"name\":\"Sudoesteacontece\",\"description\":\"\",\"publisher\":{\"@id\":\"https:\/\/sudoesteacontece.com.br\/#organization\"},\"potentialAction\":[{\"@type\":\"SearchAction\",\"target\":{\"@type\":\"EntryPoint\",\"urlTemplate\":\"https:\/\/sudoesteacontece.com.br\/?s={search_term_string}\"},\"query-input\":{\"@type\":\"PropertyValueSpecification\",\"valueRequired\":true,\"valueName\":\"search_term_string\"}}],\"inLanguage\":\"pt-BR\"},{\"@type\":\"Organization\",\"@id\":\"https:\/\/sudoesteacontece.com.br\/#organization\",\"name\":\"Sudoesteacontece\",\"url\":\"https:\/\/sudoesteacontece.com.br\/\",\"logo\":{\"@type\":\"ImageObject\",\"inLanguage\":\"pt-BR\",\"@id\":\"https:\/\/sudoesteacontece.com.br\/#\/schema\/logo\/image\/\",\"url\":\"https:\/\/sudoesteacontece.com.br\/wp-content\/uploads\/2025\/12\/cropped-logo-2-180x180-1.png\",\"contentUrl\":\"https:\/\/sudoesteacontece.com.br\/wp-content\/uploads\/2025\/12\/cropped-logo-2-180x180-1.png\",\"width\":180,\"height\":180,\"caption\":\"Sudoesteacontece\"},\"image\":{\"@id\":\"https:\/\/sudoesteacontece.com.br\/#\/schema\/logo\/image\/\"},\"sameAs\":[\"https:\/\/www.facebook.com\/sudoesteacontece\/?locale=pt_BR\"]},{\"@type\":\"Person\",\"@id\":\"https:\/\/sudoesteacontece.com.br\/#\/schema\/person\/3cf2cf009926a9683ebc29d5379fa79c\",\"name\":\"Washington Tiago\",\"image\":{\"@type\":\"ImageObject\",\"inLanguage\":\"pt-BR\",\"@id\":\"https:\/\/sudoesteacontece.com.br\/#\/schema\/person\/image\/\",\"url\":\"https:\/\/secure.gravatar.com\/avatar\/33c43b8668157e040f9d1fe93c354bf087cbd8ba36270c1163198bd3ddcf2a56?s=96&d=mm&r=g\",\"contentUrl\":\"https:\/\/secure.gravatar.com\/avatar\/33c43b8668157e040f9d1fe93c354bf087cbd8ba36270c1163198bd3ddcf2a56?s=96&d=mm&r=g\",\"caption\":\"Washington Tiago\"},\"url\":\"https:\/\/sudoesteacontece.com.br\/?author=2\"}]}<\/script>\n<!-- \/ Yoast SEO plugin. -->","yoast_head_json":{"title":"Homem de 56 anos morre ap\u00f3s grave acidente em Dom Bas\u00edlio - Sudoesteacontece","robots":{"index":"index","follow":"follow","max-snippet":"max-snippet:-1","max-image-preview":"max-image-preview:large","max-video-preview":"max-video-preview:-1"},"canonical":"https:\/\/sudoesteacontece.com.br\/?p=1968","og_locale":"pt_BR","og_type":"article","og_title":"Homem de 56 anos morre ap\u00f3s grave acidente em Dom Bas\u00edlio - Sudoesteacontece","og_description":"Um homem identificado como Jo\u00e3o Ant\u00f4nio de Santana, de 56 anos, morreu nesta quarta-feira (5), dois dias ap\u00f3s sofrer um grave acidente automobil\u00edstico em Dom Bas\u00edlio, no sudoeste da Bahia. Acidente aconteceu na noite de segunda-feira (3), em um trecho da rodovia que liga o munic\u00edpio \u00e0 cidade de Livramento de Nossa Senhora. Jo\u00e3o Ant\u00f4nio conduzia uma motocicleta quando perdeu o controle da dire\u00e7\u00e3o e saiu da pista. O impacto foi forte e deixou o carro completamente destru\u00eddo. Moradores que passavam pelo local acionaram o Servi\u00e7o de Atendimento M\u00f3vel de Urg\u00eancia (SAMU). A v\u00edtima foi socorrida em estado grave e levada para o Hospital Regional de Guanambi, onde ficou internada na Unidade de Terapia Intensiva (UTI). Mesmo com todos os esfor\u00e7os da equipe m\u00e9dica, o quadro de sa\u00fade se agravou durante a madrugada. Jo\u00e3o Ant\u00f4nio n\u00e3o resistiu aos ferimentos e morreu por volta das 4h10 da manh\u00e3 desta quarta-feira. Corpo foi encaminhado ao Instituto M\u00e9dico Legal (IML) de Guanambi para necropsia e, em seguida, liberado para sepultamento em Dom Bas\u00edlio, onde morava com a fam\u00edlia. Not\u00edcia causou como\u00e7\u00e3o entre amigos e moradores, que descreveram Jo\u00e3o Ant\u00f4nio como um homem trabalhador, simples e querido pela comunidade. Ele atuava no setor rural e era conhecido pelo envolvimento em projetos agr\u00edcolas na regi\u00e3o. Nos \u00faltimos meses, a rodovia entre Dom Bas\u00edlio e Livramento tem registrado aumento no n\u00famero de acidentes, o que reacende o debate sobre melhorias na sinaliza\u00e7\u00e3o e manuten\u00e7\u00e3o das estradas do sudoeste baiano.","og_url":"https:\/\/sudoesteacontece.com.br\/?p=1968","og_site_name":"Sudoesteacontece","article_publisher":"https:\/\/www.facebook.com\/sudoesteacontece\/?locale=pt_BR","article_published_time":"2025-11-06T19:18:09+00:00","article_modified_time":"2025-11-06T20:35:44+00:00","og_image":[{"width":1000,"height":753,"url":"https:\/\/sudoesteacontece.com.br\/wp-content\/uploads\/2025\/11\/Homem-de-56-anos-morre-apos-grave-acidente-em-Dom-Basilio-sudoeste-acontece.webp","type":"image\/webp"}],"author":"Washington Tiago","twitter_card":"summary_large_image","twitter_misc":{"Escrito por":"Washington Tiago","Est. tempo de leitura":"1 minuto"},"schema":{"@context":"https:\/\/schema.org","@graph":[{"@type":"Article","@id":"https:\/\/sudoesteacontece.com.br\/?p=1968#article","isPartOf":{"@id":"https:\/\/sudoesteacontece.com.br\/?p=1968"},"author":{"name":"Washington Tiago","@id":"https:\/\/sudoesteacontece.com.br\/#\/schema\/person\/3cf2cf009926a9683ebc29d5379fa79c"},"headline":"Homem de 56 anos morre ap\u00f3s grave acidente em Dom Bas\u00edlio","datePublished":"2025-11-06T19:18:09+00:00","dateModified":"2025-11-06T20:35:44+00:00","mainEntityOfPage":{"@id":"https:\/\/sudoesteacontece.com.br\/?p=1968"},"wordCount":284,"commentCount":0,"publisher":{"@id":"https:\/\/sudoesteacontece.com.br\/#organization"},"image":{"@id":"https:\/\/sudoesteacontece.com.br\/?p=1968#primaryimage"},"thumbnailUrl":"https:\/\/sudoesteacontece.com.br\/wp-content\/uploads\/2025\/11\/Homem-de-56-anos-morre-apos-grave-acidente-em-Dom-Basilio-sudoeste-acontece.webp","articleSection":["Acidente","Dom Bas\u00edlio"],"inLanguage":"pt-BR","potentialAction":[{"@type":"CommentAction","name":"Comment","target":["https:\/\/sudoesteacontece.com.br\/?p=1968#respond"]}]},{"@type":"WebPage","@id":"https:\/\/sudoesteacontece.com.br\/?p=1968","url":"https:\/\/sudoesteacontece.com.br\/?p=1968","name":"Homem de 56 anos morre ap\u00f3s grave acidente em Dom Bas\u00edlio - Sudoesteacontece","isPartOf":{"@id":"https:\/\/sudoesteacontece.com.br\/#website"},"primaryImageOfPage":{"@id":"https:\/\/sudoesteacontece.com.br\/?p=1968#primaryimage"},"image":{"@id":"https:\/\/sudoesteacontece.com.br\/?p=1968#primaryimage"},"thumbnailUrl":"https:\/\/sudoesteacontece.com.br\/wp-content\/uploads\/2025\/11\/Homem-de-56-anos-morre-apos-grave-acidente-em-Dom-Basilio-sudoeste-acontece.webp","datePublished":"2025-11-06T19:18:09+00:00","dateModified":"2025-11-06T20:35:44+00:00","breadcrumb":{"@id":"https:\/\/sudoesteacontece.com.br\/?p=1968#breadcrumb"},"inLanguage":"pt-BR","potentialAction":[{"@type":"ReadAction","target":["https:\/\/sudoesteacontece.com.br\/?p=1968"]}]},{"@type":"ImageObject","inLanguage":"pt-BR","@id":"https:\/\/sudoesteacontece.com.br\/?p=1968#primaryimage","url":"https:\/\/sudoesteacontece.com.br\/wp-content\/uploads\/2025\/11\/Homem-de-56-anos-morre-apos-grave-acidente-em-Dom-Basilio-sudoeste-acontece.webp","contentUrl":"https:\/\/sudoesteacontece.com.br\/wp-content\/uploads\/2025\/11\/Homem-de-56-anos-morre-apos-grave-acidente-em-Dom-Basilio-sudoeste-acontece.webp","width":1000,"height":753},{"@type":"BreadcrumbList","@id":"https:\/\/sudoesteacontece.com.br\/?p=1968#breadcrumb","itemListElement":[{"@type":"ListItem","position":1,"name":"In\u00edcio","item":"https:\/\/sudoesteacontece.com.br\/"},{"@type":"ListItem","position":2,"name":"Homem de 56 anos morre ap\u00f3s grave acidente em Dom Bas\u00edlio"}]},{"@type":"WebSite","@id":"https:\/\/sudoesteacontece.com.br\/#website","url":"https:\/\/sudoesteacontece.com.br\/","name":"Sudoesteacontece","description":"","publisher":{"@id":"https:\/\/sudoesteacontece.com.br\/#organization"},"potentialAction":[{"@type":"SearchAction","target":{"@type":"EntryPoint","urlTemplate":"https:\/\/sudoesteacontece.com.br\/?s={search_term_string}"},"query-input":{"@type":"PropertyValueSpecification","valueRequired":true,"valueName":"search_term_string"}}],"inLanguage":"pt-BR"},{"@type":"Organization","@id":"https:\/\/sudoesteacontece.com.br\/#organization","name":"Sudoesteacontece","url":"https:\/\/sudoesteacontece.com.br\/","logo":{"@type":"ImageObject","inLanguage":"pt-BR","@id":"https:\/\/sudoesteacontece.com.br\/#\/schema\/logo\/image\/","url":"https:\/\/sudoesteacontece.com.br\/wp-content\/uploads\/2025\/12\/cropped-logo-2-180x180-1.png","contentUrl":"https:\/\/sudoesteacontece.com.br\/wp-content\/uploads\/2025\/12\/cropped-logo-2-180x180-1.png","width":180,"height":180,"caption":"Sudoesteacontece"},"image":{"@id":"https:\/\/sudoesteacontece.com.br\/#\/schema\/logo\/image\/"},"sameAs":["https:\/\/www.facebook.com\/sudoesteacontece\/?locale=pt_BR"]},{"@type":"Person","@id":"https:\/\/sudoesteacontece.com.br\/#\/schema\/person\/3cf2cf009926a9683ebc29d5379fa79c","name":"Washington Tiago","image":{"@type":"ImageObject","inLanguage":"pt-BR","@id":"https:\/\/sudoesteacontece.com.br\/#\/schema\/person\/image\/","url":"https:\/\/secure.gravatar.com\/avatar\/33c43b8668157e040f9d1fe93c354bf087cbd8ba36270c1163198bd3ddcf2a56?s=96&d=mm&r=g","contentUrl":"https:\/\/secure.gravatar.com\/avatar\/33c43b8668157e040f9d1fe93c354bf087cbd8ba36270c1163198bd3ddcf2a56?s=96&d=mm&r=g","caption":"Washington Tiago"},"url":"https:\/\/sudoesteacontece.com.br\/?author=2"}]}},"_links":{"self":[{"href":"https:\/\/sudoesteacontece.com.br\/index.php?rest_route=\/wp\/v2\/posts\/1968","targetHints":{"allow":["GET"]}}],"collection":[{"href":"https:\/\/sudoesteacontece.com.br\/index.php?rest_route=\/wp\/v2\/posts"}],"about":[{"href":"https:\/\/sudoesteacontece.com.br\/index.php?rest_route=\/wp\/v2\/types\/post"}],"author":[{"embeddable":true,"href":"https:\/\/sudoesteacontece.com.br\/index.php?rest_route=\/wp\/v2\/users\/2"}],"replies":[{"embeddable":true,"href":"https:\/\/sudoesteacontece.com.br\/index.php?rest_route=%2Fwp%2Fv2%2Fcomments&post=1968"}],"version-history":[{"count":0,"href":"https:\/\/sudoesteacontece.com.br\/index.php?rest_route=\/wp\/v2\/posts\/1968\/revisions"}],"wp:featuredmedia":[{"embeddable":true,"href":"https:\/\/sudoesteacontece.com.br\/index.php?rest_route=\/wp\/v2\/media\/1977"}],"wp:attachment":[{"href":"https:\/\/sudoesteacontece.com.br\/index.php?rest_route=%2Fwp%2Fv2%2Fmedia&parent=1968"}],"wp:term":[{"taxonomy":"category","embeddable":true,"href":"https:\/\/sudoesteacontece.com.br\/index.php?rest_route=%2Fwp%2Fv2%2Fcategories&post=1968"},{"taxonomy":"post_tag","embeddable":true,"href":"https:\/\/sudoesteacontece.com.br\/index.php?rest_route=%2Fwp%2Fv2%2Ftags&post=1968"}],"curies":[{"name":"wp","href":"https:\/\/api.w.org\/{rel}","templated":true}]}}