{"id":1969,"date":"2025-11-06T16:23:25","date_gmt":"2025-11-06T19:23:25","guid":{"rendered":"https:\/\/sudoesteacontece.com.br\/?p=1969"},"modified":"2025-11-06T16:23:29","modified_gmt":"2025-11-06T19:23:29","slug":"motorista-sem-habilitacao-causa-acidente-e-e-detido-apos-bater-em-carro-da-policia-na-cidade-de-iuiu","status":"publish","type":"post","link":"https:\/\/sudoesteacontece.com.br\/?p=1969","title":{"rendered":"Motorista sem habilita\u00e7\u00e3o causa acidente e \u00e9 detido ap\u00f3s bater em carro da pol\u00edcia na cidade de Iuiu"},"content":{"rendered":"<div class=\"wp-block-image\">\n<figure class=\"aligncenter size-large\"><img fetchpriority=\"high\" decoding=\"async\" width=\"1024\" height=\"749\" src=\"http:\/\/sudoesteacontece.com.br\/wp-content\/uploads\/2025\/11\/Motorista-sem-habilitacao-causa-acidente-e-e-detido-apos-bater-em-carro-da-policia-na-cidade-de-Iuiu-sudoeste-acontece-1024x749.jpg\" alt=\"\" class=\"wp-image-1979\" srcset=\"https:\/\/sudoesteacontece.com.br\/wp-content\/uploads\/2025\/11\/Motorista-sem-habilitacao-causa-acidente-e-e-detido-apos-bater-em-carro-da-policia-na-cidade-de-Iuiu-sudoeste-acontece-1024x749.jpg 1024w, https:\/\/sudoesteacontece.com.br\/wp-content\/uploads\/2025\/11\/Motorista-sem-habilitacao-causa-acidente-e-e-detido-apos-bater-em-carro-da-policia-na-cidade-de-Iuiu-sudoeste-acontece-300x219.jpg 300w, https:\/\/sudoesteacontece.com.br\/wp-content\/uploads\/2025\/11\/Motorista-sem-habilitacao-causa-acidente-e-e-detido-apos-bater-em-carro-da-policia-na-cidade-de-Iuiu-sudoeste-acontece-768x562.jpg 768w, https:\/\/sudoesteacontece.com.br\/wp-content\/uploads\/2025\/11\/Motorista-sem-habilitacao-causa-acidente-e-e-detido-apos-bater-em-carro-da-policia-na-cidade-de-Iuiu-sudoeste-acontece.jpg 1280w\" sizes=\"(max-width: 1024px) 100vw, 1024px\" \/><\/figure>\n<\/div>\n\n\n<p>Um motorista de 39 anos foi detido na tarde de ter\u00e7a-feira (5) ap\u00f3s provocar um acidente inusitado no centro de Iuiu, no sudoeste da Bahia. O homem colidiu com uma viatura da Pol\u00edcia Militar depois que o carro que dirigia desceu de r\u00e9 desgovernado.<\/p>\n\n\n\n<p>Caso aconteceu por volta das 17h15, no cruzamento da Avenida Vicente Cristo Lopes com a Rua Euj\u00e1cio de Brito Vilas Boas. Testemunhas contaram que o Fiat Uno Mille, de cor prata, apagou o motor e come\u00e7ou a voltar de r\u00e9, atingindo a lateral esquerda da viatura que estava estacionada. O impacto provocou amassado no paralama do ve\u00edculo policial.<\/p>\n\n\n\n<p>Equipes da Pol\u00edcia Militar que estavam pr\u00f3ximas ao local agiram rapidamente e abordaram o motorista. Durante a verifica\u00e7\u00e3o, os agentes constataram que ele n\u00e3o possu\u00eda Carteira Nacional de Habilita\u00e7\u00e3o (CNH) e apresentava fortes sinais de embriaguez, como fala arrastada, h\u00e1lito et\u00edlico e desequil\u00edbrio.<\/p>\n\n\n\n<p>Homem tamb\u00e9m n\u00e3o apresentou o Certificado de Registro e Licenciamento (CRLV) atualizado, o que agravou a situa\u00e7\u00e3o. Dentro do autom\u00f3vel, o propriet\u00e1rio do ve\u00edculo acompanhava o epis\u00f3dio e presenciou a a\u00e7\u00e3o policial.<\/p>\n\n\n\n<p>Ap\u00f3s o incidente, o carro foi apreendido e removido para o p\u00e1tio do Pelot\u00e3o de Iuiu, onde foram adotadas todas as medidas administrativas cab\u00edveis. Motorista foi conduzido \u00e0 Delegacia de Pol\u00edcia Civil, onde deve responder por conduzir sob efeito de \u00e1lcool e sem habilita\u00e7\u00e3o.<\/p>\n\n\n\n<p>Epis\u00f3dio chamou aten\u00e7\u00e3o de moradores, que relataram preocupa\u00e7\u00e3o com o aumento de casos de embriaguez ao volante na regi\u00e3o. A Pol\u00edcia Militar refor\u00e7ou que opera\u00e7\u00f5es de fiscaliza\u00e7\u00e3o continuar\u00e3o intensificadas para garantir mais seguran\u00e7a no tr\u00e2nsito urbano e rodovi\u00e1rio do munic\u00edpio.<\/p>\n\n\n\n<p>Autoridades locais destacaram que, apesar de o acidente ter resultado apenas em danos materiais, a situa\u00e7\u00e3o poderia ter terminado em trag\u00e9dia, caso houvesse pedestres ou outros ve\u00edculos trafegando na via no momento da colis\u00e3o.<\/p>\n\n\n\n<p>O caso ser\u00e1 acompanhado pela Pol\u00edcia Civil, que deve apurar se o motorista j\u00e1 havia sido flagrado em outras infra\u00e7\u00f5es semelhantes. A prefeitura informou que trabalha em campanhas educativas de conscientiza\u00e7\u00e3o no tr\u00e2nsito, alertando sobre os riscos da combina\u00e7\u00e3o entre \u00e1lcool e dire\u00e7\u00e3o.<\/p>\n","protected":false},"excerpt":{"rendered":"<p>Um motorista de 39 anos foi detido na tarde de ter\u00e7a-feira (5) ap\u00f3s provocar um acidente inusitado no centro de Iuiu, no sudoeste da Bahia. O homem colidiu com uma viatura da Pol\u00edcia Militar depois que o carro que dirigia desceu de r\u00e9 desgovernado. Caso aconteceu por volta das 17h15, no cruzamento da Avenida Vicente Cristo Lopes com a Rua Euj\u00e1cio de Brito Vilas Boas. Testemunhas contaram que o Fiat Uno Mille, de cor prata, apagou o motor e come\u00e7ou a voltar de r\u00e9, atingindo a lateral esquerda da viatura que estava estacionada. O impacto provocou amassado no paralama do ve\u00edculo policial. Equipes da Pol\u00edcia Militar que estavam pr\u00f3ximas ao local agiram rapidamente e abordaram o motorista. Durante a verifica\u00e7\u00e3o, os agentes constataram que ele n\u00e3o possu\u00eda Carteira Nacional de Habilita\u00e7\u00e3o (CNH) e apresentava fortes sinais de embriaguez, como fala arrastada, h\u00e1lito et\u00edlico e desequil\u00edbrio. Homem tamb\u00e9m n\u00e3o apresentou o Certificado de Registro e Licenciamento (CRLV) atualizado, o que agravou a situa\u00e7\u00e3o. Dentro do autom\u00f3vel, o propriet\u00e1rio do ve\u00edculo acompanhava o epis\u00f3dio e presenciou a a\u00e7\u00e3o policial. Ap\u00f3s o incidente, o carro foi apreendido e removido para o p\u00e1tio do Pelot\u00e3o de Iuiu, onde foram adotadas todas as medidas administrativas cab\u00edveis. Motorista foi conduzido \u00e0 Delegacia de Pol\u00edcia Civil, onde deve responder por conduzir sob efeito de \u00e1lcool e sem habilita\u00e7\u00e3o. Epis\u00f3dio chamou aten\u00e7\u00e3o de moradores, que relataram preocupa\u00e7\u00e3o com o aumento de casos de embriaguez ao volante na regi\u00e3o. A Pol\u00edcia Militar refor\u00e7ou que opera\u00e7\u00f5es de fiscaliza\u00e7\u00e3o continuar\u00e3o intensificadas para garantir mais seguran\u00e7a no tr\u00e2nsito urbano e rodovi\u00e1rio do munic\u00edpio. Autoridades locais destacaram que, apesar de o acidente ter resultado apenas em danos materiais, a situa\u00e7\u00e3o poderia ter terminado em trag\u00e9dia, caso houvesse pedestres ou outros ve\u00edculos trafegando na via no momento da colis\u00e3o. O caso ser\u00e1 acompanhado pela Pol\u00edcia Civil, que deve apurar se o motorista j\u00e1 havia sido flagrado em outras infra\u00e7\u00f5es semelhantes. A prefeitura informou que trabalha em campanhas educativas de conscientiza\u00e7\u00e3o no tr\u00e2nsito, alertando sobre os riscos da combina\u00e7\u00e3o entre \u00e1lcool e dire\u00e7\u00e3o.<\/p>\n","protected":false},"author":2,"featured_media":1979,"comment_status":"open","ping_status":"open","sticky":false,"template":"","format":"standard","meta":{"footnotes":""},"categories":[5],"tags":[],"class_list":["post-1969","post","type-post","status-publish","format-standard","has-post-thumbnail","hentry","category-acidente"],"yoast_head":"<!-- This site is optimized with the Yoast SEO plugin v26.5 - https:\/\/yoast.com\/wordpress\/plugins\/seo\/ -->\n<title>Motorista sem habilita\u00e7\u00e3o causa acidente e \u00e9 detido ap\u00f3s bater em carro da pol\u00edcia na cidade de Iuiu - Sudoesteacontece<\/title>\n<meta name=\"robots\" content=\"index, follow, max-snippet:-1, max-image-preview:large, max-video-preview:-1\" \/>\n<link rel=\"canonical\" href=\"https:\/\/sudoesteacontece.com.br\/?p=1969\" \/>\n<meta property=\"og:locale\" content=\"pt_BR\" \/>\n<meta property=\"og:type\" content=\"article\" \/>\n<meta property=\"og:title\" content=\"Motorista sem habilita\u00e7\u00e3o causa acidente e \u00e9 detido ap\u00f3s bater em carro da pol\u00edcia na cidade de Iuiu - Sudoesteacontece\" \/>\n<meta property=\"og:description\" content=\"Um motorista de 39 anos foi detido na tarde de ter\u00e7a-feira (5) ap\u00f3s provocar um acidente inusitado no centro de Iuiu, no sudoeste da Bahia. O homem colidiu com uma viatura da Pol\u00edcia Militar depois que o carro que dirigia desceu de r\u00e9 desgovernado. Caso aconteceu por volta das 17h15, no cruzamento da Avenida Vicente Cristo Lopes com a Rua Euj\u00e1cio de Brito Vilas Boas. Testemunhas contaram que o Fiat Uno Mille, de cor prata, apagou o motor e come\u00e7ou a voltar de r\u00e9, atingindo a lateral esquerda da viatura que estava estacionada. O impacto provocou amassado no paralama do ve\u00edculo policial. Equipes da Pol\u00edcia Militar que estavam pr\u00f3ximas ao local agiram rapidamente e abordaram o motorista. Durante a verifica\u00e7\u00e3o, os agentes constataram que ele n\u00e3o possu\u00eda Carteira Nacional de Habilita\u00e7\u00e3o (CNH) e apresentava fortes sinais de embriaguez, como fala arrastada, h\u00e1lito et\u00edlico e desequil\u00edbrio. Homem tamb\u00e9m n\u00e3o apresentou o Certificado de Registro e Licenciamento (CRLV) atualizado, o que agravou a situa\u00e7\u00e3o. Dentro do autom\u00f3vel, o propriet\u00e1rio do ve\u00edculo acompanhava o epis\u00f3dio e presenciou a a\u00e7\u00e3o policial. Ap\u00f3s o incidente, o carro foi apreendido e removido para o p\u00e1tio do Pelot\u00e3o de Iuiu, onde foram adotadas todas as medidas administrativas cab\u00edveis. Motorista foi conduzido \u00e0 Delegacia de Pol\u00edcia Civil, onde deve responder por conduzir sob efeito de \u00e1lcool e sem habilita\u00e7\u00e3o. Epis\u00f3dio chamou aten\u00e7\u00e3o de moradores, que relataram preocupa\u00e7\u00e3o com o aumento de casos de embriaguez ao volante na regi\u00e3o. A Pol\u00edcia Militar refor\u00e7ou que opera\u00e7\u00f5es de fiscaliza\u00e7\u00e3o continuar\u00e3o intensificadas para garantir mais seguran\u00e7a no tr\u00e2nsito urbano e rodovi\u00e1rio do munic\u00edpio. Autoridades locais destacaram que, apesar de o acidente ter resultado apenas em danos materiais, a situa\u00e7\u00e3o poderia ter terminado em trag\u00e9dia, caso houvesse pedestres ou outros ve\u00edculos trafegando na via no momento da colis\u00e3o. O caso ser\u00e1 acompanhado pela Pol\u00edcia Civil, que deve apurar se o motorista j\u00e1 havia sido flagrado em outras infra\u00e7\u00f5es semelhantes. A prefeitura informou que trabalha em campanhas educativas de conscientiza\u00e7\u00e3o no tr\u00e2nsito, alertando sobre os riscos da combina\u00e7\u00e3o entre \u00e1lcool e dire\u00e7\u00e3o.\" \/>\n<meta property=\"og:url\" content=\"https:\/\/sudoesteacontece.com.br\/?p=1969\" \/>\n<meta property=\"og:site_name\" content=\"Sudoesteacontece\" \/>\n<meta property=\"article:publisher\" content=\"https:\/\/www.facebook.com\/sudoesteacontece\/?locale=pt_BR\" \/>\n<meta property=\"article:published_time\" content=\"2025-11-06T19:23:25+00:00\" \/>\n<meta property=\"article:modified_time\" content=\"2025-11-06T19:23:29+00:00\" \/>\n<meta property=\"og:image\" content=\"https:\/\/sudoesteacontece.com.br\/wp-content\/uploads\/2025\/11\/Motorista-sem-habilitacao-causa-acidente-e-e-detido-apos-bater-em-carro-da-policia-na-cidade-de-Iuiu-sudoeste-acontece.jpg\" \/>\n\t<meta property=\"og:image:width\" content=\"1280\" \/>\n\t<meta property=\"og:image:height\" content=\"936\" \/>\n\t<meta property=\"og:image:type\" content=\"image\/jpeg\" \/>\n<meta name=\"author\" content=\"Washington Tiago\" \/>\n<meta name=\"twitter:card\" content=\"summary_large_image\" \/>\n<meta name=\"twitter:label1\" content=\"Escrito por\" \/>\n\t<meta name=\"twitter:data1\" content=\"Washington Tiago\" \/>\n\t<meta name=\"twitter:label2\" content=\"Est. tempo de leitura\" \/>\n\t<meta name=\"twitter:data2\" content=\"2 minutos\" \/>\n<script type=\"application\/ld+json\" class=\"yoast-schema-graph\">{\"@context\":\"https:\/\/schema.org\",\"@graph\":[{\"@type\":\"Article\",\"@id\":\"https:\/\/sudoesteacontece.com.br\/?p=1969#article\",\"isPartOf\":{\"@id\":\"https:\/\/sudoesteacontece.com.br\/?p=1969\"},\"author\":{\"name\":\"Washington Tiago\",\"@id\":\"https:\/\/sudoesteacontece.com.br\/#\/schema\/person\/3cf2cf009926a9683ebc29d5379fa79c\"},\"headline\":\"Motorista sem habilita\u00e7\u00e3o causa acidente e \u00e9 detido ap\u00f3s bater em carro da pol\u00edcia na cidade de Iuiu\",\"datePublished\":\"2025-11-06T19:23:25+00:00\",\"dateModified\":\"2025-11-06T19:23:29+00:00\",\"mainEntityOfPage\":{\"@id\":\"https:\/\/sudoesteacontece.com.br\/?p=1969\"},\"wordCount\":407,\"commentCount\":0,\"publisher\":{\"@id\":\"https:\/\/sudoesteacontece.com.br\/#organization\"},\"image\":{\"@id\":\"https:\/\/sudoesteacontece.com.br\/?p=1969#primaryimage\"},\"thumbnailUrl\":\"https:\/\/sudoesteacontece.com.br\/wp-content\/uploads\/2025\/11\/Motorista-sem-habilitacao-causa-acidente-e-e-detido-apos-bater-em-carro-da-policia-na-cidade-de-Iuiu-sudoeste-acontece.jpg\",\"articleSection\":[\"Acidente\"],\"inLanguage\":\"pt-BR\",\"potentialAction\":[{\"@type\":\"CommentAction\",\"name\":\"Comment\",\"target\":[\"https:\/\/sudoesteacontece.com.br\/?p=1969#respond\"]}]},{\"@type\":\"WebPage\",\"@id\":\"https:\/\/sudoesteacontece.com.br\/?p=1969\",\"url\":\"https:\/\/sudoesteacontece.com.br\/?p=1969\",\"name\":\"Motorista sem habilita\u00e7\u00e3o causa acidente e \u00e9 detido ap\u00f3s bater em carro da pol\u00edcia na cidade de Iuiu - Sudoesteacontece\",\"isPartOf\":{\"@id\":\"https:\/\/sudoesteacontece.com.br\/#website\"},\"primaryImageOfPage\":{\"@id\":\"https:\/\/sudoesteacontece.com.br\/?p=1969#primaryimage\"},\"image\":{\"@id\":\"https:\/\/sudoesteacontece.com.br\/?p=1969#primaryimage\"},\"thumbnailUrl\":\"https:\/\/sudoesteacontece.com.br\/wp-content\/uploads\/2025\/11\/Motorista-sem-habilitacao-causa-acidente-e-e-detido-apos-bater-em-carro-da-policia-na-cidade-de-Iuiu-sudoeste-acontece.jpg\",\"datePublished\":\"2025-11-06T19:23:25+00:00\",\"dateModified\":\"2025-11-06T19:23:29+00:00\",\"breadcrumb\":{\"@id\":\"https:\/\/sudoesteacontece.com.br\/?p=1969#breadcrumb\"},\"inLanguage\":\"pt-BR\",\"potentialAction\":[{\"@type\":\"ReadAction\",\"target\":[\"https:\/\/sudoesteacontece.com.br\/?p=1969\"]}]},{\"@type\":\"ImageObject\",\"inLanguage\":\"pt-BR\",\"@id\":\"https:\/\/sudoesteacontece.com.br\/?p=1969#primaryimage\",\"url\":\"https:\/\/sudoesteacontece.com.br\/wp-content\/uploads\/2025\/11\/Motorista-sem-habilitacao-causa-acidente-e-e-detido-apos-bater-em-carro-da-policia-na-cidade-de-Iuiu-sudoeste-acontece.jpg\",\"contentUrl\":\"https:\/\/sudoesteacontece.com.br\/wp-content\/uploads\/2025\/11\/Motorista-sem-habilitacao-causa-acidente-e-e-detido-apos-bater-em-carro-da-policia-na-cidade-de-Iuiu-sudoeste-acontece.jpg\",\"width\":1280,\"height\":936},{\"@type\":\"BreadcrumbList\",\"@id\":\"https:\/\/sudoesteacontece.com.br\/?p=1969#breadcrumb\",\"itemListElement\":[{\"@type\":\"ListItem\",\"position\":1,\"name\":\"In\u00edcio\",\"item\":\"https:\/\/sudoesteacontece.com.br\/\"},{\"@type\":\"ListItem\",\"position\":2,\"name\":\"Motorista sem habilita\u00e7\u00e3o causa acidente e \u00e9 detido ap\u00f3s bater em carro da pol\u00edcia na cidade de Iuiu\"}]},{\"@type\":\"WebSite\",\"@id\":\"https:\/\/sudoesteacontece.com.br\/#website\",\"url\":\"https:\/\/sudoesteacontece.com.br\/\",\"name\":\"Sudoesteacontece\",\"description\":\"\",\"publisher\":{\"@id\":\"https:\/\/sudoesteacontece.com.br\/#organization\"},\"potentialAction\":[{\"@type\":\"SearchAction\",\"target\":{\"@type\":\"EntryPoint\",\"urlTemplate\":\"https:\/\/sudoesteacontece.com.br\/?s={search_term_string}\"},\"query-input\":{\"@type\":\"PropertyValueSpecification\",\"valueRequired\":true,\"valueName\":\"search_term_string\"}}],\"inLanguage\":\"pt-BR\"},{\"@type\":\"Organization\",\"@id\":\"https:\/\/sudoesteacontece.com.br\/#organization\",\"name\":\"Sudoesteacontece\",\"url\":\"https:\/\/sudoesteacontece.com.br\/\",\"logo\":{\"@type\":\"ImageObject\",\"inLanguage\":\"pt-BR\",\"@id\":\"https:\/\/sudoesteacontece.com.br\/#\/schema\/logo\/image\/\",\"url\":\"https:\/\/sudoesteacontece.com.br\/wp-content\/uploads\/2025\/12\/cropped-logo-2-180x180-1.png\",\"contentUrl\":\"https:\/\/sudoesteacontece.com.br\/wp-content\/uploads\/2025\/12\/cropped-logo-2-180x180-1.png\",\"width\":180,\"height\":180,\"caption\":\"Sudoesteacontece\"},\"image\":{\"@id\":\"https:\/\/sudoesteacontece.com.br\/#\/schema\/logo\/image\/\"},\"sameAs\":[\"https:\/\/www.facebook.com\/sudoesteacontece\/?locale=pt_BR\"]},{\"@type\":\"Person\",\"@id\":\"https:\/\/sudoesteacontece.com.br\/#\/schema\/person\/3cf2cf009926a9683ebc29d5379fa79c\",\"name\":\"Washington Tiago\",\"image\":{\"@type\":\"ImageObject\",\"inLanguage\":\"pt-BR\",\"@id\":\"https:\/\/sudoesteacontece.com.br\/#\/schema\/person\/image\/\",\"url\":\"https:\/\/secure.gravatar.com\/avatar\/33c43b8668157e040f9d1fe93c354bf087cbd8ba36270c1163198bd3ddcf2a56?s=96&d=mm&r=g\",\"contentUrl\":\"https:\/\/secure.gravatar.com\/avatar\/33c43b8668157e040f9d1fe93c354bf087cbd8ba36270c1163198bd3ddcf2a56?s=96&d=mm&r=g\",\"caption\":\"Washington Tiago\"},\"url\":\"https:\/\/sudoesteacontece.com.br\/?author=2\"}]}<\/script>\n<!-- \/ Yoast SEO plugin. -->","yoast_head_json":{"title":"Motorista sem habilita\u00e7\u00e3o causa acidente e \u00e9 detido ap\u00f3s bater em carro da pol\u00edcia na cidade de Iuiu - Sudoesteacontece","robots":{"index":"index","follow":"follow","max-snippet":"max-snippet:-1","max-image-preview":"max-image-preview:large","max-video-preview":"max-video-preview:-1"},"canonical":"https:\/\/sudoesteacontece.com.br\/?p=1969","og_locale":"pt_BR","og_type":"article","og_title":"Motorista sem habilita\u00e7\u00e3o causa acidente e \u00e9 detido ap\u00f3s bater em carro da pol\u00edcia na cidade de Iuiu - Sudoesteacontece","og_description":"Um motorista de 39 anos foi detido na tarde de ter\u00e7a-feira (5) ap\u00f3s provocar um acidente inusitado no centro de Iuiu, no sudoeste da Bahia. O homem colidiu com uma viatura da Pol\u00edcia Militar depois que o carro que dirigia desceu de r\u00e9 desgovernado. Caso aconteceu por volta das 17h15, no cruzamento da Avenida Vicente Cristo Lopes com a Rua Euj\u00e1cio de Brito Vilas Boas. Testemunhas contaram que o Fiat Uno Mille, de cor prata, apagou o motor e come\u00e7ou a voltar de r\u00e9, atingindo a lateral esquerda da viatura que estava estacionada. O impacto provocou amassado no paralama do ve\u00edculo policial. Equipes da Pol\u00edcia Militar que estavam pr\u00f3ximas ao local agiram rapidamente e abordaram o motorista. Durante a verifica\u00e7\u00e3o, os agentes constataram que ele n\u00e3o possu\u00eda Carteira Nacional de Habilita\u00e7\u00e3o (CNH) e apresentava fortes sinais de embriaguez, como fala arrastada, h\u00e1lito et\u00edlico e desequil\u00edbrio. Homem tamb\u00e9m n\u00e3o apresentou o Certificado de Registro e Licenciamento (CRLV) atualizado, o que agravou a situa\u00e7\u00e3o. Dentro do autom\u00f3vel, o propriet\u00e1rio do ve\u00edculo acompanhava o epis\u00f3dio e presenciou a a\u00e7\u00e3o policial. Ap\u00f3s o incidente, o carro foi apreendido e removido para o p\u00e1tio do Pelot\u00e3o de Iuiu, onde foram adotadas todas as medidas administrativas cab\u00edveis. Motorista foi conduzido \u00e0 Delegacia de Pol\u00edcia Civil, onde deve responder por conduzir sob efeito de \u00e1lcool e sem habilita\u00e7\u00e3o. Epis\u00f3dio chamou aten\u00e7\u00e3o de moradores, que relataram preocupa\u00e7\u00e3o com o aumento de casos de embriaguez ao volante na regi\u00e3o. A Pol\u00edcia Militar refor\u00e7ou que opera\u00e7\u00f5es de fiscaliza\u00e7\u00e3o continuar\u00e3o intensificadas para garantir mais seguran\u00e7a no tr\u00e2nsito urbano e rodovi\u00e1rio do munic\u00edpio. Autoridades locais destacaram que, apesar de o acidente ter resultado apenas em danos materiais, a situa\u00e7\u00e3o poderia ter terminado em trag\u00e9dia, caso houvesse pedestres ou outros ve\u00edculos trafegando na via no momento da colis\u00e3o. O caso ser\u00e1 acompanhado pela Pol\u00edcia Civil, que deve apurar se o motorista j\u00e1 havia sido flagrado em outras infra\u00e7\u00f5es semelhantes. A prefeitura informou que trabalha em campanhas educativas de conscientiza\u00e7\u00e3o no tr\u00e2nsito, alertando sobre os riscos da combina\u00e7\u00e3o entre \u00e1lcool e dire\u00e7\u00e3o.","og_url":"https:\/\/sudoesteacontece.com.br\/?p=1969","og_site_name":"Sudoesteacontece","article_publisher":"https:\/\/www.facebook.com\/sudoesteacontece\/?locale=pt_BR","article_published_time":"2025-11-06T19:23:25+00:00","article_modified_time":"2025-11-06T19:23:29+00:00","og_image":[{"width":1280,"height":936,"url":"https:\/\/sudoesteacontece.com.br\/wp-content\/uploads\/2025\/11\/Motorista-sem-habilitacao-causa-acidente-e-e-detido-apos-bater-em-carro-da-policia-na-cidade-de-Iuiu-sudoeste-acontece.jpg","type":"image\/jpeg"}],"author":"Washington Tiago","twitter_card":"summary_large_image","twitter_misc":{"Escrito por":"Washington Tiago","Est. tempo de leitura":"2 minutos"},"schema":{"@context":"https:\/\/schema.org","@graph":[{"@type":"Article","@id":"https:\/\/sudoesteacontece.com.br\/?p=1969#article","isPartOf":{"@id":"https:\/\/sudoesteacontece.com.br\/?p=1969"},"author":{"name":"Washington Tiago","@id":"https:\/\/sudoesteacontece.com.br\/#\/schema\/person\/3cf2cf009926a9683ebc29d5379fa79c"},"headline":"Motorista sem habilita\u00e7\u00e3o causa acidente e \u00e9 detido ap\u00f3s bater em carro da pol\u00edcia na cidade de Iuiu","datePublished":"2025-11-06T19:23:25+00:00","dateModified":"2025-11-06T19:23:29+00:00","mainEntityOfPage":{"@id":"https:\/\/sudoesteacontece.com.br\/?p=1969"},"wordCount":407,"commentCount":0,"publisher":{"@id":"https:\/\/sudoesteacontece.com.br\/#organization"},"image":{"@id":"https:\/\/sudoesteacontece.com.br\/?p=1969#primaryimage"},"thumbnailUrl":"https:\/\/sudoesteacontece.com.br\/wp-content\/uploads\/2025\/11\/Motorista-sem-habilitacao-causa-acidente-e-e-detido-apos-bater-em-carro-da-policia-na-cidade-de-Iuiu-sudoeste-acontece.jpg","articleSection":["Acidente"],"inLanguage":"pt-BR","potentialAction":[{"@type":"CommentAction","name":"Comment","target":["https:\/\/sudoesteacontece.com.br\/?p=1969#respond"]}]},{"@type":"WebPage","@id":"https:\/\/sudoesteacontece.com.br\/?p=1969","url":"https:\/\/sudoesteacontece.com.br\/?p=1969","name":"Motorista sem habilita\u00e7\u00e3o causa acidente e \u00e9 detido ap\u00f3s bater em carro da pol\u00edcia na cidade de Iuiu - Sudoesteacontece","isPartOf":{"@id":"https:\/\/sudoesteacontece.com.br\/#website"},"primaryImageOfPage":{"@id":"https:\/\/sudoesteacontece.com.br\/?p=1969#primaryimage"},"image":{"@id":"https:\/\/sudoesteacontece.com.br\/?p=1969#primaryimage"},"thumbnailUrl":"https:\/\/sudoesteacontece.com.br\/wp-content\/uploads\/2025\/11\/Motorista-sem-habilitacao-causa-acidente-e-e-detido-apos-bater-em-carro-da-policia-na-cidade-de-Iuiu-sudoeste-acontece.jpg","datePublished":"2025-11-06T19:23:25+00:00","dateModified":"2025-11-06T19:23:29+00:00","breadcrumb":{"@id":"https:\/\/sudoesteacontece.com.br\/?p=1969#breadcrumb"},"inLanguage":"pt-BR","potentialAction":[{"@type":"ReadAction","target":["https:\/\/sudoesteacontece.com.br\/?p=1969"]}]},{"@type":"ImageObject","inLanguage":"pt-BR","@id":"https:\/\/sudoesteacontece.com.br\/?p=1969#primaryimage","url":"https:\/\/sudoesteacontece.com.br\/wp-content\/uploads\/2025\/11\/Motorista-sem-habilitacao-causa-acidente-e-e-detido-apos-bater-em-carro-da-policia-na-cidade-de-Iuiu-sudoeste-acontece.jpg","contentUrl":"https:\/\/sudoesteacontece.com.br\/wp-content\/uploads\/2025\/11\/Motorista-sem-habilitacao-causa-acidente-e-e-detido-apos-bater-em-carro-da-policia-na-cidade-de-Iuiu-sudoeste-acontece.jpg","width":1280,"height":936},{"@type":"BreadcrumbList","@id":"https:\/\/sudoesteacontece.com.br\/?p=1969#breadcrumb","itemListElement":[{"@type":"ListItem","position":1,"name":"In\u00edcio","item":"https:\/\/sudoesteacontece.com.br\/"},{"@type":"ListItem","position":2,"name":"Motorista sem habilita\u00e7\u00e3o causa acidente e \u00e9 detido ap\u00f3s bater em carro da pol\u00edcia na cidade de Iuiu"}]},{"@type":"WebSite","@id":"https:\/\/sudoesteacontece.com.br\/#website","url":"https:\/\/sudoesteacontece.com.br\/","name":"Sudoesteacontece","description":"","publisher":{"@id":"https:\/\/sudoesteacontece.com.br\/#organization"},"potentialAction":[{"@type":"SearchAction","target":{"@type":"EntryPoint","urlTemplate":"https:\/\/sudoesteacontece.com.br\/?s={search_term_string}"},"query-input":{"@type":"PropertyValueSpecification","valueRequired":true,"valueName":"search_term_string"}}],"inLanguage":"pt-BR"},{"@type":"Organization","@id":"https:\/\/sudoesteacontece.com.br\/#organization","name":"Sudoesteacontece","url":"https:\/\/sudoesteacontece.com.br\/","logo":{"@type":"ImageObject","inLanguage":"pt-BR","@id":"https:\/\/sudoesteacontece.com.br\/#\/schema\/logo\/image\/","url":"https:\/\/sudoesteacontece.com.br\/wp-content\/uploads\/2025\/12\/cropped-logo-2-180x180-1.png","contentUrl":"https:\/\/sudoesteacontece.com.br\/wp-content\/uploads\/2025\/12\/cropped-logo-2-180x180-1.png","width":180,"height":180,"caption":"Sudoesteacontece"},"image":{"@id":"https:\/\/sudoesteacontece.com.br\/#\/schema\/logo\/image\/"},"sameAs":["https:\/\/www.facebook.com\/sudoesteacontece\/?locale=pt_BR"]},{"@type":"Person","@id":"https:\/\/sudoesteacontece.com.br\/#\/schema\/person\/3cf2cf009926a9683ebc29d5379fa79c","name":"Washington Tiago","image":{"@type":"ImageObject","inLanguage":"pt-BR","@id":"https:\/\/sudoesteacontece.com.br\/#\/schema\/person\/image\/","url":"https:\/\/secure.gravatar.com\/avatar\/33c43b8668157e040f9d1fe93c354bf087cbd8ba36270c1163198bd3ddcf2a56?s=96&d=mm&r=g","contentUrl":"https:\/\/secure.gravatar.com\/avatar\/33c43b8668157e040f9d1fe93c354bf087cbd8ba36270c1163198bd3ddcf2a56?s=96&d=mm&r=g","caption":"Washington Tiago"},"url":"https:\/\/sudoesteacontece.com.br\/?author=2"}]}},"_links":{"self":[{"href":"https:\/\/sudoesteacontece.com.br\/index.php?rest_route=\/wp\/v2\/posts\/1969","targetHints":{"allow":["GET"]}}],"collection":[{"href":"https:\/\/sudoesteacontece.com.br\/index.php?rest_route=\/wp\/v2\/posts"}],"about":[{"href":"https:\/\/sudoesteacontece.com.br\/index.php?rest_route=\/wp\/v2\/types\/post"}],"author":[{"embeddable":true,"href":"https:\/\/sudoesteacontece.com.br\/index.php?rest_route=\/wp\/v2\/users\/2"}],"replies":[{"embeddable":true,"href":"https:\/\/sudoesteacontece.com.br\/index.php?rest_route=%2Fwp%2Fv2%2Fcomments&post=1969"}],"version-history":[{"count":0,"href":"https:\/\/sudoesteacontece.com.br\/index.php?rest_route=\/wp\/v2\/posts\/1969\/revisions"}],"wp:featuredmedia":[{"embeddable":true,"href":"https:\/\/sudoesteacontece.com.br\/index.php?rest_route=\/wp\/v2\/media\/1979"}],"wp:attachment":[{"href":"https:\/\/sudoesteacontece.com.br\/index.php?rest_route=%2Fwp%2Fv2%2Fmedia&parent=1969"}],"wp:term":[{"taxonomy":"category","embeddable":true,"href":"https:\/\/sudoesteacontece.com.br\/index.php?rest_route=%2Fwp%2Fv2%2Fcategories&post=1969"},{"taxonomy":"post_tag","embeddable":true,"href":"https:\/\/sudoesteacontece.com.br\/index.php?rest_route=%2Fwp%2Fv2%2Ftags&post=1969"}],"curies":[{"name":"wp","href":"https:\/\/api.w.org\/{rel}","templated":true}]}}