{"id":1971,"date":"2025-11-06T16:35:45","date_gmt":"2025-11-06T19:35:45","guid":{"rendered":"https:\/\/sudoesteacontece.com.br\/?p=1971"},"modified":"2025-11-06T16:35:53","modified_gmt":"2025-11-06T19:35:53","slug":"prefeito-de-cacule-e-advertido-por-usar-veiculos-de-empresa-propria-em-obras-publicas","status":"publish","type":"post","link":"https:\/\/sudoesteacontece.com.br\/?p=1971","title":{"rendered":"Prefeito de Cacul\u00e9 \u00e9 advertido por usar ve\u00edculos de empresa pr\u00f3pria em obras p\u00fablicas"},"content":{"rendered":"<div class=\"wp-block-image\">\n<figure class=\"aligncenter size-large\"><img fetchpriority=\"high\" decoding=\"async\" width=\"1024\" height=\"681\" src=\"http:\/\/sudoesteacontece.com.br\/wp-content\/uploads\/2025\/11\/Prefeito-de-Cacule-e-advertido-por-usar-veiculos-de-empresa-propria-em-obras-publicas-sudoeste-acontece-1024x681.jpg\" alt=\"\" class=\"wp-image-1985\" srcset=\"https:\/\/sudoesteacontece.com.br\/wp-content\/uploads\/2025\/11\/Prefeito-de-Cacule-e-advertido-por-usar-veiculos-de-empresa-propria-em-obras-publicas-sudoeste-acontece-1024x681.jpg 1024w, https:\/\/sudoesteacontece.com.br\/wp-content\/uploads\/2025\/11\/Prefeito-de-Cacule-e-advertido-por-usar-veiculos-de-empresa-propria-em-obras-publicas-sudoeste-acontece-300x200.jpg 300w, https:\/\/sudoesteacontece.com.br\/wp-content\/uploads\/2025\/11\/Prefeito-de-Cacule-e-advertido-por-usar-veiculos-de-empresa-propria-em-obras-publicas-sudoeste-acontece-768x511.jpg 768w, https:\/\/sudoesteacontece.com.br\/wp-content\/uploads\/2025\/11\/Prefeito-de-Cacule-e-advertido-por-usar-veiculos-de-empresa-propria-em-obras-publicas-sudoeste-acontece-1536x1021.jpg 1536w, https:\/\/sudoesteacontece.com.br\/wp-content\/uploads\/2025\/11\/Prefeito-de-Cacule-e-advertido-por-usar-veiculos-de-empresa-propria-em-obras-publicas-sudoeste-acontece-2048x1362.jpg 2048w\" sizes=\"(max-width: 1024px) 100vw, 1024px\" \/><\/figure>\n<\/div>\n\n\n<p>Tribunal de Contas dos Munic\u00edpios da Bahia (TCM) advertiu o prefeito de Cacul\u00e9, Pedro Dias da Silva (PSB), por utilizar ve\u00edculos de uma empresa de sua propriedade em obras municipais. Decis\u00e3o foi tomada nesta quarta-feira (5), durante sess\u00e3o da 2\u00aa C\u00e2mara de Julgamento do \u00f3rg\u00e3o.<\/p>\n\n\n\n<p>Conselheiros consideraram parcialmente procedente a den\u00fancia apresentada por vereadores do munic\u00edpio. Apura\u00e7\u00e3o revelou que caminh\u00f5es da empresa Almeida Silva &amp; Silva Ltda, pertencente ao prefeito e \u00e0 esposa dele, foram usados para recolher entulhos de obras realizadas pela prefeitura em 2022.<\/p>\n\n\n\n<p>Segundo o TCM, o uso de ve\u00edculos particulares em atividades p\u00fablicas caracteriza conflito de interesse e fere os princ\u00edpios da impessoalidade e moralidade administrativa. Pr\u00e1tica tamb\u00e9m pode configurar ato de improbidade administrativa, caso haja benef\u00edcio direto ao gestor ou \u00e0 empresa.<\/p>\n\n\n\n<p>O tribunal emitiu uma advert\u00eancia formal e recomendou que o prefeito se abstenha de repetir condutas semelhantes, refor\u00e7ando que bens privados n\u00e3o podem ser utilizados em servi\u00e7os custeados com recursos p\u00fablicos. Pedro Dias da Silva ainda pode recorrer da decis\u00e3o, dentro dos prazos estabelecidos pelo \u00f3rg\u00e3o fiscalizador.<\/p>\n\n\n\n<p>Den\u00fancia reacende o debate sobre transpar\u00eancia e \u00e9tica na gest\u00e3o p\u00fablica municipal, especialmente em contratos e servi\u00e7os de infraestrutura. O TCM tem refor\u00e7ado o monitoramento de casos envolvendo uso indevido de recursos e patrim\u00f4nio particular em obras p\u00fablicas na Bahia.<\/p>\n","protected":false},"excerpt":{"rendered":"<p>Tribunal de Contas dos Munic\u00edpios da Bahia (TCM) advertiu o prefeito de Cacul\u00e9, Pedro Dias da Silva (PSB), por utilizar ve\u00edculos de uma empresa de sua propriedade em obras municipais. Decis\u00e3o foi tomada nesta quarta-feira (5), durante sess\u00e3o da 2\u00aa C\u00e2mara de Julgamento do \u00f3rg\u00e3o. Conselheiros consideraram parcialmente procedente a den\u00fancia apresentada por vereadores do munic\u00edpio. Apura\u00e7\u00e3o revelou que caminh\u00f5es da empresa Almeida Silva &amp; Silva Ltda, pertencente ao prefeito e \u00e0 esposa dele, foram usados para recolher entulhos de obras realizadas pela prefeitura em 2022. Segundo o TCM, o uso de ve\u00edculos particulares em atividades p\u00fablicas caracteriza conflito de interesse e fere os princ\u00edpios da impessoalidade e moralidade administrativa. Pr\u00e1tica tamb\u00e9m pode configurar ato de improbidade administrativa, caso haja benef\u00edcio direto ao gestor ou \u00e0 empresa. O tribunal emitiu uma advert\u00eancia formal e recomendou que o prefeito se abstenha de repetir condutas semelhantes, refor\u00e7ando que bens privados n\u00e3o podem ser utilizados em servi\u00e7os custeados com recursos p\u00fablicos. Pedro Dias da Silva ainda pode recorrer da decis\u00e3o, dentro dos prazos estabelecidos pelo \u00f3rg\u00e3o fiscalizador. Den\u00fancia reacende o debate sobre transpar\u00eancia e \u00e9tica na gest\u00e3o p\u00fablica municipal, especialmente em contratos e servi\u00e7os de infraestrutura. O TCM tem refor\u00e7ado o monitoramento de casos envolvendo uso indevido de recursos e patrim\u00f4nio particular em obras p\u00fablicas na Bahia.<\/p>\n","protected":false},"author":2,"featured_media":1985,"comment_status":"open","ping_status":"open","sticky":false,"template":"","format":"standard","meta":{"footnotes":""},"categories":[57,4,13,6],"tags":[],"class_list":["post-1971","post","type-post","status-publish","format-standard","has-post-thumbnail","hentry","category-cacule","category-cidades","category-justica","category-politica"],"yoast_head":"<!-- This site is optimized with the Yoast SEO plugin v26.5 - https:\/\/yoast.com\/wordpress\/plugins\/seo\/ -->\n<title>Prefeito de Cacul\u00e9 \u00e9 advertido por usar ve\u00edculos de empresa pr\u00f3pria em obras p\u00fablicas - Sudoesteacontece<\/title>\n<meta name=\"robots\" content=\"index, follow, max-snippet:-1, max-image-preview:large, max-video-preview:-1\" \/>\n<link rel=\"canonical\" href=\"https:\/\/sudoesteacontece.com.br\/?p=1971\" \/>\n<meta property=\"og:locale\" content=\"pt_BR\" \/>\n<meta property=\"og:type\" content=\"article\" \/>\n<meta property=\"og:title\" content=\"Prefeito de Cacul\u00e9 \u00e9 advertido por usar ve\u00edculos de empresa pr\u00f3pria em obras p\u00fablicas - Sudoesteacontece\" \/>\n<meta property=\"og:description\" content=\"Tribunal de Contas dos Munic\u00edpios da Bahia (TCM) advertiu o prefeito de Cacul\u00e9, Pedro Dias da Silva (PSB), por utilizar ve\u00edculos de uma empresa de sua propriedade em obras municipais. Decis\u00e3o foi tomada nesta quarta-feira (5), durante sess\u00e3o da 2\u00aa C\u00e2mara de Julgamento do \u00f3rg\u00e3o. Conselheiros consideraram parcialmente procedente a den\u00fancia apresentada por vereadores do munic\u00edpio. Apura\u00e7\u00e3o revelou que caminh\u00f5es da empresa Almeida Silva &amp; Silva Ltda, pertencente ao prefeito e \u00e0 esposa dele, foram usados para recolher entulhos de obras realizadas pela prefeitura em 2022. Segundo o TCM, o uso de ve\u00edculos particulares em atividades p\u00fablicas caracteriza conflito de interesse e fere os princ\u00edpios da impessoalidade e moralidade administrativa. Pr\u00e1tica tamb\u00e9m pode configurar ato de improbidade administrativa, caso haja benef\u00edcio direto ao gestor ou \u00e0 empresa. O tribunal emitiu uma advert\u00eancia formal e recomendou que o prefeito se abstenha de repetir condutas semelhantes, refor\u00e7ando que bens privados n\u00e3o podem ser utilizados em servi\u00e7os custeados com recursos p\u00fablicos. Pedro Dias da Silva ainda pode recorrer da decis\u00e3o, dentro dos prazos estabelecidos pelo \u00f3rg\u00e3o fiscalizador. Den\u00fancia reacende o debate sobre transpar\u00eancia e \u00e9tica na gest\u00e3o p\u00fablica municipal, especialmente em contratos e servi\u00e7os de infraestrutura. O TCM tem refor\u00e7ado o monitoramento de casos envolvendo uso indevido de recursos e patrim\u00f4nio particular em obras p\u00fablicas na Bahia.\" \/>\n<meta property=\"og:url\" content=\"https:\/\/sudoesteacontece.com.br\/?p=1971\" \/>\n<meta property=\"og:site_name\" content=\"Sudoesteacontece\" \/>\n<meta property=\"article:publisher\" content=\"https:\/\/www.facebook.com\/sudoesteacontece\/?locale=pt_BR\" \/>\n<meta property=\"article:published_time\" content=\"2025-11-06T19:35:45+00:00\" \/>\n<meta property=\"article:modified_time\" content=\"2025-11-06T19:35:53+00:00\" \/>\n<meta property=\"og:image\" content=\"https:\/\/sudoesteacontece.com.br\/wp-content\/uploads\/2025\/11\/Prefeito-de-Cacule-e-advertido-por-usar-veiculos-de-empresa-propria-em-obras-publicas-sudoeste-acontece-scaled.jpg\" \/>\n\t<meta property=\"og:image:width\" content=\"2560\" \/>\n\t<meta property=\"og:image:height\" content=\"1702\" \/>\n\t<meta property=\"og:image:type\" content=\"image\/jpeg\" \/>\n<meta name=\"author\" content=\"Washington Tiago\" \/>\n<meta name=\"twitter:card\" content=\"summary_large_image\" \/>\n<meta name=\"twitter:label1\" content=\"Escrito por\" \/>\n\t<meta name=\"twitter:data1\" content=\"Washington Tiago\" \/>\n\t<meta name=\"twitter:label2\" content=\"Est. tempo de leitura\" \/>\n\t<meta name=\"twitter:data2\" content=\"1 minuto\" \/>\n<script type=\"application\/ld+json\" class=\"yoast-schema-graph\">{\"@context\":\"https:\/\/schema.org\",\"@graph\":[{\"@type\":\"Article\",\"@id\":\"https:\/\/sudoesteacontece.com.br\/?p=1971#article\",\"isPartOf\":{\"@id\":\"https:\/\/sudoesteacontece.com.br\/?p=1971\"},\"author\":{\"name\":\"Washington Tiago\",\"@id\":\"https:\/\/sudoesteacontece.com.br\/#\/schema\/person\/3cf2cf009926a9683ebc29d5379fa79c\"},\"headline\":\"Prefeito de Cacul\u00e9 \u00e9 advertido por usar ve\u00edculos de empresa pr\u00f3pria em obras p\u00fablicas\",\"datePublished\":\"2025-11-06T19:35:45+00:00\",\"dateModified\":\"2025-11-06T19:35:53+00:00\",\"mainEntityOfPage\":{\"@id\":\"https:\/\/sudoesteacontece.com.br\/?p=1971\"},\"wordCount\":256,\"commentCount\":0,\"publisher\":{\"@id\":\"https:\/\/sudoesteacontece.com.br\/#organization\"},\"image\":{\"@id\":\"https:\/\/sudoesteacontece.com.br\/?p=1971#primaryimage\"},\"thumbnailUrl\":\"https:\/\/sudoesteacontece.com.br\/wp-content\/uploads\/2025\/11\/Prefeito-de-Cacule-e-advertido-por-usar-veiculos-de-empresa-propria-em-obras-publicas-sudoeste-acontece-scaled.jpg\",\"articleSection\":[\"Cacul\u00e9\",\"Cidades\",\"Justi\u00e7a\",\"Pol\u00edtica\"],\"inLanguage\":\"pt-BR\",\"potentialAction\":[{\"@type\":\"CommentAction\",\"name\":\"Comment\",\"target\":[\"https:\/\/sudoesteacontece.com.br\/?p=1971#respond\"]}]},{\"@type\":\"WebPage\",\"@id\":\"https:\/\/sudoesteacontece.com.br\/?p=1971\",\"url\":\"https:\/\/sudoesteacontece.com.br\/?p=1971\",\"name\":\"Prefeito de Cacul\u00e9 \u00e9 advertido por usar ve\u00edculos de empresa pr\u00f3pria em obras p\u00fablicas - Sudoesteacontece\",\"isPartOf\":{\"@id\":\"https:\/\/sudoesteacontece.com.br\/#website\"},\"primaryImageOfPage\":{\"@id\":\"https:\/\/sudoesteacontece.com.br\/?p=1971#primaryimage\"},\"image\":{\"@id\":\"https:\/\/sudoesteacontece.com.br\/?p=1971#primaryimage\"},\"thumbnailUrl\":\"https:\/\/sudoesteacontece.com.br\/wp-content\/uploads\/2025\/11\/Prefeito-de-Cacule-e-advertido-por-usar-veiculos-de-empresa-propria-em-obras-publicas-sudoeste-acontece-scaled.jpg\",\"datePublished\":\"2025-11-06T19:35:45+00:00\",\"dateModified\":\"2025-11-06T19:35:53+00:00\",\"breadcrumb\":{\"@id\":\"https:\/\/sudoesteacontece.com.br\/?p=1971#breadcrumb\"},\"inLanguage\":\"pt-BR\",\"potentialAction\":[{\"@type\":\"ReadAction\",\"target\":[\"https:\/\/sudoesteacontece.com.br\/?p=1971\"]}]},{\"@type\":\"ImageObject\",\"inLanguage\":\"pt-BR\",\"@id\":\"https:\/\/sudoesteacontece.com.br\/?p=1971#primaryimage\",\"url\":\"https:\/\/sudoesteacontece.com.br\/wp-content\/uploads\/2025\/11\/Prefeito-de-Cacule-e-advertido-por-usar-veiculos-de-empresa-propria-em-obras-publicas-sudoeste-acontece-scaled.jpg\",\"contentUrl\":\"https:\/\/sudoesteacontece.com.br\/wp-content\/uploads\/2025\/11\/Prefeito-de-Cacule-e-advertido-por-usar-veiculos-de-empresa-propria-em-obras-publicas-sudoeste-acontece-scaled.jpg\",\"width\":2560,\"height\":1702},{\"@type\":\"BreadcrumbList\",\"@id\":\"https:\/\/sudoesteacontece.com.br\/?p=1971#breadcrumb\",\"itemListElement\":[{\"@type\":\"ListItem\",\"position\":1,\"name\":\"In\u00edcio\",\"item\":\"https:\/\/sudoesteacontece.com.br\/\"},{\"@type\":\"ListItem\",\"position\":2,\"name\":\"Prefeito de Cacul\u00e9 \u00e9 advertido por usar ve\u00edculos de empresa pr\u00f3pria em obras p\u00fablicas\"}]},{\"@type\":\"WebSite\",\"@id\":\"https:\/\/sudoesteacontece.com.br\/#website\",\"url\":\"https:\/\/sudoesteacontece.com.br\/\",\"name\":\"Sudoesteacontece\",\"description\":\"\",\"publisher\":{\"@id\":\"https:\/\/sudoesteacontece.com.br\/#organization\"},\"potentialAction\":[{\"@type\":\"SearchAction\",\"target\":{\"@type\":\"EntryPoint\",\"urlTemplate\":\"https:\/\/sudoesteacontece.com.br\/?s={search_term_string}\"},\"query-input\":{\"@type\":\"PropertyValueSpecification\",\"valueRequired\":true,\"valueName\":\"search_term_string\"}}],\"inLanguage\":\"pt-BR\"},{\"@type\":\"Organization\",\"@id\":\"https:\/\/sudoesteacontece.com.br\/#organization\",\"name\":\"Sudoesteacontece\",\"url\":\"https:\/\/sudoesteacontece.com.br\/\",\"logo\":{\"@type\":\"ImageObject\",\"inLanguage\":\"pt-BR\",\"@id\":\"https:\/\/sudoesteacontece.com.br\/#\/schema\/logo\/image\/\",\"url\":\"https:\/\/sudoesteacontece.com.br\/wp-content\/uploads\/2025\/12\/cropped-logo-2-180x180-1.png\",\"contentUrl\":\"https:\/\/sudoesteacontece.com.br\/wp-content\/uploads\/2025\/12\/cropped-logo-2-180x180-1.png\",\"width\":180,\"height\":180,\"caption\":\"Sudoesteacontece\"},\"image\":{\"@id\":\"https:\/\/sudoesteacontece.com.br\/#\/schema\/logo\/image\/\"},\"sameAs\":[\"https:\/\/www.facebook.com\/sudoesteacontece\/?locale=pt_BR\"]},{\"@type\":\"Person\",\"@id\":\"https:\/\/sudoesteacontece.com.br\/#\/schema\/person\/3cf2cf009926a9683ebc29d5379fa79c\",\"name\":\"Washington Tiago\",\"image\":{\"@type\":\"ImageObject\",\"inLanguage\":\"pt-BR\",\"@id\":\"https:\/\/sudoesteacontece.com.br\/#\/schema\/person\/image\/\",\"url\":\"https:\/\/secure.gravatar.com\/avatar\/33c43b8668157e040f9d1fe93c354bf087cbd8ba36270c1163198bd3ddcf2a56?s=96&d=mm&r=g\",\"contentUrl\":\"https:\/\/secure.gravatar.com\/avatar\/33c43b8668157e040f9d1fe93c354bf087cbd8ba36270c1163198bd3ddcf2a56?s=96&d=mm&r=g\",\"caption\":\"Washington Tiago\"},\"url\":\"https:\/\/sudoesteacontece.com.br\/?author=2\"}]}<\/script>\n<!-- \/ Yoast SEO plugin. -->","yoast_head_json":{"title":"Prefeito de Cacul\u00e9 \u00e9 advertido por usar ve\u00edculos de empresa pr\u00f3pria em obras p\u00fablicas - Sudoesteacontece","robots":{"index":"index","follow":"follow","max-snippet":"max-snippet:-1","max-image-preview":"max-image-preview:large","max-video-preview":"max-video-preview:-1"},"canonical":"https:\/\/sudoesteacontece.com.br\/?p=1971","og_locale":"pt_BR","og_type":"article","og_title":"Prefeito de Cacul\u00e9 \u00e9 advertido por usar ve\u00edculos de empresa pr\u00f3pria em obras p\u00fablicas - Sudoesteacontece","og_description":"Tribunal de Contas dos Munic\u00edpios da Bahia (TCM) advertiu o prefeito de Cacul\u00e9, Pedro Dias da Silva (PSB), por utilizar ve\u00edculos de uma empresa de sua propriedade em obras municipais. Decis\u00e3o foi tomada nesta quarta-feira (5), durante sess\u00e3o da 2\u00aa C\u00e2mara de Julgamento do \u00f3rg\u00e3o. Conselheiros consideraram parcialmente procedente a den\u00fancia apresentada por vereadores do munic\u00edpio. Apura\u00e7\u00e3o revelou que caminh\u00f5es da empresa Almeida Silva &amp; Silva Ltda, pertencente ao prefeito e \u00e0 esposa dele, foram usados para recolher entulhos de obras realizadas pela prefeitura em 2022. Segundo o TCM, o uso de ve\u00edculos particulares em atividades p\u00fablicas caracteriza conflito de interesse e fere os princ\u00edpios da impessoalidade e moralidade administrativa. Pr\u00e1tica tamb\u00e9m pode configurar ato de improbidade administrativa, caso haja benef\u00edcio direto ao gestor ou \u00e0 empresa. O tribunal emitiu uma advert\u00eancia formal e recomendou que o prefeito se abstenha de repetir condutas semelhantes, refor\u00e7ando que bens privados n\u00e3o podem ser utilizados em servi\u00e7os custeados com recursos p\u00fablicos. Pedro Dias da Silva ainda pode recorrer da decis\u00e3o, dentro dos prazos estabelecidos pelo \u00f3rg\u00e3o fiscalizador. Den\u00fancia reacende o debate sobre transpar\u00eancia e \u00e9tica na gest\u00e3o p\u00fablica municipal, especialmente em contratos e servi\u00e7os de infraestrutura. O TCM tem refor\u00e7ado o monitoramento de casos envolvendo uso indevido de recursos e patrim\u00f4nio particular em obras p\u00fablicas na Bahia.","og_url":"https:\/\/sudoesteacontece.com.br\/?p=1971","og_site_name":"Sudoesteacontece","article_publisher":"https:\/\/www.facebook.com\/sudoesteacontece\/?locale=pt_BR","article_published_time":"2025-11-06T19:35:45+00:00","article_modified_time":"2025-11-06T19:35:53+00:00","og_image":[{"width":2560,"height":1702,"url":"https:\/\/sudoesteacontece.com.br\/wp-content\/uploads\/2025\/11\/Prefeito-de-Cacule-e-advertido-por-usar-veiculos-de-empresa-propria-em-obras-publicas-sudoeste-acontece-scaled.jpg","type":"image\/jpeg"}],"author":"Washington Tiago","twitter_card":"summary_large_image","twitter_misc":{"Escrito por":"Washington Tiago","Est. tempo de leitura":"1 minuto"},"schema":{"@context":"https:\/\/schema.org","@graph":[{"@type":"Article","@id":"https:\/\/sudoesteacontece.com.br\/?p=1971#article","isPartOf":{"@id":"https:\/\/sudoesteacontece.com.br\/?p=1971"},"author":{"name":"Washington Tiago","@id":"https:\/\/sudoesteacontece.com.br\/#\/schema\/person\/3cf2cf009926a9683ebc29d5379fa79c"},"headline":"Prefeito de Cacul\u00e9 \u00e9 advertido por usar ve\u00edculos de empresa pr\u00f3pria em obras p\u00fablicas","datePublished":"2025-11-06T19:35:45+00:00","dateModified":"2025-11-06T19:35:53+00:00","mainEntityOfPage":{"@id":"https:\/\/sudoesteacontece.com.br\/?p=1971"},"wordCount":256,"commentCount":0,"publisher":{"@id":"https:\/\/sudoesteacontece.com.br\/#organization"},"image":{"@id":"https:\/\/sudoesteacontece.com.br\/?p=1971#primaryimage"},"thumbnailUrl":"https:\/\/sudoesteacontece.com.br\/wp-content\/uploads\/2025\/11\/Prefeito-de-Cacule-e-advertido-por-usar-veiculos-de-empresa-propria-em-obras-publicas-sudoeste-acontece-scaled.jpg","articleSection":["Cacul\u00e9","Cidades","Justi\u00e7a","Pol\u00edtica"],"inLanguage":"pt-BR","potentialAction":[{"@type":"CommentAction","name":"Comment","target":["https:\/\/sudoesteacontece.com.br\/?p=1971#respond"]}]},{"@type":"WebPage","@id":"https:\/\/sudoesteacontece.com.br\/?p=1971","url":"https:\/\/sudoesteacontece.com.br\/?p=1971","name":"Prefeito de Cacul\u00e9 \u00e9 advertido por usar ve\u00edculos de empresa pr\u00f3pria em obras p\u00fablicas - Sudoesteacontece","isPartOf":{"@id":"https:\/\/sudoesteacontece.com.br\/#website"},"primaryImageOfPage":{"@id":"https:\/\/sudoesteacontece.com.br\/?p=1971#primaryimage"},"image":{"@id":"https:\/\/sudoesteacontece.com.br\/?p=1971#primaryimage"},"thumbnailUrl":"https:\/\/sudoesteacontece.com.br\/wp-content\/uploads\/2025\/11\/Prefeito-de-Cacule-e-advertido-por-usar-veiculos-de-empresa-propria-em-obras-publicas-sudoeste-acontece-scaled.jpg","datePublished":"2025-11-06T19:35:45+00:00","dateModified":"2025-11-06T19:35:53+00:00","breadcrumb":{"@id":"https:\/\/sudoesteacontece.com.br\/?p=1971#breadcrumb"},"inLanguage":"pt-BR","potentialAction":[{"@type":"ReadAction","target":["https:\/\/sudoesteacontece.com.br\/?p=1971"]}]},{"@type":"ImageObject","inLanguage":"pt-BR","@id":"https:\/\/sudoesteacontece.com.br\/?p=1971#primaryimage","url":"https:\/\/sudoesteacontece.com.br\/wp-content\/uploads\/2025\/11\/Prefeito-de-Cacule-e-advertido-por-usar-veiculos-de-empresa-propria-em-obras-publicas-sudoeste-acontece-scaled.jpg","contentUrl":"https:\/\/sudoesteacontece.com.br\/wp-content\/uploads\/2025\/11\/Prefeito-de-Cacule-e-advertido-por-usar-veiculos-de-empresa-propria-em-obras-publicas-sudoeste-acontece-scaled.jpg","width":2560,"height":1702},{"@type":"BreadcrumbList","@id":"https:\/\/sudoesteacontece.com.br\/?p=1971#breadcrumb","itemListElement":[{"@type":"ListItem","position":1,"name":"In\u00edcio","item":"https:\/\/sudoesteacontece.com.br\/"},{"@type":"ListItem","position":2,"name":"Prefeito de Cacul\u00e9 \u00e9 advertido por usar ve\u00edculos de empresa pr\u00f3pria em obras p\u00fablicas"}]},{"@type":"WebSite","@id":"https:\/\/sudoesteacontece.com.br\/#website","url":"https:\/\/sudoesteacontece.com.br\/","name":"Sudoesteacontece","description":"","publisher":{"@id":"https:\/\/sudoesteacontece.com.br\/#organization"},"potentialAction":[{"@type":"SearchAction","target":{"@type":"EntryPoint","urlTemplate":"https:\/\/sudoesteacontece.com.br\/?s={search_term_string}"},"query-input":{"@type":"PropertyValueSpecification","valueRequired":true,"valueName":"search_term_string"}}],"inLanguage":"pt-BR"},{"@type":"Organization","@id":"https:\/\/sudoesteacontece.com.br\/#organization","name":"Sudoesteacontece","url":"https:\/\/sudoesteacontece.com.br\/","logo":{"@type":"ImageObject","inLanguage":"pt-BR","@id":"https:\/\/sudoesteacontece.com.br\/#\/schema\/logo\/image\/","url":"https:\/\/sudoesteacontece.com.br\/wp-content\/uploads\/2025\/12\/cropped-logo-2-180x180-1.png","contentUrl":"https:\/\/sudoesteacontece.com.br\/wp-content\/uploads\/2025\/12\/cropped-logo-2-180x180-1.png","width":180,"height":180,"caption":"Sudoesteacontece"},"image":{"@id":"https:\/\/sudoesteacontece.com.br\/#\/schema\/logo\/image\/"},"sameAs":["https:\/\/www.facebook.com\/sudoesteacontece\/?locale=pt_BR"]},{"@type":"Person","@id":"https:\/\/sudoesteacontece.com.br\/#\/schema\/person\/3cf2cf009926a9683ebc29d5379fa79c","name":"Washington Tiago","image":{"@type":"ImageObject","inLanguage":"pt-BR","@id":"https:\/\/sudoesteacontece.com.br\/#\/schema\/person\/image\/","url":"https:\/\/secure.gravatar.com\/avatar\/33c43b8668157e040f9d1fe93c354bf087cbd8ba36270c1163198bd3ddcf2a56?s=96&d=mm&r=g","contentUrl":"https:\/\/secure.gravatar.com\/avatar\/33c43b8668157e040f9d1fe93c354bf087cbd8ba36270c1163198bd3ddcf2a56?s=96&d=mm&r=g","caption":"Washington Tiago"},"url":"https:\/\/sudoesteacontece.com.br\/?author=2"}]}},"_links":{"self":[{"href":"https:\/\/sudoesteacontece.com.br\/index.php?rest_route=\/wp\/v2\/posts\/1971","targetHints":{"allow":["GET"]}}],"collection":[{"href":"https:\/\/sudoesteacontece.com.br\/index.php?rest_route=\/wp\/v2\/posts"}],"about":[{"href":"https:\/\/sudoesteacontece.com.br\/index.php?rest_route=\/wp\/v2\/types\/post"}],"author":[{"embeddable":true,"href":"https:\/\/sudoesteacontece.com.br\/index.php?rest_route=\/wp\/v2\/users\/2"}],"replies":[{"embeddable":true,"href":"https:\/\/sudoesteacontece.com.br\/index.php?rest_route=%2Fwp%2Fv2%2Fcomments&post=1971"}],"version-history":[{"count":0,"href":"https:\/\/sudoesteacontece.com.br\/index.php?rest_route=\/wp\/v2\/posts\/1971\/revisions"}],"wp:featuredmedia":[{"embeddable":true,"href":"https:\/\/sudoesteacontece.com.br\/index.php?rest_route=\/wp\/v2\/media\/1985"}],"wp:attachment":[{"href":"https:\/\/sudoesteacontece.com.br\/index.php?rest_route=%2Fwp%2Fv2%2Fmedia&parent=1971"}],"wp:term":[{"taxonomy":"category","embeddable":true,"href":"https:\/\/sudoesteacontece.com.br\/index.php?rest_route=%2Fwp%2Fv2%2Fcategories&post=1971"},{"taxonomy":"post_tag","embeddable":true,"href":"https:\/\/sudoesteacontece.com.br\/index.php?rest_route=%2Fwp%2Fv2%2Ftags&post=1971"}],"curies":[{"name":"wp","href":"https:\/\/api.w.org\/{rel}","templated":true}]}}