{"id":1972,"date":"2025-11-06T17:10:00","date_gmt":"2025-11-06T20:10:00","guid":{"rendered":"https:\/\/sudoesteacontece.com.br\/?p=1972"},"modified":"2025-11-06T17:10:03","modified_gmt":"2025-11-06T20:10:03","slug":"homem-e-condenado-a-16-anos-por-tentativa-de-homicidio-com-facao-em-dom-basilio","status":"publish","type":"post","link":"https:\/\/sudoesteacontece.com.br\/?p=1972","title":{"rendered":"Homem \u00e9 condenado a 16 anos por tentativa de homic\u00eddio com fac\u00e3o em Dom Bas\u00edlio"},"content":{"rendered":"\n<figure class=\"wp-block-image size-full\"><img fetchpriority=\"high\" decoding=\"async\" width=\"850\" height=\"600\" src=\"http:\/\/sudoesteacontece.com.br\/wp-content\/uploads\/2025\/11\/Homem-e-condenado-a-16-anos-por-tentativa-de-homicidio-com-facao-em-Dom-Basilio-sudoeste-acontece.webp\" alt=\"\" class=\"wp-image-1991\" srcset=\"https:\/\/sudoesteacontece.com.br\/wp-content\/uploads\/2025\/11\/Homem-e-condenado-a-16-anos-por-tentativa-de-homicidio-com-facao-em-Dom-Basilio-sudoeste-acontece.webp 850w, https:\/\/sudoesteacontece.com.br\/wp-content\/uploads\/2025\/11\/Homem-e-condenado-a-16-anos-por-tentativa-de-homicidio-com-facao-em-Dom-Basilio-sudoeste-acontece-300x212.webp 300w, https:\/\/sudoesteacontece.com.br\/wp-content\/uploads\/2025\/11\/Homem-e-condenado-a-16-anos-por-tentativa-de-homicidio-com-facao-em-Dom-Basilio-sudoeste-acontece-768x542.webp 768w\" sizes=\"(max-width: 850px) 100vw, 850px\" \/><\/figure>\n\n\n\n<p>Tribunal do J\u00fari de Livramento de Nossa Senhora, no sudoeste da Bahia, condenou Manoel Ant\u00f4nio Ribeiro a 16 anos de pris\u00e3o por tentativa de homic\u00eddio qualificado contra Wilson Ant\u00f4nio de Jesus. O julgamento ocorreu nesta quarta-feira (5), no F\u00f3rum Elemar Klinger Sp\u00ednola, e encerrou um caso que ganhou grande repercuss\u00e3o em Dom Bas\u00edlio.<\/p>\n\n\n\n<p>Crime aconteceu em setembro de 2024, na Pra\u00e7a S\u00e3o Jo\u00e3o, \u00e1rea central da cidade. Na ocasi\u00e3o, a v\u00edtima foi atacada de surpresa e recebeu v\u00e1rios golpes de fac\u00e3o, atingindo o pesco\u00e7o, base do cr\u00e2nio, bra\u00e7o esquerdo e clav\u00edcula.<\/p>\n\n\n\n<p>Servi\u00e7o de Atendimento M\u00f3vel de Urg\u00eancia (SAMU) prestou os primeiros socorros e encaminhou Wilson ao Hospital Municipal de Dom Bas\u00edlio. Devido \u00e0 gravidade dos ferimentos, ele foi transferido para o Hospital Professor Magalh\u00e3es Neto, em Brumado, onde permaneceu internado na UTI por v\u00e1rios dias.<\/p>\n\n\n\n<p>Durante as investiga\u00e7\u00f5es, a Pol\u00edcia Civil encontrou duas espingardas, muni\u00e7\u00f5es, facas e um fac\u00e3o com vest\u00edgios de sangue na casa do acusado. O objeto foi apontado como a prov\u00e1vel arma usada no ataque.<\/p>\n\n\n\n<p>Apura\u00e7\u00f5es revelaram que o crime foi motivado por um desentendimento antigo entre os dois homens. A rela\u00e7\u00e3o de inimizade vinha se agravando ao longo dos anos, at\u00e9 culminar na tentativa de homic\u00eddio.<\/p>\n\n\n\n<p>Minist\u00e9rio P\u00fablico sustentou que a agress\u00e3o foi cometida por motivo f\u00fatil, de forma cruel e sem chance de defesa para a v\u00edtima,qualificadoras reconhecidas pelos jurados. A promotora Ana Luiza Silveira de Oliveira destacou o car\u00e1ter brutal do crime e as provas apresentadas durante a sess\u00e3o.<\/p>\n\n\n\n<p>Defesa de Manoel Ribeiro conseguiu o reconhecimento da forma privilegiada da tentativa, o que reduziu parcialmente a pena, e o crime de porte ilegal de arma foi absorvido pelo delito principal.<\/p>\n\n\n\n<p>Ap\u00f3s a leitura da senten\u00e7a, o juiz presidente do Tribunal do J\u00fari determinou o cumprimento imediato da pena. O condenado, que j\u00e1 estava preso preventivamente, foi reconduzido ao Conjunto Penal de Brumado, onde permanece \u00e0 disposi\u00e7\u00e3o da Justi\u00e7a.<\/p>\n\n\n\n<p>A senten\u00e7a ainda cabe recurso junto ao Tribunal de Justi\u00e7a da Bahia.<\/p>\n","protected":false},"excerpt":{"rendered":"<p>Tribunal do J\u00fari de Livramento de Nossa Senhora, no sudoeste da Bahia, condenou Manoel Ant\u00f4nio Ribeiro a 16 anos de pris\u00e3o por tentativa de homic\u00eddio qualificado contra Wilson Ant\u00f4nio de Jesus. O julgamento ocorreu nesta quarta-feira (5), no F\u00f3rum Elemar Klinger Sp\u00ednola, e encerrou um caso que ganhou grande repercuss\u00e3o em Dom Bas\u00edlio. Crime aconteceu em setembro de 2024, na Pra\u00e7a S\u00e3o Jo\u00e3o, \u00e1rea central da cidade. Na ocasi\u00e3o, a v\u00edtima foi atacada de surpresa e recebeu v\u00e1rios golpes de fac\u00e3o, atingindo o pesco\u00e7o, base do cr\u00e2nio, bra\u00e7o esquerdo e clav\u00edcula. Servi\u00e7o de Atendimento M\u00f3vel de Urg\u00eancia (SAMU) prestou os primeiros socorros e encaminhou Wilson ao Hospital Municipal de Dom Bas\u00edlio. Devido \u00e0 gravidade dos ferimentos, ele foi transferido para o Hospital Professor Magalh\u00e3es Neto, em Brumado, onde permaneceu internado na UTI por v\u00e1rios dias. Durante as investiga\u00e7\u00f5es, a Pol\u00edcia Civil encontrou duas espingardas, muni\u00e7\u00f5es, facas e um fac\u00e3o com vest\u00edgios de sangue na casa do acusado. O objeto foi apontado como a prov\u00e1vel arma usada no ataque. Apura\u00e7\u00f5es revelaram que o crime foi motivado por um desentendimento antigo entre os dois homens. A rela\u00e7\u00e3o de inimizade vinha se agravando ao longo dos anos, at\u00e9 culminar na tentativa de homic\u00eddio. Minist\u00e9rio P\u00fablico sustentou que a agress\u00e3o foi cometida por motivo f\u00fatil, de forma cruel e sem chance de defesa para a v\u00edtima,qualificadoras reconhecidas pelos jurados. A promotora Ana Luiza Silveira de Oliveira destacou o car\u00e1ter brutal do crime e as provas apresentadas durante a sess\u00e3o. Defesa de Manoel Ribeiro conseguiu o reconhecimento da forma privilegiada da tentativa, o que reduziu parcialmente a pena, e o crime de porte ilegal de arma foi absorvido pelo delito principal. Ap\u00f3s a leitura da senten\u00e7a, o juiz presidente do Tribunal do J\u00fari determinou o cumprimento imediato da pena. O condenado, que j\u00e1 estava preso preventivamente, foi reconduzido ao Conjunto Penal de Brumado, onde permanece \u00e0 disposi\u00e7\u00e3o da Justi\u00e7a. A senten\u00e7a ainda cabe recurso junto ao Tribunal de Justi\u00e7a da Bahia.<\/p>\n","protected":false},"author":2,"featured_media":1991,"comment_status":"open","ping_status":"open","sticky":false,"template":"","format":"standard","meta":{"footnotes":""},"categories":[63,13,18],"tags":[],"class_list":["post-1972","post","type-post","status-publish","format-standard","has-post-thumbnail","hentry","category-dom-basilio","category-justica","category-livramento"],"yoast_head":"<!-- This site is optimized with the Yoast SEO plugin v26.5 - https:\/\/yoast.com\/wordpress\/plugins\/seo\/ -->\n<title>Homem \u00e9 condenado a 16 anos por tentativa de homic\u00eddio com fac\u00e3o em Dom Bas\u00edlio - Sudoesteacontece<\/title>\n<meta name=\"robots\" content=\"index, follow, max-snippet:-1, max-image-preview:large, max-video-preview:-1\" \/>\n<link rel=\"canonical\" href=\"https:\/\/sudoesteacontece.com.br\/?p=1972\" \/>\n<meta property=\"og:locale\" content=\"pt_BR\" \/>\n<meta property=\"og:type\" content=\"article\" \/>\n<meta property=\"og:title\" content=\"Homem \u00e9 condenado a 16 anos por tentativa de homic\u00eddio com fac\u00e3o em Dom Bas\u00edlio - Sudoesteacontece\" \/>\n<meta property=\"og:description\" content=\"Tribunal do J\u00fari de Livramento de Nossa Senhora, no sudoeste da Bahia, condenou Manoel Ant\u00f4nio Ribeiro a 16 anos de pris\u00e3o por tentativa de homic\u00eddio qualificado contra Wilson Ant\u00f4nio de Jesus. O julgamento ocorreu nesta quarta-feira (5), no F\u00f3rum Elemar Klinger Sp\u00ednola, e encerrou um caso que ganhou grande repercuss\u00e3o em Dom Bas\u00edlio. Crime aconteceu em setembro de 2024, na Pra\u00e7a S\u00e3o Jo\u00e3o, \u00e1rea central da cidade. Na ocasi\u00e3o, a v\u00edtima foi atacada de surpresa e recebeu v\u00e1rios golpes de fac\u00e3o, atingindo o pesco\u00e7o, base do cr\u00e2nio, bra\u00e7o esquerdo e clav\u00edcula. Servi\u00e7o de Atendimento M\u00f3vel de Urg\u00eancia (SAMU) prestou os primeiros socorros e encaminhou Wilson ao Hospital Municipal de Dom Bas\u00edlio. Devido \u00e0 gravidade dos ferimentos, ele foi transferido para o Hospital Professor Magalh\u00e3es Neto, em Brumado, onde permaneceu internado na UTI por v\u00e1rios dias. Durante as investiga\u00e7\u00f5es, a Pol\u00edcia Civil encontrou duas espingardas, muni\u00e7\u00f5es, facas e um fac\u00e3o com vest\u00edgios de sangue na casa do acusado. O objeto foi apontado como a prov\u00e1vel arma usada no ataque. Apura\u00e7\u00f5es revelaram que o crime foi motivado por um desentendimento antigo entre os dois homens. A rela\u00e7\u00e3o de inimizade vinha se agravando ao longo dos anos, at\u00e9 culminar na tentativa de homic\u00eddio. Minist\u00e9rio P\u00fablico sustentou que a agress\u00e3o foi cometida por motivo f\u00fatil, de forma cruel e sem chance de defesa para a v\u00edtima,qualificadoras reconhecidas pelos jurados. A promotora Ana Luiza Silveira de Oliveira destacou o car\u00e1ter brutal do crime e as provas apresentadas durante a sess\u00e3o. Defesa de Manoel Ribeiro conseguiu o reconhecimento da forma privilegiada da tentativa, o que reduziu parcialmente a pena, e o crime de porte ilegal de arma foi absorvido pelo delito principal. Ap\u00f3s a leitura da senten\u00e7a, o juiz presidente do Tribunal do J\u00fari determinou o cumprimento imediato da pena. O condenado, que j\u00e1 estava preso preventivamente, foi reconduzido ao Conjunto Penal de Brumado, onde permanece \u00e0 disposi\u00e7\u00e3o da Justi\u00e7a. A senten\u00e7a ainda cabe recurso junto ao Tribunal de Justi\u00e7a da Bahia.\" \/>\n<meta property=\"og:url\" content=\"https:\/\/sudoesteacontece.com.br\/?p=1972\" \/>\n<meta property=\"og:site_name\" content=\"Sudoesteacontece\" \/>\n<meta property=\"article:publisher\" content=\"https:\/\/www.facebook.com\/sudoesteacontece\/?locale=pt_BR\" \/>\n<meta property=\"article:published_time\" content=\"2025-11-06T20:10:00+00:00\" \/>\n<meta property=\"article:modified_time\" content=\"2025-11-06T20:10:03+00:00\" \/>\n<meta property=\"og:image\" content=\"https:\/\/sudoesteacontece.com.br\/wp-content\/uploads\/2025\/11\/Homem-e-condenado-a-16-anos-por-tentativa-de-homicidio-com-facao-em-Dom-Basilio-sudoeste-acontece.webp\" \/>\n\t<meta property=\"og:image:width\" content=\"850\" \/>\n\t<meta property=\"og:image:height\" content=\"600\" \/>\n\t<meta property=\"og:image:type\" content=\"image\/webp\" \/>\n<meta name=\"author\" content=\"Washington Tiago\" \/>\n<meta name=\"twitter:card\" content=\"summary_large_image\" \/>\n<meta name=\"twitter:label1\" content=\"Escrito por\" \/>\n\t<meta name=\"twitter:data1\" content=\"Washington Tiago\" \/>\n\t<meta name=\"twitter:label2\" content=\"Est. tempo de leitura\" \/>\n\t<meta name=\"twitter:data2\" content=\"2 minutos\" \/>\n<script type=\"application\/ld+json\" class=\"yoast-schema-graph\">{\"@context\":\"https:\/\/schema.org\",\"@graph\":[{\"@type\":\"Article\",\"@id\":\"https:\/\/sudoesteacontece.com.br\/?p=1972#article\",\"isPartOf\":{\"@id\":\"https:\/\/sudoesteacontece.com.br\/?p=1972\"},\"author\":{\"name\":\"Washington Tiago\",\"@id\":\"https:\/\/sudoesteacontece.com.br\/#\/schema\/person\/3cf2cf009926a9683ebc29d5379fa79c\"},\"headline\":\"Homem \u00e9 condenado a 16 anos por tentativa de homic\u00eddio com fac\u00e3o em Dom Bas\u00edlio\",\"datePublished\":\"2025-11-06T20:10:00+00:00\",\"dateModified\":\"2025-11-06T20:10:03+00:00\",\"mainEntityOfPage\":{\"@id\":\"https:\/\/sudoesteacontece.com.br\/?p=1972\"},\"wordCount\":387,\"commentCount\":0,\"publisher\":{\"@id\":\"https:\/\/sudoesteacontece.com.br\/#organization\"},\"image\":{\"@id\":\"https:\/\/sudoesteacontece.com.br\/?p=1972#primaryimage\"},\"thumbnailUrl\":\"https:\/\/sudoesteacontece.com.br\/wp-content\/uploads\/2025\/11\/Homem-e-condenado-a-16-anos-por-tentativa-de-homicidio-com-facao-em-Dom-Basilio-sudoeste-acontece.webp\",\"articleSection\":[\"Dom Bas\u00edlio\",\"Justi\u00e7a\",\"Livramento\"],\"inLanguage\":\"pt-BR\",\"potentialAction\":[{\"@type\":\"CommentAction\",\"name\":\"Comment\",\"target\":[\"https:\/\/sudoesteacontece.com.br\/?p=1972#respond\"]}]},{\"@type\":\"WebPage\",\"@id\":\"https:\/\/sudoesteacontece.com.br\/?p=1972\",\"url\":\"https:\/\/sudoesteacontece.com.br\/?p=1972\",\"name\":\"Homem \u00e9 condenado a 16 anos por tentativa de homic\u00eddio com fac\u00e3o em Dom Bas\u00edlio - Sudoesteacontece\",\"isPartOf\":{\"@id\":\"https:\/\/sudoesteacontece.com.br\/#website\"},\"primaryImageOfPage\":{\"@id\":\"https:\/\/sudoesteacontece.com.br\/?p=1972#primaryimage\"},\"image\":{\"@id\":\"https:\/\/sudoesteacontece.com.br\/?p=1972#primaryimage\"},\"thumbnailUrl\":\"https:\/\/sudoesteacontece.com.br\/wp-content\/uploads\/2025\/11\/Homem-e-condenado-a-16-anos-por-tentativa-de-homicidio-com-facao-em-Dom-Basilio-sudoeste-acontece.webp\",\"datePublished\":\"2025-11-06T20:10:00+00:00\",\"dateModified\":\"2025-11-06T20:10:03+00:00\",\"breadcrumb\":{\"@id\":\"https:\/\/sudoesteacontece.com.br\/?p=1972#breadcrumb\"},\"inLanguage\":\"pt-BR\",\"potentialAction\":[{\"@type\":\"ReadAction\",\"target\":[\"https:\/\/sudoesteacontece.com.br\/?p=1972\"]}]},{\"@type\":\"ImageObject\",\"inLanguage\":\"pt-BR\",\"@id\":\"https:\/\/sudoesteacontece.com.br\/?p=1972#primaryimage\",\"url\":\"https:\/\/sudoesteacontece.com.br\/wp-content\/uploads\/2025\/11\/Homem-e-condenado-a-16-anos-por-tentativa-de-homicidio-com-facao-em-Dom-Basilio-sudoeste-acontece.webp\",\"contentUrl\":\"https:\/\/sudoesteacontece.com.br\/wp-content\/uploads\/2025\/11\/Homem-e-condenado-a-16-anos-por-tentativa-de-homicidio-com-facao-em-Dom-Basilio-sudoeste-acontece.webp\",\"width\":850,\"height\":600},{\"@type\":\"BreadcrumbList\",\"@id\":\"https:\/\/sudoesteacontece.com.br\/?p=1972#breadcrumb\",\"itemListElement\":[{\"@type\":\"ListItem\",\"position\":1,\"name\":\"In\u00edcio\",\"item\":\"https:\/\/sudoesteacontece.com.br\/\"},{\"@type\":\"ListItem\",\"position\":2,\"name\":\"Homem \u00e9 condenado a 16 anos por tentativa de homic\u00eddio com fac\u00e3o em Dom Bas\u00edlio\"}]},{\"@type\":\"WebSite\",\"@id\":\"https:\/\/sudoesteacontece.com.br\/#website\",\"url\":\"https:\/\/sudoesteacontece.com.br\/\",\"name\":\"Sudoesteacontece\",\"description\":\"\",\"publisher\":{\"@id\":\"https:\/\/sudoesteacontece.com.br\/#organization\"},\"potentialAction\":[{\"@type\":\"SearchAction\",\"target\":{\"@type\":\"EntryPoint\",\"urlTemplate\":\"https:\/\/sudoesteacontece.com.br\/?s={search_term_string}\"},\"query-input\":{\"@type\":\"PropertyValueSpecification\",\"valueRequired\":true,\"valueName\":\"search_term_string\"}}],\"inLanguage\":\"pt-BR\"},{\"@type\":\"Organization\",\"@id\":\"https:\/\/sudoesteacontece.com.br\/#organization\",\"name\":\"Sudoesteacontece\",\"url\":\"https:\/\/sudoesteacontece.com.br\/\",\"logo\":{\"@type\":\"ImageObject\",\"inLanguage\":\"pt-BR\",\"@id\":\"https:\/\/sudoesteacontece.com.br\/#\/schema\/logo\/image\/\",\"url\":\"https:\/\/sudoesteacontece.com.br\/wp-content\/uploads\/2025\/12\/cropped-logo-2-180x180-1.png\",\"contentUrl\":\"https:\/\/sudoesteacontece.com.br\/wp-content\/uploads\/2025\/12\/cropped-logo-2-180x180-1.png\",\"width\":180,\"height\":180,\"caption\":\"Sudoesteacontece\"},\"image\":{\"@id\":\"https:\/\/sudoesteacontece.com.br\/#\/schema\/logo\/image\/\"},\"sameAs\":[\"https:\/\/www.facebook.com\/sudoesteacontece\/?locale=pt_BR\"]},{\"@type\":\"Person\",\"@id\":\"https:\/\/sudoesteacontece.com.br\/#\/schema\/person\/3cf2cf009926a9683ebc29d5379fa79c\",\"name\":\"Washington Tiago\",\"image\":{\"@type\":\"ImageObject\",\"inLanguage\":\"pt-BR\",\"@id\":\"https:\/\/sudoesteacontece.com.br\/#\/schema\/person\/image\/\",\"url\":\"https:\/\/secure.gravatar.com\/avatar\/33c43b8668157e040f9d1fe93c354bf087cbd8ba36270c1163198bd3ddcf2a56?s=96&d=mm&r=g\",\"contentUrl\":\"https:\/\/secure.gravatar.com\/avatar\/33c43b8668157e040f9d1fe93c354bf087cbd8ba36270c1163198bd3ddcf2a56?s=96&d=mm&r=g\",\"caption\":\"Washington Tiago\"},\"url\":\"https:\/\/sudoesteacontece.com.br\/?author=2\"}]}<\/script>\n<!-- \/ Yoast SEO plugin. -->","yoast_head_json":{"title":"Homem \u00e9 condenado a 16 anos por tentativa de homic\u00eddio com fac\u00e3o em Dom Bas\u00edlio - Sudoesteacontece","robots":{"index":"index","follow":"follow","max-snippet":"max-snippet:-1","max-image-preview":"max-image-preview:large","max-video-preview":"max-video-preview:-1"},"canonical":"https:\/\/sudoesteacontece.com.br\/?p=1972","og_locale":"pt_BR","og_type":"article","og_title":"Homem \u00e9 condenado a 16 anos por tentativa de homic\u00eddio com fac\u00e3o em Dom Bas\u00edlio - Sudoesteacontece","og_description":"Tribunal do J\u00fari de Livramento de Nossa Senhora, no sudoeste da Bahia, condenou Manoel Ant\u00f4nio Ribeiro a 16 anos de pris\u00e3o por tentativa de homic\u00eddio qualificado contra Wilson Ant\u00f4nio de Jesus. O julgamento ocorreu nesta quarta-feira (5), no F\u00f3rum Elemar Klinger Sp\u00ednola, e encerrou um caso que ganhou grande repercuss\u00e3o em Dom Bas\u00edlio. Crime aconteceu em setembro de 2024, na Pra\u00e7a S\u00e3o Jo\u00e3o, \u00e1rea central da cidade. Na ocasi\u00e3o, a v\u00edtima foi atacada de surpresa e recebeu v\u00e1rios golpes de fac\u00e3o, atingindo o pesco\u00e7o, base do cr\u00e2nio, bra\u00e7o esquerdo e clav\u00edcula. Servi\u00e7o de Atendimento M\u00f3vel de Urg\u00eancia (SAMU) prestou os primeiros socorros e encaminhou Wilson ao Hospital Municipal de Dom Bas\u00edlio. Devido \u00e0 gravidade dos ferimentos, ele foi transferido para o Hospital Professor Magalh\u00e3es Neto, em Brumado, onde permaneceu internado na UTI por v\u00e1rios dias. Durante as investiga\u00e7\u00f5es, a Pol\u00edcia Civil encontrou duas espingardas, muni\u00e7\u00f5es, facas e um fac\u00e3o com vest\u00edgios de sangue na casa do acusado. O objeto foi apontado como a prov\u00e1vel arma usada no ataque. Apura\u00e7\u00f5es revelaram que o crime foi motivado por um desentendimento antigo entre os dois homens. A rela\u00e7\u00e3o de inimizade vinha se agravando ao longo dos anos, at\u00e9 culminar na tentativa de homic\u00eddio. Minist\u00e9rio P\u00fablico sustentou que a agress\u00e3o foi cometida por motivo f\u00fatil, de forma cruel e sem chance de defesa para a v\u00edtima,qualificadoras reconhecidas pelos jurados. A promotora Ana Luiza Silveira de Oliveira destacou o car\u00e1ter brutal do crime e as provas apresentadas durante a sess\u00e3o. Defesa de Manoel Ribeiro conseguiu o reconhecimento da forma privilegiada da tentativa, o que reduziu parcialmente a pena, e o crime de porte ilegal de arma foi absorvido pelo delito principal. Ap\u00f3s a leitura da senten\u00e7a, o juiz presidente do Tribunal do J\u00fari determinou o cumprimento imediato da pena. O condenado, que j\u00e1 estava preso preventivamente, foi reconduzido ao Conjunto Penal de Brumado, onde permanece \u00e0 disposi\u00e7\u00e3o da Justi\u00e7a. A senten\u00e7a ainda cabe recurso junto ao Tribunal de Justi\u00e7a da Bahia.","og_url":"https:\/\/sudoesteacontece.com.br\/?p=1972","og_site_name":"Sudoesteacontece","article_publisher":"https:\/\/www.facebook.com\/sudoesteacontece\/?locale=pt_BR","article_published_time":"2025-11-06T20:10:00+00:00","article_modified_time":"2025-11-06T20:10:03+00:00","og_image":[{"width":850,"height":600,"url":"https:\/\/sudoesteacontece.com.br\/wp-content\/uploads\/2025\/11\/Homem-e-condenado-a-16-anos-por-tentativa-de-homicidio-com-facao-em-Dom-Basilio-sudoeste-acontece.webp","type":"image\/webp"}],"author":"Washington Tiago","twitter_card":"summary_large_image","twitter_misc":{"Escrito por":"Washington Tiago","Est. tempo de leitura":"2 minutos"},"schema":{"@context":"https:\/\/schema.org","@graph":[{"@type":"Article","@id":"https:\/\/sudoesteacontece.com.br\/?p=1972#article","isPartOf":{"@id":"https:\/\/sudoesteacontece.com.br\/?p=1972"},"author":{"name":"Washington Tiago","@id":"https:\/\/sudoesteacontece.com.br\/#\/schema\/person\/3cf2cf009926a9683ebc29d5379fa79c"},"headline":"Homem \u00e9 condenado a 16 anos por tentativa de homic\u00eddio com fac\u00e3o em Dom Bas\u00edlio","datePublished":"2025-11-06T20:10:00+00:00","dateModified":"2025-11-06T20:10:03+00:00","mainEntityOfPage":{"@id":"https:\/\/sudoesteacontece.com.br\/?p=1972"},"wordCount":387,"commentCount":0,"publisher":{"@id":"https:\/\/sudoesteacontece.com.br\/#organization"},"image":{"@id":"https:\/\/sudoesteacontece.com.br\/?p=1972#primaryimage"},"thumbnailUrl":"https:\/\/sudoesteacontece.com.br\/wp-content\/uploads\/2025\/11\/Homem-e-condenado-a-16-anos-por-tentativa-de-homicidio-com-facao-em-Dom-Basilio-sudoeste-acontece.webp","articleSection":["Dom Bas\u00edlio","Justi\u00e7a","Livramento"],"inLanguage":"pt-BR","potentialAction":[{"@type":"CommentAction","name":"Comment","target":["https:\/\/sudoesteacontece.com.br\/?p=1972#respond"]}]},{"@type":"WebPage","@id":"https:\/\/sudoesteacontece.com.br\/?p=1972","url":"https:\/\/sudoesteacontece.com.br\/?p=1972","name":"Homem \u00e9 condenado a 16 anos por tentativa de homic\u00eddio com fac\u00e3o em Dom Bas\u00edlio - Sudoesteacontece","isPartOf":{"@id":"https:\/\/sudoesteacontece.com.br\/#website"},"primaryImageOfPage":{"@id":"https:\/\/sudoesteacontece.com.br\/?p=1972#primaryimage"},"image":{"@id":"https:\/\/sudoesteacontece.com.br\/?p=1972#primaryimage"},"thumbnailUrl":"https:\/\/sudoesteacontece.com.br\/wp-content\/uploads\/2025\/11\/Homem-e-condenado-a-16-anos-por-tentativa-de-homicidio-com-facao-em-Dom-Basilio-sudoeste-acontece.webp","datePublished":"2025-11-06T20:10:00+00:00","dateModified":"2025-11-06T20:10:03+00:00","breadcrumb":{"@id":"https:\/\/sudoesteacontece.com.br\/?p=1972#breadcrumb"},"inLanguage":"pt-BR","potentialAction":[{"@type":"ReadAction","target":["https:\/\/sudoesteacontece.com.br\/?p=1972"]}]},{"@type":"ImageObject","inLanguage":"pt-BR","@id":"https:\/\/sudoesteacontece.com.br\/?p=1972#primaryimage","url":"https:\/\/sudoesteacontece.com.br\/wp-content\/uploads\/2025\/11\/Homem-e-condenado-a-16-anos-por-tentativa-de-homicidio-com-facao-em-Dom-Basilio-sudoeste-acontece.webp","contentUrl":"https:\/\/sudoesteacontece.com.br\/wp-content\/uploads\/2025\/11\/Homem-e-condenado-a-16-anos-por-tentativa-de-homicidio-com-facao-em-Dom-Basilio-sudoeste-acontece.webp","width":850,"height":600},{"@type":"BreadcrumbList","@id":"https:\/\/sudoesteacontece.com.br\/?p=1972#breadcrumb","itemListElement":[{"@type":"ListItem","position":1,"name":"In\u00edcio","item":"https:\/\/sudoesteacontece.com.br\/"},{"@type":"ListItem","position":2,"name":"Homem \u00e9 condenado a 16 anos por tentativa de homic\u00eddio com fac\u00e3o em Dom Bas\u00edlio"}]},{"@type":"WebSite","@id":"https:\/\/sudoesteacontece.com.br\/#website","url":"https:\/\/sudoesteacontece.com.br\/","name":"Sudoesteacontece","description":"","publisher":{"@id":"https:\/\/sudoesteacontece.com.br\/#organization"},"potentialAction":[{"@type":"SearchAction","target":{"@type":"EntryPoint","urlTemplate":"https:\/\/sudoesteacontece.com.br\/?s={search_term_string}"},"query-input":{"@type":"PropertyValueSpecification","valueRequired":true,"valueName":"search_term_string"}}],"inLanguage":"pt-BR"},{"@type":"Organization","@id":"https:\/\/sudoesteacontece.com.br\/#organization","name":"Sudoesteacontece","url":"https:\/\/sudoesteacontece.com.br\/","logo":{"@type":"ImageObject","inLanguage":"pt-BR","@id":"https:\/\/sudoesteacontece.com.br\/#\/schema\/logo\/image\/","url":"https:\/\/sudoesteacontece.com.br\/wp-content\/uploads\/2025\/12\/cropped-logo-2-180x180-1.png","contentUrl":"https:\/\/sudoesteacontece.com.br\/wp-content\/uploads\/2025\/12\/cropped-logo-2-180x180-1.png","width":180,"height":180,"caption":"Sudoesteacontece"},"image":{"@id":"https:\/\/sudoesteacontece.com.br\/#\/schema\/logo\/image\/"},"sameAs":["https:\/\/www.facebook.com\/sudoesteacontece\/?locale=pt_BR"]},{"@type":"Person","@id":"https:\/\/sudoesteacontece.com.br\/#\/schema\/person\/3cf2cf009926a9683ebc29d5379fa79c","name":"Washington Tiago","image":{"@type":"ImageObject","inLanguage":"pt-BR","@id":"https:\/\/sudoesteacontece.com.br\/#\/schema\/person\/image\/","url":"https:\/\/secure.gravatar.com\/avatar\/33c43b8668157e040f9d1fe93c354bf087cbd8ba36270c1163198bd3ddcf2a56?s=96&d=mm&r=g","contentUrl":"https:\/\/secure.gravatar.com\/avatar\/33c43b8668157e040f9d1fe93c354bf087cbd8ba36270c1163198bd3ddcf2a56?s=96&d=mm&r=g","caption":"Washington Tiago"},"url":"https:\/\/sudoesteacontece.com.br\/?author=2"}]}},"_links":{"self":[{"href":"https:\/\/sudoesteacontece.com.br\/index.php?rest_route=\/wp\/v2\/posts\/1972","targetHints":{"allow":["GET"]}}],"collection":[{"href":"https:\/\/sudoesteacontece.com.br\/index.php?rest_route=\/wp\/v2\/posts"}],"about":[{"href":"https:\/\/sudoesteacontece.com.br\/index.php?rest_route=\/wp\/v2\/types\/post"}],"author":[{"embeddable":true,"href":"https:\/\/sudoesteacontece.com.br\/index.php?rest_route=\/wp\/v2\/users\/2"}],"replies":[{"embeddable":true,"href":"https:\/\/sudoesteacontece.com.br\/index.php?rest_route=%2Fwp%2Fv2%2Fcomments&post=1972"}],"version-history":[{"count":0,"href":"https:\/\/sudoesteacontece.com.br\/index.php?rest_route=\/wp\/v2\/posts\/1972\/revisions"}],"wp:featuredmedia":[{"embeddable":true,"href":"https:\/\/sudoesteacontece.com.br\/index.php?rest_route=\/wp\/v2\/media\/1991"}],"wp:attachment":[{"href":"https:\/\/sudoesteacontece.com.br\/index.php?rest_route=%2Fwp%2Fv2%2Fmedia&parent=1972"}],"wp:term":[{"taxonomy":"category","embeddable":true,"href":"https:\/\/sudoesteacontece.com.br\/index.php?rest_route=%2Fwp%2Fv2%2Fcategories&post=1972"},{"taxonomy":"post_tag","embeddable":true,"href":"https:\/\/sudoesteacontece.com.br\/index.php?rest_route=%2Fwp%2Fv2%2Ftags&post=1972"}],"curies":[{"name":"wp","href":"https:\/\/api.w.org\/{rel}","templated":true}]}}