{"id":1974,"date":"2025-11-06T17:00:33","date_gmt":"2025-11-06T20:00:33","guid":{"rendered":"https:\/\/sudoesteacontece.com.br\/?p=1974"},"modified":"2025-11-06T17:00:34","modified_gmt":"2025-11-06T20:00:34","slug":"carreta-tomba-na-serra-do-marcal-e-complica-o-transito-em-vitoria-da-conquista","status":"publish","type":"post","link":"https:\/\/sudoesteacontece.com.br\/?p=1974","title":{"rendered":"Carreta tomba na Serra do Mar\u00e7al e complica o tr\u00e2nsito em Vit\u00f3ria da Conquista"},"content":{"rendered":"\n<figure class=\"wp-block-image size-large\"><img fetchpriority=\"high\" decoding=\"async\" width=\"1024\" height=\"561\" src=\"http:\/\/sudoesteacontece.com.br\/wp-content\/uploads\/2025\/11\/Carreta-tomba-na-Serra-do-Marcal-e-complica-o-transito-em-Vitoria-da-Conquista-sudoeste-acontece-1024x561.jpg\" alt=\"\" class=\"wp-image-1987\" srcset=\"https:\/\/sudoesteacontece.com.br\/wp-content\/uploads\/2025\/11\/Carreta-tomba-na-Serra-do-Marcal-e-complica-o-transito-em-Vitoria-da-Conquista-sudoeste-acontece-1024x561.jpg 1024w, https:\/\/sudoesteacontece.com.br\/wp-content\/uploads\/2025\/11\/Carreta-tomba-na-Serra-do-Marcal-e-complica-o-transito-em-Vitoria-da-Conquista-sudoeste-acontece-300x164.jpg 300w, https:\/\/sudoesteacontece.com.br\/wp-content\/uploads\/2025\/11\/Carreta-tomba-na-Serra-do-Marcal-e-complica-o-transito-em-Vitoria-da-Conquista-sudoeste-acontece-768x421.jpg 768w, https:\/\/sudoesteacontece.com.br\/wp-content\/uploads\/2025\/11\/Carreta-tomba-na-Serra-do-Marcal-e-complica-o-transito-em-Vitoria-da-Conquista-sudoeste-acontece.jpg 1080w\" sizes=\"(max-width: 1024px) 100vw, 1024px\" \/><\/figure>\n\n\n\n<p>Um grave acidente foi registrado na manh\u00e3 desta quinta-feira (6) na perigosa Serra do Mar\u00e7al, em Vit\u00f3ria da Conquista, no sudoeste da Bahia. Uma carreta tombou em uma das curvas mais cr\u00edticas da rodovia, provocando lentid\u00e3o e bloqueando parcialmente o tr\u00e1fego. <\/p>\n\n\n\n<p>Motoristas enfrentaram longas filas enquanto equipes de resgate atuavam no local. Populares que passavam pela regi\u00e3o relataram momentos de tens\u00e3o ap\u00f3s o ve\u00edculo perder o controle. Muitos tentaram ajudar o condutor antes da chegada do Servi\u00e7o de Atendimento M\u00f3vel de Urg\u00eancia (SAMU) Companhia Independente de Policiamento Rod\u00f3viario<\/p>\n\n\n\n<p>Equipes m\u00e9dicas prestaram os primeiros socorros no local. Estado de sa\u00fade do motorista ainda n\u00e3o foi confirmado pelas autoridades. For\u00e7a do impacto deixou o ve\u00edculo atravessado na pista. Um guincho de grande porte foi acionado para remover a carreta e liberar a via.<\/p>\n\n\n\n<p>Serra do Mar\u00e7al \u00e9 conhecida pelas curvas perigosas e descidas \u00edngremes, sendo palco frequente de acidentes graves. A combina\u00e7\u00e3o de pista molhada e excesso de carga costuma aumentar o risco de tombamentos.<\/p>\n\n\n\n<p>Moradores da regi\u00e3o cobram sinaliza\u00e7\u00e3o refor\u00e7ada e manuten\u00e7\u00e3o constante da estrada. Para muitos, o trecho \u201c\u00e9 uma armadilha\u201d para caminhoneiros que n\u00e3o conhecem a serra. O tr\u00e2nsito segue em esquema de pare e siga, e a recomenda\u00e7\u00e3o da pol\u00edcia \u00e9 que motoristas redobrem a aten\u00e7\u00e3o e evitem ultrapassagens arriscadas.<\/p>\n","protected":false},"excerpt":{"rendered":"<p>Um grave acidente foi registrado na manh\u00e3 desta quinta-feira (6) na perigosa Serra do Mar\u00e7al, em Vit\u00f3ria da Conquista, no sudoeste da Bahia. Uma carreta tombou em uma das curvas mais cr\u00edticas da rodovia, provocando lentid\u00e3o e bloqueando parcialmente o tr\u00e1fego. Motoristas enfrentaram longas filas enquanto equipes de resgate atuavam no local. Populares que passavam pela regi\u00e3o relataram momentos de tens\u00e3o ap\u00f3s o ve\u00edculo perder o controle. Muitos tentaram ajudar o condutor antes da chegada do Servi\u00e7o de Atendimento M\u00f3vel de Urg\u00eancia (SAMU) Companhia Independente de Policiamento Rod\u00f3viario Equipes m\u00e9dicas prestaram os primeiros socorros no local. Estado de sa\u00fade do motorista ainda n\u00e3o foi confirmado pelas autoridades. For\u00e7a do impacto deixou o ve\u00edculo atravessado na pista. Um guincho de grande porte foi acionado para remover a carreta e liberar a via. Serra do Mar\u00e7al \u00e9 conhecida pelas curvas perigosas e descidas \u00edngremes, sendo palco frequente de acidentes graves. A combina\u00e7\u00e3o de pista molhada e excesso de carga costuma aumentar o risco de tombamentos. Moradores da regi\u00e3o cobram sinaliza\u00e7\u00e3o refor\u00e7ada e manuten\u00e7\u00e3o constante da estrada. Para muitos, o trecho \u201c\u00e9 uma armadilha\u201d para caminhoneiros que n\u00e3o conhecem a serra. O tr\u00e2nsito segue em esquema de pare e siga, e a recomenda\u00e7\u00e3o da pol\u00edcia \u00e9 que motoristas redobrem a aten\u00e7\u00e3o e evitem ultrapassagens arriscadas.<\/p>\n","protected":false},"author":2,"featured_media":1987,"comment_status":"open","ping_status":"open","sticky":false,"template":"","format":"standard","meta":{"footnotes":""},"categories":[5],"tags":[],"class_list":["post-1974","post","type-post","status-publish","format-standard","has-post-thumbnail","hentry","category-acidente"],"yoast_head":"<!-- This site is optimized with the Yoast SEO plugin v26.5 - https:\/\/yoast.com\/wordpress\/plugins\/seo\/ -->\n<title>Carreta tomba na Serra do Mar\u00e7al e complica o tr\u00e2nsito em Vit\u00f3ria da Conquista - Sudoesteacontece<\/title>\n<meta name=\"robots\" content=\"index, follow, max-snippet:-1, max-image-preview:large, max-video-preview:-1\" \/>\n<link rel=\"canonical\" href=\"https:\/\/sudoesteacontece.com.br\/?p=1974\" \/>\n<meta property=\"og:locale\" content=\"pt_BR\" \/>\n<meta property=\"og:type\" content=\"article\" \/>\n<meta property=\"og:title\" content=\"Carreta tomba na Serra do Mar\u00e7al e complica o tr\u00e2nsito em Vit\u00f3ria da Conquista - Sudoesteacontece\" \/>\n<meta property=\"og:description\" content=\"Um grave acidente foi registrado na manh\u00e3 desta quinta-feira (6) na perigosa Serra do Mar\u00e7al, em Vit\u00f3ria da Conquista, no sudoeste da Bahia. Uma carreta tombou em uma das curvas mais cr\u00edticas da rodovia, provocando lentid\u00e3o e bloqueando parcialmente o tr\u00e1fego. Motoristas enfrentaram longas filas enquanto equipes de resgate atuavam no local. Populares que passavam pela regi\u00e3o relataram momentos de tens\u00e3o ap\u00f3s o ve\u00edculo perder o controle. Muitos tentaram ajudar o condutor antes da chegada do Servi\u00e7o de Atendimento M\u00f3vel de Urg\u00eancia (SAMU) Companhia Independente de Policiamento Rod\u00f3viario Equipes m\u00e9dicas prestaram os primeiros socorros no local. Estado de sa\u00fade do motorista ainda n\u00e3o foi confirmado pelas autoridades. For\u00e7a do impacto deixou o ve\u00edculo atravessado na pista. Um guincho de grande porte foi acionado para remover a carreta e liberar a via. Serra do Mar\u00e7al \u00e9 conhecida pelas curvas perigosas e descidas \u00edngremes, sendo palco frequente de acidentes graves. A combina\u00e7\u00e3o de pista molhada e excesso de carga costuma aumentar o risco de tombamentos. Moradores da regi\u00e3o cobram sinaliza\u00e7\u00e3o refor\u00e7ada e manuten\u00e7\u00e3o constante da estrada. Para muitos, o trecho \u201c\u00e9 uma armadilha\u201d para caminhoneiros que n\u00e3o conhecem a serra. O tr\u00e2nsito segue em esquema de pare e siga, e a recomenda\u00e7\u00e3o da pol\u00edcia \u00e9 que motoristas redobrem a aten\u00e7\u00e3o e evitem ultrapassagens arriscadas.\" \/>\n<meta property=\"og:url\" content=\"https:\/\/sudoesteacontece.com.br\/?p=1974\" \/>\n<meta property=\"og:site_name\" content=\"Sudoesteacontece\" \/>\n<meta property=\"article:publisher\" content=\"https:\/\/www.facebook.com\/sudoesteacontece\/?locale=pt_BR\" \/>\n<meta property=\"article:published_time\" content=\"2025-11-06T20:00:33+00:00\" \/>\n<meta property=\"article:modified_time\" content=\"2025-11-06T20:00:34+00:00\" \/>\n<meta property=\"og:image\" content=\"https:\/\/sudoesteacontece.com.br\/wp-content\/uploads\/2025\/11\/Carreta-tomba-na-Serra-do-Marcal-e-complica-o-transito-em-Vitoria-da-Conquista-sudoeste-acontece.jpg\" \/>\n\t<meta property=\"og:image:width\" content=\"1080\" \/>\n\t<meta property=\"og:image:height\" content=\"592\" \/>\n\t<meta property=\"og:image:type\" content=\"image\/jpeg\" \/>\n<meta name=\"author\" content=\"Washington Tiago\" \/>\n<meta name=\"twitter:card\" content=\"summary_large_image\" \/>\n<meta name=\"twitter:label1\" content=\"Escrito por\" \/>\n\t<meta name=\"twitter:data1\" content=\"Washington Tiago\" \/>\n\t<meta name=\"twitter:label2\" content=\"Est. tempo de leitura\" \/>\n\t<meta name=\"twitter:data2\" content=\"1 minuto\" \/>\n<script type=\"application\/ld+json\" class=\"yoast-schema-graph\">{\"@context\":\"https:\/\/schema.org\",\"@graph\":[{\"@type\":\"Article\",\"@id\":\"https:\/\/sudoesteacontece.com.br\/?p=1974#article\",\"isPartOf\":{\"@id\":\"https:\/\/sudoesteacontece.com.br\/?p=1974\"},\"author\":{\"name\":\"Washington Tiago\",\"@id\":\"https:\/\/sudoesteacontece.com.br\/#\/schema\/person\/3cf2cf009926a9683ebc29d5379fa79c\"},\"headline\":\"Carreta tomba na Serra do Mar\u00e7al e complica o tr\u00e2nsito em Vit\u00f3ria da Conquista\",\"datePublished\":\"2025-11-06T20:00:33+00:00\",\"dateModified\":\"2025-11-06T20:00:34+00:00\",\"mainEntityOfPage\":{\"@id\":\"https:\/\/sudoesteacontece.com.br\/?p=1974\"},\"wordCount\":254,\"commentCount\":0,\"publisher\":{\"@id\":\"https:\/\/sudoesteacontece.com.br\/#organization\"},\"image\":{\"@id\":\"https:\/\/sudoesteacontece.com.br\/?p=1974#primaryimage\"},\"thumbnailUrl\":\"https:\/\/sudoesteacontece.com.br\/wp-content\/uploads\/2025\/11\/Carreta-tomba-na-Serra-do-Marcal-e-complica-o-transito-em-Vitoria-da-Conquista-sudoeste-acontece.jpg\",\"articleSection\":[\"Acidente\"],\"inLanguage\":\"pt-BR\",\"potentialAction\":[{\"@type\":\"CommentAction\",\"name\":\"Comment\",\"target\":[\"https:\/\/sudoesteacontece.com.br\/?p=1974#respond\"]}]},{\"@type\":\"WebPage\",\"@id\":\"https:\/\/sudoesteacontece.com.br\/?p=1974\",\"url\":\"https:\/\/sudoesteacontece.com.br\/?p=1974\",\"name\":\"Carreta tomba na Serra do Mar\u00e7al e complica o tr\u00e2nsito em Vit\u00f3ria da Conquista - Sudoesteacontece\",\"isPartOf\":{\"@id\":\"https:\/\/sudoesteacontece.com.br\/#website\"},\"primaryImageOfPage\":{\"@id\":\"https:\/\/sudoesteacontece.com.br\/?p=1974#primaryimage\"},\"image\":{\"@id\":\"https:\/\/sudoesteacontece.com.br\/?p=1974#primaryimage\"},\"thumbnailUrl\":\"https:\/\/sudoesteacontece.com.br\/wp-content\/uploads\/2025\/11\/Carreta-tomba-na-Serra-do-Marcal-e-complica-o-transito-em-Vitoria-da-Conquista-sudoeste-acontece.jpg\",\"datePublished\":\"2025-11-06T20:00:33+00:00\",\"dateModified\":\"2025-11-06T20:00:34+00:00\",\"breadcrumb\":{\"@id\":\"https:\/\/sudoesteacontece.com.br\/?p=1974#breadcrumb\"},\"inLanguage\":\"pt-BR\",\"potentialAction\":[{\"@type\":\"ReadAction\",\"target\":[\"https:\/\/sudoesteacontece.com.br\/?p=1974\"]}]},{\"@type\":\"ImageObject\",\"inLanguage\":\"pt-BR\",\"@id\":\"https:\/\/sudoesteacontece.com.br\/?p=1974#primaryimage\",\"url\":\"https:\/\/sudoesteacontece.com.br\/wp-content\/uploads\/2025\/11\/Carreta-tomba-na-Serra-do-Marcal-e-complica-o-transito-em-Vitoria-da-Conquista-sudoeste-acontece.jpg\",\"contentUrl\":\"https:\/\/sudoesteacontece.com.br\/wp-content\/uploads\/2025\/11\/Carreta-tomba-na-Serra-do-Marcal-e-complica-o-transito-em-Vitoria-da-Conquista-sudoeste-acontece.jpg\",\"width\":1080,\"height\":592},{\"@type\":\"BreadcrumbList\",\"@id\":\"https:\/\/sudoesteacontece.com.br\/?p=1974#breadcrumb\",\"itemListElement\":[{\"@type\":\"ListItem\",\"position\":1,\"name\":\"In\u00edcio\",\"item\":\"https:\/\/sudoesteacontece.com.br\/\"},{\"@type\":\"ListItem\",\"position\":2,\"name\":\"Carreta tomba na Serra do Mar\u00e7al e complica o tr\u00e2nsito em Vit\u00f3ria da Conquista\"}]},{\"@type\":\"WebSite\",\"@id\":\"https:\/\/sudoesteacontece.com.br\/#website\",\"url\":\"https:\/\/sudoesteacontece.com.br\/\",\"name\":\"Sudoesteacontece\",\"description\":\"\",\"publisher\":{\"@id\":\"https:\/\/sudoesteacontece.com.br\/#organization\"},\"potentialAction\":[{\"@type\":\"SearchAction\",\"target\":{\"@type\":\"EntryPoint\",\"urlTemplate\":\"https:\/\/sudoesteacontece.com.br\/?s={search_term_string}\"},\"query-input\":{\"@type\":\"PropertyValueSpecification\",\"valueRequired\":true,\"valueName\":\"search_term_string\"}}],\"inLanguage\":\"pt-BR\"},{\"@type\":\"Organization\",\"@id\":\"https:\/\/sudoesteacontece.com.br\/#organization\",\"name\":\"Sudoesteacontece\",\"url\":\"https:\/\/sudoesteacontece.com.br\/\",\"logo\":{\"@type\":\"ImageObject\",\"inLanguage\":\"pt-BR\",\"@id\":\"https:\/\/sudoesteacontece.com.br\/#\/schema\/logo\/image\/\",\"url\":\"https:\/\/sudoesteacontece.com.br\/wp-content\/uploads\/2025\/12\/cropped-logo-2-180x180-1.png\",\"contentUrl\":\"https:\/\/sudoesteacontece.com.br\/wp-content\/uploads\/2025\/12\/cropped-logo-2-180x180-1.png\",\"width\":180,\"height\":180,\"caption\":\"Sudoesteacontece\"},\"image\":{\"@id\":\"https:\/\/sudoesteacontece.com.br\/#\/schema\/logo\/image\/\"},\"sameAs\":[\"https:\/\/www.facebook.com\/sudoesteacontece\/?locale=pt_BR\"]},{\"@type\":\"Person\",\"@id\":\"https:\/\/sudoesteacontece.com.br\/#\/schema\/person\/3cf2cf009926a9683ebc29d5379fa79c\",\"name\":\"Washington Tiago\",\"image\":{\"@type\":\"ImageObject\",\"inLanguage\":\"pt-BR\",\"@id\":\"https:\/\/sudoesteacontece.com.br\/#\/schema\/person\/image\/\",\"url\":\"https:\/\/secure.gravatar.com\/avatar\/33c43b8668157e040f9d1fe93c354bf087cbd8ba36270c1163198bd3ddcf2a56?s=96&d=mm&r=g\",\"contentUrl\":\"https:\/\/secure.gravatar.com\/avatar\/33c43b8668157e040f9d1fe93c354bf087cbd8ba36270c1163198bd3ddcf2a56?s=96&d=mm&r=g\",\"caption\":\"Washington Tiago\"},\"url\":\"https:\/\/sudoesteacontece.com.br\/?author=2\"}]}<\/script>\n<!-- \/ Yoast SEO plugin. -->","yoast_head_json":{"title":"Carreta tomba na Serra do Mar\u00e7al e complica o tr\u00e2nsito em Vit\u00f3ria da Conquista - Sudoesteacontece","robots":{"index":"index","follow":"follow","max-snippet":"max-snippet:-1","max-image-preview":"max-image-preview:large","max-video-preview":"max-video-preview:-1"},"canonical":"https:\/\/sudoesteacontece.com.br\/?p=1974","og_locale":"pt_BR","og_type":"article","og_title":"Carreta tomba na Serra do Mar\u00e7al e complica o tr\u00e2nsito em Vit\u00f3ria da Conquista - Sudoesteacontece","og_description":"Um grave acidente foi registrado na manh\u00e3 desta quinta-feira (6) na perigosa Serra do Mar\u00e7al, em Vit\u00f3ria da Conquista, no sudoeste da Bahia. Uma carreta tombou em uma das curvas mais cr\u00edticas da rodovia, provocando lentid\u00e3o e bloqueando parcialmente o tr\u00e1fego. Motoristas enfrentaram longas filas enquanto equipes de resgate atuavam no local. Populares que passavam pela regi\u00e3o relataram momentos de tens\u00e3o ap\u00f3s o ve\u00edculo perder o controle. Muitos tentaram ajudar o condutor antes da chegada do Servi\u00e7o de Atendimento M\u00f3vel de Urg\u00eancia (SAMU) Companhia Independente de Policiamento Rod\u00f3viario Equipes m\u00e9dicas prestaram os primeiros socorros no local. Estado de sa\u00fade do motorista ainda n\u00e3o foi confirmado pelas autoridades. For\u00e7a do impacto deixou o ve\u00edculo atravessado na pista. Um guincho de grande porte foi acionado para remover a carreta e liberar a via. Serra do Mar\u00e7al \u00e9 conhecida pelas curvas perigosas e descidas \u00edngremes, sendo palco frequente de acidentes graves. A combina\u00e7\u00e3o de pista molhada e excesso de carga costuma aumentar o risco de tombamentos. Moradores da regi\u00e3o cobram sinaliza\u00e7\u00e3o refor\u00e7ada e manuten\u00e7\u00e3o constante da estrada. Para muitos, o trecho \u201c\u00e9 uma armadilha\u201d para caminhoneiros que n\u00e3o conhecem a serra. O tr\u00e2nsito segue em esquema de pare e siga, e a recomenda\u00e7\u00e3o da pol\u00edcia \u00e9 que motoristas redobrem a aten\u00e7\u00e3o e evitem ultrapassagens arriscadas.","og_url":"https:\/\/sudoesteacontece.com.br\/?p=1974","og_site_name":"Sudoesteacontece","article_publisher":"https:\/\/www.facebook.com\/sudoesteacontece\/?locale=pt_BR","article_published_time":"2025-11-06T20:00:33+00:00","article_modified_time":"2025-11-06T20:00:34+00:00","og_image":[{"width":1080,"height":592,"url":"https:\/\/sudoesteacontece.com.br\/wp-content\/uploads\/2025\/11\/Carreta-tomba-na-Serra-do-Marcal-e-complica-o-transito-em-Vitoria-da-Conquista-sudoeste-acontece.jpg","type":"image\/jpeg"}],"author":"Washington Tiago","twitter_card":"summary_large_image","twitter_misc":{"Escrito por":"Washington Tiago","Est. tempo de leitura":"1 minuto"},"schema":{"@context":"https:\/\/schema.org","@graph":[{"@type":"Article","@id":"https:\/\/sudoesteacontece.com.br\/?p=1974#article","isPartOf":{"@id":"https:\/\/sudoesteacontece.com.br\/?p=1974"},"author":{"name":"Washington Tiago","@id":"https:\/\/sudoesteacontece.com.br\/#\/schema\/person\/3cf2cf009926a9683ebc29d5379fa79c"},"headline":"Carreta tomba na Serra do Mar\u00e7al e complica o tr\u00e2nsito em Vit\u00f3ria da Conquista","datePublished":"2025-11-06T20:00:33+00:00","dateModified":"2025-11-06T20:00:34+00:00","mainEntityOfPage":{"@id":"https:\/\/sudoesteacontece.com.br\/?p=1974"},"wordCount":254,"commentCount":0,"publisher":{"@id":"https:\/\/sudoesteacontece.com.br\/#organization"},"image":{"@id":"https:\/\/sudoesteacontece.com.br\/?p=1974#primaryimage"},"thumbnailUrl":"https:\/\/sudoesteacontece.com.br\/wp-content\/uploads\/2025\/11\/Carreta-tomba-na-Serra-do-Marcal-e-complica-o-transito-em-Vitoria-da-Conquista-sudoeste-acontece.jpg","articleSection":["Acidente"],"inLanguage":"pt-BR","potentialAction":[{"@type":"CommentAction","name":"Comment","target":["https:\/\/sudoesteacontece.com.br\/?p=1974#respond"]}]},{"@type":"WebPage","@id":"https:\/\/sudoesteacontece.com.br\/?p=1974","url":"https:\/\/sudoesteacontece.com.br\/?p=1974","name":"Carreta tomba na Serra do Mar\u00e7al e complica o tr\u00e2nsito em Vit\u00f3ria da Conquista - Sudoesteacontece","isPartOf":{"@id":"https:\/\/sudoesteacontece.com.br\/#website"},"primaryImageOfPage":{"@id":"https:\/\/sudoesteacontece.com.br\/?p=1974#primaryimage"},"image":{"@id":"https:\/\/sudoesteacontece.com.br\/?p=1974#primaryimage"},"thumbnailUrl":"https:\/\/sudoesteacontece.com.br\/wp-content\/uploads\/2025\/11\/Carreta-tomba-na-Serra-do-Marcal-e-complica-o-transito-em-Vitoria-da-Conquista-sudoeste-acontece.jpg","datePublished":"2025-11-06T20:00:33+00:00","dateModified":"2025-11-06T20:00:34+00:00","breadcrumb":{"@id":"https:\/\/sudoesteacontece.com.br\/?p=1974#breadcrumb"},"inLanguage":"pt-BR","potentialAction":[{"@type":"ReadAction","target":["https:\/\/sudoesteacontece.com.br\/?p=1974"]}]},{"@type":"ImageObject","inLanguage":"pt-BR","@id":"https:\/\/sudoesteacontece.com.br\/?p=1974#primaryimage","url":"https:\/\/sudoesteacontece.com.br\/wp-content\/uploads\/2025\/11\/Carreta-tomba-na-Serra-do-Marcal-e-complica-o-transito-em-Vitoria-da-Conquista-sudoeste-acontece.jpg","contentUrl":"https:\/\/sudoesteacontece.com.br\/wp-content\/uploads\/2025\/11\/Carreta-tomba-na-Serra-do-Marcal-e-complica-o-transito-em-Vitoria-da-Conquista-sudoeste-acontece.jpg","width":1080,"height":592},{"@type":"BreadcrumbList","@id":"https:\/\/sudoesteacontece.com.br\/?p=1974#breadcrumb","itemListElement":[{"@type":"ListItem","position":1,"name":"In\u00edcio","item":"https:\/\/sudoesteacontece.com.br\/"},{"@type":"ListItem","position":2,"name":"Carreta tomba na Serra do Mar\u00e7al e complica o tr\u00e2nsito em Vit\u00f3ria da Conquista"}]},{"@type":"WebSite","@id":"https:\/\/sudoesteacontece.com.br\/#website","url":"https:\/\/sudoesteacontece.com.br\/","name":"Sudoesteacontece","description":"","publisher":{"@id":"https:\/\/sudoesteacontece.com.br\/#organization"},"potentialAction":[{"@type":"SearchAction","target":{"@type":"EntryPoint","urlTemplate":"https:\/\/sudoesteacontece.com.br\/?s={search_term_string}"},"query-input":{"@type":"PropertyValueSpecification","valueRequired":true,"valueName":"search_term_string"}}],"inLanguage":"pt-BR"},{"@type":"Organization","@id":"https:\/\/sudoesteacontece.com.br\/#organization","name":"Sudoesteacontece","url":"https:\/\/sudoesteacontece.com.br\/","logo":{"@type":"ImageObject","inLanguage":"pt-BR","@id":"https:\/\/sudoesteacontece.com.br\/#\/schema\/logo\/image\/","url":"https:\/\/sudoesteacontece.com.br\/wp-content\/uploads\/2025\/12\/cropped-logo-2-180x180-1.png","contentUrl":"https:\/\/sudoesteacontece.com.br\/wp-content\/uploads\/2025\/12\/cropped-logo-2-180x180-1.png","width":180,"height":180,"caption":"Sudoesteacontece"},"image":{"@id":"https:\/\/sudoesteacontece.com.br\/#\/schema\/logo\/image\/"},"sameAs":["https:\/\/www.facebook.com\/sudoesteacontece\/?locale=pt_BR"]},{"@type":"Person","@id":"https:\/\/sudoesteacontece.com.br\/#\/schema\/person\/3cf2cf009926a9683ebc29d5379fa79c","name":"Washington Tiago","image":{"@type":"ImageObject","inLanguage":"pt-BR","@id":"https:\/\/sudoesteacontece.com.br\/#\/schema\/person\/image\/","url":"https:\/\/secure.gravatar.com\/avatar\/33c43b8668157e040f9d1fe93c354bf087cbd8ba36270c1163198bd3ddcf2a56?s=96&d=mm&r=g","contentUrl":"https:\/\/secure.gravatar.com\/avatar\/33c43b8668157e040f9d1fe93c354bf087cbd8ba36270c1163198bd3ddcf2a56?s=96&d=mm&r=g","caption":"Washington Tiago"},"url":"https:\/\/sudoesteacontece.com.br\/?author=2"}]}},"_links":{"self":[{"href":"https:\/\/sudoesteacontece.com.br\/index.php?rest_route=\/wp\/v2\/posts\/1974","targetHints":{"allow":["GET"]}}],"collection":[{"href":"https:\/\/sudoesteacontece.com.br\/index.php?rest_route=\/wp\/v2\/posts"}],"about":[{"href":"https:\/\/sudoesteacontece.com.br\/index.php?rest_route=\/wp\/v2\/types\/post"}],"author":[{"embeddable":true,"href":"https:\/\/sudoesteacontece.com.br\/index.php?rest_route=\/wp\/v2\/users\/2"}],"replies":[{"embeddable":true,"href":"https:\/\/sudoesteacontece.com.br\/index.php?rest_route=%2Fwp%2Fv2%2Fcomments&post=1974"}],"version-history":[{"count":0,"href":"https:\/\/sudoesteacontece.com.br\/index.php?rest_route=\/wp\/v2\/posts\/1974\/revisions"}],"wp:featuredmedia":[{"embeddable":true,"href":"https:\/\/sudoesteacontece.com.br\/index.php?rest_route=\/wp\/v2\/media\/1987"}],"wp:attachment":[{"href":"https:\/\/sudoesteacontece.com.br\/index.php?rest_route=%2Fwp%2Fv2%2Fmedia&parent=1974"}],"wp:term":[{"taxonomy":"category","embeddable":true,"href":"https:\/\/sudoesteacontece.com.br\/index.php?rest_route=%2Fwp%2Fv2%2Fcategories&post=1974"},{"taxonomy":"post_tag","embeddable":true,"href":"https:\/\/sudoesteacontece.com.br\/index.php?rest_route=%2Fwp%2Fv2%2Ftags&post=1974"}],"curies":[{"name":"wp","href":"https:\/\/api.w.org\/{rel}","templated":true}]}}