{"id":1975,"date":"2025-11-06T17:06:26","date_gmt":"2025-11-06T20:06:26","guid":{"rendered":"https:\/\/sudoesteacontece.com.br\/?p=1975"},"modified":"2025-11-06T17:06:30","modified_gmt":"2025-11-06T20:06:30","slug":"vereador-de-jaguaquara-e-suspenso-apos-denuncia-de-assedio-sexual-contra-servidora","status":"publish","type":"post","link":"https:\/\/sudoesteacontece.com.br\/?p=1975","title":{"rendered":"Vereador de Jaguaquara \u00e9 suspenso ap\u00f3s den\u00fancia de ass\u00e9dio sexual contra servidora"},"content":{"rendered":"\n<figure class=\"wp-block-image size-large\"><img fetchpriority=\"high\" decoding=\"async\" width=\"1024\" height=\"723\" src=\"http:\/\/sudoesteacontece.com.br\/wp-content\/uploads\/2025\/11\/Vereador-de-Jaguaquara-e-suspenso-apos-denuncia-de-assedio-sexual-contra-servidora-sudoeste-acontece-1024x723.jpg\" alt=\"\" class=\"wp-image-1989\" srcset=\"https:\/\/sudoesteacontece.com.br\/wp-content\/uploads\/2025\/11\/Vereador-de-Jaguaquara-e-suspenso-apos-denuncia-de-assedio-sexual-contra-servidora-sudoeste-acontece-1024x723.jpg 1024w, https:\/\/sudoesteacontece.com.br\/wp-content\/uploads\/2025\/11\/Vereador-de-Jaguaquara-e-suspenso-apos-denuncia-de-assedio-sexual-contra-servidora-sudoeste-acontece-300x212.jpg 300w, https:\/\/sudoesteacontece.com.br\/wp-content\/uploads\/2025\/11\/Vereador-de-Jaguaquara-e-suspenso-apos-denuncia-de-assedio-sexual-contra-servidora-sudoeste-acontece-768x542.jpg 768w, https:\/\/sudoesteacontece.com.br\/wp-content\/uploads\/2025\/11\/Vereador-de-Jaguaquara-e-suspenso-apos-denuncia-de-assedio-sexual-contra-servidora-sudoeste-acontece-1536x1084.jpg 1536w, https:\/\/sudoesteacontece.com.br\/wp-content\/uploads\/2025\/11\/Vereador-de-Jaguaquara-e-suspenso-apos-denuncia-de-assedio-sexual-contra-servidora-sudoeste-acontece.jpg 1700w\" sizes=\"(max-width: 1024px) 100vw, 1024px\" \/><\/figure>\n\n\n\n<p>A C\u00e2mara Municipal de Jaguaquara, no sudoeste da Bahia, suspendeu por 30 dias o vereador Rog\u00e9rio Rocha (Republicanos) ap\u00f3s den\u00fancia de ass\u00e9dio sexual feita por uma servidora da Casa Legislativa. A decis\u00e3o foi un\u00e2nime e aprovada na sess\u00e3o desta ter\u00e7a-feira (4).<\/p>\n\n\n\n<p>Parlamentares da base e da oposi\u00e7\u00e3o concordaram com a puni\u00e7\u00e3o, proposta pela Comiss\u00e3o de \u00c9tica e Decoro Parlamentar. O grupo considerou que o comportamento do vereador foi incompat\u00edvel com o cargo p\u00fablico e feriu o respeito institucional exigido para o exerc\u00edcio do mandato.<\/p>\n\n\n\n<p>Rog\u00e9rio Rocha n\u00e3o compareceu \u00e0 sess\u00e3o. Mesmo ausente, seu caso dominou o debate no plen\u00e1rio. Vereadores afirmaram que a C\u00e2mara precisava dar uma resposta firme \u00e0 sociedade e defender o ambiente de trabalho das servidoras, refor\u00e7ando o compromisso com a \u00e9tica e o respeito m\u00fatuo.<\/p>\n\n\n\n<p>Durante o per\u00edodo de afastamento, o parlamentar ficar\u00e1 impedido de exercer fun\u00e7\u00f5es e n\u00e3o receber\u00e1 sal\u00e1rio. A medida entra em vigor ap\u00f3s publica\u00e7\u00e3o no Di\u00e1rio Oficial do Legislativo.<\/p>\n\n\n\n<p>Epis\u00f3dio causou repercuss\u00e3o imediata em Jaguaquara. Moradores cobraram transpar\u00eancia e investiga\u00e7\u00e3o rigorosa, enquanto movimentos de mulheres e lideran\u00e7as locais manifestaram apoio \u00e0 servidora e pediram puni\u00e7\u00e3o exemplar.<\/p>\n\n\n\n<p>Comiss\u00e3o de \u00c9tica informou que continuar\u00e1 acompanhando o caso e que novas medidas poder\u00e3o ser adotadas caso a den\u00fancia seja comprovada em outras inst\u00e2ncias. O \u00f3rg\u00e3o destacou que a decis\u00e3o tem car\u00e1ter disciplinar e preventivo, voltado \u00e0 preserva\u00e7\u00e3o da imagem do Legislativo.<\/p>\n\n\n\n<p>Defesa de Rog\u00e9rio Rocha n\u00e3o se manifestou publicamente at\u00e9 o fechamento desta mat\u00e9ria. O vereador ainda pode apresentar recurso ou solicitar revis\u00e3o da decis\u00e3o.<\/p>\n\n\n\n<p>Suspens\u00e3o representa um marco na pol\u00edtica municipal. Pela primeira vez, a C\u00e2mara de Jaguaquara afasta um vereador por den\u00fancia de ass\u00e9dio, fato que refor\u00e7a o debate sobre moralidade, respeito e limites de conduta no servi\u00e7o p\u00fablico.<\/p>\n","protected":false},"excerpt":{"rendered":"<p>A C\u00e2mara Municipal de Jaguaquara, no sudoeste da Bahia, suspendeu por 30 dias o vereador Rog\u00e9rio Rocha (Republicanos) ap\u00f3s den\u00fancia de ass\u00e9dio sexual feita por uma servidora da Casa Legislativa. A decis\u00e3o foi un\u00e2nime e aprovada na sess\u00e3o desta ter\u00e7a-feira (4). Parlamentares da base e da oposi\u00e7\u00e3o concordaram com a puni\u00e7\u00e3o, proposta pela Comiss\u00e3o de \u00c9tica e Decoro Parlamentar. O grupo considerou que o comportamento do vereador foi incompat\u00edvel com o cargo p\u00fablico e feriu o respeito institucional exigido para o exerc\u00edcio do mandato. Rog\u00e9rio Rocha n\u00e3o compareceu \u00e0 sess\u00e3o. Mesmo ausente, seu caso dominou o debate no plen\u00e1rio. Vereadores afirmaram que a C\u00e2mara precisava dar uma resposta firme \u00e0 sociedade e defender o ambiente de trabalho das servidoras, refor\u00e7ando o compromisso com a \u00e9tica e o respeito m\u00fatuo. Durante o per\u00edodo de afastamento, o parlamentar ficar\u00e1 impedido de exercer fun\u00e7\u00f5es e n\u00e3o receber\u00e1 sal\u00e1rio. A medida entra em vigor ap\u00f3s publica\u00e7\u00e3o no Di\u00e1rio Oficial do Legislativo. Epis\u00f3dio causou repercuss\u00e3o imediata em Jaguaquara. Moradores cobraram transpar\u00eancia e investiga\u00e7\u00e3o rigorosa, enquanto movimentos de mulheres e lideran\u00e7as locais manifestaram apoio \u00e0 servidora e pediram puni\u00e7\u00e3o exemplar. Comiss\u00e3o de \u00c9tica informou que continuar\u00e1 acompanhando o caso e que novas medidas poder\u00e3o ser adotadas caso a den\u00fancia seja comprovada em outras inst\u00e2ncias. O \u00f3rg\u00e3o destacou que a decis\u00e3o tem car\u00e1ter disciplinar e preventivo, voltado \u00e0 preserva\u00e7\u00e3o da imagem do Legislativo. Defesa de Rog\u00e9rio Rocha n\u00e3o se manifestou publicamente at\u00e9 o fechamento desta mat\u00e9ria. O vereador ainda pode apresentar recurso ou solicitar revis\u00e3o da decis\u00e3o. Suspens\u00e3o representa um marco na pol\u00edtica municipal. Pela primeira vez, a C\u00e2mara de Jaguaquara afasta um vereador por den\u00fancia de ass\u00e9dio, fato que refor\u00e7a o debate sobre moralidade, respeito e limites de conduta no servi\u00e7o p\u00fablico.<\/p>\n","protected":false},"author":2,"featured_media":1989,"comment_status":"open","ping_status":"open","sticky":false,"template":"","format":"standard","meta":{"footnotes":""},"categories":[6],"tags":[],"class_list":["post-1975","post","type-post","status-publish","format-standard","has-post-thumbnail","hentry","category-politica"],"yoast_head":"<!-- This site is optimized with the Yoast SEO plugin v26.5 - https:\/\/yoast.com\/wordpress\/plugins\/seo\/ -->\n<title>Vereador de Jaguaquara \u00e9 suspenso ap\u00f3s den\u00fancia de ass\u00e9dio sexual contra servidora - Sudoesteacontece<\/title>\n<meta name=\"robots\" content=\"index, follow, max-snippet:-1, max-image-preview:large, max-video-preview:-1\" \/>\n<link rel=\"canonical\" href=\"https:\/\/sudoesteacontece.com.br\/?p=1975\" \/>\n<meta property=\"og:locale\" content=\"pt_BR\" \/>\n<meta property=\"og:type\" content=\"article\" \/>\n<meta property=\"og:title\" content=\"Vereador de Jaguaquara \u00e9 suspenso ap\u00f3s den\u00fancia de ass\u00e9dio sexual contra servidora - Sudoesteacontece\" \/>\n<meta property=\"og:description\" content=\"A C\u00e2mara Municipal de Jaguaquara, no sudoeste da Bahia, suspendeu por 30 dias o vereador Rog\u00e9rio Rocha (Republicanos) ap\u00f3s den\u00fancia de ass\u00e9dio sexual feita por uma servidora da Casa Legislativa. A decis\u00e3o foi un\u00e2nime e aprovada na sess\u00e3o desta ter\u00e7a-feira (4). Parlamentares da base e da oposi\u00e7\u00e3o concordaram com a puni\u00e7\u00e3o, proposta pela Comiss\u00e3o de \u00c9tica e Decoro Parlamentar. O grupo considerou que o comportamento do vereador foi incompat\u00edvel com o cargo p\u00fablico e feriu o respeito institucional exigido para o exerc\u00edcio do mandato. Rog\u00e9rio Rocha n\u00e3o compareceu \u00e0 sess\u00e3o. Mesmo ausente, seu caso dominou o debate no plen\u00e1rio. Vereadores afirmaram que a C\u00e2mara precisava dar uma resposta firme \u00e0 sociedade e defender o ambiente de trabalho das servidoras, refor\u00e7ando o compromisso com a \u00e9tica e o respeito m\u00fatuo. Durante o per\u00edodo de afastamento, o parlamentar ficar\u00e1 impedido de exercer fun\u00e7\u00f5es e n\u00e3o receber\u00e1 sal\u00e1rio. A medida entra em vigor ap\u00f3s publica\u00e7\u00e3o no Di\u00e1rio Oficial do Legislativo. Epis\u00f3dio causou repercuss\u00e3o imediata em Jaguaquara. Moradores cobraram transpar\u00eancia e investiga\u00e7\u00e3o rigorosa, enquanto movimentos de mulheres e lideran\u00e7as locais manifestaram apoio \u00e0 servidora e pediram puni\u00e7\u00e3o exemplar. Comiss\u00e3o de \u00c9tica informou que continuar\u00e1 acompanhando o caso e que novas medidas poder\u00e3o ser adotadas caso a den\u00fancia seja comprovada em outras inst\u00e2ncias. O \u00f3rg\u00e3o destacou que a decis\u00e3o tem car\u00e1ter disciplinar e preventivo, voltado \u00e0 preserva\u00e7\u00e3o da imagem do Legislativo. Defesa de Rog\u00e9rio Rocha n\u00e3o se manifestou publicamente at\u00e9 o fechamento desta mat\u00e9ria. O vereador ainda pode apresentar recurso ou solicitar revis\u00e3o da decis\u00e3o. Suspens\u00e3o representa um marco na pol\u00edtica municipal. Pela primeira vez, a C\u00e2mara de Jaguaquara afasta um vereador por den\u00fancia de ass\u00e9dio, fato que refor\u00e7a o debate sobre moralidade, respeito e limites de conduta no servi\u00e7o p\u00fablico.\" \/>\n<meta property=\"og:url\" content=\"https:\/\/sudoesteacontece.com.br\/?p=1975\" \/>\n<meta property=\"og:site_name\" content=\"Sudoesteacontece\" \/>\n<meta property=\"article:publisher\" content=\"https:\/\/www.facebook.com\/sudoesteacontece\/?locale=pt_BR\" \/>\n<meta property=\"article:published_time\" content=\"2025-11-06T20:06:26+00:00\" \/>\n<meta property=\"article:modified_time\" content=\"2025-11-06T20:06:30+00:00\" \/>\n<meta property=\"og:image\" content=\"https:\/\/sudoesteacontece.com.br\/wp-content\/uploads\/2025\/11\/Vereador-de-Jaguaquara-e-suspenso-apos-denuncia-de-assedio-sexual-contra-servidora-sudoeste-acontece.jpg\" \/>\n\t<meta property=\"og:image:width\" content=\"1700\" \/>\n\t<meta property=\"og:image:height\" content=\"1200\" \/>\n\t<meta property=\"og:image:type\" content=\"image\/jpeg\" \/>\n<meta name=\"author\" content=\"Washington Tiago\" \/>\n<meta name=\"twitter:card\" content=\"summary_large_image\" \/>\n<meta name=\"twitter:label1\" content=\"Escrito por\" \/>\n\t<meta name=\"twitter:data1\" content=\"Washington Tiago\" \/>\n\t<meta name=\"twitter:label2\" content=\"Est. tempo de leitura\" \/>\n\t<meta name=\"twitter:data2\" content=\"2 minutos\" \/>\n<script type=\"application\/ld+json\" class=\"yoast-schema-graph\">{\"@context\":\"https:\/\/schema.org\",\"@graph\":[{\"@type\":\"Article\",\"@id\":\"https:\/\/sudoesteacontece.com.br\/?p=1975#article\",\"isPartOf\":{\"@id\":\"https:\/\/sudoesteacontece.com.br\/?p=1975\"},\"author\":{\"name\":\"Washington Tiago\",\"@id\":\"https:\/\/sudoesteacontece.com.br\/#\/schema\/person\/3cf2cf009926a9683ebc29d5379fa79c\"},\"headline\":\"Vereador de Jaguaquara \u00e9 suspenso ap\u00f3s den\u00fancia de ass\u00e9dio sexual contra servidora\",\"datePublished\":\"2025-11-06T20:06:26+00:00\",\"dateModified\":\"2025-11-06T20:06:30+00:00\",\"mainEntityOfPage\":{\"@id\":\"https:\/\/sudoesteacontece.com.br\/?p=1975\"},\"wordCount\":350,\"commentCount\":0,\"publisher\":{\"@id\":\"https:\/\/sudoesteacontece.com.br\/#organization\"},\"image\":{\"@id\":\"https:\/\/sudoesteacontece.com.br\/?p=1975#primaryimage\"},\"thumbnailUrl\":\"https:\/\/sudoesteacontece.com.br\/wp-content\/uploads\/2025\/11\/Vereador-de-Jaguaquara-e-suspenso-apos-denuncia-de-assedio-sexual-contra-servidora-sudoeste-acontece.jpg\",\"articleSection\":[\"Pol\u00edtica\"],\"inLanguage\":\"pt-BR\",\"potentialAction\":[{\"@type\":\"CommentAction\",\"name\":\"Comment\",\"target\":[\"https:\/\/sudoesteacontece.com.br\/?p=1975#respond\"]}]},{\"@type\":\"WebPage\",\"@id\":\"https:\/\/sudoesteacontece.com.br\/?p=1975\",\"url\":\"https:\/\/sudoesteacontece.com.br\/?p=1975\",\"name\":\"Vereador de Jaguaquara \u00e9 suspenso ap\u00f3s den\u00fancia de ass\u00e9dio sexual contra servidora - Sudoesteacontece\",\"isPartOf\":{\"@id\":\"https:\/\/sudoesteacontece.com.br\/#website\"},\"primaryImageOfPage\":{\"@id\":\"https:\/\/sudoesteacontece.com.br\/?p=1975#primaryimage\"},\"image\":{\"@id\":\"https:\/\/sudoesteacontece.com.br\/?p=1975#primaryimage\"},\"thumbnailUrl\":\"https:\/\/sudoesteacontece.com.br\/wp-content\/uploads\/2025\/11\/Vereador-de-Jaguaquara-e-suspenso-apos-denuncia-de-assedio-sexual-contra-servidora-sudoeste-acontece.jpg\",\"datePublished\":\"2025-11-06T20:06:26+00:00\",\"dateModified\":\"2025-11-06T20:06:30+00:00\",\"breadcrumb\":{\"@id\":\"https:\/\/sudoesteacontece.com.br\/?p=1975#breadcrumb\"},\"inLanguage\":\"pt-BR\",\"potentialAction\":[{\"@type\":\"ReadAction\",\"target\":[\"https:\/\/sudoesteacontece.com.br\/?p=1975\"]}]},{\"@type\":\"ImageObject\",\"inLanguage\":\"pt-BR\",\"@id\":\"https:\/\/sudoesteacontece.com.br\/?p=1975#primaryimage\",\"url\":\"https:\/\/sudoesteacontece.com.br\/wp-content\/uploads\/2025\/11\/Vereador-de-Jaguaquara-e-suspenso-apos-denuncia-de-assedio-sexual-contra-servidora-sudoeste-acontece.jpg\",\"contentUrl\":\"https:\/\/sudoesteacontece.com.br\/wp-content\/uploads\/2025\/11\/Vereador-de-Jaguaquara-e-suspenso-apos-denuncia-de-assedio-sexual-contra-servidora-sudoeste-acontece.jpg\",\"width\":1700,\"height\":1200},{\"@type\":\"BreadcrumbList\",\"@id\":\"https:\/\/sudoesteacontece.com.br\/?p=1975#breadcrumb\",\"itemListElement\":[{\"@type\":\"ListItem\",\"position\":1,\"name\":\"In\u00edcio\",\"item\":\"https:\/\/sudoesteacontece.com.br\/\"},{\"@type\":\"ListItem\",\"position\":2,\"name\":\"Vereador de Jaguaquara \u00e9 suspenso ap\u00f3s den\u00fancia de ass\u00e9dio sexual contra servidora\"}]},{\"@type\":\"WebSite\",\"@id\":\"https:\/\/sudoesteacontece.com.br\/#website\",\"url\":\"https:\/\/sudoesteacontece.com.br\/\",\"name\":\"Sudoesteacontece\",\"description\":\"\",\"publisher\":{\"@id\":\"https:\/\/sudoesteacontece.com.br\/#organization\"},\"potentialAction\":[{\"@type\":\"SearchAction\",\"target\":{\"@type\":\"EntryPoint\",\"urlTemplate\":\"https:\/\/sudoesteacontece.com.br\/?s={search_term_string}\"},\"query-input\":{\"@type\":\"PropertyValueSpecification\",\"valueRequired\":true,\"valueName\":\"search_term_string\"}}],\"inLanguage\":\"pt-BR\"},{\"@type\":\"Organization\",\"@id\":\"https:\/\/sudoesteacontece.com.br\/#organization\",\"name\":\"Sudoesteacontece\",\"url\":\"https:\/\/sudoesteacontece.com.br\/\",\"logo\":{\"@type\":\"ImageObject\",\"inLanguage\":\"pt-BR\",\"@id\":\"https:\/\/sudoesteacontece.com.br\/#\/schema\/logo\/image\/\",\"url\":\"https:\/\/sudoesteacontece.com.br\/wp-content\/uploads\/2025\/12\/cropped-logo-2-180x180-1.png\",\"contentUrl\":\"https:\/\/sudoesteacontece.com.br\/wp-content\/uploads\/2025\/12\/cropped-logo-2-180x180-1.png\",\"width\":180,\"height\":180,\"caption\":\"Sudoesteacontece\"},\"image\":{\"@id\":\"https:\/\/sudoesteacontece.com.br\/#\/schema\/logo\/image\/\"},\"sameAs\":[\"https:\/\/www.facebook.com\/sudoesteacontece\/?locale=pt_BR\"]},{\"@type\":\"Person\",\"@id\":\"https:\/\/sudoesteacontece.com.br\/#\/schema\/person\/3cf2cf009926a9683ebc29d5379fa79c\",\"name\":\"Washington Tiago\",\"image\":{\"@type\":\"ImageObject\",\"inLanguage\":\"pt-BR\",\"@id\":\"https:\/\/sudoesteacontece.com.br\/#\/schema\/person\/image\/\",\"url\":\"https:\/\/secure.gravatar.com\/avatar\/33c43b8668157e040f9d1fe93c354bf087cbd8ba36270c1163198bd3ddcf2a56?s=96&d=mm&r=g\",\"contentUrl\":\"https:\/\/secure.gravatar.com\/avatar\/33c43b8668157e040f9d1fe93c354bf087cbd8ba36270c1163198bd3ddcf2a56?s=96&d=mm&r=g\",\"caption\":\"Washington Tiago\"},\"url\":\"https:\/\/sudoesteacontece.com.br\/?author=2\"}]}<\/script>\n<!-- \/ Yoast SEO plugin. -->","yoast_head_json":{"title":"Vereador de Jaguaquara \u00e9 suspenso ap\u00f3s den\u00fancia de ass\u00e9dio sexual contra servidora - Sudoesteacontece","robots":{"index":"index","follow":"follow","max-snippet":"max-snippet:-1","max-image-preview":"max-image-preview:large","max-video-preview":"max-video-preview:-1"},"canonical":"https:\/\/sudoesteacontece.com.br\/?p=1975","og_locale":"pt_BR","og_type":"article","og_title":"Vereador de Jaguaquara \u00e9 suspenso ap\u00f3s den\u00fancia de ass\u00e9dio sexual contra servidora - Sudoesteacontece","og_description":"A C\u00e2mara Municipal de Jaguaquara, no sudoeste da Bahia, suspendeu por 30 dias o vereador Rog\u00e9rio Rocha (Republicanos) ap\u00f3s den\u00fancia de ass\u00e9dio sexual feita por uma servidora da Casa Legislativa. A decis\u00e3o foi un\u00e2nime e aprovada na sess\u00e3o desta ter\u00e7a-feira (4). Parlamentares da base e da oposi\u00e7\u00e3o concordaram com a puni\u00e7\u00e3o, proposta pela Comiss\u00e3o de \u00c9tica e Decoro Parlamentar. O grupo considerou que o comportamento do vereador foi incompat\u00edvel com o cargo p\u00fablico e feriu o respeito institucional exigido para o exerc\u00edcio do mandato. Rog\u00e9rio Rocha n\u00e3o compareceu \u00e0 sess\u00e3o. Mesmo ausente, seu caso dominou o debate no plen\u00e1rio. Vereadores afirmaram que a C\u00e2mara precisava dar uma resposta firme \u00e0 sociedade e defender o ambiente de trabalho das servidoras, refor\u00e7ando o compromisso com a \u00e9tica e o respeito m\u00fatuo. Durante o per\u00edodo de afastamento, o parlamentar ficar\u00e1 impedido de exercer fun\u00e7\u00f5es e n\u00e3o receber\u00e1 sal\u00e1rio. A medida entra em vigor ap\u00f3s publica\u00e7\u00e3o no Di\u00e1rio Oficial do Legislativo. Epis\u00f3dio causou repercuss\u00e3o imediata em Jaguaquara. Moradores cobraram transpar\u00eancia e investiga\u00e7\u00e3o rigorosa, enquanto movimentos de mulheres e lideran\u00e7as locais manifestaram apoio \u00e0 servidora e pediram puni\u00e7\u00e3o exemplar. Comiss\u00e3o de \u00c9tica informou que continuar\u00e1 acompanhando o caso e que novas medidas poder\u00e3o ser adotadas caso a den\u00fancia seja comprovada em outras inst\u00e2ncias. O \u00f3rg\u00e3o destacou que a decis\u00e3o tem car\u00e1ter disciplinar e preventivo, voltado \u00e0 preserva\u00e7\u00e3o da imagem do Legislativo. Defesa de Rog\u00e9rio Rocha n\u00e3o se manifestou publicamente at\u00e9 o fechamento desta mat\u00e9ria. O vereador ainda pode apresentar recurso ou solicitar revis\u00e3o da decis\u00e3o. Suspens\u00e3o representa um marco na pol\u00edtica municipal. Pela primeira vez, a C\u00e2mara de Jaguaquara afasta um vereador por den\u00fancia de ass\u00e9dio, fato que refor\u00e7a o debate sobre moralidade, respeito e limites de conduta no servi\u00e7o p\u00fablico.","og_url":"https:\/\/sudoesteacontece.com.br\/?p=1975","og_site_name":"Sudoesteacontece","article_publisher":"https:\/\/www.facebook.com\/sudoesteacontece\/?locale=pt_BR","article_published_time":"2025-11-06T20:06:26+00:00","article_modified_time":"2025-11-06T20:06:30+00:00","og_image":[{"width":1700,"height":1200,"url":"https:\/\/sudoesteacontece.com.br\/wp-content\/uploads\/2025\/11\/Vereador-de-Jaguaquara-e-suspenso-apos-denuncia-de-assedio-sexual-contra-servidora-sudoeste-acontece.jpg","type":"image\/jpeg"}],"author":"Washington Tiago","twitter_card":"summary_large_image","twitter_misc":{"Escrito por":"Washington Tiago","Est. tempo de leitura":"2 minutos"},"schema":{"@context":"https:\/\/schema.org","@graph":[{"@type":"Article","@id":"https:\/\/sudoesteacontece.com.br\/?p=1975#article","isPartOf":{"@id":"https:\/\/sudoesteacontece.com.br\/?p=1975"},"author":{"name":"Washington Tiago","@id":"https:\/\/sudoesteacontece.com.br\/#\/schema\/person\/3cf2cf009926a9683ebc29d5379fa79c"},"headline":"Vereador de Jaguaquara \u00e9 suspenso ap\u00f3s den\u00fancia de ass\u00e9dio sexual contra servidora","datePublished":"2025-11-06T20:06:26+00:00","dateModified":"2025-11-06T20:06:30+00:00","mainEntityOfPage":{"@id":"https:\/\/sudoesteacontece.com.br\/?p=1975"},"wordCount":350,"commentCount":0,"publisher":{"@id":"https:\/\/sudoesteacontece.com.br\/#organization"},"image":{"@id":"https:\/\/sudoesteacontece.com.br\/?p=1975#primaryimage"},"thumbnailUrl":"https:\/\/sudoesteacontece.com.br\/wp-content\/uploads\/2025\/11\/Vereador-de-Jaguaquara-e-suspenso-apos-denuncia-de-assedio-sexual-contra-servidora-sudoeste-acontece.jpg","articleSection":["Pol\u00edtica"],"inLanguage":"pt-BR","potentialAction":[{"@type":"CommentAction","name":"Comment","target":["https:\/\/sudoesteacontece.com.br\/?p=1975#respond"]}]},{"@type":"WebPage","@id":"https:\/\/sudoesteacontece.com.br\/?p=1975","url":"https:\/\/sudoesteacontece.com.br\/?p=1975","name":"Vereador de Jaguaquara \u00e9 suspenso ap\u00f3s den\u00fancia de ass\u00e9dio sexual contra servidora - Sudoesteacontece","isPartOf":{"@id":"https:\/\/sudoesteacontece.com.br\/#website"},"primaryImageOfPage":{"@id":"https:\/\/sudoesteacontece.com.br\/?p=1975#primaryimage"},"image":{"@id":"https:\/\/sudoesteacontece.com.br\/?p=1975#primaryimage"},"thumbnailUrl":"https:\/\/sudoesteacontece.com.br\/wp-content\/uploads\/2025\/11\/Vereador-de-Jaguaquara-e-suspenso-apos-denuncia-de-assedio-sexual-contra-servidora-sudoeste-acontece.jpg","datePublished":"2025-11-06T20:06:26+00:00","dateModified":"2025-11-06T20:06:30+00:00","breadcrumb":{"@id":"https:\/\/sudoesteacontece.com.br\/?p=1975#breadcrumb"},"inLanguage":"pt-BR","potentialAction":[{"@type":"ReadAction","target":["https:\/\/sudoesteacontece.com.br\/?p=1975"]}]},{"@type":"ImageObject","inLanguage":"pt-BR","@id":"https:\/\/sudoesteacontece.com.br\/?p=1975#primaryimage","url":"https:\/\/sudoesteacontece.com.br\/wp-content\/uploads\/2025\/11\/Vereador-de-Jaguaquara-e-suspenso-apos-denuncia-de-assedio-sexual-contra-servidora-sudoeste-acontece.jpg","contentUrl":"https:\/\/sudoesteacontece.com.br\/wp-content\/uploads\/2025\/11\/Vereador-de-Jaguaquara-e-suspenso-apos-denuncia-de-assedio-sexual-contra-servidora-sudoeste-acontece.jpg","width":1700,"height":1200},{"@type":"BreadcrumbList","@id":"https:\/\/sudoesteacontece.com.br\/?p=1975#breadcrumb","itemListElement":[{"@type":"ListItem","position":1,"name":"In\u00edcio","item":"https:\/\/sudoesteacontece.com.br\/"},{"@type":"ListItem","position":2,"name":"Vereador de Jaguaquara \u00e9 suspenso ap\u00f3s den\u00fancia de ass\u00e9dio sexual contra servidora"}]},{"@type":"WebSite","@id":"https:\/\/sudoesteacontece.com.br\/#website","url":"https:\/\/sudoesteacontece.com.br\/","name":"Sudoesteacontece","description":"","publisher":{"@id":"https:\/\/sudoesteacontece.com.br\/#organization"},"potentialAction":[{"@type":"SearchAction","target":{"@type":"EntryPoint","urlTemplate":"https:\/\/sudoesteacontece.com.br\/?s={search_term_string}"},"query-input":{"@type":"PropertyValueSpecification","valueRequired":true,"valueName":"search_term_string"}}],"inLanguage":"pt-BR"},{"@type":"Organization","@id":"https:\/\/sudoesteacontece.com.br\/#organization","name":"Sudoesteacontece","url":"https:\/\/sudoesteacontece.com.br\/","logo":{"@type":"ImageObject","inLanguage":"pt-BR","@id":"https:\/\/sudoesteacontece.com.br\/#\/schema\/logo\/image\/","url":"https:\/\/sudoesteacontece.com.br\/wp-content\/uploads\/2025\/12\/cropped-logo-2-180x180-1.png","contentUrl":"https:\/\/sudoesteacontece.com.br\/wp-content\/uploads\/2025\/12\/cropped-logo-2-180x180-1.png","width":180,"height":180,"caption":"Sudoesteacontece"},"image":{"@id":"https:\/\/sudoesteacontece.com.br\/#\/schema\/logo\/image\/"},"sameAs":["https:\/\/www.facebook.com\/sudoesteacontece\/?locale=pt_BR"]},{"@type":"Person","@id":"https:\/\/sudoesteacontece.com.br\/#\/schema\/person\/3cf2cf009926a9683ebc29d5379fa79c","name":"Washington Tiago","image":{"@type":"ImageObject","inLanguage":"pt-BR","@id":"https:\/\/sudoesteacontece.com.br\/#\/schema\/person\/image\/","url":"https:\/\/secure.gravatar.com\/avatar\/33c43b8668157e040f9d1fe93c354bf087cbd8ba36270c1163198bd3ddcf2a56?s=96&d=mm&r=g","contentUrl":"https:\/\/secure.gravatar.com\/avatar\/33c43b8668157e040f9d1fe93c354bf087cbd8ba36270c1163198bd3ddcf2a56?s=96&d=mm&r=g","caption":"Washington Tiago"},"url":"https:\/\/sudoesteacontece.com.br\/?author=2"}]}},"_links":{"self":[{"href":"https:\/\/sudoesteacontece.com.br\/index.php?rest_route=\/wp\/v2\/posts\/1975","targetHints":{"allow":["GET"]}}],"collection":[{"href":"https:\/\/sudoesteacontece.com.br\/index.php?rest_route=\/wp\/v2\/posts"}],"about":[{"href":"https:\/\/sudoesteacontece.com.br\/index.php?rest_route=\/wp\/v2\/types\/post"}],"author":[{"embeddable":true,"href":"https:\/\/sudoesteacontece.com.br\/index.php?rest_route=\/wp\/v2\/users\/2"}],"replies":[{"embeddable":true,"href":"https:\/\/sudoesteacontece.com.br\/index.php?rest_route=%2Fwp%2Fv2%2Fcomments&post=1975"}],"version-history":[{"count":0,"href":"https:\/\/sudoesteacontece.com.br\/index.php?rest_route=\/wp\/v2\/posts\/1975\/revisions"}],"wp:featuredmedia":[{"embeddable":true,"href":"https:\/\/sudoesteacontece.com.br\/index.php?rest_route=\/wp\/v2\/media\/1989"}],"wp:attachment":[{"href":"https:\/\/sudoesteacontece.com.br\/index.php?rest_route=%2Fwp%2Fv2%2Fmedia&parent=1975"}],"wp:term":[{"taxonomy":"category","embeddable":true,"href":"https:\/\/sudoesteacontece.com.br\/index.php?rest_route=%2Fwp%2Fv2%2Fcategories&post=1975"},{"taxonomy":"post_tag","embeddable":true,"href":"https:\/\/sudoesteacontece.com.br\/index.php?rest_route=%2Fwp%2Fv2%2Ftags&post=1975"}],"curies":[{"name":"wp","href":"https:\/\/api.w.org\/{rel}","templated":true}]}}