{"id":1998,"date":"2025-11-07T10:07:58","date_gmt":"2025-11-07T13:07:58","guid":{"rendered":"https:\/\/sudoesteacontece.com.br\/?p=1998"},"modified":"2025-11-07T10:07:59","modified_gmt":"2025-11-07T13:07:59","slug":"conseg-alerta-para-aumento-da-violencia-escolar-e-propoe-protocolo-em-brumado","status":"publish","type":"post","link":"https:\/\/sudoesteacontece.com.br\/?p=1998","title":{"rendered":"Conseg alerta para aumento da viol\u00eancia escolar e prop\u00f5e protocolo em Brumado"},"content":{"rendered":"<div class=\"wp-block-image\">\n<figure class=\"aligncenter size-large\"><img fetchpriority=\"high\" decoding=\"async\" width=\"1024\" height=\"683\" src=\"http:\/\/sudoesteacontece.com.br\/wp-content\/uploads\/2025\/11\/Conseg-alerta-para-aumento-da-violencia-escolar-e-propoe-protocolo-em-Brumado-sudoeste-acontece-1024x683.jpg\" alt=\"\" class=\"wp-image-2022\" srcset=\"https:\/\/sudoesteacontece.com.br\/wp-content\/uploads\/2025\/11\/Conseg-alerta-para-aumento-da-violencia-escolar-e-propoe-protocolo-em-Brumado-sudoeste-acontece-1024x683.jpg 1024w, https:\/\/sudoesteacontece.com.br\/wp-content\/uploads\/2025\/11\/Conseg-alerta-para-aumento-da-violencia-escolar-e-propoe-protocolo-em-Brumado-sudoeste-acontece-300x200.jpg 300w, https:\/\/sudoesteacontece.com.br\/wp-content\/uploads\/2025\/11\/Conseg-alerta-para-aumento-da-violencia-escolar-e-propoe-protocolo-em-Brumado-sudoeste-acontece-768x512.jpg 768w, https:\/\/sudoesteacontece.com.br\/wp-content\/uploads\/2025\/11\/Conseg-alerta-para-aumento-da-violencia-escolar-e-propoe-protocolo-em-Brumado-sudoeste-acontece.jpg 1500w\" sizes=\"(max-width: 1024px) 100vw, 1024px\" \/><\/figure>\n<\/div>\n\n\n<p>A presidente do Conselho Municipal de Seguran\u00e7a (Conseg), Carol Amorim, apresentou nesta segunda-feira (3), na C\u00e2mara de Vereadores de Brumado, o relat\u00f3rio do projeto \u201cConseg vai \u00e0s escolas\u201d. A iniciativa busca fortalecer a\u00e7\u00f5es de preven\u00e7\u00e3o \u00e0 viol\u00eancia escolar e conscientizar alunos, professores e gestores sobre temas que afetam o ambiente educacional.<\/p>\n\n\n\n<p>Durante o discurso na Tribuna Livre, Carol ressaltou a import\u00e2ncia de levar o debate de seguran\u00e7a para dentro das institui\u00e7\u00f5es de ensino. Ela afirmou que o projeto tem como foco criar uma cultura de paz, abordando desde o bullying e o cyberbullying at\u00e9 casos de viol\u00eancia f\u00edsica e ass\u00e9dio sexual.<\/p>\n\n\n\n<p>\u201cQuando falamos de viol\u00eancia nas escolas, falamos de um espectro amplo. \u00c9 bullying, cyberbullying, ass\u00e9dio, agress\u00e3o a professores e diretores. \u00c9 um olhar que a C\u00e2mara e o Executivo precisam direcionar\u201d, afirmou a presidente.<\/p>\n\n\n\n<p>O Conseg, segundo Carol, percorreu escolas das redes municipal, estadual e federal. Os relatos coletados apontam um cen\u00e1rio preocupante, com casos recorrentes de amea\u00e7as, desrespeito, depreda\u00e7\u00e3o do patrim\u00f4nio p\u00fablico e falta de disciplina entre os estudantes.<\/p>\n\n\n\n<p>De acordo com a gestora, a aus\u00eancia de protocolos claros deixa professores e diretores sem orienta\u00e7\u00e3o diante de situa\u00e7\u00f5es de risco. \u201cOs profissionais ficam perdidos, sem saber como agir. O poder p\u00fablico precisa intervir e definir regras de conduta\u201d, alertou.<\/p>\n\n\n\n<p>A presidente destacou que o Conseg pretende articular uma audi\u00eancia p\u00fablica para discutir o tema com educadores, pais, alunos e autoridades, antes da cria\u00e7\u00e3o de um protocolo unificado de seguran\u00e7a escolar. A proposta visa orientar a\u00e7\u00f5es preventivas e garantir respostas r\u00e1pidas e padronizadas em casos de viol\u00eancia dentro das unidades de ensino.<\/p>\n\n\n\n<p>Carol Amorim refor\u00e7ou que a preven\u00e7\u00e3o come\u00e7a pela educa\u00e7\u00e3o. \u201cPrecisamos ensinar nossos jovens a respeitar, dialogar e resolver conflitos sem viol\u00eancia. S\u00f3 assim construiremos escolas seguras e acolhedoras\u201d, concluiu.<\/p>\n\n\n\n<p>O relat\u00f3rio do Conseg ser\u00e1 encaminhado ao Executivo Municipal e \u00e0s secretarias de Educa\u00e7\u00e3o e Seguran\u00e7a, que dever\u00e3o avaliar as recomenda\u00e7\u00f5es apresentadas. A expectativa \u00e9 de que o documento sirva de base para futuras pol\u00edticas p\u00fablicas voltadas \u00e0 prote\u00e7\u00e3o da comunidade escolar.<\/p>\n","protected":false},"excerpt":{"rendered":"<p>A presidente do Conselho Municipal de Seguran\u00e7a (Conseg), Carol Amorim, apresentou nesta segunda-feira (3), na C\u00e2mara de Vereadores de Brumado, o relat\u00f3rio do projeto \u201cConseg vai \u00e0s escolas\u201d. A iniciativa busca fortalecer a\u00e7\u00f5es de preven\u00e7\u00e3o \u00e0 viol\u00eancia escolar e conscientizar alunos, professores e gestores sobre temas que afetam o ambiente educacional. Durante o discurso na Tribuna Livre, Carol ressaltou a import\u00e2ncia de levar o debate de seguran\u00e7a para dentro das institui\u00e7\u00f5es de ensino. Ela afirmou que o projeto tem como foco criar uma cultura de paz, abordando desde o bullying e o cyberbullying at\u00e9 casos de viol\u00eancia f\u00edsica e ass\u00e9dio sexual. \u201cQuando falamos de viol\u00eancia nas escolas, falamos de um espectro amplo. \u00c9 bullying, cyberbullying, ass\u00e9dio, agress\u00e3o a professores e diretores. \u00c9 um olhar que a C\u00e2mara e o Executivo precisam direcionar\u201d, afirmou a presidente. O Conseg, segundo Carol, percorreu escolas das redes municipal, estadual e federal. Os relatos coletados apontam um cen\u00e1rio preocupante, com casos recorrentes de amea\u00e7as, desrespeito, depreda\u00e7\u00e3o do patrim\u00f4nio p\u00fablico e falta de disciplina entre os estudantes. De acordo com a gestora, a aus\u00eancia de protocolos claros deixa professores e diretores sem orienta\u00e7\u00e3o diante de situa\u00e7\u00f5es de risco. \u201cOs profissionais ficam perdidos, sem saber como agir. O poder p\u00fablico precisa intervir e definir regras de conduta\u201d, alertou. A presidente destacou que o Conseg pretende articular uma audi\u00eancia p\u00fablica para discutir o tema com educadores, pais, alunos e autoridades, antes da cria\u00e7\u00e3o de um protocolo unificado de seguran\u00e7a escolar. A proposta visa orientar a\u00e7\u00f5es preventivas e garantir respostas r\u00e1pidas e padronizadas em casos de viol\u00eancia dentro das unidades de ensino. Carol Amorim refor\u00e7ou que a preven\u00e7\u00e3o come\u00e7a pela educa\u00e7\u00e3o. \u201cPrecisamos ensinar nossos jovens a respeitar, dialogar e resolver conflitos sem viol\u00eancia. S\u00f3 assim construiremos escolas seguras e acolhedoras\u201d, concluiu. O relat\u00f3rio do Conseg ser\u00e1 encaminhado ao Executivo Municipal e \u00e0s secretarias de Educa\u00e7\u00e3o e Seguran\u00e7a, que dever\u00e3o avaliar as recomenda\u00e7\u00f5es apresentadas. A expectativa \u00e9 de que o documento sirva de base para futuras pol\u00edticas p\u00fablicas voltadas \u00e0 prote\u00e7\u00e3o da comunidade escolar.<\/p>\n","protected":false},"author":2,"featured_media":2022,"comment_status":"open","ping_status":"open","sticky":false,"template":"","format":"standard","meta":{"footnotes":""},"categories":[10,43,6],"tags":[],"class_list":["post-1998","post","type-post","status-publish","format-standard","has-post-thumbnail","hentry","category-brumado","category-educacao","category-politica"],"yoast_head":"<!-- This site is optimized with the Yoast SEO plugin v26.5 - https:\/\/yoast.com\/wordpress\/plugins\/seo\/ -->\n<title>Conseg alerta para aumento da viol\u00eancia escolar e prop\u00f5e protocolo em Brumado - Sudoesteacontece<\/title>\n<meta name=\"robots\" content=\"index, follow, max-snippet:-1, max-image-preview:large, max-video-preview:-1\" \/>\n<link rel=\"canonical\" href=\"https:\/\/sudoesteacontece.com.br\/?p=1998\" \/>\n<meta property=\"og:locale\" content=\"pt_BR\" \/>\n<meta property=\"og:type\" content=\"article\" \/>\n<meta property=\"og:title\" content=\"Conseg alerta para aumento da viol\u00eancia escolar e prop\u00f5e protocolo em Brumado - Sudoesteacontece\" \/>\n<meta property=\"og:description\" content=\"A presidente do Conselho Municipal de Seguran\u00e7a (Conseg), Carol Amorim, apresentou nesta segunda-feira (3), na C\u00e2mara de Vereadores de Brumado, o relat\u00f3rio do projeto \u201cConseg vai \u00e0s escolas\u201d. A iniciativa busca fortalecer a\u00e7\u00f5es de preven\u00e7\u00e3o \u00e0 viol\u00eancia escolar e conscientizar alunos, professores e gestores sobre temas que afetam o ambiente educacional. Durante o discurso na Tribuna Livre, Carol ressaltou a import\u00e2ncia de levar o debate de seguran\u00e7a para dentro das institui\u00e7\u00f5es de ensino. Ela afirmou que o projeto tem como foco criar uma cultura de paz, abordando desde o bullying e o cyberbullying at\u00e9 casos de viol\u00eancia f\u00edsica e ass\u00e9dio sexual. \u201cQuando falamos de viol\u00eancia nas escolas, falamos de um espectro amplo. \u00c9 bullying, cyberbullying, ass\u00e9dio, agress\u00e3o a professores e diretores. \u00c9 um olhar que a C\u00e2mara e o Executivo precisam direcionar\u201d, afirmou a presidente. O Conseg, segundo Carol, percorreu escolas das redes municipal, estadual e federal. Os relatos coletados apontam um cen\u00e1rio preocupante, com casos recorrentes de amea\u00e7as, desrespeito, depreda\u00e7\u00e3o do patrim\u00f4nio p\u00fablico e falta de disciplina entre os estudantes. De acordo com a gestora, a aus\u00eancia de protocolos claros deixa professores e diretores sem orienta\u00e7\u00e3o diante de situa\u00e7\u00f5es de risco. \u201cOs profissionais ficam perdidos, sem saber como agir. O poder p\u00fablico precisa intervir e definir regras de conduta\u201d, alertou. A presidente destacou que o Conseg pretende articular uma audi\u00eancia p\u00fablica para discutir o tema com educadores, pais, alunos e autoridades, antes da cria\u00e7\u00e3o de um protocolo unificado de seguran\u00e7a escolar. A proposta visa orientar a\u00e7\u00f5es preventivas e garantir respostas r\u00e1pidas e padronizadas em casos de viol\u00eancia dentro das unidades de ensino. Carol Amorim refor\u00e7ou que a preven\u00e7\u00e3o come\u00e7a pela educa\u00e7\u00e3o. \u201cPrecisamos ensinar nossos jovens a respeitar, dialogar e resolver conflitos sem viol\u00eancia. S\u00f3 assim construiremos escolas seguras e acolhedoras\u201d, concluiu. O relat\u00f3rio do Conseg ser\u00e1 encaminhado ao Executivo Municipal e \u00e0s secretarias de Educa\u00e7\u00e3o e Seguran\u00e7a, que dever\u00e3o avaliar as recomenda\u00e7\u00f5es apresentadas. A expectativa \u00e9 de que o documento sirva de base para futuras pol\u00edticas p\u00fablicas voltadas \u00e0 prote\u00e7\u00e3o da comunidade escolar.\" \/>\n<meta property=\"og:url\" content=\"https:\/\/sudoesteacontece.com.br\/?p=1998\" \/>\n<meta property=\"og:site_name\" content=\"Sudoesteacontece\" \/>\n<meta property=\"article:publisher\" content=\"https:\/\/www.facebook.com\/sudoesteacontece\/?locale=pt_BR\" \/>\n<meta property=\"article:published_time\" content=\"2025-11-07T13:07:58+00:00\" \/>\n<meta property=\"article:modified_time\" content=\"2025-11-07T13:07:59+00:00\" \/>\n<meta property=\"og:image\" content=\"https:\/\/sudoesteacontece.com.br\/wp-content\/uploads\/2025\/11\/Conseg-alerta-para-aumento-da-violencia-escolar-e-propoe-protocolo-em-Brumado-sudoeste-acontece.jpg\" \/>\n\t<meta property=\"og:image:width\" content=\"1500\" \/>\n\t<meta property=\"og:image:height\" content=\"1000\" \/>\n\t<meta property=\"og:image:type\" content=\"image\/jpeg\" \/>\n<meta name=\"author\" content=\"Washington Tiago\" \/>\n<meta name=\"twitter:card\" content=\"summary_large_image\" \/>\n<meta name=\"twitter:label1\" content=\"Escrito por\" \/>\n\t<meta name=\"twitter:data1\" content=\"Washington Tiago\" \/>\n\t<meta name=\"twitter:label2\" content=\"Est. tempo de leitura\" \/>\n\t<meta name=\"twitter:data2\" content=\"2 minutos\" \/>\n<script type=\"application\/ld+json\" class=\"yoast-schema-graph\">{\"@context\":\"https:\/\/schema.org\",\"@graph\":[{\"@type\":\"Article\",\"@id\":\"https:\/\/sudoesteacontece.com.br\/?p=1998#article\",\"isPartOf\":{\"@id\":\"https:\/\/sudoesteacontece.com.br\/?p=1998\"},\"author\":{\"name\":\"Washington Tiago\",\"@id\":\"https:\/\/sudoesteacontece.com.br\/#\/schema\/person\/3cf2cf009926a9683ebc29d5379fa79c\"},\"headline\":\"Conseg alerta para aumento da viol\u00eancia escolar e prop\u00f5e protocolo em Brumado\",\"datePublished\":\"2025-11-07T13:07:58+00:00\",\"dateModified\":\"2025-11-07T13:07:59+00:00\",\"mainEntityOfPage\":{\"@id\":\"https:\/\/sudoesteacontece.com.br\/?p=1998\"},\"wordCount\":387,\"commentCount\":0,\"publisher\":{\"@id\":\"https:\/\/sudoesteacontece.com.br\/#organization\"},\"image\":{\"@id\":\"https:\/\/sudoesteacontece.com.br\/?p=1998#primaryimage\"},\"thumbnailUrl\":\"https:\/\/sudoesteacontece.com.br\/wp-content\/uploads\/2025\/11\/Conseg-alerta-para-aumento-da-violencia-escolar-e-propoe-protocolo-em-Brumado-sudoeste-acontece.jpg\",\"articleSection\":[\"Brumado\",\"Educa\u00e7\u00e3o\",\"Pol\u00edtica\"],\"inLanguage\":\"pt-BR\",\"potentialAction\":[{\"@type\":\"CommentAction\",\"name\":\"Comment\",\"target\":[\"https:\/\/sudoesteacontece.com.br\/?p=1998#respond\"]}]},{\"@type\":\"WebPage\",\"@id\":\"https:\/\/sudoesteacontece.com.br\/?p=1998\",\"url\":\"https:\/\/sudoesteacontece.com.br\/?p=1998\",\"name\":\"Conseg alerta para aumento da viol\u00eancia escolar e prop\u00f5e protocolo em Brumado - Sudoesteacontece\",\"isPartOf\":{\"@id\":\"https:\/\/sudoesteacontece.com.br\/#website\"},\"primaryImageOfPage\":{\"@id\":\"https:\/\/sudoesteacontece.com.br\/?p=1998#primaryimage\"},\"image\":{\"@id\":\"https:\/\/sudoesteacontece.com.br\/?p=1998#primaryimage\"},\"thumbnailUrl\":\"https:\/\/sudoesteacontece.com.br\/wp-content\/uploads\/2025\/11\/Conseg-alerta-para-aumento-da-violencia-escolar-e-propoe-protocolo-em-Brumado-sudoeste-acontece.jpg\",\"datePublished\":\"2025-11-07T13:07:58+00:00\",\"dateModified\":\"2025-11-07T13:07:59+00:00\",\"breadcrumb\":{\"@id\":\"https:\/\/sudoesteacontece.com.br\/?p=1998#breadcrumb\"},\"inLanguage\":\"pt-BR\",\"potentialAction\":[{\"@type\":\"ReadAction\",\"target\":[\"https:\/\/sudoesteacontece.com.br\/?p=1998\"]}]},{\"@type\":\"ImageObject\",\"inLanguage\":\"pt-BR\",\"@id\":\"https:\/\/sudoesteacontece.com.br\/?p=1998#primaryimage\",\"url\":\"https:\/\/sudoesteacontece.com.br\/wp-content\/uploads\/2025\/11\/Conseg-alerta-para-aumento-da-violencia-escolar-e-propoe-protocolo-em-Brumado-sudoeste-acontece.jpg\",\"contentUrl\":\"https:\/\/sudoesteacontece.com.br\/wp-content\/uploads\/2025\/11\/Conseg-alerta-para-aumento-da-violencia-escolar-e-propoe-protocolo-em-Brumado-sudoeste-acontece.jpg\",\"width\":1500,\"height\":1000},{\"@type\":\"BreadcrumbList\",\"@id\":\"https:\/\/sudoesteacontece.com.br\/?p=1998#breadcrumb\",\"itemListElement\":[{\"@type\":\"ListItem\",\"position\":1,\"name\":\"In\u00edcio\",\"item\":\"https:\/\/sudoesteacontece.com.br\/\"},{\"@type\":\"ListItem\",\"position\":2,\"name\":\"Conseg alerta para aumento da viol\u00eancia escolar e prop\u00f5e protocolo em Brumado\"}]},{\"@type\":\"WebSite\",\"@id\":\"https:\/\/sudoesteacontece.com.br\/#website\",\"url\":\"https:\/\/sudoesteacontece.com.br\/\",\"name\":\"Sudoesteacontece\",\"description\":\"\",\"publisher\":{\"@id\":\"https:\/\/sudoesteacontece.com.br\/#organization\"},\"potentialAction\":[{\"@type\":\"SearchAction\",\"target\":{\"@type\":\"EntryPoint\",\"urlTemplate\":\"https:\/\/sudoesteacontece.com.br\/?s={search_term_string}\"},\"query-input\":{\"@type\":\"PropertyValueSpecification\",\"valueRequired\":true,\"valueName\":\"search_term_string\"}}],\"inLanguage\":\"pt-BR\"},{\"@type\":\"Organization\",\"@id\":\"https:\/\/sudoesteacontece.com.br\/#organization\",\"name\":\"Sudoesteacontece\",\"url\":\"https:\/\/sudoesteacontece.com.br\/\",\"logo\":{\"@type\":\"ImageObject\",\"inLanguage\":\"pt-BR\",\"@id\":\"https:\/\/sudoesteacontece.com.br\/#\/schema\/logo\/image\/\",\"url\":\"https:\/\/sudoesteacontece.com.br\/wp-content\/uploads\/2025\/12\/cropped-logo-2-180x180-1.png\",\"contentUrl\":\"https:\/\/sudoesteacontece.com.br\/wp-content\/uploads\/2025\/12\/cropped-logo-2-180x180-1.png\",\"width\":180,\"height\":180,\"caption\":\"Sudoesteacontece\"},\"image\":{\"@id\":\"https:\/\/sudoesteacontece.com.br\/#\/schema\/logo\/image\/\"},\"sameAs\":[\"https:\/\/www.facebook.com\/sudoesteacontece\/?locale=pt_BR\"]},{\"@type\":\"Person\",\"@id\":\"https:\/\/sudoesteacontece.com.br\/#\/schema\/person\/3cf2cf009926a9683ebc29d5379fa79c\",\"name\":\"Washington Tiago\",\"image\":{\"@type\":\"ImageObject\",\"inLanguage\":\"pt-BR\",\"@id\":\"https:\/\/sudoesteacontece.com.br\/#\/schema\/person\/image\/\",\"url\":\"https:\/\/secure.gravatar.com\/avatar\/33c43b8668157e040f9d1fe93c354bf087cbd8ba36270c1163198bd3ddcf2a56?s=96&d=mm&r=g\",\"contentUrl\":\"https:\/\/secure.gravatar.com\/avatar\/33c43b8668157e040f9d1fe93c354bf087cbd8ba36270c1163198bd3ddcf2a56?s=96&d=mm&r=g\",\"caption\":\"Washington Tiago\"},\"url\":\"https:\/\/sudoesteacontece.com.br\/?author=2\"}]}<\/script>\n<!-- \/ Yoast SEO plugin. -->","yoast_head_json":{"title":"Conseg alerta para aumento da viol\u00eancia escolar e prop\u00f5e protocolo em Brumado - Sudoesteacontece","robots":{"index":"index","follow":"follow","max-snippet":"max-snippet:-1","max-image-preview":"max-image-preview:large","max-video-preview":"max-video-preview:-1"},"canonical":"https:\/\/sudoesteacontece.com.br\/?p=1998","og_locale":"pt_BR","og_type":"article","og_title":"Conseg alerta para aumento da viol\u00eancia escolar e prop\u00f5e protocolo em Brumado - Sudoesteacontece","og_description":"A presidente do Conselho Municipal de Seguran\u00e7a (Conseg), Carol Amorim, apresentou nesta segunda-feira (3), na C\u00e2mara de Vereadores de Brumado, o relat\u00f3rio do projeto \u201cConseg vai \u00e0s escolas\u201d. A iniciativa busca fortalecer a\u00e7\u00f5es de preven\u00e7\u00e3o \u00e0 viol\u00eancia escolar e conscientizar alunos, professores e gestores sobre temas que afetam o ambiente educacional. Durante o discurso na Tribuna Livre, Carol ressaltou a import\u00e2ncia de levar o debate de seguran\u00e7a para dentro das institui\u00e7\u00f5es de ensino. Ela afirmou que o projeto tem como foco criar uma cultura de paz, abordando desde o bullying e o cyberbullying at\u00e9 casos de viol\u00eancia f\u00edsica e ass\u00e9dio sexual. \u201cQuando falamos de viol\u00eancia nas escolas, falamos de um espectro amplo. \u00c9 bullying, cyberbullying, ass\u00e9dio, agress\u00e3o a professores e diretores. \u00c9 um olhar que a C\u00e2mara e o Executivo precisam direcionar\u201d, afirmou a presidente. O Conseg, segundo Carol, percorreu escolas das redes municipal, estadual e federal. Os relatos coletados apontam um cen\u00e1rio preocupante, com casos recorrentes de amea\u00e7as, desrespeito, depreda\u00e7\u00e3o do patrim\u00f4nio p\u00fablico e falta de disciplina entre os estudantes. De acordo com a gestora, a aus\u00eancia de protocolos claros deixa professores e diretores sem orienta\u00e7\u00e3o diante de situa\u00e7\u00f5es de risco. \u201cOs profissionais ficam perdidos, sem saber como agir. O poder p\u00fablico precisa intervir e definir regras de conduta\u201d, alertou. A presidente destacou que o Conseg pretende articular uma audi\u00eancia p\u00fablica para discutir o tema com educadores, pais, alunos e autoridades, antes da cria\u00e7\u00e3o de um protocolo unificado de seguran\u00e7a escolar. A proposta visa orientar a\u00e7\u00f5es preventivas e garantir respostas r\u00e1pidas e padronizadas em casos de viol\u00eancia dentro das unidades de ensino. Carol Amorim refor\u00e7ou que a preven\u00e7\u00e3o come\u00e7a pela educa\u00e7\u00e3o. \u201cPrecisamos ensinar nossos jovens a respeitar, dialogar e resolver conflitos sem viol\u00eancia. S\u00f3 assim construiremos escolas seguras e acolhedoras\u201d, concluiu. O relat\u00f3rio do Conseg ser\u00e1 encaminhado ao Executivo Municipal e \u00e0s secretarias de Educa\u00e7\u00e3o e Seguran\u00e7a, que dever\u00e3o avaliar as recomenda\u00e7\u00f5es apresentadas. A expectativa \u00e9 de que o documento sirva de base para futuras pol\u00edticas p\u00fablicas voltadas \u00e0 prote\u00e7\u00e3o da comunidade escolar.","og_url":"https:\/\/sudoesteacontece.com.br\/?p=1998","og_site_name":"Sudoesteacontece","article_publisher":"https:\/\/www.facebook.com\/sudoesteacontece\/?locale=pt_BR","article_published_time":"2025-11-07T13:07:58+00:00","article_modified_time":"2025-11-07T13:07:59+00:00","og_image":[{"width":1500,"height":1000,"url":"https:\/\/sudoesteacontece.com.br\/wp-content\/uploads\/2025\/11\/Conseg-alerta-para-aumento-da-violencia-escolar-e-propoe-protocolo-em-Brumado-sudoeste-acontece.jpg","type":"image\/jpeg"}],"author":"Washington Tiago","twitter_card":"summary_large_image","twitter_misc":{"Escrito por":"Washington Tiago","Est. tempo de leitura":"2 minutos"},"schema":{"@context":"https:\/\/schema.org","@graph":[{"@type":"Article","@id":"https:\/\/sudoesteacontece.com.br\/?p=1998#article","isPartOf":{"@id":"https:\/\/sudoesteacontece.com.br\/?p=1998"},"author":{"name":"Washington Tiago","@id":"https:\/\/sudoesteacontece.com.br\/#\/schema\/person\/3cf2cf009926a9683ebc29d5379fa79c"},"headline":"Conseg alerta para aumento da viol\u00eancia escolar e prop\u00f5e protocolo em Brumado","datePublished":"2025-11-07T13:07:58+00:00","dateModified":"2025-11-07T13:07:59+00:00","mainEntityOfPage":{"@id":"https:\/\/sudoesteacontece.com.br\/?p=1998"},"wordCount":387,"commentCount":0,"publisher":{"@id":"https:\/\/sudoesteacontece.com.br\/#organization"},"image":{"@id":"https:\/\/sudoesteacontece.com.br\/?p=1998#primaryimage"},"thumbnailUrl":"https:\/\/sudoesteacontece.com.br\/wp-content\/uploads\/2025\/11\/Conseg-alerta-para-aumento-da-violencia-escolar-e-propoe-protocolo-em-Brumado-sudoeste-acontece.jpg","articleSection":["Brumado","Educa\u00e7\u00e3o","Pol\u00edtica"],"inLanguage":"pt-BR","potentialAction":[{"@type":"CommentAction","name":"Comment","target":["https:\/\/sudoesteacontece.com.br\/?p=1998#respond"]}]},{"@type":"WebPage","@id":"https:\/\/sudoesteacontece.com.br\/?p=1998","url":"https:\/\/sudoesteacontece.com.br\/?p=1998","name":"Conseg alerta para aumento da viol\u00eancia escolar e prop\u00f5e protocolo em Brumado - Sudoesteacontece","isPartOf":{"@id":"https:\/\/sudoesteacontece.com.br\/#website"},"primaryImageOfPage":{"@id":"https:\/\/sudoesteacontece.com.br\/?p=1998#primaryimage"},"image":{"@id":"https:\/\/sudoesteacontece.com.br\/?p=1998#primaryimage"},"thumbnailUrl":"https:\/\/sudoesteacontece.com.br\/wp-content\/uploads\/2025\/11\/Conseg-alerta-para-aumento-da-violencia-escolar-e-propoe-protocolo-em-Brumado-sudoeste-acontece.jpg","datePublished":"2025-11-07T13:07:58+00:00","dateModified":"2025-11-07T13:07:59+00:00","breadcrumb":{"@id":"https:\/\/sudoesteacontece.com.br\/?p=1998#breadcrumb"},"inLanguage":"pt-BR","potentialAction":[{"@type":"ReadAction","target":["https:\/\/sudoesteacontece.com.br\/?p=1998"]}]},{"@type":"ImageObject","inLanguage":"pt-BR","@id":"https:\/\/sudoesteacontece.com.br\/?p=1998#primaryimage","url":"https:\/\/sudoesteacontece.com.br\/wp-content\/uploads\/2025\/11\/Conseg-alerta-para-aumento-da-violencia-escolar-e-propoe-protocolo-em-Brumado-sudoeste-acontece.jpg","contentUrl":"https:\/\/sudoesteacontece.com.br\/wp-content\/uploads\/2025\/11\/Conseg-alerta-para-aumento-da-violencia-escolar-e-propoe-protocolo-em-Brumado-sudoeste-acontece.jpg","width":1500,"height":1000},{"@type":"BreadcrumbList","@id":"https:\/\/sudoesteacontece.com.br\/?p=1998#breadcrumb","itemListElement":[{"@type":"ListItem","position":1,"name":"In\u00edcio","item":"https:\/\/sudoesteacontece.com.br\/"},{"@type":"ListItem","position":2,"name":"Conseg alerta para aumento da viol\u00eancia escolar e prop\u00f5e protocolo em Brumado"}]},{"@type":"WebSite","@id":"https:\/\/sudoesteacontece.com.br\/#website","url":"https:\/\/sudoesteacontece.com.br\/","name":"Sudoesteacontece","description":"","publisher":{"@id":"https:\/\/sudoesteacontece.com.br\/#organization"},"potentialAction":[{"@type":"SearchAction","target":{"@type":"EntryPoint","urlTemplate":"https:\/\/sudoesteacontece.com.br\/?s={search_term_string}"},"query-input":{"@type":"PropertyValueSpecification","valueRequired":true,"valueName":"search_term_string"}}],"inLanguage":"pt-BR"},{"@type":"Organization","@id":"https:\/\/sudoesteacontece.com.br\/#organization","name":"Sudoesteacontece","url":"https:\/\/sudoesteacontece.com.br\/","logo":{"@type":"ImageObject","inLanguage":"pt-BR","@id":"https:\/\/sudoesteacontece.com.br\/#\/schema\/logo\/image\/","url":"https:\/\/sudoesteacontece.com.br\/wp-content\/uploads\/2025\/12\/cropped-logo-2-180x180-1.png","contentUrl":"https:\/\/sudoesteacontece.com.br\/wp-content\/uploads\/2025\/12\/cropped-logo-2-180x180-1.png","width":180,"height":180,"caption":"Sudoesteacontece"},"image":{"@id":"https:\/\/sudoesteacontece.com.br\/#\/schema\/logo\/image\/"},"sameAs":["https:\/\/www.facebook.com\/sudoesteacontece\/?locale=pt_BR"]},{"@type":"Person","@id":"https:\/\/sudoesteacontece.com.br\/#\/schema\/person\/3cf2cf009926a9683ebc29d5379fa79c","name":"Washington Tiago","image":{"@type":"ImageObject","inLanguage":"pt-BR","@id":"https:\/\/sudoesteacontece.com.br\/#\/schema\/person\/image\/","url":"https:\/\/secure.gravatar.com\/avatar\/33c43b8668157e040f9d1fe93c354bf087cbd8ba36270c1163198bd3ddcf2a56?s=96&d=mm&r=g","contentUrl":"https:\/\/secure.gravatar.com\/avatar\/33c43b8668157e040f9d1fe93c354bf087cbd8ba36270c1163198bd3ddcf2a56?s=96&d=mm&r=g","caption":"Washington Tiago"},"url":"https:\/\/sudoesteacontece.com.br\/?author=2"}]}},"_links":{"self":[{"href":"https:\/\/sudoesteacontece.com.br\/index.php?rest_route=\/wp\/v2\/posts\/1998","targetHints":{"allow":["GET"]}}],"collection":[{"href":"https:\/\/sudoesteacontece.com.br\/index.php?rest_route=\/wp\/v2\/posts"}],"about":[{"href":"https:\/\/sudoesteacontece.com.br\/index.php?rest_route=\/wp\/v2\/types\/post"}],"author":[{"embeddable":true,"href":"https:\/\/sudoesteacontece.com.br\/index.php?rest_route=\/wp\/v2\/users\/2"}],"replies":[{"embeddable":true,"href":"https:\/\/sudoesteacontece.com.br\/index.php?rest_route=%2Fwp%2Fv2%2Fcomments&post=1998"}],"version-history":[{"count":0,"href":"https:\/\/sudoesteacontece.com.br\/index.php?rest_route=\/wp\/v2\/posts\/1998\/revisions"}],"wp:featuredmedia":[{"embeddable":true,"href":"https:\/\/sudoesteacontece.com.br\/index.php?rest_route=\/wp\/v2\/media\/2022"}],"wp:attachment":[{"href":"https:\/\/sudoesteacontece.com.br\/index.php?rest_route=%2Fwp%2Fv2%2Fmedia&parent=1998"}],"wp:term":[{"taxonomy":"category","embeddable":true,"href":"https:\/\/sudoesteacontece.com.br\/index.php?rest_route=%2Fwp%2Fv2%2Fcategories&post=1998"},{"taxonomy":"post_tag","embeddable":true,"href":"https:\/\/sudoesteacontece.com.br\/index.php?rest_route=%2Fwp%2Fv2%2Ftags&post=1998"}],"curies":[{"name":"wp","href":"https:\/\/api.w.org\/{rel}","templated":true}]}}