{"id":2005,"date":"2025-11-07T10:46:04","date_gmt":"2025-11-07T13:46:04","guid":{"rendered":"https:\/\/sudoesteacontece.com.br\/?p=2005"},"modified":"2025-11-07T10:46:05","modified_gmt":"2025-11-07T13:46:05","slug":"com-filha-de-2-anos-mulher-e-presa-com-cocaina-dentro-onibus-em-licinio-de-almeida","status":"publish","type":"post","link":"https:\/\/sudoesteacontece.com.br\/?p=2005","title":{"rendered":"Com filha de 2 anos, mulher \u00e9 presa com coca\u00edna dentro \u00f4nibus em Lic\u00ednio de Almeida"},"content":{"rendered":"<div class=\"wp-block-image\">\n<figure class=\"aligncenter size-full\"><img fetchpriority=\"high\" decoding=\"async\" width=\"640\" height=\"403\" src=\"http:\/\/sudoesteacontece.com.br\/wp-content\/uploads\/2025\/11\/Com-filha-de-2-anos-mulher-e-presa-com-cocaina-dentro-onibus-em-Licinio-de-Almeida-sudoeste-acontece.jpg\" alt=\"\" class=\"wp-image-2034\" srcset=\"https:\/\/sudoesteacontece.com.br\/wp-content\/uploads\/2025\/11\/Com-filha-de-2-anos-mulher-e-presa-com-cocaina-dentro-onibus-em-Licinio-de-Almeida-sudoeste-acontece.jpg 640w, https:\/\/sudoesteacontece.com.br\/wp-content\/uploads\/2025\/11\/Com-filha-de-2-anos-mulher-e-presa-com-cocaina-dentro-onibus-em-Licinio-de-Almeida-sudoeste-acontece-300x189.jpg 300w\" sizes=\"(max-width: 640px) 100vw, 640px\" \/><\/figure>\n<\/div>\n\n\n<p>Uma mulher foi presa na noite desta quinta-feira (6) transportando 1 quilo de pasta base de coca\u00edna em um \u00f4nibus intermunicipal que seguia de Vit\u00f3ria da Conquista para Urandi, no sudoeste da Bahia.<\/p>\n\n\n\n<p>Policiais da 94\u00aa Companhia Independente de Policia Militar (94\u00aa CIPM) realizaram a a\u00e7\u00e3o ap\u00f3s receber den\u00fancia an\u00f4nima indicando que uma passageira levava drogas escondidas na bagagem. Equipe montou uma barreira na sa\u00edda de Lic\u00ednio de Almeida e interceptou o ve\u00edculo por volta das 20h.<\/p>\n\n\n\n<p>Durante a abordagem, os agentes notaram que a mulher, que viajava com a filha de apenas 2 anos, demonstrava forte nervosismo e contradi\u00e7\u00f5es nas respostas. A atitude levantou suspeita e motivou uma busca detalhada nas malas.<\/p>\n\n\n\n<p>Dentro de uma bolsa, os policiais encontraram um tablete de pasta base de coca\u00edna cuidadosamente embalado. Ao ser questionada, a mulher n\u00e3o revelou o destino da droga nem o nome de quem faria a entrega.<\/p>\n\n\n\n<p>Ap\u00f3s o flagrante, os policiais deram voz de pris\u00e3o e acionaram o Conselho Tutelar para acompanhar a crian\u00e7a. A menina foi amparada por conselheiras e levada a um local seguro enquanto a m\u00e3e era conduzida \u00e0 delegacia.<\/p>\n\n\n\n<p>Material apreendido e a suspeita foram encaminhados \u00e0 Delegacia de Pol\u00edcia Civil de Guanambi, onde o auto de pris\u00e3o em flagrante foi lavrado. A mulher deve responder por tr\u00e1fico de drogas, crime com pena que pode chegar a 15 anos de pris\u00e3o.<\/p>\n\n\n\n<p>Autoridades acreditam que a apreens\u00e3o faz parte de uma rota interestadual de tr\u00e1fico, usada por pequenos transportadores para dificultar a a\u00e7\u00e3o policial. As investiga\u00e7\u00f5es seguem para identificar outros envolvidos.<\/p>\n","protected":false},"excerpt":{"rendered":"<p>Uma mulher foi presa na noite desta quinta-feira (6) transportando 1 quilo de pasta base de coca\u00edna em um \u00f4nibus intermunicipal que seguia de Vit\u00f3ria da Conquista para Urandi, no sudoeste da Bahia. Policiais da 94\u00aa Companhia Independente de Policia Militar (94\u00aa CIPM) realizaram a a\u00e7\u00e3o ap\u00f3s receber den\u00fancia an\u00f4nima indicando que uma passageira levava drogas escondidas na bagagem. Equipe montou uma barreira na sa\u00edda de Lic\u00ednio de Almeida e interceptou o ve\u00edculo por volta das 20h. Durante a abordagem, os agentes notaram que a mulher, que viajava com a filha de apenas 2 anos, demonstrava forte nervosismo e contradi\u00e7\u00f5es nas respostas. A atitude levantou suspeita e motivou uma busca detalhada nas malas. Dentro de uma bolsa, os policiais encontraram um tablete de pasta base de coca\u00edna cuidadosamente embalado. Ao ser questionada, a mulher n\u00e3o revelou o destino da droga nem o nome de quem faria a entrega. Ap\u00f3s o flagrante, os policiais deram voz de pris\u00e3o e acionaram o Conselho Tutelar para acompanhar a crian\u00e7a. A menina foi amparada por conselheiras e levada a um local seguro enquanto a m\u00e3e era conduzida \u00e0 delegacia. Material apreendido e a suspeita foram encaminhados \u00e0 Delegacia de Pol\u00edcia Civil de Guanambi, onde o auto de pris\u00e3o em flagrante foi lavrado. A mulher deve responder por tr\u00e1fico de drogas, crime com pena que pode chegar a 15 anos de pris\u00e3o. Autoridades acreditam que a apreens\u00e3o faz parte de uma rota interestadual de tr\u00e1fico, usada por pequenos transportadores para dificultar a a\u00e7\u00e3o policial. As investiga\u00e7\u00f5es seguem para identificar outros envolvidos.<\/p>\n","protected":false},"author":2,"featured_media":2034,"comment_status":"open","ping_status":"open","sticky":false,"template":"","format":"standard","meta":{"footnotes":""},"categories":[78,3],"tags":[],"class_list":["post-2005","post","type-post","status-publish","format-standard","has-post-thumbnail","hentry","category-licinio-de-almeida","category-policia"],"yoast_head":"<!-- This site is optimized with the Yoast SEO plugin v26.5 - https:\/\/yoast.com\/wordpress\/plugins\/seo\/ -->\n<title>Com filha de 2 anos, mulher \u00e9 presa com coca\u00edna dentro \u00f4nibus em Lic\u00ednio de Almeida - Sudoesteacontece<\/title>\n<meta name=\"robots\" content=\"index, follow, max-snippet:-1, max-image-preview:large, max-video-preview:-1\" \/>\n<link rel=\"canonical\" href=\"https:\/\/sudoesteacontece.com.br\/?p=2005\" \/>\n<meta property=\"og:locale\" content=\"pt_BR\" \/>\n<meta property=\"og:type\" content=\"article\" \/>\n<meta property=\"og:title\" content=\"Com filha de 2 anos, mulher \u00e9 presa com coca\u00edna dentro \u00f4nibus em Lic\u00ednio de Almeida - Sudoesteacontece\" \/>\n<meta property=\"og:description\" content=\"Uma mulher foi presa na noite desta quinta-feira (6) transportando 1 quilo de pasta base de coca\u00edna em um \u00f4nibus intermunicipal que seguia de Vit\u00f3ria da Conquista para Urandi, no sudoeste da Bahia. Policiais da 94\u00aa Companhia Independente de Policia Militar (94\u00aa CIPM) realizaram a a\u00e7\u00e3o ap\u00f3s receber den\u00fancia an\u00f4nima indicando que uma passageira levava drogas escondidas na bagagem. Equipe montou uma barreira na sa\u00edda de Lic\u00ednio de Almeida e interceptou o ve\u00edculo por volta das 20h. Durante a abordagem, os agentes notaram que a mulher, que viajava com a filha de apenas 2 anos, demonstrava forte nervosismo e contradi\u00e7\u00f5es nas respostas. A atitude levantou suspeita e motivou uma busca detalhada nas malas. Dentro de uma bolsa, os policiais encontraram um tablete de pasta base de coca\u00edna cuidadosamente embalado. Ao ser questionada, a mulher n\u00e3o revelou o destino da droga nem o nome de quem faria a entrega. Ap\u00f3s o flagrante, os policiais deram voz de pris\u00e3o e acionaram o Conselho Tutelar para acompanhar a crian\u00e7a. A menina foi amparada por conselheiras e levada a um local seguro enquanto a m\u00e3e era conduzida \u00e0 delegacia. Material apreendido e a suspeita foram encaminhados \u00e0 Delegacia de Pol\u00edcia Civil de Guanambi, onde o auto de pris\u00e3o em flagrante foi lavrado. A mulher deve responder por tr\u00e1fico de drogas, crime com pena que pode chegar a 15 anos de pris\u00e3o. Autoridades acreditam que a apreens\u00e3o faz parte de uma rota interestadual de tr\u00e1fico, usada por pequenos transportadores para dificultar a a\u00e7\u00e3o policial. As investiga\u00e7\u00f5es seguem para identificar outros envolvidos.\" \/>\n<meta property=\"og:url\" content=\"https:\/\/sudoesteacontece.com.br\/?p=2005\" \/>\n<meta property=\"og:site_name\" content=\"Sudoesteacontece\" \/>\n<meta property=\"article:publisher\" content=\"https:\/\/www.facebook.com\/sudoesteacontece\/?locale=pt_BR\" \/>\n<meta property=\"article:published_time\" content=\"2025-11-07T13:46:04+00:00\" \/>\n<meta property=\"article:modified_time\" content=\"2025-11-07T13:46:05+00:00\" \/>\n<meta property=\"og:image\" content=\"https:\/\/sudoesteacontece.com.br\/wp-content\/uploads\/2025\/11\/Com-filha-de-2-anos-mulher-e-presa-com-cocaina-dentro-onibus-em-Licinio-de-Almeida-sudoeste-acontece.jpg\" \/>\n\t<meta property=\"og:image:width\" content=\"640\" \/>\n\t<meta property=\"og:image:height\" content=\"403\" \/>\n\t<meta property=\"og:image:type\" content=\"image\/jpeg\" \/>\n<meta name=\"author\" content=\"Washington Tiago\" \/>\n<meta name=\"twitter:card\" content=\"summary_large_image\" \/>\n<meta name=\"twitter:label1\" content=\"Escrito por\" \/>\n\t<meta name=\"twitter:data1\" content=\"Washington Tiago\" \/>\n\t<meta name=\"twitter:label2\" content=\"Est. tempo de leitura\" \/>\n\t<meta name=\"twitter:data2\" content=\"1 minuto\" \/>\n<script type=\"application\/ld+json\" class=\"yoast-schema-graph\">{\"@context\":\"https:\/\/schema.org\",\"@graph\":[{\"@type\":\"Article\",\"@id\":\"https:\/\/sudoesteacontece.com.br\/?p=2005#article\",\"isPartOf\":{\"@id\":\"https:\/\/sudoesteacontece.com.br\/?p=2005\"},\"author\":{\"name\":\"Washington Tiago\",\"@id\":\"https:\/\/sudoesteacontece.com.br\/#\/schema\/person\/3cf2cf009926a9683ebc29d5379fa79c\"},\"headline\":\"Com filha de 2 anos, mulher \u00e9 presa com coca\u00edna dentro \u00f4nibus em Lic\u00ednio de Almeida\",\"datePublished\":\"2025-11-07T13:46:04+00:00\",\"dateModified\":\"2025-11-07T13:46:05+00:00\",\"mainEntityOfPage\":{\"@id\":\"https:\/\/sudoesteacontece.com.br\/?p=2005\"},\"wordCount\":288,\"commentCount\":0,\"publisher\":{\"@id\":\"https:\/\/sudoesteacontece.com.br\/#organization\"},\"image\":{\"@id\":\"https:\/\/sudoesteacontece.com.br\/?p=2005#primaryimage\"},\"thumbnailUrl\":\"https:\/\/sudoesteacontece.com.br\/wp-content\/uploads\/2025\/11\/Com-filha-de-2-anos-mulher-e-presa-com-cocaina-dentro-onibus-em-Licinio-de-Almeida-sudoeste-acontece.jpg\",\"articleSection\":[\"Lic\u00ednio de Almeida\",\"Pol\u00edcia\"],\"inLanguage\":\"pt-BR\",\"potentialAction\":[{\"@type\":\"CommentAction\",\"name\":\"Comment\",\"target\":[\"https:\/\/sudoesteacontece.com.br\/?p=2005#respond\"]}]},{\"@type\":\"WebPage\",\"@id\":\"https:\/\/sudoesteacontece.com.br\/?p=2005\",\"url\":\"https:\/\/sudoesteacontece.com.br\/?p=2005\",\"name\":\"Com filha de 2 anos, mulher \u00e9 presa com coca\u00edna dentro \u00f4nibus em Lic\u00ednio de Almeida - Sudoesteacontece\",\"isPartOf\":{\"@id\":\"https:\/\/sudoesteacontece.com.br\/#website\"},\"primaryImageOfPage\":{\"@id\":\"https:\/\/sudoesteacontece.com.br\/?p=2005#primaryimage\"},\"image\":{\"@id\":\"https:\/\/sudoesteacontece.com.br\/?p=2005#primaryimage\"},\"thumbnailUrl\":\"https:\/\/sudoesteacontece.com.br\/wp-content\/uploads\/2025\/11\/Com-filha-de-2-anos-mulher-e-presa-com-cocaina-dentro-onibus-em-Licinio-de-Almeida-sudoeste-acontece.jpg\",\"datePublished\":\"2025-11-07T13:46:04+00:00\",\"dateModified\":\"2025-11-07T13:46:05+00:00\",\"breadcrumb\":{\"@id\":\"https:\/\/sudoesteacontece.com.br\/?p=2005#breadcrumb\"},\"inLanguage\":\"pt-BR\",\"potentialAction\":[{\"@type\":\"ReadAction\",\"target\":[\"https:\/\/sudoesteacontece.com.br\/?p=2005\"]}]},{\"@type\":\"ImageObject\",\"inLanguage\":\"pt-BR\",\"@id\":\"https:\/\/sudoesteacontece.com.br\/?p=2005#primaryimage\",\"url\":\"https:\/\/sudoesteacontece.com.br\/wp-content\/uploads\/2025\/11\/Com-filha-de-2-anos-mulher-e-presa-com-cocaina-dentro-onibus-em-Licinio-de-Almeida-sudoeste-acontece.jpg\",\"contentUrl\":\"https:\/\/sudoesteacontece.com.br\/wp-content\/uploads\/2025\/11\/Com-filha-de-2-anos-mulher-e-presa-com-cocaina-dentro-onibus-em-Licinio-de-Almeida-sudoeste-acontece.jpg\",\"width\":640,\"height\":403},{\"@type\":\"BreadcrumbList\",\"@id\":\"https:\/\/sudoesteacontece.com.br\/?p=2005#breadcrumb\",\"itemListElement\":[{\"@type\":\"ListItem\",\"position\":1,\"name\":\"In\u00edcio\",\"item\":\"https:\/\/sudoesteacontece.com.br\/\"},{\"@type\":\"ListItem\",\"position\":2,\"name\":\"Com filha de 2 anos, mulher \u00e9 presa com coca\u00edna dentro \u00f4nibus em Lic\u00ednio de Almeida\"}]},{\"@type\":\"WebSite\",\"@id\":\"https:\/\/sudoesteacontece.com.br\/#website\",\"url\":\"https:\/\/sudoesteacontece.com.br\/\",\"name\":\"Sudoesteacontece\",\"description\":\"\",\"publisher\":{\"@id\":\"https:\/\/sudoesteacontece.com.br\/#organization\"},\"potentialAction\":[{\"@type\":\"SearchAction\",\"target\":{\"@type\":\"EntryPoint\",\"urlTemplate\":\"https:\/\/sudoesteacontece.com.br\/?s={search_term_string}\"},\"query-input\":{\"@type\":\"PropertyValueSpecification\",\"valueRequired\":true,\"valueName\":\"search_term_string\"}}],\"inLanguage\":\"pt-BR\"},{\"@type\":\"Organization\",\"@id\":\"https:\/\/sudoesteacontece.com.br\/#organization\",\"name\":\"Sudoesteacontece\",\"url\":\"https:\/\/sudoesteacontece.com.br\/\",\"logo\":{\"@type\":\"ImageObject\",\"inLanguage\":\"pt-BR\",\"@id\":\"https:\/\/sudoesteacontece.com.br\/#\/schema\/logo\/image\/\",\"url\":\"https:\/\/sudoesteacontece.com.br\/wp-content\/uploads\/2025\/12\/cropped-logo-2-180x180-1.png\",\"contentUrl\":\"https:\/\/sudoesteacontece.com.br\/wp-content\/uploads\/2025\/12\/cropped-logo-2-180x180-1.png\",\"width\":180,\"height\":180,\"caption\":\"Sudoesteacontece\"},\"image\":{\"@id\":\"https:\/\/sudoesteacontece.com.br\/#\/schema\/logo\/image\/\"},\"sameAs\":[\"https:\/\/www.facebook.com\/sudoesteacontece\/?locale=pt_BR\"]},{\"@type\":\"Person\",\"@id\":\"https:\/\/sudoesteacontece.com.br\/#\/schema\/person\/3cf2cf009926a9683ebc29d5379fa79c\",\"name\":\"Washington Tiago\",\"image\":{\"@type\":\"ImageObject\",\"inLanguage\":\"pt-BR\",\"@id\":\"https:\/\/sudoesteacontece.com.br\/#\/schema\/person\/image\/\",\"url\":\"https:\/\/secure.gravatar.com\/avatar\/33c43b8668157e040f9d1fe93c354bf087cbd8ba36270c1163198bd3ddcf2a56?s=96&d=mm&r=g\",\"contentUrl\":\"https:\/\/secure.gravatar.com\/avatar\/33c43b8668157e040f9d1fe93c354bf087cbd8ba36270c1163198bd3ddcf2a56?s=96&d=mm&r=g\",\"caption\":\"Washington Tiago\"},\"url\":\"https:\/\/sudoesteacontece.com.br\/?author=2\"}]}<\/script>\n<!-- \/ Yoast SEO plugin. -->","yoast_head_json":{"title":"Com filha de 2 anos, mulher \u00e9 presa com coca\u00edna dentro \u00f4nibus em Lic\u00ednio de Almeida - Sudoesteacontece","robots":{"index":"index","follow":"follow","max-snippet":"max-snippet:-1","max-image-preview":"max-image-preview:large","max-video-preview":"max-video-preview:-1"},"canonical":"https:\/\/sudoesteacontece.com.br\/?p=2005","og_locale":"pt_BR","og_type":"article","og_title":"Com filha de 2 anos, mulher \u00e9 presa com coca\u00edna dentro \u00f4nibus em Lic\u00ednio de Almeida - Sudoesteacontece","og_description":"Uma mulher foi presa na noite desta quinta-feira (6) transportando 1 quilo de pasta base de coca\u00edna em um \u00f4nibus intermunicipal que seguia de Vit\u00f3ria da Conquista para Urandi, no sudoeste da Bahia. Policiais da 94\u00aa Companhia Independente de Policia Militar (94\u00aa CIPM) realizaram a a\u00e7\u00e3o ap\u00f3s receber den\u00fancia an\u00f4nima indicando que uma passageira levava drogas escondidas na bagagem. Equipe montou uma barreira na sa\u00edda de Lic\u00ednio de Almeida e interceptou o ve\u00edculo por volta das 20h. Durante a abordagem, os agentes notaram que a mulher, que viajava com a filha de apenas 2 anos, demonstrava forte nervosismo e contradi\u00e7\u00f5es nas respostas. A atitude levantou suspeita e motivou uma busca detalhada nas malas. Dentro de uma bolsa, os policiais encontraram um tablete de pasta base de coca\u00edna cuidadosamente embalado. Ao ser questionada, a mulher n\u00e3o revelou o destino da droga nem o nome de quem faria a entrega. Ap\u00f3s o flagrante, os policiais deram voz de pris\u00e3o e acionaram o Conselho Tutelar para acompanhar a crian\u00e7a. A menina foi amparada por conselheiras e levada a um local seguro enquanto a m\u00e3e era conduzida \u00e0 delegacia. Material apreendido e a suspeita foram encaminhados \u00e0 Delegacia de Pol\u00edcia Civil de Guanambi, onde o auto de pris\u00e3o em flagrante foi lavrado. A mulher deve responder por tr\u00e1fico de drogas, crime com pena que pode chegar a 15 anos de pris\u00e3o. Autoridades acreditam que a apreens\u00e3o faz parte de uma rota interestadual de tr\u00e1fico, usada por pequenos transportadores para dificultar a a\u00e7\u00e3o policial. As investiga\u00e7\u00f5es seguem para identificar outros envolvidos.","og_url":"https:\/\/sudoesteacontece.com.br\/?p=2005","og_site_name":"Sudoesteacontece","article_publisher":"https:\/\/www.facebook.com\/sudoesteacontece\/?locale=pt_BR","article_published_time":"2025-11-07T13:46:04+00:00","article_modified_time":"2025-11-07T13:46:05+00:00","og_image":[{"width":640,"height":403,"url":"https:\/\/sudoesteacontece.com.br\/wp-content\/uploads\/2025\/11\/Com-filha-de-2-anos-mulher-e-presa-com-cocaina-dentro-onibus-em-Licinio-de-Almeida-sudoeste-acontece.jpg","type":"image\/jpeg"}],"author":"Washington Tiago","twitter_card":"summary_large_image","twitter_misc":{"Escrito por":"Washington Tiago","Est. tempo de leitura":"1 minuto"},"schema":{"@context":"https:\/\/schema.org","@graph":[{"@type":"Article","@id":"https:\/\/sudoesteacontece.com.br\/?p=2005#article","isPartOf":{"@id":"https:\/\/sudoesteacontece.com.br\/?p=2005"},"author":{"name":"Washington Tiago","@id":"https:\/\/sudoesteacontece.com.br\/#\/schema\/person\/3cf2cf009926a9683ebc29d5379fa79c"},"headline":"Com filha de 2 anos, mulher \u00e9 presa com coca\u00edna dentro \u00f4nibus em Lic\u00ednio de Almeida","datePublished":"2025-11-07T13:46:04+00:00","dateModified":"2025-11-07T13:46:05+00:00","mainEntityOfPage":{"@id":"https:\/\/sudoesteacontece.com.br\/?p=2005"},"wordCount":288,"commentCount":0,"publisher":{"@id":"https:\/\/sudoesteacontece.com.br\/#organization"},"image":{"@id":"https:\/\/sudoesteacontece.com.br\/?p=2005#primaryimage"},"thumbnailUrl":"https:\/\/sudoesteacontece.com.br\/wp-content\/uploads\/2025\/11\/Com-filha-de-2-anos-mulher-e-presa-com-cocaina-dentro-onibus-em-Licinio-de-Almeida-sudoeste-acontece.jpg","articleSection":["Lic\u00ednio de Almeida","Pol\u00edcia"],"inLanguage":"pt-BR","potentialAction":[{"@type":"CommentAction","name":"Comment","target":["https:\/\/sudoesteacontece.com.br\/?p=2005#respond"]}]},{"@type":"WebPage","@id":"https:\/\/sudoesteacontece.com.br\/?p=2005","url":"https:\/\/sudoesteacontece.com.br\/?p=2005","name":"Com filha de 2 anos, mulher \u00e9 presa com coca\u00edna dentro \u00f4nibus em Lic\u00ednio de Almeida - Sudoesteacontece","isPartOf":{"@id":"https:\/\/sudoesteacontece.com.br\/#website"},"primaryImageOfPage":{"@id":"https:\/\/sudoesteacontece.com.br\/?p=2005#primaryimage"},"image":{"@id":"https:\/\/sudoesteacontece.com.br\/?p=2005#primaryimage"},"thumbnailUrl":"https:\/\/sudoesteacontece.com.br\/wp-content\/uploads\/2025\/11\/Com-filha-de-2-anos-mulher-e-presa-com-cocaina-dentro-onibus-em-Licinio-de-Almeida-sudoeste-acontece.jpg","datePublished":"2025-11-07T13:46:04+00:00","dateModified":"2025-11-07T13:46:05+00:00","breadcrumb":{"@id":"https:\/\/sudoesteacontece.com.br\/?p=2005#breadcrumb"},"inLanguage":"pt-BR","potentialAction":[{"@type":"ReadAction","target":["https:\/\/sudoesteacontece.com.br\/?p=2005"]}]},{"@type":"ImageObject","inLanguage":"pt-BR","@id":"https:\/\/sudoesteacontece.com.br\/?p=2005#primaryimage","url":"https:\/\/sudoesteacontece.com.br\/wp-content\/uploads\/2025\/11\/Com-filha-de-2-anos-mulher-e-presa-com-cocaina-dentro-onibus-em-Licinio-de-Almeida-sudoeste-acontece.jpg","contentUrl":"https:\/\/sudoesteacontece.com.br\/wp-content\/uploads\/2025\/11\/Com-filha-de-2-anos-mulher-e-presa-com-cocaina-dentro-onibus-em-Licinio-de-Almeida-sudoeste-acontece.jpg","width":640,"height":403},{"@type":"BreadcrumbList","@id":"https:\/\/sudoesteacontece.com.br\/?p=2005#breadcrumb","itemListElement":[{"@type":"ListItem","position":1,"name":"In\u00edcio","item":"https:\/\/sudoesteacontece.com.br\/"},{"@type":"ListItem","position":2,"name":"Com filha de 2 anos, mulher \u00e9 presa com coca\u00edna dentro \u00f4nibus em Lic\u00ednio de Almeida"}]},{"@type":"WebSite","@id":"https:\/\/sudoesteacontece.com.br\/#website","url":"https:\/\/sudoesteacontece.com.br\/","name":"Sudoesteacontece","description":"","publisher":{"@id":"https:\/\/sudoesteacontece.com.br\/#organization"},"potentialAction":[{"@type":"SearchAction","target":{"@type":"EntryPoint","urlTemplate":"https:\/\/sudoesteacontece.com.br\/?s={search_term_string}"},"query-input":{"@type":"PropertyValueSpecification","valueRequired":true,"valueName":"search_term_string"}}],"inLanguage":"pt-BR"},{"@type":"Organization","@id":"https:\/\/sudoesteacontece.com.br\/#organization","name":"Sudoesteacontece","url":"https:\/\/sudoesteacontece.com.br\/","logo":{"@type":"ImageObject","inLanguage":"pt-BR","@id":"https:\/\/sudoesteacontece.com.br\/#\/schema\/logo\/image\/","url":"https:\/\/sudoesteacontece.com.br\/wp-content\/uploads\/2025\/12\/cropped-logo-2-180x180-1.png","contentUrl":"https:\/\/sudoesteacontece.com.br\/wp-content\/uploads\/2025\/12\/cropped-logo-2-180x180-1.png","width":180,"height":180,"caption":"Sudoesteacontece"},"image":{"@id":"https:\/\/sudoesteacontece.com.br\/#\/schema\/logo\/image\/"},"sameAs":["https:\/\/www.facebook.com\/sudoesteacontece\/?locale=pt_BR"]},{"@type":"Person","@id":"https:\/\/sudoesteacontece.com.br\/#\/schema\/person\/3cf2cf009926a9683ebc29d5379fa79c","name":"Washington Tiago","image":{"@type":"ImageObject","inLanguage":"pt-BR","@id":"https:\/\/sudoesteacontece.com.br\/#\/schema\/person\/image\/","url":"https:\/\/secure.gravatar.com\/avatar\/33c43b8668157e040f9d1fe93c354bf087cbd8ba36270c1163198bd3ddcf2a56?s=96&d=mm&r=g","contentUrl":"https:\/\/secure.gravatar.com\/avatar\/33c43b8668157e040f9d1fe93c354bf087cbd8ba36270c1163198bd3ddcf2a56?s=96&d=mm&r=g","caption":"Washington Tiago"},"url":"https:\/\/sudoesteacontece.com.br\/?author=2"}]}},"_links":{"self":[{"href":"https:\/\/sudoesteacontece.com.br\/index.php?rest_route=\/wp\/v2\/posts\/2005","targetHints":{"allow":["GET"]}}],"collection":[{"href":"https:\/\/sudoesteacontece.com.br\/index.php?rest_route=\/wp\/v2\/posts"}],"about":[{"href":"https:\/\/sudoesteacontece.com.br\/index.php?rest_route=\/wp\/v2\/types\/post"}],"author":[{"embeddable":true,"href":"https:\/\/sudoesteacontece.com.br\/index.php?rest_route=\/wp\/v2\/users\/2"}],"replies":[{"embeddable":true,"href":"https:\/\/sudoesteacontece.com.br\/index.php?rest_route=%2Fwp%2Fv2%2Fcomments&post=2005"}],"version-history":[{"count":0,"href":"https:\/\/sudoesteacontece.com.br\/index.php?rest_route=\/wp\/v2\/posts\/2005\/revisions"}],"wp:featuredmedia":[{"embeddable":true,"href":"https:\/\/sudoesteacontece.com.br\/index.php?rest_route=\/wp\/v2\/media\/2034"}],"wp:attachment":[{"href":"https:\/\/sudoesteacontece.com.br\/index.php?rest_route=%2Fwp%2Fv2%2Fmedia&parent=2005"}],"wp:term":[{"taxonomy":"category","embeddable":true,"href":"https:\/\/sudoesteacontece.com.br\/index.php?rest_route=%2Fwp%2Fv2%2Fcategories&post=2005"},{"taxonomy":"post_tag","embeddable":true,"href":"https:\/\/sudoesteacontece.com.br\/index.php?rest_route=%2Fwp%2Fv2%2Ftags&post=2005"}],"curies":[{"name":"wp","href":"https:\/\/api.w.org\/{rel}","templated":true}]}}