{"id":2006,"date":"2025-11-07T10:47:46","date_gmt":"2025-11-07T13:47:46","guid":{"rendered":"https:\/\/sudoesteacontece.com.br\/?p=2006"},"modified":"2025-11-07T10:47:47","modified_gmt":"2025-11-07T13:47:47","slug":"governo-da-bahia-propoe-assumir-unacon-de-caetite-para-fortalecer-tratamento-do-cancer","status":"publish","type":"post","link":"https:\/\/sudoesteacontece.com.br\/?p=2006","title":{"rendered":"Governo da Bahia prop\u00f5e assumir UNACON de Caetit\u00e9 para fortalecer tratamento do c\u00e2ncer"},"content":{"rendered":"<div class=\"wp-block-image\">\n<figure class=\"aligncenter size-full\"><img fetchpriority=\"high\" decoding=\"async\" width=\"696\" height=\"464\" src=\"http:\/\/sudoesteacontece.com.br\/wp-content\/uploads\/2025\/11\/Governo-da-Bahia-propoe-assumir-UNACON-de-Caetite-para-fortalecer-tratamento-do-cancer-sudoeste-acontece.jpg\" alt=\"\" class=\"wp-image-2036\" srcset=\"https:\/\/sudoesteacontece.com.br\/wp-content\/uploads\/2025\/11\/Governo-da-Bahia-propoe-assumir-UNACON-de-Caetite-para-fortalecer-tratamento-do-cancer-sudoeste-acontece.jpg 696w, https:\/\/sudoesteacontece.com.br\/wp-content\/uploads\/2025\/11\/Governo-da-Bahia-propoe-assumir-UNACON-de-Caetite-para-fortalecer-tratamento-do-cancer-sudoeste-acontece-300x200.jpg 300w\" sizes=\"(max-width: 696px) 100vw, 696px\" \/><\/figure>\n<\/div>\n\n\n<p>O Governo da Bahia deu um passo importante para fortalecer o tratamento contra o c\u00e2ncer no interior. A proposta de estadualizar a UNACON de Caetit\u00e9 foi apresentada nesta quarta-feira (5), com o objetivo de ampliar o atendimento e garantir o funcionamento integral da unidade.<\/p>\n\n\n\n<p>A medida busca consolidar os servi\u00e7os de m\u00e9dia e alta complexidade no Alto Sert\u00e3o, beneficiando pacientes de 19 munic\u00edpios que dependem da estrutura. A reuni\u00e3o foi conduzida pela secret\u00e1ria estadual da Sa\u00fade, Roberta Santana, e pelo secret\u00e1rio de Rela\u00e7\u00f5es Institucionais, Adolpho Loyola, com a presen\u00e7a de prefeitos, vereadores e representantes do Cons\u00f3rcio de Sa\u00fade da regi\u00e3o.<\/p>\n\n\n\n<p>Roberta Santana explicou que a proposta foi constru\u00edda em parceria com o Governo Federal. Segundo ela, o Estado quer garantir que os pacientes tenham acesso a todos os procedimentos necess\u00e1rios dentro da pr\u00f3pria regi\u00e3o. \u201cO tratamento do c\u00e2ncer \u00e9 uma prioridade do governador Jer\u00f4nimo Rodrigues. Vamos ampliar os servi\u00e7os e dar plena capacidade de funcionamento \u00e0 UNACON\u201d, afirmou.<\/p>\n\n\n\n<p>O plano prev\u00ea transformar o Hospital Municipal de Caetit\u00e9 em unidade da Rede Pr\u00f3pria Estadual, sob gest\u00e3o indireta. A regula\u00e7\u00e3o passar\u00e1 a ser feita pela Central Estadual de Marca\u00e7\u00e3o, garantindo atendimento referenciado e mais controle na oferta de servi\u00e7os.<\/p>\n\n\n\n<p>Entre os servi\u00e7os previstos est\u00e3o cirurgias gerais e ortop\u00e9dicas, urg\u00eancia e emerg\u00eancia, diagn\u00f3stico por imagem, fisioterapia, reabilita\u00e7\u00e3o, endoscopia, colonoscopia, quimioterapia e UTI adulto tipo II. A proposta tamb\u00e9m refor\u00e7a o compromisso de descentralizar a sa\u00fade p\u00fablica e aproximar o atendimento especializado das cidades do interior.<\/p>\n\n\n\n<p>Valt\u00e9rcio Aguiar, prefeito de Caetit\u00e9, comemorou o avan\u00e7o. Para ele, a estadualiza\u00e7\u00e3o representa um divisor de \u00e1guas para a sa\u00fade regional. \u201cEstamos abrindo as portas para uma nova fase. Com o apoio do governador Jer\u00f4nimo Rodrigues, do ministro Padilha e do presidente Lula, teremos uma rede de atendimento mais justa e eficiente\u201d, destacou.<\/p>\n\n\n\n<p>Adolpho Loyola refor\u00e7ou que a a\u00e7\u00e3o faz parte de um esfor\u00e7o maior do Estado em fortalecer a rede p\u00fablica de sa\u00fade no interior. \u201cO governo trabalha com di\u00e1logo e respeito \u00e0s realidades locais. A sa\u00fade precisa chegar com qualidade a todos os 417 munic\u00edpios baianos\u201d, pontuou.<\/p>\n\n\n\n<p>A proposta seguir\u00e1 agora para a C\u00e2mara de Vereadores de Caetit\u00e9, onde ser\u00e1 avaliada e votada. Parlamentares municipais j\u00e1 manifestaram apoio \u00e0 iniciativa, reconhecendo o impacto positivo que a mudan\u00e7a pode trazer para milhares de pacientes.<\/p>\n\n\n\n<p>Desde sua cria\u00e7\u00e3o, a UNACON de Caetit\u00e9 enfrenta dificuldades de gest\u00e3o e estrutura. Em fevereiro de 2025, a prefeitura reassumiu o controle da unidade ap\u00f3s romper contrato com a Funda\u00e7\u00e3o Terra M\u00e3e, respons\u00e1vel pela administra\u00e7\u00e3o desde 2020. Na \u00e9poca, den\u00fancias de sal\u00e1rios atrasados e paralisa\u00e7\u00f5es de servi\u00e7os comprometeram o atendimento oncol\u00f3gico.<\/p>\n\n\n\n<p>Especialistas e gestores avaliam que a estadualiza\u00e7\u00e3o \u00e9 o caminho mais seguro para garantir estabilidade e continuidade no atendimento. A expectativa \u00e9 que, sob gest\u00e3o estadual, a unidade possa finalmente funcionar em sua capacidade plena, oferecendo diagn\u00f3stico r\u00e1pido e tratamento humanizado a quem enfrenta o c\u00e2ncer no sert\u00e3o baiano.<\/p>\n","protected":false},"excerpt":{"rendered":"<p>O Governo da Bahia deu um passo importante para fortalecer o tratamento contra o c\u00e2ncer no interior. A proposta de estadualizar a UNACON de Caetit\u00e9 foi apresentada nesta quarta-feira (5), com o objetivo de ampliar o atendimento e garantir o funcionamento integral da unidade. A medida busca consolidar os servi\u00e7os de m\u00e9dia e alta complexidade no Alto Sert\u00e3o, beneficiando pacientes de 19 munic\u00edpios que dependem da estrutura. A reuni\u00e3o foi conduzida pela secret\u00e1ria estadual da Sa\u00fade, Roberta Santana, e pelo secret\u00e1rio de Rela\u00e7\u00f5es Institucionais, Adolpho Loyola, com a presen\u00e7a de prefeitos, vereadores e representantes do Cons\u00f3rcio de Sa\u00fade da regi\u00e3o. Roberta Santana explicou que a proposta foi constru\u00edda em parceria com o Governo Federal. Segundo ela, o Estado quer garantir que os pacientes tenham acesso a todos os procedimentos necess\u00e1rios dentro da pr\u00f3pria regi\u00e3o. \u201cO tratamento do c\u00e2ncer \u00e9 uma prioridade do governador Jer\u00f4nimo Rodrigues. Vamos ampliar os servi\u00e7os e dar plena capacidade de funcionamento \u00e0 UNACON\u201d, afirmou. O plano prev\u00ea transformar o Hospital Municipal de Caetit\u00e9 em unidade da Rede Pr\u00f3pria Estadual, sob gest\u00e3o indireta. A regula\u00e7\u00e3o passar\u00e1 a ser feita pela Central Estadual de Marca\u00e7\u00e3o, garantindo atendimento referenciado e mais controle na oferta de servi\u00e7os. Entre os servi\u00e7os previstos est\u00e3o cirurgias gerais e ortop\u00e9dicas, urg\u00eancia e emerg\u00eancia, diagn\u00f3stico por imagem, fisioterapia, reabilita\u00e7\u00e3o, endoscopia, colonoscopia, quimioterapia e UTI adulto tipo II. A proposta tamb\u00e9m refor\u00e7a o compromisso de descentralizar a sa\u00fade p\u00fablica e aproximar o atendimento especializado das cidades do interior. Valt\u00e9rcio Aguiar, prefeito de Caetit\u00e9, comemorou o avan\u00e7o. Para ele, a estadualiza\u00e7\u00e3o representa um divisor de \u00e1guas para a sa\u00fade regional. \u201cEstamos abrindo as portas para uma nova fase. Com o apoio do governador Jer\u00f4nimo Rodrigues, do ministro Padilha e do presidente Lula, teremos uma rede de atendimento mais justa e eficiente\u201d, destacou. Adolpho Loyola refor\u00e7ou que a a\u00e7\u00e3o faz parte de um esfor\u00e7o maior do Estado em fortalecer a rede p\u00fablica de sa\u00fade no interior. \u201cO governo trabalha com di\u00e1logo e respeito \u00e0s realidades locais. A sa\u00fade precisa chegar com qualidade a todos os 417 munic\u00edpios baianos\u201d, pontuou. A proposta seguir\u00e1 agora para a C\u00e2mara de Vereadores de Caetit\u00e9, onde ser\u00e1 avaliada e votada. Parlamentares municipais j\u00e1 manifestaram apoio \u00e0 iniciativa, reconhecendo o impacto positivo que a mudan\u00e7a pode trazer para milhares de pacientes. Desde sua cria\u00e7\u00e3o, a UNACON de Caetit\u00e9 enfrenta dificuldades de gest\u00e3o e estrutura. Em fevereiro de 2025, a prefeitura reassumiu o controle da unidade ap\u00f3s romper contrato com a Funda\u00e7\u00e3o Terra M\u00e3e, respons\u00e1vel pela administra\u00e7\u00e3o desde 2020. Na \u00e9poca, den\u00fancias de sal\u00e1rios atrasados e paralisa\u00e7\u00f5es de servi\u00e7os comprometeram o atendimento oncol\u00f3gico. Especialistas e gestores avaliam que a estadualiza\u00e7\u00e3o \u00e9 o caminho mais seguro para garantir estabilidade e continuidade no atendimento. A expectativa \u00e9 que, sob gest\u00e3o estadual, a unidade possa finalmente funcionar em sua capacidade plena, oferecendo diagn\u00f3stico r\u00e1pido e tratamento humanizado a quem enfrenta o c\u00e2ncer no sert\u00e3o baiano.<\/p>\n","protected":false},"author":2,"featured_media":2036,"comment_status":"open","ping_status":"open","sticky":false,"template":"","format":"standard","meta":{"footnotes":""},"categories":[49,6,45],"tags":[],"class_list":["post-2006","post","type-post","status-publish","format-standard","has-post-thumbnail","hentry","category-caetite","category-politica","category-saude"],"yoast_head":"<!-- This site is optimized with the Yoast SEO plugin v26.5 - https:\/\/yoast.com\/wordpress\/plugins\/seo\/ -->\n<title>Governo da Bahia prop\u00f5e assumir UNACON de Caetit\u00e9 para fortalecer tratamento do c\u00e2ncer - Sudoesteacontece<\/title>\n<meta name=\"robots\" content=\"index, follow, max-snippet:-1, max-image-preview:large, max-video-preview:-1\" \/>\n<link rel=\"canonical\" href=\"https:\/\/sudoesteacontece.com.br\/?p=2006\" \/>\n<meta property=\"og:locale\" content=\"pt_BR\" \/>\n<meta property=\"og:type\" content=\"article\" \/>\n<meta property=\"og:title\" content=\"Governo da Bahia prop\u00f5e assumir UNACON de Caetit\u00e9 para fortalecer tratamento do c\u00e2ncer - Sudoesteacontece\" \/>\n<meta property=\"og:description\" content=\"O Governo da Bahia deu um passo importante para fortalecer o tratamento contra o c\u00e2ncer no interior. A proposta de estadualizar a UNACON de Caetit\u00e9 foi apresentada nesta quarta-feira (5), com o objetivo de ampliar o atendimento e garantir o funcionamento integral da unidade. A medida busca consolidar os servi\u00e7os de m\u00e9dia e alta complexidade no Alto Sert\u00e3o, beneficiando pacientes de 19 munic\u00edpios que dependem da estrutura. A reuni\u00e3o foi conduzida pela secret\u00e1ria estadual da Sa\u00fade, Roberta Santana, e pelo secret\u00e1rio de Rela\u00e7\u00f5es Institucionais, Adolpho Loyola, com a presen\u00e7a de prefeitos, vereadores e representantes do Cons\u00f3rcio de Sa\u00fade da regi\u00e3o. Roberta Santana explicou que a proposta foi constru\u00edda em parceria com o Governo Federal. Segundo ela, o Estado quer garantir que os pacientes tenham acesso a todos os procedimentos necess\u00e1rios dentro da pr\u00f3pria regi\u00e3o. \u201cO tratamento do c\u00e2ncer \u00e9 uma prioridade do governador Jer\u00f4nimo Rodrigues. Vamos ampliar os servi\u00e7os e dar plena capacidade de funcionamento \u00e0 UNACON\u201d, afirmou. O plano prev\u00ea transformar o Hospital Municipal de Caetit\u00e9 em unidade da Rede Pr\u00f3pria Estadual, sob gest\u00e3o indireta. A regula\u00e7\u00e3o passar\u00e1 a ser feita pela Central Estadual de Marca\u00e7\u00e3o, garantindo atendimento referenciado e mais controle na oferta de servi\u00e7os. Entre os servi\u00e7os previstos est\u00e3o cirurgias gerais e ortop\u00e9dicas, urg\u00eancia e emerg\u00eancia, diagn\u00f3stico por imagem, fisioterapia, reabilita\u00e7\u00e3o, endoscopia, colonoscopia, quimioterapia e UTI adulto tipo II. A proposta tamb\u00e9m refor\u00e7a o compromisso de descentralizar a sa\u00fade p\u00fablica e aproximar o atendimento especializado das cidades do interior. Valt\u00e9rcio Aguiar, prefeito de Caetit\u00e9, comemorou o avan\u00e7o. Para ele, a estadualiza\u00e7\u00e3o representa um divisor de \u00e1guas para a sa\u00fade regional. \u201cEstamos abrindo as portas para uma nova fase. Com o apoio do governador Jer\u00f4nimo Rodrigues, do ministro Padilha e do presidente Lula, teremos uma rede de atendimento mais justa e eficiente\u201d, destacou. Adolpho Loyola refor\u00e7ou que a a\u00e7\u00e3o faz parte de um esfor\u00e7o maior do Estado em fortalecer a rede p\u00fablica de sa\u00fade no interior. \u201cO governo trabalha com di\u00e1logo e respeito \u00e0s realidades locais. A sa\u00fade precisa chegar com qualidade a todos os 417 munic\u00edpios baianos\u201d, pontuou. A proposta seguir\u00e1 agora para a C\u00e2mara de Vereadores de Caetit\u00e9, onde ser\u00e1 avaliada e votada. Parlamentares municipais j\u00e1 manifestaram apoio \u00e0 iniciativa, reconhecendo o impacto positivo que a mudan\u00e7a pode trazer para milhares de pacientes. Desde sua cria\u00e7\u00e3o, a UNACON de Caetit\u00e9 enfrenta dificuldades de gest\u00e3o e estrutura. Em fevereiro de 2025, a prefeitura reassumiu o controle da unidade ap\u00f3s romper contrato com a Funda\u00e7\u00e3o Terra M\u00e3e, respons\u00e1vel pela administra\u00e7\u00e3o desde 2020. Na \u00e9poca, den\u00fancias de sal\u00e1rios atrasados e paralisa\u00e7\u00f5es de servi\u00e7os comprometeram o atendimento oncol\u00f3gico. Especialistas e gestores avaliam que a estadualiza\u00e7\u00e3o \u00e9 o caminho mais seguro para garantir estabilidade e continuidade no atendimento. A expectativa \u00e9 que, sob gest\u00e3o estadual, a unidade possa finalmente funcionar em sua capacidade plena, oferecendo diagn\u00f3stico r\u00e1pido e tratamento humanizado a quem enfrenta o c\u00e2ncer no sert\u00e3o baiano.\" \/>\n<meta property=\"og:url\" content=\"https:\/\/sudoesteacontece.com.br\/?p=2006\" \/>\n<meta property=\"og:site_name\" content=\"Sudoesteacontece\" \/>\n<meta property=\"article:publisher\" content=\"https:\/\/www.facebook.com\/sudoesteacontece\/?locale=pt_BR\" \/>\n<meta property=\"article:published_time\" content=\"2025-11-07T13:47:46+00:00\" \/>\n<meta property=\"article:modified_time\" content=\"2025-11-07T13:47:47+00:00\" \/>\n<meta property=\"og:image\" content=\"https:\/\/sudoesteacontece.com.br\/wp-content\/uploads\/2025\/11\/Governo-da-Bahia-propoe-assumir-UNACON-de-Caetite-para-fortalecer-tratamento-do-cancer-sudoeste-acontece.jpg\" \/>\n\t<meta property=\"og:image:width\" content=\"696\" \/>\n\t<meta property=\"og:image:height\" content=\"464\" \/>\n\t<meta property=\"og:image:type\" content=\"image\/jpeg\" \/>\n<meta name=\"author\" content=\"Washington Tiago\" \/>\n<meta name=\"twitter:card\" content=\"summary_large_image\" \/>\n<meta name=\"twitter:label1\" content=\"Escrito por\" \/>\n\t<meta name=\"twitter:data1\" content=\"Washington Tiago\" \/>\n\t<meta name=\"twitter:label2\" content=\"Est. tempo de leitura\" \/>\n\t<meta name=\"twitter:data2\" content=\"3 minutos\" \/>\n<script type=\"application\/ld+json\" class=\"yoast-schema-graph\">{\"@context\":\"https:\/\/schema.org\",\"@graph\":[{\"@type\":\"Article\",\"@id\":\"https:\/\/sudoesteacontece.com.br\/?p=2006#article\",\"isPartOf\":{\"@id\":\"https:\/\/sudoesteacontece.com.br\/?p=2006\"},\"author\":{\"name\":\"Washington Tiago\",\"@id\":\"https:\/\/sudoesteacontece.com.br\/#\/schema\/person\/3cf2cf009926a9683ebc29d5379fa79c\"},\"headline\":\"Governo da Bahia prop\u00f5e assumir UNACON de Caetit\u00e9 para fortalecer tratamento do c\u00e2ncer\",\"datePublished\":\"2025-11-07T13:47:46+00:00\",\"dateModified\":\"2025-11-07T13:47:47+00:00\",\"mainEntityOfPage\":{\"@id\":\"https:\/\/sudoesteacontece.com.br\/?p=2006\"},\"wordCount\":552,\"commentCount\":0,\"publisher\":{\"@id\":\"https:\/\/sudoesteacontece.com.br\/#organization\"},\"image\":{\"@id\":\"https:\/\/sudoesteacontece.com.br\/?p=2006#primaryimage\"},\"thumbnailUrl\":\"https:\/\/sudoesteacontece.com.br\/wp-content\/uploads\/2025\/11\/Governo-da-Bahia-propoe-assumir-UNACON-de-Caetite-para-fortalecer-tratamento-do-cancer-sudoeste-acontece.jpg\",\"articleSection\":[\"Caetit\u00e9\",\"Pol\u00edtica\",\"Sa\u00fade\"],\"inLanguage\":\"pt-BR\",\"potentialAction\":[{\"@type\":\"CommentAction\",\"name\":\"Comment\",\"target\":[\"https:\/\/sudoesteacontece.com.br\/?p=2006#respond\"]}]},{\"@type\":\"WebPage\",\"@id\":\"https:\/\/sudoesteacontece.com.br\/?p=2006\",\"url\":\"https:\/\/sudoesteacontece.com.br\/?p=2006\",\"name\":\"Governo da Bahia prop\u00f5e assumir UNACON de Caetit\u00e9 para fortalecer tratamento do c\u00e2ncer - Sudoesteacontece\",\"isPartOf\":{\"@id\":\"https:\/\/sudoesteacontece.com.br\/#website\"},\"primaryImageOfPage\":{\"@id\":\"https:\/\/sudoesteacontece.com.br\/?p=2006#primaryimage\"},\"image\":{\"@id\":\"https:\/\/sudoesteacontece.com.br\/?p=2006#primaryimage\"},\"thumbnailUrl\":\"https:\/\/sudoesteacontece.com.br\/wp-content\/uploads\/2025\/11\/Governo-da-Bahia-propoe-assumir-UNACON-de-Caetite-para-fortalecer-tratamento-do-cancer-sudoeste-acontece.jpg\",\"datePublished\":\"2025-11-07T13:47:46+00:00\",\"dateModified\":\"2025-11-07T13:47:47+00:00\",\"breadcrumb\":{\"@id\":\"https:\/\/sudoesteacontece.com.br\/?p=2006#breadcrumb\"},\"inLanguage\":\"pt-BR\",\"potentialAction\":[{\"@type\":\"ReadAction\",\"target\":[\"https:\/\/sudoesteacontece.com.br\/?p=2006\"]}]},{\"@type\":\"ImageObject\",\"inLanguage\":\"pt-BR\",\"@id\":\"https:\/\/sudoesteacontece.com.br\/?p=2006#primaryimage\",\"url\":\"https:\/\/sudoesteacontece.com.br\/wp-content\/uploads\/2025\/11\/Governo-da-Bahia-propoe-assumir-UNACON-de-Caetite-para-fortalecer-tratamento-do-cancer-sudoeste-acontece.jpg\",\"contentUrl\":\"https:\/\/sudoesteacontece.com.br\/wp-content\/uploads\/2025\/11\/Governo-da-Bahia-propoe-assumir-UNACON-de-Caetite-para-fortalecer-tratamento-do-cancer-sudoeste-acontece.jpg\",\"width\":696,\"height\":464},{\"@type\":\"BreadcrumbList\",\"@id\":\"https:\/\/sudoesteacontece.com.br\/?p=2006#breadcrumb\",\"itemListElement\":[{\"@type\":\"ListItem\",\"position\":1,\"name\":\"In\u00edcio\",\"item\":\"https:\/\/sudoesteacontece.com.br\/\"},{\"@type\":\"ListItem\",\"position\":2,\"name\":\"Governo da Bahia prop\u00f5e assumir UNACON de Caetit\u00e9 para fortalecer tratamento do c\u00e2ncer\"}]},{\"@type\":\"WebSite\",\"@id\":\"https:\/\/sudoesteacontece.com.br\/#website\",\"url\":\"https:\/\/sudoesteacontece.com.br\/\",\"name\":\"Sudoesteacontece\",\"description\":\"\",\"publisher\":{\"@id\":\"https:\/\/sudoesteacontece.com.br\/#organization\"},\"potentialAction\":[{\"@type\":\"SearchAction\",\"target\":{\"@type\":\"EntryPoint\",\"urlTemplate\":\"https:\/\/sudoesteacontece.com.br\/?s={search_term_string}\"},\"query-input\":{\"@type\":\"PropertyValueSpecification\",\"valueRequired\":true,\"valueName\":\"search_term_string\"}}],\"inLanguage\":\"pt-BR\"},{\"@type\":\"Organization\",\"@id\":\"https:\/\/sudoesteacontece.com.br\/#organization\",\"name\":\"Sudoesteacontece\",\"url\":\"https:\/\/sudoesteacontece.com.br\/\",\"logo\":{\"@type\":\"ImageObject\",\"inLanguage\":\"pt-BR\",\"@id\":\"https:\/\/sudoesteacontece.com.br\/#\/schema\/logo\/image\/\",\"url\":\"https:\/\/sudoesteacontece.com.br\/wp-content\/uploads\/2025\/12\/cropped-logo-2-180x180-1.png\",\"contentUrl\":\"https:\/\/sudoesteacontece.com.br\/wp-content\/uploads\/2025\/12\/cropped-logo-2-180x180-1.png\",\"width\":180,\"height\":180,\"caption\":\"Sudoesteacontece\"},\"image\":{\"@id\":\"https:\/\/sudoesteacontece.com.br\/#\/schema\/logo\/image\/\"},\"sameAs\":[\"https:\/\/www.facebook.com\/sudoesteacontece\/?locale=pt_BR\"]},{\"@type\":\"Person\",\"@id\":\"https:\/\/sudoesteacontece.com.br\/#\/schema\/person\/3cf2cf009926a9683ebc29d5379fa79c\",\"name\":\"Washington Tiago\",\"image\":{\"@type\":\"ImageObject\",\"inLanguage\":\"pt-BR\",\"@id\":\"https:\/\/sudoesteacontece.com.br\/#\/schema\/person\/image\/\",\"url\":\"https:\/\/secure.gravatar.com\/avatar\/33c43b8668157e040f9d1fe93c354bf087cbd8ba36270c1163198bd3ddcf2a56?s=96&d=mm&r=g\",\"contentUrl\":\"https:\/\/secure.gravatar.com\/avatar\/33c43b8668157e040f9d1fe93c354bf087cbd8ba36270c1163198bd3ddcf2a56?s=96&d=mm&r=g\",\"caption\":\"Washington Tiago\"},\"url\":\"https:\/\/sudoesteacontece.com.br\/?author=2\"}]}<\/script>\n<!-- \/ Yoast SEO plugin. -->","yoast_head_json":{"title":"Governo da Bahia prop\u00f5e assumir UNACON de Caetit\u00e9 para fortalecer tratamento do c\u00e2ncer - Sudoesteacontece","robots":{"index":"index","follow":"follow","max-snippet":"max-snippet:-1","max-image-preview":"max-image-preview:large","max-video-preview":"max-video-preview:-1"},"canonical":"https:\/\/sudoesteacontece.com.br\/?p=2006","og_locale":"pt_BR","og_type":"article","og_title":"Governo da Bahia prop\u00f5e assumir UNACON de Caetit\u00e9 para fortalecer tratamento do c\u00e2ncer - Sudoesteacontece","og_description":"O Governo da Bahia deu um passo importante para fortalecer o tratamento contra o c\u00e2ncer no interior. A proposta de estadualizar a UNACON de Caetit\u00e9 foi apresentada nesta quarta-feira (5), com o objetivo de ampliar o atendimento e garantir o funcionamento integral da unidade. A medida busca consolidar os servi\u00e7os de m\u00e9dia e alta complexidade no Alto Sert\u00e3o, beneficiando pacientes de 19 munic\u00edpios que dependem da estrutura. A reuni\u00e3o foi conduzida pela secret\u00e1ria estadual da Sa\u00fade, Roberta Santana, e pelo secret\u00e1rio de Rela\u00e7\u00f5es Institucionais, Adolpho Loyola, com a presen\u00e7a de prefeitos, vereadores e representantes do Cons\u00f3rcio de Sa\u00fade da regi\u00e3o. Roberta Santana explicou que a proposta foi constru\u00edda em parceria com o Governo Federal. Segundo ela, o Estado quer garantir que os pacientes tenham acesso a todos os procedimentos necess\u00e1rios dentro da pr\u00f3pria regi\u00e3o. \u201cO tratamento do c\u00e2ncer \u00e9 uma prioridade do governador Jer\u00f4nimo Rodrigues. Vamos ampliar os servi\u00e7os e dar plena capacidade de funcionamento \u00e0 UNACON\u201d, afirmou. O plano prev\u00ea transformar o Hospital Municipal de Caetit\u00e9 em unidade da Rede Pr\u00f3pria Estadual, sob gest\u00e3o indireta. A regula\u00e7\u00e3o passar\u00e1 a ser feita pela Central Estadual de Marca\u00e7\u00e3o, garantindo atendimento referenciado e mais controle na oferta de servi\u00e7os. Entre os servi\u00e7os previstos est\u00e3o cirurgias gerais e ortop\u00e9dicas, urg\u00eancia e emerg\u00eancia, diagn\u00f3stico por imagem, fisioterapia, reabilita\u00e7\u00e3o, endoscopia, colonoscopia, quimioterapia e UTI adulto tipo II. A proposta tamb\u00e9m refor\u00e7a o compromisso de descentralizar a sa\u00fade p\u00fablica e aproximar o atendimento especializado das cidades do interior. Valt\u00e9rcio Aguiar, prefeito de Caetit\u00e9, comemorou o avan\u00e7o. Para ele, a estadualiza\u00e7\u00e3o representa um divisor de \u00e1guas para a sa\u00fade regional. \u201cEstamos abrindo as portas para uma nova fase. Com o apoio do governador Jer\u00f4nimo Rodrigues, do ministro Padilha e do presidente Lula, teremos uma rede de atendimento mais justa e eficiente\u201d, destacou. Adolpho Loyola refor\u00e7ou que a a\u00e7\u00e3o faz parte de um esfor\u00e7o maior do Estado em fortalecer a rede p\u00fablica de sa\u00fade no interior. \u201cO governo trabalha com di\u00e1logo e respeito \u00e0s realidades locais. A sa\u00fade precisa chegar com qualidade a todos os 417 munic\u00edpios baianos\u201d, pontuou. A proposta seguir\u00e1 agora para a C\u00e2mara de Vereadores de Caetit\u00e9, onde ser\u00e1 avaliada e votada. Parlamentares municipais j\u00e1 manifestaram apoio \u00e0 iniciativa, reconhecendo o impacto positivo que a mudan\u00e7a pode trazer para milhares de pacientes. Desde sua cria\u00e7\u00e3o, a UNACON de Caetit\u00e9 enfrenta dificuldades de gest\u00e3o e estrutura. Em fevereiro de 2025, a prefeitura reassumiu o controle da unidade ap\u00f3s romper contrato com a Funda\u00e7\u00e3o Terra M\u00e3e, respons\u00e1vel pela administra\u00e7\u00e3o desde 2020. Na \u00e9poca, den\u00fancias de sal\u00e1rios atrasados e paralisa\u00e7\u00f5es de servi\u00e7os comprometeram o atendimento oncol\u00f3gico. Especialistas e gestores avaliam que a estadualiza\u00e7\u00e3o \u00e9 o caminho mais seguro para garantir estabilidade e continuidade no atendimento. A expectativa \u00e9 que, sob gest\u00e3o estadual, a unidade possa finalmente funcionar em sua capacidade plena, oferecendo diagn\u00f3stico r\u00e1pido e tratamento humanizado a quem enfrenta o c\u00e2ncer no sert\u00e3o baiano.","og_url":"https:\/\/sudoesteacontece.com.br\/?p=2006","og_site_name":"Sudoesteacontece","article_publisher":"https:\/\/www.facebook.com\/sudoesteacontece\/?locale=pt_BR","article_published_time":"2025-11-07T13:47:46+00:00","article_modified_time":"2025-11-07T13:47:47+00:00","og_image":[{"width":696,"height":464,"url":"https:\/\/sudoesteacontece.com.br\/wp-content\/uploads\/2025\/11\/Governo-da-Bahia-propoe-assumir-UNACON-de-Caetite-para-fortalecer-tratamento-do-cancer-sudoeste-acontece.jpg","type":"image\/jpeg"}],"author":"Washington Tiago","twitter_card":"summary_large_image","twitter_misc":{"Escrito por":"Washington Tiago","Est. tempo de leitura":"3 minutos"},"schema":{"@context":"https:\/\/schema.org","@graph":[{"@type":"Article","@id":"https:\/\/sudoesteacontece.com.br\/?p=2006#article","isPartOf":{"@id":"https:\/\/sudoesteacontece.com.br\/?p=2006"},"author":{"name":"Washington Tiago","@id":"https:\/\/sudoesteacontece.com.br\/#\/schema\/person\/3cf2cf009926a9683ebc29d5379fa79c"},"headline":"Governo da Bahia prop\u00f5e assumir UNACON de Caetit\u00e9 para fortalecer tratamento do c\u00e2ncer","datePublished":"2025-11-07T13:47:46+00:00","dateModified":"2025-11-07T13:47:47+00:00","mainEntityOfPage":{"@id":"https:\/\/sudoesteacontece.com.br\/?p=2006"},"wordCount":552,"commentCount":0,"publisher":{"@id":"https:\/\/sudoesteacontece.com.br\/#organization"},"image":{"@id":"https:\/\/sudoesteacontece.com.br\/?p=2006#primaryimage"},"thumbnailUrl":"https:\/\/sudoesteacontece.com.br\/wp-content\/uploads\/2025\/11\/Governo-da-Bahia-propoe-assumir-UNACON-de-Caetite-para-fortalecer-tratamento-do-cancer-sudoeste-acontece.jpg","articleSection":["Caetit\u00e9","Pol\u00edtica","Sa\u00fade"],"inLanguage":"pt-BR","potentialAction":[{"@type":"CommentAction","name":"Comment","target":["https:\/\/sudoesteacontece.com.br\/?p=2006#respond"]}]},{"@type":"WebPage","@id":"https:\/\/sudoesteacontece.com.br\/?p=2006","url":"https:\/\/sudoesteacontece.com.br\/?p=2006","name":"Governo da Bahia prop\u00f5e assumir UNACON de Caetit\u00e9 para fortalecer tratamento do c\u00e2ncer - Sudoesteacontece","isPartOf":{"@id":"https:\/\/sudoesteacontece.com.br\/#website"},"primaryImageOfPage":{"@id":"https:\/\/sudoesteacontece.com.br\/?p=2006#primaryimage"},"image":{"@id":"https:\/\/sudoesteacontece.com.br\/?p=2006#primaryimage"},"thumbnailUrl":"https:\/\/sudoesteacontece.com.br\/wp-content\/uploads\/2025\/11\/Governo-da-Bahia-propoe-assumir-UNACON-de-Caetite-para-fortalecer-tratamento-do-cancer-sudoeste-acontece.jpg","datePublished":"2025-11-07T13:47:46+00:00","dateModified":"2025-11-07T13:47:47+00:00","breadcrumb":{"@id":"https:\/\/sudoesteacontece.com.br\/?p=2006#breadcrumb"},"inLanguage":"pt-BR","potentialAction":[{"@type":"ReadAction","target":["https:\/\/sudoesteacontece.com.br\/?p=2006"]}]},{"@type":"ImageObject","inLanguage":"pt-BR","@id":"https:\/\/sudoesteacontece.com.br\/?p=2006#primaryimage","url":"https:\/\/sudoesteacontece.com.br\/wp-content\/uploads\/2025\/11\/Governo-da-Bahia-propoe-assumir-UNACON-de-Caetite-para-fortalecer-tratamento-do-cancer-sudoeste-acontece.jpg","contentUrl":"https:\/\/sudoesteacontece.com.br\/wp-content\/uploads\/2025\/11\/Governo-da-Bahia-propoe-assumir-UNACON-de-Caetite-para-fortalecer-tratamento-do-cancer-sudoeste-acontece.jpg","width":696,"height":464},{"@type":"BreadcrumbList","@id":"https:\/\/sudoesteacontece.com.br\/?p=2006#breadcrumb","itemListElement":[{"@type":"ListItem","position":1,"name":"In\u00edcio","item":"https:\/\/sudoesteacontece.com.br\/"},{"@type":"ListItem","position":2,"name":"Governo da Bahia prop\u00f5e assumir UNACON de Caetit\u00e9 para fortalecer tratamento do c\u00e2ncer"}]},{"@type":"WebSite","@id":"https:\/\/sudoesteacontece.com.br\/#website","url":"https:\/\/sudoesteacontece.com.br\/","name":"Sudoesteacontece","description":"","publisher":{"@id":"https:\/\/sudoesteacontece.com.br\/#organization"},"potentialAction":[{"@type":"SearchAction","target":{"@type":"EntryPoint","urlTemplate":"https:\/\/sudoesteacontece.com.br\/?s={search_term_string}"},"query-input":{"@type":"PropertyValueSpecification","valueRequired":true,"valueName":"search_term_string"}}],"inLanguage":"pt-BR"},{"@type":"Organization","@id":"https:\/\/sudoesteacontece.com.br\/#organization","name":"Sudoesteacontece","url":"https:\/\/sudoesteacontece.com.br\/","logo":{"@type":"ImageObject","inLanguage":"pt-BR","@id":"https:\/\/sudoesteacontece.com.br\/#\/schema\/logo\/image\/","url":"https:\/\/sudoesteacontece.com.br\/wp-content\/uploads\/2025\/12\/cropped-logo-2-180x180-1.png","contentUrl":"https:\/\/sudoesteacontece.com.br\/wp-content\/uploads\/2025\/12\/cropped-logo-2-180x180-1.png","width":180,"height":180,"caption":"Sudoesteacontece"},"image":{"@id":"https:\/\/sudoesteacontece.com.br\/#\/schema\/logo\/image\/"},"sameAs":["https:\/\/www.facebook.com\/sudoesteacontece\/?locale=pt_BR"]},{"@type":"Person","@id":"https:\/\/sudoesteacontece.com.br\/#\/schema\/person\/3cf2cf009926a9683ebc29d5379fa79c","name":"Washington Tiago","image":{"@type":"ImageObject","inLanguage":"pt-BR","@id":"https:\/\/sudoesteacontece.com.br\/#\/schema\/person\/image\/","url":"https:\/\/secure.gravatar.com\/avatar\/33c43b8668157e040f9d1fe93c354bf087cbd8ba36270c1163198bd3ddcf2a56?s=96&d=mm&r=g","contentUrl":"https:\/\/secure.gravatar.com\/avatar\/33c43b8668157e040f9d1fe93c354bf087cbd8ba36270c1163198bd3ddcf2a56?s=96&d=mm&r=g","caption":"Washington Tiago"},"url":"https:\/\/sudoesteacontece.com.br\/?author=2"}]}},"_links":{"self":[{"href":"https:\/\/sudoesteacontece.com.br\/index.php?rest_route=\/wp\/v2\/posts\/2006","targetHints":{"allow":["GET"]}}],"collection":[{"href":"https:\/\/sudoesteacontece.com.br\/index.php?rest_route=\/wp\/v2\/posts"}],"about":[{"href":"https:\/\/sudoesteacontece.com.br\/index.php?rest_route=\/wp\/v2\/types\/post"}],"author":[{"embeddable":true,"href":"https:\/\/sudoesteacontece.com.br\/index.php?rest_route=\/wp\/v2\/users\/2"}],"replies":[{"embeddable":true,"href":"https:\/\/sudoesteacontece.com.br\/index.php?rest_route=%2Fwp%2Fv2%2Fcomments&post=2006"}],"version-history":[{"count":0,"href":"https:\/\/sudoesteacontece.com.br\/index.php?rest_route=\/wp\/v2\/posts\/2006\/revisions"}],"wp:featuredmedia":[{"embeddable":true,"href":"https:\/\/sudoesteacontece.com.br\/index.php?rest_route=\/wp\/v2\/media\/2036"}],"wp:attachment":[{"href":"https:\/\/sudoesteacontece.com.br\/index.php?rest_route=%2Fwp%2Fv2%2Fmedia&parent=2006"}],"wp:term":[{"taxonomy":"category","embeddable":true,"href":"https:\/\/sudoesteacontece.com.br\/index.php?rest_route=%2Fwp%2Fv2%2Fcategories&post=2006"},{"taxonomy":"post_tag","embeddable":true,"href":"https:\/\/sudoesteacontece.com.br\/index.php?rest_route=%2Fwp%2Fv2%2Ftags&post=2006"}],"curies":[{"name":"wp","href":"https:\/\/api.w.org\/{rel}","templated":true}]}}