{"id":2062,"date":"2025-11-07T16:49:35","date_gmt":"2025-11-07T19:49:35","guid":{"rendered":"https:\/\/sudoesteacontece.com.br\/?p=2062"},"modified":"2025-11-07T16:49:37","modified_gmt":"2025-11-07T19:49:37","slug":"brumado-se-prepara-para-grande-encontro-de-fanfarras-neste-fim-de-semana","status":"publish","type":"post","link":"https:\/\/sudoesteacontece.com.br\/?p=2062","title":{"rendered":"Brumado se prepara para grande encontro de fanfarras neste fim de semana"},"content":{"rendered":"\n<figure class=\"wp-block-image size-large\"><img fetchpriority=\"high\" decoding=\"async\" width=\"1024\" height=\"796\" src=\"http:\/\/sudoesteacontece.com.br\/wp-content\/uploads\/2025\/11\/Brumado-se-prepara-para-grande-encontro-de-fanfarras-neste-fim-de-semana-sudoeste-acontece-1-1024x796.jpg\" alt=\"\" class=\"wp-image-2072\" srcset=\"https:\/\/sudoesteacontece.com.br\/wp-content\/uploads\/2025\/11\/Brumado-se-prepara-para-grande-encontro-de-fanfarras-neste-fim-de-semana-sudoeste-acontece-1-1024x796.jpg 1024w, https:\/\/sudoesteacontece.com.br\/wp-content\/uploads\/2025\/11\/Brumado-se-prepara-para-grande-encontro-de-fanfarras-neste-fim-de-semana-sudoeste-acontece-1-300x233.jpg 300w, https:\/\/sudoesteacontece.com.br\/wp-content\/uploads\/2025\/11\/Brumado-se-prepara-para-grande-encontro-de-fanfarras-neste-fim-de-semana-sudoeste-acontece-1-768x597.jpg 768w, https:\/\/sudoesteacontece.com.br\/wp-content\/uploads\/2025\/11\/Brumado-se-prepara-para-grande-encontro-de-fanfarras-neste-fim-de-semana-sudoeste-acontece-1.jpg 1332w\" sizes=\"(max-width: 1024px) 100vw, 1024px\" \/><\/figure>\n\n\n\n<p>Brumado vai reviver o som vibrante das fanfarras neste s\u00e1bado (8). Encontro de Fanfarras Independentes promete reunir m\u00fasica, ritmo e emo\u00e7\u00e3o na Pra\u00e7a Coronel Zeca Leite, a partir das 19h.<\/p>\n\n\n\n<p>Sete grupos, incluindo uma fanfarra infantil, v\u00e3o se apresentar. Evento celebra o talento local e marca o retorno de uma tradi\u00e7\u00e3o que h\u00e1 anos mobiliza jovens e fam\u00edlias da cidade.<\/p>\n\n\n\n<p>O secret\u00e1rio municipal de Cultura, Jos\u00e9 Ribeiro Neves, destacou que, mesmo sendo um movimento independente, as fanfarras recebem apoio da prefeitura. \u201cO munic\u00edpio tem ajudado no que pode, porque acreditamos no valor desse trabalho para Brumado\u201d, afirmou.<\/p>\n\n\n\n<p>Iniciativas como essa, segundo o secret\u00e1rio, refor\u00e7am o papel da cultura na inclus\u00e3o social. \u201cEstamos apoiando diferentes modalidades esportivas e culturais. Esse evento mostra que nossa juventude tem talento e vontade de fazer a diferen\u00e7a\u201d, completou.<\/p>\n\n\n\n<p>O regente Wilke Marlei, organizador do encontro, espera um grande p\u00fablico na pra\u00e7a. Ele afirma que o evento representa mais do que m\u00fasica \u00e9 um movimento de resist\u00eancia e paix\u00e3o pela arte. \u201cAs fanfarras sempre fizeram parte da identidade da cidade. Agora, queremos resgatar esse orgulho\u201d, disse.<\/p>\n\n\n\n<p>Ribeiro convidou a popula\u00e7\u00e3o a prestigiar as apresenta\u00e7\u00f5es. \u201cS\u00e3o grupos que mant\u00eam viva uma tradi\u00e7\u00e3o que nunca teve tanto espa\u00e7o como agora. A comunidade precisa estar presente, aplaudindo e fortalecendo esse movimento\u201d, refor\u00e7ou.<\/p>\n\n\n\n<p>Para o pr\u00f3ximo ano, a Secretaria de Cultura planeja ampliar o investimento no esporte e na cultura. O objetivo \u00e9 transformar o encontro em um evento anual de destaque regional.<\/p>\n","protected":false},"excerpt":{"rendered":"<p>Brumado vai reviver o som vibrante das fanfarras neste s\u00e1bado (8). Encontro de Fanfarras Independentes promete reunir m\u00fasica, ritmo e emo\u00e7\u00e3o na Pra\u00e7a Coronel Zeca Leite, a partir das 19h. Sete grupos, incluindo uma fanfarra infantil, v\u00e3o se apresentar. Evento celebra o talento local e marca o retorno de uma tradi\u00e7\u00e3o que h\u00e1 anos mobiliza jovens e fam\u00edlias da cidade. O secret\u00e1rio municipal de Cultura, Jos\u00e9 Ribeiro Neves, destacou que, mesmo sendo um movimento independente, as fanfarras recebem apoio da prefeitura. \u201cO munic\u00edpio tem ajudado no que pode, porque acreditamos no valor desse trabalho para Brumado\u201d, afirmou. Iniciativas como essa, segundo o secret\u00e1rio, refor\u00e7am o papel da cultura na inclus\u00e3o social. \u201cEstamos apoiando diferentes modalidades esportivas e culturais. Esse evento mostra que nossa juventude tem talento e vontade de fazer a diferen\u00e7a\u201d, completou. O regente Wilke Marlei, organizador do encontro, espera um grande p\u00fablico na pra\u00e7a. Ele afirma que o evento representa mais do que m\u00fasica \u00e9 um movimento de resist\u00eancia e paix\u00e3o pela arte. \u201cAs fanfarras sempre fizeram parte da identidade da cidade. Agora, queremos resgatar esse orgulho\u201d, disse. Ribeiro convidou a popula\u00e7\u00e3o a prestigiar as apresenta\u00e7\u00f5es. \u201cS\u00e3o grupos que mant\u00eam viva uma tradi\u00e7\u00e3o que nunca teve tanto espa\u00e7o como agora. A comunidade precisa estar presente, aplaudindo e fortalecendo esse movimento\u201d, refor\u00e7ou. Para o pr\u00f3ximo ano, a Secretaria de Cultura planeja ampliar o investimento no esporte e na cultura. O objetivo \u00e9 transformar o encontro em um evento anual de destaque regional.<\/p>\n","protected":false},"author":2,"featured_media":2072,"comment_status":"open","ping_status":"open","sticky":false,"template":"","format":"standard","meta":{"footnotes":""},"categories":[10,43,6],"tags":[],"class_list":["post-2062","post","type-post","status-publish","format-standard","has-post-thumbnail","hentry","category-brumado","category-educacao","category-politica"],"yoast_head":"<!-- This site is optimized with the Yoast SEO plugin v26.5 - https:\/\/yoast.com\/wordpress\/plugins\/seo\/ -->\n<title>Brumado se prepara para grande encontro de fanfarras neste fim de semana - Sudoesteacontece<\/title>\n<meta name=\"robots\" content=\"index, follow, max-snippet:-1, max-image-preview:large, max-video-preview:-1\" \/>\n<link rel=\"canonical\" href=\"https:\/\/sudoesteacontece.com.br\/?p=2062\" \/>\n<meta property=\"og:locale\" content=\"pt_BR\" \/>\n<meta property=\"og:type\" content=\"article\" \/>\n<meta property=\"og:title\" content=\"Brumado se prepara para grande encontro de fanfarras neste fim de semana - Sudoesteacontece\" \/>\n<meta property=\"og:description\" content=\"Brumado vai reviver o som vibrante das fanfarras neste s\u00e1bado (8). Encontro de Fanfarras Independentes promete reunir m\u00fasica, ritmo e emo\u00e7\u00e3o na Pra\u00e7a Coronel Zeca Leite, a partir das 19h. Sete grupos, incluindo uma fanfarra infantil, v\u00e3o se apresentar. Evento celebra o talento local e marca o retorno de uma tradi\u00e7\u00e3o que h\u00e1 anos mobiliza jovens e fam\u00edlias da cidade. O secret\u00e1rio municipal de Cultura, Jos\u00e9 Ribeiro Neves, destacou que, mesmo sendo um movimento independente, as fanfarras recebem apoio da prefeitura. \u201cO munic\u00edpio tem ajudado no que pode, porque acreditamos no valor desse trabalho para Brumado\u201d, afirmou. Iniciativas como essa, segundo o secret\u00e1rio, refor\u00e7am o papel da cultura na inclus\u00e3o social. \u201cEstamos apoiando diferentes modalidades esportivas e culturais. Esse evento mostra que nossa juventude tem talento e vontade de fazer a diferen\u00e7a\u201d, completou. O regente Wilke Marlei, organizador do encontro, espera um grande p\u00fablico na pra\u00e7a. Ele afirma que o evento representa mais do que m\u00fasica \u00e9 um movimento de resist\u00eancia e paix\u00e3o pela arte. \u201cAs fanfarras sempre fizeram parte da identidade da cidade. Agora, queremos resgatar esse orgulho\u201d, disse. Ribeiro convidou a popula\u00e7\u00e3o a prestigiar as apresenta\u00e7\u00f5es. \u201cS\u00e3o grupos que mant\u00eam viva uma tradi\u00e7\u00e3o que nunca teve tanto espa\u00e7o como agora. A comunidade precisa estar presente, aplaudindo e fortalecendo esse movimento\u201d, refor\u00e7ou. Para o pr\u00f3ximo ano, a Secretaria de Cultura planeja ampliar o investimento no esporte e na cultura. O objetivo \u00e9 transformar o encontro em um evento anual de destaque regional.\" \/>\n<meta property=\"og:url\" content=\"https:\/\/sudoesteacontece.com.br\/?p=2062\" \/>\n<meta property=\"og:site_name\" content=\"Sudoesteacontece\" \/>\n<meta property=\"article:publisher\" content=\"https:\/\/www.facebook.com\/sudoesteacontece\/?locale=pt_BR\" \/>\n<meta property=\"article:published_time\" content=\"2025-11-07T19:49:35+00:00\" \/>\n<meta property=\"article:modified_time\" content=\"2025-11-07T19:49:37+00:00\" \/>\n<meta property=\"og:image\" content=\"https:\/\/sudoesteacontece.com.br\/wp-content\/uploads\/2025\/11\/Brumado-se-prepara-para-grande-encontro-de-fanfarras-neste-fim-de-semana-sudoeste-acontece-1.jpg\" \/>\n\t<meta property=\"og:image:width\" content=\"1332\" \/>\n\t<meta property=\"og:image:height\" content=\"1036\" \/>\n\t<meta property=\"og:image:type\" content=\"image\/jpeg\" \/>\n<meta name=\"author\" content=\"Washington Tiago\" \/>\n<meta name=\"twitter:card\" content=\"summary_large_image\" \/>\n<meta name=\"twitter:label1\" content=\"Escrito por\" \/>\n\t<meta name=\"twitter:data1\" content=\"Washington Tiago\" \/>\n\t<meta name=\"twitter:label2\" content=\"Est. tempo de leitura\" \/>\n\t<meta name=\"twitter:data2\" content=\"1 minuto\" \/>\n<script type=\"application\/ld+json\" class=\"yoast-schema-graph\">{\"@context\":\"https:\/\/schema.org\",\"@graph\":[{\"@type\":\"Article\",\"@id\":\"https:\/\/sudoesteacontece.com.br\/?p=2062#article\",\"isPartOf\":{\"@id\":\"https:\/\/sudoesteacontece.com.br\/?p=2062\"},\"author\":{\"name\":\"Washington Tiago\",\"@id\":\"https:\/\/sudoesteacontece.com.br\/#\/schema\/person\/3cf2cf009926a9683ebc29d5379fa79c\"},\"headline\":\"Brumado se prepara para grande encontro de fanfarras neste fim de semana\",\"datePublished\":\"2025-11-07T19:49:35+00:00\",\"dateModified\":\"2025-11-07T19:49:37+00:00\",\"mainEntityOfPage\":{\"@id\":\"https:\/\/sudoesteacontece.com.br\/?p=2062\"},\"wordCount\":278,\"commentCount\":0,\"publisher\":{\"@id\":\"https:\/\/sudoesteacontece.com.br\/#organization\"},\"image\":{\"@id\":\"https:\/\/sudoesteacontece.com.br\/?p=2062#primaryimage\"},\"thumbnailUrl\":\"https:\/\/sudoesteacontece.com.br\/wp-content\/uploads\/2025\/11\/Brumado-se-prepara-para-grande-encontro-de-fanfarras-neste-fim-de-semana-sudoeste-acontece-1.jpg\",\"articleSection\":[\"Brumado\",\"Educa\u00e7\u00e3o\",\"Pol\u00edtica\"],\"inLanguage\":\"pt-BR\",\"potentialAction\":[{\"@type\":\"CommentAction\",\"name\":\"Comment\",\"target\":[\"https:\/\/sudoesteacontece.com.br\/?p=2062#respond\"]}]},{\"@type\":\"WebPage\",\"@id\":\"https:\/\/sudoesteacontece.com.br\/?p=2062\",\"url\":\"https:\/\/sudoesteacontece.com.br\/?p=2062\",\"name\":\"Brumado se prepara para grande encontro de fanfarras neste fim de semana - Sudoesteacontece\",\"isPartOf\":{\"@id\":\"https:\/\/sudoesteacontece.com.br\/#website\"},\"primaryImageOfPage\":{\"@id\":\"https:\/\/sudoesteacontece.com.br\/?p=2062#primaryimage\"},\"image\":{\"@id\":\"https:\/\/sudoesteacontece.com.br\/?p=2062#primaryimage\"},\"thumbnailUrl\":\"https:\/\/sudoesteacontece.com.br\/wp-content\/uploads\/2025\/11\/Brumado-se-prepara-para-grande-encontro-de-fanfarras-neste-fim-de-semana-sudoeste-acontece-1.jpg\",\"datePublished\":\"2025-11-07T19:49:35+00:00\",\"dateModified\":\"2025-11-07T19:49:37+00:00\",\"breadcrumb\":{\"@id\":\"https:\/\/sudoesteacontece.com.br\/?p=2062#breadcrumb\"},\"inLanguage\":\"pt-BR\",\"potentialAction\":[{\"@type\":\"ReadAction\",\"target\":[\"https:\/\/sudoesteacontece.com.br\/?p=2062\"]}]},{\"@type\":\"ImageObject\",\"inLanguage\":\"pt-BR\",\"@id\":\"https:\/\/sudoesteacontece.com.br\/?p=2062#primaryimage\",\"url\":\"https:\/\/sudoesteacontece.com.br\/wp-content\/uploads\/2025\/11\/Brumado-se-prepara-para-grande-encontro-de-fanfarras-neste-fim-de-semana-sudoeste-acontece-1.jpg\",\"contentUrl\":\"https:\/\/sudoesteacontece.com.br\/wp-content\/uploads\/2025\/11\/Brumado-se-prepara-para-grande-encontro-de-fanfarras-neste-fim-de-semana-sudoeste-acontece-1.jpg\",\"width\":1332,\"height\":1036},{\"@type\":\"BreadcrumbList\",\"@id\":\"https:\/\/sudoesteacontece.com.br\/?p=2062#breadcrumb\",\"itemListElement\":[{\"@type\":\"ListItem\",\"position\":1,\"name\":\"In\u00edcio\",\"item\":\"https:\/\/sudoesteacontece.com.br\/\"},{\"@type\":\"ListItem\",\"position\":2,\"name\":\"Brumado se prepara para grande encontro de fanfarras neste fim de semana\"}]},{\"@type\":\"WebSite\",\"@id\":\"https:\/\/sudoesteacontece.com.br\/#website\",\"url\":\"https:\/\/sudoesteacontece.com.br\/\",\"name\":\"Sudoesteacontece\",\"description\":\"\",\"publisher\":{\"@id\":\"https:\/\/sudoesteacontece.com.br\/#organization\"},\"potentialAction\":[{\"@type\":\"SearchAction\",\"target\":{\"@type\":\"EntryPoint\",\"urlTemplate\":\"https:\/\/sudoesteacontece.com.br\/?s={search_term_string}\"},\"query-input\":{\"@type\":\"PropertyValueSpecification\",\"valueRequired\":true,\"valueName\":\"search_term_string\"}}],\"inLanguage\":\"pt-BR\"},{\"@type\":\"Organization\",\"@id\":\"https:\/\/sudoesteacontece.com.br\/#organization\",\"name\":\"Sudoesteacontece\",\"url\":\"https:\/\/sudoesteacontece.com.br\/\",\"logo\":{\"@type\":\"ImageObject\",\"inLanguage\":\"pt-BR\",\"@id\":\"https:\/\/sudoesteacontece.com.br\/#\/schema\/logo\/image\/\",\"url\":\"https:\/\/sudoesteacontece.com.br\/wp-content\/uploads\/2025\/12\/cropped-logo-2-180x180-1.png\",\"contentUrl\":\"https:\/\/sudoesteacontece.com.br\/wp-content\/uploads\/2025\/12\/cropped-logo-2-180x180-1.png\",\"width\":180,\"height\":180,\"caption\":\"Sudoesteacontece\"},\"image\":{\"@id\":\"https:\/\/sudoesteacontece.com.br\/#\/schema\/logo\/image\/\"},\"sameAs\":[\"https:\/\/www.facebook.com\/sudoesteacontece\/?locale=pt_BR\"]},{\"@type\":\"Person\",\"@id\":\"https:\/\/sudoesteacontece.com.br\/#\/schema\/person\/3cf2cf009926a9683ebc29d5379fa79c\",\"name\":\"Washington Tiago\",\"image\":{\"@type\":\"ImageObject\",\"inLanguage\":\"pt-BR\",\"@id\":\"https:\/\/sudoesteacontece.com.br\/#\/schema\/person\/image\/\",\"url\":\"https:\/\/secure.gravatar.com\/avatar\/33c43b8668157e040f9d1fe93c354bf087cbd8ba36270c1163198bd3ddcf2a56?s=96&d=mm&r=g\",\"contentUrl\":\"https:\/\/secure.gravatar.com\/avatar\/33c43b8668157e040f9d1fe93c354bf087cbd8ba36270c1163198bd3ddcf2a56?s=96&d=mm&r=g\",\"caption\":\"Washington Tiago\"},\"url\":\"https:\/\/sudoesteacontece.com.br\/?author=2\"}]}<\/script>\n<!-- \/ Yoast SEO plugin. -->","yoast_head_json":{"title":"Brumado se prepara para grande encontro de fanfarras neste fim de semana - Sudoesteacontece","robots":{"index":"index","follow":"follow","max-snippet":"max-snippet:-1","max-image-preview":"max-image-preview:large","max-video-preview":"max-video-preview:-1"},"canonical":"https:\/\/sudoesteacontece.com.br\/?p=2062","og_locale":"pt_BR","og_type":"article","og_title":"Brumado se prepara para grande encontro de fanfarras neste fim de semana - Sudoesteacontece","og_description":"Brumado vai reviver o som vibrante das fanfarras neste s\u00e1bado (8). Encontro de Fanfarras Independentes promete reunir m\u00fasica, ritmo e emo\u00e7\u00e3o na Pra\u00e7a Coronel Zeca Leite, a partir das 19h. Sete grupos, incluindo uma fanfarra infantil, v\u00e3o se apresentar. Evento celebra o talento local e marca o retorno de uma tradi\u00e7\u00e3o que h\u00e1 anos mobiliza jovens e fam\u00edlias da cidade. O secret\u00e1rio municipal de Cultura, Jos\u00e9 Ribeiro Neves, destacou que, mesmo sendo um movimento independente, as fanfarras recebem apoio da prefeitura. \u201cO munic\u00edpio tem ajudado no que pode, porque acreditamos no valor desse trabalho para Brumado\u201d, afirmou. Iniciativas como essa, segundo o secret\u00e1rio, refor\u00e7am o papel da cultura na inclus\u00e3o social. \u201cEstamos apoiando diferentes modalidades esportivas e culturais. Esse evento mostra que nossa juventude tem talento e vontade de fazer a diferen\u00e7a\u201d, completou. O regente Wilke Marlei, organizador do encontro, espera um grande p\u00fablico na pra\u00e7a. Ele afirma que o evento representa mais do que m\u00fasica \u00e9 um movimento de resist\u00eancia e paix\u00e3o pela arte. \u201cAs fanfarras sempre fizeram parte da identidade da cidade. Agora, queremos resgatar esse orgulho\u201d, disse. Ribeiro convidou a popula\u00e7\u00e3o a prestigiar as apresenta\u00e7\u00f5es. \u201cS\u00e3o grupos que mant\u00eam viva uma tradi\u00e7\u00e3o que nunca teve tanto espa\u00e7o como agora. A comunidade precisa estar presente, aplaudindo e fortalecendo esse movimento\u201d, refor\u00e7ou. Para o pr\u00f3ximo ano, a Secretaria de Cultura planeja ampliar o investimento no esporte e na cultura. O objetivo \u00e9 transformar o encontro em um evento anual de destaque regional.","og_url":"https:\/\/sudoesteacontece.com.br\/?p=2062","og_site_name":"Sudoesteacontece","article_publisher":"https:\/\/www.facebook.com\/sudoesteacontece\/?locale=pt_BR","article_published_time":"2025-11-07T19:49:35+00:00","article_modified_time":"2025-11-07T19:49:37+00:00","og_image":[{"width":1332,"height":1036,"url":"https:\/\/sudoesteacontece.com.br\/wp-content\/uploads\/2025\/11\/Brumado-se-prepara-para-grande-encontro-de-fanfarras-neste-fim-de-semana-sudoeste-acontece-1.jpg","type":"image\/jpeg"}],"author":"Washington Tiago","twitter_card":"summary_large_image","twitter_misc":{"Escrito por":"Washington Tiago","Est. tempo de leitura":"1 minuto"},"schema":{"@context":"https:\/\/schema.org","@graph":[{"@type":"Article","@id":"https:\/\/sudoesteacontece.com.br\/?p=2062#article","isPartOf":{"@id":"https:\/\/sudoesteacontece.com.br\/?p=2062"},"author":{"name":"Washington Tiago","@id":"https:\/\/sudoesteacontece.com.br\/#\/schema\/person\/3cf2cf009926a9683ebc29d5379fa79c"},"headline":"Brumado se prepara para grande encontro de fanfarras neste fim de semana","datePublished":"2025-11-07T19:49:35+00:00","dateModified":"2025-11-07T19:49:37+00:00","mainEntityOfPage":{"@id":"https:\/\/sudoesteacontece.com.br\/?p=2062"},"wordCount":278,"commentCount":0,"publisher":{"@id":"https:\/\/sudoesteacontece.com.br\/#organization"},"image":{"@id":"https:\/\/sudoesteacontece.com.br\/?p=2062#primaryimage"},"thumbnailUrl":"https:\/\/sudoesteacontece.com.br\/wp-content\/uploads\/2025\/11\/Brumado-se-prepara-para-grande-encontro-de-fanfarras-neste-fim-de-semana-sudoeste-acontece-1.jpg","articleSection":["Brumado","Educa\u00e7\u00e3o","Pol\u00edtica"],"inLanguage":"pt-BR","potentialAction":[{"@type":"CommentAction","name":"Comment","target":["https:\/\/sudoesteacontece.com.br\/?p=2062#respond"]}]},{"@type":"WebPage","@id":"https:\/\/sudoesteacontece.com.br\/?p=2062","url":"https:\/\/sudoesteacontece.com.br\/?p=2062","name":"Brumado se prepara para grande encontro de fanfarras neste fim de semana - Sudoesteacontece","isPartOf":{"@id":"https:\/\/sudoesteacontece.com.br\/#website"},"primaryImageOfPage":{"@id":"https:\/\/sudoesteacontece.com.br\/?p=2062#primaryimage"},"image":{"@id":"https:\/\/sudoesteacontece.com.br\/?p=2062#primaryimage"},"thumbnailUrl":"https:\/\/sudoesteacontece.com.br\/wp-content\/uploads\/2025\/11\/Brumado-se-prepara-para-grande-encontro-de-fanfarras-neste-fim-de-semana-sudoeste-acontece-1.jpg","datePublished":"2025-11-07T19:49:35+00:00","dateModified":"2025-11-07T19:49:37+00:00","breadcrumb":{"@id":"https:\/\/sudoesteacontece.com.br\/?p=2062#breadcrumb"},"inLanguage":"pt-BR","potentialAction":[{"@type":"ReadAction","target":["https:\/\/sudoesteacontece.com.br\/?p=2062"]}]},{"@type":"ImageObject","inLanguage":"pt-BR","@id":"https:\/\/sudoesteacontece.com.br\/?p=2062#primaryimage","url":"https:\/\/sudoesteacontece.com.br\/wp-content\/uploads\/2025\/11\/Brumado-se-prepara-para-grande-encontro-de-fanfarras-neste-fim-de-semana-sudoeste-acontece-1.jpg","contentUrl":"https:\/\/sudoesteacontece.com.br\/wp-content\/uploads\/2025\/11\/Brumado-se-prepara-para-grande-encontro-de-fanfarras-neste-fim-de-semana-sudoeste-acontece-1.jpg","width":1332,"height":1036},{"@type":"BreadcrumbList","@id":"https:\/\/sudoesteacontece.com.br\/?p=2062#breadcrumb","itemListElement":[{"@type":"ListItem","position":1,"name":"In\u00edcio","item":"https:\/\/sudoesteacontece.com.br\/"},{"@type":"ListItem","position":2,"name":"Brumado se prepara para grande encontro de fanfarras neste fim de semana"}]},{"@type":"WebSite","@id":"https:\/\/sudoesteacontece.com.br\/#website","url":"https:\/\/sudoesteacontece.com.br\/","name":"Sudoesteacontece","description":"","publisher":{"@id":"https:\/\/sudoesteacontece.com.br\/#organization"},"potentialAction":[{"@type":"SearchAction","target":{"@type":"EntryPoint","urlTemplate":"https:\/\/sudoesteacontece.com.br\/?s={search_term_string}"},"query-input":{"@type":"PropertyValueSpecification","valueRequired":true,"valueName":"search_term_string"}}],"inLanguage":"pt-BR"},{"@type":"Organization","@id":"https:\/\/sudoesteacontece.com.br\/#organization","name":"Sudoesteacontece","url":"https:\/\/sudoesteacontece.com.br\/","logo":{"@type":"ImageObject","inLanguage":"pt-BR","@id":"https:\/\/sudoesteacontece.com.br\/#\/schema\/logo\/image\/","url":"https:\/\/sudoesteacontece.com.br\/wp-content\/uploads\/2025\/12\/cropped-logo-2-180x180-1.png","contentUrl":"https:\/\/sudoesteacontece.com.br\/wp-content\/uploads\/2025\/12\/cropped-logo-2-180x180-1.png","width":180,"height":180,"caption":"Sudoesteacontece"},"image":{"@id":"https:\/\/sudoesteacontece.com.br\/#\/schema\/logo\/image\/"},"sameAs":["https:\/\/www.facebook.com\/sudoesteacontece\/?locale=pt_BR"]},{"@type":"Person","@id":"https:\/\/sudoesteacontece.com.br\/#\/schema\/person\/3cf2cf009926a9683ebc29d5379fa79c","name":"Washington Tiago","image":{"@type":"ImageObject","inLanguage":"pt-BR","@id":"https:\/\/sudoesteacontece.com.br\/#\/schema\/person\/image\/","url":"https:\/\/secure.gravatar.com\/avatar\/33c43b8668157e040f9d1fe93c354bf087cbd8ba36270c1163198bd3ddcf2a56?s=96&d=mm&r=g","contentUrl":"https:\/\/secure.gravatar.com\/avatar\/33c43b8668157e040f9d1fe93c354bf087cbd8ba36270c1163198bd3ddcf2a56?s=96&d=mm&r=g","caption":"Washington Tiago"},"url":"https:\/\/sudoesteacontece.com.br\/?author=2"}]}},"_links":{"self":[{"href":"https:\/\/sudoesteacontece.com.br\/index.php?rest_route=\/wp\/v2\/posts\/2062","targetHints":{"allow":["GET"]}}],"collection":[{"href":"https:\/\/sudoesteacontece.com.br\/index.php?rest_route=\/wp\/v2\/posts"}],"about":[{"href":"https:\/\/sudoesteacontece.com.br\/index.php?rest_route=\/wp\/v2\/types\/post"}],"author":[{"embeddable":true,"href":"https:\/\/sudoesteacontece.com.br\/index.php?rest_route=\/wp\/v2\/users\/2"}],"replies":[{"embeddable":true,"href":"https:\/\/sudoesteacontece.com.br\/index.php?rest_route=%2Fwp%2Fv2%2Fcomments&post=2062"}],"version-history":[{"count":0,"href":"https:\/\/sudoesteacontece.com.br\/index.php?rest_route=\/wp\/v2\/posts\/2062\/revisions"}],"wp:featuredmedia":[{"embeddable":true,"href":"https:\/\/sudoesteacontece.com.br\/index.php?rest_route=\/wp\/v2\/media\/2072"}],"wp:attachment":[{"href":"https:\/\/sudoesteacontece.com.br\/index.php?rest_route=%2Fwp%2Fv2%2Fmedia&parent=2062"}],"wp:term":[{"taxonomy":"category","embeddable":true,"href":"https:\/\/sudoesteacontece.com.br\/index.php?rest_route=%2Fwp%2Fv2%2Fcategories&post=2062"},{"taxonomy":"post_tag","embeddable":true,"href":"https:\/\/sudoesteacontece.com.br\/index.php?rest_route=%2Fwp%2Fv2%2Ftags&post=2062"}],"curies":[{"name":"wp","href":"https:\/\/api.w.org\/{rel}","templated":true}]}}