{"id":2063,"date":"2025-11-07T16:52:20","date_gmt":"2025-11-07T19:52:20","guid":{"rendered":"https:\/\/sudoesteacontece.com.br\/?p=2063"},"modified":"2025-11-07T16:52:21","modified_gmt":"2025-11-07T19:52:21","slug":"geddel-envia-recado-a-jeronimo-e-esquenta-disputa-pela-chapa-de-2026","status":"publish","type":"post","link":"https:\/\/sudoesteacontece.com.br\/?p=2063","title":{"rendered":"Geddel envia recado a Jer\u00f4nimo e esquenta disputa pela chapa de 2026"},"content":{"rendered":"\n<figure class=\"wp-block-image size-full\"><img fetchpriority=\"high\" decoding=\"async\" width=\"800\" height=\"565\" src=\"http:\/\/sudoesteacontece.com.br\/wp-content\/uploads\/2025\/11\/Geddel-envia-recado-a-Jeronimo-e-esquenta-disputa-pela-chapa-de-2026-sudoeste-acontece.webp\" alt=\"\" class=\"wp-image-2074\" srcset=\"https:\/\/sudoesteacontece.com.br\/wp-content\/uploads\/2025\/11\/Geddel-envia-recado-a-Jeronimo-e-esquenta-disputa-pela-chapa-de-2026-sudoeste-acontece.webp 800w, https:\/\/sudoesteacontece.com.br\/wp-content\/uploads\/2025\/11\/Geddel-envia-recado-a-Jeronimo-e-esquenta-disputa-pela-chapa-de-2026-sudoeste-acontece-300x212.webp 300w, https:\/\/sudoesteacontece.com.br\/wp-content\/uploads\/2025\/11\/Geddel-envia-recado-a-Jeronimo-e-esquenta-disputa-pela-chapa-de-2026-sudoeste-acontece-768x542.webp 768w\" sizes=\"(max-width: 800px) 100vw, 800px\" \/><\/figure>\n\n\n\n<p>Geddel Vieira Lima voltou ao centro das articula\u00e7\u00f5es pol\u00edticas na Bahia. O ex-ministro do MDB usou as redes sociais para mandar um recado direto ao governador Jer\u00f4nimo Rodrigues (PT), em meio \u00e0s negocia\u00e7\u00f5es pela forma\u00e7\u00e3o da chapa majorit\u00e1ria para 2026.<\/p>\n\n\n\n<p>Em tom anal\u00edtico, mas com clara mensagem de bastidor, o emedebista afirmou ter percorrido o interior do estado e reconheceu a for\u00e7a de ACM Neto (Uni\u00e3o) caso o ex-prefeito de Salvador dispute novamente o governo. Segundo ele, a base governista precisar\u00e1 de \u201cmuita unidade e nenhum salto alto\u201d para enfrentar a oposi\u00e7\u00e3o.<\/p>\n\n\n\n<p>\u201cSe realmente for candidato, o ex-prefeito de Salvador ser\u00e1 extremamente competitivo, exigindo das for\u00e7as que o MDB integra muita unidade, nenhum salto alto e redobrada aten\u00e7\u00e3o aos que comeram poeira quando poucos acreditavam\u201d, escreveu Geddel, marcando Jer\u00f4nimo, Jaques Wagner (PT), Angelo Coronel (PSD) e o vice-governador Geraldo J\u00fanior (MDB).<\/p>\n\n\n\n<p>Publica\u00e7\u00e3o repercutiu de imediato entre aliados. Nos bastidores, foi lida como um recado direto ao governador e ao PT, num momento em que crescem as disputas internas sobre o futuro da chapa governista. O MDB, comandado por Geddel, defende a manuten\u00e7\u00e3o de Geraldo J\u00fanior e dos dois senadores atuais, Wagner e Coronel, sem abrir espa\u00e7o para Rui Costa (PT), ministro da Casa Civil, que sonha com o Senado.<\/p>\n\n\n\n<p>Fontes pr\u00f3ximas ao ex-ministro afirmam que ele tem refor\u00e7ado, em conversas reservadas, a import\u00e2ncia de preservar o equil\u00edbrio da alian\u00e7a com o PT e o PSD. A avalia\u00e7\u00e3o \u00e9 de que mudan\u00e7as arriscadas podem abrir caminho para o avan\u00e7o da oposi\u00e7\u00e3o liderada por ACM Neto.<\/p>\n\n\n\n<p>A postagem de Geddel, segundo interlocutores, teve tom de alerta. Recado foi visto como um chamado \u00e0 prud\u00eancia e \u00e0 coes\u00e3o, sinalizando que o MDB quer manter protagonismo na base, mas sem romper a parceria que governa a Bahia h\u00e1 quase duas d\u00e9cadas.<\/p>\n\n\n\n<p>Com o tabuleiro de 2026 cada vez mais movimentado, o gesto do emedebista reacendeu discuss\u00f5es sobre lideran\u00e7a e espa\u00e7o de poder. Movimenta\u00e7\u00e3o mostra que, longe dos cargos p\u00fablicos, Geddel continua sendo um nome com influ\u00eancia decisiva nas costuras pol\u00edticas do estado.<\/p>\n","protected":false},"excerpt":{"rendered":"<p>Geddel Vieira Lima voltou ao centro das articula\u00e7\u00f5es pol\u00edticas na Bahia. O ex-ministro do MDB usou as redes sociais para mandar um recado direto ao governador Jer\u00f4nimo Rodrigues (PT), em meio \u00e0s negocia\u00e7\u00f5es pela forma\u00e7\u00e3o da chapa majorit\u00e1ria para 2026. Em tom anal\u00edtico, mas com clara mensagem de bastidor, o emedebista afirmou ter percorrido o interior do estado e reconheceu a for\u00e7a de ACM Neto (Uni\u00e3o) caso o ex-prefeito de Salvador dispute novamente o governo. Segundo ele, a base governista precisar\u00e1 de \u201cmuita unidade e nenhum salto alto\u201d para enfrentar a oposi\u00e7\u00e3o. \u201cSe realmente for candidato, o ex-prefeito de Salvador ser\u00e1 extremamente competitivo, exigindo das for\u00e7as que o MDB integra muita unidade, nenhum salto alto e redobrada aten\u00e7\u00e3o aos que comeram poeira quando poucos acreditavam\u201d, escreveu Geddel, marcando Jer\u00f4nimo, Jaques Wagner (PT), Angelo Coronel (PSD) e o vice-governador Geraldo J\u00fanior (MDB). Publica\u00e7\u00e3o repercutiu de imediato entre aliados. Nos bastidores, foi lida como um recado direto ao governador e ao PT, num momento em que crescem as disputas internas sobre o futuro da chapa governista. O MDB, comandado por Geddel, defende a manuten\u00e7\u00e3o de Geraldo J\u00fanior e dos dois senadores atuais, Wagner e Coronel, sem abrir espa\u00e7o para Rui Costa (PT), ministro da Casa Civil, que sonha com o Senado. Fontes pr\u00f3ximas ao ex-ministro afirmam que ele tem refor\u00e7ado, em conversas reservadas, a import\u00e2ncia de preservar o equil\u00edbrio da alian\u00e7a com o PT e o PSD. A avalia\u00e7\u00e3o \u00e9 de que mudan\u00e7as arriscadas podem abrir caminho para o avan\u00e7o da oposi\u00e7\u00e3o liderada por ACM Neto. A postagem de Geddel, segundo interlocutores, teve tom de alerta. Recado foi visto como um chamado \u00e0 prud\u00eancia e \u00e0 coes\u00e3o, sinalizando que o MDB quer manter protagonismo na base, mas sem romper a parceria que governa a Bahia h\u00e1 quase duas d\u00e9cadas. Com o tabuleiro de 2026 cada vez mais movimentado, o gesto do emedebista reacendeu discuss\u00f5es sobre lideran\u00e7a e espa\u00e7o de poder. Movimenta\u00e7\u00e3o mostra que, longe dos cargos p\u00fablicos, Geddel continua sendo um nome com influ\u00eancia decisiva nas costuras pol\u00edticas do estado.<\/p>\n","protected":false},"author":2,"featured_media":2074,"comment_status":"open","ping_status":"open","sticky":false,"template":"","format":"standard","meta":{"footnotes":""},"categories":[7,58,6],"tags":[],"class_list":["post-2063","post","type-post","status-publish","format-standard","has-post-thumbnail","hentry","category-bahia","category-eleicoes-2026","category-politica"],"yoast_head":"<!-- This site is optimized with the Yoast SEO plugin v26.5 - https:\/\/yoast.com\/wordpress\/plugins\/seo\/ -->\n<title>Geddel envia recado a Jer\u00f4nimo e esquenta disputa pela chapa de 2026 - Sudoesteacontece<\/title>\n<meta name=\"robots\" content=\"index, follow, max-snippet:-1, max-image-preview:large, max-video-preview:-1\" \/>\n<link rel=\"canonical\" href=\"https:\/\/sudoesteacontece.com.br\/?p=2063\" \/>\n<meta property=\"og:locale\" content=\"pt_BR\" \/>\n<meta property=\"og:type\" content=\"article\" \/>\n<meta property=\"og:title\" content=\"Geddel envia recado a Jer\u00f4nimo e esquenta disputa pela chapa de 2026 - Sudoesteacontece\" \/>\n<meta property=\"og:description\" content=\"Geddel Vieira Lima voltou ao centro das articula\u00e7\u00f5es pol\u00edticas na Bahia. O ex-ministro do MDB usou as redes sociais para mandar um recado direto ao governador Jer\u00f4nimo Rodrigues (PT), em meio \u00e0s negocia\u00e7\u00f5es pela forma\u00e7\u00e3o da chapa majorit\u00e1ria para 2026. Em tom anal\u00edtico, mas com clara mensagem de bastidor, o emedebista afirmou ter percorrido o interior do estado e reconheceu a for\u00e7a de ACM Neto (Uni\u00e3o) caso o ex-prefeito de Salvador dispute novamente o governo. Segundo ele, a base governista precisar\u00e1 de \u201cmuita unidade e nenhum salto alto\u201d para enfrentar a oposi\u00e7\u00e3o. \u201cSe realmente for candidato, o ex-prefeito de Salvador ser\u00e1 extremamente competitivo, exigindo das for\u00e7as que o MDB integra muita unidade, nenhum salto alto e redobrada aten\u00e7\u00e3o aos que comeram poeira quando poucos acreditavam\u201d, escreveu Geddel, marcando Jer\u00f4nimo, Jaques Wagner (PT), Angelo Coronel (PSD) e o vice-governador Geraldo J\u00fanior (MDB). Publica\u00e7\u00e3o repercutiu de imediato entre aliados. Nos bastidores, foi lida como um recado direto ao governador e ao PT, num momento em que crescem as disputas internas sobre o futuro da chapa governista. O MDB, comandado por Geddel, defende a manuten\u00e7\u00e3o de Geraldo J\u00fanior e dos dois senadores atuais, Wagner e Coronel, sem abrir espa\u00e7o para Rui Costa (PT), ministro da Casa Civil, que sonha com o Senado. Fontes pr\u00f3ximas ao ex-ministro afirmam que ele tem refor\u00e7ado, em conversas reservadas, a import\u00e2ncia de preservar o equil\u00edbrio da alian\u00e7a com o PT e o PSD. A avalia\u00e7\u00e3o \u00e9 de que mudan\u00e7as arriscadas podem abrir caminho para o avan\u00e7o da oposi\u00e7\u00e3o liderada por ACM Neto. A postagem de Geddel, segundo interlocutores, teve tom de alerta. Recado foi visto como um chamado \u00e0 prud\u00eancia e \u00e0 coes\u00e3o, sinalizando que o MDB quer manter protagonismo na base, mas sem romper a parceria que governa a Bahia h\u00e1 quase duas d\u00e9cadas. Com o tabuleiro de 2026 cada vez mais movimentado, o gesto do emedebista reacendeu discuss\u00f5es sobre lideran\u00e7a e espa\u00e7o de poder. Movimenta\u00e7\u00e3o mostra que, longe dos cargos p\u00fablicos, Geddel continua sendo um nome com influ\u00eancia decisiva nas costuras pol\u00edticas do estado.\" \/>\n<meta property=\"og:url\" content=\"https:\/\/sudoesteacontece.com.br\/?p=2063\" \/>\n<meta property=\"og:site_name\" content=\"Sudoesteacontece\" \/>\n<meta property=\"article:publisher\" content=\"https:\/\/www.facebook.com\/sudoesteacontece\/?locale=pt_BR\" \/>\n<meta property=\"article:published_time\" content=\"2025-11-07T19:52:20+00:00\" \/>\n<meta property=\"article:modified_time\" content=\"2025-11-07T19:52:21+00:00\" \/>\n<meta property=\"og:image\" content=\"https:\/\/sudoesteacontece.com.br\/wp-content\/uploads\/2025\/11\/Geddel-envia-recado-a-Jeronimo-e-esquenta-disputa-pela-chapa-de-2026-sudoeste-acontece.webp\" \/>\n\t<meta property=\"og:image:width\" content=\"800\" \/>\n\t<meta property=\"og:image:height\" content=\"565\" \/>\n\t<meta property=\"og:image:type\" content=\"image\/webp\" \/>\n<meta name=\"author\" content=\"Washington Tiago\" \/>\n<meta name=\"twitter:card\" content=\"summary_large_image\" \/>\n<meta name=\"twitter:label1\" content=\"Escrito por\" \/>\n\t<meta name=\"twitter:data1\" content=\"Washington Tiago\" \/>\n\t<meta name=\"twitter:label2\" content=\"Est. tempo de leitura\" \/>\n\t<meta name=\"twitter:data2\" content=\"2 minutos\" \/>\n<script type=\"application\/ld+json\" class=\"yoast-schema-graph\">{\"@context\":\"https:\/\/schema.org\",\"@graph\":[{\"@type\":\"Article\",\"@id\":\"https:\/\/sudoesteacontece.com.br\/?p=2063#article\",\"isPartOf\":{\"@id\":\"https:\/\/sudoesteacontece.com.br\/?p=2063\"},\"author\":{\"name\":\"Washington Tiago\",\"@id\":\"https:\/\/sudoesteacontece.com.br\/#\/schema\/person\/3cf2cf009926a9683ebc29d5379fa79c\"},\"headline\":\"Geddel envia recado a Jer\u00f4nimo e esquenta disputa pela chapa de 2026\",\"datePublished\":\"2025-11-07T19:52:20+00:00\",\"dateModified\":\"2025-11-07T19:52:21+00:00\",\"mainEntityOfPage\":{\"@id\":\"https:\/\/sudoesteacontece.com.br\/?p=2063\"},\"wordCount\":382,\"commentCount\":0,\"publisher\":{\"@id\":\"https:\/\/sudoesteacontece.com.br\/#organization\"},\"image\":{\"@id\":\"https:\/\/sudoesteacontece.com.br\/?p=2063#primaryimage\"},\"thumbnailUrl\":\"https:\/\/sudoesteacontece.com.br\/wp-content\/uploads\/2025\/11\/Geddel-envia-recado-a-Jeronimo-e-esquenta-disputa-pela-chapa-de-2026-sudoeste-acontece.webp\",\"articleSection\":[\"Bahia\",\"Elei\u00e7\u00f5es 2026\",\"Pol\u00edtica\"],\"inLanguage\":\"pt-BR\",\"potentialAction\":[{\"@type\":\"CommentAction\",\"name\":\"Comment\",\"target\":[\"https:\/\/sudoesteacontece.com.br\/?p=2063#respond\"]}]},{\"@type\":\"WebPage\",\"@id\":\"https:\/\/sudoesteacontece.com.br\/?p=2063\",\"url\":\"https:\/\/sudoesteacontece.com.br\/?p=2063\",\"name\":\"Geddel envia recado a Jer\u00f4nimo e esquenta disputa pela chapa de 2026 - Sudoesteacontece\",\"isPartOf\":{\"@id\":\"https:\/\/sudoesteacontece.com.br\/#website\"},\"primaryImageOfPage\":{\"@id\":\"https:\/\/sudoesteacontece.com.br\/?p=2063#primaryimage\"},\"image\":{\"@id\":\"https:\/\/sudoesteacontece.com.br\/?p=2063#primaryimage\"},\"thumbnailUrl\":\"https:\/\/sudoesteacontece.com.br\/wp-content\/uploads\/2025\/11\/Geddel-envia-recado-a-Jeronimo-e-esquenta-disputa-pela-chapa-de-2026-sudoeste-acontece.webp\",\"datePublished\":\"2025-11-07T19:52:20+00:00\",\"dateModified\":\"2025-11-07T19:52:21+00:00\",\"breadcrumb\":{\"@id\":\"https:\/\/sudoesteacontece.com.br\/?p=2063#breadcrumb\"},\"inLanguage\":\"pt-BR\",\"potentialAction\":[{\"@type\":\"ReadAction\",\"target\":[\"https:\/\/sudoesteacontece.com.br\/?p=2063\"]}]},{\"@type\":\"ImageObject\",\"inLanguage\":\"pt-BR\",\"@id\":\"https:\/\/sudoesteacontece.com.br\/?p=2063#primaryimage\",\"url\":\"https:\/\/sudoesteacontece.com.br\/wp-content\/uploads\/2025\/11\/Geddel-envia-recado-a-Jeronimo-e-esquenta-disputa-pela-chapa-de-2026-sudoeste-acontece.webp\",\"contentUrl\":\"https:\/\/sudoesteacontece.com.br\/wp-content\/uploads\/2025\/11\/Geddel-envia-recado-a-Jeronimo-e-esquenta-disputa-pela-chapa-de-2026-sudoeste-acontece.webp\",\"width\":800,\"height\":565},{\"@type\":\"BreadcrumbList\",\"@id\":\"https:\/\/sudoesteacontece.com.br\/?p=2063#breadcrumb\",\"itemListElement\":[{\"@type\":\"ListItem\",\"position\":1,\"name\":\"In\u00edcio\",\"item\":\"https:\/\/sudoesteacontece.com.br\/\"},{\"@type\":\"ListItem\",\"position\":2,\"name\":\"Geddel envia recado a Jer\u00f4nimo e esquenta disputa pela chapa de 2026\"}]},{\"@type\":\"WebSite\",\"@id\":\"https:\/\/sudoesteacontece.com.br\/#website\",\"url\":\"https:\/\/sudoesteacontece.com.br\/\",\"name\":\"Sudoesteacontece\",\"description\":\"\",\"publisher\":{\"@id\":\"https:\/\/sudoesteacontece.com.br\/#organization\"},\"potentialAction\":[{\"@type\":\"SearchAction\",\"target\":{\"@type\":\"EntryPoint\",\"urlTemplate\":\"https:\/\/sudoesteacontece.com.br\/?s={search_term_string}\"},\"query-input\":{\"@type\":\"PropertyValueSpecification\",\"valueRequired\":true,\"valueName\":\"search_term_string\"}}],\"inLanguage\":\"pt-BR\"},{\"@type\":\"Organization\",\"@id\":\"https:\/\/sudoesteacontece.com.br\/#organization\",\"name\":\"Sudoesteacontece\",\"url\":\"https:\/\/sudoesteacontece.com.br\/\",\"logo\":{\"@type\":\"ImageObject\",\"inLanguage\":\"pt-BR\",\"@id\":\"https:\/\/sudoesteacontece.com.br\/#\/schema\/logo\/image\/\",\"url\":\"https:\/\/sudoesteacontece.com.br\/wp-content\/uploads\/2025\/12\/cropped-logo-2-180x180-1.png\",\"contentUrl\":\"https:\/\/sudoesteacontece.com.br\/wp-content\/uploads\/2025\/12\/cropped-logo-2-180x180-1.png\",\"width\":180,\"height\":180,\"caption\":\"Sudoesteacontece\"},\"image\":{\"@id\":\"https:\/\/sudoesteacontece.com.br\/#\/schema\/logo\/image\/\"},\"sameAs\":[\"https:\/\/www.facebook.com\/sudoesteacontece\/?locale=pt_BR\"]},{\"@type\":\"Person\",\"@id\":\"https:\/\/sudoesteacontece.com.br\/#\/schema\/person\/3cf2cf009926a9683ebc29d5379fa79c\",\"name\":\"Washington Tiago\",\"image\":{\"@type\":\"ImageObject\",\"inLanguage\":\"pt-BR\",\"@id\":\"https:\/\/sudoesteacontece.com.br\/#\/schema\/person\/image\/\",\"url\":\"https:\/\/secure.gravatar.com\/avatar\/33c43b8668157e040f9d1fe93c354bf087cbd8ba36270c1163198bd3ddcf2a56?s=96&d=mm&r=g\",\"contentUrl\":\"https:\/\/secure.gravatar.com\/avatar\/33c43b8668157e040f9d1fe93c354bf087cbd8ba36270c1163198bd3ddcf2a56?s=96&d=mm&r=g\",\"caption\":\"Washington Tiago\"},\"url\":\"https:\/\/sudoesteacontece.com.br\/?author=2\"}]}<\/script>\n<!-- \/ Yoast SEO plugin. -->","yoast_head_json":{"title":"Geddel envia recado a Jer\u00f4nimo e esquenta disputa pela chapa de 2026 - Sudoesteacontece","robots":{"index":"index","follow":"follow","max-snippet":"max-snippet:-1","max-image-preview":"max-image-preview:large","max-video-preview":"max-video-preview:-1"},"canonical":"https:\/\/sudoesteacontece.com.br\/?p=2063","og_locale":"pt_BR","og_type":"article","og_title":"Geddel envia recado a Jer\u00f4nimo e esquenta disputa pela chapa de 2026 - Sudoesteacontece","og_description":"Geddel Vieira Lima voltou ao centro das articula\u00e7\u00f5es pol\u00edticas na Bahia. O ex-ministro do MDB usou as redes sociais para mandar um recado direto ao governador Jer\u00f4nimo Rodrigues (PT), em meio \u00e0s negocia\u00e7\u00f5es pela forma\u00e7\u00e3o da chapa majorit\u00e1ria para 2026. Em tom anal\u00edtico, mas com clara mensagem de bastidor, o emedebista afirmou ter percorrido o interior do estado e reconheceu a for\u00e7a de ACM Neto (Uni\u00e3o) caso o ex-prefeito de Salvador dispute novamente o governo. Segundo ele, a base governista precisar\u00e1 de \u201cmuita unidade e nenhum salto alto\u201d para enfrentar a oposi\u00e7\u00e3o. \u201cSe realmente for candidato, o ex-prefeito de Salvador ser\u00e1 extremamente competitivo, exigindo das for\u00e7as que o MDB integra muita unidade, nenhum salto alto e redobrada aten\u00e7\u00e3o aos que comeram poeira quando poucos acreditavam\u201d, escreveu Geddel, marcando Jer\u00f4nimo, Jaques Wagner (PT), Angelo Coronel (PSD) e o vice-governador Geraldo J\u00fanior (MDB). Publica\u00e7\u00e3o repercutiu de imediato entre aliados. Nos bastidores, foi lida como um recado direto ao governador e ao PT, num momento em que crescem as disputas internas sobre o futuro da chapa governista. O MDB, comandado por Geddel, defende a manuten\u00e7\u00e3o de Geraldo J\u00fanior e dos dois senadores atuais, Wagner e Coronel, sem abrir espa\u00e7o para Rui Costa (PT), ministro da Casa Civil, que sonha com o Senado. Fontes pr\u00f3ximas ao ex-ministro afirmam que ele tem refor\u00e7ado, em conversas reservadas, a import\u00e2ncia de preservar o equil\u00edbrio da alian\u00e7a com o PT e o PSD. A avalia\u00e7\u00e3o \u00e9 de que mudan\u00e7as arriscadas podem abrir caminho para o avan\u00e7o da oposi\u00e7\u00e3o liderada por ACM Neto. A postagem de Geddel, segundo interlocutores, teve tom de alerta. Recado foi visto como um chamado \u00e0 prud\u00eancia e \u00e0 coes\u00e3o, sinalizando que o MDB quer manter protagonismo na base, mas sem romper a parceria que governa a Bahia h\u00e1 quase duas d\u00e9cadas. Com o tabuleiro de 2026 cada vez mais movimentado, o gesto do emedebista reacendeu discuss\u00f5es sobre lideran\u00e7a e espa\u00e7o de poder. Movimenta\u00e7\u00e3o mostra que, longe dos cargos p\u00fablicos, Geddel continua sendo um nome com influ\u00eancia decisiva nas costuras pol\u00edticas do estado.","og_url":"https:\/\/sudoesteacontece.com.br\/?p=2063","og_site_name":"Sudoesteacontece","article_publisher":"https:\/\/www.facebook.com\/sudoesteacontece\/?locale=pt_BR","article_published_time":"2025-11-07T19:52:20+00:00","article_modified_time":"2025-11-07T19:52:21+00:00","og_image":[{"width":800,"height":565,"url":"https:\/\/sudoesteacontece.com.br\/wp-content\/uploads\/2025\/11\/Geddel-envia-recado-a-Jeronimo-e-esquenta-disputa-pela-chapa-de-2026-sudoeste-acontece.webp","type":"image\/webp"}],"author":"Washington Tiago","twitter_card":"summary_large_image","twitter_misc":{"Escrito por":"Washington Tiago","Est. tempo de leitura":"2 minutos"},"schema":{"@context":"https:\/\/schema.org","@graph":[{"@type":"Article","@id":"https:\/\/sudoesteacontece.com.br\/?p=2063#article","isPartOf":{"@id":"https:\/\/sudoesteacontece.com.br\/?p=2063"},"author":{"name":"Washington Tiago","@id":"https:\/\/sudoesteacontece.com.br\/#\/schema\/person\/3cf2cf009926a9683ebc29d5379fa79c"},"headline":"Geddel envia recado a Jer\u00f4nimo e esquenta disputa pela chapa de 2026","datePublished":"2025-11-07T19:52:20+00:00","dateModified":"2025-11-07T19:52:21+00:00","mainEntityOfPage":{"@id":"https:\/\/sudoesteacontece.com.br\/?p=2063"},"wordCount":382,"commentCount":0,"publisher":{"@id":"https:\/\/sudoesteacontece.com.br\/#organization"},"image":{"@id":"https:\/\/sudoesteacontece.com.br\/?p=2063#primaryimage"},"thumbnailUrl":"https:\/\/sudoesteacontece.com.br\/wp-content\/uploads\/2025\/11\/Geddel-envia-recado-a-Jeronimo-e-esquenta-disputa-pela-chapa-de-2026-sudoeste-acontece.webp","articleSection":["Bahia","Elei\u00e7\u00f5es 2026","Pol\u00edtica"],"inLanguage":"pt-BR","potentialAction":[{"@type":"CommentAction","name":"Comment","target":["https:\/\/sudoesteacontece.com.br\/?p=2063#respond"]}]},{"@type":"WebPage","@id":"https:\/\/sudoesteacontece.com.br\/?p=2063","url":"https:\/\/sudoesteacontece.com.br\/?p=2063","name":"Geddel envia recado a Jer\u00f4nimo e esquenta disputa pela chapa de 2026 - Sudoesteacontece","isPartOf":{"@id":"https:\/\/sudoesteacontece.com.br\/#website"},"primaryImageOfPage":{"@id":"https:\/\/sudoesteacontece.com.br\/?p=2063#primaryimage"},"image":{"@id":"https:\/\/sudoesteacontece.com.br\/?p=2063#primaryimage"},"thumbnailUrl":"https:\/\/sudoesteacontece.com.br\/wp-content\/uploads\/2025\/11\/Geddel-envia-recado-a-Jeronimo-e-esquenta-disputa-pela-chapa-de-2026-sudoeste-acontece.webp","datePublished":"2025-11-07T19:52:20+00:00","dateModified":"2025-11-07T19:52:21+00:00","breadcrumb":{"@id":"https:\/\/sudoesteacontece.com.br\/?p=2063#breadcrumb"},"inLanguage":"pt-BR","potentialAction":[{"@type":"ReadAction","target":["https:\/\/sudoesteacontece.com.br\/?p=2063"]}]},{"@type":"ImageObject","inLanguage":"pt-BR","@id":"https:\/\/sudoesteacontece.com.br\/?p=2063#primaryimage","url":"https:\/\/sudoesteacontece.com.br\/wp-content\/uploads\/2025\/11\/Geddel-envia-recado-a-Jeronimo-e-esquenta-disputa-pela-chapa-de-2026-sudoeste-acontece.webp","contentUrl":"https:\/\/sudoesteacontece.com.br\/wp-content\/uploads\/2025\/11\/Geddel-envia-recado-a-Jeronimo-e-esquenta-disputa-pela-chapa-de-2026-sudoeste-acontece.webp","width":800,"height":565},{"@type":"BreadcrumbList","@id":"https:\/\/sudoesteacontece.com.br\/?p=2063#breadcrumb","itemListElement":[{"@type":"ListItem","position":1,"name":"In\u00edcio","item":"https:\/\/sudoesteacontece.com.br\/"},{"@type":"ListItem","position":2,"name":"Geddel envia recado a Jer\u00f4nimo e esquenta disputa pela chapa de 2026"}]},{"@type":"WebSite","@id":"https:\/\/sudoesteacontece.com.br\/#website","url":"https:\/\/sudoesteacontece.com.br\/","name":"Sudoesteacontece","description":"","publisher":{"@id":"https:\/\/sudoesteacontece.com.br\/#organization"},"potentialAction":[{"@type":"SearchAction","target":{"@type":"EntryPoint","urlTemplate":"https:\/\/sudoesteacontece.com.br\/?s={search_term_string}"},"query-input":{"@type":"PropertyValueSpecification","valueRequired":true,"valueName":"search_term_string"}}],"inLanguage":"pt-BR"},{"@type":"Organization","@id":"https:\/\/sudoesteacontece.com.br\/#organization","name":"Sudoesteacontece","url":"https:\/\/sudoesteacontece.com.br\/","logo":{"@type":"ImageObject","inLanguage":"pt-BR","@id":"https:\/\/sudoesteacontece.com.br\/#\/schema\/logo\/image\/","url":"https:\/\/sudoesteacontece.com.br\/wp-content\/uploads\/2025\/12\/cropped-logo-2-180x180-1.png","contentUrl":"https:\/\/sudoesteacontece.com.br\/wp-content\/uploads\/2025\/12\/cropped-logo-2-180x180-1.png","width":180,"height":180,"caption":"Sudoesteacontece"},"image":{"@id":"https:\/\/sudoesteacontece.com.br\/#\/schema\/logo\/image\/"},"sameAs":["https:\/\/www.facebook.com\/sudoesteacontece\/?locale=pt_BR"]},{"@type":"Person","@id":"https:\/\/sudoesteacontece.com.br\/#\/schema\/person\/3cf2cf009926a9683ebc29d5379fa79c","name":"Washington Tiago","image":{"@type":"ImageObject","inLanguage":"pt-BR","@id":"https:\/\/sudoesteacontece.com.br\/#\/schema\/person\/image\/","url":"https:\/\/secure.gravatar.com\/avatar\/33c43b8668157e040f9d1fe93c354bf087cbd8ba36270c1163198bd3ddcf2a56?s=96&d=mm&r=g","contentUrl":"https:\/\/secure.gravatar.com\/avatar\/33c43b8668157e040f9d1fe93c354bf087cbd8ba36270c1163198bd3ddcf2a56?s=96&d=mm&r=g","caption":"Washington Tiago"},"url":"https:\/\/sudoesteacontece.com.br\/?author=2"}]}},"_links":{"self":[{"href":"https:\/\/sudoesteacontece.com.br\/index.php?rest_route=\/wp\/v2\/posts\/2063","targetHints":{"allow":["GET"]}}],"collection":[{"href":"https:\/\/sudoesteacontece.com.br\/index.php?rest_route=\/wp\/v2\/posts"}],"about":[{"href":"https:\/\/sudoesteacontece.com.br\/index.php?rest_route=\/wp\/v2\/types\/post"}],"author":[{"embeddable":true,"href":"https:\/\/sudoesteacontece.com.br\/index.php?rest_route=\/wp\/v2\/users\/2"}],"replies":[{"embeddable":true,"href":"https:\/\/sudoesteacontece.com.br\/index.php?rest_route=%2Fwp%2Fv2%2Fcomments&post=2063"}],"version-history":[{"count":0,"href":"https:\/\/sudoesteacontece.com.br\/index.php?rest_route=\/wp\/v2\/posts\/2063\/revisions"}],"wp:featuredmedia":[{"embeddable":true,"href":"https:\/\/sudoesteacontece.com.br\/index.php?rest_route=\/wp\/v2\/media\/2074"}],"wp:attachment":[{"href":"https:\/\/sudoesteacontece.com.br\/index.php?rest_route=%2Fwp%2Fv2%2Fmedia&parent=2063"}],"wp:term":[{"taxonomy":"category","embeddable":true,"href":"https:\/\/sudoesteacontece.com.br\/index.php?rest_route=%2Fwp%2Fv2%2Fcategories&post=2063"},{"taxonomy":"post_tag","embeddable":true,"href":"https:\/\/sudoesteacontece.com.br\/index.php?rest_route=%2Fwp%2Fv2%2Ftags&post=2063"}],"curies":[{"name":"wp","href":"https:\/\/api.w.org\/{rel}","templated":true}]}}