{"id":2065,"date":"2025-11-07T17:00:18","date_gmt":"2025-11-07T20:00:18","guid":{"rendered":"https:\/\/sudoesteacontece.com.br\/?p=2065"},"modified":"2025-11-07T17:00:47","modified_gmt":"2025-11-07T20:00:47","slug":"ciprv-brumado-apreende-carro-com-chassi-adulterado-em-barra-da-estiva","status":"publish","type":"post","link":"https:\/\/sudoesteacontece.com.br\/?p=2065","title":{"rendered":"CIPRv\/Brumado apreende carro com chassi adulterado em Barra da Estiva"},"content":{"rendered":"<div class=\"wp-block-image\">\n<figure class=\"aligncenter size-large\"><img fetchpriority=\"high\" decoding=\"async\" width=\"1024\" height=\"706\" src=\"http:\/\/sudoesteacontece.com.br\/wp-content\/uploads\/2025\/11\/CIPRvBrumado-apreende-carro-com-chassi-adulterado-em-Barra-da-Estiva-sudoeste-acontece-1024x706.jpg\" alt=\"\" class=\"wp-image-2078\" srcset=\"https:\/\/sudoesteacontece.com.br\/wp-content\/uploads\/2025\/11\/CIPRvBrumado-apreende-carro-com-chassi-adulterado-em-Barra-da-Estiva-sudoeste-acontece-1024x706.jpg 1024w, https:\/\/sudoesteacontece.com.br\/wp-content\/uploads\/2025\/11\/CIPRvBrumado-apreende-carro-com-chassi-adulterado-em-Barra-da-Estiva-sudoeste-acontece-300x207.jpg 300w, https:\/\/sudoesteacontece.com.br\/wp-content\/uploads\/2025\/11\/CIPRvBrumado-apreende-carro-com-chassi-adulterado-em-Barra-da-Estiva-sudoeste-acontece-768x530.jpg 768w, https:\/\/sudoesteacontece.com.br\/wp-content\/uploads\/2025\/11\/CIPRvBrumado-apreende-carro-com-chassi-adulterado-em-Barra-da-Estiva-sudoeste-acontece-1536x1060.jpg 1536w, https:\/\/sudoesteacontece.com.br\/wp-content\/uploads\/2025\/11\/CIPRvBrumado-apreende-carro-com-chassi-adulterado-em-Barra-da-Estiva-sudoeste-acontece.jpg 1844w\" sizes=\"(max-width: 1024px) 100vw, 1024px\" \/><\/figure>\n<\/div>\n\n\n<p><br>Policiais da Companhia Independente de Pol\u00edcia Rodovi\u00e1ria (CIPRv\/Brumado) apreenderam um ve\u00edculo com chassi adulterado na manh\u00e3 de quinta-feira (6), por volta das 10h20, no munic\u00edpio de Barra da Estiva, na Chapada Diamantina. A a\u00e7\u00e3o ocorreu durante uma opera\u00e7\u00e3o de rotina no Posto Rodovi\u00e1rio de Sussuarana.<\/p>\n\n\n\n<p>Equipes realizavam abordagens preventivas a ve\u00edculos quando perceberam irregularidades na numera\u00e7\u00e3o do chassi de um autom\u00f3vel. O dado incompleto e com sinais de raspagem levantou a suspeita de adultera\u00e7\u00e3o, ind\u00edcio comum em casos de clonagem ou roubo de ve\u00edculos.<\/p>\n\n\n\n<p>Os policiais realizaram uma verifica\u00e7\u00e3o minuciosa e confirmaram que o n\u00famero gravado no motor tamb\u00e9m apresentava inconsist\u00eancias, o que refor\u00e7ou a suspeita de crime. O condutor, que n\u00e3o teve o nome revelado, afirmou ter comprado o carro recentemente, mas n\u00e3o apresentou nota fiscal nem comprovante de proced\u00eancia.<\/p>\n\n\n\n<p>Diante das evid\u00eancias, o ve\u00edculo foi apreendido e encaminhado \u00e0 Delegacia de Pol\u00edcia Civil de Barra da Estiva. O motorista tamb\u00e9m foi conduzido para prestar esclarecimentos e deve responder por recepta\u00e7\u00e3o e adultera\u00e7\u00e3o de sinal identificador de ve\u00edculo automotor.<\/p>\n\n\n\n<p>A Pol\u00edcia Civil instaurou inqu\u00e9rito para identificar a origem do autom\u00f3vel e verificar se h\u00e1 envolvimento de quadrilhas especializadas no roubo e revenda de carros adulterados na regi\u00e3o. Segundo a CIPRv, a\u00e7\u00f5es de fiscaliza\u00e7\u00e3o t\u00eam sido intensificadas nas rodovias da Chapada Diamantina para combater o tr\u00e1fico de ve\u00edculos e garantir mais seguran\u00e7a aos condutores.<\/p>\n","protected":false},"excerpt":{"rendered":"<p>Policiais da Companhia Independente de Pol\u00edcia Rodovi\u00e1ria (CIPRv\/Brumado) apreenderam um ve\u00edculo com chassi adulterado na manh\u00e3 de quinta-feira (6), por volta das 10h20, no munic\u00edpio de Barra da Estiva, na Chapada Diamantina. A a\u00e7\u00e3o ocorreu durante uma opera\u00e7\u00e3o de rotina no Posto Rodovi\u00e1rio de Sussuarana. Equipes realizavam abordagens preventivas a ve\u00edculos quando perceberam irregularidades na numera\u00e7\u00e3o do chassi de um autom\u00f3vel. O dado incompleto e com sinais de raspagem levantou a suspeita de adultera\u00e7\u00e3o, ind\u00edcio comum em casos de clonagem ou roubo de ve\u00edculos. Os policiais realizaram uma verifica\u00e7\u00e3o minuciosa e confirmaram que o n\u00famero gravado no motor tamb\u00e9m apresentava inconsist\u00eancias, o que refor\u00e7ou a suspeita de crime. O condutor, que n\u00e3o teve o nome revelado, afirmou ter comprado o carro recentemente, mas n\u00e3o apresentou nota fiscal nem comprovante de proced\u00eancia. Diante das evid\u00eancias, o ve\u00edculo foi apreendido e encaminhado \u00e0 Delegacia de Pol\u00edcia Civil de Barra da Estiva. O motorista tamb\u00e9m foi conduzido para prestar esclarecimentos e deve responder por recepta\u00e7\u00e3o e adultera\u00e7\u00e3o de sinal identificador de ve\u00edculo automotor. A Pol\u00edcia Civil instaurou inqu\u00e9rito para identificar a origem do autom\u00f3vel e verificar se h\u00e1 envolvimento de quadrilhas especializadas no roubo e revenda de carros adulterados na regi\u00e3o. Segundo a CIPRv, a\u00e7\u00f5es de fiscaliza\u00e7\u00e3o t\u00eam sido intensificadas nas rodovias da Chapada Diamantina para combater o tr\u00e1fico de ve\u00edculos e garantir mais seguran\u00e7a aos condutores.<\/p>\n","protected":false},"author":2,"featured_media":2078,"comment_status":"open","ping_status":"open","sticky":false,"template":"","format":"standard","meta":{"footnotes":""},"categories":[70,4,3],"tags":[],"class_list":["post-2065","post","type-post","status-publish","format-standard","has-post-thumbnail","hentry","category-barra-da-estiva","category-cidades","category-policia"],"yoast_head":"<!-- This site is optimized with the Yoast SEO plugin v26.5 - https:\/\/yoast.com\/wordpress\/plugins\/seo\/ -->\n<title>CIPRv\/Brumado apreende carro com chassi adulterado em Barra da Estiva - Sudoesteacontece<\/title>\n<meta name=\"robots\" content=\"index, follow, max-snippet:-1, max-image-preview:large, max-video-preview:-1\" \/>\n<link rel=\"canonical\" href=\"https:\/\/sudoesteacontece.com.br\/?p=2065\" \/>\n<meta property=\"og:locale\" content=\"pt_BR\" \/>\n<meta property=\"og:type\" content=\"article\" \/>\n<meta property=\"og:title\" content=\"CIPRv\/Brumado apreende carro com chassi adulterado em Barra da Estiva - Sudoesteacontece\" \/>\n<meta property=\"og:description\" content=\"Policiais da Companhia Independente de Pol\u00edcia Rodovi\u00e1ria (CIPRv\/Brumado) apreenderam um ve\u00edculo com chassi adulterado na manh\u00e3 de quinta-feira (6), por volta das 10h20, no munic\u00edpio de Barra da Estiva, na Chapada Diamantina. A a\u00e7\u00e3o ocorreu durante uma opera\u00e7\u00e3o de rotina no Posto Rodovi\u00e1rio de Sussuarana. Equipes realizavam abordagens preventivas a ve\u00edculos quando perceberam irregularidades na numera\u00e7\u00e3o do chassi de um autom\u00f3vel. O dado incompleto e com sinais de raspagem levantou a suspeita de adultera\u00e7\u00e3o, ind\u00edcio comum em casos de clonagem ou roubo de ve\u00edculos. Os policiais realizaram uma verifica\u00e7\u00e3o minuciosa e confirmaram que o n\u00famero gravado no motor tamb\u00e9m apresentava inconsist\u00eancias, o que refor\u00e7ou a suspeita de crime. O condutor, que n\u00e3o teve o nome revelado, afirmou ter comprado o carro recentemente, mas n\u00e3o apresentou nota fiscal nem comprovante de proced\u00eancia. Diante das evid\u00eancias, o ve\u00edculo foi apreendido e encaminhado \u00e0 Delegacia de Pol\u00edcia Civil de Barra da Estiva. O motorista tamb\u00e9m foi conduzido para prestar esclarecimentos e deve responder por recepta\u00e7\u00e3o e adultera\u00e7\u00e3o de sinal identificador de ve\u00edculo automotor. A Pol\u00edcia Civil instaurou inqu\u00e9rito para identificar a origem do autom\u00f3vel e verificar se h\u00e1 envolvimento de quadrilhas especializadas no roubo e revenda de carros adulterados na regi\u00e3o. Segundo a CIPRv, a\u00e7\u00f5es de fiscaliza\u00e7\u00e3o t\u00eam sido intensificadas nas rodovias da Chapada Diamantina para combater o tr\u00e1fico de ve\u00edculos e garantir mais seguran\u00e7a aos condutores.\" \/>\n<meta property=\"og:url\" content=\"https:\/\/sudoesteacontece.com.br\/?p=2065\" \/>\n<meta property=\"og:site_name\" content=\"Sudoesteacontece\" \/>\n<meta property=\"article:publisher\" content=\"https:\/\/www.facebook.com\/sudoesteacontece\/?locale=pt_BR\" \/>\n<meta property=\"article:published_time\" content=\"2025-11-07T20:00:18+00:00\" \/>\n<meta property=\"article:modified_time\" content=\"2025-11-07T20:00:47+00:00\" \/>\n<meta property=\"og:image\" content=\"https:\/\/sudoesteacontece.com.br\/wp-content\/uploads\/2025\/11\/CIPRvBrumado-apreende-carro-com-chassi-adulterado-em-Barra-da-Estiva-sudoeste-acontece.jpg\" \/>\n\t<meta property=\"og:image:width\" content=\"1844\" \/>\n\t<meta property=\"og:image:height\" content=\"1272\" \/>\n\t<meta property=\"og:image:type\" content=\"image\/jpeg\" \/>\n<meta name=\"author\" content=\"Washington Tiago\" \/>\n<meta name=\"twitter:card\" content=\"summary_large_image\" \/>\n<meta name=\"twitter:label1\" content=\"Escrito por\" \/>\n\t<meta name=\"twitter:data1\" content=\"Washington Tiago\" \/>\n\t<meta name=\"twitter:label2\" content=\"Est. tempo de leitura\" \/>\n\t<meta name=\"twitter:data2\" content=\"1 minuto\" \/>\n<script type=\"application\/ld+json\" class=\"yoast-schema-graph\">{\"@context\":\"https:\/\/schema.org\",\"@graph\":[{\"@type\":\"Article\",\"@id\":\"https:\/\/sudoesteacontece.com.br\/?p=2065#article\",\"isPartOf\":{\"@id\":\"https:\/\/sudoesteacontece.com.br\/?p=2065\"},\"author\":{\"name\":\"Washington Tiago\",\"@id\":\"https:\/\/sudoesteacontece.com.br\/#\/schema\/person\/3cf2cf009926a9683ebc29d5379fa79c\"},\"headline\":\"CIPRv\/Brumado apreende carro com chassi adulterado em Barra da Estiva\",\"datePublished\":\"2025-11-07T20:00:18+00:00\",\"dateModified\":\"2025-11-07T20:00:47+00:00\",\"mainEntityOfPage\":{\"@id\":\"https:\/\/sudoesteacontece.com.br\/?p=2065\"},\"wordCount\":272,\"commentCount\":0,\"publisher\":{\"@id\":\"https:\/\/sudoesteacontece.com.br\/#organization\"},\"image\":{\"@id\":\"https:\/\/sudoesteacontece.com.br\/?p=2065#primaryimage\"},\"thumbnailUrl\":\"https:\/\/sudoesteacontece.com.br\/wp-content\/uploads\/2025\/11\/CIPRvBrumado-apreende-carro-com-chassi-adulterado-em-Barra-da-Estiva-sudoeste-acontece.jpg\",\"articleSection\":[\"Barra da Estiva\",\"Cidades\",\"Pol\u00edcia\"],\"inLanguage\":\"pt-BR\",\"potentialAction\":[{\"@type\":\"CommentAction\",\"name\":\"Comment\",\"target\":[\"https:\/\/sudoesteacontece.com.br\/?p=2065#respond\"]}]},{\"@type\":\"WebPage\",\"@id\":\"https:\/\/sudoesteacontece.com.br\/?p=2065\",\"url\":\"https:\/\/sudoesteacontece.com.br\/?p=2065\",\"name\":\"CIPRv\/Brumado apreende carro com chassi adulterado em Barra da Estiva - Sudoesteacontece\",\"isPartOf\":{\"@id\":\"https:\/\/sudoesteacontece.com.br\/#website\"},\"primaryImageOfPage\":{\"@id\":\"https:\/\/sudoesteacontece.com.br\/?p=2065#primaryimage\"},\"image\":{\"@id\":\"https:\/\/sudoesteacontece.com.br\/?p=2065#primaryimage\"},\"thumbnailUrl\":\"https:\/\/sudoesteacontece.com.br\/wp-content\/uploads\/2025\/11\/CIPRvBrumado-apreende-carro-com-chassi-adulterado-em-Barra-da-Estiva-sudoeste-acontece.jpg\",\"datePublished\":\"2025-11-07T20:00:18+00:00\",\"dateModified\":\"2025-11-07T20:00:47+00:00\",\"breadcrumb\":{\"@id\":\"https:\/\/sudoesteacontece.com.br\/?p=2065#breadcrumb\"},\"inLanguage\":\"pt-BR\",\"potentialAction\":[{\"@type\":\"ReadAction\",\"target\":[\"https:\/\/sudoesteacontece.com.br\/?p=2065\"]}]},{\"@type\":\"ImageObject\",\"inLanguage\":\"pt-BR\",\"@id\":\"https:\/\/sudoesteacontece.com.br\/?p=2065#primaryimage\",\"url\":\"https:\/\/sudoesteacontece.com.br\/wp-content\/uploads\/2025\/11\/CIPRvBrumado-apreende-carro-com-chassi-adulterado-em-Barra-da-Estiva-sudoeste-acontece.jpg\",\"contentUrl\":\"https:\/\/sudoesteacontece.com.br\/wp-content\/uploads\/2025\/11\/CIPRvBrumado-apreende-carro-com-chassi-adulterado-em-Barra-da-Estiva-sudoeste-acontece.jpg\",\"width\":1844,\"height\":1272},{\"@type\":\"BreadcrumbList\",\"@id\":\"https:\/\/sudoesteacontece.com.br\/?p=2065#breadcrumb\",\"itemListElement\":[{\"@type\":\"ListItem\",\"position\":1,\"name\":\"In\u00edcio\",\"item\":\"https:\/\/sudoesteacontece.com.br\/\"},{\"@type\":\"ListItem\",\"position\":2,\"name\":\"CIPRv\/Brumado apreende carro com chassi adulterado em Barra da Estiva\"}]},{\"@type\":\"WebSite\",\"@id\":\"https:\/\/sudoesteacontece.com.br\/#website\",\"url\":\"https:\/\/sudoesteacontece.com.br\/\",\"name\":\"Sudoesteacontece\",\"description\":\"\",\"publisher\":{\"@id\":\"https:\/\/sudoesteacontece.com.br\/#organization\"},\"potentialAction\":[{\"@type\":\"SearchAction\",\"target\":{\"@type\":\"EntryPoint\",\"urlTemplate\":\"https:\/\/sudoesteacontece.com.br\/?s={search_term_string}\"},\"query-input\":{\"@type\":\"PropertyValueSpecification\",\"valueRequired\":true,\"valueName\":\"search_term_string\"}}],\"inLanguage\":\"pt-BR\"},{\"@type\":\"Organization\",\"@id\":\"https:\/\/sudoesteacontece.com.br\/#organization\",\"name\":\"Sudoesteacontece\",\"url\":\"https:\/\/sudoesteacontece.com.br\/\",\"logo\":{\"@type\":\"ImageObject\",\"inLanguage\":\"pt-BR\",\"@id\":\"https:\/\/sudoesteacontece.com.br\/#\/schema\/logo\/image\/\",\"url\":\"https:\/\/sudoesteacontece.com.br\/wp-content\/uploads\/2025\/12\/cropped-logo-2-180x180-1.png\",\"contentUrl\":\"https:\/\/sudoesteacontece.com.br\/wp-content\/uploads\/2025\/12\/cropped-logo-2-180x180-1.png\",\"width\":180,\"height\":180,\"caption\":\"Sudoesteacontece\"},\"image\":{\"@id\":\"https:\/\/sudoesteacontece.com.br\/#\/schema\/logo\/image\/\"},\"sameAs\":[\"https:\/\/www.facebook.com\/sudoesteacontece\/?locale=pt_BR\"]},{\"@type\":\"Person\",\"@id\":\"https:\/\/sudoesteacontece.com.br\/#\/schema\/person\/3cf2cf009926a9683ebc29d5379fa79c\",\"name\":\"Washington Tiago\",\"image\":{\"@type\":\"ImageObject\",\"inLanguage\":\"pt-BR\",\"@id\":\"https:\/\/sudoesteacontece.com.br\/#\/schema\/person\/image\/\",\"url\":\"https:\/\/secure.gravatar.com\/avatar\/33c43b8668157e040f9d1fe93c354bf087cbd8ba36270c1163198bd3ddcf2a56?s=96&d=mm&r=g\",\"contentUrl\":\"https:\/\/secure.gravatar.com\/avatar\/33c43b8668157e040f9d1fe93c354bf087cbd8ba36270c1163198bd3ddcf2a56?s=96&d=mm&r=g\",\"caption\":\"Washington Tiago\"},\"url\":\"https:\/\/sudoesteacontece.com.br\/?author=2\"}]}<\/script>\n<!-- \/ Yoast SEO plugin. -->","yoast_head_json":{"title":"CIPRv\/Brumado apreende carro com chassi adulterado em Barra da Estiva - Sudoesteacontece","robots":{"index":"index","follow":"follow","max-snippet":"max-snippet:-1","max-image-preview":"max-image-preview:large","max-video-preview":"max-video-preview:-1"},"canonical":"https:\/\/sudoesteacontece.com.br\/?p=2065","og_locale":"pt_BR","og_type":"article","og_title":"CIPRv\/Brumado apreende carro com chassi adulterado em Barra da Estiva - Sudoesteacontece","og_description":"Policiais da Companhia Independente de Pol\u00edcia Rodovi\u00e1ria (CIPRv\/Brumado) apreenderam um ve\u00edculo com chassi adulterado na manh\u00e3 de quinta-feira (6), por volta das 10h20, no munic\u00edpio de Barra da Estiva, na Chapada Diamantina. A a\u00e7\u00e3o ocorreu durante uma opera\u00e7\u00e3o de rotina no Posto Rodovi\u00e1rio de Sussuarana. Equipes realizavam abordagens preventivas a ve\u00edculos quando perceberam irregularidades na numera\u00e7\u00e3o do chassi de um autom\u00f3vel. O dado incompleto e com sinais de raspagem levantou a suspeita de adultera\u00e7\u00e3o, ind\u00edcio comum em casos de clonagem ou roubo de ve\u00edculos. Os policiais realizaram uma verifica\u00e7\u00e3o minuciosa e confirmaram que o n\u00famero gravado no motor tamb\u00e9m apresentava inconsist\u00eancias, o que refor\u00e7ou a suspeita de crime. O condutor, que n\u00e3o teve o nome revelado, afirmou ter comprado o carro recentemente, mas n\u00e3o apresentou nota fiscal nem comprovante de proced\u00eancia. Diante das evid\u00eancias, o ve\u00edculo foi apreendido e encaminhado \u00e0 Delegacia de Pol\u00edcia Civil de Barra da Estiva. O motorista tamb\u00e9m foi conduzido para prestar esclarecimentos e deve responder por recepta\u00e7\u00e3o e adultera\u00e7\u00e3o de sinal identificador de ve\u00edculo automotor. A Pol\u00edcia Civil instaurou inqu\u00e9rito para identificar a origem do autom\u00f3vel e verificar se h\u00e1 envolvimento de quadrilhas especializadas no roubo e revenda de carros adulterados na regi\u00e3o. Segundo a CIPRv, a\u00e7\u00f5es de fiscaliza\u00e7\u00e3o t\u00eam sido intensificadas nas rodovias da Chapada Diamantina para combater o tr\u00e1fico de ve\u00edculos e garantir mais seguran\u00e7a aos condutores.","og_url":"https:\/\/sudoesteacontece.com.br\/?p=2065","og_site_name":"Sudoesteacontece","article_publisher":"https:\/\/www.facebook.com\/sudoesteacontece\/?locale=pt_BR","article_published_time":"2025-11-07T20:00:18+00:00","article_modified_time":"2025-11-07T20:00:47+00:00","og_image":[{"width":1844,"height":1272,"url":"https:\/\/sudoesteacontece.com.br\/wp-content\/uploads\/2025\/11\/CIPRvBrumado-apreende-carro-com-chassi-adulterado-em-Barra-da-Estiva-sudoeste-acontece.jpg","type":"image\/jpeg"}],"author":"Washington Tiago","twitter_card":"summary_large_image","twitter_misc":{"Escrito por":"Washington Tiago","Est. tempo de leitura":"1 minuto"},"schema":{"@context":"https:\/\/schema.org","@graph":[{"@type":"Article","@id":"https:\/\/sudoesteacontece.com.br\/?p=2065#article","isPartOf":{"@id":"https:\/\/sudoesteacontece.com.br\/?p=2065"},"author":{"name":"Washington Tiago","@id":"https:\/\/sudoesteacontece.com.br\/#\/schema\/person\/3cf2cf009926a9683ebc29d5379fa79c"},"headline":"CIPRv\/Brumado apreende carro com chassi adulterado em Barra da Estiva","datePublished":"2025-11-07T20:00:18+00:00","dateModified":"2025-11-07T20:00:47+00:00","mainEntityOfPage":{"@id":"https:\/\/sudoesteacontece.com.br\/?p=2065"},"wordCount":272,"commentCount":0,"publisher":{"@id":"https:\/\/sudoesteacontece.com.br\/#organization"},"image":{"@id":"https:\/\/sudoesteacontece.com.br\/?p=2065#primaryimage"},"thumbnailUrl":"https:\/\/sudoesteacontece.com.br\/wp-content\/uploads\/2025\/11\/CIPRvBrumado-apreende-carro-com-chassi-adulterado-em-Barra-da-Estiva-sudoeste-acontece.jpg","articleSection":["Barra da Estiva","Cidades","Pol\u00edcia"],"inLanguage":"pt-BR","potentialAction":[{"@type":"CommentAction","name":"Comment","target":["https:\/\/sudoesteacontece.com.br\/?p=2065#respond"]}]},{"@type":"WebPage","@id":"https:\/\/sudoesteacontece.com.br\/?p=2065","url":"https:\/\/sudoesteacontece.com.br\/?p=2065","name":"CIPRv\/Brumado apreende carro com chassi adulterado em Barra da Estiva - Sudoesteacontece","isPartOf":{"@id":"https:\/\/sudoesteacontece.com.br\/#website"},"primaryImageOfPage":{"@id":"https:\/\/sudoesteacontece.com.br\/?p=2065#primaryimage"},"image":{"@id":"https:\/\/sudoesteacontece.com.br\/?p=2065#primaryimage"},"thumbnailUrl":"https:\/\/sudoesteacontece.com.br\/wp-content\/uploads\/2025\/11\/CIPRvBrumado-apreende-carro-com-chassi-adulterado-em-Barra-da-Estiva-sudoeste-acontece.jpg","datePublished":"2025-11-07T20:00:18+00:00","dateModified":"2025-11-07T20:00:47+00:00","breadcrumb":{"@id":"https:\/\/sudoesteacontece.com.br\/?p=2065#breadcrumb"},"inLanguage":"pt-BR","potentialAction":[{"@type":"ReadAction","target":["https:\/\/sudoesteacontece.com.br\/?p=2065"]}]},{"@type":"ImageObject","inLanguage":"pt-BR","@id":"https:\/\/sudoesteacontece.com.br\/?p=2065#primaryimage","url":"https:\/\/sudoesteacontece.com.br\/wp-content\/uploads\/2025\/11\/CIPRvBrumado-apreende-carro-com-chassi-adulterado-em-Barra-da-Estiva-sudoeste-acontece.jpg","contentUrl":"https:\/\/sudoesteacontece.com.br\/wp-content\/uploads\/2025\/11\/CIPRvBrumado-apreende-carro-com-chassi-adulterado-em-Barra-da-Estiva-sudoeste-acontece.jpg","width":1844,"height":1272},{"@type":"BreadcrumbList","@id":"https:\/\/sudoesteacontece.com.br\/?p=2065#breadcrumb","itemListElement":[{"@type":"ListItem","position":1,"name":"In\u00edcio","item":"https:\/\/sudoesteacontece.com.br\/"},{"@type":"ListItem","position":2,"name":"CIPRv\/Brumado apreende carro com chassi adulterado em Barra da Estiva"}]},{"@type":"WebSite","@id":"https:\/\/sudoesteacontece.com.br\/#website","url":"https:\/\/sudoesteacontece.com.br\/","name":"Sudoesteacontece","description":"","publisher":{"@id":"https:\/\/sudoesteacontece.com.br\/#organization"},"potentialAction":[{"@type":"SearchAction","target":{"@type":"EntryPoint","urlTemplate":"https:\/\/sudoesteacontece.com.br\/?s={search_term_string}"},"query-input":{"@type":"PropertyValueSpecification","valueRequired":true,"valueName":"search_term_string"}}],"inLanguage":"pt-BR"},{"@type":"Organization","@id":"https:\/\/sudoesteacontece.com.br\/#organization","name":"Sudoesteacontece","url":"https:\/\/sudoesteacontece.com.br\/","logo":{"@type":"ImageObject","inLanguage":"pt-BR","@id":"https:\/\/sudoesteacontece.com.br\/#\/schema\/logo\/image\/","url":"https:\/\/sudoesteacontece.com.br\/wp-content\/uploads\/2025\/12\/cropped-logo-2-180x180-1.png","contentUrl":"https:\/\/sudoesteacontece.com.br\/wp-content\/uploads\/2025\/12\/cropped-logo-2-180x180-1.png","width":180,"height":180,"caption":"Sudoesteacontece"},"image":{"@id":"https:\/\/sudoesteacontece.com.br\/#\/schema\/logo\/image\/"},"sameAs":["https:\/\/www.facebook.com\/sudoesteacontece\/?locale=pt_BR"]},{"@type":"Person","@id":"https:\/\/sudoesteacontece.com.br\/#\/schema\/person\/3cf2cf009926a9683ebc29d5379fa79c","name":"Washington Tiago","image":{"@type":"ImageObject","inLanguage":"pt-BR","@id":"https:\/\/sudoesteacontece.com.br\/#\/schema\/person\/image\/","url":"https:\/\/secure.gravatar.com\/avatar\/33c43b8668157e040f9d1fe93c354bf087cbd8ba36270c1163198bd3ddcf2a56?s=96&d=mm&r=g","contentUrl":"https:\/\/secure.gravatar.com\/avatar\/33c43b8668157e040f9d1fe93c354bf087cbd8ba36270c1163198bd3ddcf2a56?s=96&d=mm&r=g","caption":"Washington Tiago"},"url":"https:\/\/sudoesteacontece.com.br\/?author=2"}]}},"_links":{"self":[{"href":"https:\/\/sudoesteacontece.com.br\/index.php?rest_route=\/wp\/v2\/posts\/2065","targetHints":{"allow":["GET"]}}],"collection":[{"href":"https:\/\/sudoesteacontece.com.br\/index.php?rest_route=\/wp\/v2\/posts"}],"about":[{"href":"https:\/\/sudoesteacontece.com.br\/index.php?rest_route=\/wp\/v2\/types\/post"}],"author":[{"embeddable":true,"href":"https:\/\/sudoesteacontece.com.br\/index.php?rest_route=\/wp\/v2\/users\/2"}],"replies":[{"embeddable":true,"href":"https:\/\/sudoesteacontece.com.br\/index.php?rest_route=%2Fwp%2Fv2%2Fcomments&post=2065"}],"version-history":[{"count":0,"href":"https:\/\/sudoesteacontece.com.br\/index.php?rest_route=\/wp\/v2\/posts\/2065\/revisions"}],"wp:featuredmedia":[{"embeddable":true,"href":"https:\/\/sudoesteacontece.com.br\/index.php?rest_route=\/wp\/v2\/media\/2078"}],"wp:attachment":[{"href":"https:\/\/sudoesteacontece.com.br\/index.php?rest_route=%2Fwp%2Fv2%2Fmedia&parent=2065"}],"wp:term":[{"taxonomy":"category","embeddable":true,"href":"https:\/\/sudoesteacontece.com.br\/index.php?rest_route=%2Fwp%2Fv2%2Fcategories&post=2065"},{"taxonomy":"post_tag","embeddable":true,"href":"https:\/\/sudoesteacontece.com.br\/index.php?rest_route=%2Fwp%2Fv2%2Ftags&post=2065"}],"curies":[{"name":"wp","href":"https:\/\/api.w.org\/{rel}","templated":true}]}}