{"id":2088,"date":"2025-11-08T08:30:10","date_gmt":"2025-11-08T11:30:10","guid":{"rendered":"https:\/\/sudoesteacontece.com.br\/?p=2088"},"modified":"2025-11-08T08:30:11","modified_gmt":"2025-11-08T11:30:11","slug":"nelson-leal-rompe-com-jeronimo-e-declara-apoio-a-acm-neto-a-bahia-precisa-de-mudanca","status":"publish","type":"post","link":"https:\/\/sudoesteacontece.com.br\/?p=2088","title":{"rendered":"Nelson Leal rompe com Jer\u00f4nimo e declara apoio a ACM Neto: \u201cA Bahia precisa de mudan\u00e7a\u201d"},"content":{"rendered":"\n<figure class=\"wp-block-image size-large\"><img fetchpriority=\"high\" decoding=\"async\" width=\"1024\" height=\"717\" src=\"http:\/\/sudoesteacontece.com.br\/wp-content\/uploads\/2025\/11\/Nelson-Leal-rompe-com-Jeronimo-e-declara-apoio-a-ACM-Neto-A-Bahia-precisa-de-mudanca-sudoeste-acontece-1024x717.jpg\" alt=\"\" class=\"wp-image-2102\" srcset=\"https:\/\/sudoesteacontece.com.br\/wp-content\/uploads\/2025\/11\/Nelson-Leal-rompe-com-Jeronimo-e-declara-apoio-a-ACM-Neto-A-Bahia-precisa-de-mudanca-sudoeste-acontece-1024x717.jpg 1024w, https:\/\/sudoesteacontece.com.br\/wp-content\/uploads\/2025\/11\/Nelson-Leal-rompe-com-Jeronimo-e-declara-apoio-a-ACM-Neto-A-Bahia-precisa-de-mudanca-sudoeste-acontece-300x210.jpg 300w, https:\/\/sudoesteacontece.com.br\/wp-content\/uploads\/2025\/11\/Nelson-Leal-rompe-com-Jeronimo-e-declara-apoio-a-ACM-Neto-A-Bahia-precisa-de-mudanca-sudoeste-acontece-768x538.jpg 768w, https:\/\/sudoesteacontece.com.br\/wp-content\/uploads\/2025\/11\/Nelson-Leal-rompe-com-Jeronimo-e-declara-apoio-a-ACM-Neto-A-Bahia-precisa-de-mudanca-sudoeste-acontece.jpg 1200w\" sizes=\"(max-width: 1024px) 100vw, 1024px\" \/><\/figure>\n\n\n\n<p>O cen\u00e1rio pol\u00edtico baiano ganhou novos contornos com a decis\u00e3o do deputado estadual Nelson Leal (PP) de romper com o governador Jer\u00f4nimo Rodrigues (PT) e aderir ao grupo de oposi\u00e7\u00e3o liderado por ACM Neto (Uni\u00e3o Brasil). O ex-presidente da Assembleia Legislativa da Bahia (ALBA) anunciou oficialmente o apoio nesta quinta-feira (7), em um movimento que sacudiu os bastidores pol\u00edticos do estado.<\/p>\n\n\n\n<p>Mudan\u00e7a de rumo foi acompanhada de um gesto raro: Leal abriu m\u00e3o de disputar a reelei\u00e7\u00e3o para se dedicar integralmente \u00e0 coordena\u00e7\u00e3o da campanha de ACM Neto. Deputado, que tem forte influ\u00eancia no interior, classificou a decis\u00e3o como \u201cum ato de coer\u00eancia com o que acredita ser melhor para a Bahia\u201d.<\/p>\n\n\n\n<p>Durante entrevista ao Bahia Not\u00edcias, o parlamentar n\u00e3o poupou cr\u00edticas ao atual governo. Segundo ele, a administra\u00e7\u00e3o petista perdeu a capacidade de di\u00e1logo e marginalizou lideran\u00e7as regionais. \u201cA centraliza\u00e7\u00e3o das decis\u00f5es sufocou quem est\u00e1 na ponta. Governo se fechou e deixou de ouvir quem constr\u00f3i a pol\u00edtica no dia a dia\u201d, afirmou.<\/p>\n\n\n\n<p>A ades\u00e3o foi comemorada no n\u00facleo pol\u00edtico de ACM Neto, que enxerga na chegada de Leal uma for\u00e7a estrat\u00e9gica para ampliar a presen\u00e7a do grupo no interior. \u201cNelson \u00e9 um articulador respeitado, conhece cada regi\u00e3o da Bahia e traz consigo lideran\u00e7as que acreditam em um novo projeto para o estado\u201d, disse um aliado pr\u00f3ximo ao ex-prefeito de Salvador.<\/p>\n\n\n\n<p>Com hist\u00f3rico de sete mandatos consecutivos e tr\u00e2nsito entre prefeitos e vereadores, Leal refor\u00e7a a estrutura oposicionista num momento crucial de articula\u00e7\u00e3o para as elei\u00e7\u00f5es de 2026. Sua experi\u00eancia \u00e0 frente da ALBA \u00e9 vista como um trunfo para fortalecer alian\u00e7as e conquistar o apoio de bases descontentes com o governo.<\/p>\n\n\n\n<p>Em tom otimista, o deputado elogiou a trajet\u00f3ria administrativa de ACM Neto. \u201cEle transformou Salvador com efici\u00eancia, di\u00e1logo e planejamento. Tenho convic\u00e7\u00e3o de que pode fazer o mesmo pela Bahia\u201d, declarou Leal.<\/p>\n\n\n\n<p>Rompimento \u00e9 considerado um golpe simb\u00f3lico para o governador Jer\u00f4nimo Rodrigues, que enfrenta press\u00f5es dentro da pr\u00f3pria base e dificuldades em manter a unidade do grupo que o elegeu. Analistas avaliam que o movimento de Leal pode abrir caminho para novas deser\u00e7\u00f5es entre aliados insatisfeitos.<\/p>\n\n\n\n<p>A disputa pelo Pal\u00e1cio de Ondina, que j\u00e1 se desenhava acirrada, ganha novo f\u00f4lego com o gesto pol\u00edtico do ex-presidente da ALBA. Nos bastidores, o clima \u00e9 de alerta na base governista e de entusiasmo no campo oposicionista.<\/p>\n","protected":false},"excerpt":{"rendered":"<p>O cen\u00e1rio pol\u00edtico baiano ganhou novos contornos com a decis\u00e3o do deputado estadual Nelson Leal (PP) de romper com o governador Jer\u00f4nimo Rodrigues (PT) e aderir ao grupo de oposi\u00e7\u00e3o liderado por ACM Neto (Uni\u00e3o Brasil). O ex-presidente da Assembleia Legislativa da Bahia (ALBA) anunciou oficialmente o apoio nesta quinta-feira (7), em um movimento que sacudiu os bastidores pol\u00edticos do estado. Mudan\u00e7a de rumo foi acompanhada de um gesto raro: Leal abriu m\u00e3o de disputar a reelei\u00e7\u00e3o para se dedicar integralmente \u00e0 coordena\u00e7\u00e3o da campanha de ACM Neto. Deputado, que tem forte influ\u00eancia no interior, classificou a decis\u00e3o como \u201cum ato de coer\u00eancia com o que acredita ser melhor para a Bahia\u201d. Durante entrevista ao Bahia Not\u00edcias, o parlamentar n\u00e3o poupou cr\u00edticas ao atual governo. Segundo ele, a administra\u00e7\u00e3o petista perdeu a capacidade de di\u00e1logo e marginalizou lideran\u00e7as regionais. \u201cA centraliza\u00e7\u00e3o das decis\u00f5es sufocou quem est\u00e1 na ponta. Governo se fechou e deixou de ouvir quem constr\u00f3i a pol\u00edtica no dia a dia\u201d, afirmou. A ades\u00e3o foi comemorada no n\u00facleo pol\u00edtico de ACM Neto, que enxerga na chegada de Leal uma for\u00e7a estrat\u00e9gica para ampliar a presen\u00e7a do grupo no interior. \u201cNelson \u00e9 um articulador respeitado, conhece cada regi\u00e3o da Bahia e traz consigo lideran\u00e7as que acreditam em um novo projeto para o estado\u201d, disse um aliado pr\u00f3ximo ao ex-prefeito de Salvador. Com hist\u00f3rico de sete mandatos consecutivos e tr\u00e2nsito entre prefeitos e vereadores, Leal refor\u00e7a a estrutura oposicionista num momento crucial de articula\u00e7\u00e3o para as elei\u00e7\u00f5es de 2026. Sua experi\u00eancia \u00e0 frente da ALBA \u00e9 vista como um trunfo para fortalecer alian\u00e7as e conquistar o apoio de bases descontentes com o governo. Em tom otimista, o deputado elogiou a trajet\u00f3ria administrativa de ACM Neto. \u201cEle transformou Salvador com efici\u00eancia, di\u00e1logo e planejamento. Tenho convic\u00e7\u00e3o de que pode fazer o mesmo pela Bahia\u201d, declarou Leal. Rompimento \u00e9 considerado um golpe simb\u00f3lico para o governador Jer\u00f4nimo Rodrigues, que enfrenta press\u00f5es dentro da pr\u00f3pria base e dificuldades em manter a unidade do grupo que o elegeu. Analistas avaliam que o movimento de Leal pode abrir caminho para novas deser\u00e7\u00f5es entre aliados insatisfeitos. A disputa pelo Pal\u00e1cio de Ondina, que j\u00e1 se desenhava acirrada, ganha novo f\u00f4lego com o gesto pol\u00edtico do ex-presidente da ALBA. Nos bastidores, o clima \u00e9 de alerta na base governista e de entusiasmo no campo oposicionista.<\/p>\n","protected":false},"author":2,"featured_media":2102,"comment_status":"open","ping_status":"open","sticky":false,"template":"","format":"standard","meta":{"footnotes":""},"categories":[7,58,6],"tags":[],"class_list":["post-2088","post","type-post","status-publish","format-standard","has-post-thumbnail","hentry","category-bahia","category-eleicoes-2026","category-politica"],"yoast_head":"<!-- This site is optimized with the Yoast SEO plugin v26.5 - https:\/\/yoast.com\/wordpress\/plugins\/seo\/ -->\n<title>Nelson Leal rompe com Jer\u00f4nimo e declara apoio a ACM Neto: \u201cA Bahia precisa de mudan\u00e7a\u201d - Sudoesteacontece<\/title>\n<meta name=\"robots\" content=\"index, follow, max-snippet:-1, max-image-preview:large, max-video-preview:-1\" \/>\n<link rel=\"canonical\" href=\"https:\/\/sudoesteacontece.com.br\/?p=2088\" \/>\n<meta property=\"og:locale\" content=\"pt_BR\" \/>\n<meta property=\"og:type\" content=\"article\" \/>\n<meta property=\"og:title\" content=\"Nelson Leal rompe com Jer\u00f4nimo e declara apoio a ACM Neto: \u201cA Bahia precisa de mudan\u00e7a\u201d - Sudoesteacontece\" \/>\n<meta property=\"og:description\" content=\"O cen\u00e1rio pol\u00edtico baiano ganhou novos contornos com a decis\u00e3o do deputado estadual Nelson Leal (PP) de romper com o governador Jer\u00f4nimo Rodrigues (PT) e aderir ao grupo de oposi\u00e7\u00e3o liderado por ACM Neto (Uni\u00e3o Brasil). O ex-presidente da Assembleia Legislativa da Bahia (ALBA) anunciou oficialmente o apoio nesta quinta-feira (7), em um movimento que sacudiu os bastidores pol\u00edticos do estado. Mudan\u00e7a de rumo foi acompanhada de um gesto raro: Leal abriu m\u00e3o de disputar a reelei\u00e7\u00e3o para se dedicar integralmente \u00e0 coordena\u00e7\u00e3o da campanha de ACM Neto. Deputado, que tem forte influ\u00eancia no interior, classificou a decis\u00e3o como \u201cum ato de coer\u00eancia com o que acredita ser melhor para a Bahia\u201d. Durante entrevista ao Bahia Not\u00edcias, o parlamentar n\u00e3o poupou cr\u00edticas ao atual governo. Segundo ele, a administra\u00e7\u00e3o petista perdeu a capacidade de di\u00e1logo e marginalizou lideran\u00e7as regionais. \u201cA centraliza\u00e7\u00e3o das decis\u00f5es sufocou quem est\u00e1 na ponta. Governo se fechou e deixou de ouvir quem constr\u00f3i a pol\u00edtica no dia a dia\u201d, afirmou. A ades\u00e3o foi comemorada no n\u00facleo pol\u00edtico de ACM Neto, que enxerga na chegada de Leal uma for\u00e7a estrat\u00e9gica para ampliar a presen\u00e7a do grupo no interior. \u201cNelson \u00e9 um articulador respeitado, conhece cada regi\u00e3o da Bahia e traz consigo lideran\u00e7as que acreditam em um novo projeto para o estado\u201d, disse um aliado pr\u00f3ximo ao ex-prefeito de Salvador. Com hist\u00f3rico de sete mandatos consecutivos e tr\u00e2nsito entre prefeitos e vereadores, Leal refor\u00e7a a estrutura oposicionista num momento crucial de articula\u00e7\u00e3o para as elei\u00e7\u00f5es de 2026. Sua experi\u00eancia \u00e0 frente da ALBA \u00e9 vista como um trunfo para fortalecer alian\u00e7as e conquistar o apoio de bases descontentes com o governo. Em tom otimista, o deputado elogiou a trajet\u00f3ria administrativa de ACM Neto. \u201cEle transformou Salvador com efici\u00eancia, di\u00e1logo e planejamento. Tenho convic\u00e7\u00e3o de que pode fazer o mesmo pela Bahia\u201d, declarou Leal. Rompimento \u00e9 considerado um golpe simb\u00f3lico para o governador Jer\u00f4nimo Rodrigues, que enfrenta press\u00f5es dentro da pr\u00f3pria base e dificuldades em manter a unidade do grupo que o elegeu. Analistas avaliam que o movimento de Leal pode abrir caminho para novas deser\u00e7\u00f5es entre aliados insatisfeitos. A disputa pelo Pal\u00e1cio de Ondina, que j\u00e1 se desenhava acirrada, ganha novo f\u00f4lego com o gesto pol\u00edtico do ex-presidente da ALBA. Nos bastidores, o clima \u00e9 de alerta na base governista e de entusiasmo no campo oposicionista.\" \/>\n<meta property=\"og:url\" content=\"https:\/\/sudoesteacontece.com.br\/?p=2088\" \/>\n<meta property=\"og:site_name\" content=\"Sudoesteacontece\" \/>\n<meta property=\"article:publisher\" content=\"https:\/\/www.facebook.com\/sudoesteacontece\/?locale=pt_BR\" \/>\n<meta property=\"article:published_time\" content=\"2025-11-08T11:30:10+00:00\" \/>\n<meta property=\"article:modified_time\" content=\"2025-11-08T11:30:11+00:00\" \/>\n<meta property=\"og:image\" content=\"https:\/\/sudoesteacontece.com.br\/wp-content\/uploads\/2025\/11\/Nelson-Leal-rompe-com-Jeronimo-e-declara-apoio-a-ACM-Neto-A-Bahia-precisa-de-mudanca-sudoeste-acontece.jpg\" \/>\n\t<meta property=\"og:image:width\" content=\"1200\" \/>\n\t<meta property=\"og:image:height\" content=\"840\" \/>\n\t<meta property=\"og:image:type\" content=\"image\/jpeg\" \/>\n<meta name=\"author\" content=\"Washington Tiago\" \/>\n<meta name=\"twitter:card\" content=\"summary_large_image\" \/>\n<meta name=\"twitter:label1\" content=\"Escrito por\" \/>\n\t<meta name=\"twitter:data1\" content=\"Washington Tiago\" \/>\n\t<meta name=\"twitter:label2\" content=\"Est. tempo de leitura\" \/>\n\t<meta name=\"twitter:data2\" content=\"2 minutos\" \/>\n<script type=\"application\/ld+json\" class=\"yoast-schema-graph\">{\"@context\":\"https:\/\/schema.org\",\"@graph\":[{\"@type\":\"Article\",\"@id\":\"https:\/\/sudoesteacontece.com.br\/?p=2088#article\",\"isPartOf\":{\"@id\":\"https:\/\/sudoesteacontece.com.br\/?p=2088\"},\"author\":{\"name\":\"Washington Tiago\",\"@id\":\"https:\/\/sudoesteacontece.com.br\/#\/schema\/person\/3cf2cf009926a9683ebc29d5379fa79c\"},\"headline\":\"Nelson Leal rompe com Jer\u00f4nimo e declara apoio a ACM Neto: \u201cA Bahia precisa de mudan\u00e7a\u201d\",\"datePublished\":\"2025-11-08T11:30:10+00:00\",\"dateModified\":\"2025-11-08T11:30:11+00:00\",\"mainEntityOfPage\":{\"@id\":\"https:\/\/sudoesteacontece.com.br\/?p=2088\"},\"wordCount\":450,\"commentCount\":0,\"publisher\":{\"@id\":\"https:\/\/sudoesteacontece.com.br\/#organization\"},\"image\":{\"@id\":\"https:\/\/sudoesteacontece.com.br\/?p=2088#primaryimage\"},\"thumbnailUrl\":\"https:\/\/sudoesteacontece.com.br\/wp-content\/uploads\/2025\/11\/Nelson-Leal-rompe-com-Jeronimo-e-declara-apoio-a-ACM-Neto-A-Bahia-precisa-de-mudanca-sudoeste-acontece.jpg\",\"articleSection\":[\"Bahia\",\"Elei\u00e7\u00f5es 2026\",\"Pol\u00edtica\"],\"inLanguage\":\"pt-BR\",\"potentialAction\":[{\"@type\":\"CommentAction\",\"name\":\"Comment\",\"target\":[\"https:\/\/sudoesteacontece.com.br\/?p=2088#respond\"]}]},{\"@type\":\"WebPage\",\"@id\":\"https:\/\/sudoesteacontece.com.br\/?p=2088\",\"url\":\"https:\/\/sudoesteacontece.com.br\/?p=2088\",\"name\":\"Nelson Leal rompe com Jer\u00f4nimo e declara apoio a ACM Neto: \u201cA Bahia precisa de mudan\u00e7a\u201d - Sudoesteacontece\",\"isPartOf\":{\"@id\":\"https:\/\/sudoesteacontece.com.br\/#website\"},\"primaryImageOfPage\":{\"@id\":\"https:\/\/sudoesteacontece.com.br\/?p=2088#primaryimage\"},\"image\":{\"@id\":\"https:\/\/sudoesteacontece.com.br\/?p=2088#primaryimage\"},\"thumbnailUrl\":\"https:\/\/sudoesteacontece.com.br\/wp-content\/uploads\/2025\/11\/Nelson-Leal-rompe-com-Jeronimo-e-declara-apoio-a-ACM-Neto-A-Bahia-precisa-de-mudanca-sudoeste-acontece.jpg\",\"datePublished\":\"2025-11-08T11:30:10+00:00\",\"dateModified\":\"2025-11-08T11:30:11+00:00\",\"breadcrumb\":{\"@id\":\"https:\/\/sudoesteacontece.com.br\/?p=2088#breadcrumb\"},\"inLanguage\":\"pt-BR\",\"potentialAction\":[{\"@type\":\"ReadAction\",\"target\":[\"https:\/\/sudoesteacontece.com.br\/?p=2088\"]}]},{\"@type\":\"ImageObject\",\"inLanguage\":\"pt-BR\",\"@id\":\"https:\/\/sudoesteacontece.com.br\/?p=2088#primaryimage\",\"url\":\"https:\/\/sudoesteacontece.com.br\/wp-content\/uploads\/2025\/11\/Nelson-Leal-rompe-com-Jeronimo-e-declara-apoio-a-ACM-Neto-A-Bahia-precisa-de-mudanca-sudoeste-acontece.jpg\",\"contentUrl\":\"https:\/\/sudoesteacontece.com.br\/wp-content\/uploads\/2025\/11\/Nelson-Leal-rompe-com-Jeronimo-e-declara-apoio-a-ACM-Neto-A-Bahia-precisa-de-mudanca-sudoeste-acontece.jpg\",\"width\":1200,\"height\":840},{\"@type\":\"BreadcrumbList\",\"@id\":\"https:\/\/sudoesteacontece.com.br\/?p=2088#breadcrumb\",\"itemListElement\":[{\"@type\":\"ListItem\",\"position\":1,\"name\":\"In\u00edcio\",\"item\":\"https:\/\/sudoesteacontece.com.br\/\"},{\"@type\":\"ListItem\",\"position\":2,\"name\":\"Nelson Leal rompe com Jer\u00f4nimo e declara apoio a ACM Neto: \u201cA Bahia precisa de mudan\u00e7a\u201d\"}]},{\"@type\":\"WebSite\",\"@id\":\"https:\/\/sudoesteacontece.com.br\/#website\",\"url\":\"https:\/\/sudoesteacontece.com.br\/\",\"name\":\"Sudoesteacontece\",\"description\":\"\",\"publisher\":{\"@id\":\"https:\/\/sudoesteacontece.com.br\/#organization\"},\"potentialAction\":[{\"@type\":\"SearchAction\",\"target\":{\"@type\":\"EntryPoint\",\"urlTemplate\":\"https:\/\/sudoesteacontece.com.br\/?s={search_term_string}\"},\"query-input\":{\"@type\":\"PropertyValueSpecification\",\"valueRequired\":true,\"valueName\":\"search_term_string\"}}],\"inLanguage\":\"pt-BR\"},{\"@type\":\"Organization\",\"@id\":\"https:\/\/sudoesteacontece.com.br\/#organization\",\"name\":\"Sudoesteacontece\",\"url\":\"https:\/\/sudoesteacontece.com.br\/\",\"logo\":{\"@type\":\"ImageObject\",\"inLanguage\":\"pt-BR\",\"@id\":\"https:\/\/sudoesteacontece.com.br\/#\/schema\/logo\/image\/\",\"url\":\"https:\/\/sudoesteacontece.com.br\/wp-content\/uploads\/2025\/12\/cropped-logo-2-180x180-1.png\",\"contentUrl\":\"https:\/\/sudoesteacontece.com.br\/wp-content\/uploads\/2025\/12\/cropped-logo-2-180x180-1.png\",\"width\":180,\"height\":180,\"caption\":\"Sudoesteacontece\"},\"image\":{\"@id\":\"https:\/\/sudoesteacontece.com.br\/#\/schema\/logo\/image\/\"},\"sameAs\":[\"https:\/\/www.facebook.com\/sudoesteacontece\/?locale=pt_BR\"]},{\"@type\":\"Person\",\"@id\":\"https:\/\/sudoesteacontece.com.br\/#\/schema\/person\/3cf2cf009926a9683ebc29d5379fa79c\",\"name\":\"Washington Tiago\",\"image\":{\"@type\":\"ImageObject\",\"inLanguage\":\"pt-BR\",\"@id\":\"https:\/\/sudoesteacontece.com.br\/#\/schema\/person\/image\/\",\"url\":\"https:\/\/secure.gravatar.com\/avatar\/33c43b8668157e040f9d1fe93c354bf087cbd8ba36270c1163198bd3ddcf2a56?s=96&d=mm&r=g\",\"contentUrl\":\"https:\/\/secure.gravatar.com\/avatar\/33c43b8668157e040f9d1fe93c354bf087cbd8ba36270c1163198bd3ddcf2a56?s=96&d=mm&r=g\",\"caption\":\"Washington Tiago\"},\"url\":\"https:\/\/sudoesteacontece.com.br\/?author=2\"}]}<\/script>\n<!-- \/ Yoast SEO plugin. -->","yoast_head_json":{"title":"Nelson Leal rompe com Jer\u00f4nimo e declara apoio a ACM Neto: \u201cA Bahia precisa de mudan\u00e7a\u201d - Sudoesteacontece","robots":{"index":"index","follow":"follow","max-snippet":"max-snippet:-1","max-image-preview":"max-image-preview:large","max-video-preview":"max-video-preview:-1"},"canonical":"https:\/\/sudoesteacontece.com.br\/?p=2088","og_locale":"pt_BR","og_type":"article","og_title":"Nelson Leal rompe com Jer\u00f4nimo e declara apoio a ACM Neto: \u201cA Bahia precisa de mudan\u00e7a\u201d - Sudoesteacontece","og_description":"O cen\u00e1rio pol\u00edtico baiano ganhou novos contornos com a decis\u00e3o do deputado estadual Nelson Leal (PP) de romper com o governador Jer\u00f4nimo Rodrigues (PT) e aderir ao grupo de oposi\u00e7\u00e3o liderado por ACM Neto (Uni\u00e3o Brasil). O ex-presidente da Assembleia Legislativa da Bahia (ALBA) anunciou oficialmente o apoio nesta quinta-feira (7), em um movimento que sacudiu os bastidores pol\u00edticos do estado. Mudan\u00e7a de rumo foi acompanhada de um gesto raro: Leal abriu m\u00e3o de disputar a reelei\u00e7\u00e3o para se dedicar integralmente \u00e0 coordena\u00e7\u00e3o da campanha de ACM Neto. Deputado, que tem forte influ\u00eancia no interior, classificou a decis\u00e3o como \u201cum ato de coer\u00eancia com o que acredita ser melhor para a Bahia\u201d. Durante entrevista ao Bahia Not\u00edcias, o parlamentar n\u00e3o poupou cr\u00edticas ao atual governo. Segundo ele, a administra\u00e7\u00e3o petista perdeu a capacidade de di\u00e1logo e marginalizou lideran\u00e7as regionais. \u201cA centraliza\u00e7\u00e3o das decis\u00f5es sufocou quem est\u00e1 na ponta. Governo se fechou e deixou de ouvir quem constr\u00f3i a pol\u00edtica no dia a dia\u201d, afirmou. A ades\u00e3o foi comemorada no n\u00facleo pol\u00edtico de ACM Neto, que enxerga na chegada de Leal uma for\u00e7a estrat\u00e9gica para ampliar a presen\u00e7a do grupo no interior. \u201cNelson \u00e9 um articulador respeitado, conhece cada regi\u00e3o da Bahia e traz consigo lideran\u00e7as que acreditam em um novo projeto para o estado\u201d, disse um aliado pr\u00f3ximo ao ex-prefeito de Salvador. Com hist\u00f3rico de sete mandatos consecutivos e tr\u00e2nsito entre prefeitos e vereadores, Leal refor\u00e7a a estrutura oposicionista num momento crucial de articula\u00e7\u00e3o para as elei\u00e7\u00f5es de 2026. Sua experi\u00eancia \u00e0 frente da ALBA \u00e9 vista como um trunfo para fortalecer alian\u00e7as e conquistar o apoio de bases descontentes com o governo. Em tom otimista, o deputado elogiou a trajet\u00f3ria administrativa de ACM Neto. \u201cEle transformou Salvador com efici\u00eancia, di\u00e1logo e planejamento. Tenho convic\u00e7\u00e3o de que pode fazer o mesmo pela Bahia\u201d, declarou Leal. Rompimento \u00e9 considerado um golpe simb\u00f3lico para o governador Jer\u00f4nimo Rodrigues, que enfrenta press\u00f5es dentro da pr\u00f3pria base e dificuldades em manter a unidade do grupo que o elegeu. Analistas avaliam que o movimento de Leal pode abrir caminho para novas deser\u00e7\u00f5es entre aliados insatisfeitos. A disputa pelo Pal\u00e1cio de Ondina, que j\u00e1 se desenhava acirrada, ganha novo f\u00f4lego com o gesto pol\u00edtico do ex-presidente da ALBA. Nos bastidores, o clima \u00e9 de alerta na base governista e de entusiasmo no campo oposicionista.","og_url":"https:\/\/sudoesteacontece.com.br\/?p=2088","og_site_name":"Sudoesteacontece","article_publisher":"https:\/\/www.facebook.com\/sudoesteacontece\/?locale=pt_BR","article_published_time":"2025-11-08T11:30:10+00:00","article_modified_time":"2025-11-08T11:30:11+00:00","og_image":[{"width":1200,"height":840,"url":"https:\/\/sudoesteacontece.com.br\/wp-content\/uploads\/2025\/11\/Nelson-Leal-rompe-com-Jeronimo-e-declara-apoio-a-ACM-Neto-A-Bahia-precisa-de-mudanca-sudoeste-acontece.jpg","type":"image\/jpeg"}],"author":"Washington Tiago","twitter_card":"summary_large_image","twitter_misc":{"Escrito por":"Washington Tiago","Est. tempo de leitura":"2 minutos"},"schema":{"@context":"https:\/\/schema.org","@graph":[{"@type":"Article","@id":"https:\/\/sudoesteacontece.com.br\/?p=2088#article","isPartOf":{"@id":"https:\/\/sudoesteacontece.com.br\/?p=2088"},"author":{"name":"Washington Tiago","@id":"https:\/\/sudoesteacontece.com.br\/#\/schema\/person\/3cf2cf009926a9683ebc29d5379fa79c"},"headline":"Nelson Leal rompe com Jer\u00f4nimo e declara apoio a ACM Neto: \u201cA Bahia precisa de mudan\u00e7a\u201d","datePublished":"2025-11-08T11:30:10+00:00","dateModified":"2025-11-08T11:30:11+00:00","mainEntityOfPage":{"@id":"https:\/\/sudoesteacontece.com.br\/?p=2088"},"wordCount":450,"commentCount":0,"publisher":{"@id":"https:\/\/sudoesteacontece.com.br\/#organization"},"image":{"@id":"https:\/\/sudoesteacontece.com.br\/?p=2088#primaryimage"},"thumbnailUrl":"https:\/\/sudoesteacontece.com.br\/wp-content\/uploads\/2025\/11\/Nelson-Leal-rompe-com-Jeronimo-e-declara-apoio-a-ACM-Neto-A-Bahia-precisa-de-mudanca-sudoeste-acontece.jpg","articleSection":["Bahia","Elei\u00e7\u00f5es 2026","Pol\u00edtica"],"inLanguage":"pt-BR","potentialAction":[{"@type":"CommentAction","name":"Comment","target":["https:\/\/sudoesteacontece.com.br\/?p=2088#respond"]}]},{"@type":"WebPage","@id":"https:\/\/sudoesteacontece.com.br\/?p=2088","url":"https:\/\/sudoesteacontece.com.br\/?p=2088","name":"Nelson Leal rompe com Jer\u00f4nimo e declara apoio a ACM Neto: \u201cA Bahia precisa de mudan\u00e7a\u201d - Sudoesteacontece","isPartOf":{"@id":"https:\/\/sudoesteacontece.com.br\/#website"},"primaryImageOfPage":{"@id":"https:\/\/sudoesteacontece.com.br\/?p=2088#primaryimage"},"image":{"@id":"https:\/\/sudoesteacontece.com.br\/?p=2088#primaryimage"},"thumbnailUrl":"https:\/\/sudoesteacontece.com.br\/wp-content\/uploads\/2025\/11\/Nelson-Leal-rompe-com-Jeronimo-e-declara-apoio-a-ACM-Neto-A-Bahia-precisa-de-mudanca-sudoeste-acontece.jpg","datePublished":"2025-11-08T11:30:10+00:00","dateModified":"2025-11-08T11:30:11+00:00","breadcrumb":{"@id":"https:\/\/sudoesteacontece.com.br\/?p=2088#breadcrumb"},"inLanguage":"pt-BR","potentialAction":[{"@type":"ReadAction","target":["https:\/\/sudoesteacontece.com.br\/?p=2088"]}]},{"@type":"ImageObject","inLanguage":"pt-BR","@id":"https:\/\/sudoesteacontece.com.br\/?p=2088#primaryimage","url":"https:\/\/sudoesteacontece.com.br\/wp-content\/uploads\/2025\/11\/Nelson-Leal-rompe-com-Jeronimo-e-declara-apoio-a-ACM-Neto-A-Bahia-precisa-de-mudanca-sudoeste-acontece.jpg","contentUrl":"https:\/\/sudoesteacontece.com.br\/wp-content\/uploads\/2025\/11\/Nelson-Leal-rompe-com-Jeronimo-e-declara-apoio-a-ACM-Neto-A-Bahia-precisa-de-mudanca-sudoeste-acontece.jpg","width":1200,"height":840},{"@type":"BreadcrumbList","@id":"https:\/\/sudoesteacontece.com.br\/?p=2088#breadcrumb","itemListElement":[{"@type":"ListItem","position":1,"name":"In\u00edcio","item":"https:\/\/sudoesteacontece.com.br\/"},{"@type":"ListItem","position":2,"name":"Nelson Leal rompe com Jer\u00f4nimo e declara apoio a ACM Neto: \u201cA Bahia precisa de mudan\u00e7a\u201d"}]},{"@type":"WebSite","@id":"https:\/\/sudoesteacontece.com.br\/#website","url":"https:\/\/sudoesteacontece.com.br\/","name":"Sudoesteacontece","description":"","publisher":{"@id":"https:\/\/sudoesteacontece.com.br\/#organization"},"potentialAction":[{"@type":"SearchAction","target":{"@type":"EntryPoint","urlTemplate":"https:\/\/sudoesteacontece.com.br\/?s={search_term_string}"},"query-input":{"@type":"PropertyValueSpecification","valueRequired":true,"valueName":"search_term_string"}}],"inLanguage":"pt-BR"},{"@type":"Organization","@id":"https:\/\/sudoesteacontece.com.br\/#organization","name":"Sudoesteacontece","url":"https:\/\/sudoesteacontece.com.br\/","logo":{"@type":"ImageObject","inLanguage":"pt-BR","@id":"https:\/\/sudoesteacontece.com.br\/#\/schema\/logo\/image\/","url":"https:\/\/sudoesteacontece.com.br\/wp-content\/uploads\/2025\/12\/cropped-logo-2-180x180-1.png","contentUrl":"https:\/\/sudoesteacontece.com.br\/wp-content\/uploads\/2025\/12\/cropped-logo-2-180x180-1.png","width":180,"height":180,"caption":"Sudoesteacontece"},"image":{"@id":"https:\/\/sudoesteacontece.com.br\/#\/schema\/logo\/image\/"},"sameAs":["https:\/\/www.facebook.com\/sudoesteacontece\/?locale=pt_BR"]},{"@type":"Person","@id":"https:\/\/sudoesteacontece.com.br\/#\/schema\/person\/3cf2cf009926a9683ebc29d5379fa79c","name":"Washington Tiago","image":{"@type":"ImageObject","inLanguage":"pt-BR","@id":"https:\/\/sudoesteacontece.com.br\/#\/schema\/person\/image\/","url":"https:\/\/secure.gravatar.com\/avatar\/33c43b8668157e040f9d1fe93c354bf087cbd8ba36270c1163198bd3ddcf2a56?s=96&d=mm&r=g","contentUrl":"https:\/\/secure.gravatar.com\/avatar\/33c43b8668157e040f9d1fe93c354bf087cbd8ba36270c1163198bd3ddcf2a56?s=96&d=mm&r=g","caption":"Washington Tiago"},"url":"https:\/\/sudoesteacontece.com.br\/?author=2"}]}},"_links":{"self":[{"href":"https:\/\/sudoesteacontece.com.br\/index.php?rest_route=\/wp\/v2\/posts\/2088","targetHints":{"allow":["GET"]}}],"collection":[{"href":"https:\/\/sudoesteacontece.com.br\/index.php?rest_route=\/wp\/v2\/posts"}],"about":[{"href":"https:\/\/sudoesteacontece.com.br\/index.php?rest_route=\/wp\/v2\/types\/post"}],"author":[{"embeddable":true,"href":"https:\/\/sudoesteacontece.com.br\/index.php?rest_route=\/wp\/v2\/users\/2"}],"replies":[{"embeddable":true,"href":"https:\/\/sudoesteacontece.com.br\/index.php?rest_route=%2Fwp%2Fv2%2Fcomments&post=2088"}],"version-history":[{"count":0,"href":"https:\/\/sudoesteacontece.com.br\/index.php?rest_route=\/wp\/v2\/posts\/2088\/revisions"}],"wp:featuredmedia":[{"embeddable":true,"href":"https:\/\/sudoesteacontece.com.br\/index.php?rest_route=\/wp\/v2\/media\/2102"}],"wp:attachment":[{"href":"https:\/\/sudoesteacontece.com.br\/index.php?rest_route=%2Fwp%2Fv2%2Fmedia&parent=2088"}],"wp:term":[{"taxonomy":"category","embeddable":true,"href":"https:\/\/sudoesteacontece.com.br\/index.php?rest_route=%2Fwp%2Fv2%2Fcategories&post=2088"},{"taxonomy":"post_tag","embeddable":true,"href":"https:\/\/sudoesteacontece.com.br\/index.php?rest_route=%2Fwp%2Fv2%2Ftags&post=2088"}],"curies":[{"name":"wp","href":"https:\/\/api.w.org\/{rel}","templated":true}]}}