{"id":2092,"date":"2025-11-08T08:52:24","date_gmt":"2025-11-08T11:52:24","guid":{"rendered":"https:\/\/sudoesteacontece.com.br\/?p=2092"},"modified":"2025-11-08T09:14:09","modified_gmt":"2025-11-08T12:14:09","slug":"temporal-causa-destruicao-e-leva-caetite-a-decretar-situacao-de-emergencia","status":"publish","type":"post","link":"https:\/\/sudoesteacontece.com.br\/?p=2092","title":{"rendered":"Temporal causa destrui\u00e7\u00e3o e leva Caetit\u00e9 a decretar situa\u00e7\u00e3o de emerg\u00eancia"},"content":{"rendered":"\n<figure class=\"wp-block-image size-full\"><img fetchpriority=\"high\" decoding=\"async\" width=\"840\" height=\"525\" src=\"http:\/\/sudoesteacontece.com.br\/wp-content\/uploads\/2025\/11\/Temporal-causa-destruicao-e-leva-Caetite-a-decretar-situacao-de-emergencia-sudoeste-acontece.webp\" alt=\"\" class=\"wp-image-2108\" srcset=\"https:\/\/sudoesteacontece.com.br\/wp-content\/uploads\/2025\/11\/Temporal-causa-destruicao-e-leva-Caetite-a-decretar-situacao-de-emergencia-sudoeste-acontece.webp 840w, https:\/\/sudoesteacontece.com.br\/wp-content\/uploads\/2025\/11\/Temporal-causa-destruicao-e-leva-Caetite-a-decretar-situacao-de-emergencia-sudoeste-acontece-300x188.webp 300w, https:\/\/sudoesteacontece.com.br\/wp-content\/uploads\/2025\/11\/Temporal-causa-destruicao-e-leva-Caetite-a-decretar-situacao-de-emergencia-sudoeste-acontece-768x480.webp 768w\" sizes=\"(max-width: 840px) 100vw, 840px\" \/><\/figure>\n\n\n\n<p>Um forte temporal atingiu Caetit\u00e9, no sudoeste da Bahia, na tarde desta sexta-feira (7), provocando enxurradas, alagamentos, desabamentos e danos em vias p\u00fablicas. A prefeitura decretou situa\u00e7\u00e3o de emerg\u00eancia ap\u00f3s os preju\u00edzos registrados em diversos bairros.<\/p>\n\n\n\n<p>Decreto n\u00ba 323\/2025, publicado no Di\u00e1rio Oficial do Munic\u00edpio, cita o risco de novas chuvas intensas e autoriza medidas imediatas para conter os impactos. Embora n\u00e3o haja v\u00edtimas fatais, os danos materiais foram classificados como severos.<\/p>\n\n\n\n<p>Em pouco mais de uma hora e meia, choveu 75 mm no Centro Administrativo e 85 mm no Alto do Observat\u00f3rio. A for\u00e7a da \u00e1gua arrastou carros, motos e invadiu resid\u00eancias, transformando ruas em verdadeiros rios.<\/p>\n\n\n\n<p>Equipes da Defesa Civil, Servi\u00e7os P\u00fablicos, Engenharia e Desenvolvimento Social est\u00e3o nas ruas desde o in\u00edcio da tarde. T\u00e9cnicos realizam vistorias, desobstruem redes pluviais e mapeiam \u00e1reas com risco de deslizamento.<\/p>\n\n\n\n<p>Frederico Gomes, coordenador da Defesa Civil, informou que pelo menos cinco pessoas est\u00e3o desabrigadas e recebem apoio da prefeitura. Ele alertou que o volume de chuva previsto para este s\u00e1bado pode superar o de hoje. \u201cPedimos que moradores em \u00e1reas de risco deixem as casas preventivamente e acionem os canais oficiais\u201d, afirmou.<\/p>\n\n\n\n<p>Engenheiro Hiverson Carvalho confirmou danos a ruas, sistemas de drenagem e redes de esgoto. Segundo ele, as equipes trabalhar\u00e3o durante todo o fim de semana para conter os estragos.<\/p>\n\n\n\n<p>J\u00e1 o secret\u00e1rio de Desenvolvimento Social, Paulo Henrique, informou que fam\u00edlias afetadas receber\u00e3o aux\u00edlio moradia e aluguel social. A secretaria disponibilizou o telefone (77) 99949-5794 para atender emerg\u00eancias e pedidos de ajuda.<\/p>\n\n\n\n<p>Autoridades locais refor\u00e7am que \u00e9 fundamental evitar travessias em \u00e1reas alagadas, n\u00e3o enfrentar correntezas e desligar aparelhos el\u00e9tricos durante as tempestades. Em caso de risco, o contato deve ser feito com a Defesa Civil ou diretamente com a Prefeitura.<\/p>\n\n\n\n<p><\/p>\n","protected":false},"excerpt":{"rendered":"<p>Um forte temporal atingiu Caetit\u00e9, no sudoeste da Bahia, na tarde desta sexta-feira (7), provocando enxurradas, alagamentos, desabamentos e danos em vias p\u00fablicas. A prefeitura decretou situa\u00e7\u00e3o de emerg\u00eancia ap\u00f3s os preju\u00edzos registrados em diversos bairros. Decreto n\u00ba 323\/2025, publicado no Di\u00e1rio Oficial do Munic\u00edpio, cita o risco de novas chuvas intensas e autoriza medidas imediatas para conter os impactos. Embora n\u00e3o haja v\u00edtimas fatais, os danos materiais foram classificados como severos. Em pouco mais de uma hora e meia, choveu 75 mm no Centro Administrativo e 85 mm no Alto do Observat\u00f3rio. A for\u00e7a da \u00e1gua arrastou carros, motos e invadiu resid\u00eancias, transformando ruas em verdadeiros rios. Equipes da Defesa Civil, Servi\u00e7os P\u00fablicos, Engenharia e Desenvolvimento Social est\u00e3o nas ruas desde o in\u00edcio da tarde. T\u00e9cnicos realizam vistorias, desobstruem redes pluviais e mapeiam \u00e1reas com risco de deslizamento. Frederico Gomes, coordenador da Defesa Civil, informou que pelo menos cinco pessoas est\u00e3o desabrigadas e recebem apoio da prefeitura. Ele alertou que o volume de chuva previsto para este s\u00e1bado pode superar o de hoje. \u201cPedimos que moradores em \u00e1reas de risco deixem as casas preventivamente e acionem os canais oficiais\u201d, afirmou. Engenheiro Hiverson Carvalho confirmou danos a ruas, sistemas de drenagem e redes de esgoto. Segundo ele, as equipes trabalhar\u00e3o durante todo o fim de semana para conter os estragos. J\u00e1 o secret\u00e1rio de Desenvolvimento Social, Paulo Henrique, informou que fam\u00edlias afetadas receber\u00e3o aux\u00edlio moradia e aluguel social. A secretaria disponibilizou o telefone (77) 99949-5794 para atender emerg\u00eancias e pedidos de ajuda. Autoridades locais refor\u00e7am que \u00e9 fundamental evitar travessias em \u00e1reas alagadas, n\u00e3o enfrentar correntezas e desligar aparelhos el\u00e9tricos durante as tempestades. Em caso de risco, o contato deve ser feito com a Defesa Civil ou diretamente com a Prefeitura.<\/p>\n","protected":false},"author":2,"featured_media":2108,"comment_status":"open","ping_status":"open","sticky":false,"template":"","format":"standard","meta":{"footnotes":""},"categories":[49,4,6],"tags":[],"class_list":["post-2092","post","type-post","status-publish","format-standard","has-post-thumbnail","hentry","category-caetite","category-cidades","category-politica"],"yoast_head":"<!-- This site is optimized with the Yoast SEO plugin v26.5 - https:\/\/yoast.com\/wordpress\/plugins\/seo\/ -->\n<title>Temporal causa destrui\u00e7\u00e3o e leva Caetit\u00e9 a decretar situa\u00e7\u00e3o de emerg\u00eancia - Sudoesteacontece<\/title>\n<meta name=\"robots\" content=\"index, follow, max-snippet:-1, max-image-preview:large, max-video-preview:-1\" \/>\n<link rel=\"canonical\" href=\"http:\/\/sudoesteacontece.com.br\/?p=2092\" \/>\n<meta property=\"og:locale\" content=\"pt_BR\" \/>\n<meta property=\"og:type\" content=\"article\" \/>\n<meta property=\"og:title\" content=\"Temporal causa destrui\u00e7\u00e3o e leva Caetit\u00e9 a decretar situa\u00e7\u00e3o de emerg\u00eancia - Sudoesteacontece\" \/>\n<meta property=\"og:description\" content=\"Um forte temporal atingiu Caetit\u00e9, no sudoeste da Bahia, na tarde desta sexta-feira (7), provocando enxurradas, alagamentos, desabamentos e danos em vias p\u00fablicas. A prefeitura decretou situa\u00e7\u00e3o de emerg\u00eancia ap\u00f3s os preju\u00edzos registrados em diversos bairros. Decreto n\u00ba 323\/2025, publicado no Di\u00e1rio Oficial do Munic\u00edpio, cita o risco de novas chuvas intensas e autoriza medidas imediatas para conter os impactos. Embora n\u00e3o haja v\u00edtimas fatais, os danos materiais foram classificados como severos. Em pouco mais de uma hora e meia, choveu 75 mm no Centro Administrativo e 85 mm no Alto do Observat\u00f3rio. A for\u00e7a da \u00e1gua arrastou carros, motos e invadiu resid\u00eancias, transformando ruas em verdadeiros rios. Equipes da Defesa Civil, Servi\u00e7os P\u00fablicos, Engenharia e Desenvolvimento Social est\u00e3o nas ruas desde o in\u00edcio da tarde. T\u00e9cnicos realizam vistorias, desobstruem redes pluviais e mapeiam \u00e1reas com risco de deslizamento. Frederico Gomes, coordenador da Defesa Civil, informou que pelo menos cinco pessoas est\u00e3o desabrigadas e recebem apoio da prefeitura. Ele alertou que o volume de chuva previsto para este s\u00e1bado pode superar o de hoje. \u201cPedimos que moradores em \u00e1reas de risco deixem as casas preventivamente e acionem os canais oficiais\u201d, afirmou. Engenheiro Hiverson Carvalho confirmou danos a ruas, sistemas de drenagem e redes de esgoto. Segundo ele, as equipes trabalhar\u00e3o durante todo o fim de semana para conter os estragos. J\u00e1 o secret\u00e1rio de Desenvolvimento Social, Paulo Henrique, informou que fam\u00edlias afetadas receber\u00e3o aux\u00edlio moradia e aluguel social. A secretaria disponibilizou o telefone (77) 99949-5794 para atender emerg\u00eancias e pedidos de ajuda. Autoridades locais refor\u00e7am que \u00e9 fundamental evitar travessias em \u00e1reas alagadas, n\u00e3o enfrentar correntezas e desligar aparelhos el\u00e9tricos durante as tempestades. Em caso de risco, o contato deve ser feito com a Defesa Civil ou diretamente com a Prefeitura.\" \/>\n<meta property=\"og:url\" content=\"http:\/\/sudoesteacontece.com.br\/?p=2092\" \/>\n<meta property=\"og:site_name\" content=\"Sudoesteacontece\" \/>\n<meta property=\"article:publisher\" content=\"https:\/\/www.facebook.com\/sudoesteacontece\/?locale=pt_BR\" \/>\n<meta property=\"article:published_time\" content=\"2025-11-08T11:52:24+00:00\" \/>\n<meta property=\"article:modified_time\" content=\"2025-11-08T12:14:09+00:00\" \/>\n<meta property=\"og:image\" content=\"http:\/\/sudoesteacontece.com.br\/wp-content\/uploads\/2025\/11\/Temporal-causa-destruicao-e-leva-Caetite-a-decretar-situacao-de-emergencia-sudoeste-acontece.webp\" \/>\n\t<meta property=\"og:image:width\" content=\"840\" \/>\n\t<meta property=\"og:image:height\" content=\"525\" \/>\n\t<meta property=\"og:image:type\" content=\"image\/webp\" \/>\n<meta name=\"author\" content=\"Washington Tiago\" \/>\n<meta name=\"twitter:card\" content=\"summary_large_image\" \/>\n<meta name=\"twitter:label1\" content=\"Escrito por\" \/>\n\t<meta name=\"twitter:data1\" content=\"Washington Tiago\" \/>\n\t<meta name=\"twitter:label2\" content=\"Est. tempo de leitura\" \/>\n\t<meta name=\"twitter:data2\" content=\"2 minutos\" \/>\n<script type=\"application\/ld+json\" class=\"yoast-schema-graph\">{\"@context\":\"https:\/\/schema.org\",\"@graph\":[{\"@type\":\"Article\",\"@id\":\"http:\/\/sudoesteacontece.com.br\/?p=2092#article\",\"isPartOf\":{\"@id\":\"http:\/\/sudoesteacontece.com.br\/?p=2092\"},\"author\":{\"name\":\"Washington Tiago\",\"@id\":\"https:\/\/sudoesteacontece.com.br\/#\/schema\/person\/3cf2cf009926a9683ebc29d5379fa79c\"},\"headline\":\"Temporal causa destrui\u00e7\u00e3o e leva Caetit\u00e9 a decretar situa\u00e7\u00e3o de emerg\u00eancia\",\"datePublished\":\"2025-11-08T11:52:24+00:00\",\"dateModified\":\"2025-11-08T12:14:09+00:00\",\"mainEntityOfPage\":{\"@id\":\"http:\/\/sudoesteacontece.com.br\/?p=2092\"},\"wordCount\":327,\"commentCount\":0,\"publisher\":{\"@id\":\"https:\/\/sudoesteacontece.com.br\/#organization\"},\"image\":{\"@id\":\"http:\/\/sudoesteacontece.com.br\/?p=2092#primaryimage\"},\"thumbnailUrl\":\"https:\/\/sudoesteacontece.com.br\/wp-content\/uploads\/2025\/11\/Temporal-causa-destruicao-e-leva-Caetite-a-decretar-situacao-de-emergencia-sudoeste-acontece.webp\",\"articleSection\":[\"Caetit\u00e9\",\"Cidades\",\"Pol\u00edtica\"],\"inLanguage\":\"pt-BR\",\"potentialAction\":[{\"@type\":\"CommentAction\",\"name\":\"Comment\",\"target\":[\"http:\/\/sudoesteacontece.com.br\/?p=2092#respond\"]}]},{\"@type\":\"WebPage\",\"@id\":\"http:\/\/sudoesteacontece.com.br\/?p=2092\",\"url\":\"http:\/\/sudoesteacontece.com.br\/?p=2092\",\"name\":\"Temporal causa destrui\u00e7\u00e3o e leva Caetit\u00e9 a decretar situa\u00e7\u00e3o de emerg\u00eancia - Sudoesteacontece\",\"isPartOf\":{\"@id\":\"https:\/\/sudoesteacontece.com.br\/#website\"},\"primaryImageOfPage\":{\"@id\":\"http:\/\/sudoesteacontece.com.br\/?p=2092#primaryimage\"},\"image\":{\"@id\":\"http:\/\/sudoesteacontece.com.br\/?p=2092#primaryimage\"},\"thumbnailUrl\":\"https:\/\/sudoesteacontece.com.br\/wp-content\/uploads\/2025\/11\/Temporal-causa-destruicao-e-leva-Caetite-a-decretar-situacao-de-emergencia-sudoeste-acontece.webp\",\"datePublished\":\"2025-11-08T11:52:24+00:00\",\"dateModified\":\"2025-11-08T12:14:09+00:00\",\"breadcrumb\":{\"@id\":\"http:\/\/sudoesteacontece.com.br\/?p=2092#breadcrumb\"},\"inLanguage\":\"pt-BR\",\"potentialAction\":[{\"@type\":\"ReadAction\",\"target\":[\"http:\/\/sudoesteacontece.com.br\/?p=2092\"]}]},{\"@type\":\"ImageObject\",\"inLanguage\":\"pt-BR\",\"@id\":\"http:\/\/sudoesteacontece.com.br\/?p=2092#primaryimage\",\"url\":\"https:\/\/sudoesteacontece.com.br\/wp-content\/uploads\/2025\/11\/Temporal-causa-destruicao-e-leva-Caetite-a-decretar-situacao-de-emergencia-sudoeste-acontece.webp\",\"contentUrl\":\"https:\/\/sudoesteacontece.com.br\/wp-content\/uploads\/2025\/11\/Temporal-causa-destruicao-e-leva-Caetite-a-decretar-situacao-de-emergencia-sudoeste-acontece.webp\",\"width\":840,\"height\":525},{\"@type\":\"BreadcrumbList\",\"@id\":\"http:\/\/sudoesteacontece.com.br\/?p=2092#breadcrumb\",\"itemListElement\":[{\"@type\":\"ListItem\",\"position\":1,\"name\":\"In\u00edcio\",\"item\":\"https:\/\/sudoesteacontece.com.br\/\"},{\"@type\":\"ListItem\",\"position\":2,\"name\":\"Temporal causa destrui\u00e7\u00e3o e leva Caetit\u00e9 a decretar situa\u00e7\u00e3o de emerg\u00eancia\"}]},{\"@type\":\"WebSite\",\"@id\":\"https:\/\/sudoesteacontece.com.br\/#website\",\"url\":\"https:\/\/sudoesteacontece.com.br\/\",\"name\":\"Sudoesteacontece\",\"description\":\"\",\"publisher\":{\"@id\":\"https:\/\/sudoesteacontece.com.br\/#organization\"},\"potentialAction\":[{\"@type\":\"SearchAction\",\"target\":{\"@type\":\"EntryPoint\",\"urlTemplate\":\"https:\/\/sudoesteacontece.com.br\/?s={search_term_string}\"},\"query-input\":{\"@type\":\"PropertyValueSpecification\",\"valueRequired\":true,\"valueName\":\"search_term_string\"}}],\"inLanguage\":\"pt-BR\"},{\"@type\":\"Organization\",\"@id\":\"https:\/\/sudoesteacontece.com.br\/#organization\",\"name\":\"Sudoesteacontece\",\"url\":\"https:\/\/sudoesteacontece.com.br\/\",\"logo\":{\"@type\":\"ImageObject\",\"inLanguage\":\"pt-BR\",\"@id\":\"https:\/\/sudoesteacontece.com.br\/#\/schema\/logo\/image\/\",\"url\":\"https:\/\/sudoesteacontece.com.br\/wp-content\/uploads\/2025\/12\/cropped-logo-2-180x180-1.png\",\"contentUrl\":\"https:\/\/sudoesteacontece.com.br\/wp-content\/uploads\/2025\/12\/cropped-logo-2-180x180-1.png\",\"width\":180,\"height\":180,\"caption\":\"Sudoesteacontece\"},\"image\":{\"@id\":\"https:\/\/sudoesteacontece.com.br\/#\/schema\/logo\/image\/\"},\"sameAs\":[\"https:\/\/www.facebook.com\/sudoesteacontece\/?locale=pt_BR\"]},{\"@type\":\"Person\",\"@id\":\"https:\/\/sudoesteacontece.com.br\/#\/schema\/person\/3cf2cf009926a9683ebc29d5379fa79c\",\"name\":\"Washington Tiago\",\"image\":{\"@type\":\"ImageObject\",\"inLanguage\":\"pt-BR\",\"@id\":\"https:\/\/sudoesteacontece.com.br\/#\/schema\/person\/image\/\",\"url\":\"https:\/\/secure.gravatar.com\/avatar\/33c43b8668157e040f9d1fe93c354bf087cbd8ba36270c1163198bd3ddcf2a56?s=96&d=mm&r=g\",\"contentUrl\":\"https:\/\/secure.gravatar.com\/avatar\/33c43b8668157e040f9d1fe93c354bf087cbd8ba36270c1163198bd3ddcf2a56?s=96&d=mm&r=g\",\"caption\":\"Washington Tiago\"},\"url\":\"https:\/\/sudoesteacontece.com.br\/?author=2\"}]}<\/script>\n<!-- \/ Yoast SEO plugin. -->","yoast_head_json":{"title":"Temporal causa destrui\u00e7\u00e3o e leva Caetit\u00e9 a decretar situa\u00e7\u00e3o de emerg\u00eancia - Sudoesteacontece","robots":{"index":"index","follow":"follow","max-snippet":"max-snippet:-1","max-image-preview":"max-image-preview:large","max-video-preview":"max-video-preview:-1"},"canonical":"http:\/\/sudoesteacontece.com.br\/?p=2092","og_locale":"pt_BR","og_type":"article","og_title":"Temporal causa destrui\u00e7\u00e3o e leva Caetit\u00e9 a decretar situa\u00e7\u00e3o de emerg\u00eancia - Sudoesteacontece","og_description":"Um forte temporal atingiu Caetit\u00e9, no sudoeste da Bahia, na tarde desta sexta-feira (7), provocando enxurradas, alagamentos, desabamentos e danos em vias p\u00fablicas. A prefeitura decretou situa\u00e7\u00e3o de emerg\u00eancia ap\u00f3s os preju\u00edzos registrados em diversos bairros. Decreto n\u00ba 323\/2025, publicado no Di\u00e1rio Oficial do Munic\u00edpio, cita o risco de novas chuvas intensas e autoriza medidas imediatas para conter os impactos. Embora n\u00e3o haja v\u00edtimas fatais, os danos materiais foram classificados como severos. Em pouco mais de uma hora e meia, choveu 75 mm no Centro Administrativo e 85 mm no Alto do Observat\u00f3rio. A for\u00e7a da \u00e1gua arrastou carros, motos e invadiu resid\u00eancias, transformando ruas em verdadeiros rios. Equipes da Defesa Civil, Servi\u00e7os P\u00fablicos, Engenharia e Desenvolvimento Social est\u00e3o nas ruas desde o in\u00edcio da tarde. T\u00e9cnicos realizam vistorias, desobstruem redes pluviais e mapeiam \u00e1reas com risco de deslizamento. Frederico Gomes, coordenador da Defesa Civil, informou que pelo menos cinco pessoas est\u00e3o desabrigadas e recebem apoio da prefeitura. Ele alertou que o volume de chuva previsto para este s\u00e1bado pode superar o de hoje. \u201cPedimos que moradores em \u00e1reas de risco deixem as casas preventivamente e acionem os canais oficiais\u201d, afirmou. Engenheiro Hiverson Carvalho confirmou danos a ruas, sistemas de drenagem e redes de esgoto. Segundo ele, as equipes trabalhar\u00e3o durante todo o fim de semana para conter os estragos. J\u00e1 o secret\u00e1rio de Desenvolvimento Social, Paulo Henrique, informou que fam\u00edlias afetadas receber\u00e3o aux\u00edlio moradia e aluguel social. A secretaria disponibilizou o telefone (77) 99949-5794 para atender emerg\u00eancias e pedidos de ajuda. Autoridades locais refor\u00e7am que \u00e9 fundamental evitar travessias em \u00e1reas alagadas, n\u00e3o enfrentar correntezas e desligar aparelhos el\u00e9tricos durante as tempestades. Em caso de risco, o contato deve ser feito com a Defesa Civil ou diretamente com a Prefeitura.","og_url":"http:\/\/sudoesteacontece.com.br\/?p=2092","og_site_name":"Sudoesteacontece","article_publisher":"https:\/\/www.facebook.com\/sudoesteacontece\/?locale=pt_BR","article_published_time":"2025-11-08T11:52:24+00:00","article_modified_time":"2025-11-08T12:14:09+00:00","og_image":[{"width":840,"height":525,"url":"http:\/\/sudoesteacontece.com.br\/wp-content\/uploads\/2025\/11\/Temporal-causa-destruicao-e-leva-Caetite-a-decretar-situacao-de-emergencia-sudoeste-acontece.webp","type":"image\/webp"}],"author":"Washington Tiago","twitter_card":"summary_large_image","twitter_misc":{"Escrito por":"Washington Tiago","Est. tempo de leitura":"2 minutos"},"schema":{"@context":"https:\/\/schema.org","@graph":[{"@type":"Article","@id":"http:\/\/sudoesteacontece.com.br\/?p=2092#article","isPartOf":{"@id":"http:\/\/sudoesteacontece.com.br\/?p=2092"},"author":{"name":"Washington Tiago","@id":"https:\/\/sudoesteacontece.com.br\/#\/schema\/person\/3cf2cf009926a9683ebc29d5379fa79c"},"headline":"Temporal causa destrui\u00e7\u00e3o e leva Caetit\u00e9 a decretar situa\u00e7\u00e3o de emerg\u00eancia","datePublished":"2025-11-08T11:52:24+00:00","dateModified":"2025-11-08T12:14:09+00:00","mainEntityOfPage":{"@id":"http:\/\/sudoesteacontece.com.br\/?p=2092"},"wordCount":327,"commentCount":0,"publisher":{"@id":"https:\/\/sudoesteacontece.com.br\/#organization"},"image":{"@id":"http:\/\/sudoesteacontece.com.br\/?p=2092#primaryimage"},"thumbnailUrl":"https:\/\/sudoesteacontece.com.br\/wp-content\/uploads\/2025\/11\/Temporal-causa-destruicao-e-leva-Caetite-a-decretar-situacao-de-emergencia-sudoeste-acontece.webp","articleSection":["Caetit\u00e9","Cidades","Pol\u00edtica"],"inLanguage":"pt-BR","potentialAction":[{"@type":"CommentAction","name":"Comment","target":["http:\/\/sudoesteacontece.com.br\/?p=2092#respond"]}]},{"@type":"WebPage","@id":"http:\/\/sudoesteacontece.com.br\/?p=2092","url":"http:\/\/sudoesteacontece.com.br\/?p=2092","name":"Temporal causa destrui\u00e7\u00e3o e leva Caetit\u00e9 a decretar situa\u00e7\u00e3o de emerg\u00eancia - Sudoesteacontece","isPartOf":{"@id":"https:\/\/sudoesteacontece.com.br\/#website"},"primaryImageOfPage":{"@id":"http:\/\/sudoesteacontece.com.br\/?p=2092#primaryimage"},"image":{"@id":"http:\/\/sudoesteacontece.com.br\/?p=2092#primaryimage"},"thumbnailUrl":"https:\/\/sudoesteacontece.com.br\/wp-content\/uploads\/2025\/11\/Temporal-causa-destruicao-e-leva-Caetite-a-decretar-situacao-de-emergencia-sudoeste-acontece.webp","datePublished":"2025-11-08T11:52:24+00:00","dateModified":"2025-11-08T12:14:09+00:00","breadcrumb":{"@id":"http:\/\/sudoesteacontece.com.br\/?p=2092#breadcrumb"},"inLanguage":"pt-BR","potentialAction":[{"@type":"ReadAction","target":["http:\/\/sudoesteacontece.com.br\/?p=2092"]}]},{"@type":"ImageObject","inLanguage":"pt-BR","@id":"http:\/\/sudoesteacontece.com.br\/?p=2092#primaryimage","url":"https:\/\/sudoesteacontece.com.br\/wp-content\/uploads\/2025\/11\/Temporal-causa-destruicao-e-leva-Caetite-a-decretar-situacao-de-emergencia-sudoeste-acontece.webp","contentUrl":"https:\/\/sudoesteacontece.com.br\/wp-content\/uploads\/2025\/11\/Temporal-causa-destruicao-e-leva-Caetite-a-decretar-situacao-de-emergencia-sudoeste-acontece.webp","width":840,"height":525},{"@type":"BreadcrumbList","@id":"http:\/\/sudoesteacontece.com.br\/?p=2092#breadcrumb","itemListElement":[{"@type":"ListItem","position":1,"name":"In\u00edcio","item":"https:\/\/sudoesteacontece.com.br\/"},{"@type":"ListItem","position":2,"name":"Temporal causa destrui\u00e7\u00e3o e leva Caetit\u00e9 a decretar situa\u00e7\u00e3o de emerg\u00eancia"}]},{"@type":"WebSite","@id":"https:\/\/sudoesteacontece.com.br\/#website","url":"https:\/\/sudoesteacontece.com.br\/","name":"Sudoesteacontece","description":"","publisher":{"@id":"https:\/\/sudoesteacontece.com.br\/#organization"},"potentialAction":[{"@type":"SearchAction","target":{"@type":"EntryPoint","urlTemplate":"https:\/\/sudoesteacontece.com.br\/?s={search_term_string}"},"query-input":{"@type":"PropertyValueSpecification","valueRequired":true,"valueName":"search_term_string"}}],"inLanguage":"pt-BR"},{"@type":"Organization","@id":"https:\/\/sudoesteacontece.com.br\/#organization","name":"Sudoesteacontece","url":"https:\/\/sudoesteacontece.com.br\/","logo":{"@type":"ImageObject","inLanguage":"pt-BR","@id":"https:\/\/sudoesteacontece.com.br\/#\/schema\/logo\/image\/","url":"https:\/\/sudoesteacontece.com.br\/wp-content\/uploads\/2025\/12\/cropped-logo-2-180x180-1.png","contentUrl":"https:\/\/sudoesteacontece.com.br\/wp-content\/uploads\/2025\/12\/cropped-logo-2-180x180-1.png","width":180,"height":180,"caption":"Sudoesteacontece"},"image":{"@id":"https:\/\/sudoesteacontece.com.br\/#\/schema\/logo\/image\/"},"sameAs":["https:\/\/www.facebook.com\/sudoesteacontece\/?locale=pt_BR"]},{"@type":"Person","@id":"https:\/\/sudoesteacontece.com.br\/#\/schema\/person\/3cf2cf009926a9683ebc29d5379fa79c","name":"Washington Tiago","image":{"@type":"ImageObject","inLanguage":"pt-BR","@id":"https:\/\/sudoesteacontece.com.br\/#\/schema\/person\/image\/","url":"https:\/\/secure.gravatar.com\/avatar\/33c43b8668157e040f9d1fe93c354bf087cbd8ba36270c1163198bd3ddcf2a56?s=96&d=mm&r=g","contentUrl":"https:\/\/secure.gravatar.com\/avatar\/33c43b8668157e040f9d1fe93c354bf087cbd8ba36270c1163198bd3ddcf2a56?s=96&d=mm&r=g","caption":"Washington Tiago"},"url":"https:\/\/sudoesteacontece.com.br\/?author=2"}]}},"_links":{"self":[{"href":"https:\/\/sudoesteacontece.com.br\/index.php?rest_route=\/wp\/v2\/posts\/2092","targetHints":{"allow":["GET"]}}],"collection":[{"href":"https:\/\/sudoesteacontece.com.br\/index.php?rest_route=\/wp\/v2\/posts"}],"about":[{"href":"https:\/\/sudoesteacontece.com.br\/index.php?rest_route=\/wp\/v2\/types\/post"}],"author":[{"embeddable":true,"href":"https:\/\/sudoesteacontece.com.br\/index.php?rest_route=\/wp\/v2\/users\/2"}],"replies":[{"embeddable":true,"href":"https:\/\/sudoesteacontece.com.br\/index.php?rest_route=%2Fwp%2Fv2%2Fcomments&post=2092"}],"version-history":[{"count":0,"href":"https:\/\/sudoesteacontece.com.br\/index.php?rest_route=\/wp\/v2\/posts\/2092\/revisions"}],"wp:featuredmedia":[{"embeddable":true,"href":"https:\/\/sudoesteacontece.com.br\/index.php?rest_route=\/wp\/v2\/media\/2108"}],"wp:attachment":[{"href":"https:\/\/sudoesteacontece.com.br\/index.php?rest_route=%2Fwp%2Fv2%2Fmedia&parent=2092"}],"wp:term":[{"taxonomy":"category","embeddable":true,"href":"https:\/\/sudoesteacontece.com.br\/index.php?rest_route=%2Fwp%2Fv2%2Fcategories&post=2092"},{"taxonomy":"post_tag","embeddable":true,"href":"https:\/\/sudoesteacontece.com.br\/index.php?rest_route=%2Fwp%2Fv2%2Ftags&post=2092"}],"curies":[{"name":"wp","href":"https:\/\/api.w.org\/{rel}","templated":true}]}}