{"id":2243,"date":"2025-11-10T16:02:11","date_gmt":"2025-11-10T19:02:11","guid":{"rendered":"https:\/\/sudoesteacontece.com.br\/?p=2243"},"modified":"2025-11-10T16:02:16","modified_gmt":"2025-11-10T19:02:16","slug":"roberto-carlos-fara-show-gratuito-em-salvador-no-encerramento-do-natal-luz","status":"publish","type":"post","link":"https:\/\/sudoesteacontece.com.br\/?p=2243","title":{"rendered":"Roberto Carlos far\u00e1 show gratuito em Salvador no encerramento do Natal Luz"},"content":{"rendered":"\n<figure class=\"wp-block-image size-large\"><img fetchpriority=\"high\" decoding=\"async\" width=\"1024\" height=\"683\" src=\"http:\/\/sudoesteacontece.com.br\/wp-content\/uploads\/2025\/11\/Roberto-Carlos-fara-show-gratuito-em-Salvador-no-encerramento-do-Natal-Luz-sudoeste-acontece-1024x683.webp\" alt=\"\" class=\"wp-image-2276\" srcset=\"https:\/\/sudoesteacontece.com.br\/wp-content\/uploads\/2025\/11\/Roberto-Carlos-fara-show-gratuito-em-Salvador-no-encerramento-do-Natal-Luz-sudoeste-acontece-1024x683.webp 1024w, https:\/\/sudoesteacontece.com.br\/wp-content\/uploads\/2025\/11\/Roberto-Carlos-fara-show-gratuito-em-Salvador-no-encerramento-do-Natal-Luz-sudoeste-acontece-300x200.webp 300w, https:\/\/sudoesteacontece.com.br\/wp-content\/uploads\/2025\/11\/Roberto-Carlos-fara-show-gratuito-em-Salvador-no-encerramento-do-Natal-Luz-sudoeste-acontece-768x512.webp 768w, https:\/\/sudoesteacontece.com.br\/wp-content\/uploads\/2025\/11\/Roberto-Carlos-fara-show-gratuito-em-Salvador-no-encerramento-do-Natal-Luz-sudoeste-acontece.webp 1080w\" sizes=\"(max-width: 1024px) 100vw, 1024px\" \/><\/figure>\n\n\n\n<p>Salvador vai encerrar o Natal Luz com um presente especial para os f\u00e3s da m\u00fasica brasileira. O cantor Roberto Carlos far\u00e1 um show gratuito na capital baiana no dia 26 de dezembro, segundo an\u00fancio feito nesta segunda-feira (10) pelo prefeito Bruno Reis (Uni\u00e3o Brasil).<\/p>\n\n\n\n<p>Evento marcar\u00e1 o encerramento do Natal Luz Salvador e abrir\u00e1 oficialmente o palco do Festival Virada Salvador 2026, que acontece entre 27 e 31 de dezembro.<\/p>\n\n\n\n<p>\u201cVim aqui hoje trazer uma excelente not\u00edcia. Dia 26 de dezembro vamos encerrar o nosso Natal Luz e iniciar o Festival da Virada com o nosso Rei, Roberto Carlos. \u00c9 gratuito! Parab\u00e9ns, Salvador!\u201d, declarou o prefeito nas redes sociais.<\/p>\n\n\n\n<p>A apresenta\u00e7\u00e3o ser\u00e1 in\u00e9dita nesses moldes na cidade e promete reunir uma multid\u00e3o. A prefeitura ainda vai divulgar detalhes sobre estrutura, hor\u00e1rios e acessos nos pr\u00f3ximos dias.<\/p>\n\n\n\n<p>\u00cdcone da m\u00fasica brasileira, Roberto Carlos \u00e9 conhecido pelas apresenta\u00e7\u00f5es emocionantes que embalam o Natal de milh\u00f5es de brasileiros. Escolha do artista refor\u00e7a o esfor\u00e7o da capital baiana em se consolidar como refer\u00eancia nacional em grandes eventos culturais.<\/p>\n\n\n\n<p>Com o show do Rei, Salvador quer unir dois momentos marcantes do fim de ano: a celebra\u00e7\u00e3o natalina e a festa da virada. O evento simboliza a liga\u00e7\u00e3o entre o esp\u00edrito de afeto do Natal e a energia contagiante do R\u00e9veillon soteropolitano.<\/p>\n","protected":false},"excerpt":{"rendered":"<p>Salvador vai encerrar o Natal Luz com um presente especial para os f\u00e3s da m\u00fasica brasileira. O cantor Roberto Carlos far\u00e1 um show gratuito na capital baiana no dia 26 de dezembro, segundo an\u00fancio feito nesta segunda-feira (10) pelo prefeito Bruno Reis (Uni\u00e3o Brasil). Evento marcar\u00e1 o encerramento do Natal Luz Salvador e abrir\u00e1 oficialmente o palco do Festival Virada Salvador 2026, que acontece entre 27 e 31 de dezembro. \u201cVim aqui hoje trazer uma excelente not\u00edcia. Dia 26 de dezembro vamos encerrar o nosso Natal Luz e iniciar o Festival da Virada com o nosso Rei, Roberto Carlos. \u00c9 gratuito! Parab\u00e9ns, Salvador!\u201d, declarou o prefeito nas redes sociais. A apresenta\u00e7\u00e3o ser\u00e1 in\u00e9dita nesses moldes na cidade e promete reunir uma multid\u00e3o. A prefeitura ainda vai divulgar detalhes sobre estrutura, hor\u00e1rios e acessos nos pr\u00f3ximos dias. \u00cdcone da m\u00fasica brasileira, Roberto Carlos \u00e9 conhecido pelas apresenta\u00e7\u00f5es emocionantes que embalam o Natal de milh\u00f5es de brasileiros. Escolha do artista refor\u00e7a o esfor\u00e7o da capital baiana em se consolidar como refer\u00eancia nacional em grandes eventos culturais. Com o show do Rei, Salvador quer unir dois momentos marcantes do fim de ano: a celebra\u00e7\u00e3o natalina e a festa da virada. O evento simboliza a liga\u00e7\u00e3o entre o esp\u00edrito de afeto do Natal e a energia contagiante do R\u00e9veillon soteropolitano.<\/p>\n","protected":false},"author":2,"featured_media":2276,"comment_status":"open","ping_status":"open","sticky":false,"template":"","format":"standard","meta":{"footnotes":""},"categories":[7,16],"tags":[],"class_list":["post-2243","post","type-post","status-publish","format-standard","has-post-thumbnail","hentry","category-bahia","category-tv-radio-e-cinema"],"yoast_head":"<!-- This site is optimized with the Yoast SEO plugin v26.5 - https:\/\/yoast.com\/wordpress\/plugins\/seo\/ -->\n<title>Roberto Carlos far\u00e1 show gratuito em Salvador no encerramento do Natal Luz - Sudoesteacontece<\/title>\n<meta name=\"robots\" content=\"index, follow, max-snippet:-1, max-image-preview:large, max-video-preview:-1\" \/>\n<link rel=\"canonical\" href=\"https:\/\/sudoesteacontece.com.br\/?p=2243\" \/>\n<meta property=\"og:locale\" content=\"pt_BR\" \/>\n<meta property=\"og:type\" content=\"article\" \/>\n<meta property=\"og:title\" content=\"Roberto Carlos far\u00e1 show gratuito em Salvador no encerramento do Natal Luz - Sudoesteacontece\" \/>\n<meta property=\"og:description\" content=\"Salvador vai encerrar o Natal Luz com um presente especial para os f\u00e3s da m\u00fasica brasileira. O cantor Roberto Carlos far\u00e1 um show gratuito na capital baiana no dia 26 de dezembro, segundo an\u00fancio feito nesta segunda-feira (10) pelo prefeito Bruno Reis (Uni\u00e3o Brasil). Evento marcar\u00e1 o encerramento do Natal Luz Salvador e abrir\u00e1 oficialmente o palco do Festival Virada Salvador 2026, que acontece entre 27 e 31 de dezembro. \u201cVim aqui hoje trazer uma excelente not\u00edcia. Dia 26 de dezembro vamos encerrar o nosso Natal Luz e iniciar o Festival da Virada com o nosso Rei, Roberto Carlos. \u00c9 gratuito! Parab\u00e9ns, Salvador!\u201d, declarou o prefeito nas redes sociais. A apresenta\u00e7\u00e3o ser\u00e1 in\u00e9dita nesses moldes na cidade e promete reunir uma multid\u00e3o. A prefeitura ainda vai divulgar detalhes sobre estrutura, hor\u00e1rios e acessos nos pr\u00f3ximos dias. \u00cdcone da m\u00fasica brasileira, Roberto Carlos \u00e9 conhecido pelas apresenta\u00e7\u00f5es emocionantes que embalam o Natal de milh\u00f5es de brasileiros. Escolha do artista refor\u00e7a o esfor\u00e7o da capital baiana em se consolidar como refer\u00eancia nacional em grandes eventos culturais. Com o show do Rei, Salvador quer unir dois momentos marcantes do fim de ano: a celebra\u00e7\u00e3o natalina e a festa da virada. O evento simboliza a liga\u00e7\u00e3o entre o esp\u00edrito de afeto do Natal e a energia contagiante do R\u00e9veillon soteropolitano.\" \/>\n<meta property=\"og:url\" content=\"https:\/\/sudoesteacontece.com.br\/?p=2243\" \/>\n<meta property=\"og:site_name\" content=\"Sudoesteacontece\" \/>\n<meta property=\"article:publisher\" content=\"https:\/\/www.facebook.com\/sudoesteacontece\/?locale=pt_BR\" \/>\n<meta property=\"article:published_time\" content=\"2025-11-10T19:02:11+00:00\" \/>\n<meta property=\"article:modified_time\" content=\"2025-11-10T19:02:16+00:00\" \/>\n<meta property=\"og:image\" content=\"https:\/\/sudoesteacontece.com.br\/wp-content\/uploads\/2025\/11\/Roberto-Carlos-fara-show-gratuito-em-Salvador-no-encerramento-do-Natal-Luz-sudoeste-acontece.webp\" \/>\n\t<meta property=\"og:image:width\" content=\"1080\" \/>\n\t<meta property=\"og:image:height\" content=\"720\" \/>\n\t<meta property=\"og:image:type\" content=\"image\/webp\" \/>\n<meta name=\"author\" content=\"Washington Tiago\" \/>\n<meta name=\"twitter:card\" content=\"summary_large_image\" \/>\n<meta name=\"twitter:label1\" content=\"Escrito por\" \/>\n\t<meta name=\"twitter:data1\" content=\"Washington Tiago\" \/>\n\t<meta name=\"twitter:label2\" content=\"Est. tempo de leitura\" \/>\n\t<meta name=\"twitter:data2\" content=\"1 minuto\" \/>\n<script type=\"application\/ld+json\" class=\"yoast-schema-graph\">{\"@context\":\"https:\/\/schema.org\",\"@graph\":[{\"@type\":\"Article\",\"@id\":\"https:\/\/sudoesteacontece.com.br\/?p=2243#article\",\"isPartOf\":{\"@id\":\"https:\/\/sudoesteacontece.com.br\/?p=2243\"},\"author\":{\"name\":\"Washington Tiago\",\"@id\":\"https:\/\/sudoesteacontece.com.br\/#\/schema\/person\/3cf2cf009926a9683ebc29d5379fa79c\"},\"headline\":\"Roberto Carlos far\u00e1 show gratuito em Salvador no encerramento do Natal Luz\",\"datePublished\":\"2025-11-10T19:02:11+00:00\",\"dateModified\":\"2025-11-10T19:02:16+00:00\",\"mainEntityOfPage\":{\"@id\":\"https:\/\/sudoesteacontece.com.br\/?p=2243\"},\"wordCount\":241,\"commentCount\":0,\"publisher\":{\"@id\":\"https:\/\/sudoesteacontece.com.br\/#organization\"},\"image\":{\"@id\":\"https:\/\/sudoesteacontece.com.br\/?p=2243#primaryimage\"},\"thumbnailUrl\":\"https:\/\/sudoesteacontece.com.br\/wp-content\/uploads\/2025\/11\/Roberto-Carlos-fara-show-gratuito-em-Salvador-no-encerramento-do-Natal-Luz-sudoeste-acontece.webp\",\"articleSection\":[\"Bahia\",\"TV, R\u00e1dio e Cinema\"],\"inLanguage\":\"pt-BR\",\"potentialAction\":[{\"@type\":\"CommentAction\",\"name\":\"Comment\",\"target\":[\"https:\/\/sudoesteacontece.com.br\/?p=2243#respond\"]}]},{\"@type\":\"WebPage\",\"@id\":\"https:\/\/sudoesteacontece.com.br\/?p=2243\",\"url\":\"https:\/\/sudoesteacontece.com.br\/?p=2243\",\"name\":\"Roberto Carlos far\u00e1 show gratuito em Salvador no encerramento do Natal Luz - Sudoesteacontece\",\"isPartOf\":{\"@id\":\"https:\/\/sudoesteacontece.com.br\/#website\"},\"primaryImageOfPage\":{\"@id\":\"https:\/\/sudoesteacontece.com.br\/?p=2243#primaryimage\"},\"image\":{\"@id\":\"https:\/\/sudoesteacontece.com.br\/?p=2243#primaryimage\"},\"thumbnailUrl\":\"https:\/\/sudoesteacontece.com.br\/wp-content\/uploads\/2025\/11\/Roberto-Carlos-fara-show-gratuito-em-Salvador-no-encerramento-do-Natal-Luz-sudoeste-acontece.webp\",\"datePublished\":\"2025-11-10T19:02:11+00:00\",\"dateModified\":\"2025-11-10T19:02:16+00:00\",\"breadcrumb\":{\"@id\":\"https:\/\/sudoesteacontece.com.br\/?p=2243#breadcrumb\"},\"inLanguage\":\"pt-BR\",\"potentialAction\":[{\"@type\":\"ReadAction\",\"target\":[\"https:\/\/sudoesteacontece.com.br\/?p=2243\"]}]},{\"@type\":\"ImageObject\",\"inLanguage\":\"pt-BR\",\"@id\":\"https:\/\/sudoesteacontece.com.br\/?p=2243#primaryimage\",\"url\":\"https:\/\/sudoesteacontece.com.br\/wp-content\/uploads\/2025\/11\/Roberto-Carlos-fara-show-gratuito-em-Salvador-no-encerramento-do-Natal-Luz-sudoeste-acontece.webp\",\"contentUrl\":\"https:\/\/sudoesteacontece.com.br\/wp-content\/uploads\/2025\/11\/Roberto-Carlos-fara-show-gratuito-em-Salvador-no-encerramento-do-Natal-Luz-sudoeste-acontece.webp\",\"width\":1080,\"height\":720},{\"@type\":\"BreadcrumbList\",\"@id\":\"https:\/\/sudoesteacontece.com.br\/?p=2243#breadcrumb\",\"itemListElement\":[{\"@type\":\"ListItem\",\"position\":1,\"name\":\"In\u00edcio\",\"item\":\"https:\/\/sudoesteacontece.com.br\/\"},{\"@type\":\"ListItem\",\"position\":2,\"name\":\"Roberto Carlos far\u00e1 show gratuito em Salvador no encerramento do Natal Luz\"}]},{\"@type\":\"WebSite\",\"@id\":\"https:\/\/sudoesteacontece.com.br\/#website\",\"url\":\"https:\/\/sudoesteacontece.com.br\/\",\"name\":\"Sudoesteacontece\",\"description\":\"\",\"publisher\":{\"@id\":\"https:\/\/sudoesteacontece.com.br\/#organization\"},\"potentialAction\":[{\"@type\":\"SearchAction\",\"target\":{\"@type\":\"EntryPoint\",\"urlTemplate\":\"https:\/\/sudoesteacontece.com.br\/?s={search_term_string}\"},\"query-input\":{\"@type\":\"PropertyValueSpecification\",\"valueRequired\":true,\"valueName\":\"search_term_string\"}}],\"inLanguage\":\"pt-BR\"},{\"@type\":\"Organization\",\"@id\":\"https:\/\/sudoesteacontece.com.br\/#organization\",\"name\":\"Sudoesteacontece\",\"url\":\"https:\/\/sudoesteacontece.com.br\/\",\"logo\":{\"@type\":\"ImageObject\",\"inLanguage\":\"pt-BR\",\"@id\":\"https:\/\/sudoesteacontece.com.br\/#\/schema\/logo\/image\/\",\"url\":\"https:\/\/sudoesteacontece.com.br\/wp-content\/uploads\/2025\/12\/cropped-logo-2-180x180-1.png\",\"contentUrl\":\"https:\/\/sudoesteacontece.com.br\/wp-content\/uploads\/2025\/12\/cropped-logo-2-180x180-1.png\",\"width\":180,\"height\":180,\"caption\":\"Sudoesteacontece\"},\"image\":{\"@id\":\"https:\/\/sudoesteacontece.com.br\/#\/schema\/logo\/image\/\"},\"sameAs\":[\"https:\/\/www.facebook.com\/sudoesteacontece\/?locale=pt_BR\"]},{\"@type\":\"Person\",\"@id\":\"https:\/\/sudoesteacontece.com.br\/#\/schema\/person\/3cf2cf009926a9683ebc29d5379fa79c\",\"name\":\"Washington Tiago\",\"image\":{\"@type\":\"ImageObject\",\"inLanguage\":\"pt-BR\",\"@id\":\"https:\/\/sudoesteacontece.com.br\/#\/schema\/person\/image\/\",\"url\":\"https:\/\/secure.gravatar.com\/avatar\/33c43b8668157e040f9d1fe93c354bf087cbd8ba36270c1163198bd3ddcf2a56?s=96&d=mm&r=g\",\"contentUrl\":\"https:\/\/secure.gravatar.com\/avatar\/33c43b8668157e040f9d1fe93c354bf087cbd8ba36270c1163198bd3ddcf2a56?s=96&d=mm&r=g\",\"caption\":\"Washington Tiago\"},\"url\":\"https:\/\/sudoesteacontece.com.br\/?author=2\"}]}<\/script>\n<!-- \/ Yoast SEO plugin. -->","yoast_head_json":{"title":"Roberto Carlos far\u00e1 show gratuito em Salvador no encerramento do Natal Luz - Sudoesteacontece","robots":{"index":"index","follow":"follow","max-snippet":"max-snippet:-1","max-image-preview":"max-image-preview:large","max-video-preview":"max-video-preview:-1"},"canonical":"https:\/\/sudoesteacontece.com.br\/?p=2243","og_locale":"pt_BR","og_type":"article","og_title":"Roberto Carlos far\u00e1 show gratuito em Salvador no encerramento do Natal Luz - Sudoesteacontece","og_description":"Salvador vai encerrar o Natal Luz com um presente especial para os f\u00e3s da m\u00fasica brasileira. O cantor Roberto Carlos far\u00e1 um show gratuito na capital baiana no dia 26 de dezembro, segundo an\u00fancio feito nesta segunda-feira (10) pelo prefeito Bruno Reis (Uni\u00e3o Brasil). Evento marcar\u00e1 o encerramento do Natal Luz Salvador e abrir\u00e1 oficialmente o palco do Festival Virada Salvador 2026, que acontece entre 27 e 31 de dezembro. \u201cVim aqui hoje trazer uma excelente not\u00edcia. Dia 26 de dezembro vamos encerrar o nosso Natal Luz e iniciar o Festival da Virada com o nosso Rei, Roberto Carlos. \u00c9 gratuito! Parab\u00e9ns, Salvador!\u201d, declarou o prefeito nas redes sociais. A apresenta\u00e7\u00e3o ser\u00e1 in\u00e9dita nesses moldes na cidade e promete reunir uma multid\u00e3o. A prefeitura ainda vai divulgar detalhes sobre estrutura, hor\u00e1rios e acessos nos pr\u00f3ximos dias. \u00cdcone da m\u00fasica brasileira, Roberto Carlos \u00e9 conhecido pelas apresenta\u00e7\u00f5es emocionantes que embalam o Natal de milh\u00f5es de brasileiros. Escolha do artista refor\u00e7a o esfor\u00e7o da capital baiana em se consolidar como refer\u00eancia nacional em grandes eventos culturais. Com o show do Rei, Salvador quer unir dois momentos marcantes do fim de ano: a celebra\u00e7\u00e3o natalina e a festa da virada. O evento simboliza a liga\u00e7\u00e3o entre o esp\u00edrito de afeto do Natal e a energia contagiante do R\u00e9veillon soteropolitano.","og_url":"https:\/\/sudoesteacontece.com.br\/?p=2243","og_site_name":"Sudoesteacontece","article_publisher":"https:\/\/www.facebook.com\/sudoesteacontece\/?locale=pt_BR","article_published_time":"2025-11-10T19:02:11+00:00","article_modified_time":"2025-11-10T19:02:16+00:00","og_image":[{"width":1080,"height":720,"url":"https:\/\/sudoesteacontece.com.br\/wp-content\/uploads\/2025\/11\/Roberto-Carlos-fara-show-gratuito-em-Salvador-no-encerramento-do-Natal-Luz-sudoeste-acontece.webp","type":"image\/webp"}],"author":"Washington Tiago","twitter_card":"summary_large_image","twitter_misc":{"Escrito por":"Washington Tiago","Est. tempo de leitura":"1 minuto"},"schema":{"@context":"https:\/\/schema.org","@graph":[{"@type":"Article","@id":"https:\/\/sudoesteacontece.com.br\/?p=2243#article","isPartOf":{"@id":"https:\/\/sudoesteacontece.com.br\/?p=2243"},"author":{"name":"Washington Tiago","@id":"https:\/\/sudoesteacontece.com.br\/#\/schema\/person\/3cf2cf009926a9683ebc29d5379fa79c"},"headline":"Roberto Carlos far\u00e1 show gratuito em Salvador no encerramento do Natal Luz","datePublished":"2025-11-10T19:02:11+00:00","dateModified":"2025-11-10T19:02:16+00:00","mainEntityOfPage":{"@id":"https:\/\/sudoesteacontece.com.br\/?p=2243"},"wordCount":241,"commentCount":0,"publisher":{"@id":"https:\/\/sudoesteacontece.com.br\/#organization"},"image":{"@id":"https:\/\/sudoesteacontece.com.br\/?p=2243#primaryimage"},"thumbnailUrl":"https:\/\/sudoesteacontece.com.br\/wp-content\/uploads\/2025\/11\/Roberto-Carlos-fara-show-gratuito-em-Salvador-no-encerramento-do-Natal-Luz-sudoeste-acontece.webp","articleSection":["Bahia","TV, R\u00e1dio e Cinema"],"inLanguage":"pt-BR","potentialAction":[{"@type":"CommentAction","name":"Comment","target":["https:\/\/sudoesteacontece.com.br\/?p=2243#respond"]}]},{"@type":"WebPage","@id":"https:\/\/sudoesteacontece.com.br\/?p=2243","url":"https:\/\/sudoesteacontece.com.br\/?p=2243","name":"Roberto Carlos far\u00e1 show gratuito em Salvador no encerramento do Natal Luz - Sudoesteacontece","isPartOf":{"@id":"https:\/\/sudoesteacontece.com.br\/#website"},"primaryImageOfPage":{"@id":"https:\/\/sudoesteacontece.com.br\/?p=2243#primaryimage"},"image":{"@id":"https:\/\/sudoesteacontece.com.br\/?p=2243#primaryimage"},"thumbnailUrl":"https:\/\/sudoesteacontece.com.br\/wp-content\/uploads\/2025\/11\/Roberto-Carlos-fara-show-gratuito-em-Salvador-no-encerramento-do-Natal-Luz-sudoeste-acontece.webp","datePublished":"2025-11-10T19:02:11+00:00","dateModified":"2025-11-10T19:02:16+00:00","breadcrumb":{"@id":"https:\/\/sudoesteacontece.com.br\/?p=2243#breadcrumb"},"inLanguage":"pt-BR","potentialAction":[{"@type":"ReadAction","target":["https:\/\/sudoesteacontece.com.br\/?p=2243"]}]},{"@type":"ImageObject","inLanguage":"pt-BR","@id":"https:\/\/sudoesteacontece.com.br\/?p=2243#primaryimage","url":"https:\/\/sudoesteacontece.com.br\/wp-content\/uploads\/2025\/11\/Roberto-Carlos-fara-show-gratuito-em-Salvador-no-encerramento-do-Natal-Luz-sudoeste-acontece.webp","contentUrl":"https:\/\/sudoesteacontece.com.br\/wp-content\/uploads\/2025\/11\/Roberto-Carlos-fara-show-gratuito-em-Salvador-no-encerramento-do-Natal-Luz-sudoeste-acontece.webp","width":1080,"height":720},{"@type":"BreadcrumbList","@id":"https:\/\/sudoesteacontece.com.br\/?p=2243#breadcrumb","itemListElement":[{"@type":"ListItem","position":1,"name":"In\u00edcio","item":"https:\/\/sudoesteacontece.com.br\/"},{"@type":"ListItem","position":2,"name":"Roberto Carlos far\u00e1 show gratuito em Salvador no encerramento do Natal Luz"}]},{"@type":"WebSite","@id":"https:\/\/sudoesteacontece.com.br\/#website","url":"https:\/\/sudoesteacontece.com.br\/","name":"Sudoesteacontece","description":"","publisher":{"@id":"https:\/\/sudoesteacontece.com.br\/#organization"},"potentialAction":[{"@type":"SearchAction","target":{"@type":"EntryPoint","urlTemplate":"https:\/\/sudoesteacontece.com.br\/?s={search_term_string}"},"query-input":{"@type":"PropertyValueSpecification","valueRequired":true,"valueName":"search_term_string"}}],"inLanguage":"pt-BR"},{"@type":"Organization","@id":"https:\/\/sudoesteacontece.com.br\/#organization","name":"Sudoesteacontece","url":"https:\/\/sudoesteacontece.com.br\/","logo":{"@type":"ImageObject","inLanguage":"pt-BR","@id":"https:\/\/sudoesteacontece.com.br\/#\/schema\/logo\/image\/","url":"https:\/\/sudoesteacontece.com.br\/wp-content\/uploads\/2025\/12\/cropped-logo-2-180x180-1.png","contentUrl":"https:\/\/sudoesteacontece.com.br\/wp-content\/uploads\/2025\/12\/cropped-logo-2-180x180-1.png","width":180,"height":180,"caption":"Sudoesteacontece"},"image":{"@id":"https:\/\/sudoesteacontece.com.br\/#\/schema\/logo\/image\/"},"sameAs":["https:\/\/www.facebook.com\/sudoesteacontece\/?locale=pt_BR"]},{"@type":"Person","@id":"https:\/\/sudoesteacontece.com.br\/#\/schema\/person\/3cf2cf009926a9683ebc29d5379fa79c","name":"Washington Tiago","image":{"@type":"ImageObject","inLanguage":"pt-BR","@id":"https:\/\/sudoesteacontece.com.br\/#\/schema\/person\/image\/","url":"https:\/\/secure.gravatar.com\/avatar\/33c43b8668157e040f9d1fe93c354bf087cbd8ba36270c1163198bd3ddcf2a56?s=96&d=mm&r=g","contentUrl":"https:\/\/secure.gravatar.com\/avatar\/33c43b8668157e040f9d1fe93c354bf087cbd8ba36270c1163198bd3ddcf2a56?s=96&d=mm&r=g","caption":"Washington Tiago"},"url":"https:\/\/sudoesteacontece.com.br\/?author=2"}]}},"_links":{"self":[{"href":"https:\/\/sudoesteacontece.com.br\/index.php?rest_route=\/wp\/v2\/posts\/2243","targetHints":{"allow":["GET"]}}],"collection":[{"href":"https:\/\/sudoesteacontece.com.br\/index.php?rest_route=\/wp\/v2\/posts"}],"about":[{"href":"https:\/\/sudoesteacontece.com.br\/index.php?rest_route=\/wp\/v2\/types\/post"}],"author":[{"embeddable":true,"href":"https:\/\/sudoesteacontece.com.br\/index.php?rest_route=\/wp\/v2\/users\/2"}],"replies":[{"embeddable":true,"href":"https:\/\/sudoesteacontece.com.br\/index.php?rest_route=%2Fwp%2Fv2%2Fcomments&post=2243"}],"version-history":[{"count":0,"href":"https:\/\/sudoesteacontece.com.br\/index.php?rest_route=\/wp\/v2\/posts\/2243\/revisions"}],"wp:featuredmedia":[{"embeddable":true,"href":"https:\/\/sudoesteacontece.com.br\/index.php?rest_route=\/wp\/v2\/media\/2276"}],"wp:attachment":[{"href":"https:\/\/sudoesteacontece.com.br\/index.php?rest_route=%2Fwp%2Fv2%2Fmedia&parent=2243"}],"wp:term":[{"taxonomy":"category","embeddable":true,"href":"https:\/\/sudoesteacontece.com.br\/index.php?rest_route=%2Fwp%2Fv2%2Fcategories&post=2243"},{"taxonomy":"post_tag","embeddable":true,"href":"https:\/\/sudoesteacontece.com.br\/index.php?rest_route=%2Fwp%2Fv2%2Ftags&post=2243"}],"curies":[{"name":"wp","href":"https:\/\/api.w.org\/{rel}","templated":true}]}}