{"id":2249,"date":"2025-11-10T15:53:58","date_gmt":"2025-11-10T18:53:58","guid":{"rendered":"https:\/\/sudoesteacontece.com.br\/?p=2249"},"modified":"2025-11-10T15:54:01","modified_gmt":"2025-11-10T18:54:01","slug":"nao-aguentamos-mais-quedas-de-energia-viram-pesadelo-na-regiao-de-livramento","status":"publish","type":"post","link":"https:\/\/sudoesteacontece.com.br\/?p=2249","title":{"rendered":"\u201cN\u00e3o aguentamos mais\u201d: quedas de energia viram pesadelo na regi\u00e3o de Livramento"},"content":{"rendered":"\n<figure class=\"wp-block-image size-full\"><img fetchpriority=\"high\" decoding=\"async\" width=\"900\" height=\"600\" src=\"http:\/\/sudoesteacontece.com.br\/wp-content\/uploads\/2025\/11\/Nao-aguentamos-mais-quedas-de-energia-viram-pesadelo-na-regiao-de-Livramento-sudoeste-acontece.jpeg\" alt=\"\" class=\"wp-image-2271\" srcset=\"https:\/\/sudoesteacontece.com.br\/wp-content\/uploads\/2025\/11\/Nao-aguentamos-mais-quedas-de-energia-viram-pesadelo-na-regiao-de-Livramento-sudoeste-acontece.jpeg 900w, https:\/\/sudoesteacontece.com.br\/wp-content\/uploads\/2025\/11\/Nao-aguentamos-mais-quedas-de-energia-viram-pesadelo-na-regiao-de-Livramento-sudoeste-acontece-300x200.jpeg 300w, https:\/\/sudoesteacontece.com.br\/wp-content\/uploads\/2025\/11\/Nao-aguentamos-mais-quedas-de-energia-viram-pesadelo-na-regiao-de-Livramento-sudoeste-acontece-768x512.jpeg 768w\" sizes=\"(max-width: 900px) 100vw, 900px\" \/><\/figure>\n\n\n\n<p>Moradores de Livramento de Nossa Senhora e de outras cidades do sudoeste baiano enfrentam constantes quedas de energia nas \u00faltimas semanas. As interrup\u00e7\u00f5es acontecem em v\u00e1rios momentos do dia e da noite, provocando danos, preju\u00edzos e indigna\u00e7\u00e3o.<\/p>\n\n\n\n<p>Relatos apontam oscila\u00e7\u00f5es bruscas de tens\u00e3o e desligamentos repentinos que duram minutos ou at\u00e9 horas. Comerciantes afirmam ter perdido produtos inteiros por falta de refrigera\u00e7\u00e3o. Em casa, moradores relatam aparelhos queimados e noites no escuro.<\/p>\n\n\n\n<p>Produtores rurais tamb\u00e9m sentem o impacto. As falhas no fornecimento prejudicam o funcionamento de bombas de irriga\u00e7\u00e3o e equipamentos el\u00e9tricos, comprometendo a produ\u00e7\u00e3o agr\u00edcola e aumentando custos.<\/p>\n\n\n\n<p>Cidades como Brumado, Dom Bas\u00edlio, Rio de Contas e Vit\u00f3ria da Conquista registram problemas semelhantes. Nas redes sociais, moradores multiplicam den\u00fancias e cobram respostas urgentes da Neoenergia Coelba, concession\u00e1ria respons\u00e1vel pelo servi\u00e7o.<\/p>\n\n\n\n<p>Consumidores pedem que prefeituras, c\u00e2maras municipais e o Minist\u00e9rio P\u00fablico da Bahia acompanhem o caso de perto. As queixas destacam a falta de estabilidade do sistema el\u00e9trico e a aus\u00eancia de a\u00e7\u00f5es preventivas por parte da empresa.<\/p>\n\n\n\n<p>A instabilidade no fornecimento vem afetando neg\u00f3cios, fam\u00edlias e a seguran\u00e7a p\u00fablica em todo o sudoeste baiano. Para muitos, o que antes era um inc\u00f4modo pontual se transformou em um apag\u00e3o de paci\u00eancia.<\/p>\n","protected":false},"excerpt":{"rendered":"<p>Moradores de Livramento de Nossa Senhora e de outras cidades do sudoeste baiano enfrentam constantes quedas de energia nas \u00faltimas semanas. As interrup\u00e7\u00f5es acontecem em v\u00e1rios momentos do dia e da noite, provocando danos, preju\u00edzos e indigna\u00e7\u00e3o. Relatos apontam oscila\u00e7\u00f5es bruscas de tens\u00e3o e desligamentos repentinos que duram minutos ou at\u00e9 horas. Comerciantes afirmam ter perdido produtos inteiros por falta de refrigera\u00e7\u00e3o. Em casa, moradores relatam aparelhos queimados e noites no escuro. Produtores rurais tamb\u00e9m sentem o impacto. As falhas no fornecimento prejudicam o funcionamento de bombas de irriga\u00e7\u00e3o e equipamentos el\u00e9tricos, comprometendo a produ\u00e7\u00e3o agr\u00edcola e aumentando custos. Cidades como Brumado, Dom Bas\u00edlio, Rio de Contas e Vit\u00f3ria da Conquista registram problemas semelhantes. Nas redes sociais, moradores multiplicam den\u00fancias e cobram respostas urgentes da Neoenergia Coelba, concession\u00e1ria respons\u00e1vel pelo servi\u00e7o. Consumidores pedem que prefeituras, c\u00e2maras municipais e o Minist\u00e9rio P\u00fablico da Bahia acompanhem o caso de perto. As queixas destacam a falta de estabilidade do sistema el\u00e9trico e a aus\u00eancia de a\u00e7\u00f5es preventivas por parte da empresa. A instabilidade no fornecimento vem afetando neg\u00f3cios, fam\u00edlias e a seguran\u00e7a p\u00fablica em todo o sudoeste baiano. Para muitos, o que antes era um inc\u00f4modo pontual se transformou em um apag\u00e3o de paci\u00eancia.<\/p>\n","protected":false},"author":2,"featured_media":2271,"comment_status":"open","ping_status":"open","sticky":false,"template":"","format":"standard","meta":{"footnotes":""},"categories":[4,18],"tags":[],"class_list":["post-2249","post","type-post","status-publish","format-standard","has-post-thumbnail","hentry","category-cidades","category-livramento"],"yoast_head":"<!-- This site is optimized with the Yoast SEO plugin v26.5 - https:\/\/yoast.com\/wordpress\/plugins\/seo\/ -->\n<title>\u201cN\u00e3o aguentamos mais\u201d: quedas de energia viram pesadelo na regi\u00e3o de Livramento - Sudoesteacontece<\/title>\n<meta name=\"robots\" content=\"index, follow, max-snippet:-1, max-image-preview:large, max-video-preview:-1\" \/>\n<link rel=\"canonical\" href=\"https:\/\/sudoesteacontece.com.br\/?p=2249\" \/>\n<meta property=\"og:locale\" content=\"pt_BR\" \/>\n<meta property=\"og:type\" content=\"article\" \/>\n<meta property=\"og:title\" content=\"\u201cN\u00e3o aguentamos mais\u201d: quedas de energia viram pesadelo na regi\u00e3o de Livramento - Sudoesteacontece\" \/>\n<meta property=\"og:description\" content=\"Moradores de Livramento de Nossa Senhora e de outras cidades do sudoeste baiano enfrentam constantes quedas de energia nas \u00faltimas semanas. As interrup\u00e7\u00f5es acontecem em v\u00e1rios momentos do dia e da noite, provocando danos, preju\u00edzos e indigna\u00e7\u00e3o. Relatos apontam oscila\u00e7\u00f5es bruscas de tens\u00e3o e desligamentos repentinos que duram minutos ou at\u00e9 horas. Comerciantes afirmam ter perdido produtos inteiros por falta de refrigera\u00e7\u00e3o. Em casa, moradores relatam aparelhos queimados e noites no escuro. Produtores rurais tamb\u00e9m sentem o impacto. As falhas no fornecimento prejudicam o funcionamento de bombas de irriga\u00e7\u00e3o e equipamentos el\u00e9tricos, comprometendo a produ\u00e7\u00e3o agr\u00edcola e aumentando custos. Cidades como Brumado, Dom Bas\u00edlio, Rio de Contas e Vit\u00f3ria da Conquista registram problemas semelhantes. Nas redes sociais, moradores multiplicam den\u00fancias e cobram respostas urgentes da Neoenergia Coelba, concession\u00e1ria respons\u00e1vel pelo servi\u00e7o. Consumidores pedem que prefeituras, c\u00e2maras municipais e o Minist\u00e9rio P\u00fablico da Bahia acompanhem o caso de perto. As queixas destacam a falta de estabilidade do sistema el\u00e9trico e a aus\u00eancia de a\u00e7\u00f5es preventivas por parte da empresa. A instabilidade no fornecimento vem afetando neg\u00f3cios, fam\u00edlias e a seguran\u00e7a p\u00fablica em todo o sudoeste baiano. Para muitos, o que antes era um inc\u00f4modo pontual se transformou em um apag\u00e3o de paci\u00eancia.\" \/>\n<meta property=\"og:url\" content=\"https:\/\/sudoesteacontece.com.br\/?p=2249\" \/>\n<meta property=\"og:site_name\" content=\"Sudoesteacontece\" \/>\n<meta property=\"article:publisher\" content=\"https:\/\/www.facebook.com\/sudoesteacontece\/?locale=pt_BR\" \/>\n<meta property=\"article:published_time\" content=\"2025-11-10T18:53:58+00:00\" \/>\n<meta property=\"article:modified_time\" content=\"2025-11-10T18:54:01+00:00\" \/>\n<meta property=\"og:image\" content=\"https:\/\/sudoesteacontece.com.br\/wp-content\/uploads\/2025\/11\/Nao-aguentamos-mais-quedas-de-energia-viram-pesadelo-na-regiao-de-Livramento-sudoeste-acontece.jpeg\" \/>\n\t<meta property=\"og:image:width\" content=\"900\" \/>\n\t<meta property=\"og:image:height\" content=\"600\" \/>\n\t<meta property=\"og:image:type\" content=\"image\/jpeg\" \/>\n<meta name=\"author\" content=\"Washington Tiago\" \/>\n<meta name=\"twitter:card\" content=\"summary_large_image\" \/>\n<meta name=\"twitter:label1\" content=\"Escrito por\" \/>\n\t<meta name=\"twitter:data1\" content=\"Washington Tiago\" \/>\n\t<meta name=\"twitter:label2\" content=\"Est. tempo de leitura\" \/>\n\t<meta name=\"twitter:data2\" content=\"1 minuto\" \/>\n<script type=\"application\/ld+json\" class=\"yoast-schema-graph\">{\"@context\":\"https:\/\/schema.org\",\"@graph\":[{\"@type\":\"Article\",\"@id\":\"https:\/\/sudoesteacontece.com.br\/?p=2249#article\",\"isPartOf\":{\"@id\":\"https:\/\/sudoesteacontece.com.br\/?p=2249\"},\"author\":{\"name\":\"Washington Tiago\",\"@id\":\"https:\/\/sudoesteacontece.com.br\/#\/schema\/person\/3cf2cf009926a9683ebc29d5379fa79c\"},\"headline\":\"\u201cN\u00e3o aguentamos mais\u201d: quedas de energia viram pesadelo na regi\u00e3o de Livramento\",\"datePublished\":\"2025-11-10T18:53:58+00:00\",\"dateModified\":\"2025-11-10T18:54:01+00:00\",\"mainEntityOfPage\":{\"@id\":\"https:\/\/sudoesteacontece.com.br\/?p=2249\"},\"wordCount\":246,\"commentCount\":0,\"publisher\":{\"@id\":\"https:\/\/sudoesteacontece.com.br\/#organization\"},\"image\":{\"@id\":\"https:\/\/sudoesteacontece.com.br\/?p=2249#primaryimage\"},\"thumbnailUrl\":\"https:\/\/sudoesteacontece.com.br\/wp-content\/uploads\/2025\/11\/Nao-aguentamos-mais-quedas-de-energia-viram-pesadelo-na-regiao-de-Livramento-sudoeste-acontece.jpeg\",\"articleSection\":[\"Cidades\",\"Livramento\"],\"inLanguage\":\"pt-BR\",\"potentialAction\":[{\"@type\":\"CommentAction\",\"name\":\"Comment\",\"target\":[\"https:\/\/sudoesteacontece.com.br\/?p=2249#respond\"]}]},{\"@type\":\"WebPage\",\"@id\":\"https:\/\/sudoesteacontece.com.br\/?p=2249\",\"url\":\"https:\/\/sudoesteacontece.com.br\/?p=2249\",\"name\":\"\u201cN\u00e3o aguentamos mais\u201d: quedas de energia viram pesadelo na regi\u00e3o de Livramento - Sudoesteacontece\",\"isPartOf\":{\"@id\":\"https:\/\/sudoesteacontece.com.br\/#website\"},\"primaryImageOfPage\":{\"@id\":\"https:\/\/sudoesteacontece.com.br\/?p=2249#primaryimage\"},\"image\":{\"@id\":\"https:\/\/sudoesteacontece.com.br\/?p=2249#primaryimage\"},\"thumbnailUrl\":\"https:\/\/sudoesteacontece.com.br\/wp-content\/uploads\/2025\/11\/Nao-aguentamos-mais-quedas-de-energia-viram-pesadelo-na-regiao-de-Livramento-sudoeste-acontece.jpeg\",\"datePublished\":\"2025-11-10T18:53:58+00:00\",\"dateModified\":\"2025-11-10T18:54:01+00:00\",\"breadcrumb\":{\"@id\":\"https:\/\/sudoesteacontece.com.br\/?p=2249#breadcrumb\"},\"inLanguage\":\"pt-BR\",\"potentialAction\":[{\"@type\":\"ReadAction\",\"target\":[\"https:\/\/sudoesteacontece.com.br\/?p=2249\"]}]},{\"@type\":\"ImageObject\",\"inLanguage\":\"pt-BR\",\"@id\":\"https:\/\/sudoesteacontece.com.br\/?p=2249#primaryimage\",\"url\":\"https:\/\/sudoesteacontece.com.br\/wp-content\/uploads\/2025\/11\/Nao-aguentamos-mais-quedas-de-energia-viram-pesadelo-na-regiao-de-Livramento-sudoeste-acontece.jpeg\",\"contentUrl\":\"https:\/\/sudoesteacontece.com.br\/wp-content\/uploads\/2025\/11\/Nao-aguentamos-mais-quedas-de-energia-viram-pesadelo-na-regiao-de-Livramento-sudoeste-acontece.jpeg\",\"width\":900,\"height\":600,\"caption\":\"Foto Washington Tiago Sudoeste Acontece\"},{\"@type\":\"BreadcrumbList\",\"@id\":\"https:\/\/sudoesteacontece.com.br\/?p=2249#breadcrumb\",\"itemListElement\":[{\"@type\":\"ListItem\",\"position\":1,\"name\":\"In\u00edcio\",\"item\":\"https:\/\/sudoesteacontece.com.br\/\"},{\"@type\":\"ListItem\",\"position\":2,\"name\":\"\u201cN\u00e3o aguentamos mais\u201d: quedas de energia viram pesadelo na regi\u00e3o de Livramento\"}]},{\"@type\":\"WebSite\",\"@id\":\"https:\/\/sudoesteacontece.com.br\/#website\",\"url\":\"https:\/\/sudoesteacontece.com.br\/\",\"name\":\"Sudoesteacontece\",\"description\":\"\",\"publisher\":{\"@id\":\"https:\/\/sudoesteacontece.com.br\/#organization\"},\"potentialAction\":[{\"@type\":\"SearchAction\",\"target\":{\"@type\":\"EntryPoint\",\"urlTemplate\":\"https:\/\/sudoesteacontece.com.br\/?s={search_term_string}\"},\"query-input\":{\"@type\":\"PropertyValueSpecification\",\"valueRequired\":true,\"valueName\":\"search_term_string\"}}],\"inLanguage\":\"pt-BR\"},{\"@type\":\"Organization\",\"@id\":\"https:\/\/sudoesteacontece.com.br\/#organization\",\"name\":\"Sudoesteacontece\",\"url\":\"https:\/\/sudoesteacontece.com.br\/\",\"logo\":{\"@type\":\"ImageObject\",\"inLanguage\":\"pt-BR\",\"@id\":\"https:\/\/sudoesteacontece.com.br\/#\/schema\/logo\/image\/\",\"url\":\"https:\/\/sudoesteacontece.com.br\/wp-content\/uploads\/2025\/12\/cropped-logo-2-180x180-1.png\",\"contentUrl\":\"https:\/\/sudoesteacontece.com.br\/wp-content\/uploads\/2025\/12\/cropped-logo-2-180x180-1.png\",\"width\":180,\"height\":180,\"caption\":\"Sudoesteacontece\"},\"image\":{\"@id\":\"https:\/\/sudoesteacontece.com.br\/#\/schema\/logo\/image\/\"},\"sameAs\":[\"https:\/\/www.facebook.com\/sudoesteacontece\/?locale=pt_BR\"]},{\"@type\":\"Person\",\"@id\":\"https:\/\/sudoesteacontece.com.br\/#\/schema\/person\/3cf2cf009926a9683ebc29d5379fa79c\",\"name\":\"Washington Tiago\",\"image\":{\"@type\":\"ImageObject\",\"inLanguage\":\"pt-BR\",\"@id\":\"https:\/\/sudoesteacontece.com.br\/#\/schema\/person\/image\/\",\"url\":\"https:\/\/secure.gravatar.com\/avatar\/33c43b8668157e040f9d1fe93c354bf087cbd8ba36270c1163198bd3ddcf2a56?s=96&d=mm&r=g\",\"contentUrl\":\"https:\/\/secure.gravatar.com\/avatar\/33c43b8668157e040f9d1fe93c354bf087cbd8ba36270c1163198bd3ddcf2a56?s=96&d=mm&r=g\",\"caption\":\"Washington Tiago\"},\"url\":\"https:\/\/sudoesteacontece.com.br\/?author=2\"}]}<\/script>\n<!-- \/ Yoast SEO plugin. -->","yoast_head_json":{"title":"\u201cN\u00e3o aguentamos mais\u201d: quedas de energia viram pesadelo na regi\u00e3o de Livramento - Sudoesteacontece","robots":{"index":"index","follow":"follow","max-snippet":"max-snippet:-1","max-image-preview":"max-image-preview:large","max-video-preview":"max-video-preview:-1"},"canonical":"https:\/\/sudoesteacontece.com.br\/?p=2249","og_locale":"pt_BR","og_type":"article","og_title":"\u201cN\u00e3o aguentamos mais\u201d: quedas de energia viram pesadelo na regi\u00e3o de Livramento - Sudoesteacontece","og_description":"Moradores de Livramento de Nossa Senhora e de outras cidades do sudoeste baiano enfrentam constantes quedas de energia nas \u00faltimas semanas. As interrup\u00e7\u00f5es acontecem em v\u00e1rios momentos do dia e da noite, provocando danos, preju\u00edzos e indigna\u00e7\u00e3o. Relatos apontam oscila\u00e7\u00f5es bruscas de tens\u00e3o e desligamentos repentinos que duram minutos ou at\u00e9 horas. Comerciantes afirmam ter perdido produtos inteiros por falta de refrigera\u00e7\u00e3o. Em casa, moradores relatam aparelhos queimados e noites no escuro. Produtores rurais tamb\u00e9m sentem o impacto. As falhas no fornecimento prejudicam o funcionamento de bombas de irriga\u00e7\u00e3o e equipamentos el\u00e9tricos, comprometendo a produ\u00e7\u00e3o agr\u00edcola e aumentando custos. Cidades como Brumado, Dom Bas\u00edlio, Rio de Contas e Vit\u00f3ria da Conquista registram problemas semelhantes. Nas redes sociais, moradores multiplicam den\u00fancias e cobram respostas urgentes da Neoenergia Coelba, concession\u00e1ria respons\u00e1vel pelo servi\u00e7o. Consumidores pedem que prefeituras, c\u00e2maras municipais e o Minist\u00e9rio P\u00fablico da Bahia acompanhem o caso de perto. As queixas destacam a falta de estabilidade do sistema el\u00e9trico e a aus\u00eancia de a\u00e7\u00f5es preventivas por parte da empresa. A instabilidade no fornecimento vem afetando neg\u00f3cios, fam\u00edlias e a seguran\u00e7a p\u00fablica em todo o sudoeste baiano. Para muitos, o que antes era um inc\u00f4modo pontual se transformou em um apag\u00e3o de paci\u00eancia.","og_url":"https:\/\/sudoesteacontece.com.br\/?p=2249","og_site_name":"Sudoesteacontece","article_publisher":"https:\/\/www.facebook.com\/sudoesteacontece\/?locale=pt_BR","article_published_time":"2025-11-10T18:53:58+00:00","article_modified_time":"2025-11-10T18:54:01+00:00","og_image":[{"width":900,"height":600,"url":"https:\/\/sudoesteacontece.com.br\/wp-content\/uploads\/2025\/11\/Nao-aguentamos-mais-quedas-de-energia-viram-pesadelo-na-regiao-de-Livramento-sudoeste-acontece.jpeg","type":"image\/jpeg"}],"author":"Washington Tiago","twitter_card":"summary_large_image","twitter_misc":{"Escrito por":"Washington Tiago","Est. tempo de leitura":"1 minuto"},"schema":{"@context":"https:\/\/schema.org","@graph":[{"@type":"Article","@id":"https:\/\/sudoesteacontece.com.br\/?p=2249#article","isPartOf":{"@id":"https:\/\/sudoesteacontece.com.br\/?p=2249"},"author":{"name":"Washington Tiago","@id":"https:\/\/sudoesteacontece.com.br\/#\/schema\/person\/3cf2cf009926a9683ebc29d5379fa79c"},"headline":"\u201cN\u00e3o aguentamos mais\u201d: quedas de energia viram pesadelo na regi\u00e3o de Livramento","datePublished":"2025-11-10T18:53:58+00:00","dateModified":"2025-11-10T18:54:01+00:00","mainEntityOfPage":{"@id":"https:\/\/sudoesteacontece.com.br\/?p=2249"},"wordCount":246,"commentCount":0,"publisher":{"@id":"https:\/\/sudoesteacontece.com.br\/#organization"},"image":{"@id":"https:\/\/sudoesteacontece.com.br\/?p=2249#primaryimage"},"thumbnailUrl":"https:\/\/sudoesteacontece.com.br\/wp-content\/uploads\/2025\/11\/Nao-aguentamos-mais-quedas-de-energia-viram-pesadelo-na-regiao-de-Livramento-sudoeste-acontece.jpeg","articleSection":["Cidades","Livramento"],"inLanguage":"pt-BR","potentialAction":[{"@type":"CommentAction","name":"Comment","target":["https:\/\/sudoesteacontece.com.br\/?p=2249#respond"]}]},{"@type":"WebPage","@id":"https:\/\/sudoesteacontece.com.br\/?p=2249","url":"https:\/\/sudoesteacontece.com.br\/?p=2249","name":"\u201cN\u00e3o aguentamos mais\u201d: quedas de energia viram pesadelo na regi\u00e3o de Livramento - Sudoesteacontece","isPartOf":{"@id":"https:\/\/sudoesteacontece.com.br\/#website"},"primaryImageOfPage":{"@id":"https:\/\/sudoesteacontece.com.br\/?p=2249#primaryimage"},"image":{"@id":"https:\/\/sudoesteacontece.com.br\/?p=2249#primaryimage"},"thumbnailUrl":"https:\/\/sudoesteacontece.com.br\/wp-content\/uploads\/2025\/11\/Nao-aguentamos-mais-quedas-de-energia-viram-pesadelo-na-regiao-de-Livramento-sudoeste-acontece.jpeg","datePublished":"2025-11-10T18:53:58+00:00","dateModified":"2025-11-10T18:54:01+00:00","breadcrumb":{"@id":"https:\/\/sudoesteacontece.com.br\/?p=2249#breadcrumb"},"inLanguage":"pt-BR","potentialAction":[{"@type":"ReadAction","target":["https:\/\/sudoesteacontece.com.br\/?p=2249"]}]},{"@type":"ImageObject","inLanguage":"pt-BR","@id":"https:\/\/sudoesteacontece.com.br\/?p=2249#primaryimage","url":"https:\/\/sudoesteacontece.com.br\/wp-content\/uploads\/2025\/11\/Nao-aguentamos-mais-quedas-de-energia-viram-pesadelo-na-regiao-de-Livramento-sudoeste-acontece.jpeg","contentUrl":"https:\/\/sudoesteacontece.com.br\/wp-content\/uploads\/2025\/11\/Nao-aguentamos-mais-quedas-de-energia-viram-pesadelo-na-regiao-de-Livramento-sudoeste-acontece.jpeg","width":900,"height":600,"caption":"Foto Washington Tiago Sudoeste Acontece"},{"@type":"BreadcrumbList","@id":"https:\/\/sudoesteacontece.com.br\/?p=2249#breadcrumb","itemListElement":[{"@type":"ListItem","position":1,"name":"In\u00edcio","item":"https:\/\/sudoesteacontece.com.br\/"},{"@type":"ListItem","position":2,"name":"\u201cN\u00e3o aguentamos mais\u201d: quedas de energia viram pesadelo na regi\u00e3o de Livramento"}]},{"@type":"WebSite","@id":"https:\/\/sudoesteacontece.com.br\/#website","url":"https:\/\/sudoesteacontece.com.br\/","name":"Sudoesteacontece","description":"","publisher":{"@id":"https:\/\/sudoesteacontece.com.br\/#organization"},"potentialAction":[{"@type":"SearchAction","target":{"@type":"EntryPoint","urlTemplate":"https:\/\/sudoesteacontece.com.br\/?s={search_term_string}"},"query-input":{"@type":"PropertyValueSpecification","valueRequired":true,"valueName":"search_term_string"}}],"inLanguage":"pt-BR"},{"@type":"Organization","@id":"https:\/\/sudoesteacontece.com.br\/#organization","name":"Sudoesteacontece","url":"https:\/\/sudoesteacontece.com.br\/","logo":{"@type":"ImageObject","inLanguage":"pt-BR","@id":"https:\/\/sudoesteacontece.com.br\/#\/schema\/logo\/image\/","url":"https:\/\/sudoesteacontece.com.br\/wp-content\/uploads\/2025\/12\/cropped-logo-2-180x180-1.png","contentUrl":"https:\/\/sudoesteacontece.com.br\/wp-content\/uploads\/2025\/12\/cropped-logo-2-180x180-1.png","width":180,"height":180,"caption":"Sudoesteacontece"},"image":{"@id":"https:\/\/sudoesteacontece.com.br\/#\/schema\/logo\/image\/"},"sameAs":["https:\/\/www.facebook.com\/sudoesteacontece\/?locale=pt_BR"]},{"@type":"Person","@id":"https:\/\/sudoesteacontece.com.br\/#\/schema\/person\/3cf2cf009926a9683ebc29d5379fa79c","name":"Washington Tiago","image":{"@type":"ImageObject","inLanguage":"pt-BR","@id":"https:\/\/sudoesteacontece.com.br\/#\/schema\/person\/image\/","url":"https:\/\/secure.gravatar.com\/avatar\/33c43b8668157e040f9d1fe93c354bf087cbd8ba36270c1163198bd3ddcf2a56?s=96&d=mm&r=g","contentUrl":"https:\/\/secure.gravatar.com\/avatar\/33c43b8668157e040f9d1fe93c354bf087cbd8ba36270c1163198bd3ddcf2a56?s=96&d=mm&r=g","caption":"Washington Tiago"},"url":"https:\/\/sudoesteacontece.com.br\/?author=2"}]}},"_links":{"self":[{"href":"https:\/\/sudoesteacontece.com.br\/index.php?rest_route=\/wp\/v2\/posts\/2249","targetHints":{"allow":["GET"]}}],"collection":[{"href":"https:\/\/sudoesteacontece.com.br\/index.php?rest_route=\/wp\/v2\/posts"}],"about":[{"href":"https:\/\/sudoesteacontece.com.br\/index.php?rest_route=\/wp\/v2\/types\/post"}],"author":[{"embeddable":true,"href":"https:\/\/sudoesteacontece.com.br\/index.php?rest_route=\/wp\/v2\/users\/2"}],"replies":[{"embeddable":true,"href":"https:\/\/sudoesteacontece.com.br\/index.php?rest_route=%2Fwp%2Fv2%2Fcomments&post=2249"}],"version-history":[{"count":0,"href":"https:\/\/sudoesteacontece.com.br\/index.php?rest_route=\/wp\/v2\/posts\/2249\/revisions"}],"wp:featuredmedia":[{"embeddable":true,"href":"https:\/\/sudoesteacontece.com.br\/index.php?rest_route=\/wp\/v2\/media\/2271"}],"wp:attachment":[{"href":"https:\/\/sudoesteacontece.com.br\/index.php?rest_route=%2Fwp%2Fv2%2Fmedia&parent=2249"}],"wp:term":[{"taxonomy":"category","embeddable":true,"href":"https:\/\/sudoesteacontece.com.br\/index.php?rest_route=%2Fwp%2Fv2%2Fcategories&post=2249"},{"taxonomy":"post_tag","embeddable":true,"href":"https:\/\/sudoesteacontece.com.br\/index.php?rest_route=%2Fwp%2Fv2%2Ftags&post=2249"}],"curies":[{"name":"wp","href":"https:\/\/api.w.org\/{rel}","templated":true}]}}